{"id":35053,"date":"2025-01-08T09:05:11","date_gmt":"2025-01-08T08:05:11","guid":{"rendered":"https:\/\/www.m-q.ch\/?p=20940"},"modified":"2025-01-08T09:08:43","modified_gmt":"2025-01-08T08:08:43","slug":"product-lifecycle-management-wird-zum-lernenden-system","status":"publish","type":"post","link":"https:\/\/www.organisator.ch\/it\/operational-excellence\/2025-01-08\/product-lifecycle-management-wird-zum-lernenden-system\/","title":{"rendered":"La gestione del ciclo di vita del prodotto diventa un sistema di apprendimento"},"content":{"rendered":"<figure id=\"attachment_20941\" class=\"wp-caption alignnone\" style=\"width: 680px;\" aria-describedby=\"caption-attachment-20941\"><img class=\"size-full wp-image-20941\" src=\"https:\/\/www.m-q.ch\/wp-content\/uploads\/2025\/01\/Aras-Software_Bild1_ps.jpg\" sizes=\"(max-width: 680px) 100vw, 680px\" srcset=\"https:\/\/www.m-q.ch\/wp-content\/uploads\/2025\/01\/Aras-Software_Bild1_ps.jpg 680w, https:\/\/www.m-q.ch\/wp-content\/uploads\/2025\/01\/Aras-Software_Bild1_ps-18x10.jpg 18w, https:\/\/www.m-q.ch\/wp-content\/uploads\/2025\/01\/Aras-Software_Bild1_ps-375x211.jpg 375w, https:\/\/www.m-q.ch\/wp-content\/uploads\/2025\/01\/Aras-Software_Bild1_ps-621x350.jpg 621w\" alt=\"\" width=\"680\" height=\"383\" \/>\r\n<figcaption id=\"caption-attachment-20941\" class=\"wp-caption-text\">L'intelligenza artificiale sta cambiando la gestione del ciclo di vita del prodotto: il filo digitale sta diventando il fulcro dello sviluppo e della produzione dei prodotti moderni. (Immagine: www.aras.com)<\/figcaption>\r\n<\/figure>\r\n<p>\"PLM e AI formano una partnership simbiotica in cui entrambe le tecnologie si rafforzano a vicenda. Il PLM fornisce i dati e li collega tra loro. Questo lo rende, per cos\u00ec dire, la base per l'utilizzo dell'IA. Questa \u00e8 poi in grado di analizzare e interpretare i dati\", afferma Jens Rollenm\u00fcller, Vicepresidente regionale di Aras. Secondo l'esperto di digitalizzazione, il potenziale dell'IA nell'ambiente industriale pu\u00f2 essere sfruttato appieno solo mettendo in rete le aree pi\u00f9 diverse del ciclo di vita del prodotto.<\/p>\r\n<p>Come immagine digitale costantemente aggiornata del prodotto fisico, il \"filo digitale\" fornisce le informazioni necessarie per l'analisi e costituisce la base per le decisioni. Questo sviluppo influenza l'intero processo produttivo, dalla produzione e progettazione fino al riciclaggio. Rollenm\u00fcller: \"Con l'aiuto di tecnologie innovative di intelligenza artificiale, sta nascendo una nuova generazione di sistemi PLM adattivi, di autoapprendimento e proattivi che consentiranno alle aziende di agire in modo pi\u00f9 flessibile ed efficiente\".<\/p>\r\n<h3><strong>Il gemello digitale diventa un consulente attivo<\/strong><\/h3>\r\n<p>L'immissione continua di dati \u00e8 importante per l'apprendimento di un sistema PLM. Ci\u00f2 include l'analisi dei dati di produzione, il controllo dello stato dei fornitori, la valutazione del feedback dei clienti e persino i commenti sulle piattaforme dei social media possono fornire informazioni importanti. I risultati confluiscono nei processi di sviluppo o di produzione e in precise previsioni di vendita. Dalla somma dei dati analizzati, il software fornisce suggerimenti intelligenti per l'ottimizzazione e aiuta a immettere nuovi prodotti sul mercato in modo mirato.<\/p>\r\n<p>Il gemello digitale accompagna il prodotto reale per tutto il suo ciclo di vita. Raccoglie continuamente dati sia dalla produzione che dall'utilizzo da parte del cliente e trasmette le informazioni al PLM o all'AI per l'analisi. Le conoscenze acquisite vengono automaticamente incorporate nelle nuove generazioni di prodotti. Il risultato: sviluppo pi\u00f9 rapido, costi inferiori, qualit\u00e0 superiore e migliore personalizzazione.<\/p>\r\n<p>\"Con il Filo Digitale, l'intelligenza artificiale pu\u00f2 rilevare le esigenze dei clienti in tempo reale e personalizzare di conseguenza lo sviluppo dei prodotti. Questo rende possibile l'iper-personalizzazione. I prodotti si adattano alle esigenze individuali quasi in tempo reale\", afferma l'esperto di digitalizzazione Rollenm\u00fcller.<\/p>\r\n<h3><strong>L'intelligenza artificiale sa cosa fa funzionare l'azienda<\/strong><\/h3>\r\n<p>Un esempio dell'ampia gamma di applicazioni dei sistemi applicativi supportati dall'intelligenza artificiale \u00e8 il loro utilizzo presso lo specialista navale thyssenkrupp Marine Systems (TKMS). Qui, i processi interni vengono analizzati con il supporto del software allo scopo di creare un'immagine digitale dell'intera azienda. Kira Giesecke, responsabile della strategia della catena del valore di TKMS: \"Le possibilit\u00e0 che abbiamo ora con Aras Innovator ci permettono di mettere in rete le informazioni. Tra le altre cose, questo ci permette di insegnare all'IA cosa fa funzionare la nostra azienda\".<\/p>\r\n<p><em>Fonte: <a href=\"http:\/\/www.aras.com\/\">www.aras.com<\/a><\/em><\/p>\n<p class=\"syndicated-attribution\">Questo articolo \u00e8 apparso originariamente su m-q.ch - <a href=\"https:\/\/www.m-q.ch\/de\/product-lifecycle-management-wird-zum-lernenden-system\/\" target=\"_blank\">https:\/\/www.m-q.ch\/de\/product-lifecycle-management-wird-zum-lernenden-system\/<\/a><\/p>","protected":false},"excerpt":{"rendered":"<p>L'integrazione dell'intelligenza artificiale (AI) nella gestione del ciclo di vita del prodotto (PLM) segna una svolta: mentre prima i sistemi PLM erano utilizzati principalmente per il collegamento e la gestione dei dati strutturati, l'AI conferisce loro capacit\u00e0 proattive e collaborative. Il \"digital thread\", ovvero il filo digitale che attraversa tutti i processi, sta quindi diventando il fulcro dello sviluppo e della produzione dei prodotti moderni.<\/p>","protected":false},"author":80,"featured_media":0,"comment_status":"closed","ping_status":"closed","sticky":false,"template":"","format":"standard","meta":{"_acf_changed":false,"_yoast_wpseo_focuskw":"Product Lifecycle Management","_yoast_wpseo_metadesc":"KI ver\u00e4ndert das Product Lifecycle Management: Der Digital Thread wird zum Herzst\u00fcck moderner Produktentwicklung und Fertigung.","articlekey":"","footnotes":""},"categories":[582],"tags":[103,4989,319,3952,394,492],"class_list":["post-35053","post","type-post","status-publish","format-standard","hentry","category-operational-excellence","tag-business-excellence","tag-digital-thread","tag-kuenstliche-intelligenz","tag-product-lifecycle-management","tag-produktentwicklung","tag-unternehmen"],"acf":[],"yoast_head":"<!-- This site is optimized with the Yoast SEO plugin v27.5 - https:\/\/yoast.com\/product\/yoast-seo-wordpress\/ -->\n<title>Product Lifecycle Management wird zum lernenden System - Organisator<\/title>\n<meta name=\"description\" content=\"KI ver\u00e4ndert das Product Lifecycle Management: Der Digital Thread wird zum Herzst\u00fcck moderner Produktentwicklung und Fertigung.\" \/>\n<meta name=\"robots\" content=\"index, follow, max-snippet:-1, max-image-preview:large, max-video-preview:-1\" \/>\n<link rel=\"canonical\" href=\"https:\/\/www.organisator.ch\/it\/eccellenza-operativa\/2025-01-08\/product-lifecycle-management-wird-zum-lernenden-system\/\" \/>\n<meta property=\"og:locale\" content=\"it_IT\" \/>\n<meta property=\"og:type\" content=\"article\" \/>\n<meta property=\"og:title\" content=\"Product Lifecycle Management wird zum lernenden System - Organisator\" \/>\n<meta property=\"og:description\" content=\"KI ver\u00e4ndert das Product Lifecycle Management: Der Digital Thread wird zum Herzst\u00fcck moderner Produktentwicklung und Fertigung.\" \/>\n<meta property=\"og:url\" content=\"https:\/\/www.organisator.ch\/it\/eccellenza-operativa\/2025-01-08\/product-lifecycle-management-wird-zum-lernenden-system\/\" \/>\n<meta property=\"og:site_name\" content=\"Organisator\" \/>\n<meta property=\"article:publisher\" content=\"https:\/\/www.facebook.com\/OrganisatorFachmagazin\" \/>\n<meta property=\"article:published_time\" content=\"2025-01-08T08:05:11+00:00\" \/>\n<meta property=\"article:modified_time\" content=\"2025-01-08T08:08:43+00:00\" \/>\n<meta name=\"author\" content=\"Dzana Muminovic\" \/>\n<meta name=\"twitter:card\" content=\"summary_large_image\" \/>\n<script type=\"application\/ld+json\" class=\"yoast-schema-graph\">{\"@context\":\"https:\\\/\\\/schema.org\",\"@graph\":[{\"@type\":\"Article\",\"@id\":\"https:\\\/\\\/www.organisator.ch\\\/operational-excellence\\\/2025-01-08\\\/product-lifecycle-management-wird-zum-lernenden-system\\\/#article\",\"isPartOf\":{\"@id\":\"https:\\\/\\\/www.organisator.ch\\\/operational-excellence\\\/2025-01-08\\\/product-lifecycle-management-wird-zum-lernenden-system\\\/\"},\"author\":{\"name\":\"Dzana Muminovic\",\"@id\":\"https:\\\/\\\/www.organisator.ch\\\/#\\\/schema\\\/person\\\/afccda3a71c06d4be2ed9100dd163db7\"},\"headline\":\"Product Lifecycle Management wird zum lernenden System\",\"datePublished\":\"2025-01-08T08:05:11+00:00\",\"dateModified\":\"2025-01-08T08:08:43+00:00\",\"mainEntityOfPage\":{\"@id\":\"https:\\\/\\\/www.organisator.ch\\\/operational-excellence\\\/2025-01-08\\\/product-lifecycle-management-wird-zum-lernenden-system\\\/\"},\"wordCount\":450,\"publisher\":{\"@id\":\"https:\\\/\\\/www.organisator.ch\\\/#organization\"},\"image\":{\"@id\":\"https:\\\/\\\/www.organisator.ch\\\/operational-excellence\\\/2025-01-08\\\/product-lifecycle-management-wird-zum-lernenden-system\\\/#primaryimage\"},\"thumbnailUrl\":\"https:\\\/\\\/www.m-q.ch\\\/wp-content\\\/uploads\\\/2025\\\/01\\\/Aras-Software_Bild1_ps.jpg\",\"keywords\":[\"Business Excellence\",\"Digital Thread\",\"K\u00fcnstliche Intelligenz\",\"Product Lifecycle Management\",\"Produktentwicklung\",\"Unternehmen\"],\"articleSection\":[\"OPERATIONAL EXCELLENCE\"],\"inLanguage\":\"it-IT\"},{\"@type\":\"WebPage\",\"@id\":\"https:\\\/\\\/www.organisator.ch\\\/operational-excellence\\\/2025-01-08\\\/product-lifecycle-management-wird-zum-lernenden-system\\\/\",\"url\":\"https:\\\/\\\/www.organisator.ch\\\/operational-excellence\\\/2025-01-08\\\/product-lifecycle-management-wird-zum-lernenden-system\\\/\",\"name\":\"Product Lifecycle Management wird zum lernenden System - Organisator\",\"isPartOf\":{\"@id\":\"https:\\\/\\\/www.organisator.ch\\\/#website\"},\"primaryImageOfPage\":{\"@id\":\"https:\\\/\\\/www.organisator.ch\\\/operational-excellence\\\/2025-01-08\\\/product-lifecycle-management-wird-zum-lernenden-system\\\/#primaryimage\"},\"image\":{\"@id\":\"https:\\\/\\\/www.organisator.ch\\\/operational-excellence\\\/2025-01-08\\\/product-lifecycle-management-wird-zum-lernenden-system\\\/#primaryimage\"},\"thumbnailUrl\":\"https:\\\/\\\/www.m-q.ch\\\/wp-content\\\/uploads\\\/2025\\\/01\\\/Aras-Software_Bild1_ps.jpg\",\"datePublished\":\"2025-01-08T08:05:11+00:00\",\"dateModified\":\"2025-01-08T08:08:43+00:00\",\"description\":\"KI ver\u00e4ndert das Product Lifecycle Management: Der Digital Thread wird zum Herzst\u00fcck moderner Produktentwicklung und Fertigung.\",\"breadcrumb\":{\"@id\":\"https:\\\/\\\/www.organisator.ch\\\/operational-excellence\\\/2025-01-08\\\/product-lifecycle-management-wird-zum-lernenden-system\\\/#breadcrumb\"},\"inLanguage\":\"it-IT\",\"potentialAction\":[{\"@type\":\"ReadAction\",\"target\":[\"https:\\\/\\\/www.organisator.ch\\\/operational-excellence\\\/2025-01-08\\\/product-lifecycle-management-wird-zum-lernenden-system\\\/\"]}]},{\"@type\":\"ImageObject\",\"inLanguage\":\"it-IT\",\"@id\":\"https:\\\/\\\/www.organisator.ch\\\/operational-excellence\\\/2025-01-08\\\/product-lifecycle-management-wird-zum-lernenden-system\\\/#primaryimage\",\"url\":\"https:\\\/\\\/www.m-q.ch\\\/wp-content\\\/uploads\\\/2025\\\/01\\\/Aras-Software_Bild1_ps.jpg\",\"contentUrl\":\"https:\\\/\\\/www.m-q.ch\\\/wp-content\\\/uploads\\\/2025\\\/01\\\/Aras-Software_Bild1_ps.jpg\"},{\"@type\":\"BreadcrumbList\",\"@id\":\"https:\\\/\\\/www.organisator.ch\\\/operational-excellence\\\/2025-01-08\\\/product-lifecycle-management-wird-zum-lernenden-system\\\/#breadcrumb\",\"itemListElement\":[{\"@type\":\"ListItem\",\"position\":1,\"name\":\"Home\",\"item\":\"https:\\\/\\\/www.organisator.ch\\\/\"},{\"@type\":\"ListItem\",\"position\":2,\"name\":\"Product Lifecycle Management wird zum lernenden System\"}]},{\"@type\":\"WebSite\",\"@id\":\"https:\\\/\\\/www.organisator.ch\\\/#website\",\"url\":\"https:\\\/\\\/www.organisator.ch\\\/\",\"name\":\"Organisator\",\"description\":\"Kompetent. Praxisnah. Der ORGANISATOR bereitet in 10 Ausgaben pro Jahr die wesentlichen Themen f\u00fcr F\u00fchrungskr\u00e4fte von KMU auf.\",\"publisher\":{\"@id\":\"https:\\\/\\\/www.organisator.ch\\\/#organization\"},\"potentialAction\":[{\"@type\":\"SearchAction\",\"target\":{\"@type\":\"EntryPoint\",\"urlTemplate\":\"https:\\\/\\\/www.organisator.ch\\\/?s={search_term_string}\"},\"query-input\":{\"@type\":\"PropertyValueSpecification\",\"valueRequired\":true,\"valueName\":\"search_term_string\"}}],\"inLanguage\":\"it-IT\"},{\"@type\":\"Organization\",\"@id\":\"https:\\\/\\\/www.organisator.ch\\\/#organization\",\"name\":\"Organisator\",\"url\":\"https:\\\/\\\/www.organisator.ch\\\/\",\"logo\":{\"@type\":\"ImageObject\",\"inLanguage\":\"it-IT\",\"@id\":\"https:\\\/\\\/www.organisator.ch\\\/#\\\/schema\\\/logo\\\/image\\\/\",\"url\":\"https:\\\/\\\/www.organisator.ch\\\/wp-content\\\/uploads\\\/2022\\\/01\\\/Logo_Organisator_Website.png\",\"contentUrl\":\"https:\\\/\\\/www.organisator.ch\\\/wp-content\\\/uploads\\\/2022\\\/01\\\/Logo_Organisator_Website.png\",\"width\":800,\"height\":77,\"caption\":\"Organisator\"},\"image\":{\"@id\":\"https:\\\/\\\/www.organisator.ch\\\/#\\\/schema\\\/logo\\\/image\\\/\"},\"sameAs\":[\"https:\\\/\\\/www.facebook.com\\\/OrganisatorFachmagazin\",\"https:\\\/\\\/www.linkedin.com\\\/showcase\\\/organisator-das-magazin-fr-kmu\",\"https:\\\/\\\/www.xing.com\\\/news\\\/pages\\\/organisator-ch-695\",\"https:\\\/\\\/www.youtube.com\\\/channel\\\/UCGP2Sq0iWaZwT3BdIAQFYpw\"]},{\"@type\":\"Person\",\"@id\":\"https:\\\/\\\/www.organisator.ch\\\/#\\\/schema\\\/person\\\/afccda3a71c06d4be2ed9100dd163db7\",\"name\":\"Dzana Muminovic\",\"image\":{\"@type\":\"ImageObject\",\"inLanguage\":\"it-IT\",\"@id\":\"https:\\\/\\\/secure.gravatar.com\\\/avatar\\\/909c5c71aff4b38e88686f2ab2f1ba152571f394f41ed8bae431ea56ced93050?s=96&d=mm&r=g\",\"url\":\"https:\\\/\\\/secure.gravatar.com\\\/avatar\\\/909c5c71aff4b38e88686f2ab2f1ba152571f394f41ed8bae431ea56ced93050?s=96&d=mm&r=g\",\"contentUrl\":\"https:\\\/\\\/secure.gravatar.com\\\/avatar\\\/909c5c71aff4b38e88686f2ab2f1ba152571f394f41ed8bae431ea56ced93050?s=96&d=mm&r=g\",\"caption\":\"Dzana Muminovic\"},\"url\":\"https:\\\/\\\/www.organisator.ch\\\/it\\\/author\\\/dzana-muminovic\\\/\"}]}<\/script>\n<!-- \/ Yoast SEO plugin. -->","yoast_head_json":{"title":"La gestione del ciclo di vita del prodotto diventa un sistema di apprendimento - Organiser","description":"L'intelligenza artificiale sta cambiando la gestione del ciclo di vita del prodotto: il filo conduttore digitale sta diventando il fulcro dello sviluppo e della produzione dei prodotti moderni.","robots":{"index":"index","follow":"follow","max-snippet":"max-snippet:-1","max-image-preview":"max-image-preview:large","max-video-preview":"max-video-preview:-1"},"canonical":"https:\/\/www.organisator.ch\/it\/eccellenza-operativa\/2025-01-08\/product-lifecycle-management-wird-zum-lernenden-system\/","og_locale":"it_IT","og_type":"article","og_title":"Product Lifecycle Management wird zum lernenden System - Organisator","og_description":"KI ver\u00e4ndert das Product Lifecycle Management: Der Digital Thread wird zum Herzst\u00fcck moderner Produktentwicklung und Fertigung.","og_url":"https:\/\/www.organisator.ch\/it\/eccellenza-operativa\/2025-01-08\/product-lifecycle-management-wird-zum-lernenden-system\/","og_site_name":"Organisator","article_publisher":"https:\/\/www.facebook.com\/OrganisatorFachmagazin","article_published_time":"2025-01-08T08:05:11+00:00","article_modified_time":"2025-01-08T08:08:43+00:00","author":"Dzana Muminovic","twitter_card":"summary_large_image","schema":{"@context":"https:\/\/schema.org","@graph":[{"@type":"Article","@id":"https:\/\/www.organisator.ch\/operational-excellence\/2025-01-08\/product-lifecycle-management-wird-zum-lernenden-system\/#article","isPartOf":{"@id":"https:\/\/www.organisator.ch\/operational-excellence\/2025-01-08\/product-lifecycle-management-wird-zum-lernenden-system\/"},"author":{"name":"Dzana Muminovic","@id":"https:\/\/www.organisator.ch\/#\/schema\/person\/afccda3a71c06d4be2ed9100dd163db7"},"headline":"Product Lifecycle Management wird zum lernenden System","datePublished":"2025-01-08T08:05:11+00:00","dateModified":"2025-01-08T08:08:43+00:00","mainEntityOfPage":{"@id":"https:\/\/www.organisator.ch\/operational-excellence\/2025-01-08\/product-lifecycle-management-wird-zum-lernenden-system\/"},"wordCount":450,"publisher":{"@id":"https:\/\/www.organisator.ch\/#organization"},"image":{"@id":"https:\/\/www.organisator.ch\/operational-excellence\/2025-01-08\/product-lifecycle-management-wird-zum-lernenden-system\/#primaryimage"},"thumbnailUrl":"https:\/\/www.m-q.ch\/wp-content\/uploads\/2025\/01\/Aras-Software_Bild1_ps.jpg","keywords":["Business Excellence","Digital Thread","K\u00fcnstliche Intelligenz","Product Lifecycle Management","Produktentwicklung","Unternehmen"],"articleSection":["OPERATIONAL EXCELLENCE"],"inLanguage":"it-IT"},{"@type":"WebPage","@id":"https:\/\/www.organisator.ch\/operational-excellence\/2025-01-08\/product-lifecycle-management-wird-zum-lernenden-system\/","url":"https:\/\/www.organisator.ch\/operational-excellence\/2025-01-08\/product-lifecycle-management-wird-zum-lernenden-system\/","name":"La gestione del ciclo di vita del prodotto diventa un sistema di apprendimento - Organiser","isPartOf":{"@id":"https:\/\/www.organisator.ch\/#website"},"primaryImageOfPage":{"@id":"https:\/\/www.organisator.ch\/operational-excellence\/2025-01-08\/product-lifecycle-management-wird-zum-lernenden-system\/#primaryimage"},"image":{"@id":"https:\/\/www.organisator.ch\/operational-excellence\/2025-01-08\/product-lifecycle-management-wird-zum-lernenden-system\/#primaryimage"},"thumbnailUrl":"https:\/\/www.m-q.ch\/wp-content\/uploads\/2025\/01\/Aras-Software_Bild1_ps.jpg","datePublished":"2025-01-08T08:05:11+00:00","dateModified":"2025-01-08T08:08:43+00:00","description":"L'intelligenza artificiale sta cambiando la gestione del ciclo di vita del prodotto: il filo conduttore digitale sta diventando il fulcro dello sviluppo e della produzione dei prodotti moderni.","breadcrumb":{"@id":"https:\/\/www.organisator.ch\/operational-excellence\/2025-01-08\/product-lifecycle-management-wird-zum-lernenden-system\/#breadcrumb"},"inLanguage":"it-IT","potentialAction":[{"@type":"ReadAction","target":["https:\/\/www.organisator.ch\/operational-excellence\/2025-01-08\/product-lifecycle-management-wird-zum-lernenden-system\/"]}]},{"@type":"ImageObject","inLanguage":"it-IT","@id":"https:\/\/www.organisator.ch\/operational-excellence\/2025-01-08\/product-lifecycle-management-wird-zum-lernenden-system\/#primaryimage","url":"https:\/\/www.m-q.ch\/wp-content\/uploads\/2025\/01\/Aras-Software_Bild1_ps.jpg","contentUrl":"https:\/\/www.m-q.ch\/wp-content\/uploads\/2025\/01\/Aras-Software_Bild1_ps.jpg"},{"@type":"BreadcrumbList","@id":"https:\/\/www.organisator.ch\/operational-excellence\/2025-01-08\/product-lifecycle-management-wird-zum-lernenden-system\/#breadcrumb","itemListElement":[{"@type":"ListItem","position":1,"name":"Home","item":"https:\/\/www.organisator.ch\/"},{"@type":"ListItem","position":2,"name":"Product Lifecycle Management wird zum lernenden System"}]},{"@type":"WebSite","@id":"https:\/\/www.organisator.ch\/#website","url":"https:\/\/www.organisator.ch\/","name":"Organizzatore","description":"Competente. Pratico. In 10 numeri all'anno, ORGANISATOR presenta i temi essenziali per i manager delle PMI.","publisher":{"@id":"https:\/\/www.organisator.ch\/#organization"},"potentialAction":[{"@type":"SearchAction","target":{"@type":"EntryPoint","urlTemplate":"https:\/\/www.organisator.ch\/?s={search_term_string}"},"query-input":{"@type":"PropertyValueSpecification","valueRequired":true,"valueName":"search_term_string"}}],"inLanguage":"it-IT"},{"@type":"Organization","@id":"https:\/\/www.organisator.ch\/#organization","name":"Organizzatore","url":"https:\/\/www.organisator.ch\/","logo":{"@type":"ImageObject","inLanguage":"it-IT","@id":"https:\/\/www.organisator.ch\/#\/schema\/logo\/image\/","url":"https:\/\/www.organisator.ch\/wp-content\/uploads\/2022\/01\/Logo_Organisator_Website.png","contentUrl":"https:\/\/www.organisator.ch\/wp-content\/uploads\/2022\/01\/Logo_Organisator_Website.png","width":800,"height":77,"caption":"Organisator"},"image":{"@id":"https:\/\/www.organisator.ch\/#\/schema\/logo\/image\/"},"sameAs":["https:\/\/www.facebook.com\/OrganisatorFachmagazin","https:\/\/www.linkedin.com\/showcase\/organisator-das-magazin-fr-kmu","https:\/\/www.xing.com\/news\/pages\/organisator-ch-695","https:\/\/www.youtube.com\/channel\/UCGP2Sq0iWaZwT3BdIAQFYpw"]},{"@type":"Person","@id":"https:\/\/www.organisator.ch\/#\/schema\/person\/afccda3a71c06d4be2ed9100dd163db7","name":"Dzana Muminovic","image":{"@type":"ImageObject","inLanguage":"it-IT","@id":"https:\/\/secure.gravatar.com\/avatar\/909c5c71aff4b38e88686f2ab2f1ba152571f394f41ed8bae431ea56ced93050?s=96&d=mm&r=g","url":"https:\/\/secure.gravatar.com\/avatar\/909c5c71aff4b38e88686f2ab2f1ba152571f394f41ed8bae431ea56ced93050?s=96&d=mm&r=g","contentUrl":"https:\/\/secure.gravatar.com\/avatar\/909c5c71aff4b38e88686f2ab2f1ba152571f394f41ed8bae431ea56ced93050?s=96&d=mm&r=g","caption":"Dzana Muminovic"},"url":"https:\/\/www.organisator.ch\/it\/author\/dzana-muminovic\/"}]}},"_links":{"self":[{"href":"https:\/\/www.organisator.ch\/it\/wp-json\/wp\/v2\/posts\/35053","targetHints":{"allow":["GET"]}}],"collection":[{"href":"https:\/\/www.organisator.ch\/it\/wp-json\/wp\/v2\/posts"}],"about":[{"href":"https:\/\/www.organisator.ch\/it\/wp-json\/wp\/v2\/types\/post"}],"author":[{"embeddable":true,"href":"https:\/\/www.organisator.ch\/it\/wp-json\/wp\/v2\/users\/80"}],"replies":[{"embeddable":true,"href":"https:\/\/www.organisator.ch\/it\/wp-json\/wp\/v2\/comments?post=35053"}],"version-history":[{"count":5,"href":"https:\/\/www.organisator.ch\/it\/wp-json\/wp\/v2\/posts\/35053\/revisions"}],"predecessor-version":[{"id":35060,"href":"https:\/\/www.organisator.ch\/it\/wp-json\/wp\/v2\/posts\/35053\/revisions\/35060"}],"wp:attachment":[{"href":"https:\/\/www.organisator.ch\/it\/wp-json\/wp\/v2\/media?parent=35053"}],"wp:term":[{"taxonomy":"category","embeddable":true,"href":"https:\/\/www.organisator.ch\/it\/wp-json\/wp\/v2\/categories?post=35053"},{"taxonomy":"post_tag","embeddable":true,"href":"https:\/\/www.organisator.ch\/it\/wp-json\/wp\/v2\/tags?post=35053"}],"curies":[{"name":"wp","href":"https:\/\/api.w.org\/{rel}","templated":true}]}}