{"id":35070,"date":"2025-01-09T07:45:56","date_gmt":"2025-01-09T06:45:56","guid":{"rendered":"https:\/\/www.markt-kom.com\/?p=228656"},"modified":"2025-01-09T07:24:09","modified_gmt":"2025-01-09T06:24:09","slug":"fachwerk-advertising-wird-kommunikationspartnerin-von-pharmadavos","status":"publish","type":"post","link":"https:\/\/www.organisator.ch\/it\/marketing\/2025-01-09\/fachwerk-advertising-wird-kommunikationspartnerin-von-pharmadavos\/","title":{"rendered":"Fachwerk Advertising diventa partner di comunicazione di PharmaDavos"},"content":{"rendered":"<p><a href=\"https:\/\/www.markt-kom.com\/wp-content\/uploads\/2025\/01\/Pharmadavos-Fachwerk.jpg\"><img class=\"aligncenter size-full wp-image-228657\" src=\"https:\/\/www.markt-kom.com\/wp-content\/uploads\/2025\/01\/Pharmadavos-Fachwerk.jpg\" sizes=\"(max-width: 1200px) 100vw, 1200px\" srcset=\"https:\/\/www.markt-kom.com\/wp-content\/uploads\/2025\/01\/Pharmadavos-Fachwerk.jpg 1200w, https:\/\/www.markt-kom.com\/wp-content\/uploads\/2025\/01\/Pharmadavos-Fachwerk-600x425.jpg 600w, https:\/\/www.markt-kom.com\/wp-content\/uploads\/2025\/01\/Pharmadavos-Fachwerk-1024x725.jpg 1024w, https:\/\/www.markt-kom.com\/wp-content\/uploads\/2025\/01\/Pharmadavos-Fachwerk-768x544.jpg 768w, https:\/\/www.markt-kom.com\/wp-content\/uploads\/2025\/01\/Pharmadavos-Fachwerk-18x12.jpg 18w, https:\/\/www.markt-kom.com\/wp-content\/uploads\/2025\/01\/Pharmadavos-Fachwerk-247x175.jpg 247w, https:\/\/www.markt-kom.com\/wp-content\/uploads\/2025\/01\/Pharmadavos-Fachwerk-494x350.jpg 494w, https:\/\/www.markt-kom.com\/wp-content\/uploads\/2025\/01\/Pharmadavos-Fachwerk-1000x708.jpg 1000w\" alt=\"\" width=\"1200\" height=\"850\" \/><\/a><\/p>\r\n<p>Fachwerk Advertising di Sursee sar\u00e0 il partner ufficiale per la comunicazione di PharmaDavos a partire dal 2025. L'agenzia, specializzata in marketing farmaceutico e sanitario, sottolinea cos\u00ec la sua esperienza nello sviluppo di soluzioni di comunicazione innovative e conformi al settore sanitario.<\/p>\r\n<p>Negli ultimi anni, Fachwerk Advertising ha impressionato con campagne intelligenti per le case farmaceutiche e il social recruiting per le farmacie. \"Dove le regole pongono dei limiti, noi liberiamo la nostra creativit\u00e0. Con passione e spirito di innovazione, sviluppiamo soluzioni che non solo soddisfano i requisiti pi\u00f9 severi, ma suscitano anche emozioni e lasciano un'impressione duratura\", afferma il CEO Nektarios Thanasis. \"La collaborazione con PharmaDavos \u00e8 una grande opportunit\u00e0 per ampliare ulteriormente le nostre competenze e rafforzare la comunicazione nel settore sanitario\".<\/p>\r\n<p>La partnership con PharmaDavos consentir\u00e0 a Fachwerk Advertising di fornire alle farmacie e ai produttori farmaceutici un supporto ancora pi\u00f9 mirato e di aumentare la loro visibilit\u00e0 nel settore. \"Attendiamo con ansia la collaborazione e l'impulso creativo dell'agenzia e siamo convinti che la loro competenza ed esperienza daranno un contributo prezioso alla nostra strategia di comunicazione\", afferma Natascha Rohrer del comitato organizzatore di PharmaDavos.<\/p>\r\n<p>Nei prossimi mesi, Fachwerk Advertising sosterr\u00e0 PharmaDavos nelle attivit\u00e0 previste per ottimizzare la comunicazione e rispondere meglio alle esigenze delle farmacie e dei produttori farmaceutici.<\/p>","protected":false},"excerpt":{"rendered":"<p>Fachwerk Advertising sta espandendo ulteriormente la sua esperienza nel campo del marketing farmaceutico e sanitario e sar\u00e0 il partner ufficiale della comunicazione del congresso PharmaDavos a partire dal 2025.<\/p>","protected":false},"author":8,"featured_media":0,"comment_status":"closed","ping_status":"closed","sticky":false,"template":"","format":"standard","meta":{"_acf_changed":false,"_yoast_wpseo_focuskw":"Fachwerk Advertising","_yoast_wpseo_metadesc":"Fachwerk Advertising wird ab 2025 Kommunikationspartnerin von PharmaDavos und st\u00e4rkt ihre Position im Pharma- und Healthcare Marketing.","articlekey":"","footnotes":""},"categories":[29],"tags":[4990,4343,2799],"class_list":["post-35070","post","type-post","status-publish","format-standard","hentry","category-marketing","tag-fachwerk","tag-markom","tag-messen-und-events"],"acf":[],"yoast_head":"<!-- This site is optimized with the Yoast SEO plugin v27.5 - https:\/\/yoast.com\/product\/yoast-seo-wordpress\/ -->\n<title>Fachwerk Advertising wird Kommunikationspartnerin von PharmaDavos - Organisator<\/title>\n<meta name=\"description\" content=\"Fachwerk Advertising wird ab 2025 Kommunikationspartnerin von PharmaDavos und st\u00e4rkt ihre Position im Pharma- und Healthcare Marketing.\" \/>\n<meta name=\"robots\" content=\"index, follow, max-snippet:-1, max-image-preview:large, max-video-preview:-1\" \/>\n<link rel=\"canonical\" href=\"https:\/\/www.organisator.ch\/it\/marketing\/2025-01-09\/fachwerk-advertising-wird-kommunikationspartnerin-von-pharmadavos\/\" \/>\n<meta property=\"og:locale\" content=\"it_IT\" \/>\n<meta property=\"og:type\" content=\"article\" \/>\n<meta property=\"og:title\" content=\"Fachwerk Advertising wird Kommunikationspartnerin von PharmaDavos - Organisator\" \/>\n<meta property=\"og:description\" content=\"Fachwerk Advertising wird ab 2025 Kommunikationspartnerin von PharmaDavos und st\u00e4rkt ihre Position im Pharma- und Healthcare Marketing.\" \/>\n<meta property=\"og:url\" content=\"https:\/\/www.organisator.ch\/it\/marketing\/2025-01-09\/fachwerk-advertising-wird-kommunikationspartnerin-von-pharmadavos\/\" \/>\n<meta property=\"og:site_name\" content=\"Organisator\" \/>\n<meta property=\"article:publisher\" content=\"https:\/\/www.facebook.com\/OrganisatorFachmagazin\" \/>\n<meta property=\"article:published_time\" content=\"2025-01-09T06:45:56+00:00\" \/>\n<meta name=\"author\" content=\"galledia\" \/>\n<meta name=\"twitter:card\" content=\"summary_large_image\" \/>\n<meta name=\"twitter:creator\" content=\"@admin\" \/>\n<script type=\"application\/ld+json\" class=\"yoast-schema-graph\">{\"@context\":\"https:\\\/\\\/schema.org\",\"@graph\":[{\"@type\":\"Article\",\"@id\":\"https:\\\/\\\/www.organisator.ch\\\/marketing\\\/2025-01-09\\\/fachwerk-advertising-wird-kommunikationspartnerin-von-pharmadavos\\\/#article\",\"isPartOf\":{\"@id\":\"https:\\\/\\\/www.organisator.ch\\\/marketing\\\/2025-01-09\\\/fachwerk-advertising-wird-kommunikationspartnerin-von-pharmadavos\\\/\"},\"author\":{\"name\":\"galledia\",\"@id\":\"https:\\\/\\\/www.organisator.ch\\\/#\\\/schema\\\/person\\\/4e51799071cd2dd1232ac003643ef5f0\"},\"headline\":\"Fachwerk Advertising wird Kommunikationspartnerin von PharmaDavos\",\"datePublished\":\"2025-01-09T06:45:56+00:00\",\"mainEntityOfPage\":{\"@id\":\"https:\\\/\\\/www.organisator.ch\\\/marketing\\\/2025-01-09\\\/fachwerk-advertising-wird-kommunikationspartnerin-von-pharmadavos\\\/\"},\"wordCount\":207,\"publisher\":{\"@id\":\"https:\\\/\\\/www.organisator.ch\\\/#organization\"},\"image\":{\"@id\":\"https:\\\/\\\/www.organisator.ch\\\/marketing\\\/2025-01-09\\\/fachwerk-advertising-wird-kommunikationspartnerin-von-pharmadavos\\\/#primaryimage\"},\"thumbnailUrl\":\"https:\\\/\\\/www.markt-kom.com\\\/wp-content\\\/uploads\\\/2025\\\/01\\\/Pharmadavos-Fachwerk.jpg\",\"keywords\":[\"Fachwerk\",\"MarKom\",\"Messen und Events\"],\"articleSection\":[\"MARKETING\"],\"inLanguage\":\"it-IT\"},{\"@type\":\"WebPage\",\"@id\":\"https:\\\/\\\/www.organisator.ch\\\/marketing\\\/2025-01-09\\\/fachwerk-advertising-wird-kommunikationspartnerin-von-pharmadavos\\\/\",\"url\":\"https:\\\/\\\/www.organisator.ch\\\/marketing\\\/2025-01-09\\\/fachwerk-advertising-wird-kommunikationspartnerin-von-pharmadavos\\\/\",\"name\":\"Fachwerk Advertising wird Kommunikationspartnerin von PharmaDavos - Organisator\",\"isPartOf\":{\"@id\":\"https:\\\/\\\/www.organisator.ch\\\/#website\"},\"primaryImageOfPage\":{\"@id\":\"https:\\\/\\\/www.organisator.ch\\\/marketing\\\/2025-01-09\\\/fachwerk-advertising-wird-kommunikationspartnerin-von-pharmadavos\\\/#primaryimage\"},\"image\":{\"@id\":\"https:\\\/\\\/www.organisator.ch\\\/marketing\\\/2025-01-09\\\/fachwerk-advertising-wird-kommunikationspartnerin-von-pharmadavos\\\/#primaryimage\"},\"thumbnailUrl\":\"https:\\\/\\\/www.markt-kom.com\\\/wp-content\\\/uploads\\\/2025\\\/01\\\/Pharmadavos-Fachwerk.jpg\",\"datePublished\":\"2025-01-09T06:45:56+00:00\",\"description\":\"Fachwerk Advertising wird ab 2025 Kommunikationspartnerin von PharmaDavos und st\u00e4rkt ihre Position im Pharma- und Healthcare Marketing.\",\"breadcrumb\":{\"@id\":\"https:\\\/\\\/www.organisator.ch\\\/marketing\\\/2025-01-09\\\/fachwerk-advertising-wird-kommunikationspartnerin-von-pharmadavos\\\/#breadcrumb\"},\"inLanguage\":\"it-IT\",\"potentialAction\":[{\"@type\":\"ReadAction\",\"target\":[\"https:\\\/\\\/www.organisator.ch\\\/marketing\\\/2025-01-09\\\/fachwerk-advertising-wird-kommunikationspartnerin-von-pharmadavos\\\/\"]}]},{\"@type\":\"ImageObject\",\"inLanguage\":\"it-IT\",\"@id\":\"https:\\\/\\\/www.organisator.ch\\\/marketing\\\/2025-01-09\\\/fachwerk-advertising-wird-kommunikationspartnerin-von-pharmadavos\\\/#primaryimage\",\"url\":\"https:\\\/\\\/www.markt-kom.com\\\/wp-content\\\/uploads\\\/2025\\\/01\\\/Pharmadavos-Fachwerk.jpg\",\"contentUrl\":\"https:\\\/\\\/www.markt-kom.com\\\/wp-content\\\/uploads\\\/2025\\\/01\\\/Pharmadavos-Fachwerk.jpg\"},{\"@type\":\"BreadcrumbList\",\"@id\":\"https:\\\/\\\/www.organisator.ch\\\/marketing\\\/2025-01-09\\\/fachwerk-advertising-wird-kommunikationspartnerin-von-pharmadavos\\\/#breadcrumb\",\"itemListElement\":[{\"@type\":\"ListItem\",\"position\":1,\"name\":\"Home\",\"item\":\"https:\\\/\\\/www.organisator.ch\\\/\"},{\"@type\":\"ListItem\",\"position\":2,\"name\":\"Fachwerk Advertising wird Kommunikationspartnerin von PharmaDavos\"}]},{\"@type\":\"WebSite\",\"@id\":\"https:\\\/\\\/www.organisator.ch\\\/#website\",\"url\":\"https:\\\/\\\/www.organisator.ch\\\/\",\"name\":\"Organisator\",\"description\":\"Kompetent. Praxisnah. Der ORGANISATOR bereitet in 10 Ausgaben pro Jahr die wesentlichen Themen f\u00fcr F\u00fchrungskr\u00e4fte von KMU auf.\",\"publisher\":{\"@id\":\"https:\\\/\\\/www.organisator.ch\\\/#organization\"},\"potentialAction\":[{\"@type\":\"SearchAction\",\"target\":{\"@type\":\"EntryPoint\",\"urlTemplate\":\"https:\\\/\\\/www.organisator.ch\\\/?s={search_term_string}\"},\"query-input\":{\"@type\":\"PropertyValueSpecification\",\"valueRequired\":true,\"valueName\":\"search_term_string\"}}],\"inLanguage\":\"it-IT\"},{\"@type\":\"Organization\",\"@id\":\"https:\\\/\\\/www.organisator.ch\\\/#organization\",\"name\":\"Organisator\",\"url\":\"https:\\\/\\\/www.organisator.ch\\\/\",\"logo\":{\"@type\":\"ImageObject\",\"inLanguage\":\"it-IT\",\"@id\":\"https:\\\/\\\/www.organisator.ch\\\/#\\\/schema\\\/logo\\\/image\\\/\",\"url\":\"https:\\\/\\\/www.organisator.ch\\\/wp-content\\\/uploads\\\/2022\\\/01\\\/Logo_Organisator_Website.png\",\"contentUrl\":\"https:\\\/\\\/www.organisator.ch\\\/wp-content\\\/uploads\\\/2022\\\/01\\\/Logo_Organisator_Website.png\",\"width\":800,\"height\":77,\"caption\":\"Organisator\"},\"image\":{\"@id\":\"https:\\\/\\\/www.organisator.ch\\\/#\\\/schema\\\/logo\\\/image\\\/\"},\"sameAs\":[\"https:\\\/\\\/www.facebook.com\\\/OrganisatorFachmagazin\",\"https:\\\/\\\/www.linkedin.com\\\/showcase\\\/organisator-das-magazin-fr-kmu\",\"https:\\\/\\\/www.xing.com\\\/news\\\/pages\\\/organisator-ch-695\",\"https:\\\/\\\/www.youtube.com\\\/channel\\\/UCGP2Sq0iWaZwT3BdIAQFYpw\"]},{\"@type\":\"Person\",\"@id\":\"https:\\\/\\\/www.organisator.ch\\\/#\\\/schema\\\/person\\\/4e51799071cd2dd1232ac003643ef5f0\",\"name\":\"galledia\",\"image\":{\"@type\":\"ImageObject\",\"inLanguage\":\"it-IT\",\"@id\":\"https:\\\/\\\/secure.gravatar.com\\\/avatar\\\/78a7f90c01fc2bfc875782a0d4922b37cde2cf184ce347b91316d23cd7f69a36?s=96&d=mm&r=g\",\"url\":\"https:\\\/\\\/secure.gravatar.com\\\/avatar\\\/78a7f90c01fc2bfc875782a0d4922b37cde2cf184ce347b91316d23cd7f69a36?s=96&d=mm&r=g\",\"contentUrl\":\"https:\\\/\\\/secure.gravatar.com\\\/avatar\\\/78a7f90c01fc2bfc875782a0d4922b37cde2cf184ce347b91316d23cd7f69a36?s=96&d=mm&r=g\",\"caption\":\"galledia\"},\"sameAs\":[\"https:\\\/\\\/x.com\\\/admin\"],\"url\":\"https:\\\/\\\/www.organisator.ch\\\/it\\\/author\\\/galledia\\\/\"}]}<\/script>\n<!-- \/ Yoast SEO plugin. -->","yoast_head_json":{"title":"Fachwerk Advertising diventa partner di comunicazione di PharmaDavos - Organizzatore","description":"Fachwerk Advertising sar\u00e0 il partner di comunicazione di PharmaDavos dal 2025, rafforzando la sua posizione nel marketing farmaceutico e sanitario.","robots":{"index":"index","follow":"follow","max-snippet":"max-snippet:-1","max-image-preview":"max-image-preview:large","max-video-preview":"max-video-preview:-1"},"canonical":"https:\/\/www.organisator.ch\/it\/marketing\/2025-01-09\/fachwerk-advertising-wird-kommunikationspartnerin-von-pharmadavos\/","og_locale":"it_IT","og_type":"article","og_title":"Fachwerk Advertising wird Kommunikationspartnerin von PharmaDavos - Organisator","og_description":"Fachwerk Advertising wird ab 2025 Kommunikationspartnerin von PharmaDavos und st\u00e4rkt ihre Position im Pharma- und Healthcare Marketing.","og_url":"https:\/\/www.organisator.ch\/it\/marketing\/2025-01-09\/fachwerk-advertising-wird-kommunikationspartnerin-von-pharmadavos\/","og_site_name":"Organisator","article_publisher":"https:\/\/www.facebook.com\/OrganisatorFachmagazin","article_published_time":"2025-01-09T06:45:56+00:00","author":"galledia","twitter_card":"summary_large_image","twitter_creator":"@admin","schema":{"@context":"https:\/\/schema.org","@graph":[{"@type":"Article","@id":"https:\/\/www.organisator.ch\/marketing\/2025-01-09\/fachwerk-advertising-wird-kommunikationspartnerin-von-pharmadavos\/#article","isPartOf":{"@id":"https:\/\/www.organisator.ch\/marketing\/2025-01-09\/fachwerk-advertising-wird-kommunikationspartnerin-von-pharmadavos\/"},"author":{"name":"galledia","@id":"https:\/\/www.organisator.ch\/#\/schema\/person\/4e51799071cd2dd1232ac003643ef5f0"},"headline":"Fachwerk Advertising wird Kommunikationspartnerin von PharmaDavos","datePublished":"2025-01-09T06:45:56+00:00","mainEntityOfPage":{"@id":"https:\/\/www.organisator.ch\/marketing\/2025-01-09\/fachwerk-advertising-wird-kommunikationspartnerin-von-pharmadavos\/"},"wordCount":207,"publisher":{"@id":"https:\/\/www.organisator.ch\/#organization"},"image":{"@id":"https:\/\/www.organisator.ch\/marketing\/2025-01-09\/fachwerk-advertising-wird-kommunikationspartnerin-von-pharmadavos\/#primaryimage"},"thumbnailUrl":"https:\/\/www.markt-kom.com\/wp-content\/uploads\/2025\/01\/Pharmadavos-Fachwerk.jpg","keywords":["Fachwerk","MarKom","Messen und Events"],"articleSection":["MARKETING"],"inLanguage":"it-IT"},{"@type":"WebPage","@id":"https:\/\/www.organisator.ch\/marketing\/2025-01-09\/fachwerk-advertising-wird-kommunikationspartnerin-von-pharmadavos\/","url":"https:\/\/www.organisator.ch\/marketing\/2025-01-09\/fachwerk-advertising-wird-kommunikationspartnerin-von-pharmadavos\/","name":"Fachwerk Advertising diventa partner di comunicazione di PharmaDavos - Organizzatore","isPartOf":{"@id":"https:\/\/www.organisator.ch\/#website"},"primaryImageOfPage":{"@id":"https:\/\/www.organisator.ch\/marketing\/2025-01-09\/fachwerk-advertising-wird-kommunikationspartnerin-von-pharmadavos\/#primaryimage"},"image":{"@id":"https:\/\/www.organisator.ch\/marketing\/2025-01-09\/fachwerk-advertising-wird-kommunikationspartnerin-von-pharmadavos\/#primaryimage"},"thumbnailUrl":"https:\/\/www.markt-kom.com\/wp-content\/uploads\/2025\/01\/Pharmadavos-Fachwerk.jpg","datePublished":"2025-01-09T06:45:56+00:00","description":"Fachwerk Advertising sar\u00e0 il partner di comunicazione di PharmaDavos dal 2025, rafforzando la sua posizione nel marketing farmaceutico e sanitario.","breadcrumb":{"@id":"https:\/\/www.organisator.ch\/marketing\/2025-01-09\/fachwerk-advertising-wird-kommunikationspartnerin-von-pharmadavos\/#breadcrumb"},"inLanguage":"it-IT","potentialAction":[{"@type":"ReadAction","target":["https:\/\/www.organisator.ch\/marketing\/2025-01-09\/fachwerk-advertising-wird-kommunikationspartnerin-von-pharmadavos\/"]}]},{"@type":"ImageObject","inLanguage":"it-IT","@id":"https:\/\/www.organisator.ch\/marketing\/2025-01-09\/fachwerk-advertising-wird-kommunikationspartnerin-von-pharmadavos\/#primaryimage","url":"https:\/\/www.markt-kom.com\/wp-content\/uploads\/2025\/01\/Pharmadavos-Fachwerk.jpg","contentUrl":"https:\/\/www.markt-kom.com\/wp-content\/uploads\/2025\/01\/Pharmadavos-Fachwerk.jpg"},{"@type":"BreadcrumbList","@id":"https:\/\/www.organisator.ch\/marketing\/2025-01-09\/fachwerk-advertising-wird-kommunikationspartnerin-von-pharmadavos\/#breadcrumb","itemListElement":[{"@type":"ListItem","position":1,"name":"Home","item":"https:\/\/www.organisator.ch\/"},{"@type":"ListItem","position":2,"name":"Fachwerk Advertising wird Kommunikationspartnerin von PharmaDavos"}]},{"@type":"WebSite","@id":"https:\/\/www.organisator.ch\/#website","url":"https:\/\/www.organisator.ch\/","name":"Organizzatore","description":"Competente. Pratico. In 10 numeri all'anno, ORGANISATOR presenta i temi essenziali per i manager delle PMI.","publisher":{"@id":"https:\/\/www.organisator.ch\/#organization"},"potentialAction":[{"@type":"SearchAction","target":{"@type":"EntryPoint","urlTemplate":"https:\/\/www.organisator.ch\/?s={search_term_string}"},"query-input":{"@type":"PropertyValueSpecification","valueRequired":true,"valueName":"search_term_string"}}],"inLanguage":"it-IT"},{"@type":"Organization","@id":"https:\/\/www.organisator.ch\/#organization","name":"Organizzatore","url":"https:\/\/www.organisator.ch\/","logo":{"@type":"ImageObject","inLanguage":"it-IT","@id":"https:\/\/www.organisator.ch\/#\/schema\/logo\/image\/","url":"https:\/\/www.organisator.ch\/wp-content\/uploads\/2022\/01\/Logo_Organisator_Website.png","contentUrl":"https:\/\/www.organisator.ch\/wp-content\/uploads\/2022\/01\/Logo_Organisator_Website.png","width":800,"height":77,"caption":"Organisator"},"image":{"@id":"https:\/\/www.organisator.ch\/#\/schema\/logo\/image\/"},"sameAs":["https:\/\/www.facebook.com\/OrganisatorFachmagazin","https:\/\/www.linkedin.com\/showcase\/organisator-das-magazin-fr-kmu","https:\/\/www.xing.com\/news\/pages\/organisator-ch-695","https:\/\/www.youtube.com\/channel\/UCGP2Sq0iWaZwT3BdIAQFYpw"]},{"@type":"Person","@id":"https:\/\/www.organisator.ch\/#\/schema\/person\/4e51799071cd2dd1232ac003643ef5f0","name":"galledia","image":{"@type":"ImageObject","inLanguage":"it-IT","@id":"https:\/\/secure.gravatar.com\/avatar\/78a7f90c01fc2bfc875782a0d4922b37cde2cf184ce347b91316d23cd7f69a36?s=96&d=mm&r=g","url":"https:\/\/secure.gravatar.com\/avatar\/78a7f90c01fc2bfc875782a0d4922b37cde2cf184ce347b91316d23cd7f69a36?s=96&d=mm&r=g","contentUrl":"https:\/\/secure.gravatar.com\/avatar\/78a7f90c01fc2bfc875782a0d4922b37cde2cf184ce347b91316d23cd7f69a36?s=96&d=mm&r=g","caption":"galledia"},"sameAs":["https:\/\/x.com\/admin"],"url":"https:\/\/www.organisator.ch\/it\/author\/galledia\/"}]}},"_links":{"self":[{"href":"https:\/\/www.organisator.ch\/it\/wp-json\/wp\/v2\/posts\/35070","targetHints":{"allow":["GET"]}}],"collection":[{"href":"https:\/\/www.organisator.ch\/it\/wp-json\/wp\/v2\/posts"}],"about":[{"href":"https:\/\/www.organisator.ch\/it\/wp-json\/wp\/v2\/types\/post"}],"author":[{"embeddable":true,"href":"https:\/\/www.organisator.ch\/it\/wp-json\/wp\/v2\/users\/8"}],"replies":[{"embeddable":true,"href":"https:\/\/www.organisator.ch\/it\/wp-json\/wp\/v2\/comments?post=35070"}],"version-history":[{"count":4,"href":"https:\/\/www.organisator.ch\/it\/wp-json\/wp\/v2\/posts\/35070\/revisions"}],"predecessor-version":[{"id":35083,"href":"https:\/\/www.organisator.ch\/it\/wp-json\/wp\/v2\/posts\/35070\/revisions\/35083"}],"wp:attachment":[{"href":"https:\/\/www.organisator.ch\/it\/wp-json\/wp\/v2\/media?parent=35070"}],"wp:term":[{"taxonomy":"category","embeddable":true,"href":"https:\/\/www.organisator.ch\/it\/wp-json\/wp\/v2\/categories?post=35070"},{"taxonomy":"post_tag","embeddable":true,"href":"https:\/\/www.organisator.ch\/it\/wp-json\/wp\/v2\/tags?post=35070"}],"curies":[{"name":"wp","href":"https:\/\/api.w.org\/{rel}","templated":true}]}}