{"id":35110,"date":"2025-01-09T14:51:20","date_gmt":"2025-01-09T13:51:20","guid":{"rendered":"https:\/\/www.organisator.ch\/?p=35110"},"modified":"2025-11-28T14:35:21","modified_gmt":"2025-11-28T13:35:21","slug":"adrian-steiner-wird-neuer-svc-schirmherr-in-der-zentralschweiz","status":"publish","type":"post","link":"https:\/\/www.organisator.ch\/it\/management\/2025-01-09\/adrian-steiner-wird-neuer-svc-schirmherr-in-der-zentralschweiz\/","title":{"rendered":"Adrian Steiner diventa il nuovo patrono dell'USC nella Svizzera centrale"},"content":{"rendered":"<figure id=\"attachment_35111\" aria-describedby=\"caption-attachment-35111\" style=\"width: 680px\" class=\"wp-caption alignnone\"><img loading=\"lazy\" decoding=\"async\" class=\"wp-image-35111 size-full\" src=\"https:\/\/www.organisator.ch\/wp-content\/uploads\/2025\/01\/SVC_Bild1_ps-e1736430508759.jpg\" alt=\"\" width=\"680\" height=\"536\" srcset=\"https:\/\/www.organisator.ch\/wp-content\/uploads\/2025\/01\/SVC_Bild1_ps-e1736430508759.jpg 680w, https:\/\/www.organisator.ch\/wp-content\/uploads\/2025\/01\/SVC_Bild1_ps-e1736430508759-15x12.jpg 15w, https:\/\/www.organisator.ch\/wp-content\/uploads\/2025\/01\/SVC_Bild1_ps-e1736430508759-375x296.jpg 375w, https:\/\/www.organisator.ch\/wp-content\/uploads\/2025\/01\/SVC_Bild1_ps-e1736430508759-444x350.jpg 444w\" sizes=\"auto, (max-width: 680px) 100vw, 680px\" \/><figcaption id=\"caption-attachment-35111\" class=\"wp-caption-text\">Adrian Steiner, CEO di Thermoplan AG, \u00e8 il nuovo patron del Prix SVC Zentralschweiz e succede a Franz Steinegger. (Immagine: www.svc.swisss)<\/figcaption><\/figure>\n<p>\"Mi riempie di gioia e di orgoglio essere il patrocinatore del Prix SVC Svizzera Centrale. Nel 2016 ho potuto ritirare personalmente questo prestigioso premio con Thermoplan - una pietra miliare che ha riconosciuto il nostro lavoro e il nostro impegno per l'economia della Svizzera centrale. Da allora sono strettamente legato all'USC.<\/p>\n<p>La promozione e l'apprezzamento dei risultati imprenditoriali sono di grande importanza per la Svizzera centrale come piazza economica. Sono quindi molto lieto di contribuire alla realizzazione del Prix SVC in futuro\", spiega il nuovo patron dell'USC Adrian Steiner. In questo ruolo, egli succede all'ex presidente del PLR Franz Steinegger e diventer\u00e0 anche membro del Patronato onorario dell'USC.<\/p>\n<p>Adrian Steiner \u00e8 entrato a far parte della Thermoplan AG nel 1998, quando l'azienda familiare di Weggis contava appena 21 dipendenti, e ha poi ricoperto diverse posizioni all'interno dell'azienda. Dal 2009 Adrian Steiner \u00e8 CEO, comproprietario e membro del consiglio di amministrazione. Thermoplan AG produce macchine da caff\u00e8 automatiche di alta qualit\u00e0 per uso professionale, esportate in oltre 80 paesi in tutto il mondo. Oggi l'azienda impiega oltre 500 dipendenti, di cui 25 nel settore ricerca e sviluppo, ed \u00e8 quindi uno dei principali motori dell'innovazione nella regione. Nel 2016 ha vinto il <a href=\"https:\/\/www.organisator.ch\/de\/allgemein\/2016-06-08\/thermoplan-ag-gewinnt-den-prix-svc-zentralschweiz-2016\/\">Thermoplan AG riceve il prestigioso Prix SVC Zentralschweiz<\/a>.<\/p>\n<p><em>Fonte: <a href=\"http:\/\/www.svc.swisss\">www.svc.swisss<\/a><\/em><\/p>","protected":false},"excerpt":{"rendered":"<p>La Regione SVC Svizzera Centrale ha un nuovo patrono in vista della prossima cerimonia di premiazione del Prix SVC il 22 maggio 2025. Il CEO di Thermoplan Adrian Steiner succede a Franz Steinegger, che ha ricoperto questa carica onoraria dal 2015 al 2024.<\/p>","protected":false},"author":80,"featured_media":35111,"comment_status":"closed","ping_status":"closed","sticky":false,"template":"","format":"standard","meta":{"_acf_changed":false,"_yoast_wpseo_focuskw":"Adrian Steiner","_yoast_wpseo_metadesc":"Adrian Steiner, CEO der Thermoplan AG, ist neuer Schirmherr des Prix SVC Zentralschweiz und folgt auf Franz Steinegger.","articlekey":"","footnotes":""},"categories":[28],"tags":[4994,4458,4301,2576,2856],"class_list":["post-35110","post","type-post","status-publish","format-standard","has-post-thumbnail","hentry","category-management","tag-schirmherr","tag-svc","tag-wechsel","tag-wirtschaft","tag-zentralschweiz"],"acf":[],"yoast_head":"<!-- This site is optimized with the Yoast SEO plugin v27.4 - https:\/\/yoast.com\/product\/yoast-seo-wordpress\/ -->\n<title>Adrian Steiner wird neuer SVC Schirmherr in der Zentralschweiz - Organisator<\/title>\n<meta name=\"description\" content=\"Adrian Steiner, CEO der Thermoplan AG, ist neuer Schirmherr des Prix SVC Zentralschweiz und folgt auf Franz Steinegger.\" \/>\n<meta name=\"robots\" content=\"index, follow, max-snippet:-1, max-image-preview:large, max-video-preview:-1\" \/>\n<link rel=\"canonical\" href=\"https:\/\/www.organisator.ch\/it\/gestione-2\/2025-01-09\/adrian-steiner-wird-neuer-svc-schirmherr-in-der-zentralschweiz\/\" \/>\n<meta property=\"og:locale\" content=\"it_IT\" \/>\n<meta property=\"og:type\" content=\"article\" \/>\n<meta property=\"og:title\" content=\"Adrian Steiner wird neuer SVC Schirmherr in der Zentralschweiz\" \/>\n<meta property=\"og:description\" content=\"Adrian Steiner, CEO der Thermoplan AG, ist neuer Schirmherr des Prix SVC Zentralschweiz und folgt auf Franz Steinegger.\" \/>\n<meta property=\"og:url\" content=\"https:\/\/www.organisator.ch\/it\/gestione-2\/2025-01-09\/adrian-steiner-wird-neuer-svc-schirmherr-in-der-zentralschweiz\/\" \/>\n<meta property=\"og:site_name\" content=\"Organisator\" \/>\n<meta property=\"article:publisher\" content=\"https:\/\/www.facebook.com\/OrganisatorFachmagazin\" \/>\n<meta property=\"article:published_time\" content=\"2025-01-09T13:51:20+00:00\" \/>\n<meta property=\"article:modified_time\" content=\"2025-11-28T13:35:21+00:00\" \/>\n<meta property=\"og:image\" content=\"https:\/\/www.organisator.ch\/wp-content\/uploads\/2025\/01\/SVC_Bild1_ps-e1736430508759.jpg\" \/>\n\t<meta property=\"og:image:width\" content=\"680\" \/>\n\t<meta property=\"og:image:height\" content=\"536\" \/>\n\t<meta property=\"og:image:type\" content=\"image\/jpeg\" \/>\n<meta name=\"author\" content=\"Dzana Muminovic\" \/>\n<meta name=\"twitter:card\" content=\"summary_large_image\" \/>\n<meta name=\"twitter:title\" content=\"Adrian Steiner wird neuer SVC Schirmherr in der Zentralschweiz\" \/>\n<meta name=\"twitter:description\" content=\"#Adrian #Steiner, #CEO der #Thermoplan AG, ist neuer #Schirmherr des #Prix #SVC #Zentralschweiz und folgt auf Franz Steinegger.\" \/>\n<meta name=\"twitter:image\" content=\"https:\/\/www.organisator.ch\/wp-content\/uploads\/2025\/01\/SVC_Bild1_ps-e1736430508759.jpg\" \/>\n<script type=\"application\/ld+json\" class=\"yoast-schema-graph\">{\"@context\":\"https:\\\/\\\/schema.org\",\"@graph\":[{\"@type\":\"Article\",\"@id\":\"https:\\\/\\\/www.organisator.ch\\\/management\\\/2025-01-09\\\/adrian-steiner-wird-neuer-svc-schirmherr-in-der-zentralschweiz\\\/#article\",\"isPartOf\":{\"@id\":\"https:\\\/\\\/www.organisator.ch\\\/management\\\/2025-01-09\\\/adrian-steiner-wird-neuer-svc-schirmherr-in-der-zentralschweiz\\\/\"},\"author\":{\"name\":\"Dzana Muminovic\",\"@id\":\"https:\\\/\\\/www.organisator.ch\\\/#\\\/schema\\\/person\\\/afccda3a71c06d4be2ed9100dd163db7\"},\"headline\":\"Adrian Steiner wird neuer SVC Schirmherr in der Zentralschweiz\",\"datePublished\":\"2025-01-09T13:51:20+00:00\",\"dateModified\":\"2025-11-28T13:35:21+00:00\",\"mainEntityOfPage\":{\"@id\":\"https:\\\/\\\/www.organisator.ch\\\/management\\\/2025-01-09\\\/adrian-steiner-wird-neuer-svc-schirmherr-in-der-zentralschweiz\\\/\"},\"wordCount\":240,\"publisher\":{\"@id\":\"https:\\\/\\\/www.organisator.ch\\\/#organization\"},\"image\":{\"@id\":\"https:\\\/\\\/www.organisator.ch\\\/management\\\/2025-01-09\\\/adrian-steiner-wird-neuer-svc-schirmherr-in-der-zentralschweiz\\\/#primaryimage\"},\"thumbnailUrl\":\"https:\\\/\\\/www.organisator.ch\\\/wp-content\\\/uploads\\\/2025\\\/01\\\/SVC_Bild1_ps-e1736430508759.jpg\",\"keywords\":[\"Schirmherr\",\"SVC\",\"Wechsel\",\"Wirtschaft\",\"Zentralschweiz\"],\"articleSection\":[\"MANAGEMENT\"],\"inLanguage\":\"it-IT\"},{\"@type\":\"WebPage\",\"@id\":\"https:\\\/\\\/www.organisator.ch\\\/management\\\/2025-01-09\\\/adrian-steiner-wird-neuer-svc-schirmherr-in-der-zentralschweiz\\\/\",\"url\":\"https:\\\/\\\/www.organisator.ch\\\/management\\\/2025-01-09\\\/adrian-steiner-wird-neuer-svc-schirmherr-in-der-zentralschweiz\\\/\",\"name\":\"Adrian Steiner wird neuer SVC Schirmherr in der Zentralschweiz - Organisator\",\"isPartOf\":{\"@id\":\"https:\\\/\\\/www.organisator.ch\\\/#website\"},\"primaryImageOfPage\":{\"@id\":\"https:\\\/\\\/www.organisator.ch\\\/management\\\/2025-01-09\\\/adrian-steiner-wird-neuer-svc-schirmherr-in-der-zentralschweiz\\\/#primaryimage\"},\"image\":{\"@id\":\"https:\\\/\\\/www.organisator.ch\\\/management\\\/2025-01-09\\\/adrian-steiner-wird-neuer-svc-schirmherr-in-der-zentralschweiz\\\/#primaryimage\"},\"thumbnailUrl\":\"https:\\\/\\\/www.organisator.ch\\\/wp-content\\\/uploads\\\/2025\\\/01\\\/SVC_Bild1_ps-e1736430508759.jpg\",\"datePublished\":\"2025-01-09T13:51:20+00:00\",\"dateModified\":\"2025-11-28T13:35:21+00:00\",\"description\":\"Adrian Steiner, CEO der Thermoplan AG, ist neuer Schirmherr des Prix SVC Zentralschweiz und folgt auf Franz Steinegger.\",\"breadcrumb\":{\"@id\":\"https:\\\/\\\/www.organisator.ch\\\/management\\\/2025-01-09\\\/adrian-steiner-wird-neuer-svc-schirmherr-in-der-zentralschweiz\\\/#breadcrumb\"},\"inLanguage\":\"it-IT\",\"potentialAction\":[{\"@type\":\"ReadAction\",\"target\":[\"https:\\\/\\\/www.organisator.ch\\\/management\\\/2025-01-09\\\/adrian-steiner-wird-neuer-svc-schirmherr-in-der-zentralschweiz\\\/\"]}]},{\"@type\":\"ImageObject\",\"inLanguage\":\"it-IT\",\"@id\":\"https:\\\/\\\/www.organisator.ch\\\/management\\\/2025-01-09\\\/adrian-steiner-wird-neuer-svc-schirmherr-in-der-zentralschweiz\\\/#primaryimage\",\"url\":\"https:\\\/\\\/www.organisator.ch\\\/wp-content\\\/uploads\\\/2025\\\/01\\\/SVC_Bild1_ps-e1736430508759.jpg\",\"contentUrl\":\"https:\\\/\\\/www.organisator.ch\\\/wp-content\\\/uploads\\\/2025\\\/01\\\/SVC_Bild1_ps-e1736430508759.jpg\",\"width\":680,\"height\":536,\"caption\":\"Adrian Steiner, CEO der Thermoplan AG, ist neuer Schirmherr des Prix SVC Zentralschweiz und folgt auf Franz Steinegger. (Bild: www.svc.swisss)\"},{\"@type\":\"BreadcrumbList\",\"@id\":\"https:\\\/\\\/www.organisator.ch\\\/management\\\/2025-01-09\\\/adrian-steiner-wird-neuer-svc-schirmherr-in-der-zentralschweiz\\\/#breadcrumb\",\"itemListElement\":[{\"@type\":\"ListItem\",\"position\":1,\"name\":\"Home\",\"item\":\"https:\\\/\\\/www.organisator.ch\\\/\"},{\"@type\":\"ListItem\",\"position\":2,\"name\":\"Adrian Steiner wird neuer SVC Schirmherr in der Zentralschweiz\"}]},{\"@type\":\"WebSite\",\"@id\":\"https:\\\/\\\/www.organisator.ch\\\/#website\",\"url\":\"https:\\\/\\\/www.organisator.ch\\\/\",\"name\":\"Organisator\",\"description\":\"Kompetent. Praxisnah. Der ORGANISATOR bereitet in 10 Ausgaben pro Jahr die wesentlichen Themen f\u00fcr F\u00fchrungskr\u00e4fte von KMU auf.\",\"publisher\":{\"@id\":\"https:\\\/\\\/www.organisator.ch\\\/#organization\"},\"potentialAction\":[{\"@type\":\"SearchAction\",\"target\":{\"@type\":\"EntryPoint\",\"urlTemplate\":\"https:\\\/\\\/www.organisator.ch\\\/?s={search_term_string}\"},\"query-input\":{\"@type\":\"PropertyValueSpecification\",\"valueRequired\":true,\"valueName\":\"search_term_string\"}}],\"inLanguage\":\"it-IT\"},{\"@type\":\"Organization\",\"@id\":\"https:\\\/\\\/www.organisator.ch\\\/#organization\",\"name\":\"Organisator\",\"url\":\"https:\\\/\\\/www.organisator.ch\\\/\",\"logo\":{\"@type\":\"ImageObject\",\"inLanguage\":\"it-IT\",\"@id\":\"https:\\\/\\\/www.organisator.ch\\\/#\\\/schema\\\/logo\\\/image\\\/\",\"url\":\"https:\\\/\\\/www.organisator.ch\\\/wp-content\\\/uploads\\\/2022\\\/01\\\/Logo_Organisator_Website.png\",\"contentUrl\":\"https:\\\/\\\/www.organisator.ch\\\/wp-content\\\/uploads\\\/2022\\\/01\\\/Logo_Organisator_Website.png\",\"width\":800,\"height\":77,\"caption\":\"Organisator\"},\"image\":{\"@id\":\"https:\\\/\\\/www.organisator.ch\\\/#\\\/schema\\\/logo\\\/image\\\/\"},\"sameAs\":[\"https:\\\/\\\/www.facebook.com\\\/OrganisatorFachmagazin\",\"https:\\\/\\\/www.linkedin.com\\\/showcase\\\/organisator-das-magazin-fr-kmu\",\"https:\\\/\\\/www.xing.com\\\/news\\\/pages\\\/organisator-ch-695\",\"https:\\\/\\\/www.youtube.com\\\/channel\\\/UCGP2Sq0iWaZwT3BdIAQFYpw\"]},{\"@type\":\"Person\",\"@id\":\"https:\\\/\\\/www.organisator.ch\\\/#\\\/schema\\\/person\\\/afccda3a71c06d4be2ed9100dd163db7\",\"name\":\"Dzana Muminovic\",\"image\":{\"@type\":\"ImageObject\",\"inLanguage\":\"it-IT\",\"@id\":\"https:\\\/\\\/secure.gravatar.com\\\/avatar\\\/909c5c71aff4b38e88686f2ab2f1ba152571f394f41ed8bae431ea56ced93050?s=96&d=mm&r=g\",\"url\":\"https:\\\/\\\/secure.gravatar.com\\\/avatar\\\/909c5c71aff4b38e88686f2ab2f1ba152571f394f41ed8bae431ea56ced93050?s=96&d=mm&r=g\",\"contentUrl\":\"https:\\\/\\\/secure.gravatar.com\\\/avatar\\\/909c5c71aff4b38e88686f2ab2f1ba152571f394f41ed8bae431ea56ced93050?s=96&d=mm&r=g\",\"caption\":\"Dzana Muminovic\"},\"url\":\"https:\\\/\\\/www.organisator.ch\\\/it\\\/author\\\/dzana-muminovic\\\/\"}]}<\/script>\n<!-- \/ Yoast SEO plugin. -->","yoast_head_json":{"title":"Adrian Steiner diventa nuovo patrono dell'USC nella Svizzera centrale - Organizzatore","description":"Adrian Steiner, CEO di Thermoplan AG, \u00e8 il nuovo patrocinatore del Prix SVC Zentralschweiz e succede a Franz Steinegger.","robots":{"index":"index","follow":"follow","max-snippet":"max-snippet:-1","max-image-preview":"max-image-preview:large","max-video-preview":"max-video-preview:-1"},"canonical":"https:\/\/www.organisator.ch\/it\/gestione-2\/2025-01-09\/adrian-steiner-wird-neuer-svc-schirmherr-in-der-zentralschweiz\/","og_locale":"it_IT","og_type":"article","og_title":"Adrian Steiner wird neuer SVC Schirmherr in der Zentralschweiz","og_description":"Adrian Steiner, CEO der Thermoplan AG, ist neuer Schirmherr des Prix SVC Zentralschweiz und folgt auf Franz Steinegger.","og_url":"https:\/\/www.organisator.ch\/it\/gestione-2\/2025-01-09\/adrian-steiner-wird-neuer-svc-schirmherr-in-der-zentralschweiz\/","og_site_name":"Organisator","article_publisher":"https:\/\/www.facebook.com\/OrganisatorFachmagazin","article_published_time":"2025-01-09T13:51:20+00:00","article_modified_time":"2025-11-28T13:35:21+00:00","og_image":[{"width":680,"height":536,"url":"https:\/\/www.organisator.ch\/wp-content\/uploads\/2025\/01\/SVC_Bild1_ps-e1736430508759.jpg","type":"image\/jpeg"}],"author":"Dzana Muminovic","twitter_card":"summary_large_image","twitter_title":"Adrian Steiner wird neuer SVC Schirmherr in der Zentralschweiz","twitter_description":"#Adrian #Steiner, #CEO der #Thermoplan AG, ist neuer #Schirmherr des #Prix #SVC #Zentralschweiz und folgt auf Franz Steinegger.","twitter_image":"https:\/\/www.organisator.ch\/wp-content\/uploads\/2025\/01\/SVC_Bild1_ps-e1736430508759.jpg","schema":{"@context":"https:\/\/schema.org","@graph":[{"@type":"Article","@id":"https:\/\/www.organisator.ch\/management\/2025-01-09\/adrian-steiner-wird-neuer-svc-schirmherr-in-der-zentralschweiz\/#article","isPartOf":{"@id":"https:\/\/www.organisator.ch\/management\/2025-01-09\/adrian-steiner-wird-neuer-svc-schirmherr-in-der-zentralschweiz\/"},"author":{"name":"Dzana Muminovic","@id":"https:\/\/www.organisator.ch\/#\/schema\/person\/afccda3a71c06d4be2ed9100dd163db7"},"headline":"Adrian Steiner wird neuer SVC Schirmherr in der Zentralschweiz","datePublished":"2025-01-09T13:51:20+00:00","dateModified":"2025-11-28T13:35:21+00:00","mainEntityOfPage":{"@id":"https:\/\/www.organisator.ch\/management\/2025-01-09\/adrian-steiner-wird-neuer-svc-schirmherr-in-der-zentralschweiz\/"},"wordCount":240,"publisher":{"@id":"https:\/\/www.organisator.ch\/#organization"},"image":{"@id":"https:\/\/www.organisator.ch\/management\/2025-01-09\/adrian-steiner-wird-neuer-svc-schirmherr-in-der-zentralschweiz\/#primaryimage"},"thumbnailUrl":"https:\/\/www.organisator.ch\/wp-content\/uploads\/2025\/01\/SVC_Bild1_ps-e1736430508759.jpg","keywords":["Schirmherr","SVC","Wechsel","Wirtschaft","Zentralschweiz"],"articleSection":["MANAGEMENT"],"inLanguage":"it-IT"},{"@type":"WebPage","@id":"https:\/\/www.organisator.ch\/management\/2025-01-09\/adrian-steiner-wird-neuer-svc-schirmherr-in-der-zentralschweiz\/","url":"https:\/\/www.organisator.ch\/management\/2025-01-09\/adrian-steiner-wird-neuer-svc-schirmherr-in-der-zentralschweiz\/","name":"Adrian Steiner diventa nuovo patrono dell'USC nella Svizzera centrale - Organizzatore","isPartOf":{"@id":"https:\/\/www.organisator.ch\/#website"},"primaryImageOfPage":{"@id":"https:\/\/www.organisator.ch\/management\/2025-01-09\/adrian-steiner-wird-neuer-svc-schirmherr-in-der-zentralschweiz\/#primaryimage"},"image":{"@id":"https:\/\/www.organisator.ch\/management\/2025-01-09\/adrian-steiner-wird-neuer-svc-schirmherr-in-der-zentralschweiz\/#primaryimage"},"thumbnailUrl":"https:\/\/www.organisator.ch\/wp-content\/uploads\/2025\/01\/SVC_Bild1_ps-e1736430508759.jpg","datePublished":"2025-01-09T13:51:20+00:00","dateModified":"2025-11-28T13:35:21+00:00","description":"Adrian Steiner, CEO di Thermoplan AG, \u00e8 il nuovo patrocinatore del Prix SVC Zentralschweiz e succede a Franz Steinegger.","breadcrumb":{"@id":"https:\/\/www.organisator.ch\/management\/2025-01-09\/adrian-steiner-wird-neuer-svc-schirmherr-in-der-zentralschweiz\/#breadcrumb"},"inLanguage":"it-IT","potentialAction":[{"@type":"ReadAction","target":["https:\/\/www.organisator.ch\/management\/2025-01-09\/adrian-steiner-wird-neuer-svc-schirmherr-in-der-zentralschweiz\/"]}]},{"@type":"ImageObject","inLanguage":"it-IT","@id":"https:\/\/www.organisator.ch\/management\/2025-01-09\/adrian-steiner-wird-neuer-svc-schirmherr-in-der-zentralschweiz\/#primaryimage","url":"https:\/\/www.organisator.ch\/wp-content\/uploads\/2025\/01\/SVC_Bild1_ps-e1736430508759.jpg","contentUrl":"https:\/\/www.organisator.ch\/wp-content\/uploads\/2025\/01\/SVC_Bild1_ps-e1736430508759.jpg","width":680,"height":536,"caption":"Adrian Steiner, CEO der Thermoplan AG, ist neuer Schirmherr des Prix SVC Zentralschweiz und folgt auf Franz Steinegger. (Bild: www.svc.swisss)"},{"@type":"BreadcrumbList","@id":"https:\/\/www.organisator.ch\/management\/2025-01-09\/adrian-steiner-wird-neuer-svc-schirmherr-in-der-zentralschweiz\/#breadcrumb","itemListElement":[{"@type":"ListItem","position":1,"name":"Home","item":"https:\/\/www.organisator.ch\/"},{"@type":"ListItem","position":2,"name":"Adrian Steiner wird neuer SVC Schirmherr in der Zentralschweiz"}]},{"@type":"WebSite","@id":"https:\/\/www.organisator.ch\/#website","url":"https:\/\/www.organisator.ch\/","name":"Organizzatore","description":"Competente. Pratico. In 10 numeri all'anno, ORGANISATOR presenta i temi essenziali per i manager delle PMI.","publisher":{"@id":"https:\/\/www.organisator.ch\/#organization"},"potentialAction":[{"@type":"SearchAction","target":{"@type":"EntryPoint","urlTemplate":"https:\/\/www.organisator.ch\/?s={search_term_string}"},"query-input":{"@type":"PropertyValueSpecification","valueRequired":true,"valueName":"search_term_string"}}],"inLanguage":"it-IT"},{"@type":"Organization","@id":"https:\/\/www.organisator.ch\/#organization","name":"Organizzatore","url":"https:\/\/www.organisator.ch\/","logo":{"@type":"ImageObject","inLanguage":"it-IT","@id":"https:\/\/www.organisator.ch\/#\/schema\/logo\/image\/","url":"https:\/\/www.organisator.ch\/wp-content\/uploads\/2022\/01\/Logo_Organisator_Website.png","contentUrl":"https:\/\/www.organisator.ch\/wp-content\/uploads\/2022\/01\/Logo_Organisator_Website.png","width":800,"height":77,"caption":"Organisator"},"image":{"@id":"https:\/\/www.organisator.ch\/#\/schema\/logo\/image\/"},"sameAs":["https:\/\/www.facebook.com\/OrganisatorFachmagazin","https:\/\/www.linkedin.com\/showcase\/organisator-das-magazin-fr-kmu","https:\/\/www.xing.com\/news\/pages\/organisator-ch-695","https:\/\/www.youtube.com\/channel\/UCGP2Sq0iWaZwT3BdIAQFYpw"]},{"@type":"Person","@id":"https:\/\/www.organisator.ch\/#\/schema\/person\/afccda3a71c06d4be2ed9100dd163db7","name":"Dzana Muminovic","image":{"@type":"ImageObject","inLanguage":"it-IT","@id":"https:\/\/secure.gravatar.com\/avatar\/909c5c71aff4b38e88686f2ab2f1ba152571f394f41ed8bae431ea56ced93050?s=96&d=mm&r=g","url":"https:\/\/secure.gravatar.com\/avatar\/909c5c71aff4b38e88686f2ab2f1ba152571f394f41ed8bae431ea56ced93050?s=96&d=mm&r=g","contentUrl":"https:\/\/secure.gravatar.com\/avatar\/909c5c71aff4b38e88686f2ab2f1ba152571f394f41ed8bae431ea56ced93050?s=96&d=mm&r=g","caption":"Dzana Muminovic"},"url":"https:\/\/www.organisator.ch\/it\/author\/dzana-muminovic\/"}]}},"_links":{"self":[{"href":"https:\/\/www.organisator.ch\/it\/wp-json\/wp\/v2\/posts\/35110","targetHints":{"allow":["GET"]}}],"collection":[{"href":"https:\/\/www.organisator.ch\/it\/wp-json\/wp\/v2\/posts"}],"about":[{"href":"https:\/\/www.organisator.ch\/it\/wp-json\/wp\/v2\/types\/post"}],"author":[{"embeddable":true,"href":"https:\/\/www.organisator.ch\/it\/wp-json\/wp\/v2\/users\/80"}],"replies":[{"embeddable":true,"href":"https:\/\/www.organisator.ch\/it\/wp-json\/wp\/v2\/comments?post=35110"}],"version-history":[{"count":4,"href":"https:\/\/www.organisator.ch\/it\/wp-json\/wp\/v2\/posts\/35110\/revisions"}],"predecessor-version":[{"id":42355,"href":"https:\/\/www.organisator.ch\/it\/wp-json\/wp\/v2\/posts\/35110\/revisions\/42355"}],"wp:featuredmedia":[{"embeddable":true,"href":"https:\/\/www.organisator.ch\/it\/wp-json\/wp\/v2\/media\/35111"}],"wp:attachment":[{"href":"https:\/\/www.organisator.ch\/it\/wp-json\/wp\/v2\/media?parent=35110"}],"wp:term":[{"taxonomy":"category","embeddable":true,"href":"https:\/\/www.organisator.ch\/it\/wp-json\/wp\/v2\/categories?post=35110"},{"taxonomy":"post_tag","embeddable":true,"href":"https:\/\/www.organisator.ch\/it\/wp-json\/wp\/v2\/tags?post=35110"}],"curies":[{"name":"wp","href":"https:\/\/api.w.org\/{rel}","templated":true}]}}