{"id":3524,"date":"2020-11-24T12:59:11","date_gmt":"2020-11-24T11:59:11","guid":{"rendered":"https:\/\/www.umweltperspektiven.ch\/?p=3524"},"modified":"2022-02-09T11:06:12","modified_gmt":"2022-02-09T10:06:12","slug":"stromverbrauch-steuern-dank-kuenstlicher-intelligenz","status":"publish","type":"post","link":"https:\/\/www.organisator.ch\/it\/sustainability\/2020-11-24\/stromverbrauch-steuern-dank-kuenstlicher-intelligenz\/","title":{"rendered":"Controllo del consumo energetico grazie all'intelligenza artificiale"},"content":{"rendered":"<figure id=\"attachment_3525\" aria-describedby=\"caption-attachment-3525\" style=\"width: 680px\" class=\"wp-caption alignnone\"><img loading=\"lazy\" decoding=\"async\" class=\"size-medium wp-image-3525\" src=\"\/\/www.umweltperspektiven.ch\/wp-content\/uploads\/2020\/11\/Strom-Verbrauch-KI-UP-Umwelt-Perspektiven-Nilm4Balance-iHomeLab.jpg\" alt=\"\" width=\"680\" height=\"447\" srcset=\"https:\/\/www.organisator.ch\/wp-content\/uploads\/2020\/11\/Strom-Verbrauch-KI-UP-Umwelt-Perspektiven-Nilm4Balance-iHomeLab.jpg 1272w, https:\/\/www.organisator.ch\/wp-content\/uploads\/2020\/11\/Strom-Verbrauch-KI-UP-Umwelt-Perspektiven-Nilm4Balance-iHomeLab-680x447.jpg 680w, https:\/\/www.organisator.ch\/wp-content\/uploads\/2020\/11\/Strom-Verbrauch-KI-UP-Umwelt-Perspektiven-Nilm4Balance-iHomeLab-1024x673.jpg 1024w, https:\/\/www.organisator.ch\/wp-content\/uploads\/2020\/11\/Strom-Verbrauch-KI-UP-Umwelt-Perspektiven-Nilm4Balance-iHomeLab-768x505.jpg 768w, https:\/\/www.organisator.ch\/wp-content\/uploads\/2020\/11\/Strom-Verbrauch-KI-UP-Umwelt-Perspektiven-Nilm4Balance-iHomeLab-18x12.jpg 18w, https:\/\/www.organisator.ch\/wp-content\/uploads\/2020\/11\/Strom-Verbrauch-KI-UP-Umwelt-Perspektiven-Nilm4Balance-iHomeLab-266x175.jpg 266w, https:\/\/www.organisator.ch\/wp-content\/uploads\/2020\/11\/Strom-Verbrauch-KI-UP-Umwelt-Perspektiven-Nilm4Balance-iHomeLab-533x350.jpg 533w, https:\/\/www.organisator.ch\/wp-content\/uploads\/2020\/11\/Strom-Verbrauch-KI-UP-Umwelt-Perspektiven-Nilm4Balance-iHomeLab-1217x800.jpg 1217w, https:\/\/www.organisator.ch\/wp-content\/uploads\/2020\/11\/Strom-Verbrauch-KI-UP-Umwelt-Perspektiven-Nilm4Balance-iHomeLab-920x605.jpg 920w, https:\/\/www.organisator.ch\/wp-content\/uploads\/2020\/11\/Strom-Verbrauch-KI-UP-Umwelt-Perspektiven-Nilm4Balance-iHomeLab-300x197.jpg 300w\" sizes=\"auto, (max-width: 680px) 100vw, 680px\" \/><figcaption id=\"caption-attachment-3525\" class=\"wp-caption-text\">L'intelligenza artificiale aiuta ad evitare un carico troppo alto sulla rete elettrica, anche quando molti dispositivi ad alta intensit\u00e0 energetica come le asciugatrici sono accesi allo stesso tempo. (Immagine: Judith Wirth\/iHomeLab)<\/figcaption><\/figure>\n<section class=\"richtext columns main\">L'intelligenza artificiale trover\u00e0 probabilmente la sua strada anche negli edifici in Svizzera. Negli ultimi venti anni, il numero di persone che lavorano in Svizzera \u00e8 aumentato di quasi 1,5 milioni. Questo significa che meno persone sono a casa durante il giorno e che molti apparecchi elettrici sono accesi allo stesso tempo, soprattutto nelle prime ore della sera, per esempio quando si fa la doccia, si cucina o si carica un veicolo elettrico. Questa attivazione simultanea di molti apparecchi elettrici genera enormi carichi di rete. Dal momento che fino al 60 per cento dei costi di utilizzo della rete per le aziende di fornitura di energia (EVU) sono calcolati da questi picchi di carico, hanno un grande interesse ad evitarli o almeno a smussarli. Per fare questo, hanno bisogno di sapere quando \u00e8 obbligatorio fornire elettricit\u00e0 a dispositivi affamati di energia come le pompe di calore e quando questo non \u00e8 assolutamente necessario.<\/p>\n<p>Questo significa che i margini di tempo possono essere riconosciuti e utilizzati per ridurre e appianare i picchi di carico. Andrew Paice, capo dell'iHomeLab dell'Universit\u00e0 di Scienze Applicate e Arti di Lucerna, nota: \"Questo richiede una gestione intelligente ed efficiente dell'energia e del carico, con l'aiuto della quale l'energia pu\u00f2 essere spostata\". A questo scopo, un team dell'iHomeLab e del Centro di competenza per l'immagazzinamento dell'energia termica dell'Universit\u00e0 di Lucerna, insieme ai partner ASGAL Informatik GmbH, Semax AG e la societ\u00e0 elettrica Vilters-Wangs, ha sviluppato il prototipo di un sistema che utilizza l'intelligenza artificiale per aiutare gli EVU nella gestione del carico. L'agenzia svizzera di promozione dell'innovazione Innosuisse ha sostenuto il progetto.<\/p>\n<h2>Necessita di pi\u00f9 energia a breve termine, che pu\u00f2 essere risparmiata di nuovo in seguito<\/h2>\n<p>Per coprire la maggiore domanda serale, il surplus di energia che viene prodotto durante il giorno, per esempio dal fotovoltaico o da altre fonti rinnovabili, dovrebbe essere immagazzinato per un breve periodo, e questo senza dover installare unit\u00e0 di stoccaggio aggiuntive. Le caldaie, le pompe di calore o le auto elettriche possono essere utilizzate per questo scopo. Ci sono gi\u00e0 soluzioni per i grandi distributori come le celle frigorifere: Se si produce energia in eccesso, possono essere raffreddati un po' di pi\u00f9. In seguito, il raffreddamento viene nuovamente ridotto; l'energia \u00e8 quindi disponibile altrove. Il team dell'Universit\u00e0 di Scienze Applicate e Arti di Lucerna e i suoi partner di ricerca hanno sviluppato una soluzione grazie alla quale anche le case unifamiliari e i condomini o le imprese commerciali possono essere utilizzati in modo simile.<\/p>\n<p>Per esempio, la caldaia viene portata alla massima temperatura quando \u00e8 necessario e quindi utilizzata come deposito tampone. Il progetto si \u00e8 concentrato sulle case con pompe di calore perch\u00e9 le compagnie elettriche possono accedervi con un piccolo aggiustamento e controllarle di conseguenza.<\/p>\n<h2>Utilizzare meglio l'energia grazie all'intelligenza artificiale<\/h2>\n<p>Per ridurre o appianare i picchi di carico in questo modo, si deve prima accertare dove sono installate le pompe di calore e dove viene generato il fotovoltaico - informazione che \u00e8 solo parzialmente nota alle compagnie elettriche. La domanda pi\u00f9 difficile, tuttavia, era: quanto tempo \u00e8 disponibile per ridurre e appianare i carichi di punta senza che gli utenti sentano una perdita di comfort perch\u00e9 l'appartamento \u00e8 scomodamente freddo o l'acqua \u00e8 troppo fredda?<\/p>\n<p>Per rispondere alle due domande chiave, i ricercatori hanno approfittato della crescente digitalizzazione delle reti di distribuzione dell'elettricit\u00e0 con i contatori intelligenti, che le compagnie elettriche usano per leggere il consumo di elettricit\u00e0 per la bolletta. Questi dati sono disponibili, ma calcolare il modello termico richiesto di un edificio da essi \u00e8 molto complesso. Ecco perch\u00e9 l'intelligenza artificiale \u00e8 entrata in gioco qui. \"Gli algoritmi analizzano i dati dei contatori intelligenti e identificano i singoli dispositivi che consumano elettricit\u00e0 come pompe di calore, caldaie o automobili elettriche e i dispositivi che producono elettricit\u00e0 come i sistemi fotovoltaici dal consumo totale di elettricit\u00e0\", spiega Andrew Paice.<\/p>\n<p>Verrebbero determinate preziose informazioni sui consumatori, come il loro massimo consumo di energia, il tempo in cui sono accesi e spenti e il consumo di energia al giorno. Paice aggiunge: \"Se questi dati vengono combinati con le previsioni della temperatura e del tempo, \u00e8 possibile fare previsioni sul consumo di energia in un dato giorno\".<\/p>\n<h2>Valore aggiunto senza compromettere il comfort<\/h2>\n<p>I risultati del progetto aprono nuove opportunit\u00e0 per i partner del progetto ASGAL Informatik GmbH e Semax AG: grazie all'identificazione automatica dei consumatori di elettricit\u00e0 e al calcolo del loro cosiddetto potenziale di trasferimento del carico, possono offrire agli EVU un servizio che li aiuta a risparmiare i costi di rete senza bisogno di ulteriori investimenti nelle loro reti di distribuzione.<\/p>\n<p>Per i consumatori, l'innovazione non significa alcuna perdita di convenienza; inoltre non devono rivelare alcuna informazione aggiuntiva, perch\u00e9 la valutazione viene effettuata esclusivamente sulla base dei dati standard dei contatori intelligenti e senza alcuna installazione hardware aggiuntiva. Inoltre, i dati sono automaticamente e permanentemente sincronizzati con le circostanze che cambiano negli edifici. Cos\u00ec, in linea con la Strategia energetica 2050, pu\u00f2 essere generato un valore aggiunto per le societ\u00e0 di fornitura di elettricit\u00e0 e per i proprietari di edifici.<\/p>\n<\/section>\n<section class=\"richtext columns main boxed\">\n<h2><\/h2>\n<h2><em>L'iHomeLab - \"Vivere nel futuro. Oggi\".<\/em><\/h2>\n<p><em>Il team dell'iHomeLab dell'Universit\u00e0 di Scienze Applicate e Arti di Lucerna, guidato dal Prof. Dr. Andrew Paice, sta ricercando come gli edifici intelligenti possano ridurre il consumo di energia o permettere agli anziani di vivere pi\u00f9 a lungo nelle loro case. I risultati dei progetti di ricerca sono presentati nel centro visitatori iHomeLab nel campus di Horw e spiegati in modo comprensibile. www.iHomeLab.ch<\/em><\/p>\n<h2><em>Centro di competenza stoccaggio di energia termica (CCTES)<\/em><\/h2>\n<p><em>Il CC TES si occupa di nuove soluzioni per lo stoccaggio del calore e del freddo negli edifici, nelle aree e nell'industria. A questo scopo, non solo si stanno studiando nuovi concetti di stoccaggio compatti, ma anche soluzioni per immagazzinare grandi quantit\u00e0 di energia in modo che il calore estivo possa essere usato anche in inverno. Infine, utilizzando i metodi della scienza dei dati, \u00e8 anche possibile sfruttare le possibilit\u00e0 di stoccaggio nascoste negli edifici (come la massa dell'edificio) e garantire cos\u00ec che le forme di energia rinnovabile possano essere integrate in modo ottimale nel sistema energetico della Svizzera.<\/em><\/p>\n<p>&nbsp;<\/p>\n<\/section>\n<p><a href=\"\/\/www.hslu.ch\">www.hslu.ch<\/a><\/p>\n<p>&nbsp;<\/p>\n<p>&nbsp;<\/p>","protected":false},"excerpt":{"rendered":"<p>Auch in der Schweiz d\u00fcrfte K\u00fcnstliche Intelligenz Einzug in die Geb\u00e4ude nehmen. In den letzten zwanzig Jahren ist die Zahl der berufst\u00e4tigen Menschen in der Schweiz um fast 1.5 Millionen Personen gestiegen. Dies f\u00fchrt dazu, dass weniger Menschen tags\u00fcber zu Hause sind und dass vor allem in den fr\u00fchen Abendstunden viele Elektroger\u00e4te gleichzeitig eingeschaltetet werden, [&hellip;]<\/p>\n","protected":false},"author":5,"featured_media":3525,"comment_status":"closed","ping_status":"closed","sticky":false,"template":"","format":"standard","meta":{"_acf_changed":false,"_yoast_wpseo_focuskw":"K\u00fcnstlicher Intelligenz","_yoast_wpseo_metadesc":"Forschende der Hochschule Luzern haben mit Hilfe von K\u00fcnstlicher Intelligenz eine L\u00f6sung entwickelt, um diese Lastspitzen zu gl\u00e4tten.","articlekey":"","footnotes":""},"categories":[580],"tags":[584,1066,1396,1429,2288,2289],"class_list":["post-3524","post","type-post","status-publish","format-standard","has-post-thumbnail","hentry","category-sustainability","tag-energie","tag-energieeffizienz","tag-ihomelab","tag-institut-fuer-elektrotechnik-iet","tag-technik","tag-technik-architektur-themen-nachhaltigkeit"],"acf":[],"yoast_head":"<!-- This site is optimized with the Yoast SEO plugin v27.4 - https:\/\/yoast.com\/product\/yoast-seo-wordpress\/ -->\n<title>Stromverbrauch steuern dank K\u00fcnstlicher Intelligenz - Organisator<\/title>\n<meta name=\"description\" content=\"Forschende der Hochschule Luzern haben mit Hilfe von K\u00fcnstlicher Intelligenz eine L\u00f6sung entwickelt, um diese Lastspitzen zu gl\u00e4tten.\" \/>\n<meta name=\"robots\" content=\"index, follow, max-snippet:-1, max-image-preview:large, max-video-preview:-1\" \/>\n<link rel=\"canonical\" href=\"https:\/\/www.organisator.ch\/it\/sostenibilita\/2020-11-24\/stromverbrauch-steuern-dank-kuenstlicher-intelligenz\/\" \/>\n<meta property=\"og:locale\" content=\"it_IT\" \/>\n<meta property=\"og:type\" content=\"article\" \/>\n<meta property=\"og:title\" content=\"Stromverbrauch steuern dank K\u00fcnstlicher Intelligenz - Organisator\" \/>\n<meta property=\"og:description\" content=\"Forschende der Hochschule Luzern haben mit Hilfe von K\u00fcnstlicher Intelligenz eine L\u00f6sung entwickelt, um diese Lastspitzen zu gl\u00e4tten.\" \/>\n<meta property=\"og:url\" content=\"https:\/\/www.organisator.ch\/it\/sostenibilita\/2020-11-24\/stromverbrauch-steuern-dank-kuenstlicher-intelligenz\/\" \/>\n<meta property=\"og:site_name\" content=\"Organisator\" \/>\n<meta property=\"article:publisher\" content=\"https:\/\/www.facebook.com\/OrganisatorFachmagazin\" \/>\n<meta property=\"article:published_time\" content=\"2020-11-24T11:59:11+00:00\" \/>\n<meta property=\"article:modified_time\" content=\"2022-02-09T10:06:12+00:00\" \/>\n<meta property=\"og:image\" content=\"https:\/\/www.organisator.ch\/wp-content\/uploads\/2020\/11\/Strom-Verbrauch-KI-UP-Umwelt-Perspektiven-Nilm4Balance-iHomeLab.jpg\" \/>\n\t<meta property=\"og:image:width\" content=\"1272\" \/>\n\t<meta property=\"og:image:height\" content=\"836\" \/>\n\t<meta property=\"og:image:type\" content=\"image\/jpeg\" \/>\n<meta name=\"author\" content=\"michael.merz\" \/>\n<meta name=\"twitter:card\" content=\"summary_large_image\" \/>\n<script type=\"application\/ld+json\" class=\"yoast-schema-graph\">{\"@context\":\"https:\\\/\\\/schema.org\",\"@graph\":[{\"@type\":\"Article\",\"@id\":\"https:\\\/\\\/www.organisator.ch\\\/sustainability\\\/2020-11-24\\\/stromverbrauch-steuern-dank-kuenstlicher-intelligenz\\\/#article\",\"isPartOf\":{\"@id\":\"https:\\\/\\\/www.organisator.ch\\\/sustainability\\\/2020-11-24\\\/stromverbrauch-steuern-dank-kuenstlicher-intelligenz\\\/\"},\"author\":{\"name\":\"michael.merz\",\"@id\":\"https:\\\/\\\/www.organisator.ch\\\/#\\\/schema\\\/person\\\/134708ca9321c57b0362cceb7948ffbd\"},\"headline\":\"Stromverbrauch steuern dank K\u00fcnstlicher Intelligenz\",\"datePublished\":\"2020-11-24T11:59:11+00:00\",\"dateModified\":\"2022-02-09T10:06:12+00:00\",\"mainEntityOfPage\":{\"@id\":\"https:\\\/\\\/www.organisator.ch\\\/sustainability\\\/2020-11-24\\\/stromverbrauch-steuern-dank-kuenstlicher-intelligenz\\\/\"},\"wordCount\":1012,\"publisher\":{\"@id\":\"https:\\\/\\\/www.organisator.ch\\\/#organization\"},\"image\":{\"@id\":\"https:\\\/\\\/www.organisator.ch\\\/sustainability\\\/2020-11-24\\\/stromverbrauch-steuern-dank-kuenstlicher-intelligenz\\\/#primaryimage\"},\"thumbnailUrl\":\"https:\\\/\\\/www.organisator.ch\\\/wp-content\\\/uploads\\\/2020\\\/11\\\/Strom-Verbrauch-KI-UP-Umwelt-Perspektiven-Nilm4Balance-iHomeLab.jpg\",\"keywords\":[\"ENERGIE\",\"Energieeffizienz\",\"iHomeLab\",\"Institut f\u00fcr Elektrotechnik IET\",\"Technik\",\"Technik &amp; Architektur Themen: Nachhaltigkeit\"],\"articleSection\":[\"SUSTAINABILITY\"],\"inLanguage\":\"it-IT\"},{\"@type\":\"WebPage\",\"@id\":\"https:\\\/\\\/www.organisator.ch\\\/sustainability\\\/2020-11-24\\\/stromverbrauch-steuern-dank-kuenstlicher-intelligenz\\\/\",\"url\":\"https:\\\/\\\/www.organisator.ch\\\/sustainability\\\/2020-11-24\\\/stromverbrauch-steuern-dank-kuenstlicher-intelligenz\\\/\",\"name\":\"Stromverbrauch steuern dank K\u00fcnstlicher Intelligenz - Organisator\",\"isPartOf\":{\"@id\":\"https:\\\/\\\/www.organisator.ch\\\/#website\"},\"primaryImageOfPage\":{\"@id\":\"https:\\\/\\\/www.organisator.ch\\\/sustainability\\\/2020-11-24\\\/stromverbrauch-steuern-dank-kuenstlicher-intelligenz\\\/#primaryimage\"},\"image\":{\"@id\":\"https:\\\/\\\/www.organisator.ch\\\/sustainability\\\/2020-11-24\\\/stromverbrauch-steuern-dank-kuenstlicher-intelligenz\\\/#primaryimage\"},\"thumbnailUrl\":\"https:\\\/\\\/www.organisator.ch\\\/wp-content\\\/uploads\\\/2020\\\/11\\\/Strom-Verbrauch-KI-UP-Umwelt-Perspektiven-Nilm4Balance-iHomeLab.jpg\",\"datePublished\":\"2020-11-24T11:59:11+00:00\",\"dateModified\":\"2022-02-09T10:06:12+00:00\",\"description\":\"Forschende der Hochschule Luzern haben mit Hilfe von K\u00fcnstlicher Intelligenz eine L\u00f6sung entwickelt, um diese Lastspitzen zu gl\u00e4tten.\",\"breadcrumb\":{\"@id\":\"https:\\\/\\\/www.organisator.ch\\\/sustainability\\\/2020-11-24\\\/stromverbrauch-steuern-dank-kuenstlicher-intelligenz\\\/#breadcrumb\"},\"inLanguage\":\"it-IT\",\"potentialAction\":[{\"@type\":\"ReadAction\",\"target\":[\"https:\\\/\\\/www.organisator.ch\\\/sustainability\\\/2020-11-24\\\/stromverbrauch-steuern-dank-kuenstlicher-intelligenz\\\/\"]}]},{\"@type\":\"ImageObject\",\"inLanguage\":\"it-IT\",\"@id\":\"https:\\\/\\\/www.organisator.ch\\\/sustainability\\\/2020-11-24\\\/stromverbrauch-steuern-dank-kuenstlicher-intelligenz\\\/#primaryimage\",\"url\":\"https:\\\/\\\/www.organisator.ch\\\/wp-content\\\/uploads\\\/2020\\\/11\\\/Strom-Verbrauch-KI-UP-Umwelt-Perspektiven-Nilm4Balance-iHomeLab.jpg\",\"contentUrl\":\"https:\\\/\\\/www.organisator.ch\\\/wp-content\\\/uploads\\\/2020\\\/11\\\/Strom-Verbrauch-KI-UP-Umwelt-Perspektiven-Nilm4Balance-iHomeLab.jpg\",\"width\":1272,\"height\":836,\"caption\":\"K\u00fcnstliche Intelligenz hilft, eine zu hohe Belastung des Stromnetzes zu vermeiden, auch wenn viele stromintensive Ger\u00e4te wie W\u00e4schetrockner gleichzeitig eingeschaltet sind. Bild: Judith Wirth\\\/iHomeLab\"},{\"@type\":\"BreadcrumbList\",\"@id\":\"https:\\\/\\\/www.organisator.ch\\\/sustainability\\\/2020-11-24\\\/stromverbrauch-steuern-dank-kuenstlicher-intelligenz\\\/#breadcrumb\",\"itemListElement\":[{\"@type\":\"ListItem\",\"position\":1,\"name\":\"Home\",\"item\":\"https:\\\/\\\/www.organisator.ch\\\/\"},{\"@type\":\"ListItem\",\"position\":2,\"name\":\"Stromverbrauch steuern dank K\u00fcnstlicher Intelligenz\"}]},{\"@type\":\"WebSite\",\"@id\":\"https:\\\/\\\/www.organisator.ch\\\/#website\",\"url\":\"https:\\\/\\\/www.organisator.ch\\\/\",\"name\":\"Organisator\",\"description\":\"Kompetent. Praxisnah. Der ORGANISATOR bereitet in 10 Ausgaben pro Jahr die wesentlichen Themen f\u00fcr F\u00fchrungskr\u00e4fte von KMU auf.\",\"publisher\":{\"@id\":\"https:\\\/\\\/www.organisator.ch\\\/#organization\"},\"potentialAction\":[{\"@type\":\"SearchAction\",\"target\":{\"@type\":\"EntryPoint\",\"urlTemplate\":\"https:\\\/\\\/www.organisator.ch\\\/?s={search_term_string}\"},\"query-input\":{\"@type\":\"PropertyValueSpecification\",\"valueRequired\":true,\"valueName\":\"search_term_string\"}}],\"inLanguage\":\"it-IT\"},{\"@type\":\"Organization\",\"@id\":\"https:\\\/\\\/www.organisator.ch\\\/#organization\",\"name\":\"Organisator\",\"url\":\"https:\\\/\\\/www.organisator.ch\\\/\",\"logo\":{\"@type\":\"ImageObject\",\"inLanguage\":\"it-IT\",\"@id\":\"https:\\\/\\\/www.organisator.ch\\\/#\\\/schema\\\/logo\\\/image\\\/\",\"url\":\"https:\\\/\\\/www.organisator.ch\\\/wp-content\\\/uploads\\\/2022\\\/01\\\/Logo_Organisator_Website.png\",\"contentUrl\":\"https:\\\/\\\/www.organisator.ch\\\/wp-content\\\/uploads\\\/2022\\\/01\\\/Logo_Organisator_Website.png\",\"width\":800,\"height\":77,\"caption\":\"Organisator\"},\"image\":{\"@id\":\"https:\\\/\\\/www.organisator.ch\\\/#\\\/schema\\\/logo\\\/image\\\/\"},\"sameAs\":[\"https:\\\/\\\/www.facebook.com\\\/OrganisatorFachmagazin\",\"https:\\\/\\\/www.linkedin.com\\\/showcase\\\/organisator-das-magazin-fr-kmu\",\"https:\\\/\\\/www.xing.com\\\/news\\\/pages\\\/organisator-ch-695\",\"https:\\\/\\\/www.youtube.com\\\/channel\\\/UCGP2Sq0iWaZwT3BdIAQFYpw\"]},{\"@type\":\"Person\",\"@id\":\"https:\\\/\\\/www.organisator.ch\\\/#\\\/schema\\\/person\\\/134708ca9321c57b0362cceb7948ffbd\",\"name\":\"michael.merz\",\"image\":{\"@type\":\"ImageObject\",\"inLanguage\":\"it-IT\",\"@id\":\"https:\\\/\\\/secure.gravatar.com\\\/avatar\\\/?s=96&d=mm&r=g\",\"url\":\"https:\\\/\\\/secure.gravatar.com\\\/avatar\\\/?s=96&d=mm&r=g\",\"contentUrl\":\"https:\\\/\\\/secure.gravatar.com\\\/avatar\\\/?s=96&d=mm&r=g\",\"caption\":\"michael.merz\"},\"url\":\"https:\\\/\\\/www.organisator.ch\\\/it\\\/author\\\/michael-merz\\\/\"}]}<\/script>\n<!-- \/ Yoast SEO plugin. -->","yoast_head_json":{"title":"Controllare il consumo di energia grazie all'intelligenza artificiale - Organizzatore","description":"I ricercatori dell'Universit\u00e0 di Scienze Applicate e Arti di Lucerna hanno sviluppato una soluzione con l'aiuto dell'intelligenza artificiale per attenuare questi picchi di carico.","robots":{"index":"index","follow":"follow","max-snippet":"max-snippet:-1","max-image-preview":"max-image-preview:large","max-video-preview":"max-video-preview:-1"},"canonical":"https:\/\/www.organisator.ch\/it\/sostenibilita\/2020-11-24\/stromverbrauch-steuern-dank-kuenstlicher-intelligenz\/","og_locale":"it_IT","og_type":"article","og_title":"Stromverbrauch steuern dank K\u00fcnstlicher Intelligenz - Organisator","og_description":"Forschende der Hochschule Luzern haben mit Hilfe von K\u00fcnstlicher Intelligenz eine L\u00f6sung entwickelt, um diese Lastspitzen zu gl\u00e4tten.","og_url":"https:\/\/www.organisator.ch\/it\/sostenibilita\/2020-11-24\/stromverbrauch-steuern-dank-kuenstlicher-intelligenz\/","og_site_name":"Organisator","article_publisher":"https:\/\/www.facebook.com\/OrganisatorFachmagazin","article_published_time":"2020-11-24T11:59:11+00:00","article_modified_time":"2022-02-09T10:06:12+00:00","og_image":[{"width":1272,"height":836,"url":"https:\/\/www.organisator.ch\/wp-content\/uploads\/2020\/11\/Strom-Verbrauch-KI-UP-Umwelt-Perspektiven-Nilm4Balance-iHomeLab.jpg","type":"image\/jpeg"}],"author":"michael.merz","twitter_card":"summary_large_image","schema":{"@context":"https:\/\/schema.org","@graph":[{"@type":"Article","@id":"https:\/\/www.organisator.ch\/sustainability\/2020-11-24\/stromverbrauch-steuern-dank-kuenstlicher-intelligenz\/#article","isPartOf":{"@id":"https:\/\/www.organisator.ch\/sustainability\/2020-11-24\/stromverbrauch-steuern-dank-kuenstlicher-intelligenz\/"},"author":{"name":"michael.merz","@id":"https:\/\/www.organisator.ch\/#\/schema\/person\/134708ca9321c57b0362cceb7948ffbd"},"headline":"Stromverbrauch steuern dank K\u00fcnstlicher Intelligenz","datePublished":"2020-11-24T11:59:11+00:00","dateModified":"2022-02-09T10:06:12+00:00","mainEntityOfPage":{"@id":"https:\/\/www.organisator.ch\/sustainability\/2020-11-24\/stromverbrauch-steuern-dank-kuenstlicher-intelligenz\/"},"wordCount":1012,"publisher":{"@id":"https:\/\/www.organisator.ch\/#organization"},"image":{"@id":"https:\/\/www.organisator.ch\/sustainability\/2020-11-24\/stromverbrauch-steuern-dank-kuenstlicher-intelligenz\/#primaryimage"},"thumbnailUrl":"https:\/\/www.organisator.ch\/wp-content\/uploads\/2020\/11\/Strom-Verbrauch-KI-UP-Umwelt-Perspektiven-Nilm4Balance-iHomeLab.jpg","keywords":["ENERGIE","Energieeffizienz","iHomeLab","Institut f\u00fcr Elektrotechnik IET","Technik","Technik &amp; Architektur Themen: Nachhaltigkeit"],"articleSection":["SUSTAINABILITY"],"inLanguage":"it-IT"},{"@type":"WebPage","@id":"https:\/\/www.organisator.ch\/sustainability\/2020-11-24\/stromverbrauch-steuern-dank-kuenstlicher-intelligenz\/","url":"https:\/\/www.organisator.ch\/sustainability\/2020-11-24\/stromverbrauch-steuern-dank-kuenstlicher-intelligenz\/","name":"Controllare il consumo di energia grazie all'intelligenza artificiale - Organizzatore","isPartOf":{"@id":"https:\/\/www.organisator.ch\/#website"},"primaryImageOfPage":{"@id":"https:\/\/www.organisator.ch\/sustainability\/2020-11-24\/stromverbrauch-steuern-dank-kuenstlicher-intelligenz\/#primaryimage"},"image":{"@id":"https:\/\/www.organisator.ch\/sustainability\/2020-11-24\/stromverbrauch-steuern-dank-kuenstlicher-intelligenz\/#primaryimage"},"thumbnailUrl":"https:\/\/www.organisator.ch\/wp-content\/uploads\/2020\/11\/Strom-Verbrauch-KI-UP-Umwelt-Perspektiven-Nilm4Balance-iHomeLab.jpg","datePublished":"2020-11-24T11:59:11+00:00","dateModified":"2022-02-09T10:06:12+00:00","description":"I ricercatori dell'Universit\u00e0 di Scienze Applicate e Arti di Lucerna hanno sviluppato una soluzione con l'aiuto dell'intelligenza artificiale per attenuare questi picchi di carico.","breadcrumb":{"@id":"https:\/\/www.organisator.ch\/sustainability\/2020-11-24\/stromverbrauch-steuern-dank-kuenstlicher-intelligenz\/#breadcrumb"},"inLanguage":"it-IT","potentialAction":[{"@type":"ReadAction","target":["https:\/\/www.organisator.ch\/sustainability\/2020-11-24\/stromverbrauch-steuern-dank-kuenstlicher-intelligenz\/"]}]},{"@type":"ImageObject","inLanguage":"it-IT","@id":"https:\/\/www.organisator.ch\/sustainability\/2020-11-24\/stromverbrauch-steuern-dank-kuenstlicher-intelligenz\/#primaryimage","url":"https:\/\/www.organisator.ch\/wp-content\/uploads\/2020\/11\/Strom-Verbrauch-KI-UP-Umwelt-Perspektiven-Nilm4Balance-iHomeLab.jpg","contentUrl":"https:\/\/www.organisator.ch\/wp-content\/uploads\/2020\/11\/Strom-Verbrauch-KI-UP-Umwelt-Perspektiven-Nilm4Balance-iHomeLab.jpg","width":1272,"height":836,"caption":"K\u00fcnstliche Intelligenz hilft, eine zu hohe Belastung des Stromnetzes zu vermeiden, auch wenn viele stromintensive Ger\u00e4te wie W\u00e4schetrockner gleichzeitig eingeschaltet sind. Bild: Judith Wirth\/iHomeLab"},{"@type":"BreadcrumbList","@id":"https:\/\/www.organisator.ch\/sustainability\/2020-11-24\/stromverbrauch-steuern-dank-kuenstlicher-intelligenz\/#breadcrumb","itemListElement":[{"@type":"ListItem","position":1,"name":"Home","item":"https:\/\/www.organisator.ch\/"},{"@type":"ListItem","position":2,"name":"Stromverbrauch steuern dank K\u00fcnstlicher Intelligenz"}]},{"@type":"WebSite","@id":"https:\/\/www.organisator.ch\/#website","url":"https:\/\/www.organisator.ch\/","name":"Organizzatore","description":"Competente. Pratico. In 10 numeri all'anno, ORGANISATOR presenta i temi essenziali per i manager delle PMI.","publisher":{"@id":"https:\/\/www.organisator.ch\/#organization"},"potentialAction":[{"@type":"SearchAction","target":{"@type":"EntryPoint","urlTemplate":"https:\/\/www.organisator.ch\/?s={search_term_string}"},"query-input":{"@type":"PropertyValueSpecification","valueRequired":true,"valueName":"search_term_string"}}],"inLanguage":"it-IT"},{"@type":"Organization","@id":"https:\/\/www.organisator.ch\/#organization","name":"Organizzatore","url":"https:\/\/www.organisator.ch\/","logo":{"@type":"ImageObject","inLanguage":"it-IT","@id":"https:\/\/www.organisator.ch\/#\/schema\/logo\/image\/","url":"https:\/\/www.organisator.ch\/wp-content\/uploads\/2022\/01\/Logo_Organisator_Website.png","contentUrl":"https:\/\/www.organisator.ch\/wp-content\/uploads\/2022\/01\/Logo_Organisator_Website.png","width":800,"height":77,"caption":"Organisator"},"image":{"@id":"https:\/\/www.organisator.ch\/#\/schema\/logo\/image\/"},"sameAs":["https:\/\/www.facebook.com\/OrganisatorFachmagazin","https:\/\/www.linkedin.com\/showcase\/organisator-das-magazin-fr-kmu","https:\/\/www.xing.com\/news\/pages\/organisator-ch-695","https:\/\/www.youtube.com\/channel\/UCGP2Sq0iWaZwT3BdIAQFYpw"]},{"@type":"Person","@id":"https:\/\/www.organisator.ch\/#\/schema\/person\/134708ca9321c57b0362cceb7948ffbd","name":"michael.merz","image":{"@type":"ImageObject","inLanguage":"it-IT","@id":"https:\/\/secure.gravatar.com\/avatar\/?s=96&d=mm&r=g","url":"https:\/\/secure.gravatar.com\/avatar\/?s=96&d=mm&r=g","contentUrl":"https:\/\/secure.gravatar.com\/avatar\/?s=96&d=mm&r=g","caption":"michael.merz"},"url":"https:\/\/www.organisator.ch\/it\/author\/michael-merz\/"}]}},"_links":{"self":[{"href":"https:\/\/www.organisator.ch\/it\/wp-json\/wp\/v2\/posts\/3524","targetHints":{"allow":["GET"]}}],"collection":[{"href":"https:\/\/www.organisator.ch\/it\/wp-json\/wp\/v2\/posts"}],"about":[{"href":"https:\/\/www.organisator.ch\/it\/wp-json\/wp\/v2\/types\/post"}],"author":[{"embeddable":true,"href":"https:\/\/www.organisator.ch\/it\/wp-json\/wp\/v2\/users\/5"}],"replies":[{"embeddable":true,"href":"https:\/\/www.organisator.ch\/it\/wp-json\/wp\/v2\/comments?post=3524"}],"version-history":[{"count":1,"href":"https:\/\/www.organisator.ch\/it\/wp-json\/wp\/v2\/posts\/3524\/revisions"}],"predecessor-version":[{"id":10510,"href":"https:\/\/www.organisator.ch\/it\/wp-json\/wp\/v2\/posts\/3524\/revisions\/10510"}],"wp:featuredmedia":[{"embeddable":true,"href":"https:\/\/www.organisator.ch\/it\/wp-json\/wp\/v2\/media\/3525"}],"wp:attachment":[{"href":"https:\/\/www.organisator.ch\/it\/wp-json\/wp\/v2\/media?parent=3524"}],"wp:term":[{"taxonomy":"category","embeddable":true,"href":"https:\/\/www.organisator.ch\/it\/wp-json\/wp\/v2\/categories?post=3524"},{"taxonomy":"post_tag","embeddable":true,"href":"https:\/\/www.organisator.ch\/it\/wp-json\/wp\/v2\/tags?post=3524"}],"curies":[{"name":"wp","href":"https:\/\/api.w.org\/{rel}","templated":true}]}}