{"id":35271,"date":"2025-01-16T08:59:50","date_gmt":"2025-01-16T07:59:50","guid":{"rendered":"https:\/\/www.markt-kom.com\/?p=228995"},"modified":"2025-01-16T09:28:45","modified_gmt":"2025-01-16T08:28:45","slug":"evoq-neustes-mitglied-von-leading-swiss-agencies","status":"publish","type":"post","link":"https:\/\/www.organisator.ch\/it\/marketing\/2025-01-16\/evoq-neustes-mitglied-von-leading-swiss-agencies\/","title":{"rendered":"Evoq \u00e8 il nuovo membro delle Agenzie leader in Svizzera"},"content":{"rendered":"<figure id=\"attachment_228996\" class=\"wp-caption aligncenter\" style=\"width: 710px;\" aria-describedby=\"caption-attachment-228996\"><a href=\"https:\/\/www.markt-kom.com\/wp-content\/uploads\/2025\/01\/evoq_GL_Christian_Sutter_Adrian_Haussener_Dominique_Schaffner_Susanne_Pfaeffli.jpg\"><img class=\"size-full wp-image-228996\" src=\"https:\/\/www.markt-kom.com\/wp-content\/uploads\/2025\/01\/evoq_GL_Christian_Sutter_Adrian_Haussener_Dominique_Schaffner_Susanne_Pfaeffli.jpg\" sizes=\"(max-width: 710px) 100vw, 710px\" srcset=\"https:\/\/www.markt-kom.com\/wp-content\/uploads\/2025\/01\/evoq_GL_Christian_Sutter_Adrian_Haussener_Dominique_Schaffner_Susanne_Pfaeffli.jpg 710w, https:\/\/www.markt-kom.com\/wp-content\/uploads\/2025\/01\/evoq_GL_Christian_Sutter_Adrian_Haussener_Dominique_Schaffner_Susanne_Pfaeffli-600x450.jpg 600w, https:\/\/www.markt-kom.com\/wp-content\/uploads\/2025\/01\/evoq_GL_Christian_Sutter_Adrian_Haussener_Dominique_Schaffner_Susanne_Pfaeffli-16x12.jpg 16w, https:\/\/www.markt-kom.com\/wp-content\/uploads\/2025\/01\/evoq_GL_Christian_Sutter_Adrian_Haussener_Dominique_Schaffner_Susanne_Pfaeffli-233x175.jpg 233w, https:\/\/www.markt-kom.com\/wp-content\/uploads\/2025\/01\/evoq_GL_Christian_Sutter_Adrian_Haussener_Dominique_Schaffner_Susanne_Pfaeffli-466x350.jpg 466w\" alt=\"\" width=\"710\" height=\"533\" \/><\/a>\r\n<figcaption id=\"caption-attachment-228996\" class=\"wp-caption-text\">La direzione aziendale di Evoq (da sinistra a destra): Christian Sutter, Adrian Haussener, Dominique Schaffner e Susanne Pf\u00e4ffli. (Immagine: zVg.)<\/figcaption>\r\n<\/figure>\r\n<p><a href=\"https:\/\/www.evoq.ch\/\" rel=\"noopener\">Evoq<\/a> \u00e8 stata fondata 18 anni fa durante un'escursione in montagna e da allora ha raggiunto innumerevoli vette con i suoi clienti. L'agenzia full-service ha un ampio portafoglio che comprende nomi come le FFS, Swissmem, la Posta Svizzera e l'organizzazione di assistenza sociale Pfarrer Sieber.<\/p>\r\n<p>Con un approccio interdisciplinare e un team di 20 persone, Evoq realizza soluzioni di comunicazione sostenibili. La gamma completa di servizi spazia dal branding, alla pubblicit\u00e0 e ai media digitali fino al design dell'orientamento.<\/p>\r\n<p>\"Siamo lieti di essere stati inclusi nella LSA\", afferma Christian Sutter, Managing Partner e co-fondatore. \"Evoq non solo \u00e8 cresciuta di dimensioni negli ultimi anni, ma \u00e8 anche diventata pi\u00f9 diversificata e creativa. L'adesione alla LSA \u00e8 per noi un importante passo strategico per sviluppare ulteriormente la nostra agenzia ed espandere il nostro network.\"<\/p>","protected":false},"excerpt":{"rendered":"<p>L'agenzia zurighese Evoq Communications \u00e8 membro di Leading Swiss Agencies (LSA), l'associazione delle principali agenzie di comunicazione svizzere, dal 1\u00b0 gennaio 2025.<\/p>","protected":false},"author":8,"featured_media":0,"comment_status":"closed","ping_status":"closed","sticky":false,"template":"","format":"standard","meta":{"_acf_changed":false,"_yoast_wpseo_focuskw":"Evoq Communications","_yoast_wpseo_metadesc":"Evoq Communications ist neues Mitglied der Leading Swiss Agencies und bietet nachhaltige Full-Service-Kommunikationsl\u00f6sungen.","articlekey":"","footnotes":""},"categories":[29],"tags":[3391,3659,4343],"class_list":["post-35271","post","type-post","status-publish","format-standard","hentry","category-marketing","tag-evoq","tag-lsa-leading-swiss-agencies","tag-markom"],"acf":[],"yoast_head":"<!-- This site is optimized with the Yoast SEO plugin v27.5 - https:\/\/yoast.com\/product\/yoast-seo-wordpress\/ -->\n<title>Evoq neustes Mitglied von Leading Swiss Agencies - Organisator<\/title>\n<meta name=\"description\" content=\"Evoq Communications ist neues Mitglied der Leading Swiss Agencies und bietet nachhaltige Full-Service-Kommunikationsl\u00f6sungen.\" \/>\n<meta name=\"robots\" content=\"index, follow, max-snippet:-1, max-image-preview:large, max-video-preview:-1\" \/>\n<link rel=\"canonical\" href=\"https:\/\/www.organisator.ch\/it\/marketing\/2025-01-16\/evoq-neustes-mitglied-von-leading-swiss-agencies\/\" \/>\n<meta property=\"og:locale\" content=\"it_IT\" \/>\n<meta property=\"og:type\" content=\"article\" \/>\n<meta property=\"og:title\" content=\"Evoq neustes Mitglied von Leading Swiss Agencies - Organisator\" \/>\n<meta property=\"og:description\" content=\"Evoq Communications ist neues Mitglied der Leading Swiss Agencies und bietet nachhaltige Full-Service-Kommunikationsl\u00f6sungen.\" \/>\n<meta property=\"og:url\" content=\"https:\/\/www.organisator.ch\/it\/marketing\/2025-01-16\/evoq-neustes-mitglied-von-leading-swiss-agencies\/\" \/>\n<meta property=\"og:site_name\" content=\"Organisator\" \/>\n<meta property=\"article:publisher\" content=\"https:\/\/www.facebook.com\/OrganisatorFachmagazin\" \/>\n<meta property=\"article:published_time\" content=\"2025-01-16T07:59:50+00:00\" \/>\n<meta property=\"article:modified_time\" content=\"2025-01-16T08:28:45+00:00\" \/>\n<meta name=\"author\" content=\"galledia\" \/>\n<meta name=\"twitter:card\" content=\"summary_large_image\" \/>\n<meta name=\"twitter:creator\" content=\"@admin\" \/>\n<script type=\"application\/ld+json\" class=\"yoast-schema-graph\">{\"@context\":\"https:\\\/\\\/schema.org\",\"@graph\":[{\"@type\":\"Article\",\"@id\":\"https:\\\/\\\/www.organisator.ch\\\/marketing\\\/2025-01-16\\\/evoq-neustes-mitglied-von-leading-swiss-agencies\\\/#article\",\"isPartOf\":{\"@id\":\"https:\\\/\\\/www.organisator.ch\\\/marketing\\\/2025-01-16\\\/evoq-neustes-mitglied-von-leading-swiss-agencies\\\/\"},\"author\":{\"name\":\"galledia\",\"@id\":\"https:\\\/\\\/www.organisator.ch\\\/#\\\/schema\\\/person\\\/4e51799071cd2dd1232ac003643ef5f0\"},\"headline\":\"Evoq neustes Mitglied von Leading Swiss Agencies\",\"datePublished\":\"2025-01-16T07:59:50+00:00\",\"dateModified\":\"2025-01-16T08:28:45+00:00\",\"mainEntityOfPage\":{\"@id\":\"https:\\\/\\\/www.organisator.ch\\\/marketing\\\/2025-01-16\\\/evoq-neustes-mitglied-von-leading-swiss-agencies\\\/\"},\"wordCount\":155,\"publisher\":{\"@id\":\"https:\\\/\\\/www.organisator.ch\\\/#organization\"},\"image\":{\"@id\":\"https:\\\/\\\/www.organisator.ch\\\/marketing\\\/2025-01-16\\\/evoq-neustes-mitglied-von-leading-swiss-agencies\\\/#primaryimage\"},\"thumbnailUrl\":\"https:\\\/\\\/www.markt-kom.com\\\/wp-content\\\/uploads\\\/2025\\\/01\\\/evoq_GL_Christian_Sutter_Adrian_Haussener_Dominique_Schaffner_Susanne_Pfaeffli.jpg\",\"keywords\":[\"Evoq\",\"LSA Leading Swiss Agencies\",\"MarKom\"],\"articleSection\":[\"MARKETING\"],\"inLanguage\":\"it-IT\"},{\"@type\":\"WebPage\",\"@id\":\"https:\\\/\\\/www.organisator.ch\\\/marketing\\\/2025-01-16\\\/evoq-neustes-mitglied-von-leading-swiss-agencies\\\/\",\"url\":\"https:\\\/\\\/www.organisator.ch\\\/marketing\\\/2025-01-16\\\/evoq-neustes-mitglied-von-leading-swiss-agencies\\\/\",\"name\":\"Evoq neustes Mitglied von Leading Swiss Agencies - Organisator\",\"isPartOf\":{\"@id\":\"https:\\\/\\\/www.organisator.ch\\\/#website\"},\"primaryImageOfPage\":{\"@id\":\"https:\\\/\\\/www.organisator.ch\\\/marketing\\\/2025-01-16\\\/evoq-neustes-mitglied-von-leading-swiss-agencies\\\/#primaryimage\"},\"image\":{\"@id\":\"https:\\\/\\\/www.organisator.ch\\\/marketing\\\/2025-01-16\\\/evoq-neustes-mitglied-von-leading-swiss-agencies\\\/#primaryimage\"},\"thumbnailUrl\":\"https:\\\/\\\/www.markt-kom.com\\\/wp-content\\\/uploads\\\/2025\\\/01\\\/evoq_GL_Christian_Sutter_Adrian_Haussener_Dominique_Schaffner_Susanne_Pfaeffli.jpg\",\"datePublished\":\"2025-01-16T07:59:50+00:00\",\"dateModified\":\"2025-01-16T08:28:45+00:00\",\"description\":\"Evoq Communications ist neues Mitglied der Leading Swiss Agencies und bietet nachhaltige Full-Service-Kommunikationsl\u00f6sungen.\",\"breadcrumb\":{\"@id\":\"https:\\\/\\\/www.organisator.ch\\\/marketing\\\/2025-01-16\\\/evoq-neustes-mitglied-von-leading-swiss-agencies\\\/#breadcrumb\"},\"inLanguage\":\"it-IT\",\"potentialAction\":[{\"@type\":\"ReadAction\",\"target\":[\"https:\\\/\\\/www.organisator.ch\\\/marketing\\\/2025-01-16\\\/evoq-neustes-mitglied-von-leading-swiss-agencies\\\/\"]}]},{\"@type\":\"ImageObject\",\"inLanguage\":\"it-IT\",\"@id\":\"https:\\\/\\\/www.organisator.ch\\\/marketing\\\/2025-01-16\\\/evoq-neustes-mitglied-von-leading-swiss-agencies\\\/#primaryimage\",\"url\":\"https:\\\/\\\/www.markt-kom.com\\\/wp-content\\\/uploads\\\/2025\\\/01\\\/evoq_GL_Christian_Sutter_Adrian_Haussener_Dominique_Schaffner_Susanne_Pfaeffli.jpg\",\"contentUrl\":\"https:\\\/\\\/www.markt-kom.com\\\/wp-content\\\/uploads\\\/2025\\\/01\\\/evoq_GL_Christian_Sutter_Adrian_Haussener_Dominique_Schaffner_Susanne_Pfaeffli.jpg\"},{\"@type\":\"BreadcrumbList\",\"@id\":\"https:\\\/\\\/www.organisator.ch\\\/marketing\\\/2025-01-16\\\/evoq-neustes-mitglied-von-leading-swiss-agencies\\\/#breadcrumb\",\"itemListElement\":[{\"@type\":\"ListItem\",\"position\":1,\"name\":\"Home\",\"item\":\"https:\\\/\\\/www.organisator.ch\\\/\"},{\"@type\":\"ListItem\",\"position\":2,\"name\":\"Evoq neustes Mitglied von Leading Swiss Agencies\"}]},{\"@type\":\"WebSite\",\"@id\":\"https:\\\/\\\/www.organisator.ch\\\/#website\",\"url\":\"https:\\\/\\\/www.organisator.ch\\\/\",\"name\":\"Organisator\",\"description\":\"Kompetent. Praxisnah. Der ORGANISATOR bereitet in 10 Ausgaben pro Jahr die wesentlichen Themen f\u00fcr F\u00fchrungskr\u00e4fte von KMU auf.\",\"publisher\":{\"@id\":\"https:\\\/\\\/www.organisator.ch\\\/#organization\"},\"potentialAction\":[{\"@type\":\"SearchAction\",\"target\":{\"@type\":\"EntryPoint\",\"urlTemplate\":\"https:\\\/\\\/www.organisator.ch\\\/?s={search_term_string}\"},\"query-input\":{\"@type\":\"PropertyValueSpecification\",\"valueRequired\":true,\"valueName\":\"search_term_string\"}}],\"inLanguage\":\"it-IT\"},{\"@type\":\"Organization\",\"@id\":\"https:\\\/\\\/www.organisator.ch\\\/#organization\",\"name\":\"Organisator\",\"url\":\"https:\\\/\\\/www.organisator.ch\\\/\",\"logo\":{\"@type\":\"ImageObject\",\"inLanguage\":\"it-IT\",\"@id\":\"https:\\\/\\\/www.organisator.ch\\\/#\\\/schema\\\/logo\\\/image\\\/\",\"url\":\"https:\\\/\\\/www.organisator.ch\\\/wp-content\\\/uploads\\\/2022\\\/01\\\/Logo_Organisator_Website.png\",\"contentUrl\":\"https:\\\/\\\/www.organisator.ch\\\/wp-content\\\/uploads\\\/2022\\\/01\\\/Logo_Organisator_Website.png\",\"width\":800,\"height\":77,\"caption\":\"Organisator\"},\"image\":{\"@id\":\"https:\\\/\\\/www.organisator.ch\\\/#\\\/schema\\\/logo\\\/image\\\/\"},\"sameAs\":[\"https:\\\/\\\/www.facebook.com\\\/OrganisatorFachmagazin\",\"https:\\\/\\\/www.linkedin.com\\\/showcase\\\/organisator-das-magazin-fr-kmu\",\"https:\\\/\\\/www.xing.com\\\/news\\\/pages\\\/organisator-ch-695\",\"https:\\\/\\\/www.youtube.com\\\/channel\\\/UCGP2Sq0iWaZwT3BdIAQFYpw\"]},{\"@type\":\"Person\",\"@id\":\"https:\\\/\\\/www.organisator.ch\\\/#\\\/schema\\\/person\\\/4e51799071cd2dd1232ac003643ef5f0\",\"name\":\"galledia\",\"image\":{\"@type\":\"ImageObject\",\"inLanguage\":\"it-IT\",\"@id\":\"https:\\\/\\\/secure.gravatar.com\\\/avatar\\\/78a7f90c01fc2bfc875782a0d4922b37cde2cf184ce347b91316d23cd7f69a36?s=96&d=mm&r=g\",\"url\":\"https:\\\/\\\/secure.gravatar.com\\\/avatar\\\/78a7f90c01fc2bfc875782a0d4922b37cde2cf184ce347b91316d23cd7f69a36?s=96&d=mm&r=g\",\"contentUrl\":\"https:\\\/\\\/secure.gravatar.com\\\/avatar\\\/78a7f90c01fc2bfc875782a0d4922b37cde2cf184ce347b91316d23cd7f69a36?s=96&d=mm&r=g\",\"caption\":\"galledia\"},\"sameAs\":[\"https:\\\/\\\/x.com\\\/admin\"],\"url\":\"https:\\\/\\\/www.organisator.ch\\\/it\\\/author\\\/galledia\\\/\"}]}<\/script>\n<!-- \/ Yoast SEO plugin. -->","yoast_head_json":{"title":"Evoq \u00e8 il nuovo membro di Leading Swiss Agencies - Organizzatore","description":"Evoq Communications \u00e8 un nuovo membro delle Leading Swiss Agencies e offre soluzioni di comunicazione sostenibili e complete.","robots":{"index":"index","follow":"follow","max-snippet":"max-snippet:-1","max-image-preview":"max-image-preview:large","max-video-preview":"max-video-preview:-1"},"canonical":"https:\/\/www.organisator.ch\/it\/marketing\/2025-01-16\/evoq-neustes-mitglied-von-leading-swiss-agencies\/","og_locale":"it_IT","og_type":"article","og_title":"Evoq neustes Mitglied von Leading Swiss Agencies - Organisator","og_description":"Evoq Communications ist neues Mitglied der Leading Swiss Agencies und bietet nachhaltige Full-Service-Kommunikationsl\u00f6sungen.","og_url":"https:\/\/www.organisator.ch\/it\/marketing\/2025-01-16\/evoq-neustes-mitglied-von-leading-swiss-agencies\/","og_site_name":"Organisator","article_publisher":"https:\/\/www.facebook.com\/OrganisatorFachmagazin","article_published_time":"2025-01-16T07:59:50+00:00","article_modified_time":"2025-01-16T08:28:45+00:00","author":"galledia","twitter_card":"summary_large_image","twitter_creator":"@admin","schema":{"@context":"https:\/\/schema.org","@graph":[{"@type":"Article","@id":"https:\/\/www.organisator.ch\/marketing\/2025-01-16\/evoq-neustes-mitglied-von-leading-swiss-agencies\/#article","isPartOf":{"@id":"https:\/\/www.organisator.ch\/marketing\/2025-01-16\/evoq-neustes-mitglied-von-leading-swiss-agencies\/"},"author":{"name":"galledia","@id":"https:\/\/www.organisator.ch\/#\/schema\/person\/4e51799071cd2dd1232ac003643ef5f0"},"headline":"Evoq neustes Mitglied von Leading Swiss Agencies","datePublished":"2025-01-16T07:59:50+00:00","dateModified":"2025-01-16T08:28:45+00:00","mainEntityOfPage":{"@id":"https:\/\/www.organisator.ch\/marketing\/2025-01-16\/evoq-neustes-mitglied-von-leading-swiss-agencies\/"},"wordCount":155,"publisher":{"@id":"https:\/\/www.organisator.ch\/#organization"},"image":{"@id":"https:\/\/www.organisator.ch\/marketing\/2025-01-16\/evoq-neustes-mitglied-von-leading-swiss-agencies\/#primaryimage"},"thumbnailUrl":"https:\/\/www.markt-kom.com\/wp-content\/uploads\/2025\/01\/evoq_GL_Christian_Sutter_Adrian_Haussener_Dominique_Schaffner_Susanne_Pfaeffli.jpg","keywords":["Evoq","LSA Leading Swiss Agencies","MarKom"],"articleSection":["MARKETING"],"inLanguage":"it-IT"},{"@type":"WebPage","@id":"https:\/\/www.organisator.ch\/marketing\/2025-01-16\/evoq-neustes-mitglied-von-leading-swiss-agencies\/","url":"https:\/\/www.organisator.ch\/marketing\/2025-01-16\/evoq-neustes-mitglied-von-leading-swiss-agencies\/","name":"Evoq \u00e8 il nuovo membro di Leading Swiss Agencies - Organizzatore","isPartOf":{"@id":"https:\/\/www.organisator.ch\/#website"},"primaryImageOfPage":{"@id":"https:\/\/www.organisator.ch\/marketing\/2025-01-16\/evoq-neustes-mitglied-von-leading-swiss-agencies\/#primaryimage"},"image":{"@id":"https:\/\/www.organisator.ch\/marketing\/2025-01-16\/evoq-neustes-mitglied-von-leading-swiss-agencies\/#primaryimage"},"thumbnailUrl":"https:\/\/www.markt-kom.com\/wp-content\/uploads\/2025\/01\/evoq_GL_Christian_Sutter_Adrian_Haussener_Dominique_Schaffner_Susanne_Pfaeffli.jpg","datePublished":"2025-01-16T07:59:50+00:00","dateModified":"2025-01-16T08:28:45+00:00","description":"Evoq Communications \u00e8 un nuovo membro delle Leading Swiss Agencies e offre soluzioni di comunicazione sostenibili e complete.","breadcrumb":{"@id":"https:\/\/www.organisator.ch\/marketing\/2025-01-16\/evoq-neustes-mitglied-von-leading-swiss-agencies\/#breadcrumb"},"inLanguage":"it-IT","potentialAction":[{"@type":"ReadAction","target":["https:\/\/www.organisator.ch\/marketing\/2025-01-16\/evoq-neustes-mitglied-von-leading-swiss-agencies\/"]}]},{"@type":"ImageObject","inLanguage":"it-IT","@id":"https:\/\/www.organisator.ch\/marketing\/2025-01-16\/evoq-neustes-mitglied-von-leading-swiss-agencies\/#primaryimage","url":"https:\/\/www.markt-kom.com\/wp-content\/uploads\/2025\/01\/evoq_GL_Christian_Sutter_Adrian_Haussener_Dominique_Schaffner_Susanne_Pfaeffli.jpg","contentUrl":"https:\/\/www.markt-kom.com\/wp-content\/uploads\/2025\/01\/evoq_GL_Christian_Sutter_Adrian_Haussener_Dominique_Schaffner_Susanne_Pfaeffli.jpg"},{"@type":"BreadcrumbList","@id":"https:\/\/www.organisator.ch\/marketing\/2025-01-16\/evoq-neustes-mitglied-von-leading-swiss-agencies\/#breadcrumb","itemListElement":[{"@type":"ListItem","position":1,"name":"Home","item":"https:\/\/www.organisator.ch\/"},{"@type":"ListItem","position":2,"name":"Evoq neustes Mitglied von Leading Swiss Agencies"}]},{"@type":"WebSite","@id":"https:\/\/www.organisator.ch\/#website","url":"https:\/\/www.organisator.ch\/","name":"Organizzatore","description":"Competente. Pratico. In 10 numeri all'anno, ORGANISATOR presenta i temi essenziali per i manager delle PMI.","publisher":{"@id":"https:\/\/www.organisator.ch\/#organization"},"potentialAction":[{"@type":"SearchAction","target":{"@type":"EntryPoint","urlTemplate":"https:\/\/www.organisator.ch\/?s={search_term_string}"},"query-input":{"@type":"PropertyValueSpecification","valueRequired":true,"valueName":"search_term_string"}}],"inLanguage":"it-IT"},{"@type":"Organization","@id":"https:\/\/www.organisator.ch\/#organization","name":"Organizzatore","url":"https:\/\/www.organisator.ch\/","logo":{"@type":"ImageObject","inLanguage":"it-IT","@id":"https:\/\/www.organisator.ch\/#\/schema\/logo\/image\/","url":"https:\/\/www.organisator.ch\/wp-content\/uploads\/2022\/01\/Logo_Organisator_Website.png","contentUrl":"https:\/\/www.organisator.ch\/wp-content\/uploads\/2022\/01\/Logo_Organisator_Website.png","width":800,"height":77,"caption":"Organisator"},"image":{"@id":"https:\/\/www.organisator.ch\/#\/schema\/logo\/image\/"},"sameAs":["https:\/\/www.facebook.com\/OrganisatorFachmagazin","https:\/\/www.linkedin.com\/showcase\/organisator-das-magazin-fr-kmu","https:\/\/www.xing.com\/news\/pages\/organisator-ch-695","https:\/\/www.youtube.com\/channel\/UCGP2Sq0iWaZwT3BdIAQFYpw"]},{"@type":"Person","@id":"https:\/\/www.organisator.ch\/#\/schema\/person\/4e51799071cd2dd1232ac003643ef5f0","name":"galledia","image":{"@type":"ImageObject","inLanguage":"it-IT","@id":"https:\/\/secure.gravatar.com\/avatar\/78a7f90c01fc2bfc875782a0d4922b37cde2cf184ce347b91316d23cd7f69a36?s=96&d=mm&r=g","url":"https:\/\/secure.gravatar.com\/avatar\/78a7f90c01fc2bfc875782a0d4922b37cde2cf184ce347b91316d23cd7f69a36?s=96&d=mm&r=g","contentUrl":"https:\/\/secure.gravatar.com\/avatar\/78a7f90c01fc2bfc875782a0d4922b37cde2cf184ce347b91316d23cd7f69a36?s=96&d=mm&r=g","caption":"galledia"},"sameAs":["https:\/\/x.com\/admin"],"url":"https:\/\/www.organisator.ch\/it\/author\/galledia\/"}]}},"_links":{"self":[{"href":"https:\/\/www.organisator.ch\/it\/wp-json\/wp\/v2\/posts\/35271","targetHints":{"allow":["GET"]}}],"collection":[{"href":"https:\/\/www.organisator.ch\/it\/wp-json\/wp\/v2\/posts"}],"about":[{"href":"https:\/\/www.organisator.ch\/it\/wp-json\/wp\/v2\/types\/post"}],"author":[{"embeddable":true,"href":"https:\/\/www.organisator.ch\/it\/wp-json\/wp\/v2\/users\/8"}],"replies":[{"embeddable":true,"href":"https:\/\/www.organisator.ch\/it\/wp-json\/wp\/v2\/comments?post=35271"}],"version-history":[{"count":3,"href":"https:\/\/www.organisator.ch\/it\/wp-json\/wp\/v2\/posts\/35271\/revisions"}],"predecessor-version":[{"id":35297,"href":"https:\/\/www.organisator.ch\/it\/wp-json\/wp\/v2\/posts\/35271\/revisions\/35297"}],"wp:attachment":[{"href":"https:\/\/www.organisator.ch\/it\/wp-json\/wp\/v2\/media?parent=35271"}],"wp:term":[{"taxonomy":"category","embeddable":true,"href":"https:\/\/www.organisator.ch\/it\/wp-json\/wp\/v2\/categories?post=35271"},{"taxonomy":"post_tag","embeddable":true,"href":"https:\/\/www.organisator.ch\/it\/wp-json\/wp\/v2\/tags?post=35271"}],"curies":[{"name":"wp","href":"https:\/\/api.w.org\/{rel}","templated":true}]}}