{"id":35273,"date":"2025-01-16T09:15:42","date_gmt":"2025-01-16T08:15:42","guid":{"rendered":"https:\/\/www.markt-kom.com\/?p=228991"},"modified":"2025-01-16T09:30:40","modified_gmt":"2025-01-16T08:30:40","slug":"karim-weber-wird-director-bei-elaboratum-suisse","status":"publish","type":"post","link":"https:\/\/www.organisator.ch\/it\/marketing\/2025-01-16\/karim-weber-wird-director-bei-elaboratum-suisse\/","title":{"rendered":"Karim Weber diventa direttore di Elaboratum Suisse"},"content":{"rendered":"<figure id=\"attachment_228992\" class=\"wp-caption aligncenter\" style=\"width: 1200px;\" aria-describedby=\"caption-attachment-228992\"><a href=\"https:\/\/www.markt-kom.com\/wp-content\/uploads\/2025\/01\/Karim-Weber-Elaboratum-Suisse-Director.jpg\"><img class=\"size-full wp-image-228992\" src=\"https:\/\/www.markt-kom.com\/wp-content\/uploads\/2025\/01\/Karim-Weber-Elaboratum-Suisse-Director.jpg\" sizes=\"(max-width: 1200px) 100vw, 1200px\" srcset=\"https:\/\/www.markt-kom.com\/wp-content\/uploads\/2025\/01\/Karim-Weber-Elaboratum-Suisse-Director.jpg 1200w, https:\/\/www.markt-kom.com\/wp-content\/uploads\/2025\/01\/Karim-Weber-Elaboratum-Suisse-Director-600x450.jpg 600w, https:\/\/www.markt-kom.com\/wp-content\/uploads\/2025\/01\/Karim-Weber-Elaboratum-Suisse-Director-1024x768.jpg 1024w, https:\/\/www.markt-kom.com\/wp-content\/uploads\/2025\/01\/Karim-Weber-Elaboratum-Suisse-Director-768x576.jpg 768w, https:\/\/www.markt-kom.com\/wp-content\/uploads\/2025\/01\/Karim-Weber-Elaboratum-Suisse-Director-16x12.jpg 16w, https:\/\/www.markt-kom.com\/wp-content\/uploads\/2025\/01\/Karim-Weber-Elaboratum-Suisse-Director-233x175.jpg 233w, https:\/\/www.markt-kom.com\/wp-content\/uploads\/2025\/01\/Karim-Weber-Elaboratum-Suisse-Director-467x350.jpg 467w, https:\/\/www.markt-kom.com\/wp-content\/uploads\/2025\/01\/Karim-Weber-Elaboratum-Suisse-Director-1000x750.jpg 1000w\" alt=\"\" width=\"1200\" height=\"900\" \/><\/a>\r\n<figcaption id=\"caption-attachment-228992\" class=\"wp-caption-text\">(Immagine: zVg.)<\/figcaption>\r\n<\/figure>\r\n<p>Nella sua carriera, Karim Weber ha lavorato in diversi settori, quali telecomunicazioni, assicurazioni, e-commerce, moda e lusso. Di recente, \u00e8 stato Partner e Experience Director di Addvanto, dove ha contribuito a definire la direzione strategica in qualit\u00e0 di membro del Consiglio di Amministrazione. In precedenza, ha diretto il \"Future Marketing Lab\" di Swisscom.<\/p>\r\n<p>Con la nomina di Weber, Elaboratum Suisse si concentra sull'espansione dei suoi servizi di consulenza. Nel frattempo, in qualit\u00e0 di nuovo Managing Partner del Gruppo Elaboratum, Marco Schulz porter\u00e0 avanti lo sviluppo strategico dell'intero gruppo, continuando a essere responsabile della gestione di Elaboratum Suisse.<\/p>","protected":false},"excerpt":{"rendered":"<p>Karim Weber entra a far parte del team di Elaboratum Suisse in qualit\u00e0 di direttore, portando con s\u00e9 una vasta esperienza nel marketing data-driven e nella gestione del ciclo di vita dei clienti. Allo stesso tempo, il precedente amministratore delegato Marco Schulz assumer\u00e0 il ruolo di socio amministratore dell'intero gruppo.<\/p>","protected":false},"author":8,"featured_media":0,"comment_status":"closed","ping_status":"closed","sticky":false,"template":"","format":"standard","meta":{"_acf_changed":false,"_yoast_wpseo_focuskw":"Karim Weber","_yoast_wpseo_metadesc":"Karim Weber verst\u00e4rkt Elaboratum Suisse als Director. Marco Schulz wird Managing Partner der Gruppe. Fokus auf datengetriebenes Marketing.","articlekey":"","footnotes":""},"categories":[29],"tags":[4345,5013,2853],"class_list":["post-35273","post","type-post","status-publish","format-standard","hentry","category-marketing","tag-business","tag-elaboratum","tag-jobchange"],"acf":[],"yoast_head":"<!-- This site is optimized with the Yoast SEO plugin v27.5 - https:\/\/yoast.com\/product\/yoast-seo-wordpress\/ -->\n<title>Karim Weber wird Director bei Elaboratum Suisse - Organisator<\/title>\n<meta name=\"description\" content=\"Karim Weber verst\u00e4rkt Elaboratum Suisse als Director. Marco Schulz wird Managing Partner der Gruppe. Fokus auf datengetriebenes Marketing.\" \/>\n<meta name=\"robots\" content=\"index, follow, max-snippet:-1, max-image-preview:large, max-video-preview:-1\" \/>\n<link rel=\"canonical\" href=\"https:\/\/www.organisator.ch\/it\/marketing\/2025-01-16\/karim-weber-wird-director-bei-elaboratum-suisse\/\" \/>\n<meta property=\"og:locale\" content=\"it_IT\" \/>\n<meta property=\"og:type\" content=\"article\" \/>\n<meta property=\"og:title\" content=\"Karim Weber wird Director bei Elaboratum Suisse - Organisator\" \/>\n<meta property=\"og:description\" content=\"Karim Weber verst\u00e4rkt Elaboratum Suisse als Director. Marco Schulz wird Managing Partner der Gruppe. Fokus auf datengetriebenes Marketing.\" \/>\n<meta property=\"og:url\" content=\"https:\/\/www.organisator.ch\/it\/marketing\/2025-01-16\/karim-weber-wird-director-bei-elaboratum-suisse\/\" \/>\n<meta property=\"og:site_name\" content=\"Organisator\" \/>\n<meta property=\"article:publisher\" content=\"https:\/\/www.facebook.com\/OrganisatorFachmagazin\" \/>\n<meta property=\"article:published_time\" content=\"2025-01-16T08:15:42+00:00\" \/>\n<meta property=\"article:modified_time\" content=\"2025-01-16T08:30:40+00:00\" \/>\n<meta name=\"author\" content=\"galledia\" \/>\n<meta name=\"twitter:card\" content=\"summary_large_image\" \/>\n<meta name=\"twitter:creator\" content=\"@admin\" \/>\n<script type=\"application\/ld+json\" class=\"yoast-schema-graph\">{\"@context\":\"https:\\\/\\\/schema.org\",\"@graph\":[{\"@type\":\"Article\",\"@id\":\"https:\\\/\\\/www.organisator.ch\\\/marketing\\\/2025-01-16\\\/karim-weber-wird-director-bei-elaboratum-suisse\\\/#article\",\"isPartOf\":{\"@id\":\"https:\\\/\\\/www.organisator.ch\\\/marketing\\\/2025-01-16\\\/karim-weber-wird-director-bei-elaboratum-suisse\\\/\"},\"author\":{\"name\":\"galledia\",\"@id\":\"https:\\\/\\\/www.organisator.ch\\\/#\\\/schema\\\/person\\\/4e51799071cd2dd1232ac003643ef5f0\"},\"headline\":\"Karim Weber wird Director bei Elaboratum Suisse\",\"datePublished\":\"2025-01-16T08:15:42+00:00\",\"dateModified\":\"2025-01-16T08:30:40+00:00\",\"mainEntityOfPage\":{\"@id\":\"https:\\\/\\\/www.organisator.ch\\\/marketing\\\/2025-01-16\\\/karim-weber-wird-director-bei-elaboratum-suisse\\\/\"},\"wordCount\":97,\"publisher\":{\"@id\":\"https:\\\/\\\/www.organisator.ch\\\/#organization\"},\"image\":{\"@id\":\"https:\\\/\\\/www.organisator.ch\\\/marketing\\\/2025-01-16\\\/karim-weber-wird-director-bei-elaboratum-suisse\\\/#primaryimage\"},\"thumbnailUrl\":\"https:\\\/\\\/www.markt-kom.com\\\/wp-content\\\/uploads\\\/2025\\\/01\\\/Karim-Weber-Elaboratum-Suisse-Director.jpg\",\"keywords\":[\"Business\",\"Elaboratum\",\"Jobchange\"],\"articleSection\":[\"MARKETING\"],\"inLanguage\":\"it-IT\"},{\"@type\":\"WebPage\",\"@id\":\"https:\\\/\\\/www.organisator.ch\\\/marketing\\\/2025-01-16\\\/karim-weber-wird-director-bei-elaboratum-suisse\\\/\",\"url\":\"https:\\\/\\\/www.organisator.ch\\\/marketing\\\/2025-01-16\\\/karim-weber-wird-director-bei-elaboratum-suisse\\\/\",\"name\":\"Karim Weber wird Director bei Elaboratum Suisse - Organisator\",\"isPartOf\":{\"@id\":\"https:\\\/\\\/www.organisator.ch\\\/#website\"},\"primaryImageOfPage\":{\"@id\":\"https:\\\/\\\/www.organisator.ch\\\/marketing\\\/2025-01-16\\\/karim-weber-wird-director-bei-elaboratum-suisse\\\/#primaryimage\"},\"image\":{\"@id\":\"https:\\\/\\\/www.organisator.ch\\\/marketing\\\/2025-01-16\\\/karim-weber-wird-director-bei-elaboratum-suisse\\\/#primaryimage\"},\"thumbnailUrl\":\"https:\\\/\\\/www.markt-kom.com\\\/wp-content\\\/uploads\\\/2025\\\/01\\\/Karim-Weber-Elaboratum-Suisse-Director.jpg\",\"datePublished\":\"2025-01-16T08:15:42+00:00\",\"dateModified\":\"2025-01-16T08:30:40+00:00\",\"description\":\"Karim Weber verst\u00e4rkt Elaboratum Suisse als Director. Marco Schulz wird Managing Partner der Gruppe. Fokus auf datengetriebenes Marketing.\",\"breadcrumb\":{\"@id\":\"https:\\\/\\\/www.organisator.ch\\\/marketing\\\/2025-01-16\\\/karim-weber-wird-director-bei-elaboratum-suisse\\\/#breadcrumb\"},\"inLanguage\":\"it-IT\",\"potentialAction\":[{\"@type\":\"ReadAction\",\"target\":[\"https:\\\/\\\/www.organisator.ch\\\/marketing\\\/2025-01-16\\\/karim-weber-wird-director-bei-elaboratum-suisse\\\/\"]}]},{\"@type\":\"ImageObject\",\"inLanguage\":\"it-IT\",\"@id\":\"https:\\\/\\\/www.organisator.ch\\\/marketing\\\/2025-01-16\\\/karim-weber-wird-director-bei-elaboratum-suisse\\\/#primaryimage\",\"url\":\"https:\\\/\\\/www.markt-kom.com\\\/wp-content\\\/uploads\\\/2025\\\/01\\\/Karim-Weber-Elaboratum-Suisse-Director.jpg\",\"contentUrl\":\"https:\\\/\\\/www.markt-kom.com\\\/wp-content\\\/uploads\\\/2025\\\/01\\\/Karim-Weber-Elaboratum-Suisse-Director.jpg\"},{\"@type\":\"BreadcrumbList\",\"@id\":\"https:\\\/\\\/www.organisator.ch\\\/marketing\\\/2025-01-16\\\/karim-weber-wird-director-bei-elaboratum-suisse\\\/#breadcrumb\",\"itemListElement\":[{\"@type\":\"ListItem\",\"position\":1,\"name\":\"Home\",\"item\":\"https:\\\/\\\/www.organisator.ch\\\/\"},{\"@type\":\"ListItem\",\"position\":2,\"name\":\"Karim Weber wird Director bei Elaboratum Suisse\"}]},{\"@type\":\"WebSite\",\"@id\":\"https:\\\/\\\/www.organisator.ch\\\/#website\",\"url\":\"https:\\\/\\\/www.organisator.ch\\\/\",\"name\":\"Organisator\",\"description\":\"Kompetent. Praxisnah. Der ORGANISATOR bereitet in 10 Ausgaben pro Jahr die wesentlichen Themen f\u00fcr F\u00fchrungskr\u00e4fte von KMU auf.\",\"publisher\":{\"@id\":\"https:\\\/\\\/www.organisator.ch\\\/#organization\"},\"potentialAction\":[{\"@type\":\"SearchAction\",\"target\":{\"@type\":\"EntryPoint\",\"urlTemplate\":\"https:\\\/\\\/www.organisator.ch\\\/?s={search_term_string}\"},\"query-input\":{\"@type\":\"PropertyValueSpecification\",\"valueRequired\":true,\"valueName\":\"search_term_string\"}}],\"inLanguage\":\"it-IT\"},{\"@type\":\"Organization\",\"@id\":\"https:\\\/\\\/www.organisator.ch\\\/#organization\",\"name\":\"Organisator\",\"url\":\"https:\\\/\\\/www.organisator.ch\\\/\",\"logo\":{\"@type\":\"ImageObject\",\"inLanguage\":\"it-IT\",\"@id\":\"https:\\\/\\\/www.organisator.ch\\\/#\\\/schema\\\/logo\\\/image\\\/\",\"url\":\"https:\\\/\\\/www.organisator.ch\\\/wp-content\\\/uploads\\\/2022\\\/01\\\/Logo_Organisator_Website.png\",\"contentUrl\":\"https:\\\/\\\/www.organisator.ch\\\/wp-content\\\/uploads\\\/2022\\\/01\\\/Logo_Organisator_Website.png\",\"width\":800,\"height\":77,\"caption\":\"Organisator\"},\"image\":{\"@id\":\"https:\\\/\\\/www.organisator.ch\\\/#\\\/schema\\\/logo\\\/image\\\/\"},\"sameAs\":[\"https:\\\/\\\/www.facebook.com\\\/OrganisatorFachmagazin\",\"https:\\\/\\\/www.linkedin.com\\\/showcase\\\/organisator-das-magazin-fr-kmu\",\"https:\\\/\\\/www.xing.com\\\/news\\\/pages\\\/organisator-ch-695\",\"https:\\\/\\\/www.youtube.com\\\/channel\\\/UCGP2Sq0iWaZwT3BdIAQFYpw\"]},{\"@type\":\"Person\",\"@id\":\"https:\\\/\\\/www.organisator.ch\\\/#\\\/schema\\\/person\\\/4e51799071cd2dd1232ac003643ef5f0\",\"name\":\"galledia\",\"image\":{\"@type\":\"ImageObject\",\"inLanguage\":\"it-IT\",\"@id\":\"https:\\\/\\\/secure.gravatar.com\\\/avatar\\\/78a7f90c01fc2bfc875782a0d4922b37cde2cf184ce347b91316d23cd7f69a36?s=96&d=mm&r=g\",\"url\":\"https:\\\/\\\/secure.gravatar.com\\\/avatar\\\/78a7f90c01fc2bfc875782a0d4922b37cde2cf184ce347b91316d23cd7f69a36?s=96&d=mm&r=g\",\"contentUrl\":\"https:\\\/\\\/secure.gravatar.com\\\/avatar\\\/78a7f90c01fc2bfc875782a0d4922b37cde2cf184ce347b91316d23cd7f69a36?s=96&d=mm&r=g\",\"caption\":\"galledia\"},\"sameAs\":[\"https:\\\/\\\/x.com\\\/admin\"],\"url\":\"https:\\\/\\\/www.organisator.ch\\\/it\\\/author\\\/galledia\\\/\"}]}<\/script>\n<!-- \/ Yoast SEO plugin. -->","yoast_head_json":{"title":"Karim Weber diventa direttore di Elaboratum Suisse - Organizzatore","description":"Karim Weber entra in Elaboratum Suisse come direttore. Marco Schulz diventa Managing Partner del gruppo. Focus sul marketing guidato dai dati.","robots":{"index":"index","follow":"follow","max-snippet":"max-snippet:-1","max-image-preview":"max-image-preview:large","max-video-preview":"max-video-preview:-1"},"canonical":"https:\/\/www.organisator.ch\/it\/marketing\/2025-01-16\/karim-weber-wird-director-bei-elaboratum-suisse\/","og_locale":"it_IT","og_type":"article","og_title":"Karim Weber wird Director bei Elaboratum Suisse - Organisator","og_description":"Karim Weber verst\u00e4rkt Elaboratum Suisse als Director. Marco Schulz wird Managing Partner der Gruppe. Fokus auf datengetriebenes Marketing.","og_url":"https:\/\/www.organisator.ch\/it\/marketing\/2025-01-16\/karim-weber-wird-director-bei-elaboratum-suisse\/","og_site_name":"Organisator","article_publisher":"https:\/\/www.facebook.com\/OrganisatorFachmagazin","article_published_time":"2025-01-16T08:15:42+00:00","article_modified_time":"2025-01-16T08:30:40+00:00","author":"galledia","twitter_card":"summary_large_image","twitter_creator":"@admin","schema":{"@context":"https:\/\/schema.org","@graph":[{"@type":"Article","@id":"https:\/\/www.organisator.ch\/marketing\/2025-01-16\/karim-weber-wird-director-bei-elaboratum-suisse\/#article","isPartOf":{"@id":"https:\/\/www.organisator.ch\/marketing\/2025-01-16\/karim-weber-wird-director-bei-elaboratum-suisse\/"},"author":{"name":"galledia","@id":"https:\/\/www.organisator.ch\/#\/schema\/person\/4e51799071cd2dd1232ac003643ef5f0"},"headline":"Karim Weber wird Director bei Elaboratum Suisse","datePublished":"2025-01-16T08:15:42+00:00","dateModified":"2025-01-16T08:30:40+00:00","mainEntityOfPage":{"@id":"https:\/\/www.organisator.ch\/marketing\/2025-01-16\/karim-weber-wird-director-bei-elaboratum-suisse\/"},"wordCount":97,"publisher":{"@id":"https:\/\/www.organisator.ch\/#organization"},"image":{"@id":"https:\/\/www.organisator.ch\/marketing\/2025-01-16\/karim-weber-wird-director-bei-elaboratum-suisse\/#primaryimage"},"thumbnailUrl":"https:\/\/www.markt-kom.com\/wp-content\/uploads\/2025\/01\/Karim-Weber-Elaboratum-Suisse-Director.jpg","keywords":["Business","Elaboratum","Jobchange"],"articleSection":["MARKETING"],"inLanguage":"it-IT"},{"@type":"WebPage","@id":"https:\/\/www.organisator.ch\/marketing\/2025-01-16\/karim-weber-wird-director-bei-elaboratum-suisse\/","url":"https:\/\/www.organisator.ch\/marketing\/2025-01-16\/karim-weber-wird-director-bei-elaboratum-suisse\/","name":"Karim Weber diventa direttore di Elaboratum Suisse - Organizzatore","isPartOf":{"@id":"https:\/\/www.organisator.ch\/#website"},"primaryImageOfPage":{"@id":"https:\/\/www.organisator.ch\/marketing\/2025-01-16\/karim-weber-wird-director-bei-elaboratum-suisse\/#primaryimage"},"image":{"@id":"https:\/\/www.organisator.ch\/marketing\/2025-01-16\/karim-weber-wird-director-bei-elaboratum-suisse\/#primaryimage"},"thumbnailUrl":"https:\/\/www.markt-kom.com\/wp-content\/uploads\/2025\/01\/Karim-Weber-Elaboratum-Suisse-Director.jpg","datePublished":"2025-01-16T08:15:42+00:00","dateModified":"2025-01-16T08:30:40+00:00","description":"Karim Weber entra in Elaboratum Suisse come direttore. Marco Schulz diventa Managing Partner del gruppo. Focus sul marketing guidato dai dati.","breadcrumb":{"@id":"https:\/\/www.organisator.ch\/marketing\/2025-01-16\/karim-weber-wird-director-bei-elaboratum-suisse\/#breadcrumb"},"inLanguage":"it-IT","potentialAction":[{"@type":"ReadAction","target":["https:\/\/www.organisator.ch\/marketing\/2025-01-16\/karim-weber-wird-director-bei-elaboratum-suisse\/"]}]},{"@type":"ImageObject","inLanguage":"it-IT","@id":"https:\/\/www.organisator.ch\/marketing\/2025-01-16\/karim-weber-wird-director-bei-elaboratum-suisse\/#primaryimage","url":"https:\/\/www.markt-kom.com\/wp-content\/uploads\/2025\/01\/Karim-Weber-Elaboratum-Suisse-Director.jpg","contentUrl":"https:\/\/www.markt-kom.com\/wp-content\/uploads\/2025\/01\/Karim-Weber-Elaboratum-Suisse-Director.jpg"},{"@type":"BreadcrumbList","@id":"https:\/\/www.organisator.ch\/marketing\/2025-01-16\/karim-weber-wird-director-bei-elaboratum-suisse\/#breadcrumb","itemListElement":[{"@type":"ListItem","position":1,"name":"Home","item":"https:\/\/www.organisator.ch\/"},{"@type":"ListItem","position":2,"name":"Karim Weber wird Director bei Elaboratum Suisse"}]},{"@type":"WebSite","@id":"https:\/\/www.organisator.ch\/#website","url":"https:\/\/www.organisator.ch\/","name":"Organizzatore","description":"Competente. Pratico. In 10 numeri all'anno, ORGANISATOR presenta i temi essenziali per i manager delle PMI.","publisher":{"@id":"https:\/\/www.organisator.ch\/#organization"},"potentialAction":[{"@type":"SearchAction","target":{"@type":"EntryPoint","urlTemplate":"https:\/\/www.organisator.ch\/?s={search_term_string}"},"query-input":{"@type":"PropertyValueSpecification","valueRequired":true,"valueName":"search_term_string"}}],"inLanguage":"it-IT"},{"@type":"Organization","@id":"https:\/\/www.organisator.ch\/#organization","name":"Organizzatore","url":"https:\/\/www.organisator.ch\/","logo":{"@type":"ImageObject","inLanguage":"it-IT","@id":"https:\/\/www.organisator.ch\/#\/schema\/logo\/image\/","url":"https:\/\/www.organisator.ch\/wp-content\/uploads\/2022\/01\/Logo_Organisator_Website.png","contentUrl":"https:\/\/www.organisator.ch\/wp-content\/uploads\/2022\/01\/Logo_Organisator_Website.png","width":800,"height":77,"caption":"Organisator"},"image":{"@id":"https:\/\/www.organisator.ch\/#\/schema\/logo\/image\/"},"sameAs":["https:\/\/www.facebook.com\/OrganisatorFachmagazin","https:\/\/www.linkedin.com\/showcase\/organisator-das-magazin-fr-kmu","https:\/\/www.xing.com\/news\/pages\/organisator-ch-695","https:\/\/www.youtube.com\/channel\/UCGP2Sq0iWaZwT3BdIAQFYpw"]},{"@type":"Person","@id":"https:\/\/www.organisator.ch\/#\/schema\/person\/4e51799071cd2dd1232ac003643ef5f0","name":"galledia","image":{"@type":"ImageObject","inLanguage":"it-IT","@id":"https:\/\/secure.gravatar.com\/avatar\/78a7f90c01fc2bfc875782a0d4922b37cde2cf184ce347b91316d23cd7f69a36?s=96&d=mm&r=g","url":"https:\/\/secure.gravatar.com\/avatar\/78a7f90c01fc2bfc875782a0d4922b37cde2cf184ce347b91316d23cd7f69a36?s=96&d=mm&r=g","contentUrl":"https:\/\/secure.gravatar.com\/avatar\/78a7f90c01fc2bfc875782a0d4922b37cde2cf184ce347b91316d23cd7f69a36?s=96&d=mm&r=g","caption":"galledia"},"sameAs":["https:\/\/x.com\/admin"],"url":"https:\/\/www.organisator.ch\/it\/author\/galledia\/"}]}},"_links":{"self":[{"href":"https:\/\/www.organisator.ch\/it\/wp-json\/wp\/v2\/posts\/35273","targetHints":{"allow":["GET"]}}],"collection":[{"href":"https:\/\/www.organisator.ch\/it\/wp-json\/wp\/v2\/posts"}],"about":[{"href":"https:\/\/www.organisator.ch\/it\/wp-json\/wp\/v2\/types\/post"}],"author":[{"embeddable":true,"href":"https:\/\/www.organisator.ch\/it\/wp-json\/wp\/v2\/users\/8"}],"replies":[{"embeddable":true,"href":"https:\/\/www.organisator.ch\/it\/wp-json\/wp\/v2\/comments?post=35273"}],"version-history":[{"count":3,"href":"https:\/\/www.organisator.ch\/it\/wp-json\/wp\/v2\/posts\/35273\/revisions"}],"predecessor-version":[{"id":35298,"href":"https:\/\/www.organisator.ch\/it\/wp-json\/wp\/v2\/posts\/35273\/revisions\/35298"}],"wp:attachment":[{"href":"https:\/\/www.organisator.ch\/it\/wp-json\/wp\/v2\/media?parent=35273"}],"wp:term":[{"taxonomy":"category","embeddable":true,"href":"https:\/\/www.organisator.ch\/it\/wp-json\/wp\/v2\/categories?post=35273"},{"taxonomy":"post_tag","embeddable":true,"href":"https:\/\/www.organisator.ch\/it\/wp-json\/wp\/v2\/tags?post=35273"}],"curies":[{"name":"wp","href":"https:\/\/api.w.org\/{rel}","templated":true}]}}