{"id":35309,"date":"2025-01-17T07:15:08","date_gmt":"2025-01-17T06:15:08","guid":{"rendered":"https:\/\/www.organisator.ch\/?p=35309"},"modified":"2025-01-16T15:29:08","modified_gmt":"2025-01-16T14:29:08","slug":"experte-warnt-vor-manager-mangel-eine-aussterbende-spezies","status":"publish","type":"post","link":"https:\/\/www.organisator.ch\/it\/human-resources\/2025-01-17\/experte-warnt-vor-manager-mangel-eine-aussterbende-spezies\/","title":{"rendered":"L'esperto avverte della carenza di manager: una razza in via di estinzione?"},"content":{"rendered":"<figure id=\"attachment_35311\" aria-describedby=\"caption-attachment-35311\" style=\"width: 680px\" class=\"wp-caption alignnone\"><img loading=\"lazy\" decoding=\"async\" class=\"size-full wp-image-35311\" src=\"https:\/\/www.organisator.ch\/wp-content\/uploads\/2025\/01\/Butterflymanager_Bild1_ps.jpg\" alt=\"\" width=\"680\" height=\"454\" srcset=\"https:\/\/www.organisator.ch\/wp-content\/uploads\/2025\/01\/Butterflymanager_Bild1_ps.jpg 680w, https:\/\/www.organisator.ch\/wp-content\/uploads\/2025\/01\/Butterflymanager_Bild1_ps-18x12.jpg 18w, https:\/\/www.organisator.ch\/wp-content\/uploads\/2025\/01\/Butterflymanager_Bild1_ps-375x250.jpg 375w, https:\/\/www.organisator.ch\/wp-content\/uploads\/2025\/01\/Butterflymanager_Bild1_ps-524x350.jpg 524w\" sizes=\"auto, (max-width: 680px) 100vw, 680px\" \/><figcaption id=\"caption-attachment-35311\" class=\"wp-caption-text\">L'interim management come soluzione alla carenza di competenze: il dottor Harald Sch\u00f6nfeld spiega come Butterflymanager supporta le aziende. (Immagine: www.depositphotos.com)<\/figcaption><\/figure>\n<p>Harald Sch\u00f6nfeld, amministratore delegato della societ\u00e0 di consulenza del personale Butterflymanager, specializzata nel collocamento di manager ad interim, spiega: \"Il basso tasso di natalit\u00e0 sta portando a una riduzione del bacino di giovani idonei a ricoprire posizioni dirigenziali. La cosiddetta 'guerra dei talenti' si intensificher\u00e0 inevitabilmente. Le aziende dovranno abituarsi al fatto che non saranno pi\u00f9 in grado di occupare in modo permanente ogni posizione manageriale con un manager qualificato\". L'esperto di management sa per esperienza che gi\u00e0 oggi, soprattutto nelle aziende di medie dimensioni, le posizioni manageriali importanti vengono spesso occupate per mesi con manager ad interim per colmare i posti vacanti.<\/p>\n<p>Inoltre, il dottor Harald Sch\u00f6nfeld ritiene che la prossima generazione di manager abbia una visione pi\u00f9 sicura della propria professione. Spiega: \"I tradizionali stimoli di carriera legati al potere e al denaro sono sempre meno attraenti per i giovani. La nuova generazione di manager cerca una maggiore realizzazione di s\u00e9 e un significato nella propria vita professionale. Naturalmente chiedono un migliore equilibrio tra lavoro e vita privata rispetto al precedente gruppo dirigente\".<\/p>\n<h3><strong>I manager ad interim come via d'uscita dalla crisi manageriale<\/strong><\/h3>\n<p>Butterflymanager si \u00e8 gi\u00e0 preparata a una crescente domanda di interim manager come via d'uscita dalla \"crisi dei manager\", afferma il dottor Harald Sch\u00f6nfeld. Egli \u00e8 anche amministratore delegato della comunit\u00e0 di interim manager United Interim. Secondo lui, la domanda di interim manager \u00e8 in aumento da oltre un anno.<\/p>\n<p>Il dottor Harald Sch\u00f6nfeld guarda al futuro: \"Con circa 15.000 manager specializzati in interim management nei Paesi di lingua tedesca, \u00e8 ancora considerato un mercato di nicchia, ma in futuro diventer\u00e0 sempre pi\u00f9 diffuso\". Le sue previsioni non si basano solo sulla carenza di manager, ma anche sui cambiamenti a livello aziendale. In numerosi colloqui con i membri dei consigli di amministrazione, gli amministratori delegati e i membri dei consigli di sorveglianza, si \u00e8 reso conto che ai vertici delle aziende si sta verificando un ripensamento. Sta diventando sempre pi\u00f9 chiaro che le gerarchie manageriali tentacolari spesso portano a una guerra di trincea interna, alla burocrazia, a una visione superficiale, alla cecit\u00e0 operativa e all'inerzia, che sono dannose per l'azienda. I manager ad interim vengono inseriti in azienda per compiti specifici. Offrono preziose risorse manageriali che vanno ben oltre la copertura dei posti vacanti e agiscono indipendentemente dalle strutture interne\".<\/p>\n<p>L'esperto di management cita come esempio attuale l'introduzione dell'intelligenza artificiale nelle aziende. \"I dirigenti di medio livello sono spesso troppo timorosi di perdere il proprio posto di lavoro per impegnarsi seriamente nell'introduzione dell'IA su larga scala\", afferma il dottor Harald Sch\u00f6nfeld, che ha lavorato a diversi progetti. \"L'obiettivo di ridurre la burocrazia, non solo nella pubblica amministrazione ma anche nelle aziende, \u00e8 spesso legato all'introduzione su larga scala dell'IA per snellire le gerarchie di gestione\". Il dott. Harald Sch\u00f6nfeld \u00e8 convinto che, sebbene i manager licenziati in genere non troveranno pi\u00f9 una posizione permanente adeguata e nemmeno la cercheranno, possono \"in molti casi avere un ottimo effetto\" come manager ad interim svincolati da un corsetto specifico dell'azienda. Ha spesso constatato che molti manager possono applicare davvero la loro creativit\u00e0, assertivit\u00e0 ed esperienza a un compito solo quando non sono pi\u00f9 confinati nella gerarchia di un'organizzazione rigida.<\/p>\n<h3>Come Butterflymanager supporta le aziende<\/h3>\n<p>Butterflymanager \u00e8 una societ\u00e0 di consulenza del personale specializzata nell'inserimento di temporary manager da oltre 20 anni. I manager ad interim sono dirigenti temporanei che colmano i posti vacanti o assumono compiti speciali. Il metodo butterflymanager, sviluppato dall'amministratore delegato Dr. Harald Sch\u00f6nfeld, \u00e8 un sistema in 5 fasi per trovare sistematicamente il giusto interim manager nel pi\u00f9 breve tempo possibile e per impiegarlo con successo in azienda. Le cinque fasi comprendono: 1. chiarimento dell'incarico, 2. ricerca di candidati, 3. supporto decisionale, 4. partnership contrattuale e 5. supporto al progetto. Alla luce della carenza di specialisti e manager qualificati, i manager ad interim hanno un ruolo fondamentale per il successo operativo. Harald Sch\u00f6nfeld \u00e8 anche fondatore e amministratore delegato di United Interim, la principale comunit\u00e0 online di interim manager nei Paesi di lingua tedesca. \u00c8 anche l'editore della serie di libri specializzati \"Learning from Interim Managers\", pubblicata dal think tank delle Nazioni Unite Diplomatic Council. In qualit\u00e0 di membro certificato del consiglio di sorveglianza e del consiglio consultivo, Harald Sch\u00f6nfeld assume personalmente i mandati corrispondenti.<\/p>\n<p><em>Fonte: <a href=\"http:\/\/www.butterflymanager.com\">www.butterflymanager.com<\/a><\/em><\/p>","protected":false},"excerpt":{"rendered":"<p>\"La carenza di lavoratori qualificati non si ferma al livello dirigenziale\", ha osservato l'esperto di management Harald Sch\u00f6nfeld. Egli prevede che presto sar\u00e0 difficile trovare bravi manager come artigiani o badanti. Egli cita il fattore demografico e la nuova concezione dell'equilibrio tra lavoro e vita privata come le ragioni principali di questo sviluppo, che non si ferma alle alte sfere del management.<\/p>","protected":false},"author":80,"featured_media":35311,"comment_status":"closed","ping_status":"closed","sticky":false,"template":"","format":"standard","meta":{"_acf_changed":false,"_yoast_wpseo_focuskw":"Interim Management","_yoast_wpseo_metadesc":"Interim Management als L\u00f6sung f\u00fcr den Fachkr\u00e4ftemangel: Dr. Harald Sch\u00f6nfeld erkl\u00e4rt, wie Butterflymanager Unternehmen unterst\u00fctzt.","articlekey":"","footnotes":""},"categories":[579],"tags":[194,5017,277,492,538],"class_list":["post-35309","post","type-post","status-publish","format-standard","has-post-thumbnail","hentry","category-human-resources","tag-fachkraeftemangel","tag-fuehrungskraft","tag-interimmanagement","tag-unternehmen","tag-work-life-balance"],"acf":[],"yoast_head":"<!-- This site is optimized with the Yoast SEO plugin v27.5 - https:\/\/yoast.com\/product\/yoast-seo-wordpress\/ -->\n<title>Experte warnt vor Manager-Mangel: Eine aussterbende Spezies? - Organisator<\/title>\n<meta name=\"description\" content=\"Interim Management als L\u00f6sung f\u00fcr den Fachkr\u00e4ftemangel: Dr. Harald Sch\u00f6nfeld erkl\u00e4rt, wie Butterflymanager Unternehmen unterst\u00fctzt.\" \/>\n<meta name=\"robots\" content=\"index, follow, max-snippet:-1, max-image-preview:large, max-video-preview:-1\" \/>\n<link rel=\"canonical\" href=\"https:\/\/www.organisator.ch\/it\/risorse-umane\/2025-01-17\/experte-warnt-vor-manager-mangel-eine-aussterbende-spezies\/\" \/>\n<meta property=\"og:locale\" content=\"it_IT\" \/>\n<meta property=\"og:type\" content=\"article\" \/>\n<meta property=\"og:title\" content=\"Experte warnt vor Manager-Mangel: Eine aussterbende Spezies?\" \/>\n<meta property=\"og:description\" content=\"Interim Management als L\u00f6sung f\u00fcr den Fachkr\u00e4ftemangel: Dr. Harald Sch\u00f6nfeld erkl\u00e4rt, wie Butterflymanager Unternehmen unterst\u00fctzt.\" \/>\n<meta property=\"og:url\" content=\"https:\/\/www.organisator.ch\/it\/risorse-umane\/2025-01-17\/experte-warnt-vor-manager-mangel-eine-aussterbende-spezies\/\" \/>\n<meta property=\"og:site_name\" content=\"Organisator\" \/>\n<meta property=\"article:publisher\" content=\"https:\/\/www.facebook.com\/OrganisatorFachmagazin\" \/>\n<meta property=\"article:published_time\" content=\"2025-01-17T06:15:08+00:00\" \/>\n<meta property=\"og:image\" content=\"https:\/\/www.organisator.ch\/wp-content\/uploads\/2025\/01\/Butterflymanager_Bild1_ps.jpg\" \/>\n\t<meta property=\"og:image:width\" content=\"680\" \/>\n\t<meta property=\"og:image:height\" content=\"454\" \/>\n\t<meta property=\"og:image:type\" content=\"image\/jpeg\" \/>\n<meta name=\"author\" content=\"Dzana Muminovic\" \/>\n<meta name=\"twitter:card\" content=\"summary_large_image\" \/>\n<meta name=\"twitter:title\" content=\"Experte warnt vor Manager-Mangel: Eine aussterbende Spezies?\" \/>\n<meta name=\"twitter:description\" content=\"#Interim #Management als #L\u00f6sung f\u00fcr den #Fachkr\u00e4ftemangel: Dr. Harald Sch\u00f6nfeld erkl\u00e4rt, wie #Butterflymanager #Unternehmen unterst\u00fctzt.\" \/>\n<meta name=\"twitter:image\" content=\"https:\/\/www.organisator.ch\/wp-content\/uploads\/2025\/01\/Butterflymanager_Bild1_ps.jpg\" \/>\n<script type=\"application\/ld+json\" class=\"yoast-schema-graph\">{\"@context\":\"https:\\\/\\\/schema.org\",\"@graph\":[{\"@type\":\"Article\",\"@id\":\"https:\\\/\\\/www.organisator.ch\\\/human-resources\\\/2025-01-17\\\/experte-warnt-vor-manager-mangel-eine-aussterbende-spezies\\\/#article\",\"isPartOf\":{\"@id\":\"https:\\\/\\\/www.organisator.ch\\\/human-resources\\\/2025-01-17\\\/experte-warnt-vor-manager-mangel-eine-aussterbende-spezies\\\/\"},\"author\":{\"name\":\"Dzana Muminovic\",\"@id\":\"https:\\\/\\\/www.organisator.ch\\\/#\\\/schema\\\/person\\\/afccda3a71c06d4be2ed9100dd163db7\"},\"headline\":\"Experte warnt vor Manager-Mangel: Eine aussterbende Spezies?\",\"datePublished\":\"2025-01-17T06:15:08+00:00\",\"mainEntityOfPage\":{\"@id\":\"https:\\\/\\\/www.organisator.ch\\\/human-resources\\\/2025-01-17\\\/experte-warnt-vor-manager-mangel-eine-aussterbende-spezies\\\/\"},\"wordCount\":727,\"publisher\":{\"@id\":\"https:\\\/\\\/www.organisator.ch\\\/#organization\"},\"image\":{\"@id\":\"https:\\\/\\\/www.organisator.ch\\\/human-resources\\\/2025-01-17\\\/experte-warnt-vor-manager-mangel-eine-aussterbende-spezies\\\/#primaryimage\"},\"thumbnailUrl\":\"https:\\\/\\\/www.organisator.ch\\\/wp-content\\\/uploads\\\/2025\\\/01\\\/Butterflymanager_Bild1_ps.jpg\",\"keywords\":[\"Fachkr\u00e4ftemangel\",\"F\u00fchrungskraft\",\"Interimmanagement\",\"Unternehmen\",\"Work-Life-Balance\"],\"articleSection\":[\"HUMAN RESOURCES\"],\"inLanguage\":\"it-IT\"},{\"@type\":\"WebPage\",\"@id\":\"https:\\\/\\\/www.organisator.ch\\\/human-resources\\\/2025-01-17\\\/experte-warnt-vor-manager-mangel-eine-aussterbende-spezies\\\/\",\"url\":\"https:\\\/\\\/www.organisator.ch\\\/human-resources\\\/2025-01-17\\\/experte-warnt-vor-manager-mangel-eine-aussterbende-spezies\\\/\",\"name\":\"Experte warnt vor Manager-Mangel: Eine aussterbende Spezies? - Organisator\",\"isPartOf\":{\"@id\":\"https:\\\/\\\/www.organisator.ch\\\/#website\"},\"primaryImageOfPage\":{\"@id\":\"https:\\\/\\\/www.organisator.ch\\\/human-resources\\\/2025-01-17\\\/experte-warnt-vor-manager-mangel-eine-aussterbende-spezies\\\/#primaryimage\"},\"image\":{\"@id\":\"https:\\\/\\\/www.organisator.ch\\\/human-resources\\\/2025-01-17\\\/experte-warnt-vor-manager-mangel-eine-aussterbende-spezies\\\/#primaryimage\"},\"thumbnailUrl\":\"https:\\\/\\\/www.organisator.ch\\\/wp-content\\\/uploads\\\/2025\\\/01\\\/Butterflymanager_Bild1_ps.jpg\",\"datePublished\":\"2025-01-17T06:15:08+00:00\",\"description\":\"Interim Management als L\u00f6sung f\u00fcr den Fachkr\u00e4ftemangel: Dr. Harald Sch\u00f6nfeld erkl\u00e4rt, wie Butterflymanager Unternehmen unterst\u00fctzt.\",\"breadcrumb\":{\"@id\":\"https:\\\/\\\/www.organisator.ch\\\/human-resources\\\/2025-01-17\\\/experte-warnt-vor-manager-mangel-eine-aussterbende-spezies\\\/#breadcrumb\"},\"inLanguage\":\"it-IT\",\"potentialAction\":[{\"@type\":\"ReadAction\",\"target\":[\"https:\\\/\\\/www.organisator.ch\\\/human-resources\\\/2025-01-17\\\/experte-warnt-vor-manager-mangel-eine-aussterbende-spezies\\\/\"]}]},{\"@type\":\"ImageObject\",\"inLanguage\":\"it-IT\",\"@id\":\"https:\\\/\\\/www.organisator.ch\\\/human-resources\\\/2025-01-17\\\/experte-warnt-vor-manager-mangel-eine-aussterbende-spezies\\\/#primaryimage\",\"url\":\"https:\\\/\\\/www.organisator.ch\\\/wp-content\\\/uploads\\\/2025\\\/01\\\/Butterflymanager_Bild1_ps.jpg\",\"contentUrl\":\"https:\\\/\\\/www.organisator.ch\\\/wp-content\\\/uploads\\\/2025\\\/01\\\/Butterflymanager_Bild1_ps.jpg\",\"width\":680,\"height\":454,\"caption\":\"Interim Management als L\u00f6sung f\u00fcr den Fachkr\u00e4ftemangel: Dr. Harald Sch\u00f6nfeld erkl\u00e4rt, wie Butterflymanager Unternehmen unterst\u00fctzt. (Bild: www.depositphotos.com)\"},{\"@type\":\"BreadcrumbList\",\"@id\":\"https:\\\/\\\/www.organisator.ch\\\/human-resources\\\/2025-01-17\\\/experte-warnt-vor-manager-mangel-eine-aussterbende-spezies\\\/#breadcrumb\",\"itemListElement\":[{\"@type\":\"ListItem\",\"position\":1,\"name\":\"Home\",\"item\":\"https:\\\/\\\/www.organisator.ch\\\/\"},{\"@type\":\"ListItem\",\"position\":2,\"name\":\"Experte warnt vor Manager-Mangel: Eine aussterbende Spezies?\"}]},{\"@type\":\"WebSite\",\"@id\":\"https:\\\/\\\/www.organisator.ch\\\/#website\",\"url\":\"https:\\\/\\\/www.organisator.ch\\\/\",\"name\":\"Organisator\",\"description\":\"Kompetent. Praxisnah. Der ORGANISATOR bereitet in 10 Ausgaben pro Jahr die wesentlichen Themen f\u00fcr F\u00fchrungskr\u00e4fte von KMU auf.\",\"publisher\":{\"@id\":\"https:\\\/\\\/www.organisator.ch\\\/#organization\"},\"potentialAction\":[{\"@type\":\"SearchAction\",\"target\":{\"@type\":\"EntryPoint\",\"urlTemplate\":\"https:\\\/\\\/www.organisator.ch\\\/?s={search_term_string}\"},\"query-input\":{\"@type\":\"PropertyValueSpecification\",\"valueRequired\":true,\"valueName\":\"search_term_string\"}}],\"inLanguage\":\"it-IT\"},{\"@type\":\"Organization\",\"@id\":\"https:\\\/\\\/www.organisator.ch\\\/#organization\",\"name\":\"Organisator\",\"url\":\"https:\\\/\\\/www.organisator.ch\\\/\",\"logo\":{\"@type\":\"ImageObject\",\"inLanguage\":\"it-IT\",\"@id\":\"https:\\\/\\\/www.organisator.ch\\\/#\\\/schema\\\/logo\\\/image\\\/\",\"url\":\"https:\\\/\\\/www.organisator.ch\\\/wp-content\\\/uploads\\\/2022\\\/01\\\/Logo_Organisator_Website.png\",\"contentUrl\":\"https:\\\/\\\/www.organisator.ch\\\/wp-content\\\/uploads\\\/2022\\\/01\\\/Logo_Organisator_Website.png\",\"width\":800,\"height\":77,\"caption\":\"Organisator\"},\"image\":{\"@id\":\"https:\\\/\\\/www.organisator.ch\\\/#\\\/schema\\\/logo\\\/image\\\/\"},\"sameAs\":[\"https:\\\/\\\/www.facebook.com\\\/OrganisatorFachmagazin\",\"https:\\\/\\\/www.linkedin.com\\\/showcase\\\/organisator-das-magazin-fr-kmu\",\"https:\\\/\\\/www.xing.com\\\/news\\\/pages\\\/organisator-ch-695\",\"https:\\\/\\\/www.youtube.com\\\/channel\\\/UCGP2Sq0iWaZwT3BdIAQFYpw\"]},{\"@type\":\"Person\",\"@id\":\"https:\\\/\\\/www.organisator.ch\\\/#\\\/schema\\\/person\\\/afccda3a71c06d4be2ed9100dd163db7\",\"name\":\"Dzana Muminovic\",\"image\":{\"@type\":\"ImageObject\",\"inLanguage\":\"it-IT\",\"@id\":\"https:\\\/\\\/secure.gravatar.com\\\/avatar\\\/909c5c71aff4b38e88686f2ab2f1ba152571f394f41ed8bae431ea56ced93050?s=96&d=mm&r=g\",\"url\":\"https:\\\/\\\/secure.gravatar.com\\\/avatar\\\/909c5c71aff4b38e88686f2ab2f1ba152571f394f41ed8bae431ea56ced93050?s=96&d=mm&r=g\",\"contentUrl\":\"https:\\\/\\\/secure.gravatar.com\\\/avatar\\\/909c5c71aff4b38e88686f2ab2f1ba152571f394f41ed8bae431ea56ced93050?s=96&d=mm&r=g\",\"caption\":\"Dzana Muminovic\"},\"url\":\"https:\\\/\\\/www.organisator.ch\\\/it\\\/author\\\/dzana-muminovic\\\/\"}]}<\/script>\n<!-- \/ Yoast SEO plugin. -->","yoast_head_json":{"title":"L'esperto avverte della carenza di manager: una razza in via di estinzione? - Organizzatore","description":"L'interim management come soluzione alla carenza di competenze: il dottor Harald Sch\u00f6nfeld spiega come Butterflymanager supporta le aziende.","robots":{"index":"index","follow":"follow","max-snippet":"max-snippet:-1","max-image-preview":"max-image-preview:large","max-video-preview":"max-video-preview:-1"},"canonical":"https:\/\/www.organisator.ch\/it\/risorse-umane\/2025-01-17\/experte-warnt-vor-manager-mangel-eine-aussterbende-spezies\/","og_locale":"it_IT","og_type":"article","og_title":"Experte warnt vor Manager-Mangel: Eine aussterbende Spezies?","og_description":"Interim Management als L\u00f6sung f\u00fcr den Fachkr\u00e4ftemangel: Dr. Harald Sch\u00f6nfeld erkl\u00e4rt, wie Butterflymanager Unternehmen unterst\u00fctzt.","og_url":"https:\/\/www.organisator.ch\/it\/risorse-umane\/2025-01-17\/experte-warnt-vor-manager-mangel-eine-aussterbende-spezies\/","og_site_name":"Organisator","article_publisher":"https:\/\/www.facebook.com\/OrganisatorFachmagazin","article_published_time":"2025-01-17T06:15:08+00:00","og_image":[{"width":680,"height":454,"url":"https:\/\/www.organisator.ch\/wp-content\/uploads\/2025\/01\/Butterflymanager_Bild1_ps.jpg","type":"image\/jpeg"}],"author":"Dzana Muminovic","twitter_card":"summary_large_image","twitter_title":"Experte warnt vor Manager-Mangel: Eine aussterbende Spezies?","twitter_description":"#Interim #Management als #L\u00f6sung f\u00fcr den #Fachkr\u00e4ftemangel: Dr. Harald Sch\u00f6nfeld erkl\u00e4rt, wie #Butterflymanager #Unternehmen unterst\u00fctzt.","twitter_image":"https:\/\/www.organisator.ch\/wp-content\/uploads\/2025\/01\/Butterflymanager_Bild1_ps.jpg","schema":{"@context":"https:\/\/schema.org","@graph":[{"@type":"Article","@id":"https:\/\/www.organisator.ch\/human-resources\/2025-01-17\/experte-warnt-vor-manager-mangel-eine-aussterbende-spezies\/#article","isPartOf":{"@id":"https:\/\/www.organisator.ch\/human-resources\/2025-01-17\/experte-warnt-vor-manager-mangel-eine-aussterbende-spezies\/"},"author":{"name":"Dzana Muminovic","@id":"https:\/\/www.organisator.ch\/#\/schema\/person\/afccda3a71c06d4be2ed9100dd163db7"},"headline":"Experte warnt vor Manager-Mangel: Eine aussterbende Spezies?","datePublished":"2025-01-17T06:15:08+00:00","mainEntityOfPage":{"@id":"https:\/\/www.organisator.ch\/human-resources\/2025-01-17\/experte-warnt-vor-manager-mangel-eine-aussterbende-spezies\/"},"wordCount":727,"publisher":{"@id":"https:\/\/www.organisator.ch\/#organization"},"image":{"@id":"https:\/\/www.organisator.ch\/human-resources\/2025-01-17\/experte-warnt-vor-manager-mangel-eine-aussterbende-spezies\/#primaryimage"},"thumbnailUrl":"https:\/\/www.organisator.ch\/wp-content\/uploads\/2025\/01\/Butterflymanager_Bild1_ps.jpg","keywords":["Fachkr\u00e4ftemangel","F\u00fchrungskraft","Interimmanagement","Unternehmen","Work-Life-Balance"],"articleSection":["HUMAN RESOURCES"],"inLanguage":"it-IT"},{"@type":"WebPage","@id":"https:\/\/www.organisator.ch\/human-resources\/2025-01-17\/experte-warnt-vor-manager-mangel-eine-aussterbende-spezies\/","url":"https:\/\/www.organisator.ch\/human-resources\/2025-01-17\/experte-warnt-vor-manager-mangel-eine-aussterbende-spezies\/","name":"L'esperto avverte della carenza di manager: una razza in via di estinzione? - Organizzatore","isPartOf":{"@id":"https:\/\/www.organisator.ch\/#website"},"primaryImageOfPage":{"@id":"https:\/\/www.organisator.ch\/human-resources\/2025-01-17\/experte-warnt-vor-manager-mangel-eine-aussterbende-spezies\/#primaryimage"},"image":{"@id":"https:\/\/www.organisator.ch\/human-resources\/2025-01-17\/experte-warnt-vor-manager-mangel-eine-aussterbende-spezies\/#primaryimage"},"thumbnailUrl":"https:\/\/www.organisator.ch\/wp-content\/uploads\/2025\/01\/Butterflymanager_Bild1_ps.jpg","datePublished":"2025-01-17T06:15:08+00:00","description":"L'interim management come soluzione alla carenza di competenze: il dottor Harald Sch\u00f6nfeld spiega come Butterflymanager supporta le aziende.","breadcrumb":{"@id":"https:\/\/www.organisator.ch\/human-resources\/2025-01-17\/experte-warnt-vor-manager-mangel-eine-aussterbende-spezies\/#breadcrumb"},"inLanguage":"it-IT","potentialAction":[{"@type":"ReadAction","target":["https:\/\/www.organisator.ch\/human-resources\/2025-01-17\/experte-warnt-vor-manager-mangel-eine-aussterbende-spezies\/"]}]},{"@type":"ImageObject","inLanguage":"it-IT","@id":"https:\/\/www.organisator.ch\/human-resources\/2025-01-17\/experte-warnt-vor-manager-mangel-eine-aussterbende-spezies\/#primaryimage","url":"https:\/\/www.organisator.ch\/wp-content\/uploads\/2025\/01\/Butterflymanager_Bild1_ps.jpg","contentUrl":"https:\/\/www.organisator.ch\/wp-content\/uploads\/2025\/01\/Butterflymanager_Bild1_ps.jpg","width":680,"height":454,"caption":"Interim Management als L\u00f6sung f\u00fcr den Fachkr\u00e4ftemangel: Dr. Harald Sch\u00f6nfeld erkl\u00e4rt, wie Butterflymanager Unternehmen unterst\u00fctzt. (Bild: www.depositphotos.com)"},{"@type":"BreadcrumbList","@id":"https:\/\/www.organisator.ch\/human-resources\/2025-01-17\/experte-warnt-vor-manager-mangel-eine-aussterbende-spezies\/#breadcrumb","itemListElement":[{"@type":"ListItem","position":1,"name":"Home","item":"https:\/\/www.organisator.ch\/"},{"@type":"ListItem","position":2,"name":"Experte warnt vor Manager-Mangel: Eine aussterbende Spezies?"}]},{"@type":"WebSite","@id":"https:\/\/www.organisator.ch\/#website","url":"https:\/\/www.organisator.ch\/","name":"Organizzatore","description":"Competente. Pratico. In 10 numeri all'anno, ORGANISATOR presenta i temi essenziali per i manager delle PMI.","publisher":{"@id":"https:\/\/www.organisator.ch\/#organization"},"potentialAction":[{"@type":"SearchAction","target":{"@type":"EntryPoint","urlTemplate":"https:\/\/www.organisator.ch\/?s={search_term_string}"},"query-input":{"@type":"PropertyValueSpecification","valueRequired":true,"valueName":"search_term_string"}}],"inLanguage":"it-IT"},{"@type":"Organization","@id":"https:\/\/www.organisator.ch\/#organization","name":"Organizzatore","url":"https:\/\/www.organisator.ch\/","logo":{"@type":"ImageObject","inLanguage":"it-IT","@id":"https:\/\/www.organisator.ch\/#\/schema\/logo\/image\/","url":"https:\/\/www.organisator.ch\/wp-content\/uploads\/2022\/01\/Logo_Organisator_Website.png","contentUrl":"https:\/\/www.organisator.ch\/wp-content\/uploads\/2022\/01\/Logo_Organisator_Website.png","width":800,"height":77,"caption":"Organisator"},"image":{"@id":"https:\/\/www.organisator.ch\/#\/schema\/logo\/image\/"},"sameAs":["https:\/\/www.facebook.com\/OrganisatorFachmagazin","https:\/\/www.linkedin.com\/showcase\/organisator-das-magazin-fr-kmu","https:\/\/www.xing.com\/news\/pages\/organisator-ch-695","https:\/\/www.youtube.com\/channel\/UCGP2Sq0iWaZwT3BdIAQFYpw"]},{"@type":"Person","@id":"https:\/\/www.organisator.ch\/#\/schema\/person\/afccda3a71c06d4be2ed9100dd163db7","name":"Dzana Muminovic","image":{"@type":"ImageObject","inLanguage":"it-IT","@id":"https:\/\/secure.gravatar.com\/avatar\/909c5c71aff4b38e88686f2ab2f1ba152571f394f41ed8bae431ea56ced93050?s=96&d=mm&r=g","url":"https:\/\/secure.gravatar.com\/avatar\/909c5c71aff4b38e88686f2ab2f1ba152571f394f41ed8bae431ea56ced93050?s=96&d=mm&r=g","contentUrl":"https:\/\/secure.gravatar.com\/avatar\/909c5c71aff4b38e88686f2ab2f1ba152571f394f41ed8bae431ea56ced93050?s=96&d=mm&r=g","caption":"Dzana Muminovic"},"url":"https:\/\/www.organisator.ch\/it\/author\/dzana-muminovic\/"}]}},"_links":{"self":[{"href":"https:\/\/www.organisator.ch\/it\/wp-json\/wp\/v2\/posts\/35309","targetHints":{"allow":["GET"]}}],"collection":[{"href":"https:\/\/www.organisator.ch\/it\/wp-json\/wp\/v2\/posts"}],"about":[{"href":"https:\/\/www.organisator.ch\/it\/wp-json\/wp\/v2\/types\/post"}],"author":[{"embeddable":true,"href":"https:\/\/www.organisator.ch\/it\/wp-json\/wp\/v2\/users\/80"}],"replies":[{"embeddable":true,"href":"https:\/\/www.organisator.ch\/it\/wp-json\/wp\/v2\/comments?post=35309"}],"version-history":[{"count":4,"href":"https:\/\/www.organisator.ch\/it\/wp-json\/wp\/v2\/posts\/35309\/revisions"}],"predecessor-version":[{"id":35355,"href":"https:\/\/www.organisator.ch\/it\/wp-json\/wp\/v2\/posts\/35309\/revisions\/35355"}],"wp:featuredmedia":[{"embeddable":true,"href":"https:\/\/www.organisator.ch\/it\/wp-json\/wp\/v2\/media\/35311"}],"wp:attachment":[{"href":"https:\/\/www.organisator.ch\/it\/wp-json\/wp\/v2\/media?parent=35309"}],"wp:term":[{"taxonomy":"category","embeddable":true,"href":"https:\/\/www.organisator.ch\/it\/wp-json\/wp\/v2\/categories?post=35309"},{"taxonomy":"post_tag","embeddable":true,"href":"https:\/\/www.organisator.ch\/it\/wp-json\/wp\/v2\/tags?post=35309"}],"curies":[{"name":"wp","href":"https:\/\/api.w.org\/{rel}","templated":true}]}}