{"id":3531,"date":"2018-05-02T08:07:31","date_gmt":"2018-05-02T06:07:31","guid":{"rendered":"https:\/\/www.organisator.ch\/?p=3531"},"modified":"2018-05-02T08:07:31","modified_gmt":"2018-05-02T06:07:31","slug":"abschaltwelle-der-swisscom-laesst-internettelefonie-wachsen","status":"publish","type":"post","link":"https:\/\/www.organisator.ch\/it\/management\/it\/2018-05-02\/abschaltwelle-der-swisscom-laesst-internettelefonie-wachsen\/","title":{"rendered":"L'ondata di spegnimento di Swisscom fa crescere la telefonia via internet"},"content":{"rendered":"<figure id=\"attachment_3532\" aria-describedby=\"caption-attachment-3532\" style=\"width: 479px\" class=\"wp-caption alignnone\"><img loading=\"lazy\" decoding=\"async\" class=\"size-full wp-image-3532\" src=\"https:\/\/www.organisator.ch\/wp-content\/uploads\/2018\/05\/Abschaltwelle-der-Swisscom-laesst-Internettelefonie-wachsen_Organisator.jpg\" alt=\"\" width=\"479\" height=\"640\" srcset=\"https:\/\/www.organisator.ch\/wp-content\/uploads\/2018\/05\/Abschaltwelle-der-Swisscom-laesst-Internettelefonie-wachsen_Organisator.jpg 479w, https:\/\/www.organisator.ch\/wp-content\/uploads\/2018\/05\/Abschaltwelle-der-Swisscom-laesst-Internettelefonie-wachsen_Organisator-9x12.jpg 9w, https:\/\/www.organisator.ch\/wp-content\/uploads\/2018\/05\/Abschaltwelle-der-Swisscom-laesst-Internettelefonie-wachsen_Organisator-131x175.jpg 131w, https:\/\/www.organisator.ch\/wp-content\/uploads\/2018\/05\/Abschaltwelle-der-Swisscom-laesst-Internettelefonie-wachsen_Organisator-262x350.jpg 262w, https:\/\/www.organisator.ch\/wp-content\/uploads\/2018\/05\/Abschaltwelle-der-Swisscom-laesst-Internettelefonie-wachsen_Organisator-300x401.jpg 300w\" sizes=\"auto, (max-width: 479px) 100vw, 479px\" \/><figcaption id=\"caption-attachment-3532\" class=\"wp-caption-text\">Matthias Oswald, amministratore delegato di iWay, si aspetta una continua e forte crescita nella telefonia via internet. (Immagine: zVg)<\/figcaption><\/figure>\n<p>La iWay AG, con sede a Zurigo, \u00e8 uno dei principali Internet Service Provider (ISP) svizzeri per privati e piccole e medie imprese. Fondata nel 1995, l'azienda offre soluzioni personalizzate nelle aree di accesso a Internet, telefonia VoIP, e-mail, hosting e data center. Nell'ultimo anno, iWay \u00e8 stata una filiale interamente controllata dalla St.Gallisch-Appenzellische Kraftwerke SAK. L'azienda ha recentemente fornito informazioni sulle sue attuali cifre economiche e sui nuovi servizi.<\/p>\n<h2>La telefonia via Internet come area di crescita<\/h2>\n<p>Megatrend come la mobilit\u00e0 e il cloud computing significano che la necessit\u00e0 di una comunicazione aziendale affidabile sta crescendo anche tra le aziende pi\u00f9 piccole, ha annunciato iWay in una conferenza stampa a met\u00e0 aprile. \"L'accettazione della comunicazione unificata e delle moderne forme di collaborazione si \u00e8 gi\u00e0 notevolmente rafforzata e continuer\u00e0 ad aumentare, soprattutto nell'ambito delle aziende pi\u00f9 piccole\", afferma l'amministratore delegato Matthias Oswald. iWay beneficer\u00e0 quindi sempre di pi\u00f9 della combinazione di telefonia, soluzioni per riunioni, messaggistica e gestione della disponibilit\u00e0 mobile presso le aziende K. Inoltre, Oswald si aspetta una forte crescita nel settore della telefonia Internet VoIP ben oltre l'anno in corso, grazie al passaggio a \"All IP\" di Swisscom. \"La telefonia Internet rimarr\u00e0 un'area di crescita superiore alla media per noi nel medio termine. Da un lato, perch\u00e9 l'ondata di cancellazioni di Swisscom \u00e8 tutt'altro che finita. D'altra parte, perch\u00e9 molte aziende non si preoccupano nemmeno dell'argomento al momento\", dice Oswald. L'esperienza mostra, tuttavia, che dopo il passaggio \"forzato\" al Voice Over IP, molte aziende diventano solo gradualmente consapevoli che ci sono interessanti alternative alla telefonia Internet. iWay offre un prodotto unico specifico per le PMI: un gateway VoIP che \u00e8 collegato a una centrale telefonica esistente. Questo significa che un'azienda non deve sostituire il suo centralino esistente con grandi spese, ma diventa comunque capace di VoIP.<\/p>\n<h2>Servizio unico per le aziende IT<\/h2>\n<p>iWay si aspetta anche una forte crescita da \"Virtual ISP\", un servizio innovativo per le aziende IT che \u00e8 unico in Svizzera. In qualit\u00e0 di Virtual ISP, ogni azienda IT pu\u00f2 allestire e gestire per i propri clienti ordini automatizzati di fibra ottica e DSL su uno speciale portale partner su tutte le reti cittadine e sulla rete Swisscom. I partner wholesale di iWay sono cos\u00ec in grado di fungere da ISP per i loro clienti sotto il proprio nome, senza dover allestire complessi collegamenti di rete e stipulare costosi contratti con Swisscom o altre reti cittadine. iWay pu\u00f2 assumere su richiesta l'intero processo commerciale con Virtual ISP, dalla configurazione dei router dei clienti alla loro spedizione e fatturazione per conto del partner. \"Con Virtual ISP, qualsiasi azienda IT pu\u00f2 ora diventare un provider Internet senza doversi preoccupare delle questioni legate alla rete\", dice Oswald. Infine, a met\u00e0 anno, tutti i prodotti di telefonia IP saranno resi disponibili per Virtual ISP.<\/p>\n<p><em>Informazioni: <a href=\"http:\/\/www.iway.ch\">www.iway.ch<\/a><\/em><\/p>\n<p>&nbsp;<\/p>\n<p>&nbsp;<\/p>","protected":false},"excerpt":{"rendered":"<p>iWay AG mit Sitz in Z\u00fcrich geh\u00f6rt zu den f\u00fchrenden Schweizer Internet Service Providern (ISP) f\u00fcr Privatpersonen sowie kleinere und mittlere Unternehmen. Das 1995 gegr\u00fcndete Unternehmen bietet massgeschneiderte L\u00f6sungen in den Bereichen Internet Access, VoIP-Telefonie, E-Mail, Hosting und Datacenter.\u00a0Seit einem Jahr ist iWay eine 100-prozentige Tochter der St.Gallisch-Appenzellischen Kraftwerke SAK. K\u00fcrzlich orientierte das Unternehmen \u00fcber [&hellip;]<\/p>\n","protected":false},"author":4,"featured_media":3532,"comment_status":"open","ping_status":"open","sticky":false,"template":"","format":"standard","meta":{"_acf_changed":false,"_yoast_wpseo_focuskw":"Internettelefonie","_yoast_wpseo_metadesc":"Der Internet Service Provider (ISP) iWay konnte im Gesch\u00e4ftsjahr 2017 seinen Umsatz von 15,9 um 34 Prozent auf 21,3 Millionen Franken steigern. F\u00fcr das laufende Jahr rechnet iWay-Gesch\u00e4ftsf\u00fchrer Matthias Oswald wieder mit einem ausgezeichneten Jahr.","articlekey":"","footnotes":""},"categories":[27],"tags":[123,286,393,492],"class_list":["post-3531","post","type-post","status-publish","format-standard","has-post-thumbnail","hentry","category-it","tag-cloud-computing","tag-it","tag-produkte","tag-unternehmen"],"acf":[],"yoast_head":"<!-- This site is optimized with the Yoast SEO plugin v27.5 - https:\/\/yoast.com\/product\/yoast-seo-wordpress\/ -->\n<title>Abschaltwelle der Swisscom l\u00e4sst Internettelefonie wachsen - Organisator<\/title>\n<meta name=\"description\" content=\"Der Internet Service Provider (ISP) iWay konnte im Gesch\u00e4ftsjahr 2017 seinen Umsatz von 15,9 um 34 Prozent auf 21,3 Millionen Franken steigern. F\u00fcr das laufende Jahr rechnet iWay-Gesch\u00e4ftsf\u00fchrer Matthias Oswald wieder mit einem ausgezeichneten Jahr.\" \/>\n<meta name=\"robots\" content=\"index, follow, max-snippet:-1, max-image-preview:large, max-video-preview:-1\" \/>\n<link rel=\"canonical\" href=\"https:\/\/www.organisator.ch\/it\/gestione-2\/it\/2018-05-02\/abschaltwelle-der-swisscom-laesst-internettelefonie-wachsen\/\" \/>\n<meta property=\"og:locale\" content=\"it_IT\" \/>\n<meta property=\"og:type\" content=\"article\" \/>\n<meta property=\"og:title\" content=\"Abschaltwelle der Swisscom l\u00e4sst Internettelefonie wachsen\" \/>\n<meta property=\"og:description\" content=\"Der Internet Service Provider (ISP) #iWay konnte im Gesch\u00e4ftsjahr 2017 seinen Umsatz von 15,9 um 34 Prozent auf 21,3 Millionen Franken steigern. F\u00fcr das laufende Jahr rechnet iWay-Gesch\u00e4ftsf\u00fchrer Matthias Oswald wieder mit einem ausgezeichneten Jahr.\" \/>\n<meta property=\"og:url\" content=\"https:\/\/www.organisator.ch\/it\/gestione-2\/it\/2018-05-02\/abschaltwelle-der-swisscom-laesst-internettelefonie-wachsen\/\" \/>\n<meta property=\"og:site_name\" content=\"Organisator\" \/>\n<meta property=\"article:publisher\" content=\"https:\/\/www.facebook.com\/OrganisatorFachmagazin\" \/>\n<meta property=\"article:published_time\" content=\"2018-05-02T06:07:31+00:00\" \/>\n<meta property=\"og:image\" content=\"https:\/\/www.organisator.ch\/wp-content\/uploads\/2018\/05\/Abschaltwelle-der-Swisscom-laesst-Internettelefonie-wachsen_Organisator.jpg\" \/>\n\t<meta property=\"og:image:width\" content=\"479\" \/>\n\t<meta property=\"og:image:height\" content=\"640\" \/>\n\t<meta property=\"og:image:type\" content=\"image\/jpeg\" \/>\n<meta name=\"author\" content=\"thomas.berner\" \/>\n<meta name=\"twitter:card\" content=\"summary_large_image\" \/>\n<meta name=\"twitter:title\" content=\"Abschaltwelle der Swisscom l\u00e4sst #Internettelefonie wachsen\" \/>\n<meta name=\"twitter:description\" content=\"Der Internet Service Provider (ISP) #iWay konnte im Gesch\u00e4ftsjahr 2017 seinen Umsatz von 15,9 um 34 Prozent auf 21,3 Millionen Franken steigern. F\u00fcr das laufende Jahr rechnet iWay-Gesch\u00e4ftsf\u00fchrer Matthias Oswald wieder mit einem ausgezeichneten Jahr.\" \/>\n<meta name=\"twitter:image\" content=\"https:\/\/www.organisator.ch\/wp-content\/uploads\/2018\/05\/Abschaltwelle-der-Swisscom-l\u00e4sst-Internettelefonie-wachsen_Organisator.jpg\" \/>\n<script type=\"application\/ld+json\" class=\"yoast-schema-graph\">{\"@context\":\"https:\\\/\\\/schema.org\",\"@graph\":[{\"@type\":\"Article\",\"@id\":\"https:\\\/\\\/www.organisator.ch\\\/management\\\/it\\\/2018-05-02\\\/abschaltwelle-der-swisscom-laesst-internettelefonie-wachsen\\\/#article\",\"isPartOf\":{\"@id\":\"https:\\\/\\\/www.organisator.ch\\\/management\\\/it\\\/2018-05-02\\\/abschaltwelle-der-swisscom-laesst-internettelefonie-wachsen\\\/\"},\"author\":{\"name\":\"thomas.berner\",\"@id\":\"https:\\\/\\\/www.organisator.ch\\\/#\\\/schema\\\/person\\\/6f650f90b2842cd4c0cc334b4e36f67e\"},\"headline\":\"Abschaltwelle der Swisscom l\u00e4sst Internettelefonie wachsen\",\"datePublished\":\"2018-05-02T06:07:31+00:00\",\"mainEntityOfPage\":{\"@id\":\"https:\\\/\\\/www.organisator.ch\\\/management\\\/it\\\/2018-05-02\\\/abschaltwelle-der-swisscom-laesst-internettelefonie-wachsen\\\/\"},\"wordCount\":481,\"commentCount\":0,\"publisher\":{\"@id\":\"https:\\\/\\\/www.organisator.ch\\\/#organization\"},\"image\":{\"@id\":\"https:\\\/\\\/www.organisator.ch\\\/management\\\/it\\\/2018-05-02\\\/abschaltwelle-der-swisscom-laesst-internettelefonie-wachsen\\\/#primaryimage\"},\"thumbnailUrl\":\"https:\\\/\\\/www.organisator.ch\\\/wp-content\\\/uploads\\\/2018\\\/05\\\/Abschaltwelle-der-Swisscom-laesst-Internettelefonie-wachsen_Organisator.jpg\",\"keywords\":[\"Cloud Computing\",\"IT\",\"Produkte\",\"Unternehmen\"],\"articleSection\":[\"IT\"],\"inLanguage\":\"it-IT\"},{\"@type\":\"WebPage\",\"@id\":\"https:\\\/\\\/www.organisator.ch\\\/management\\\/it\\\/2018-05-02\\\/abschaltwelle-der-swisscom-laesst-internettelefonie-wachsen\\\/\",\"url\":\"https:\\\/\\\/www.organisator.ch\\\/management\\\/it\\\/2018-05-02\\\/abschaltwelle-der-swisscom-laesst-internettelefonie-wachsen\\\/\",\"name\":\"Abschaltwelle der Swisscom l\u00e4sst Internettelefonie wachsen - Organisator\",\"isPartOf\":{\"@id\":\"https:\\\/\\\/www.organisator.ch\\\/#website\"},\"primaryImageOfPage\":{\"@id\":\"https:\\\/\\\/www.organisator.ch\\\/management\\\/it\\\/2018-05-02\\\/abschaltwelle-der-swisscom-laesst-internettelefonie-wachsen\\\/#primaryimage\"},\"image\":{\"@id\":\"https:\\\/\\\/www.organisator.ch\\\/management\\\/it\\\/2018-05-02\\\/abschaltwelle-der-swisscom-laesst-internettelefonie-wachsen\\\/#primaryimage\"},\"thumbnailUrl\":\"https:\\\/\\\/www.organisator.ch\\\/wp-content\\\/uploads\\\/2018\\\/05\\\/Abschaltwelle-der-Swisscom-laesst-Internettelefonie-wachsen_Organisator.jpg\",\"datePublished\":\"2018-05-02T06:07:31+00:00\",\"description\":\"Der Internet Service Provider (ISP) iWay konnte im Gesch\u00e4ftsjahr 2017 seinen Umsatz von 15,9 um 34 Prozent auf 21,3 Millionen Franken steigern. F\u00fcr das laufende Jahr rechnet iWay-Gesch\u00e4ftsf\u00fchrer Matthias Oswald wieder mit einem ausgezeichneten Jahr.\",\"breadcrumb\":{\"@id\":\"https:\\\/\\\/www.organisator.ch\\\/management\\\/it\\\/2018-05-02\\\/abschaltwelle-der-swisscom-laesst-internettelefonie-wachsen\\\/#breadcrumb\"},\"inLanguage\":\"it-IT\",\"potentialAction\":[{\"@type\":\"ReadAction\",\"target\":[\"https:\\\/\\\/www.organisator.ch\\\/management\\\/it\\\/2018-05-02\\\/abschaltwelle-der-swisscom-laesst-internettelefonie-wachsen\\\/\"]}]},{\"@type\":\"ImageObject\",\"inLanguage\":\"it-IT\",\"@id\":\"https:\\\/\\\/www.organisator.ch\\\/management\\\/it\\\/2018-05-02\\\/abschaltwelle-der-swisscom-laesst-internettelefonie-wachsen\\\/#primaryimage\",\"url\":\"https:\\\/\\\/www.organisator.ch\\\/wp-content\\\/uploads\\\/2018\\\/05\\\/Abschaltwelle-der-Swisscom-laesst-Internettelefonie-wachsen_Organisator.jpg\",\"contentUrl\":\"https:\\\/\\\/www.organisator.ch\\\/wp-content\\\/uploads\\\/2018\\\/05\\\/Abschaltwelle-der-Swisscom-laesst-Internettelefonie-wachsen_Organisator.jpg\",\"width\":479,\"height\":640,\"caption\":\"Matthias Oswald, Gesch\u00e4ftsf\u00fchrer von iWay rechnet mit weiterhin starkem Wachstum bei der Internettelefonie. (Bild: zVg)\"},{\"@type\":\"BreadcrumbList\",\"@id\":\"https:\\\/\\\/www.organisator.ch\\\/management\\\/it\\\/2018-05-02\\\/abschaltwelle-der-swisscom-laesst-internettelefonie-wachsen\\\/#breadcrumb\",\"itemListElement\":[{\"@type\":\"ListItem\",\"position\":1,\"name\":\"Home\",\"item\":\"https:\\\/\\\/www.organisator.ch\\\/\"},{\"@type\":\"ListItem\",\"position\":2,\"name\":\"Abschaltwelle der Swisscom l\u00e4sst Internettelefonie wachsen\"}]},{\"@type\":\"WebSite\",\"@id\":\"https:\\\/\\\/www.organisator.ch\\\/#website\",\"url\":\"https:\\\/\\\/www.organisator.ch\\\/\",\"name\":\"Organisator\",\"description\":\"Kompetent. Praxisnah. Der ORGANISATOR bereitet in 10 Ausgaben pro Jahr die wesentlichen Themen f\u00fcr F\u00fchrungskr\u00e4fte von KMU auf.\",\"publisher\":{\"@id\":\"https:\\\/\\\/www.organisator.ch\\\/#organization\"},\"potentialAction\":[{\"@type\":\"SearchAction\",\"target\":{\"@type\":\"EntryPoint\",\"urlTemplate\":\"https:\\\/\\\/www.organisator.ch\\\/?s={search_term_string}\"},\"query-input\":{\"@type\":\"PropertyValueSpecification\",\"valueRequired\":true,\"valueName\":\"search_term_string\"}}],\"inLanguage\":\"it-IT\"},{\"@type\":\"Organization\",\"@id\":\"https:\\\/\\\/www.organisator.ch\\\/#organization\",\"name\":\"Organisator\",\"url\":\"https:\\\/\\\/www.organisator.ch\\\/\",\"logo\":{\"@type\":\"ImageObject\",\"inLanguage\":\"it-IT\",\"@id\":\"https:\\\/\\\/www.organisator.ch\\\/#\\\/schema\\\/logo\\\/image\\\/\",\"url\":\"https:\\\/\\\/www.organisator.ch\\\/wp-content\\\/uploads\\\/2022\\\/01\\\/Logo_Organisator_Website.png\",\"contentUrl\":\"https:\\\/\\\/www.organisator.ch\\\/wp-content\\\/uploads\\\/2022\\\/01\\\/Logo_Organisator_Website.png\",\"width\":800,\"height\":77,\"caption\":\"Organisator\"},\"image\":{\"@id\":\"https:\\\/\\\/www.organisator.ch\\\/#\\\/schema\\\/logo\\\/image\\\/\"},\"sameAs\":[\"https:\\\/\\\/www.facebook.com\\\/OrganisatorFachmagazin\",\"https:\\\/\\\/www.linkedin.com\\\/showcase\\\/organisator-das-magazin-fr-kmu\",\"https:\\\/\\\/www.xing.com\\\/news\\\/pages\\\/organisator-ch-695\",\"https:\\\/\\\/www.youtube.com\\\/channel\\\/UCGP2Sq0iWaZwT3BdIAQFYpw\"]},{\"@type\":\"Person\",\"@id\":\"https:\\\/\\\/www.organisator.ch\\\/#\\\/schema\\\/person\\\/6f650f90b2842cd4c0cc334b4e36f67e\",\"name\":\"thomas.berner\",\"image\":{\"@type\":\"ImageObject\",\"inLanguage\":\"it-IT\",\"@id\":\"https:\\\/\\\/secure.gravatar.com\\\/avatar\\\/ac5001d2a36cb6c6cd3e50789007ffca834b477b74a2144564522e944eabff61?s=96&d=mm&r=g\",\"url\":\"https:\\\/\\\/secure.gravatar.com\\\/avatar\\\/ac5001d2a36cb6c6cd3e50789007ffca834b477b74a2144564522e944eabff61?s=96&d=mm&r=g\",\"contentUrl\":\"https:\\\/\\\/secure.gravatar.com\\\/avatar\\\/ac5001d2a36cb6c6cd3e50789007ffca834b477b74a2144564522e944eabff61?s=96&d=mm&r=g\",\"caption\":\"thomas.berner\"},\"url\":\"https:\\\/\\\/www.organisator.ch\\\/it\\\/author\\\/thomas-berner\\\/\"}]}<\/script>\n<!-- \/ Yoast SEO plugin. -->","yoast_head_json":{"title":"L'ondata di disattivazione di Swisscom fa crescere la telefonia via internet - Organizzatore","description":"L'Internet Service Provider (ISP) iWay \u00e8 riuscito ad aumentare il proprio fatturato del 34%, passando da 15,9 a 21,3 milioni di franchi svizzeri nell'anno commerciale 2017. Per l'anno in corso, l'amministratore delegato di iWay Matthias Oswald prevede un altro anno eccellente.","robots":{"index":"index","follow":"follow","max-snippet":"max-snippet:-1","max-image-preview":"max-image-preview:large","max-video-preview":"max-video-preview:-1"},"canonical":"https:\/\/www.organisator.ch\/it\/gestione-2\/it\/2018-05-02\/abschaltwelle-der-swisscom-laesst-internettelefonie-wachsen\/","og_locale":"it_IT","og_type":"article","og_title":"Abschaltwelle der Swisscom l\u00e4sst Internettelefonie wachsen","og_description":"Der Internet Service Provider (ISP) #iWay konnte im Gesch\u00e4ftsjahr 2017 seinen Umsatz von 15,9 um 34 Prozent auf 21,3 Millionen Franken steigern. F\u00fcr das laufende Jahr rechnet iWay-Gesch\u00e4ftsf\u00fchrer Matthias Oswald wieder mit einem ausgezeichneten Jahr.","og_url":"https:\/\/www.organisator.ch\/it\/gestione-2\/it\/2018-05-02\/abschaltwelle-der-swisscom-laesst-internettelefonie-wachsen\/","og_site_name":"Organisator","article_publisher":"https:\/\/www.facebook.com\/OrganisatorFachmagazin","article_published_time":"2018-05-02T06:07:31+00:00","og_image":[{"width":479,"height":640,"url":"https:\/\/www.organisator.ch\/wp-content\/uploads\/2018\/05\/Abschaltwelle-der-Swisscom-laesst-Internettelefonie-wachsen_Organisator.jpg","type":"image\/jpeg"}],"author":"thomas.berner","twitter_card":"summary_large_image","twitter_title":"Abschaltwelle der Swisscom l\u00e4sst #Internettelefonie wachsen","twitter_description":"Der Internet Service Provider (ISP) #iWay konnte im Gesch\u00e4ftsjahr 2017 seinen Umsatz von 15,9 um 34 Prozent auf 21,3 Millionen Franken steigern. F\u00fcr das laufende Jahr rechnet iWay-Gesch\u00e4ftsf\u00fchrer Matthias Oswald wieder mit einem ausgezeichneten Jahr.","twitter_image":"https:\/\/www.organisator.ch\/wp-content\/uploads\/2018\/05\/Abschaltwelle-der-Swisscom-l\u00e4sst-Internettelefonie-wachsen_Organisator.jpg","schema":{"@context":"https:\/\/schema.org","@graph":[{"@type":"Article","@id":"https:\/\/www.organisator.ch\/management\/it\/2018-05-02\/abschaltwelle-der-swisscom-laesst-internettelefonie-wachsen\/#article","isPartOf":{"@id":"https:\/\/www.organisator.ch\/management\/it\/2018-05-02\/abschaltwelle-der-swisscom-laesst-internettelefonie-wachsen\/"},"author":{"name":"thomas.berner","@id":"https:\/\/www.organisator.ch\/#\/schema\/person\/6f650f90b2842cd4c0cc334b4e36f67e"},"headline":"Abschaltwelle der Swisscom l\u00e4sst Internettelefonie wachsen","datePublished":"2018-05-02T06:07:31+00:00","mainEntityOfPage":{"@id":"https:\/\/www.organisator.ch\/management\/it\/2018-05-02\/abschaltwelle-der-swisscom-laesst-internettelefonie-wachsen\/"},"wordCount":481,"commentCount":0,"publisher":{"@id":"https:\/\/www.organisator.ch\/#organization"},"image":{"@id":"https:\/\/www.organisator.ch\/management\/it\/2018-05-02\/abschaltwelle-der-swisscom-laesst-internettelefonie-wachsen\/#primaryimage"},"thumbnailUrl":"https:\/\/www.organisator.ch\/wp-content\/uploads\/2018\/05\/Abschaltwelle-der-Swisscom-laesst-Internettelefonie-wachsen_Organisator.jpg","keywords":["Cloud Computing","IT","Produkte","Unternehmen"],"articleSection":["IT"],"inLanguage":"it-IT"},{"@type":"WebPage","@id":"https:\/\/www.organisator.ch\/management\/it\/2018-05-02\/abschaltwelle-der-swisscom-laesst-internettelefonie-wachsen\/","url":"https:\/\/www.organisator.ch\/management\/it\/2018-05-02\/abschaltwelle-der-swisscom-laesst-internettelefonie-wachsen\/","name":"L'ondata di disattivazione di Swisscom fa crescere la telefonia via internet - Organizzatore","isPartOf":{"@id":"https:\/\/www.organisator.ch\/#website"},"primaryImageOfPage":{"@id":"https:\/\/www.organisator.ch\/management\/it\/2018-05-02\/abschaltwelle-der-swisscom-laesst-internettelefonie-wachsen\/#primaryimage"},"image":{"@id":"https:\/\/www.organisator.ch\/management\/it\/2018-05-02\/abschaltwelle-der-swisscom-laesst-internettelefonie-wachsen\/#primaryimage"},"thumbnailUrl":"https:\/\/www.organisator.ch\/wp-content\/uploads\/2018\/05\/Abschaltwelle-der-Swisscom-laesst-Internettelefonie-wachsen_Organisator.jpg","datePublished":"2018-05-02T06:07:31+00:00","description":"L'Internet Service Provider (ISP) iWay \u00e8 riuscito ad aumentare il proprio fatturato del 34%, passando da 15,9 a 21,3 milioni di franchi svizzeri nell'anno commerciale 2017. Per l'anno in corso, l'amministratore delegato di iWay Matthias Oswald prevede un altro anno eccellente.","breadcrumb":{"@id":"https:\/\/www.organisator.ch\/management\/it\/2018-05-02\/abschaltwelle-der-swisscom-laesst-internettelefonie-wachsen\/#breadcrumb"},"inLanguage":"it-IT","potentialAction":[{"@type":"ReadAction","target":["https:\/\/www.organisator.ch\/management\/it\/2018-05-02\/abschaltwelle-der-swisscom-laesst-internettelefonie-wachsen\/"]}]},{"@type":"ImageObject","inLanguage":"it-IT","@id":"https:\/\/www.organisator.ch\/management\/it\/2018-05-02\/abschaltwelle-der-swisscom-laesst-internettelefonie-wachsen\/#primaryimage","url":"https:\/\/www.organisator.ch\/wp-content\/uploads\/2018\/05\/Abschaltwelle-der-Swisscom-laesst-Internettelefonie-wachsen_Organisator.jpg","contentUrl":"https:\/\/www.organisator.ch\/wp-content\/uploads\/2018\/05\/Abschaltwelle-der-Swisscom-laesst-Internettelefonie-wachsen_Organisator.jpg","width":479,"height":640,"caption":"Matthias Oswald, Gesch\u00e4ftsf\u00fchrer von iWay rechnet mit weiterhin starkem Wachstum bei der Internettelefonie. (Bild: zVg)"},{"@type":"BreadcrumbList","@id":"https:\/\/www.organisator.ch\/management\/it\/2018-05-02\/abschaltwelle-der-swisscom-laesst-internettelefonie-wachsen\/#breadcrumb","itemListElement":[{"@type":"ListItem","position":1,"name":"Home","item":"https:\/\/www.organisator.ch\/"},{"@type":"ListItem","position":2,"name":"Abschaltwelle der Swisscom l\u00e4sst Internettelefonie wachsen"}]},{"@type":"WebSite","@id":"https:\/\/www.organisator.ch\/#website","url":"https:\/\/www.organisator.ch\/","name":"Organizzatore","description":"Competente. Pratico. In 10 numeri all'anno, ORGANISATOR presenta i temi essenziali per i manager delle PMI.","publisher":{"@id":"https:\/\/www.organisator.ch\/#organization"},"potentialAction":[{"@type":"SearchAction","target":{"@type":"EntryPoint","urlTemplate":"https:\/\/www.organisator.ch\/?s={search_term_string}"},"query-input":{"@type":"PropertyValueSpecification","valueRequired":true,"valueName":"search_term_string"}}],"inLanguage":"it-IT"},{"@type":"Organization","@id":"https:\/\/www.organisator.ch\/#organization","name":"Organizzatore","url":"https:\/\/www.organisator.ch\/","logo":{"@type":"ImageObject","inLanguage":"it-IT","@id":"https:\/\/www.organisator.ch\/#\/schema\/logo\/image\/","url":"https:\/\/www.organisator.ch\/wp-content\/uploads\/2022\/01\/Logo_Organisator_Website.png","contentUrl":"https:\/\/www.organisator.ch\/wp-content\/uploads\/2022\/01\/Logo_Organisator_Website.png","width":800,"height":77,"caption":"Organisator"},"image":{"@id":"https:\/\/www.organisator.ch\/#\/schema\/logo\/image\/"},"sameAs":["https:\/\/www.facebook.com\/OrganisatorFachmagazin","https:\/\/www.linkedin.com\/showcase\/organisator-das-magazin-fr-kmu","https:\/\/www.xing.com\/news\/pages\/organisator-ch-695","https:\/\/www.youtube.com\/channel\/UCGP2Sq0iWaZwT3BdIAQFYpw"]},{"@type":"Person","@id":"https:\/\/www.organisator.ch\/#\/schema\/person\/6f650f90b2842cd4c0cc334b4e36f67e","name":"Tommaso.berner","image":{"@type":"ImageObject","inLanguage":"it-IT","@id":"https:\/\/secure.gravatar.com\/avatar\/ac5001d2a36cb6c6cd3e50789007ffca834b477b74a2144564522e944eabff61?s=96&d=mm&r=g","url":"https:\/\/secure.gravatar.com\/avatar\/ac5001d2a36cb6c6cd3e50789007ffca834b477b74a2144564522e944eabff61?s=96&d=mm&r=g","contentUrl":"https:\/\/secure.gravatar.com\/avatar\/ac5001d2a36cb6c6cd3e50789007ffca834b477b74a2144564522e944eabff61?s=96&d=mm&r=g","caption":"thomas.berner"},"url":"https:\/\/www.organisator.ch\/it\/author\/thomas-berner\/"}]}},"_links":{"self":[{"href":"https:\/\/www.organisator.ch\/it\/wp-json\/wp\/v2\/posts\/3531","targetHints":{"allow":["GET"]}}],"collection":[{"href":"https:\/\/www.organisator.ch\/it\/wp-json\/wp\/v2\/posts"}],"about":[{"href":"https:\/\/www.organisator.ch\/it\/wp-json\/wp\/v2\/types\/post"}],"author":[{"embeddable":true,"href":"https:\/\/www.organisator.ch\/it\/wp-json\/wp\/v2\/users\/4"}],"replies":[{"embeddable":true,"href":"https:\/\/www.organisator.ch\/it\/wp-json\/wp\/v2\/comments?post=3531"}],"version-history":[{"count":0,"href":"https:\/\/www.organisator.ch\/it\/wp-json\/wp\/v2\/posts\/3531\/revisions"}],"wp:featuredmedia":[{"embeddable":true,"href":"https:\/\/www.organisator.ch\/it\/wp-json\/wp\/v2\/media\/3532"}],"wp:attachment":[{"href":"https:\/\/www.organisator.ch\/it\/wp-json\/wp\/v2\/media?parent=3531"}],"wp:term":[{"taxonomy":"category","embeddable":true,"href":"https:\/\/www.organisator.ch\/it\/wp-json\/wp\/v2\/categories?post=3531"},{"taxonomy":"post_tag","embeddable":true,"href":"https:\/\/www.organisator.ch\/it\/wp-json\/wp\/v2\/tags?post=3531"}],"curies":[{"name":"wp","href":"https:\/\/api.w.org\/{rel}","templated":true}]}}