{"id":35338,"date":"2025-01-17T08:52:36","date_gmt":"2025-01-17T07:52:36","guid":{"rendered":"https:\/\/www.organisator.ch\/?p=35338"},"modified":"2025-02-21T08:25:07","modified_gmt":"2025-02-21T07:25:07","slug":"swiss-arbeitgeber-award-2025-zwei-branchen-ueberraschen","status":"publish","type":"post","link":"https:\/\/www.organisator.ch\/it\/human-resources\/2025-01-17\/swiss-arbeitgeber-award-2025-zwei-branchen-ueberraschen\/","title":{"rendered":"Premio svizzero per datori di lavoro 2025: due settori sorprendenti"},"content":{"rendered":"<figure id=\"attachment_35339\" aria-describedby=\"caption-attachment-35339\" style=\"width: 680px\" class=\"wp-caption alignnone\"><img loading=\"lazy\" decoding=\"async\" class=\"size-full wp-image-35339\" src=\"https:\/\/www.organisator.ch\/wp-content\/uploads\/2025\/01\/SAA_Bild1_ps.jpg\" alt=\"\" width=\"680\" height=\"493\" srcset=\"https:\/\/www.organisator.ch\/wp-content\/uploads\/2025\/01\/SAA_Bild1_ps.jpg 680w, https:\/\/www.organisator.ch\/wp-content\/uploads\/2025\/01\/SAA_Bild1_ps-18x12.jpg 18w, https:\/\/www.organisator.ch\/wp-content\/uploads\/2025\/01\/SAA_Bild1_ps-375x272.jpg 375w, https:\/\/www.organisator.ch\/wp-content\/uploads\/2025\/01\/SAA_Bild1_ps-483x350.jpg 483w\" sizes=\"auto, (max-width: 680px) 100vw, 680px\" \/><figcaption id=\"caption-attachment-35339\" class=\"wp-caption-text\">In occasione dello Swiss Employer Award 2025 di quest'anno, l'industria edile e i centri di assistenza hanno impressionato per la loro promozione e il loro forte impegno. (Immagine: www.swissarbeitgeberaward.ch)<\/figcaption><\/figure>\n<p>La cerimonia di premiazione del 24\u00b0 Swiss Employer Awards si \u00e8 svolta il 16 gennaio 2025 al Lake Side di Zurigo. Con 50.935 partecipanti provenienti da 149 aziende in Svizzera e nel Principato del Liechtenstein, il sondaggio \u00e8 il pi\u00f9 grande sondaggio svizzero sui dipendenti. I migliori datori di lavoro nelle rispettive categorie dimensionali sono: Baumann Koelliker Group, Corti Spleiss Holding AG, Wia - Wohnen im Alter Sonnmatt e Seeblick Haus f\u00fcr Pflege &amp; Betreuung. I due premi speciali: L'astro nascente dell'anno \u00e8 Hochgebirgsklinik Davos AG e il premio per l'innovazione di un ambiente di lavoro moderno va a Reha Rheinfelden.<\/p>\n<h3><strong>L'edilizia e i centri di cura sono i vincitori a sorpresa<\/strong><\/h3>\n<p>Sorprendentemente, due delle quattro aziende vincitrici provenivano dal settore delle costruzioni e due dal settore dei centri di riposo e assistenza. Chi avrebbe mai pensato che, nonostante le grandi sfide affrontate da questi due settori, sarebbero stati tra i vincitori e avrebbero superato tutte le aziende degli altri settori? Un confronto tra questi settori e tutte le 149 aziende svizzere intervistate rivela una notevole somiglianza: delle 17 dimensioni analizzate che descrivono in modo esaustivo la qualit\u00e0 del luogo di lavoro, i maggiori scostamenti positivi rispetto al benchmark svizzero in entrambi i settori riguardano le stesse dimensioni: sviluppo dei dipendenti e gestione del cambiamento.<\/p>\n<p>Entrambi i settori sembrano attribuire un'importanza superiore alla media allo sviluppo professionale dei propri dipendenti e sono caratterizzati da una rapida risposta ai cambiamenti esterni. La carenza di manodopera qualificata \u00e8 un problema importante in questi settori, che certamente incoraggia i vincitori ad adattarsi rapidamente al loro ambiente e a trovare soluzioni innovative. \u00c8 interessante notare che la dimensione \"lavoro e tempo libero\" \u00e8 significativamente al di sotto del benchmark svizzero, eppure la soddisfazione e l'impegno complessivo dei dipendenti sono molto elevati, il che significa che i vincitori sono stati in grado di superare tutte le altre aziende della loro categoria dimensionale. Questo dimostra che essere un ottimo datore di lavoro non dipende dal carico di lavoro.<\/p>\n<p>Lo Swiss Employer Award \u00e8 il premio pi\u00f9 rappresentativo per determinare l'attrattiva dei datori di lavoro in Svizzera. Il fattore decisivo per questo premio \u00e8 la valutazione dettagliata dei dipendenti di un'azienda in merito alla loro attuale situazione lavorativa. Il questionario, sviluppato scientificamente, \u00e8 composto da circa 60 domande ed \u00e8 stato compilato da una media di 76% di tutti i dipendenti di un'azienda. Di conseguenza, le valutazioni sono estremamente valide e forniscono un quadro differenziato dell'ambiente di lavoro. In totale, 45 aziende sono state premiate con lo Swiss Employer Award e altre 33 hanno ricevuto un marchio di qualit\u00e0. Queste ultime aziende hanno superato il benchmark svizzero in almeno una delle tre variabili chiave - soddisfazione complessiva per la situazione lavorativa, impegno verso il datore di lavoro o assenza di dimissioni - ma non sono tra i migliori datori di lavoro in Svizzera e non sono quindi incluse nella classifica.<\/p>\n<h3><strong>I vincitori del Premio svizzero per datori di lavoro 2025<\/strong><\/h3>\n<p><strong>Grandi aziende (oltre 1.000 dipendenti)<\/strong><\/p>\n<ol>\n<li>Gruppo Baumann Koelliker<\/li>\n<li>Luzerner Kantonalbank AG<\/li>\n<li>Cliniche Valens<\/li>\n<\/ol>\n<p><strong>Aziende di medie dimensioni (250-999 dipendenti)<\/strong><\/p>\n<ol>\n<li>Corti Spleiss Holding AG<\/li>\n<li>Pistor AG<\/li>\n<li>Banca cantonale di Argovia<\/li>\n<\/ol>\n<p><strong>Aziende di medie dimensioni (100-249 dipendenti)<\/strong><\/p>\n<ol>\n<li>Wia - Vivere nella vecchiaia Sonnmatt<\/li>\n<li>Collezione Ameron Svizzera<\/li>\n<li>BitHawk AG<\/li>\n<\/ol>\n<p><strong>Piccole aziende (50-99 dipendenti)<\/strong><\/p>\n<ol>\n<li>Casa Seeblick per assistenza e supporto<\/li>\n<li>Esslinger AG<\/li>\n<li>Breitenmoser Appenzeller Meat Specialities AG<\/li>\n<\/ol>\n<h3>Prezzi speciali<\/h3>\n<p><strong>Stella nascente dell'anno: <\/strong>Hochgebirgsklinik Davos AG<\/p>\n<p><strong>Un progetto innovativo per un ambiente di lavoro moderno: <\/strong>Riabilitazione Rheinfelden<\/p>\n<p><a href=\"https:\/\/swissarbeitgeberaward.ch\/gewinner\/\">Ulteriori informazioni e classifica completa<\/a><\/p>","protected":false},"excerpt":{"rendered":"<p>Carenza di personale, eccesso di lavoro eppure dipendenti fedeli? Lo Swiss Employer Award 2025 dimostra che, nonostante le sfide attuali, le aziende possono rafforzare l'impegno dei propri dipendenti attraverso lo sviluppo del personale e un buon approccio al cambiamento.<\/p>","protected":false},"author":80,"featured_media":35339,"comment_status":"closed","ping_status":"closed","sticky":false,"template":"","format":"standard","meta":{"_acf_changed":false,"_yoast_wpseo_focuskw":"Swiss Arbeitgeber Award 2025","_yoast_wpseo_metadesc":"Beim diesj\u00e4hrigen Swiss Arbeitgeber Award 2025 \u00fcberzeugen Bauwesen und Pflegezentren mit F\u00f6rderung und starkem Commitment.","articlekey":"","footnotes":""},"categories":[579],"tags":[4029,65,254,335,424,459],"class_list":["post-35338","post","type-post","status-publish","format-standard","has-post-thumbnail","hentry","category-human-resources","tag-arbeitgeber","tag-award","tag-hrm","tag-management-und-unternehmensfuehrung","tag-schweiz","tag-studie"],"acf":[],"yoast_head":"<!-- This site is optimized with the Yoast SEO plugin v27.5 - https:\/\/yoast.com\/product\/yoast-seo-wordpress\/ -->\n<title>Swiss Arbeitgeber Award 2025: zwei Branchen \u00fcberraschen - Organisator<\/title>\n<meta name=\"description\" content=\"Beim diesj\u00e4hrigen Swiss Arbeitgeber Award 2025 \u00fcberzeugen Bauwesen und Pflegezentren mit F\u00f6rderung und starkem Commitment.\" \/>\n<meta name=\"robots\" content=\"index, follow, max-snippet:-1, max-image-preview:large, max-video-preview:-1\" \/>\n<link rel=\"canonical\" href=\"https:\/\/www.organisator.ch\/it\/risorse-umane\/2025-01-17\/swiss-arbeitgeber-award-2025-zwei-branchen-ueberraschen\/\" \/>\n<meta property=\"og:locale\" content=\"it_IT\" \/>\n<meta property=\"og:type\" content=\"article\" \/>\n<meta property=\"og:title\" content=\"Swiss Arbeitgeber Award 2025: zwei Branchen \u00fcberraschen - Organisator\" \/>\n<meta property=\"og:description\" content=\"Beim diesj\u00e4hrigen Swiss Arbeitgeber Award 2025 \u00fcberzeugen Bauwesen und Pflegezentren mit F\u00f6rderung und starkem Commitment.\" \/>\n<meta property=\"og:url\" content=\"https:\/\/www.organisator.ch\/it\/risorse-umane\/2025-01-17\/swiss-arbeitgeber-award-2025-zwei-branchen-ueberraschen\/\" \/>\n<meta property=\"og:site_name\" content=\"Organisator\" \/>\n<meta property=\"article:publisher\" content=\"https:\/\/www.facebook.com\/OrganisatorFachmagazin\" \/>\n<meta property=\"article:published_time\" content=\"2025-01-17T07:52:36+00:00\" \/>\n<meta property=\"article:modified_time\" content=\"2025-02-21T07:25:07+00:00\" \/>\n<meta property=\"og:image\" content=\"https:\/\/www.organisator.ch\/wp-content\/uploads\/2025\/01\/SAA_Bild1_ps.jpg\" \/>\n\t<meta property=\"og:image:width\" content=\"680\" \/>\n\t<meta property=\"og:image:height\" content=\"493\" \/>\n\t<meta property=\"og:image:type\" content=\"image\/jpeg\" \/>\n<meta name=\"author\" content=\"Dzana Muminovic\" \/>\n<meta name=\"twitter:card\" content=\"summary_large_image\" \/>\n<script type=\"application\/ld+json\" class=\"yoast-schema-graph\">{\"@context\":\"https:\\\/\\\/schema.org\",\"@graph\":[{\"@type\":\"Article\",\"@id\":\"https:\\\/\\\/www.organisator.ch\\\/human-resources\\\/2025-01-17\\\/swiss-arbeitgeber-award-2025-zwei-branchen-ueberraschen\\\/#article\",\"isPartOf\":{\"@id\":\"https:\\\/\\\/www.organisator.ch\\\/human-resources\\\/2025-01-17\\\/swiss-arbeitgeber-award-2025-zwei-branchen-ueberraschen\\\/\"},\"author\":{\"name\":\"Dzana Muminovic\",\"@id\":\"https:\\\/\\\/www.organisator.ch\\\/#\\\/schema\\\/person\\\/afccda3a71c06d4be2ed9100dd163db7\"},\"headline\":\"Swiss Arbeitgeber Award 2025: zwei Branchen \u00fcberraschen\",\"datePublished\":\"2025-01-17T07:52:36+00:00\",\"dateModified\":\"2025-02-21T07:25:07+00:00\",\"mainEntityOfPage\":{\"@id\":\"https:\\\/\\\/www.organisator.ch\\\/human-resources\\\/2025-01-17\\\/swiss-arbeitgeber-award-2025-zwei-branchen-ueberraschen\\\/\"},\"wordCount\":550,\"publisher\":{\"@id\":\"https:\\\/\\\/www.organisator.ch\\\/#organization\"},\"image\":{\"@id\":\"https:\\\/\\\/www.organisator.ch\\\/human-resources\\\/2025-01-17\\\/swiss-arbeitgeber-award-2025-zwei-branchen-ueberraschen\\\/#primaryimage\"},\"thumbnailUrl\":\"https:\\\/\\\/www.organisator.ch\\\/wp-content\\\/uploads\\\/2025\\\/01\\\/SAA_Bild1_ps.jpg\",\"keywords\":[\"Arbeitgeber\",\"Award\",\"HRM\",\"Management und Unternehmensf\u00fchrung\",\"Schweiz\",\"Studie\"],\"articleSection\":[\"HUMAN RESOURCES\"],\"inLanguage\":\"it-IT\"},{\"@type\":\"WebPage\",\"@id\":\"https:\\\/\\\/www.organisator.ch\\\/human-resources\\\/2025-01-17\\\/swiss-arbeitgeber-award-2025-zwei-branchen-ueberraschen\\\/\",\"url\":\"https:\\\/\\\/www.organisator.ch\\\/human-resources\\\/2025-01-17\\\/swiss-arbeitgeber-award-2025-zwei-branchen-ueberraschen\\\/\",\"name\":\"Swiss Arbeitgeber Award 2025: zwei Branchen \u00fcberraschen - Organisator\",\"isPartOf\":{\"@id\":\"https:\\\/\\\/www.organisator.ch\\\/#website\"},\"primaryImageOfPage\":{\"@id\":\"https:\\\/\\\/www.organisator.ch\\\/human-resources\\\/2025-01-17\\\/swiss-arbeitgeber-award-2025-zwei-branchen-ueberraschen\\\/#primaryimage\"},\"image\":{\"@id\":\"https:\\\/\\\/www.organisator.ch\\\/human-resources\\\/2025-01-17\\\/swiss-arbeitgeber-award-2025-zwei-branchen-ueberraschen\\\/#primaryimage\"},\"thumbnailUrl\":\"https:\\\/\\\/www.organisator.ch\\\/wp-content\\\/uploads\\\/2025\\\/01\\\/SAA_Bild1_ps.jpg\",\"datePublished\":\"2025-01-17T07:52:36+00:00\",\"dateModified\":\"2025-02-21T07:25:07+00:00\",\"description\":\"Beim diesj\u00e4hrigen Swiss Arbeitgeber Award 2025 \u00fcberzeugen Bauwesen und Pflegezentren mit F\u00f6rderung und starkem Commitment.\",\"breadcrumb\":{\"@id\":\"https:\\\/\\\/www.organisator.ch\\\/human-resources\\\/2025-01-17\\\/swiss-arbeitgeber-award-2025-zwei-branchen-ueberraschen\\\/#breadcrumb\"},\"inLanguage\":\"it-IT\",\"potentialAction\":[{\"@type\":\"ReadAction\",\"target\":[\"https:\\\/\\\/www.organisator.ch\\\/human-resources\\\/2025-01-17\\\/swiss-arbeitgeber-award-2025-zwei-branchen-ueberraschen\\\/\"]}]},{\"@type\":\"ImageObject\",\"inLanguage\":\"it-IT\",\"@id\":\"https:\\\/\\\/www.organisator.ch\\\/human-resources\\\/2025-01-17\\\/swiss-arbeitgeber-award-2025-zwei-branchen-ueberraschen\\\/#primaryimage\",\"url\":\"https:\\\/\\\/www.organisator.ch\\\/wp-content\\\/uploads\\\/2025\\\/01\\\/SAA_Bild1_ps.jpg\",\"contentUrl\":\"https:\\\/\\\/www.organisator.ch\\\/wp-content\\\/uploads\\\/2025\\\/01\\\/SAA_Bild1_ps.jpg\",\"width\":680,\"height\":493,\"caption\":\"Beim diesj\u00e4hrigen Swiss Arbeitgeber Award 2025 \u00fcberzeugen Bauwesen und Pflegezentren mit F\u00f6rderung und starkem Commitment. (Bild: www.swissarbeitgeberaward.ch)\"},{\"@type\":\"BreadcrumbList\",\"@id\":\"https:\\\/\\\/www.organisator.ch\\\/human-resources\\\/2025-01-17\\\/swiss-arbeitgeber-award-2025-zwei-branchen-ueberraschen\\\/#breadcrumb\",\"itemListElement\":[{\"@type\":\"ListItem\",\"position\":1,\"name\":\"Home\",\"item\":\"https:\\\/\\\/www.organisator.ch\\\/\"},{\"@type\":\"ListItem\",\"position\":2,\"name\":\"Swiss Arbeitgeber Award 2025: zwei Branchen \u00fcberraschen\"}]},{\"@type\":\"WebSite\",\"@id\":\"https:\\\/\\\/www.organisator.ch\\\/#website\",\"url\":\"https:\\\/\\\/www.organisator.ch\\\/\",\"name\":\"Organisator\",\"description\":\"Kompetent. Praxisnah. Der ORGANISATOR bereitet in 10 Ausgaben pro Jahr die wesentlichen Themen f\u00fcr F\u00fchrungskr\u00e4fte von KMU auf.\",\"publisher\":{\"@id\":\"https:\\\/\\\/www.organisator.ch\\\/#organization\"},\"potentialAction\":[{\"@type\":\"SearchAction\",\"target\":{\"@type\":\"EntryPoint\",\"urlTemplate\":\"https:\\\/\\\/www.organisator.ch\\\/?s={search_term_string}\"},\"query-input\":{\"@type\":\"PropertyValueSpecification\",\"valueRequired\":true,\"valueName\":\"search_term_string\"}}],\"inLanguage\":\"it-IT\"},{\"@type\":\"Organization\",\"@id\":\"https:\\\/\\\/www.organisator.ch\\\/#organization\",\"name\":\"Organisator\",\"url\":\"https:\\\/\\\/www.organisator.ch\\\/\",\"logo\":{\"@type\":\"ImageObject\",\"inLanguage\":\"it-IT\",\"@id\":\"https:\\\/\\\/www.organisator.ch\\\/#\\\/schema\\\/logo\\\/image\\\/\",\"url\":\"https:\\\/\\\/www.organisator.ch\\\/wp-content\\\/uploads\\\/2022\\\/01\\\/Logo_Organisator_Website.png\",\"contentUrl\":\"https:\\\/\\\/www.organisator.ch\\\/wp-content\\\/uploads\\\/2022\\\/01\\\/Logo_Organisator_Website.png\",\"width\":800,\"height\":77,\"caption\":\"Organisator\"},\"image\":{\"@id\":\"https:\\\/\\\/www.organisator.ch\\\/#\\\/schema\\\/logo\\\/image\\\/\"},\"sameAs\":[\"https:\\\/\\\/www.facebook.com\\\/OrganisatorFachmagazin\",\"https:\\\/\\\/www.linkedin.com\\\/showcase\\\/organisator-das-magazin-fr-kmu\",\"https:\\\/\\\/www.xing.com\\\/news\\\/pages\\\/organisator-ch-695\",\"https:\\\/\\\/www.youtube.com\\\/channel\\\/UCGP2Sq0iWaZwT3BdIAQFYpw\"]},{\"@type\":\"Person\",\"@id\":\"https:\\\/\\\/www.organisator.ch\\\/#\\\/schema\\\/person\\\/afccda3a71c06d4be2ed9100dd163db7\",\"name\":\"Dzana Muminovic\",\"image\":{\"@type\":\"ImageObject\",\"inLanguage\":\"it-IT\",\"@id\":\"https:\\\/\\\/secure.gravatar.com\\\/avatar\\\/909c5c71aff4b38e88686f2ab2f1ba152571f394f41ed8bae431ea56ced93050?s=96&d=mm&r=g\",\"url\":\"https:\\\/\\\/secure.gravatar.com\\\/avatar\\\/909c5c71aff4b38e88686f2ab2f1ba152571f394f41ed8bae431ea56ced93050?s=96&d=mm&r=g\",\"contentUrl\":\"https:\\\/\\\/secure.gravatar.com\\\/avatar\\\/909c5c71aff4b38e88686f2ab2f1ba152571f394f41ed8bae431ea56ced93050?s=96&d=mm&r=g\",\"caption\":\"Dzana Muminovic\"},\"url\":\"https:\\\/\\\/www.organisator.ch\\\/it\\\/author\\\/dzana-muminovic\\\/\"}]}<\/script>\n<!-- \/ Yoast SEO plugin. -->","yoast_head_json":{"title":"Premio svizzero per datori di lavoro 2025: due settori a sorpresa - Organizzatore","description":"In occasione dello Swiss Employer Award 2025 di quest'anno, l'industria edile e i centri di cura hanno impressionato per la loro promozione e il loro forte impegno.","robots":{"index":"index","follow":"follow","max-snippet":"max-snippet:-1","max-image-preview":"max-image-preview:large","max-video-preview":"max-video-preview:-1"},"canonical":"https:\/\/www.organisator.ch\/it\/risorse-umane\/2025-01-17\/swiss-arbeitgeber-award-2025-zwei-branchen-ueberraschen\/","og_locale":"it_IT","og_type":"article","og_title":"Swiss Arbeitgeber Award 2025: zwei Branchen \u00fcberraschen - Organisator","og_description":"Beim diesj\u00e4hrigen Swiss Arbeitgeber Award 2025 \u00fcberzeugen Bauwesen und Pflegezentren mit F\u00f6rderung und starkem Commitment.","og_url":"https:\/\/www.organisator.ch\/it\/risorse-umane\/2025-01-17\/swiss-arbeitgeber-award-2025-zwei-branchen-ueberraschen\/","og_site_name":"Organisator","article_publisher":"https:\/\/www.facebook.com\/OrganisatorFachmagazin","article_published_time":"2025-01-17T07:52:36+00:00","article_modified_time":"2025-02-21T07:25:07+00:00","og_image":[{"width":680,"height":493,"url":"https:\/\/www.organisator.ch\/wp-content\/uploads\/2025\/01\/SAA_Bild1_ps.jpg","type":"image\/jpeg"}],"author":"Dzana Muminovic","twitter_card":"summary_large_image","schema":{"@context":"https:\/\/schema.org","@graph":[{"@type":"Article","@id":"https:\/\/www.organisator.ch\/human-resources\/2025-01-17\/swiss-arbeitgeber-award-2025-zwei-branchen-ueberraschen\/#article","isPartOf":{"@id":"https:\/\/www.organisator.ch\/human-resources\/2025-01-17\/swiss-arbeitgeber-award-2025-zwei-branchen-ueberraschen\/"},"author":{"name":"Dzana Muminovic","@id":"https:\/\/www.organisator.ch\/#\/schema\/person\/afccda3a71c06d4be2ed9100dd163db7"},"headline":"Swiss Arbeitgeber Award 2025: zwei Branchen \u00fcberraschen","datePublished":"2025-01-17T07:52:36+00:00","dateModified":"2025-02-21T07:25:07+00:00","mainEntityOfPage":{"@id":"https:\/\/www.organisator.ch\/human-resources\/2025-01-17\/swiss-arbeitgeber-award-2025-zwei-branchen-ueberraschen\/"},"wordCount":550,"publisher":{"@id":"https:\/\/www.organisator.ch\/#organization"},"image":{"@id":"https:\/\/www.organisator.ch\/human-resources\/2025-01-17\/swiss-arbeitgeber-award-2025-zwei-branchen-ueberraschen\/#primaryimage"},"thumbnailUrl":"https:\/\/www.organisator.ch\/wp-content\/uploads\/2025\/01\/SAA_Bild1_ps.jpg","keywords":["Arbeitgeber","Award","HRM","Management und Unternehmensf\u00fchrung","Schweiz","Studie"],"articleSection":["HUMAN RESOURCES"],"inLanguage":"it-IT"},{"@type":"WebPage","@id":"https:\/\/www.organisator.ch\/human-resources\/2025-01-17\/swiss-arbeitgeber-award-2025-zwei-branchen-ueberraschen\/","url":"https:\/\/www.organisator.ch\/human-resources\/2025-01-17\/swiss-arbeitgeber-award-2025-zwei-branchen-ueberraschen\/","name":"Premio svizzero per datori di lavoro 2025: due settori a sorpresa - Organizzatore","isPartOf":{"@id":"https:\/\/www.organisator.ch\/#website"},"primaryImageOfPage":{"@id":"https:\/\/www.organisator.ch\/human-resources\/2025-01-17\/swiss-arbeitgeber-award-2025-zwei-branchen-ueberraschen\/#primaryimage"},"image":{"@id":"https:\/\/www.organisator.ch\/human-resources\/2025-01-17\/swiss-arbeitgeber-award-2025-zwei-branchen-ueberraschen\/#primaryimage"},"thumbnailUrl":"https:\/\/www.organisator.ch\/wp-content\/uploads\/2025\/01\/SAA_Bild1_ps.jpg","datePublished":"2025-01-17T07:52:36+00:00","dateModified":"2025-02-21T07:25:07+00:00","description":"In occasione dello Swiss Employer Award 2025 di quest'anno, l'industria edile e i centri di cura hanno impressionato per la loro promozione e il loro forte impegno.","breadcrumb":{"@id":"https:\/\/www.organisator.ch\/human-resources\/2025-01-17\/swiss-arbeitgeber-award-2025-zwei-branchen-ueberraschen\/#breadcrumb"},"inLanguage":"it-IT","potentialAction":[{"@type":"ReadAction","target":["https:\/\/www.organisator.ch\/human-resources\/2025-01-17\/swiss-arbeitgeber-award-2025-zwei-branchen-ueberraschen\/"]}]},{"@type":"ImageObject","inLanguage":"it-IT","@id":"https:\/\/www.organisator.ch\/human-resources\/2025-01-17\/swiss-arbeitgeber-award-2025-zwei-branchen-ueberraschen\/#primaryimage","url":"https:\/\/www.organisator.ch\/wp-content\/uploads\/2025\/01\/SAA_Bild1_ps.jpg","contentUrl":"https:\/\/www.organisator.ch\/wp-content\/uploads\/2025\/01\/SAA_Bild1_ps.jpg","width":680,"height":493,"caption":"Beim diesj\u00e4hrigen Swiss Arbeitgeber Award 2025 \u00fcberzeugen Bauwesen und Pflegezentren mit F\u00f6rderung und starkem Commitment. (Bild: www.swissarbeitgeberaward.ch)"},{"@type":"BreadcrumbList","@id":"https:\/\/www.organisator.ch\/human-resources\/2025-01-17\/swiss-arbeitgeber-award-2025-zwei-branchen-ueberraschen\/#breadcrumb","itemListElement":[{"@type":"ListItem","position":1,"name":"Home","item":"https:\/\/www.organisator.ch\/"},{"@type":"ListItem","position":2,"name":"Swiss Arbeitgeber Award 2025: zwei Branchen \u00fcberraschen"}]},{"@type":"WebSite","@id":"https:\/\/www.organisator.ch\/#website","url":"https:\/\/www.organisator.ch\/","name":"Organizzatore","description":"Competente. Pratico. In 10 numeri all'anno, ORGANISATOR presenta i temi essenziali per i manager delle PMI.","publisher":{"@id":"https:\/\/www.organisator.ch\/#organization"},"potentialAction":[{"@type":"SearchAction","target":{"@type":"EntryPoint","urlTemplate":"https:\/\/www.organisator.ch\/?s={search_term_string}"},"query-input":{"@type":"PropertyValueSpecification","valueRequired":true,"valueName":"search_term_string"}}],"inLanguage":"it-IT"},{"@type":"Organization","@id":"https:\/\/www.organisator.ch\/#organization","name":"Organizzatore","url":"https:\/\/www.organisator.ch\/","logo":{"@type":"ImageObject","inLanguage":"it-IT","@id":"https:\/\/www.organisator.ch\/#\/schema\/logo\/image\/","url":"https:\/\/www.organisator.ch\/wp-content\/uploads\/2022\/01\/Logo_Organisator_Website.png","contentUrl":"https:\/\/www.organisator.ch\/wp-content\/uploads\/2022\/01\/Logo_Organisator_Website.png","width":800,"height":77,"caption":"Organisator"},"image":{"@id":"https:\/\/www.organisator.ch\/#\/schema\/logo\/image\/"},"sameAs":["https:\/\/www.facebook.com\/OrganisatorFachmagazin","https:\/\/www.linkedin.com\/showcase\/organisator-das-magazin-fr-kmu","https:\/\/www.xing.com\/news\/pages\/organisator-ch-695","https:\/\/www.youtube.com\/channel\/UCGP2Sq0iWaZwT3BdIAQFYpw"]},{"@type":"Person","@id":"https:\/\/www.organisator.ch\/#\/schema\/person\/afccda3a71c06d4be2ed9100dd163db7","name":"Dzana Muminovic","image":{"@type":"ImageObject","inLanguage":"it-IT","@id":"https:\/\/secure.gravatar.com\/avatar\/909c5c71aff4b38e88686f2ab2f1ba152571f394f41ed8bae431ea56ced93050?s=96&d=mm&r=g","url":"https:\/\/secure.gravatar.com\/avatar\/909c5c71aff4b38e88686f2ab2f1ba152571f394f41ed8bae431ea56ced93050?s=96&d=mm&r=g","contentUrl":"https:\/\/secure.gravatar.com\/avatar\/909c5c71aff4b38e88686f2ab2f1ba152571f394f41ed8bae431ea56ced93050?s=96&d=mm&r=g","caption":"Dzana Muminovic"},"url":"https:\/\/www.organisator.ch\/it\/author\/dzana-muminovic\/"}]}},"_links":{"self":[{"href":"https:\/\/www.organisator.ch\/it\/wp-json\/wp\/v2\/posts\/35338","targetHints":{"allow":["GET"]}}],"collection":[{"href":"https:\/\/www.organisator.ch\/it\/wp-json\/wp\/v2\/posts"}],"about":[{"href":"https:\/\/www.organisator.ch\/it\/wp-json\/wp\/v2\/types\/post"}],"author":[{"embeddable":true,"href":"https:\/\/www.organisator.ch\/it\/wp-json\/wp\/v2\/users\/80"}],"replies":[{"embeddable":true,"href":"https:\/\/www.organisator.ch\/it\/wp-json\/wp\/v2\/comments?post=35338"}],"version-history":[{"count":7,"href":"https:\/\/www.organisator.ch\/it\/wp-json\/wp\/v2\/posts\/35338\/revisions"}],"predecessor-version":[{"id":36241,"href":"https:\/\/www.organisator.ch\/it\/wp-json\/wp\/v2\/posts\/35338\/revisions\/36241"}],"wp:featuredmedia":[{"embeddable":true,"href":"https:\/\/www.organisator.ch\/it\/wp-json\/wp\/v2\/media\/35339"}],"wp:attachment":[{"href":"https:\/\/www.organisator.ch\/it\/wp-json\/wp\/v2\/media?parent=35338"}],"wp:term":[{"taxonomy":"category","embeddable":true,"href":"https:\/\/www.organisator.ch\/it\/wp-json\/wp\/v2\/categories?post=35338"},{"taxonomy":"post_tag","embeddable":true,"href":"https:\/\/www.organisator.ch\/it\/wp-json\/wp\/v2\/tags?post=35338"}],"curies":[{"name":"wp","href":"https:\/\/api.w.org\/{rel}","templated":true}]}}