{"id":3535,"date":"2018-05-02T15:23:21","date_gmt":"2018-05-02T13:23:21","guid":{"rendered":"https:\/\/www.organisator.ch\/?p=3535"},"modified":"2018-05-02T15:23:21","modified_gmt":"2018-05-02T13:23:21","slug":"ablenkung-durch-das-smartphone-ist-eine-frage-der-persoenlichkeit","status":"publish","type":"post","link":"https:\/\/www.organisator.ch\/it\/allgemein\/2018-05-02\/ablenkung-durch-das-smartphone-ist-eine-frage-der-persoenlichkeit\/","title":{"rendered":"La distrazione da smartphone \u00e8 una questione di personalit\u00e0"},"content":{"rendered":"<figure id=\"attachment_3537\" aria-describedby=\"caption-attachment-3537\" style=\"width: 576px\" class=\"wp-caption alignnone\"><img loading=\"lazy\" decoding=\"async\" class=\"size-full wp-image-3537\" src=\"https:\/\/www.organisator.ch\/wp-content\/uploads\/2018\/05\/Ablenkung-durch-das-Smartphone-ist-eine-Frage-der-Persoenlichkeit_Organisator.jpg\" alt=\"\" width=\"576\" height=\"480\" srcset=\"https:\/\/www.organisator.ch\/wp-content\/uploads\/2018\/05\/Ablenkung-durch-das-Smartphone-ist-eine-Frage-der-Persoenlichkeit_Organisator.jpg 576w, https:\/\/www.organisator.ch\/wp-content\/uploads\/2018\/05\/Ablenkung-durch-das-Smartphone-ist-eine-Frage-der-Persoenlichkeit_Organisator-14x12.jpg 14w, https:\/\/www.organisator.ch\/wp-content\/uploads\/2018\/05\/Ablenkung-durch-das-Smartphone-ist-eine-Frage-der-Persoenlichkeit_Organisator-210x175.jpg 210w, https:\/\/www.organisator.ch\/wp-content\/uploads\/2018\/05\/Ablenkung-durch-das-Smartphone-ist-eine-Frage-der-Persoenlichkeit_Organisator-420x350.jpg 420w, https:\/\/www.organisator.ch\/wp-content\/uploads\/2018\/05\/Ablenkung-durch-das-Smartphone-ist-eine-Frage-der-Persoenlichkeit_Organisator-300x250.jpg 300w\" sizes=\"auto, (max-width: 576px) 100vw, 576px\" \/><figcaption id=\"caption-attachment-3537\" class=\"wp-caption-text\">Lo smartphone \u00e8 un bene, ma \u00e8 anche una distrazione. (Immagine: G\u00fcnter Havlena \/ pixelio.de)<\/figcaption><\/figure>\n<p>Chiunque possieda uno smartphone sa che riceviamo messaggi di chat, messaggi push dall'app del giornale o telefonate decine di volte al giorno. Spesso i messaggi o le chiamate interferiscono con la nostra concentrazione sull'attivit\u00e0 in corso, sia in ambito professionale che, ad esempio, durante la guida. Qual \u00e8 la motivazione che spinge le persone a reagire immediatamente a un segnale e a tirare fuori lo smartphone? I ricercatori dell'Universit\u00e0 di Berna hanno voluto scoprirlo.<\/p>\n<h2>Lo scarso autocontrollo influenza l'uso degli smartphone<\/h2>\n<p>In un nuovo studio, un team interdisciplinare dell'Universit\u00e0 di Berna, composto dal Prof. Dr. Sebastian Berger e Annika Wyss dell'Istituto di Organizzazione e Risorse Umane e dalla Prof. Dr. Daria Knoch del Dipartimento di Psicologia Sociale e Neuroscienze Sociali dell'Istituto di Psicologia, dimostra che le persone con una bassa capacit\u00e0 di autocontrollo tendono a reagire pi\u00f9 immediatamente ai segnali acustici provenienti dallo smartphone. Per il loro studio, i ricercatori si sono affidati a un metodo consolidato della psicologia: hanno invitato 108 soggetti a partecipare a un \"campionamento di esperienze\". Si tratta di un metodo in cui i soggetti del test ricevono pi\u00f9 volte al giorno un messaggio sullo smartphone per rispondere ad alcune domande sul loro attuale stato d'animo. In questo caso specifico, le domande riguardavano le esperienze di consumo. Tuttavia, l'obiettivo reale del team di ricerca era quello di misurare il tempo di reazione di una persona al messaggio. Su un totale di 1.620 segnali dello studio (15 per ogni esaminatore, distribuiti su 3 giorni), sono state fornite 1.493 risposte. Di questi, 335 hanno risposto entro il primo minuto. L'aspetto centrale dello studio consisteva nel collegare i tempi di risposta con la capacit\u00e0 di autocontrollo dei soggetti, misurata con test standardizzati sette settimane prima.<\/p>\n<h2>Il grado di controllo degli impulsi influenza il tempo di reazione<\/h2>\n<p>L'analisi mostra quanto segue: Per le persone con un minore autocontrollo \u00e8 stato molto pi\u00f9 difficile non reagire immediatamente al segnale dello smartphone. Questo effetto \u00e8 rimasto stabile anche quando nel modello statistico sono stati inclusi altri tratti della personalit\u00e0. \"L'autocontrollo misura la capacit\u00e0 di mantenere il controllo su un impulso\", spiega Daria Knoch. \"Questo \u00e8 necessario per rimandare la necessit\u00e0 di reagire al messaggio fino a quando, ad esempio, il lavoro \u00e8 finito o l'auto \u00e8 stata guidata in sicurezza fino a destinazione\", spiega il neuroscienziato. \u00c8 interessante notare che il grado di capacit\u00e0 di autocontrollo non \u00e8 in grado di spiegare le differenze nei tempi di risposta. \"Il grado di autocontrollo non pu\u00f2 spiegare perch\u00e9 una persona risponde dopo 11 o 12 minuti\", spiega Annika Wyss, \"ma un grado basso \u00e8 adatto come strumento diagnostico per spiegare le risposte immediate\".<\/p>\n<h2>Analisi dei processi psicologici importanti per la progettazione delle condizioni di lavoro<\/h2>\n<p>\"Quando si ricercano gli effetti collaterali dell'uso degli smartphone, \u00e8 importante innanzitutto capire quali sono i fattori psicologici che portano a utilizzare cos\u00ec spesso gli smart companion in situazioni rischiose. Con la capacit\u00e0 di autocontrollo abbiamo identificato uno di questi processi\", riassume Sebastian Berger, responsabile dello studio. \"Ancora una volta, questo studio dimostra i vantaggi della ricerca interdisciplinare\", continua Berger. Gli economisti aziendali interessati a progettare le migliori condizioni di lavoro possibili, ad esempio, dipendono dalla ricerca di base delle neuroscienze. I risultati dello studio potrebbero essere utilizzati, ad esempio, per discutere se sia sensato per un'azienda distribuire smartphone a tutti i dipendenti o se, ad esempio, le e-mail non debbano pi\u00f9 essere inviate ai cellulari dei dipendenti dopo il lavoro.<\/p>\n<p><em>Fonte: <\/em><a href=\"http:\/\/www.iop.unibe.ch\/\"><em>Istituto per l'organizzazione e il personale, Universit\u00e0 di Berna<\/em><\/a><\/p>\n<p>&nbsp;<\/p>","protected":false},"excerpt":{"rendered":"<p>Wer ein Smartphone besitzt, weiss: Dutzende Mal pro Tag empfangen wir Chatmitteilungen, Push-Nachrichten der Zeitungs-App oder Anrufe. Oft st\u00f6ren die Mitteilungen oder Anrufe unsere Konzentration bei der jeweils aktuellen T\u00e4tigkeit, sei es im beruflichen Kontext oder etwa beim Autofahren. Welche Motivation f\u00fchrt dazu, dass Menschen unmittelbar auf ein Signal reagieren und ihr Smartphone z\u00fccken? Dies [&hellip;]<\/p>\n","protected":false},"author":4,"featured_media":3537,"comment_status":"open","ping_status":"open","sticky":false,"template":"","format":"standard","meta":{"_acf_changed":false,"_yoast_wpseo_focuskw":"Smartphone","_yoast_wpseo_metadesc":"Das Smartphone bietet bekanntlich viele M\u00f6glichkeiten, hat aber auch Nebenwirkungen: Es lenkt ab, etwa am Steuer oder bei der Arbeit. Berner Forschende zeigen nun, dass Pers\u00f6nlichkeitsunterschiede in der F\u00e4higkeit zur Selbstkontrolle erkl\u00e4ren k\u00f6nnen, ob Menschen unmittelbar auf Smartphone-Signale reagieren.","articlekey":"","footnotes":""},"categories":[1],"tags":[51,156,459,533],"class_list":["post-3535","post","type-post","status-publish","format-standard","has-post-thumbnail","hentry","category-allgemein","tag-arbeitsplatzgestaltung","tag-digitalisierung","tag-studie","tag-wissenschaft"],"acf":[],"yoast_head":"<!-- This site is optimized with the Yoast SEO plugin v27.5 - https:\/\/yoast.com\/product\/yoast-seo-wordpress\/ -->\n<title>Ablenkung durch das Smartphone ist eine Frage der Pers\u00f6nlichkeit - Organisator<\/title>\n<meta name=\"description\" content=\"Das Smartphone bietet bekanntlich viele M\u00f6glichkeiten, hat aber auch Nebenwirkungen: Es lenkt ab, etwa am Steuer oder bei der Arbeit. Berner Forschende zeigen nun, dass Pers\u00f6nlichkeitsunterschiede in der F\u00e4higkeit zur Selbstkontrolle erkl\u00e4ren k\u00f6nnen, ob Menschen unmittelbar auf Smartphone-Signale reagieren.\" \/>\n<meta name=\"robots\" content=\"index, follow, max-snippet:-1, max-image-preview:large, max-video-preview:-1\" \/>\n<link rel=\"canonical\" href=\"https:\/\/www.organisator.ch\/it\/generale\/2018-05-02\/ablenkung-durch-das-smartphone-ist-eine-frage-der-persoenlichkeit\/\" \/>\n<meta property=\"og:locale\" content=\"it_IT\" \/>\n<meta property=\"og:type\" content=\"article\" \/>\n<meta property=\"og:title\" content=\"Ablenkung durch das Smartphone ist eine Frage der Pers\u00f6nlichkeit\" \/>\n<meta property=\"og:description\" content=\"Das #Smartphone bietet bekanntlich viele M\u00f6glichkeiten, hat aber auch #Nebenwirkungen: Es lenkt ab, etwa am Steuer oder bei der Arbeit. Berner Forschende zeigen nun, dass Pers\u00f6nlichkeitsunterschiede in der F\u00e4higkeit zur #Selbstkontrolle erkl\u00e4ren k\u00f6nnen, ob Menschen unmittelbar auf Smartphone-Signale reagieren.\" \/>\n<meta property=\"og:url\" content=\"https:\/\/www.organisator.ch\/it\/generale\/2018-05-02\/ablenkung-durch-das-smartphone-ist-eine-frage-der-persoenlichkeit\/\" \/>\n<meta property=\"og:site_name\" content=\"Organisator\" \/>\n<meta property=\"article:publisher\" content=\"https:\/\/www.facebook.com\/OrganisatorFachmagazin\" \/>\n<meta property=\"article:published_time\" content=\"2018-05-02T13:23:21+00:00\" \/>\n<meta property=\"og:image\" content=\"https:\/\/www.organisator.ch\/wp-content\/uploads\/2018\/05\/Ablenkung-durch-das-Smartphone-ist-eine-Frage-der-Persoenlichkeit_Organisator.jpg\" \/>\n\t<meta property=\"og:image:width\" content=\"576\" \/>\n\t<meta property=\"og:image:height\" content=\"480\" \/>\n\t<meta property=\"og:image:type\" content=\"image\/jpeg\" \/>\n<meta name=\"author\" content=\"thomas.berner\" \/>\n<meta name=\"twitter:card\" content=\"summary_large_image\" \/>\n<meta name=\"twitter:title\" content=\"#Ablenkung durch das #Smartphone ist eine Frage der #Pers\u00f6nlichkeit\" \/>\n<meta name=\"twitter:description\" content=\"Das #Smartphone bietet bekanntlich viele M\u00f6glichkeiten, hat aber auch #Nebenwirkungen: Es lenkt ab, etwa am Steuer oder bei der Arbeit. Berner Forschende zeigen nun, dass Pers\u00f6nlichkeitsunterschiede in der F\u00e4higkeit zur #Selbstkontrolle erkl\u00e4ren k\u00f6nnen, ob Menschen unmittelbar auf Smartphone-Signale reagieren.\" \/>\n<meta name=\"twitter:image\" content=\"https:\/\/www.organisator.ch\/wp-content\/uploads\/2018\/05\/Ablenkung-durch-das-Smartphone-ist-eine-Frage-der-Pers\u00f6nlichkeit_Organisator.jpg\" \/>\n<script type=\"application\/ld+json\" class=\"yoast-schema-graph\">{\"@context\":\"https:\\\/\\\/schema.org\",\"@graph\":[{\"@type\":\"Article\",\"@id\":\"https:\\\/\\\/www.organisator.ch\\\/it\\\/generale\\\/2018-05-02\\\/ablenkung-durch-das-smartphone-ist-eine-frage-der-persoenlichkeit\\\/#article\",\"isPartOf\":{\"@id\":\"https:\\\/\\\/www.organisator.ch\\\/it\\\/generale\\\/2018-05-02\\\/ablenkung-durch-das-smartphone-ist-eine-frage-der-persoenlichkeit\\\/\"},\"author\":{\"name\":\"thomas.berner\",\"@id\":\"https:\\\/\\\/www.organisator.ch\\\/#\\\/schema\\\/person\\\/6f650f90b2842cd4c0cc334b4e36f67e\"},\"headline\":\"Ablenkung durch das Smartphone ist eine Frage der Pers\u00f6nlichkeit\",\"datePublished\":\"2018-05-02T13:23:21+00:00\",\"mainEntityOfPage\":{\"@id\":\"https:\\\/\\\/www.organisator.ch\\\/it\\\/generale\\\/2018-05-02\\\/ablenkung-durch-das-smartphone-ist-eine-frage-der-persoenlichkeit\\\/\"},\"wordCount\":587,\"commentCount\":0,\"publisher\":{\"@id\":\"https:\\\/\\\/www.organisator.ch\\\/#organization\"},\"image\":{\"@id\":\"https:\\\/\\\/www.organisator.ch\\\/it\\\/generale\\\/2018-05-02\\\/ablenkung-durch-das-smartphone-ist-eine-frage-der-persoenlichkeit\\\/#primaryimage\"},\"thumbnailUrl\":\"https:\\\/\\\/www.organisator.ch\\\/wp-content\\\/uploads\\\/2018\\\/05\\\/Ablenkung-durch-das-Smartphone-ist-eine-Frage-der-Persoenlichkeit_Organisator.jpg\",\"keywords\":[\"Arbeitsplatzgestaltung\",\"Digitalisierung\",\"Studie\",\"Wissenschaft\"],\"articleSection\":[\"Allgemein\"],\"inLanguage\":\"it-IT\"},{\"@type\":\"WebPage\",\"@id\":\"https:\\\/\\\/www.organisator.ch\\\/it\\\/generale\\\/2018-05-02\\\/ablenkung-durch-das-smartphone-ist-eine-frage-der-persoenlichkeit\\\/\",\"url\":\"https:\\\/\\\/www.organisator.ch\\\/it\\\/generale\\\/2018-05-02\\\/ablenkung-durch-das-smartphone-ist-eine-frage-der-persoenlichkeit\\\/\",\"name\":\"Ablenkung durch das Smartphone ist eine Frage der Pers\u00f6nlichkeit - Organisator\",\"isPartOf\":{\"@id\":\"https:\\\/\\\/www.organisator.ch\\\/#website\"},\"primaryImageOfPage\":{\"@id\":\"https:\\\/\\\/www.organisator.ch\\\/it\\\/generale\\\/2018-05-02\\\/ablenkung-durch-das-smartphone-ist-eine-frage-der-persoenlichkeit\\\/#primaryimage\"},\"image\":{\"@id\":\"https:\\\/\\\/www.organisator.ch\\\/it\\\/generale\\\/2018-05-02\\\/ablenkung-durch-das-smartphone-ist-eine-frage-der-persoenlichkeit\\\/#primaryimage\"},\"thumbnailUrl\":\"https:\\\/\\\/www.organisator.ch\\\/wp-content\\\/uploads\\\/2018\\\/05\\\/Ablenkung-durch-das-Smartphone-ist-eine-Frage-der-Persoenlichkeit_Organisator.jpg\",\"datePublished\":\"2018-05-02T13:23:21+00:00\",\"description\":\"Das Smartphone bietet bekanntlich viele M\u00f6glichkeiten, hat aber auch Nebenwirkungen: Es lenkt ab, etwa am Steuer oder bei der Arbeit. Berner Forschende zeigen nun, dass Pers\u00f6nlichkeitsunterschiede in der F\u00e4higkeit zur Selbstkontrolle erkl\u00e4ren k\u00f6nnen, ob Menschen unmittelbar auf Smartphone-Signale reagieren.\",\"breadcrumb\":{\"@id\":\"https:\\\/\\\/www.organisator.ch\\\/it\\\/generale\\\/2018-05-02\\\/ablenkung-durch-das-smartphone-ist-eine-frage-der-persoenlichkeit\\\/#breadcrumb\"},\"inLanguage\":\"it-IT\",\"potentialAction\":[{\"@type\":\"ReadAction\",\"target\":[\"https:\\\/\\\/www.organisator.ch\\\/it\\\/generale\\\/2018-05-02\\\/ablenkung-durch-das-smartphone-ist-eine-frage-der-persoenlichkeit\\\/\"]}]},{\"@type\":\"ImageObject\",\"inLanguage\":\"it-IT\",\"@id\":\"https:\\\/\\\/www.organisator.ch\\\/it\\\/generale\\\/2018-05-02\\\/ablenkung-durch-das-smartphone-ist-eine-frage-der-persoenlichkeit\\\/#primaryimage\",\"url\":\"https:\\\/\\\/www.organisator.ch\\\/wp-content\\\/uploads\\\/2018\\\/05\\\/Ablenkung-durch-das-Smartphone-ist-eine-Frage-der-Persoenlichkeit_Organisator.jpg\",\"contentUrl\":\"https:\\\/\\\/www.organisator.ch\\\/wp-content\\\/uploads\\\/2018\\\/05\\\/Ablenkung-durch-das-Smartphone-ist-eine-Frage-der-Persoenlichkeit_Organisator.jpg\",\"width\":576,\"height\":480,\"caption\":\"Ein Smartphone ist eine gute Sache, lenkt aber auch ab. (Bild: G\u00fcnter Havlena \\\/ pixelio.de)\"},{\"@type\":\"BreadcrumbList\",\"@id\":\"https:\\\/\\\/www.organisator.ch\\\/it\\\/generale\\\/2018-05-02\\\/ablenkung-durch-das-smartphone-ist-eine-frage-der-persoenlichkeit\\\/#breadcrumb\",\"itemListElement\":[{\"@type\":\"ListItem\",\"position\":1,\"name\":\"Home\",\"item\":\"https:\\\/\\\/www.organisator.ch\\\/\"},{\"@type\":\"ListItem\",\"position\":2,\"name\":\"Ablenkung durch das Smartphone ist eine Frage der Pers\u00f6nlichkeit\"}]},{\"@type\":\"WebSite\",\"@id\":\"https:\\\/\\\/www.organisator.ch\\\/#website\",\"url\":\"https:\\\/\\\/www.organisator.ch\\\/\",\"name\":\"Organisator\",\"description\":\"Kompetent. Praxisnah. Der ORGANISATOR bereitet in 10 Ausgaben pro Jahr die wesentlichen Themen f\u00fcr F\u00fchrungskr\u00e4fte von KMU auf.\",\"publisher\":{\"@id\":\"https:\\\/\\\/www.organisator.ch\\\/#organization\"},\"potentialAction\":[{\"@type\":\"SearchAction\",\"target\":{\"@type\":\"EntryPoint\",\"urlTemplate\":\"https:\\\/\\\/www.organisator.ch\\\/?s={search_term_string}\"},\"query-input\":{\"@type\":\"PropertyValueSpecification\",\"valueRequired\":true,\"valueName\":\"search_term_string\"}}],\"inLanguage\":\"it-IT\"},{\"@type\":\"Organization\",\"@id\":\"https:\\\/\\\/www.organisator.ch\\\/#organization\",\"name\":\"Organisator\",\"url\":\"https:\\\/\\\/www.organisator.ch\\\/\",\"logo\":{\"@type\":\"ImageObject\",\"inLanguage\":\"it-IT\",\"@id\":\"https:\\\/\\\/www.organisator.ch\\\/#\\\/schema\\\/logo\\\/image\\\/\",\"url\":\"https:\\\/\\\/www.organisator.ch\\\/wp-content\\\/uploads\\\/2022\\\/01\\\/Logo_Organisator_Website.png\",\"contentUrl\":\"https:\\\/\\\/www.organisator.ch\\\/wp-content\\\/uploads\\\/2022\\\/01\\\/Logo_Organisator_Website.png\",\"width\":800,\"height\":77,\"caption\":\"Organisator\"},\"image\":{\"@id\":\"https:\\\/\\\/www.organisator.ch\\\/#\\\/schema\\\/logo\\\/image\\\/\"},\"sameAs\":[\"https:\\\/\\\/www.facebook.com\\\/OrganisatorFachmagazin\",\"https:\\\/\\\/www.linkedin.com\\\/showcase\\\/organisator-das-magazin-fr-kmu\",\"https:\\\/\\\/www.xing.com\\\/news\\\/pages\\\/organisator-ch-695\",\"https:\\\/\\\/www.youtube.com\\\/channel\\\/UCGP2Sq0iWaZwT3BdIAQFYpw\"]},{\"@type\":\"Person\",\"@id\":\"https:\\\/\\\/www.organisator.ch\\\/#\\\/schema\\\/person\\\/6f650f90b2842cd4c0cc334b4e36f67e\",\"name\":\"thomas.berner\",\"image\":{\"@type\":\"ImageObject\",\"inLanguage\":\"it-IT\",\"@id\":\"https:\\\/\\\/secure.gravatar.com\\\/avatar\\\/ac5001d2a36cb6c6cd3e50789007ffca834b477b74a2144564522e944eabff61?s=96&d=mm&r=g\",\"url\":\"https:\\\/\\\/secure.gravatar.com\\\/avatar\\\/ac5001d2a36cb6c6cd3e50789007ffca834b477b74a2144564522e944eabff61?s=96&d=mm&r=g\",\"contentUrl\":\"https:\\\/\\\/secure.gravatar.com\\\/avatar\\\/ac5001d2a36cb6c6cd3e50789007ffca834b477b74a2144564522e944eabff61?s=96&d=mm&r=g\",\"caption\":\"thomas.berner\"},\"url\":\"https:\\\/\\\/www.organisator.ch\\\/it\\\/author\\\/thomas-berner\\\/\"}]}<\/script>\n<!-- \/ Yoast SEO plugin. -->","yoast_head_json":{"title":"La distrazione da smartphone \u00e8 una questione di personalit\u00e0 - Organizzatore","description":"Come tutti sappiamo, lo smartphone offre molte possibilit\u00e0, ma ha anche effetti collaterali: \u00c8 una distrazione, ad esempio al volante o al lavoro. I ricercatori bernesi dimostrano ora che le differenze di personalit\u00e0 nella capacit\u00e0 di autocontrollo possono spiegare se le persone reagiscono immediatamente ai segnali dello smartphone.","robots":{"index":"index","follow":"follow","max-snippet":"max-snippet:-1","max-image-preview":"max-image-preview:large","max-video-preview":"max-video-preview:-1"},"canonical":"https:\/\/www.organisator.ch\/it\/generale\/2018-05-02\/ablenkung-durch-das-smartphone-ist-eine-frage-der-persoenlichkeit\/","og_locale":"it_IT","og_type":"article","og_title":"Ablenkung durch das Smartphone ist eine Frage der Pers\u00f6nlichkeit","og_description":"Das #Smartphone bietet bekanntlich viele M\u00f6glichkeiten, hat aber auch #Nebenwirkungen: Es lenkt ab, etwa am Steuer oder bei der Arbeit. Berner Forschende zeigen nun, dass Pers\u00f6nlichkeitsunterschiede in der F\u00e4higkeit zur #Selbstkontrolle erkl\u00e4ren k\u00f6nnen, ob Menschen unmittelbar auf Smartphone-Signale reagieren.","og_url":"https:\/\/www.organisator.ch\/it\/generale\/2018-05-02\/ablenkung-durch-das-smartphone-ist-eine-frage-der-persoenlichkeit\/","og_site_name":"Organisator","article_publisher":"https:\/\/www.facebook.com\/OrganisatorFachmagazin","article_published_time":"2018-05-02T13:23:21+00:00","og_image":[{"width":576,"height":480,"url":"https:\/\/www.organisator.ch\/wp-content\/uploads\/2018\/05\/Ablenkung-durch-das-Smartphone-ist-eine-Frage-der-Persoenlichkeit_Organisator.jpg","type":"image\/jpeg"}],"author":"thomas.berner","twitter_card":"summary_large_image","twitter_title":"#Ablenkung durch das #Smartphone ist eine Frage der #Pers\u00f6nlichkeit","twitter_description":"Das #Smartphone bietet bekanntlich viele M\u00f6glichkeiten, hat aber auch #Nebenwirkungen: Es lenkt ab, etwa am Steuer oder bei der Arbeit. Berner Forschende zeigen nun, dass Pers\u00f6nlichkeitsunterschiede in der F\u00e4higkeit zur #Selbstkontrolle erkl\u00e4ren k\u00f6nnen, ob Menschen unmittelbar auf Smartphone-Signale reagieren.","twitter_image":"https:\/\/www.organisator.ch\/wp-content\/uploads\/2018\/05\/Ablenkung-durch-das-Smartphone-ist-eine-Frage-der-Pers\u00f6nlichkeit_Organisator.jpg","schema":{"@context":"https:\/\/schema.org","@graph":[{"@type":"Article","@id":"https:\/\/www.organisator.ch\/it\/generale\/2018-05-02\/ablenkung-durch-das-smartphone-ist-eine-frage-der-persoenlichkeit\/#article","isPartOf":{"@id":"https:\/\/www.organisator.ch\/it\/generale\/2018-05-02\/ablenkung-durch-das-smartphone-ist-eine-frage-der-persoenlichkeit\/"},"author":{"name":"thomas.berner","@id":"https:\/\/www.organisator.ch\/#\/schema\/person\/6f650f90b2842cd4c0cc334b4e36f67e"},"headline":"Ablenkung durch das Smartphone ist eine Frage der Pers\u00f6nlichkeit","datePublished":"2018-05-02T13:23:21+00:00","mainEntityOfPage":{"@id":"https:\/\/www.organisator.ch\/it\/generale\/2018-05-02\/ablenkung-durch-das-smartphone-ist-eine-frage-der-persoenlichkeit\/"},"wordCount":587,"commentCount":0,"publisher":{"@id":"https:\/\/www.organisator.ch\/#organization"},"image":{"@id":"https:\/\/www.organisator.ch\/it\/generale\/2018-05-02\/ablenkung-durch-das-smartphone-ist-eine-frage-der-persoenlichkeit\/#primaryimage"},"thumbnailUrl":"https:\/\/www.organisator.ch\/wp-content\/uploads\/2018\/05\/Ablenkung-durch-das-Smartphone-ist-eine-Frage-der-Persoenlichkeit_Organisator.jpg","keywords":["Arbeitsplatzgestaltung","Digitalisierung","Studie","Wissenschaft"],"articleSection":["Allgemein"],"inLanguage":"it-IT"},{"@type":"WebPage","@id":"https:\/\/www.organisator.ch\/it\/generale\/2018-05-02\/ablenkung-durch-das-smartphone-ist-eine-frage-der-persoenlichkeit\/","url":"https:\/\/www.organisator.ch\/it\/generale\/2018-05-02\/ablenkung-durch-das-smartphone-ist-eine-frage-der-persoenlichkeit\/","name":"La distrazione da smartphone \u00e8 una questione di personalit\u00e0 - Organizzatore","isPartOf":{"@id":"https:\/\/www.organisator.ch\/#website"},"primaryImageOfPage":{"@id":"https:\/\/www.organisator.ch\/it\/generale\/2018-05-02\/ablenkung-durch-das-smartphone-ist-eine-frage-der-persoenlichkeit\/#primaryimage"},"image":{"@id":"https:\/\/www.organisator.ch\/it\/generale\/2018-05-02\/ablenkung-durch-das-smartphone-ist-eine-frage-der-persoenlichkeit\/#primaryimage"},"thumbnailUrl":"https:\/\/www.organisator.ch\/wp-content\/uploads\/2018\/05\/Ablenkung-durch-das-Smartphone-ist-eine-Frage-der-Persoenlichkeit_Organisator.jpg","datePublished":"2018-05-02T13:23:21+00:00","description":"Come tutti sappiamo, lo smartphone offre molte possibilit\u00e0, ma ha anche effetti collaterali: \u00c8 una distrazione, ad esempio al volante o al lavoro. I ricercatori bernesi dimostrano ora che le differenze di personalit\u00e0 nella capacit\u00e0 di autocontrollo possono spiegare se le persone reagiscono immediatamente ai segnali dello smartphone.","breadcrumb":{"@id":"https:\/\/www.organisator.ch\/it\/generale\/2018-05-02\/ablenkung-durch-das-smartphone-ist-eine-frage-der-persoenlichkeit\/#breadcrumb"},"inLanguage":"it-IT","potentialAction":[{"@type":"ReadAction","target":["https:\/\/www.organisator.ch\/it\/generale\/2018-05-02\/ablenkung-durch-das-smartphone-ist-eine-frage-der-persoenlichkeit\/"]}]},{"@type":"ImageObject","inLanguage":"it-IT","@id":"https:\/\/www.organisator.ch\/it\/generale\/2018-05-02\/ablenkung-durch-das-smartphone-ist-eine-frage-der-persoenlichkeit\/#primaryimage","url":"https:\/\/www.organisator.ch\/wp-content\/uploads\/2018\/05\/Ablenkung-durch-das-Smartphone-ist-eine-Frage-der-Persoenlichkeit_Organisator.jpg","contentUrl":"https:\/\/www.organisator.ch\/wp-content\/uploads\/2018\/05\/Ablenkung-durch-das-Smartphone-ist-eine-Frage-der-Persoenlichkeit_Organisator.jpg","width":576,"height":480,"caption":"Ein Smartphone ist eine gute Sache, lenkt aber auch ab. (Bild: G\u00fcnter Havlena \/ pixelio.de)"},{"@type":"BreadcrumbList","@id":"https:\/\/www.organisator.ch\/it\/generale\/2018-05-02\/ablenkung-durch-das-smartphone-ist-eine-frage-der-persoenlichkeit\/#breadcrumb","itemListElement":[{"@type":"ListItem","position":1,"name":"Home","item":"https:\/\/www.organisator.ch\/"},{"@type":"ListItem","position":2,"name":"Ablenkung durch das Smartphone ist eine Frage der Pers\u00f6nlichkeit"}]},{"@type":"WebSite","@id":"https:\/\/www.organisator.ch\/#website","url":"https:\/\/www.organisator.ch\/","name":"Organizzatore","description":"Competente. Pratico. In 10 numeri all'anno, ORGANISATOR presenta i temi essenziali per i manager delle PMI.","publisher":{"@id":"https:\/\/www.organisator.ch\/#organization"},"potentialAction":[{"@type":"SearchAction","target":{"@type":"EntryPoint","urlTemplate":"https:\/\/www.organisator.ch\/?s={search_term_string}"},"query-input":{"@type":"PropertyValueSpecification","valueRequired":true,"valueName":"search_term_string"}}],"inLanguage":"it-IT"},{"@type":"Organization","@id":"https:\/\/www.organisator.ch\/#organization","name":"Organizzatore","url":"https:\/\/www.organisator.ch\/","logo":{"@type":"ImageObject","inLanguage":"it-IT","@id":"https:\/\/www.organisator.ch\/#\/schema\/logo\/image\/","url":"https:\/\/www.organisator.ch\/wp-content\/uploads\/2022\/01\/Logo_Organisator_Website.png","contentUrl":"https:\/\/www.organisator.ch\/wp-content\/uploads\/2022\/01\/Logo_Organisator_Website.png","width":800,"height":77,"caption":"Organisator"},"image":{"@id":"https:\/\/www.organisator.ch\/#\/schema\/logo\/image\/"},"sameAs":["https:\/\/www.facebook.com\/OrganisatorFachmagazin","https:\/\/www.linkedin.com\/showcase\/organisator-das-magazin-fr-kmu","https:\/\/www.xing.com\/news\/pages\/organisator-ch-695","https:\/\/www.youtube.com\/channel\/UCGP2Sq0iWaZwT3BdIAQFYpw"]},{"@type":"Person","@id":"https:\/\/www.organisator.ch\/#\/schema\/person\/6f650f90b2842cd4c0cc334b4e36f67e","name":"Tommaso.berner","image":{"@type":"ImageObject","inLanguage":"it-IT","@id":"https:\/\/secure.gravatar.com\/avatar\/ac5001d2a36cb6c6cd3e50789007ffca834b477b74a2144564522e944eabff61?s=96&d=mm&r=g","url":"https:\/\/secure.gravatar.com\/avatar\/ac5001d2a36cb6c6cd3e50789007ffca834b477b74a2144564522e944eabff61?s=96&d=mm&r=g","contentUrl":"https:\/\/secure.gravatar.com\/avatar\/ac5001d2a36cb6c6cd3e50789007ffca834b477b74a2144564522e944eabff61?s=96&d=mm&r=g","caption":"thomas.berner"},"url":"https:\/\/www.organisator.ch\/it\/author\/thomas-berner\/"}]}},"_links":{"self":[{"href":"https:\/\/www.organisator.ch\/it\/wp-json\/wp\/v2\/posts\/3535","targetHints":{"allow":["GET"]}}],"collection":[{"href":"https:\/\/www.organisator.ch\/it\/wp-json\/wp\/v2\/posts"}],"about":[{"href":"https:\/\/www.organisator.ch\/it\/wp-json\/wp\/v2\/types\/post"}],"author":[{"embeddable":true,"href":"https:\/\/www.organisator.ch\/it\/wp-json\/wp\/v2\/users\/4"}],"replies":[{"embeddable":true,"href":"https:\/\/www.organisator.ch\/it\/wp-json\/wp\/v2\/comments?post=3535"}],"version-history":[{"count":0,"href":"https:\/\/www.organisator.ch\/it\/wp-json\/wp\/v2\/posts\/3535\/revisions"}],"wp:featuredmedia":[{"embeddable":true,"href":"https:\/\/www.organisator.ch\/it\/wp-json\/wp\/v2\/media\/3537"}],"wp:attachment":[{"href":"https:\/\/www.organisator.ch\/it\/wp-json\/wp\/v2\/media?parent=3535"}],"wp:term":[{"taxonomy":"category","embeddable":true,"href":"https:\/\/www.organisator.ch\/it\/wp-json\/wp\/v2\/categories?post=3535"},{"taxonomy":"post_tag","embeddable":true,"href":"https:\/\/www.organisator.ch\/it\/wp-json\/wp\/v2\/tags?post=3535"}],"curies":[{"name":"wp","href":"https:\/\/api.w.org\/{rel}","templated":true}]}}