{"id":35382,"date":"2025-01-20T11:38:42","date_gmt":"2025-01-20T10:38:42","guid":{"rendered":"https:\/\/www.markt-kom.com\/?p=229174"},"modified":"2025-01-20T14:14:55","modified_gmt":"2025-01-20T13:14:55","slug":"contcept-communication-gewinnt-swiss-science-center-technorama","status":"publish","type":"post","link":"https:\/\/www.organisator.ch\/it\/marketing\/2025-01-20\/contcept-communication-gewinnt-swiss-science-center-technorama\/","title":{"rendered":"Contcept Communication vince il Technorama del Centro svizzero della scienza"},"content":{"rendered":"<p><a href=\"https:\/\/www.markt-kom.com\/wp-content\/uploads\/2025\/01\/Technorama_Aussenansicht_Dres-Hubacher-scaled.jpg\"><img class=\"alignnone size-full wp-image-229176\" src=\"https:\/\/www.markt-kom.com\/wp-content\/uploads\/2025\/01\/Technorama_Aussenansicht_Dres-Hubacher-scaled.jpg\" sizes=\"(max-width: 1400px) 100vw, 1400px\" srcset=\"https:\/\/www.markt-kom.com\/wp-content\/uploads\/2025\/01\/Technorama_Aussenansicht_Dres-Hubacher-scaled.jpg 1300w, https:\/\/www.markt-kom.com\/wp-content\/uploads\/2025\/01\/Technorama_Aussenansicht_Dres-Hubacher-600x400.jpg 600w, https:\/\/www.markt-kom.com\/wp-content\/uploads\/2025\/01\/Technorama_Aussenansicht_Dres-Hubacher-1024x682.jpg 1024w, https:\/\/www.markt-kom.com\/wp-content\/uploads\/2025\/01\/Technorama_Aussenansicht_Dres-Hubacher-768x512.jpg 768w, https:\/\/www.markt-kom.com\/wp-content\/uploads\/2025\/01\/Technorama_Aussenansicht_Dres-Hubacher-1536x1024.jpg 1536w, https:\/\/www.markt-kom.com\/wp-content\/uploads\/2025\/01\/Technorama_Aussenansicht_Dres-Hubacher-18x12.jpg 18w, https:\/\/www.markt-kom.com\/wp-content\/uploads\/2025\/01\/Technorama_Aussenansicht_Dres-Hubacher-263x175.jpg 263w, https:\/\/www.markt-kom.com\/wp-content\/uploads\/2025\/01\/Technorama_Aussenansicht_Dres-Hubacher-525x350.jpg 525w, https:\/\/www.markt-kom.com\/wp-content\/uploads\/2025\/01\/Technorama_Aussenansicht_Dres-Hubacher-1000x667.jpg 1000w\" alt=\"\" width=\"1400\" height=\"933\" \/><\/a><\/p>\r\n<p>Contcept Communication \u00e8 lieta di avere un nuovo, noto cliente: Lo Swiss Science Center Technorama si affida ora all'esperienza dell'agenzia di Zurigo, Losanna e Berlino. La collaborazione comprende relazioni con i media, storytelling e influencer marketing. Contcept gestisce anche i canali social media di Technorama, tra cui Instagram, Facebook e LinkedIn.<\/p>\r\n<p>Con oltre 600 stazioni sperimentali su una superficie espositiva di 7.000 metri quadrati e un parco di 15.000 metri quadrati, Technorama \u00e8 una delle istituzioni pi\u00f9 importanti del suo genere in Europa. Nel 2024, il centro scientifico ha stabilito un nuovo record con quasi 370.000 visitatori. Con l'ambizioso progetto \"Technorama 2050\", la fondazione no-profit sta pianificando ampi rinnovamenti, ammodernamenti ed espansioni entro il 2030.<\/p>\r\n<p>\"Siamo molto contenti di lavorare insieme\", afferma Ilona Sch\u00f6nle, responsabile marketing e comunicazione di Technorama. \"Con Contcept Communication abbiamo al nostro fianco un'agenzia che ha i migliori contatti nei media e che padroneggia l'arte dello storytelling su tutti i canali\".<\/p>\r\n<p>Barbara Ryter, Co-CEO di Contcept Communication, aggiunge: \"Il Technorama \u00e8 molto conosciuto e ha molte storie straordinarie e sorprendenti da raccontare\". Gestisce il mandato insieme alla consulente junior Claudia Jutz.<\/p>","protected":false},"excerpt":{"rendered":"<p>L'agenzia Contcept Communication \u00e8 responsabile delle relazioni con i media, dello storytelling e del supporto ai social media di Technorama e sostiene il suo progetto futuro \"Technorama 2050\".<\/p>","protected":false},"author":8,"featured_media":0,"comment_status":"closed","ping_status":"closed","sticky":false,"template":"","format":"standard","meta":{"_acf_changed":false,"_yoast_wpseo_focuskw":"Technorama","_yoast_wpseo_metadesc":"Contcept \u00fcbernimmt Medienarbeit, Storytelling und Social-Media f\u00fcrs Technorama und unterst\u00fctzt das Zukunftsprojekt \u00abTechnorama 2050\u00bb.","articlekey":"","footnotes":""},"categories":[29],"tags":[4345,5021,4343],"class_list":["post-35382","post","type-post","status-publish","format-standard","hentry","category-marketing","tag-business","tag-contcept-communication","tag-markom"],"acf":[],"yoast_head":"<!-- This site is optimized with the Yoast SEO plugin v27.5 - https:\/\/yoast.com\/product\/yoast-seo-wordpress\/ -->\n<title>Contcept Communication gewinnt Swiss Science Center Technorama - Organisator<\/title>\n<meta name=\"description\" content=\"Contcept \u00fcbernimmt Medienarbeit, Storytelling und Social-Media f\u00fcrs Technorama und unterst\u00fctzt das Zukunftsprojekt \u00abTechnorama 2050\u00bb.\" \/>\n<meta name=\"robots\" content=\"index, follow, max-snippet:-1, max-image-preview:large, max-video-preview:-1\" \/>\n<link rel=\"canonical\" href=\"https:\/\/www.organisator.ch\/it\/marketing\/2025-01-20\/contcept-communication-gewinnt-swiss-science-center-technorama\/\" \/>\n<meta property=\"og:locale\" content=\"it_IT\" \/>\n<meta property=\"og:type\" content=\"article\" \/>\n<meta property=\"og:title\" content=\"Contcept Communication gewinnt Swiss Science Center Technorama - Organisator\" \/>\n<meta property=\"og:description\" content=\"Contcept \u00fcbernimmt Medienarbeit, Storytelling und Social-Media f\u00fcrs Technorama und unterst\u00fctzt das Zukunftsprojekt \u00abTechnorama 2050\u00bb.\" \/>\n<meta property=\"og:url\" content=\"https:\/\/www.organisator.ch\/it\/marketing\/2025-01-20\/contcept-communication-gewinnt-swiss-science-center-technorama\/\" \/>\n<meta property=\"og:site_name\" content=\"Organisator\" \/>\n<meta property=\"article:publisher\" content=\"https:\/\/www.facebook.com\/OrganisatorFachmagazin\" \/>\n<meta property=\"article:published_time\" content=\"2025-01-20T10:38:42+00:00\" \/>\n<meta property=\"article:modified_time\" content=\"2025-01-20T13:14:55+00:00\" \/>\n<meta name=\"author\" content=\"galledia\" \/>\n<meta name=\"twitter:card\" content=\"summary_large_image\" \/>\n<meta name=\"twitter:creator\" content=\"@admin\" \/>\n<script type=\"application\/ld+json\" class=\"yoast-schema-graph\">{\"@context\":\"https:\\\/\\\/schema.org\",\"@graph\":[{\"@type\":\"Article\",\"@id\":\"https:\\\/\\\/www.organisator.ch\\\/marketing\\\/2025-01-20\\\/contcept-communication-gewinnt-swiss-science-center-technorama\\\/#article\",\"isPartOf\":{\"@id\":\"https:\\\/\\\/www.organisator.ch\\\/marketing\\\/2025-01-20\\\/contcept-communication-gewinnt-swiss-science-center-technorama\\\/\"},\"author\":{\"name\":\"galledia\",\"@id\":\"https:\\\/\\\/www.organisator.ch\\\/#\\\/schema\\\/person\\\/4e51799071cd2dd1232ac003643ef5f0\"},\"headline\":\"Contcept Communication gewinnt Swiss Science Center Technorama\",\"datePublished\":\"2025-01-20T10:38:42+00:00\",\"dateModified\":\"2025-01-20T13:14:55+00:00\",\"mainEntityOfPage\":{\"@id\":\"https:\\\/\\\/www.organisator.ch\\\/marketing\\\/2025-01-20\\\/contcept-communication-gewinnt-swiss-science-center-technorama\\\/\"},\"wordCount\":188,\"publisher\":{\"@id\":\"https:\\\/\\\/www.organisator.ch\\\/#organization\"},\"image\":{\"@id\":\"https:\\\/\\\/www.organisator.ch\\\/marketing\\\/2025-01-20\\\/contcept-communication-gewinnt-swiss-science-center-technorama\\\/#primaryimage\"},\"thumbnailUrl\":\"https:\\\/\\\/www.markt-kom.com\\\/wp-content\\\/uploads\\\/2025\\\/01\\\/Technorama_Aussenansicht_Dres-Hubacher-scaled.jpg\",\"keywords\":[\"Business\",\"Contcept Communication\",\"MarKom\"],\"articleSection\":[\"MARKETING\"],\"inLanguage\":\"it-IT\"},{\"@type\":\"WebPage\",\"@id\":\"https:\\\/\\\/www.organisator.ch\\\/marketing\\\/2025-01-20\\\/contcept-communication-gewinnt-swiss-science-center-technorama\\\/\",\"url\":\"https:\\\/\\\/www.organisator.ch\\\/marketing\\\/2025-01-20\\\/contcept-communication-gewinnt-swiss-science-center-technorama\\\/\",\"name\":\"Contcept Communication gewinnt Swiss Science Center Technorama - Organisator\",\"isPartOf\":{\"@id\":\"https:\\\/\\\/www.organisator.ch\\\/#website\"},\"primaryImageOfPage\":{\"@id\":\"https:\\\/\\\/www.organisator.ch\\\/marketing\\\/2025-01-20\\\/contcept-communication-gewinnt-swiss-science-center-technorama\\\/#primaryimage\"},\"image\":{\"@id\":\"https:\\\/\\\/www.organisator.ch\\\/marketing\\\/2025-01-20\\\/contcept-communication-gewinnt-swiss-science-center-technorama\\\/#primaryimage\"},\"thumbnailUrl\":\"https:\\\/\\\/www.markt-kom.com\\\/wp-content\\\/uploads\\\/2025\\\/01\\\/Technorama_Aussenansicht_Dres-Hubacher-scaled.jpg\",\"datePublished\":\"2025-01-20T10:38:42+00:00\",\"dateModified\":\"2025-01-20T13:14:55+00:00\",\"description\":\"Contcept \u00fcbernimmt Medienarbeit, Storytelling und Social-Media f\u00fcrs Technorama und unterst\u00fctzt das Zukunftsprojekt \u00abTechnorama 2050\u00bb.\",\"breadcrumb\":{\"@id\":\"https:\\\/\\\/www.organisator.ch\\\/marketing\\\/2025-01-20\\\/contcept-communication-gewinnt-swiss-science-center-technorama\\\/#breadcrumb\"},\"inLanguage\":\"it-IT\",\"potentialAction\":[{\"@type\":\"ReadAction\",\"target\":[\"https:\\\/\\\/www.organisator.ch\\\/marketing\\\/2025-01-20\\\/contcept-communication-gewinnt-swiss-science-center-technorama\\\/\"]}]},{\"@type\":\"ImageObject\",\"inLanguage\":\"it-IT\",\"@id\":\"https:\\\/\\\/www.organisator.ch\\\/marketing\\\/2025-01-20\\\/contcept-communication-gewinnt-swiss-science-center-technorama\\\/#primaryimage\",\"url\":\"https:\\\/\\\/www.markt-kom.com\\\/wp-content\\\/uploads\\\/2025\\\/01\\\/Technorama_Aussenansicht_Dres-Hubacher-scaled.jpg\",\"contentUrl\":\"https:\\\/\\\/www.markt-kom.com\\\/wp-content\\\/uploads\\\/2025\\\/01\\\/Technorama_Aussenansicht_Dres-Hubacher-scaled.jpg\"},{\"@type\":\"BreadcrumbList\",\"@id\":\"https:\\\/\\\/www.organisator.ch\\\/marketing\\\/2025-01-20\\\/contcept-communication-gewinnt-swiss-science-center-technorama\\\/#breadcrumb\",\"itemListElement\":[{\"@type\":\"ListItem\",\"position\":1,\"name\":\"Home\",\"item\":\"https:\\\/\\\/www.organisator.ch\\\/\"},{\"@type\":\"ListItem\",\"position\":2,\"name\":\"Contcept Communication gewinnt Swiss Science Center Technorama\"}]},{\"@type\":\"WebSite\",\"@id\":\"https:\\\/\\\/www.organisator.ch\\\/#website\",\"url\":\"https:\\\/\\\/www.organisator.ch\\\/\",\"name\":\"Organisator\",\"description\":\"Kompetent. Praxisnah. Der ORGANISATOR bereitet in 10 Ausgaben pro Jahr die wesentlichen Themen f\u00fcr F\u00fchrungskr\u00e4fte von KMU auf.\",\"publisher\":{\"@id\":\"https:\\\/\\\/www.organisator.ch\\\/#organization\"},\"potentialAction\":[{\"@type\":\"SearchAction\",\"target\":{\"@type\":\"EntryPoint\",\"urlTemplate\":\"https:\\\/\\\/www.organisator.ch\\\/?s={search_term_string}\"},\"query-input\":{\"@type\":\"PropertyValueSpecification\",\"valueRequired\":true,\"valueName\":\"search_term_string\"}}],\"inLanguage\":\"it-IT\"},{\"@type\":\"Organization\",\"@id\":\"https:\\\/\\\/www.organisator.ch\\\/#organization\",\"name\":\"Organisator\",\"url\":\"https:\\\/\\\/www.organisator.ch\\\/\",\"logo\":{\"@type\":\"ImageObject\",\"inLanguage\":\"it-IT\",\"@id\":\"https:\\\/\\\/www.organisator.ch\\\/#\\\/schema\\\/logo\\\/image\\\/\",\"url\":\"https:\\\/\\\/www.organisator.ch\\\/wp-content\\\/uploads\\\/2022\\\/01\\\/Logo_Organisator_Website.png\",\"contentUrl\":\"https:\\\/\\\/www.organisator.ch\\\/wp-content\\\/uploads\\\/2022\\\/01\\\/Logo_Organisator_Website.png\",\"width\":800,\"height\":77,\"caption\":\"Organisator\"},\"image\":{\"@id\":\"https:\\\/\\\/www.organisator.ch\\\/#\\\/schema\\\/logo\\\/image\\\/\"},\"sameAs\":[\"https:\\\/\\\/www.facebook.com\\\/OrganisatorFachmagazin\",\"https:\\\/\\\/www.linkedin.com\\\/showcase\\\/organisator-das-magazin-fr-kmu\",\"https:\\\/\\\/www.xing.com\\\/news\\\/pages\\\/organisator-ch-695\",\"https:\\\/\\\/www.youtube.com\\\/channel\\\/UCGP2Sq0iWaZwT3BdIAQFYpw\"]},{\"@type\":\"Person\",\"@id\":\"https:\\\/\\\/www.organisator.ch\\\/#\\\/schema\\\/person\\\/4e51799071cd2dd1232ac003643ef5f0\",\"name\":\"galledia\",\"image\":{\"@type\":\"ImageObject\",\"inLanguage\":\"it-IT\",\"@id\":\"https:\\\/\\\/secure.gravatar.com\\\/avatar\\\/78a7f90c01fc2bfc875782a0d4922b37cde2cf184ce347b91316d23cd7f69a36?s=96&d=mm&r=g\",\"url\":\"https:\\\/\\\/secure.gravatar.com\\\/avatar\\\/78a7f90c01fc2bfc875782a0d4922b37cde2cf184ce347b91316d23cd7f69a36?s=96&d=mm&r=g\",\"contentUrl\":\"https:\\\/\\\/secure.gravatar.com\\\/avatar\\\/78a7f90c01fc2bfc875782a0d4922b37cde2cf184ce347b91316d23cd7f69a36?s=96&d=mm&r=g\",\"caption\":\"galledia\"},\"sameAs\":[\"https:\\\/\\\/x.com\\\/admin\"],\"url\":\"https:\\\/\\\/www.organisator.ch\\\/it\\\/author\\\/galledia\\\/\"}]}<\/script>\n<!-- \/ Yoast SEO plugin. -->","yoast_head_json":{"title":"Contcept Communication vince lo Swiss Science Center Technorama - Organizzatore","description":"Contcept gestisce le relazioni con i media, lo storytelling e i social media per Technorama e sostiene il progetto futuro \"Technorama 2050\".","robots":{"index":"index","follow":"follow","max-snippet":"max-snippet:-1","max-image-preview":"max-image-preview:large","max-video-preview":"max-video-preview:-1"},"canonical":"https:\/\/www.organisator.ch\/it\/marketing\/2025-01-20\/contcept-communication-gewinnt-swiss-science-center-technorama\/","og_locale":"it_IT","og_type":"article","og_title":"Contcept Communication gewinnt Swiss Science Center Technorama - Organisator","og_description":"Contcept \u00fcbernimmt Medienarbeit, Storytelling und Social-Media f\u00fcrs Technorama und unterst\u00fctzt das Zukunftsprojekt \u00abTechnorama 2050\u00bb.","og_url":"https:\/\/www.organisator.ch\/it\/marketing\/2025-01-20\/contcept-communication-gewinnt-swiss-science-center-technorama\/","og_site_name":"Organisator","article_publisher":"https:\/\/www.facebook.com\/OrganisatorFachmagazin","article_published_time":"2025-01-20T10:38:42+00:00","article_modified_time":"2025-01-20T13:14:55+00:00","author":"galledia","twitter_card":"summary_large_image","twitter_creator":"@admin","schema":{"@context":"https:\/\/schema.org","@graph":[{"@type":"Article","@id":"https:\/\/www.organisator.ch\/marketing\/2025-01-20\/contcept-communication-gewinnt-swiss-science-center-technorama\/#article","isPartOf":{"@id":"https:\/\/www.organisator.ch\/marketing\/2025-01-20\/contcept-communication-gewinnt-swiss-science-center-technorama\/"},"author":{"name":"galledia","@id":"https:\/\/www.organisator.ch\/#\/schema\/person\/4e51799071cd2dd1232ac003643ef5f0"},"headline":"Contcept Communication gewinnt Swiss Science Center Technorama","datePublished":"2025-01-20T10:38:42+00:00","dateModified":"2025-01-20T13:14:55+00:00","mainEntityOfPage":{"@id":"https:\/\/www.organisator.ch\/marketing\/2025-01-20\/contcept-communication-gewinnt-swiss-science-center-technorama\/"},"wordCount":188,"publisher":{"@id":"https:\/\/www.organisator.ch\/#organization"},"image":{"@id":"https:\/\/www.organisator.ch\/marketing\/2025-01-20\/contcept-communication-gewinnt-swiss-science-center-technorama\/#primaryimage"},"thumbnailUrl":"https:\/\/www.markt-kom.com\/wp-content\/uploads\/2025\/01\/Technorama_Aussenansicht_Dres-Hubacher-scaled.jpg","keywords":["Business","Contcept Communication","MarKom"],"articleSection":["MARKETING"],"inLanguage":"it-IT"},{"@type":"WebPage","@id":"https:\/\/www.organisator.ch\/marketing\/2025-01-20\/contcept-communication-gewinnt-swiss-science-center-technorama\/","url":"https:\/\/www.organisator.ch\/marketing\/2025-01-20\/contcept-communication-gewinnt-swiss-science-center-technorama\/","name":"Contcept Communication vince lo Swiss Science Center Technorama - Organizzatore","isPartOf":{"@id":"https:\/\/www.organisator.ch\/#website"},"primaryImageOfPage":{"@id":"https:\/\/www.organisator.ch\/marketing\/2025-01-20\/contcept-communication-gewinnt-swiss-science-center-technorama\/#primaryimage"},"image":{"@id":"https:\/\/www.organisator.ch\/marketing\/2025-01-20\/contcept-communication-gewinnt-swiss-science-center-technorama\/#primaryimage"},"thumbnailUrl":"https:\/\/www.markt-kom.com\/wp-content\/uploads\/2025\/01\/Technorama_Aussenansicht_Dres-Hubacher-scaled.jpg","datePublished":"2025-01-20T10:38:42+00:00","dateModified":"2025-01-20T13:14:55+00:00","description":"Contcept gestisce le relazioni con i media, lo storytelling e i social media per Technorama e sostiene il progetto futuro \"Technorama 2050\".","breadcrumb":{"@id":"https:\/\/www.organisator.ch\/marketing\/2025-01-20\/contcept-communication-gewinnt-swiss-science-center-technorama\/#breadcrumb"},"inLanguage":"it-IT","potentialAction":[{"@type":"ReadAction","target":["https:\/\/www.organisator.ch\/marketing\/2025-01-20\/contcept-communication-gewinnt-swiss-science-center-technorama\/"]}]},{"@type":"ImageObject","inLanguage":"it-IT","@id":"https:\/\/www.organisator.ch\/marketing\/2025-01-20\/contcept-communication-gewinnt-swiss-science-center-technorama\/#primaryimage","url":"https:\/\/www.markt-kom.com\/wp-content\/uploads\/2025\/01\/Technorama_Aussenansicht_Dres-Hubacher-scaled.jpg","contentUrl":"https:\/\/www.markt-kom.com\/wp-content\/uploads\/2025\/01\/Technorama_Aussenansicht_Dres-Hubacher-scaled.jpg"},{"@type":"BreadcrumbList","@id":"https:\/\/www.organisator.ch\/marketing\/2025-01-20\/contcept-communication-gewinnt-swiss-science-center-technorama\/#breadcrumb","itemListElement":[{"@type":"ListItem","position":1,"name":"Home","item":"https:\/\/www.organisator.ch\/"},{"@type":"ListItem","position":2,"name":"Contcept Communication gewinnt Swiss Science Center Technorama"}]},{"@type":"WebSite","@id":"https:\/\/www.organisator.ch\/#website","url":"https:\/\/www.organisator.ch\/","name":"Organizzatore","description":"Competente. Pratico. In 10 numeri all'anno, ORGANISATOR presenta i temi essenziali per i manager delle PMI.","publisher":{"@id":"https:\/\/www.organisator.ch\/#organization"},"potentialAction":[{"@type":"SearchAction","target":{"@type":"EntryPoint","urlTemplate":"https:\/\/www.organisator.ch\/?s={search_term_string}"},"query-input":{"@type":"PropertyValueSpecification","valueRequired":true,"valueName":"search_term_string"}}],"inLanguage":"it-IT"},{"@type":"Organization","@id":"https:\/\/www.organisator.ch\/#organization","name":"Organizzatore","url":"https:\/\/www.organisator.ch\/","logo":{"@type":"ImageObject","inLanguage":"it-IT","@id":"https:\/\/www.organisator.ch\/#\/schema\/logo\/image\/","url":"https:\/\/www.organisator.ch\/wp-content\/uploads\/2022\/01\/Logo_Organisator_Website.png","contentUrl":"https:\/\/www.organisator.ch\/wp-content\/uploads\/2022\/01\/Logo_Organisator_Website.png","width":800,"height":77,"caption":"Organisator"},"image":{"@id":"https:\/\/www.organisator.ch\/#\/schema\/logo\/image\/"},"sameAs":["https:\/\/www.facebook.com\/OrganisatorFachmagazin","https:\/\/www.linkedin.com\/showcase\/organisator-das-magazin-fr-kmu","https:\/\/www.xing.com\/news\/pages\/organisator-ch-695","https:\/\/www.youtube.com\/channel\/UCGP2Sq0iWaZwT3BdIAQFYpw"]},{"@type":"Person","@id":"https:\/\/www.organisator.ch\/#\/schema\/person\/4e51799071cd2dd1232ac003643ef5f0","name":"galledia","image":{"@type":"ImageObject","inLanguage":"it-IT","@id":"https:\/\/secure.gravatar.com\/avatar\/78a7f90c01fc2bfc875782a0d4922b37cde2cf184ce347b91316d23cd7f69a36?s=96&d=mm&r=g","url":"https:\/\/secure.gravatar.com\/avatar\/78a7f90c01fc2bfc875782a0d4922b37cde2cf184ce347b91316d23cd7f69a36?s=96&d=mm&r=g","contentUrl":"https:\/\/secure.gravatar.com\/avatar\/78a7f90c01fc2bfc875782a0d4922b37cde2cf184ce347b91316d23cd7f69a36?s=96&d=mm&r=g","caption":"galledia"},"sameAs":["https:\/\/x.com\/admin"],"url":"https:\/\/www.organisator.ch\/it\/author\/galledia\/"}]}},"_links":{"self":[{"href":"https:\/\/www.organisator.ch\/it\/wp-json\/wp\/v2\/posts\/35382","targetHints":{"allow":["GET"]}}],"collection":[{"href":"https:\/\/www.organisator.ch\/it\/wp-json\/wp\/v2\/posts"}],"about":[{"href":"https:\/\/www.organisator.ch\/it\/wp-json\/wp\/v2\/types\/post"}],"author":[{"embeddable":true,"href":"https:\/\/www.organisator.ch\/it\/wp-json\/wp\/v2\/users\/8"}],"replies":[{"embeddable":true,"href":"https:\/\/www.organisator.ch\/it\/wp-json\/wp\/v2\/comments?post=35382"}],"version-history":[{"count":5,"href":"https:\/\/www.organisator.ch\/it\/wp-json\/wp\/v2\/posts\/35382\/revisions"}],"predecessor-version":[{"id":35392,"href":"https:\/\/www.organisator.ch\/it\/wp-json\/wp\/v2\/posts\/35382\/revisions\/35392"}],"wp:attachment":[{"href":"https:\/\/www.organisator.ch\/it\/wp-json\/wp\/v2\/media?parent=35382"}],"wp:term":[{"taxonomy":"category","embeddable":true,"href":"https:\/\/www.organisator.ch\/it\/wp-json\/wp\/v2\/categories?post=35382"},{"taxonomy":"post_tag","embeddable":true,"href":"https:\/\/www.organisator.ch\/it\/wp-json\/wp\/v2\/tags?post=35382"}],"curies":[{"name":"wp","href":"https:\/\/api.w.org\/{rel}","templated":true}]}}