{"id":35428,"date":"2025-01-22T08:49:31","date_gmt":"2025-01-22T07:49:31","guid":{"rendered":"https:\/\/www.organisator.ch\/?p=35428"},"modified":"2025-01-22T13:10:40","modified_gmt":"2025-01-22T12:10:40","slug":"das-jubilaeums-wifo-zeigt-wie-innovation-und-mut-das-rheintal-voranbringen","status":"publish","type":"post","link":"https:\/\/www.organisator.ch\/it\/management\/2025-01-22\/das-jubilaeums-wifo-zeigt-wie-innovation-und-mut-das-rheintal-voranbringen\/","title":{"rendered":"L'anniversario Wifo mostra come l'innovazione e il coraggio facciano progredire la Valle del Reno"},"content":{"rendered":"<figure id=\"attachment_35430\" aria-describedby=\"caption-attachment-35430\" style=\"width: 680px\" class=\"wp-caption alignnone\"><img loading=\"lazy\" decoding=\"async\" class=\"wp-image-35430 size-full\" src=\"https:\/\/www.organisator.ch\/wp-content\/uploads\/2025\/01\/Wifo_Bild1_ps-1.jpg\" alt=\"\" width=\"680\" height=\"453\" srcset=\"https:\/\/www.organisator.ch\/wp-content\/uploads\/2025\/01\/Wifo_Bild1_ps-1.jpg 680w, https:\/\/www.organisator.ch\/wp-content\/uploads\/2025\/01\/Wifo_Bild1_ps-1-18x12.jpg 18w, https:\/\/www.organisator.ch\/wp-content\/uploads\/2025\/01\/Wifo_Bild1_ps-1-375x250.jpg 375w, https:\/\/www.organisator.ch\/wp-content\/uploads\/2025\/01\/Wifo_Bild1_ps-1-525x350.jpg 525w\" sizes=\"auto, (max-width: 680px) 100vw, 680px\" \/><figcaption id=\"caption-attachment-35430\" class=\"wp-caption-text\">Tutto esaurito al Forum economico della Valle del Reno: Il presidente Guy Parmelin ha parlato sul palco dei punti di forza della Svizzera come piazza economica. (Immagine: Roger Oberholzer)<\/figcaption><\/figure>\n<p>\"Tre decenni di Wifo - tre decenni di dialogo, ispirazione e visioni condivise\". Roland G\u00fcnther di Abacus Research AG, in rappresentanza degli sponsor principali, ha aperto con queste parole il 30\u00b0 Forum economico della Valle del Reno. L'evento non solo colpisce per la variet\u00e0 di aziende e personalit\u00e0 che riunisce di anno in anno, ma dimostra anche quanto sia cruciale l'interazione tra sede e strategia. La continuit\u00e0 e il coraggio di reinventarsi costantemente sono fattori chiave non solo per un forum di successo, ma per ogni azienda orientata al futuro.<\/p>\n<p>Roland G\u00fcnther \u00e8 stato seguito sul palco da Susanne Hartmann, Presidente del Governo di San Gallo. Ha sottolineato l'urgenza di investire per garantire il futuro della Valle del Reno: \"Assicurare il futuro, perch\u00e9 il futuro \u00e8 incerto\". L'innovazione \u00e8 la chiave del successo dell'ulteriore sviluppo della regione. La Hartmann si \u00e8 detta fiduciosa: la Valle del Reno ha davanti a s\u00e9 prospettive entusiasmanti e spera di poter riferire i primi successi alla prossima Wifo.<\/p>\n<h3><strong>Il trofeo resta in Svizzera<\/strong><\/h3>\n<p>Il \"Premio dell'economia della Valle del Reno\" di quest'anno \u00e8 andato a Leica Geosystems, pioniere della moderna tecnologia di misura e sinonimo di precisione e innovazione. L'azienda ha contribuito in modo decisivo all'affermazione della Valle del Reno come \"Precision Valley\" e rimane saldamente radicata nella regione anche 20 anni dopo la sua acquisizione da parte di Hexagon. L'assegnazione tardiva del premio a Leica Geosystems ha sollevato una domanda: Perch\u00e9 solo ora? Il presidente della giuria Klaus Brammertz l'ha presa con umorismo e ha detto: \"Me lo sono chiesto anch'io\". Il CEO Thomas Harring era rilassato. Ha sollevato la pesante scultura con un sorriso e ha assicurato: \"Il trofeo non andr\u00e0 a Stoccolma o a casa mia\". Il trofeo trover\u00e0 invece un posto d'onore tra i dipendenti.<\/p>\n<figure id=\"attachment_35432\" aria-describedby=\"caption-attachment-35432\" style=\"width: 680px\" class=\"wp-caption alignnone\"><img loading=\"lazy\" decoding=\"async\" class=\"wp-image-35432 size-full\" src=\"https:\/\/www.organisator.ch\/wp-content\/uploads\/2025\/01\/Wifo_Bild2_ps.jpg\" alt=\"\" width=\"680\" height=\"453\" srcset=\"https:\/\/www.organisator.ch\/wp-content\/uploads\/2025\/01\/Wifo_Bild2_ps.jpg 680w, https:\/\/www.organisator.ch\/wp-content\/uploads\/2025\/01\/Wifo_Bild2_ps-18x12.jpg 18w, https:\/\/www.organisator.ch\/wp-content\/uploads\/2025\/01\/Wifo_Bild2_ps-375x250.jpg 375w, https:\/\/www.organisator.ch\/wp-content\/uploads\/2025\/01\/Wifo_Bild2_ps-525x350.jpg 525w\" sizes=\"auto, (max-width: 680px) 100vw, 680px\" \/><figcaption id=\"caption-attachment-35432\" class=\"wp-caption-text\">Il presidente della giuria Klaus Brammertz (a sinistra) ha consegnato il Rheintal Business Award all'amministratore delegato di Leica Geosystems, Thomas Harring. (Foto: Roger Oberholzer)<\/figcaption><\/figure>\n<h3><strong>Guy Parmelin \u00e8 favorevole all'innovazione e alla neutralit\u00e0<\/strong><\/h3>\n<p>Il Consigliere federale Guy Parmelin ha subito conquistato il pubblico con il suo fascino e il suo umorismo. \"La sala \u00e8 esaurita. Non \u00e8 certo solo merito mio, ma forse un po' anche mio\", ha scherzato all'inizio. Poi ha rivolto la sua attenzione alla domanda: \"Come possiamo rendere la Svizzera attraente come piazza economica e mantenerla tale?\". Secondo Parmelin, questa domanda raramente \u00e8 stata cos\u00ec attuale, perch\u00e9 i tempi sono pi\u00f9 incerti che mai. Ha sottolineato l'importanza dell'istruzione, della ricerca e dell'innovazione e ha ribadito che l'innovazione non \u00e8 una cosa scontata, ma richiede una cura continua. Questo include anche la protezione della propriet\u00e0 intellettuale, il vero patrimonio di un'azienda.<\/p>\n<p>Parmelin ha descritto la neutralit\u00e0 come uno dei maggiori punti di forza della Svizzera. Essa consente alla Svizzera di rimanere obiettiva in tempi geopolitici difficili. In conclusione, il Consigliere federale ha sottolineato che la Svizzera potr\u00e0 avere successo solo se sar\u00e0 lei stessa a plasmare attivamente il futuro. Questo evita inutili supposizioni, paure e passivit\u00e0 ed \u00e8 la chiave per dominare le sfide e sfruttare le opportunit\u00e0.<\/p>\n<h3><strong>Il CEO di Hilti sul futuro dell'industria delle costruzioni<\/strong><\/h3>\n<p>Jahangir Doongaji, CEO del Gruppo Hilti, ha parlato delle sfide che l'industria delle costruzioni deve affrontare. Il settore \u00e8 caratterizzato da bassa produttivit\u00e0, carenza di lavoratori qualificati e crescenti esigenze di sostenibilit\u00e0 e sicurezza. \"L'edilizia sta migliorando: pi\u00f9 veloce, pi\u00f9 sicura e pi\u00f9 verde\", ha spiegato Doongaji, sottolineando come la digitalizzazione e la robotica stiano guidando il cambiamento.<\/p>\n<p>Hilti si affida a strategie chiare basate sulle competenze chiave dell'azienda, nonch\u00e9 a investimenti a lungo termine nell'innovazione e nei dipendenti. \"Ci vuole coraggio per prendere decisioni\", ha sottolineato Doongaji. Con la visione \"Making Construction Better\", Hilti vuole rendere l'edilizia pi\u00f9 produttiva, pi\u00f9 sicura e pi\u00f9 sostenibile e continuare ad affermarsi come partner affidabile nel settore.<\/p>\n<h3><strong>Strategia aziendale in tempi incerti<\/strong><\/h3>\n<p>La tavola rotonda con Jahangir Doongaji, Franziska Tschudi Sauber, Presidente del Consiglio di Amministrazione del Gruppo Weidmann, e Alfred Felder, CEO del Gruppo Zumtobel, ha fatto luce sulle sfide che le aziende internazionali devono affrontare di fronte alle tensioni geopolitiche e all'incertezza economica. Franziska Tschudi Sauber ha ricordato un principio guida dei suoi giorni da studentessa alla HSG: \"Si dovrebbero costruire tende invece di palazzi\". Per lei, la flessibilit\u00e0 e la capacit\u00e0 di adattamento sono fondamentali nell'imprenditoria. Jahangir Doongaji ha paragonato la gestione aziendale odierna a un videogioco e ha spiegato che tutto cambia rapidamente e le aziende devono reagire di conseguenza. Alfred Felder ha aggiunto che l'innovazione \u00e8 fondamentale in questi tempi: \"Conviene sempre investire nel futuro, anche in tempi difficili\".<\/p>\n<p>Oltre alla strategia, la cultura aziendale svolge un ruolo decisivo. Doongaji ha sottolineato: \"La strategia dice cosa facciamo e la cultura dice come lo facciamo\". Ha sottolineato quanto sia importante vivere attivamente la cultura. In Hilti, i manager non sono quindi giudicati solo in base ai risultati, ma anche in base a come sviluppano i dipendenti. Tschudi Sauber ha aggiunto che a volte \u00e8 necessario separarsi dai dipendenti con prestazioni elevate ma non orientati alla squadra per proteggere la cultura. Tutti e tre concordano sul fatto che, in un mercato del lavoro difficile, \u00e8 fondamentale attrarre e trattenere specialisti qualificati.<\/p>\n<h3><strong>Cambiamento generazionale: le donne nel management<\/strong><\/h3>\n<p>Dopo la pausa, la moderatrice Sonja Hasler ha discusso con Antje von Dewitz, CEO di Vaude Sport, e Diana Gutjahr, Presidente del Consiglio di Amministrazione di Ernst Fischer AG, sulle loro esperienze di cambio generazionale nelle aziende familiari. L'attenzione si \u00e8 concentrata in particolare sulla sfida di assumere una posizione dirigenziale come donna - un ruolo che non era scontato per nessuna delle due. I loro padri non le avevano inizialmente previste come successori. Gutjahr \u00e8 stata strettamente coinvolta nell'azienda paterna fin da piccola, ma inizialmente non era vista come un successore: \"L'acciaio e il metallo non sono settori tipicamente femminili\".<\/p>\n<figure id=\"attachment_35433\" aria-describedby=\"caption-attachment-35433\" style=\"width: 680px\" class=\"wp-caption alignnone\"><img loading=\"lazy\" decoding=\"async\" class=\"size-full wp-image-35433\" src=\"https:\/\/www.organisator.ch\/wp-content\/uploads\/2025\/01\/Wifo_Bild3_ps.jpg\" alt=\"\" width=\"680\" height=\"453\" srcset=\"https:\/\/www.organisator.ch\/wp-content\/uploads\/2025\/01\/Wifo_Bild3_ps.jpg 680w, https:\/\/www.organisator.ch\/wp-content\/uploads\/2025\/01\/Wifo_Bild3_ps-18x12.jpg 18w, https:\/\/www.organisator.ch\/wp-content\/uploads\/2025\/01\/Wifo_Bild3_ps-375x250.jpg 375w, https:\/\/www.organisator.ch\/wp-content\/uploads\/2025\/01\/Wifo_Bild3_ps-525x350.jpg 525w\" sizes=\"auto, (max-width: 680px) 100vw, 680px\" \/><figcaption id=\"caption-attachment-35433\" class=\"wp-caption-text\">La presentatrice Sonja Hasler (a sinistra) a colloquio con Diana Gutjahr e Antje von Dewitz sulle sfide e le opportunit\u00e0 del ricambio generazionale nelle aziende. (Immagine: Roger Oberholzer)<\/figcaption><\/figure>\n<p>Secondo la von Dewitz, le aziende familiari sono \"molto appassionate e a conduzione familiare, il che comporta anche dei rischi, soprattutto quando i diversi sistemi si scontrano\". Il cambiamento verso una maggiore sostenibilit\u00e0 alla Vaude, dopo che lei \u00e8 subentrata, \u00e8 stato un processo di trasformazione importante: \"Abbiamo cambiato molti materiali, passando tutto alla sostenibilit\u00e0 e al riciclaggio e rendendo trasparenti le catene di fornitura\". Il concetto \u00e8 stato inizialmente accolto con scetticismo, ma lei ne \u00e8 ancora convinta: \"La sostenibilit\u00e0 costa, ma rende le aziende innovative e adatte al futuro\".<\/p>\n<h3><strong>Addio a Reinhard Frei<\/strong><\/h3>\n<p>Al termine del 30\u00b0 Forum Economico della Valle del Reno, Reinhard Frei, che ha dato vita al forum per molti anni, si \u00e8 congedato. Karl Stadler, ex presidente dell'Associazione dei datori di lavoro, ha reso omaggio ai suoi successi e ha descritto Frei come la forza trainante di numerosi progetti che hanno reso il Forum economico un appuntamento fisso nella Valle del Reno. Il forum per l'anniversario si \u00e8 concluso con un grande applauso e un passaggio di consegne cerimoniale a Karin Krawczyk.<\/p>\n<figure id=\"attachment_35450\" aria-describedby=\"caption-attachment-35450\" style=\"width: 680px\" class=\"wp-caption alignnone\"><img loading=\"lazy\" decoding=\"async\" class=\"size-full wp-image-35450\" src=\"https:\/\/www.organisator.ch\/wp-content\/uploads\/2025\/01\/Wifo_Bild4_ps.jpg\" alt=\"\" width=\"680\" height=\"453\" srcset=\"https:\/\/www.organisator.ch\/wp-content\/uploads\/2025\/01\/Wifo_Bild4_ps.jpg 680w, https:\/\/www.organisator.ch\/wp-content\/uploads\/2025\/01\/Wifo_Bild4_ps-18x12.jpg 18w, https:\/\/www.organisator.ch\/wp-content\/uploads\/2025\/01\/Wifo_Bild4_ps-375x250.jpg 375w, https:\/\/www.organisator.ch\/wp-content\/uploads\/2025\/01\/Wifo_Bild4_ps-525x350.jpg 525w\" sizes=\"auto, (max-width: 680px) 100vw, 680px\" \/><figcaption id=\"caption-attachment-35450\" class=\"wp-caption-text\">Reinhard Frei passa il testimone simbolico al suo successore Karin Krawczyk e si congeda dopo molti anni di presidenza del Forum economico della Valle del Reno. (Foto: Roger Oberholzer)<\/figcaption><\/figure>","protected":false},"excerpt":{"rendered":"<p>Ubicazione, strategia e passaggio di consegne: questi tre temi hanno dominato il 30\u00b0 Business Forum della Valle del Reno, che si \u00e8 svolto il 17 febbraio nel palazzetto dello sport di Aegeten. I principali rappresentanti dell'economia della Valle del Reno e gli ospiti di spicco provenienti da tutta la Svizzera hanno discusso delle sfide e delle prospettive attuali.<\/p>","protected":false},"author":80,"featured_media":35430,"comment_status":"closed","ping_status":"closed","sticky":false,"template":"","format":"standard","meta":{"_acf_changed":false,"_yoast_wpseo_focuskw":"Rheintaler Wirtschaftsforum","_yoast_wpseo_metadesc":"Das 30. Rheintaler Wirtschaftsforum: Diskussionen zu Standort, Strategie und Stabs\u00fcbergabe mit prominenten G\u00e4sten und spannenden Einblicken.","articlekey":"","footnotes":""},"categories":[28],"tags":[5028,274,5027,3348,5003],"class_list":["post-35428","post","type-post","status-publish","format-standard","has-post-thumbnail","hentry","category-management","tag-generationenwechsel","tag-innovation","tag-neutralitaet","tag-rheintaler-wirtschaftsforum","tag-stabsuebergabe"],"acf":[],"yoast_head":"<!-- This site is optimized with the Yoast SEO plugin v27.5 - https:\/\/yoast.com\/product\/yoast-seo-wordpress\/ -->\n<title>Das Jubil\u00e4ums-Wifo zeigt, wie Innovation und Mut das Rheintal voranbringen - Organisator<\/title>\n<meta name=\"description\" content=\"Das 30. Rheintaler Wirtschaftsforum: Diskussionen zu Standort, Strategie und Stabs\u00fcbergabe mit prominenten G\u00e4sten und spannenden Einblicken.\" \/>\n<meta name=\"robots\" content=\"index, follow, max-snippet:-1, max-image-preview:large, max-video-preview:-1\" \/>\n<link rel=\"canonical\" href=\"https:\/\/www.organisator.ch\/it\/gestione-2\/2025-01-22\/das-jubilaeums-wifo-zeigt-wie-innovation-und-mut-das-rheintal-voranbringen\/\" \/>\n<meta property=\"og:locale\" content=\"it_IT\" \/>\n<meta property=\"og:type\" content=\"article\" \/>\n<meta property=\"og:title\" content=\"Das Jubil\u00e4ums-Wifo zeigt, wie Innovation und Mut das Rheintal voranbringen\" \/>\n<meta property=\"og:description\" content=\"Das 30. Rheintaler Wirtschaftsforum: Diskussionen zu Standort, Strategie und Stabs\u00fcbergabe mit prominenten G\u00e4sten und spannenden Einblicken.\" \/>\n<meta property=\"og:url\" content=\"https:\/\/www.organisator.ch\/it\/gestione-2\/2025-01-22\/das-jubilaeums-wifo-zeigt-wie-innovation-und-mut-das-rheintal-voranbringen\/\" \/>\n<meta property=\"og:site_name\" content=\"Organisator\" \/>\n<meta property=\"article:publisher\" content=\"https:\/\/www.facebook.com\/OrganisatorFachmagazin\" \/>\n<meta property=\"article:published_time\" content=\"2025-01-22T07:49:31+00:00\" \/>\n<meta property=\"article:modified_time\" content=\"2025-01-22T12:10:40+00:00\" \/>\n<meta property=\"og:image\" content=\"https:\/\/www.organisator.ch\/wp-content\/uploads\/2025\/01\/Wifo_Bild1_ps-1.jpg\" \/>\n\t<meta property=\"og:image:width\" content=\"680\" \/>\n\t<meta property=\"og:image:height\" content=\"453\" \/>\n\t<meta property=\"og:image:type\" content=\"image\/jpeg\" \/>\n<meta name=\"author\" content=\"Dzana Muminovic\" \/>\n<meta name=\"twitter:card\" content=\"summary_large_image\" \/>\n<meta name=\"twitter:title\" content=\"Das Jubil\u00e4ums-Wifo zeigt, wie Innovation und Mut das Rheintal voranbringen\" \/>\n<meta name=\"twitter:description\" content=\"Das 30. #Rheintaler #Wirtschaftsforum: #Diskussionen zu #Standort, #Strategie und #Stabs\u00fcbergabe mit prominenten G\u00e4sten und spannenden Einblicken.\" \/>\n<meta name=\"twitter:image\" content=\"https:\/\/www.organisator.ch\/wp-content\/uploads\/2025\/01\/Wifo_Bild1_ps-1.jpg\" \/>\n<script type=\"application\/ld+json\" class=\"yoast-schema-graph\">{\"@context\":\"https:\\\/\\\/schema.org\",\"@graph\":[{\"@type\":\"Article\",\"@id\":\"https:\\\/\\\/www.organisator.ch\\\/management\\\/2025-01-22\\\/das-jubilaeums-wifo-zeigt-wie-innovation-und-mut-das-rheintal-voranbringen\\\/#article\",\"isPartOf\":{\"@id\":\"https:\\\/\\\/www.organisator.ch\\\/management\\\/2025-01-22\\\/das-jubilaeums-wifo-zeigt-wie-innovation-und-mut-das-rheintal-voranbringen\\\/\"},\"author\":{\"name\":\"Dzana Muminovic\",\"@id\":\"https:\\\/\\\/www.organisator.ch\\\/#\\\/schema\\\/person\\\/afccda3a71c06d4be2ed9100dd163db7\"},\"headline\":\"Das Jubil\u00e4ums-Wifo zeigt, wie Innovation und Mut das Rheintal voranbringen\",\"datePublished\":\"2025-01-22T07:49:31+00:00\",\"dateModified\":\"2025-01-22T12:10:40+00:00\",\"mainEntityOfPage\":{\"@id\":\"https:\\\/\\\/www.organisator.ch\\\/management\\\/2025-01-22\\\/das-jubilaeums-wifo-zeigt-wie-innovation-und-mut-das-rheintal-voranbringen\\\/\"},\"wordCount\":1201,\"publisher\":{\"@id\":\"https:\\\/\\\/www.organisator.ch\\\/#organization\"},\"image\":{\"@id\":\"https:\\\/\\\/www.organisator.ch\\\/management\\\/2025-01-22\\\/das-jubilaeums-wifo-zeigt-wie-innovation-und-mut-das-rheintal-voranbringen\\\/#primaryimage\"},\"thumbnailUrl\":\"https:\\\/\\\/www.organisator.ch\\\/wp-content\\\/uploads\\\/2025\\\/01\\\/Wifo_Bild1_ps-1.jpg\",\"keywords\":[\"Generationenwechsel\",\"Innovation\",\"Neutralit\u00e4t\",\"Rheintaler Wirtschaftsforum\",\"Stabs\u00fcbergabe\"],\"articleSection\":[\"MANAGEMENT\"],\"inLanguage\":\"it-IT\"},{\"@type\":\"WebPage\",\"@id\":\"https:\\\/\\\/www.organisator.ch\\\/management\\\/2025-01-22\\\/das-jubilaeums-wifo-zeigt-wie-innovation-und-mut-das-rheintal-voranbringen\\\/\",\"url\":\"https:\\\/\\\/www.organisator.ch\\\/management\\\/2025-01-22\\\/das-jubilaeums-wifo-zeigt-wie-innovation-und-mut-das-rheintal-voranbringen\\\/\",\"name\":\"Das Jubil\u00e4ums-Wifo zeigt, wie Innovation und Mut das Rheintal voranbringen - Organisator\",\"isPartOf\":{\"@id\":\"https:\\\/\\\/www.organisator.ch\\\/#website\"},\"primaryImageOfPage\":{\"@id\":\"https:\\\/\\\/www.organisator.ch\\\/management\\\/2025-01-22\\\/das-jubilaeums-wifo-zeigt-wie-innovation-und-mut-das-rheintal-voranbringen\\\/#primaryimage\"},\"image\":{\"@id\":\"https:\\\/\\\/www.organisator.ch\\\/management\\\/2025-01-22\\\/das-jubilaeums-wifo-zeigt-wie-innovation-und-mut-das-rheintal-voranbringen\\\/#primaryimage\"},\"thumbnailUrl\":\"https:\\\/\\\/www.organisator.ch\\\/wp-content\\\/uploads\\\/2025\\\/01\\\/Wifo_Bild1_ps-1.jpg\",\"datePublished\":\"2025-01-22T07:49:31+00:00\",\"dateModified\":\"2025-01-22T12:10:40+00:00\",\"description\":\"Das 30. Rheintaler Wirtschaftsforum: Diskussionen zu Standort, Strategie und Stabs\u00fcbergabe mit prominenten G\u00e4sten und spannenden Einblicken.\",\"breadcrumb\":{\"@id\":\"https:\\\/\\\/www.organisator.ch\\\/management\\\/2025-01-22\\\/das-jubilaeums-wifo-zeigt-wie-innovation-und-mut-das-rheintal-voranbringen\\\/#breadcrumb\"},\"inLanguage\":\"it-IT\",\"potentialAction\":[{\"@type\":\"ReadAction\",\"target\":[\"https:\\\/\\\/www.organisator.ch\\\/management\\\/2025-01-22\\\/das-jubilaeums-wifo-zeigt-wie-innovation-und-mut-das-rheintal-voranbringen\\\/\"]}]},{\"@type\":\"ImageObject\",\"inLanguage\":\"it-IT\",\"@id\":\"https:\\\/\\\/www.organisator.ch\\\/management\\\/2025-01-22\\\/das-jubilaeums-wifo-zeigt-wie-innovation-und-mut-das-rheintal-voranbringen\\\/#primaryimage\",\"url\":\"https:\\\/\\\/www.organisator.ch\\\/wp-content\\\/uploads\\\/2025\\\/01\\\/Wifo_Bild1_ps-1.jpg\",\"contentUrl\":\"https:\\\/\\\/www.organisator.ch\\\/wp-content\\\/uploads\\\/2025\\\/01\\\/Wifo_Bild1_ps-1.jpg\",\"width\":680,\"height\":453,\"caption\":\"Volles Haus beim Rheintaler Wirtschaftsforum: Bundespr\u00e4sident Guy Parmelin sprach auf der B\u00fchne \u00fcber die St\u00e4rken der Schweiz als Wirtschaftsstandort. (Bild: Roger Oberholzer)\"},{\"@type\":\"BreadcrumbList\",\"@id\":\"https:\\\/\\\/www.organisator.ch\\\/management\\\/2025-01-22\\\/das-jubilaeums-wifo-zeigt-wie-innovation-und-mut-das-rheintal-voranbringen\\\/#breadcrumb\",\"itemListElement\":[{\"@type\":\"ListItem\",\"position\":1,\"name\":\"Home\",\"item\":\"https:\\\/\\\/www.organisator.ch\\\/\"},{\"@type\":\"ListItem\",\"position\":2,\"name\":\"Das Jubil\u00e4ums-Wifo zeigt, wie Innovation und Mut das Rheintal voranbringen\"}]},{\"@type\":\"WebSite\",\"@id\":\"https:\\\/\\\/www.organisator.ch\\\/#website\",\"url\":\"https:\\\/\\\/www.organisator.ch\\\/\",\"name\":\"Organisator\",\"description\":\"Kompetent. Praxisnah. Der ORGANISATOR bereitet in 10 Ausgaben pro Jahr die wesentlichen Themen f\u00fcr F\u00fchrungskr\u00e4fte von KMU auf.\",\"publisher\":{\"@id\":\"https:\\\/\\\/www.organisator.ch\\\/#organization\"},\"potentialAction\":[{\"@type\":\"SearchAction\",\"target\":{\"@type\":\"EntryPoint\",\"urlTemplate\":\"https:\\\/\\\/www.organisator.ch\\\/?s={search_term_string}\"},\"query-input\":{\"@type\":\"PropertyValueSpecification\",\"valueRequired\":true,\"valueName\":\"search_term_string\"}}],\"inLanguage\":\"it-IT\"},{\"@type\":\"Organization\",\"@id\":\"https:\\\/\\\/www.organisator.ch\\\/#organization\",\"name\":\"Organisator\",\"url\":\"https:\\\/\\\/www.organisator.ch\\\/\",\"logo\":{\"@type\":\"ImageObject\",\"inLanguage\":\"it-IT\",\"@id\":\"https:\\\/\\\/www.organisator.ch\\\/#\\\/schema\\\/logo\\\/image\\\/\",\"url\":\"https:\\\/\\\/www.organisator.ch\\\/wp-content\\\/uploads\\\/2022\\\/01\\\/Logo_Organisator_Website.png\",\"contentUrl\":\"https:\\\/\\\/www.organisator.ch\\\/wp-content\\\/uploads\\\/2022\\\/01\\\/Logo_Organisator_Website.png\",\"width\":800,\"height\":77,\"caption\":\"Organisator\"},\"image\":{\"@id\":\"https:\\\/\\\/www.organisator.ch\\\/#\\\/schema\\\/logo\\\/image\\\/\"},\"sameAs\":[\"https:\\\/\\\/www.facebook.com\\\/OrganisatorFachmagazin\",\"https:\\\/\\\/www.linkedin.com\\\/showcase\\\/organisator-das-magazin-fr-kmu\",\"https:\\\/\\\/www.xing.com\\\/news\\\/pages\\\/organisator-ch-695\",\"https:\\\/\\\/www.youtube.com\\\/channel\\\/UCGP2Sq0iWaZwT3BdIAQFYpw\"]},{\"@type\":\"Person\",\"@id\":\"https:\\\/\\\/www.organisator.ch\\\/#\\\/schema\\\/person\\\/afccda3a71c06d4be2ed9100dd163db7\",\"name\":\"Dzana Muminovic\",\"image\":{\"@type\":\"ImageObject\",\"inLanguage\":\"it-IT\",\"@id\":\"https:\\\/\\\/secure.gravatar.com\\\/avatar\\\/909c5c71aff4b38e88686f2ab2f1ba152571f394f41ed8bae431ea56ced93050?s=96&d=mm&r=g\",\"url\":\"https:\\\/\\\/secure.gravatar.com\\\/avatar\\\/909c5c71aff4b38e88686f2ab2f1ba152571f394f41ed8bae431ea56ced93050?s=96&d=mm&r=g\",\"contentUrl\":\"https:\\\/\\\/secure.gravatar.com\\\/avatar\\\/909c5c71aff4b38e88686f2ab2f1ba152571f394f41ed8bae431ea56ced93050?s=96&d=mm&r=g\",\"caption\":\"Dzana Muminovic\"},\"url\":\"https:\\\/\\\/www.organisator.ch\\\/it\\\/author\\\/dzana-muminovic\\\/\"}]}<\/script>\n<!-- \/ Yoast SEO plugin. -->","yoast_head_json":{"title":"L'anniversario Wifo mostra come l'innovazione e il coraggio facciano progredire la Valle del Reno - Organizzatore","description":"Il 30\u00b0 Business Forum della Valle del Reno: Discussioni su ubicazione, strategia e passaggio di consegne con ospiti di spicco e approfondimenti interessanti.","robots":{"index":"index","follow":"follow","max-snippet":"max-snippet:-1","max-image-preview":"max-image-preview:large","max-video-preview":"max-video-preview:-1"},"canonical":"https:\/\/www.organisator.ch\/it\/gestione-2\/2025-01-22\/das-jubilaeums-wifo-zeigt-wie-innovation-und-mut-das-rheintal-voranbringen\/","og_locale":"it_IT","og_type":"article","og_title":"Das Jubil\u00e4ums-Wifo zeigt, wie Innovation und Mut das Rheintal voranbringen","og_description":"Das 30. Rheintaler Wirtschaftsforum: Diskussionen zu Standort, Strategie und Stabs\u00fcbergabe mit prominenten G\u00e4sten und spannenden Einblicken.","og_url":"https:\/\/www.organisator.ch\/it\/gestione-2\/2025-01-22\/das-jubilaeums-wifo-zeigt-wie-innovation-und-mut-das-rheintal-voranbringen\/","og_site_name":"Organisator","article_publisher":"https:\/\/www.facebook.com\/OrganisatorFachmagazin","article_published_time":"2025-01-22T07:49:31+00:00","article_modified_time":"2025-01-22T12:10:40+00:00","og_image":[{"width":680,"height":453,"url":"https:\/\/www.organisator.ch\/wp-content\/uploads\/2025\/01\/Wifo_Bild1_ps-1.jpg","type":"image\/jpeg"}],"author":"Dzana Muminovic","twitter_card":"summary_large_image","twitter_title":"Das Jubil\u00e4ums-Wifo zeigt, wie Innovation und Mut das Rheintal voranbringen","twitter_description":"Das 30. #Rheintaler #Wirtschaftsforum: #Diskussionen zu #Standort, #Strategie und #Stabs\u00fcbergabe mit prominenten G\u00e4sten und spannenden Einblicken.","twitter_image":"https:\/\/www.organisator.ch\/wp-content\/uploads\/2025\/01\/Wifo_Bild1_ps-1.jpg","schema":{"@context":"https:\/\/schema.org","@graph":[{"@type":"Article","@id":"https:\/\/www.organisator.ch\/management\/2025-01-22\/das-jubilaeums-wifo-zeigt-wie-innovation-und-mut-das-rheintal-voranbringen\/#article","isPartOf":{"@id":"https:\/\/www.organisator.ch\/management\/2025-01-22\/das-jubilaeums-wifo-zeigt-wie-innovation-und-mut-das-rheintal-voranbringen\/"},"author":{"name":"Dzana Muminovic","@id":"https:\/\/www.organisator.ch\/#\/schema\/person\/afccda3a71c06d4be2ed9100dd163db7"},"headline":"Das Jubil\u00e4ums-Wifo zeigt, wie Innovation und Mut das Rheintal voranbringen","datePublished":"2025-01-22T07:49:31+00:00","dateModified":"2025-01-22T12:10:40+00:00","mainEntityOfPage":{"@id":"https:\/\/www.organisator.ch\/management\/2025-01-22\/das-jubilaeums-wifo-zeigt-wie-innovation-und-mut-das-rheintal-voranbringen\/"},"wordCount":1201,"publisher":{"@id":"https:\/\/www.organisator.ch\/#organization"},"image":{"@id":"https:\/\/www.organisator.ch\/management\/2025-01-22\/das-jubilaeums-wifo-zeigt-wie-innovation-und-mut-das-rheintal-voranbringen\/#primaryimage"},"thumbnailUrl":"https:\/\/www.organisator.ch\/wp-content\/uploads\/2025\/01\/Wifo_Bild1_ps-1.jpg","keywords":["Generationenwechsel","Innovation","Neutralit\u00e4t","Rheintaler Wirtschaftsforum","Stabs\u00fcbergabe"],"articleSection":["MANAGEMENT"],"inLanguage":"it-IT"},{"@type":"WebPage","@id":"https:\/\/www.organisator.ch\/management\/2025-01-22\/das-jubilaeums-wifo-zeigt-wie-innovation-und-mut-das-rheintal-voranbringen\/","url":"https:\/\/www.organisator.ch\/management\/2025-01-22\/das-jubilaeums-wifo-zeigt-wie-innovation-und-mut-das-rheintal-voranbringen\/","name":"L'anniversario Wifo mostra come l'innovazione e il coraggio facciano progredire la Valle del Reno - Organizzatore","isPartOf":{"@id":"https:\/\/www.organisator.ch\/#website"},"primaryImageOfPage":{"@id":"https:\/\/www.organisator.ch\/management\/2025-01-22\/das-jubilaeums-wifo-zeigt-wie-innovation-und-mut-das-rheintal-voranbringen\/#primaryimage"},"image":{"@id":"https:\/\/www.organisator.ch\/management\/2025-01-22\/das-jubilaeums-wifo-zeigt-wie-innovation-und-mut-das-rheintal-voranbringen\/#primaryimage"},"thumbnailUrl":"https:\/\/www.organisator.ch\/wp-content\/uploads\/2025\/01\/Wifo_Bild1_ps-1.jpg","datePublished":"2025-01-22T07:49:31+00:00","dateModified":"2025-01-22T12:10:40+00:00","description":"Il 30\u00b0 Business Forum della Valle del Reno: Discussioni su ubicazione, strategia e passaggio di consegne con ospiti di spicco e approfondimenti interessanti.","breadcrumb":{"@id":"https:\/\/www.organisator.ch\/management\/2025-01-22\/das-jubilaeums-wifo-zeigt-wie-innovation-und-mut-das-rheintal-voranbringen\/#breadcrumb"},"inLanguage":"it-IT","potentialAction":[{"@type":"ReadAction","target":["https:\/\/www.organisator.ch\/management\/2025-01-22\/das-jubilaeums-wifo-zeigt-wie-innovation-und-mut-das-rheintal-voranbringen\/"]}]},{"@type":"ImageObject","inLanguage":"it-IT","@id":"https:\/\/www.organisator.ch\/management\/2025-01-22\/das-jubilaeums-wifo-zeigt-wie-innovation-und-mut-das-rheintal-voranbringen\/#primaryimage","url":"https:\/\/www.organisator.ch\/wp-content\/uploads\/2025\/01\/Wifo_Bild1_ps-1.jpg","contentUrl":"https:\/\/www.organisator.ch\/wp-content\/uploads\/2025\/01\/Wifo_Bild1_ps-1.jpg","width":680,"height":453,"caption":"Volles Haus beim Rheintaler Wirtschaftsforum: Bundespr\u00e4sident Guy Parmelin sprach auf der B\u00fchne \u00fcber die St\u00e4rken der Schweiz als Wirtschaftsstandort. (Bild: Roger Oberholzer)"},{"@type":"BreadcrumbList","@id":"https:\/\/www.organisator.ch\/management\/2025-01-22\/das-jubilaeums-wifo-zeigt-wie-innovation-und-mut-das-rheintal-voranbringen\/#breadcrumb","itemListElement":[{"@type":"ListItem","position":1,"name":"Home","item":"https:\/\/www.organisator.ch\/"},{"@type":"ListItem","position":2,"name":"Das Jubil\u00e4ums-Wifo zeigt, wie Innovation und Mut das Rheintal voranbringen"}]},{"@type":"WebSite","@id":"https:\/\/www.organisator.ch\/#website","url":"https:\/\/www.organisator.ch\/","name":"Organizzatore","description":"Competente. Pratico. In 10 numeri all'anno, ORGANISATOR presenta i temi essenziali per i manager delle PMI.","publisher":{"@id":"https:\/\/www.organisator.ch\/#organization"},"potentialAction":[{"@type":"SearchAction","target":{"@type":"EntryPoint","urlTemplate":"https:\/\/www.organisator.ch\/?s={search_term_string}"},"query-input":{"@type":"PropertyValueSpecification","valueRequired":true,"valueName":"search_term_string"}}],"inLanguage":"it-IT"},{"@type":"Organization","@id":"https:\/\/www.organisator.ch\/#organization","name":"Organizzatore","url":"https:\/\/www.organisator.ch\/","logo":{"@type":"ImageObject","inLanguage":"it-IT","@id":"https:\/\/www.organisator.ch\/#\/schema\/logo\/image\/","url":"https:\/\/www.organisator.ch\/wp-content\/uploads\/2022\/01\/Logo_Organisator_Website.png","contentUrl":"https:\/\/www.organisator.ch\/wp-content\/uploads\/2022\/01\/Logo_Organisator_Website.png","width":800,"height":77,"caption":"Organisator"},"image":{"@id":"https:\/\/www.organisator.ch\/#\/schema\/logo\/image\/"},"sameAs":["https:\/\/www.facebook.com\/OrganisatorFachmagazin","https:\/\/www.linkedin.com\/showcase\/organisator-das-magazin-fr-kmu","https:\/\/www.xing.com\/news\/pages\/organisator-ch-695","https:\/\/www.youtube.com\/channel\/UCGP2Sq0iWaZwT3BdIAQFYpw"]},{"@type":"Person","@id":"https:\/\/www.organisator.ch\/#\/schema\/person\/afccda3a71c06d4be2ed9100dd163db7","name":"Dzana Muminovic","image":{"@type":"ImageObject","inLanguage":"it-IT","@id":"https:\/\/secure.gravatar.com\/avatar\/909c5c71aff4b38e88686f2ab2f1ba152571f394f41ed8bae431ea56ced93050?s=96&d=mm&r=g","url":"https:\/\/secure.gravatar.com\/avatar\/909c5c71aff4b38e88686f2ab2f1ba152571f394f41ed8bae431ea56ced93050?s=96&d=mm&r=g","contentUrl":"https:\/\/secure.gravatar.com\/avatar\/909c5c71aff4b38e88686f2ab2f1ba152571f394f41ed8bae431ea56ced93050?s=96&d=mm&r=g","caption":"Dzana Muminovic"},"url":"https:\/\/www.organisator.ch\/it\/author\/dzana-muminovic\/"}]}},"_links":{"self":[{"href":"https:\/\/www.organisator.ch\/it\/wp-json\/wp\/v2\/posts\/35428","targetHints":{"allow":["GET"]}}],"collection":[{"href":"https:\/\/www.organisator.ch\/it\/wp-json\/wp\/v2\/posts"}],"about":[{"href":"https:\/\/www.organisator.ch\/it\/wp-json\/wp\/v2\/types\/post"}],"author":[{"embeddable":true,"href":"https:\/\/www.organisator.ch\/it\/wp-json\/wp\/v2\/users\/80"}],"replies":[{"embeddable":true,"href":"https:\/\/www.organisator.ch\/it\/wp-json\/wp\/v2\/comments?post=35428"}],"version-history":[{"count":9,"href":"https:\/\/www.organisator.ch\/it\/wp-json\/wp\/v2\/posts\/35428\/revisions"}],"predecessor-version":[{"id":35469,"href":"https:\/\/www.organisator.ch\/it\/wp-json\/wp\/v2\/posts\/35428\/revisions\/35469"}],"wp:featuredmedia":[{"embeddable":true,"href":"https:\/\/www.organisator.ch\/it\/wp-json\/wp\/v2\/media\/35430"}],"wp:attachment":[{"href":"https:\/\/www.organisator.ch\/it\/wp-json\/wp\/v2\/media?parent=35428"}],"wp:term":[{"taxonomy":"category","embeddable":true,"href":"https:\/\/www.organisator.ch\/it\/wp-json\/wp\/v2\/categories?post=35428"},{"taxonomy":"post_tag","embeddable":true,"href":"https:\/\/www.organisator.ch\/it\/wp-json\/wp\/v2\/tags?post=35428"}],"curies":[{"name":"wp","href":"https:\/\/api.w.org\/{rel}","templated":true}]}}