{"id":35444,"date":"2025-01-22T08:00:31","date_gmt":"2025-01-22T07:00:31","guid":{"rendered":"https:\/\/www.markt-kom.com\/?p=229266"},"modified":"2025-01-22T07:38:31","modified_gmt":"2025-01-22T06:38:31","slug":"boom-holt-verstaerkung-an-bord","status":"publish","type":"post","link":"https:\/\/www.organisator.ch\/it\/marketing\/2025-01-22\/boom-holt-verstaerkung-an-bord\/","title":{"rendered":"Boom porta rinforzi a bordo"},"content":{"rendered":"<figure id=\"attachment_229269\" class=\"wp-caption aligncenter\" style=\"width: 1200px;\" aria-describedby=\"caption-attachment-229269\"><a href=\"https:\/\/www.markt-kom.com\/wp-content\/uploads\/2025\/01\/20241114_boom_Teamfoto_hires-6345-1.jpg\"><img class=\"size-full wp-image-229269\" src=\"https:\/\/www.markt-kom.com\/wp-content\/uploads\/2025\/01\/20241114_boom_Teamfoto_hires-6345-1.jpg\" sizes=\"(max-width: 1200px) 100vw, 1200px\" srcset=\"https:\/\/www.markt-kom.com\/wp-content\/uploads\/2025\/01\/20241114_boom_Teamfoto_hires-6345-1.jpg 1200w, https:\/\/www.markt-kom.com\/wp-content\/uploads\/2025\/01\/20241114_boom_Teamfoto_hires-6345-1-600x450.jpg 600w, https:\/\/www.markt-kom.com\/wp-content\/uploads\/2025\/01\/20241114_boom_Teamfoto_hires-6345-1-1024x768.jpg 1024w, https:\/\/www.markt-kom.com\/wp-content\/uploads\/2025\/01\/20241114_boom_Teamfoto_hires-6345-1-768x576.jpg 768w, https:\/\/www.markt-kom.com\/wp-content\/uploads\/2025\/01\/20241114_boom_Teamfoto_hires-6345-1-16x12.jpg 16w, https:\/\/www.markt-kom.com\/wp-content\/uploads\/2025\/01\/20241114_boom_Teamfoto_hires-6345-1-233x175.jpg 233w, https:\/\/www.markt-kom.com\/wp-content\/uploads\/2025\/01\/20241114_boom_Teamfoto_hires-6345-1-467x350.jpg 467w, https:\/\/www.markt-kom.com\/wp-content\/uploads\/2025\/01\/20241114_boom_Teamfoto_hires-6345-1-1000x750.jpg 1000w\" alt=\"\" width=\"1200\" height=\"900\" \/><\/a>\r\n<figcaption id=\"caption-attachment-229269\" class=\"wp-caption-text\">La fondatrice di Boom Annina Zimmermann, insieme a Vera Hartmann e Ruwanie Hayoz (da sinistra a destra). (Immagine: zVg.)<\/figcaption>\r\n<\/figure>\r\n<p>Dopo oltre due anni di presenza sul mercato, Boom Creative Studio si \u00e8 affermato come forza creativa. I successi precedenti includono campagne per marchi come Migros, Yallo, Ovo e Qoqa. \"Fin dall'inizio, i nostri creativi hanno creato la sensazione di una famiglia Boom con la loro visione e il loro impegno\", sottolinea la fondatrice Annina Zimmermann.<\/p>\r\n<p>Al team si sono aggiunte Vera Hartmann e Ruwanie Hayoz. Vera Hartmann ha 20 anni di esperienza come fotografa e dalla primavera supporta lo studio come assistente di produzione. \"Non vedo l'ora di sostenere i talenti creativi emergenti in un ambiente dinamico\", afferma Hartmann a proposito del suo nuovo ruolo.<\/p>\r\n<p>Dopo quattro anni e mezzo di lavoro come produttore di agenzia presso Wirz, Ruwanie Hayoz passa a Boom sul fronte della produzione per concentrarsi maggiormente sulla realizzazione creativa. Boom Creative Studio mi ha convinto perch\u00e9 cattura perfettamente lo spirito dei tempi. Non vedo l'ora di affrontare una nuova sfida e di ampliare le mie conoscenze qui\", spiega Hayoz.<\/p>\r\n<p>Con l'ingresso nel team, Zimmermann guarda al futuro: \"I rapidi sviluppi nel campo dell'intelligenza artificiale ci sfidano a pensare in modo creativo e a stabilire nuovi standard. Con approcci non convenzionali, vogliamo plasmare attivamente le possibilit\u00e0 di queste tecnologie insieme ai nostri creativi. Il nostro obiettivo \u00e8 quello di collaborare con i nostri clienti e partner per creare un futuro che prosperi con l'innovazione e l'ispirazione.\"<\/p>","protected":false},"excerpt":{"rendered":"<p>Boom Creative Studio arricchisce il team di nuovi talenti. Ruwanie Hayoz e Vera Hartmann si uniscono alla squadra e portano idee innovative e nuove prospettive.<\/p>","protected":false},"author":8,"featured_media":0,"comment_status":"closed","ping_status":"closed","sticky":false,"template":"","format":"standard","meta":{"_acf_changed":false,"_yoast_wpseo_focuskw":"Boom Creative Studio Teamverst\u00e4rkung","_yoast_wpseo_metadesc":"Boom Creative Studio erweitert sein Team: Ruwanie Hayoz und Vera Hartmann bringen frische Perspektiven und st\u00e4rken die kreative Vision.","articlekey":"","footnotes":""},"categories":[29],"tags":[5032,4345],"class_list":["post-35444","post","type-post","status-publish","format-standard","hentry","category-marketing","tag-boom-creative-studio","tag-business"],"acf":[],"yoast_head":"<!-- This site is optimized with the Yoast SEO plugin v27.5 - https:\/\/yoast.com\/product\/yoast-seo-wordpress\/ -->\n<title>Boom holt Verst\u00e4rkung an Bord - Organisator<\/title>\n<meta name=\"description\" content=\"Boom Creative Studio erweitert sein Team: Ruwanie Hayoz und Vera Hartmann bringen frische Perspektiven und st\u00e4rken die kreative Vision.\" \/>\n<meta name=\"robots\" content=\"index, follow, max-snippet:-1, max-image-preview:large, max-video-preview:-1\" \/>\n<link rel=\"canonical\" href=\"https:\/\/www.organisator.ch\/it\/marketing\/2025-01-22\/boom-holt-verstaerkung-an-bord\/\" \/>\n<meta property=\"og:locale\" content=\"it_IT\" \/>\n<meta property=\"og:type\" content=\"article\" \/>\n<meta property=\"og:title\" content=\"Boom holt Verst\u00e4rkung an Bord - Organisator\" \/>\n<meta property=\"og:description\" content=\"Boom Creative Studio erweitert sein Team: Ruwanie Hayoz und Vera Hartmann bringen frische Perspektiven und st\u00e4rken die kreative Vision.\" \/>\n<meta property=\"og:url\" content=\"https:\/\/www.organisator.ch\/it\/marketing\/2025-01-22\/boom-holt-verstaerkung-an-bord\/\" \/>\n<meta property=\"og:site_name\" content=\"Organisator\" \/>\n<meta property=\"article:publisher\" content=\"https:\/\/www.facebook.com\/OrganisatorFachmagazin\" \/>\n<meta property=\"article:published_time\" content=\"2025-01-22T07:00:31+00:00\" \/>\n<meta name=\"author\" content=\"galledia\" \/>\n<meta name=\"twitter:card\" content=\"summary_large_image\" \/>\n<meta name=\"twitter:creator\" content=\"@admin\" \/>\n<script type=\"application\/ld+json\" class=\"yoast-schema-graph\">{\"@context\":\"https:\\\/\\\/schema.org\",\"@graph\":[{\"@type\":\"Article\",\"@id\":\"https:\\\/\\\/www.organisator.ch\\\/marketing\\\/2025-01-22\\\/boom-holt-verstaerkung-an-bord\\\/#article\",\"isPartOf\":{\"@id\":\"https:\\\/\\\/www.organisator.ch\\\/marketing\\\/2025-01-22\\\/boom-holt-verstaerkung-an-bord\\\/\"},\"author\":{\"name\":\"galledia\",\"@id\":\"https:\\\/\\\/www.organisator.ch\\\/#\\\/schema\\\/person\\\/4e51799071cd2dd1232ac003643ef5f0\"},\"headline\":\"Boom holt Verst\u00e4rkung an Bord\",\"datePublished\":\"2025-01-22T07:00:31+00:00\",\"mainEntityOfPage\":{\"@id\":\"https:\\\/\\\/www.organisator.ch\\\/marketing\\\/2025-01-22\\\/boom-holt-verstaerkung-an-bord\\\/\"},\"wordCount\":257,\"publisher\":{\"@id\":\"https:\\\/\\\/www.organisator.ch\\\/#organization\"},\"image\":{\"@id\":\"https:\\\/\\\/www.organisator.ch\\\/marketing\\\/2025-01-22\\\/boom-holt-verstaerkung-an-bord\\\/#primaryimage\"},\"thumbnailUrl\":\"https:\\\/\\\/www.markt-kom.com\\\/wp-content\\\/uploads\\\/2025\\\/01\\\/20241114_boom_Teamfoto_hires-6345-1.jpg\",\"keywords\":[\"Boom Creative Studio\",\"Business\"],\"articleSection\":[\"MARKETING\"],\"inLanguage\":\"it-IT\"},{\"@type\":\"WebPage\",\"@id\":\"https:\\\/\\\/www.organisator.ch\\\/marketing\\\/2025-01-22\\\/boom-holt-verstaerkung-an-bord\\\/\",\"url\":\"https:\\\/\\\/www.organisator.ch\\\/marketing\\\/2025-01-22\\\/boom-holt-verstaerkung-an-bord\\\/\",\"name\":\"Boom holt Verst\u00e4rkung an Bord - Organisator\",\"isPartOf\":{\"@id\":\"https:\\\/\\\/www.organisator.ch\\\/#website\"},\"primaryImageOfPage\":{\"@id\":\"https:\\\/\\\/www.organisator.ch\\\/marketing\\\/2025-01-22\\\/boom-holt-verstaerkung-an-bord\\\/#primaryimage\"},\"image\":{\"@id\":\"https:\\\/\\\/www.organisator.ch\\\/marketing\\\/2025-01-22\\\/boom-holt-verstaerkung-an-bord\\\/#primaryimage\"},\"thumbnailUrl\":\"https:\\\/\\\/www.markt-kom.com\\\/wp-content\\\/uploads\\\/2025\\\/01\\\/20241114_boom_Teamfoto_hires-6345-1.jpg\",\"datePublished\":\"2025-01-22T07:00:31+00:00\",\"description\":\"Boom Creative Studio erweitert sein Team: Ruwanie Hayoz und Vera Hartmann bringen frische Perspektiven und st\u00e4rken die kreative Vision.\",\"breadcrumb\":{\"@id\":\"https:\\\/\\\/www.organisator.ch\\\/marketing\\\/2025-01-22\\\/boom-holt-verstaerkung-an-bord\\\/#breadcrumb\"},\"inLanguage\":\"it-IT\",\"potentialAction\":[{\"@type\":\"ReadAction\",\"target\":[\"https:\\\/\\\/www.organisator.ch\\\/marketing\\\/2025-01-22\\\/boom-holt-verstaerkung-an-bord\\\/\"]}]},{\"@type\":\"ImageObject\",\"inLanguage\":\"it-IT\",\"@id\":\"https:\\\/\\\/www.organisator.ch\\\/marketing\\\/2025-01-22\\\/boom-holt-verstaerkung-an-bord\\\/#primaryimage\",\"url\":\"https:\\\/\\\/www.markt-kom.com\\\/wp-content\\\/uploads\\\/2025\\\/01\\\/20241114_boom_Teamfoto_hires-6345-1.jpg\",\"contentUrl\":\"https:\\\/\\\/www.markt-kom.com\\\/wp-content\\\/uploads\\\/2025\\\/01\\\/20241114_boom_Teamfoto_hires-6345-1.jpg\"},{\"@type\":\"BreadcrumbList\",\"@id\":\"https:\\\/\\\/www.organisator.ch\\\/marketing\\\/2025-01-22\\\/boom-holt-verstaerkung-an-bord\\\/#breadcrumb\",\"itemListElement\":[{\"@type\":\"ListItem\",\"position\":1,\"name\":\"Home\",\"item\":\"https:\\\/\\\/www.organisator.ch\\\/\"},{\"@type\":\"ListItem\",\"position\":2,\"name\":\"Boom holt Verst\u00e4rkung an Bord\"}]},{\"@type\":\"WebSite\",\"@id\":\"https:\\\/\\\/www.organisator.ch\\\/#website\",\"url\":\"https:\\\/\\\/www.organisator.ch\\\/\",\"name\":\"Organisator\",\"description\":\"Kompetent. Praxisnah. Der ORGANISATOR bereitet in 10 Ausgaben pro Jahr die wesentlichen Themen f\u00fcr F\u00fchrungskr\u00e4fte von KMU auf.\",\"publisher\":{\"@id\":\"https:\\\/\\\/www.organisator.ch\\\/#organization\"},\"potentialAction\":[{\"@type\":\"SearchAction\",\"target\":{\"@type\":\"EntryPoint\",\"urlTemplate\":\"https:\\\/\\\/www.organisator.ch\\\/?s={search_term_string}\"},\"query-input\":{\"@type\":\"PropertyValueSpecification\",\"valueRequired\":true,\"valueName\":\"search_term_string\"}}],\"inLanguage\":\"it-IT\"},{\"@type\":\"Organization\",\"@id\":\"https:\\\/\\\/www.organisator.ch\\\/#organization\",\"name\":\"Organisator\",\"url\":\"https:\\\/\\\/www.organisator.ch\\\/\",\"logo\":{\"@type\":\"ImageObject\",\"inLanguage\":\"it-IT\",\"@id\":\"https:\\\/\\\/www.organisator.ch\\\/#\\\/schema\\\/logo\\\/image\\\/\",\"url\":\"https:\\\/\\\/www.organisator.ch\\\/wp-content\\\/uploads\\\/2022\\\/01\\\/Logo_Organisator_Website.png\",\"contentUrl\":\"https:\\\/\\\/www.organisator.ch\\\/wp-content\\\/uploads\\\/2022\\\/01\\\/Logo_Organisator_Website.png\",\"width\":800,\"height\":77,\"caption\":\"Organisator\"},\"image\":{\"@id\":\"https:\\\/\\\/www.organisator.ch\\\/#\\\/schema\\\/logo\\\/image\\\/\"},\"sameAs\":[\"https:\\\/\\\/www.facebook.com\\\/OrganisatorFachmagazin\",\"https:\\\/\\\/www.linkedin.com\\\/showcase\\\/organisator-das-magazin-fr-kmu\",\"https:\\\/\\\/www.xing.com\\\/news\\\/pages\\\/organisator-ch-695\",\"https:\\\/\\\/www.youtube.com\\\/channel\\\/UCGP2Sq0iWaZwT3BdIAQFYpw\"]},{\"@type\":\"Person\",\"@id\":\"https:\\\/\\\/www.organisator.ch\\\/#\\\/schema\\\/person\\\/4e51799071cd2dd1232ac003643ef5f0\",\"name\":\"galledia\",\"image\":{\"@type\":\"ImageObject\",\"inLanguage\":\"it-IT\",\"@id\":\"https:\\\/\\\/secure.gravatar.com\\\/avatar\\\/78a7f90c01fc2bfc875782a0d4922b37cde2cf184ce347b91316d23cd7f69a36?s=96&d=mm&r=g\",\"url\":\"https:\\\/\\\/secure.gravatar.com\\\/avatar\\\/78a7f90c01fc2bfc875782a0d4922b37cde2cf184ce347b91316d23cd7f69a36?s=96&d=mm&r=g\",\"contentUrl\":\"https:\\\/\\\/secure.gravatar.com\\\/avatar\\\/78a7f90c01fc2bfc875782a0d4922b37cde2cf184ce347b91316d23cd7f69a36?s=96&d=mm&r=g\",\"caption\":\"galledia\"},\"sameAs\":[\"https:\\\/\\\/x.com\\\/admin\"],\"url\":\"https:\\\/\\\/www.organisator.ch\\\/it\\\/author\\\/galledia\\\/\"}]}<\/script>\n<!-- \/ Yoast SEO plugin. -->","yoast_head_json":{"title":"Boom porta rinforzi a bordo - organizzatore","description":"Boom Creative Studio amplia il suo team: Ruwanie Hayoz e Vera Hartmann apportano nuove prospettive e rafforzano la visione creativa.","robots":{"index":"index","follow":"follow","max-snippet":"max-snippet:-1","max-image-preview":"max-image-preview:large","max-video-preview":"max-video-preview:-1"},"canonical":"https:\/\/www.organisator.ch\/it\/marketing\/2025-01-22\/boom-holt-verstaerkung-an-bord\/","og_locale":"it_IT","og_type":"article","og_title":"Boom holt Verst\u00e4rkung an Bord - Organisator","og_description":"Boom Creative Studio erweitert sein Team: Ruwanie Hayoz und Vera Hartmann bringen frische Perspektiven und st\u00e4rken die kreative Vision.","og_url":"https:\/\/www.organisator.ch\/it\/marketing\/2025-01-22\/boom-holt-verstaerkung-an-bord\/","og_site_name":"Organisator","article_publisher":"https:\/\/www.facebook.com\/OrganisatorFachmagazin","article_published_time":"2025-01-22T07:00:31+00:00","author":"galledia","twitter_card":"summary_large_image","twitter_creator":"@admin","schema":{"@context":"https:\/\/schema.org","@graph":[{"@type":"Article","@id":"https:\/\/www.organisator.ch\/marketing\/2025-01-22\/boom-holt-verstaerkung-an-bord\/#article","isPartOf":{"@id":"https:\/\/www.organisator.ch\/marketing\/2025-01-22\/boom-holt-verstaerkung-an-bord\/"},"author":{"name":"galledia","@id":"https:\/\/www.organisator.ch\/#\/schema\/person\/4e51799071cd2dd1232ac003643ef5f0"},"headline":"Boom holt Verst\u00e4rkung an Bord","datePublished":"2025-01-22T07:00:31+00:00","mainEntityOfPage":{"@id":"https:\/\/www.organisator.ch\/marketing\/2025-01-22\/boom-holt-verstaerkung-an-bord\/"},"wordCount":257,"publisher":{"@id":"https:\/\/www.organisator.ch\/#organization"},"image":{"@id":"https:\/\/www.organisator.ch\/marketing\/2025-01-22\/boom-holt-verstaerkung-an-bord\/#primaryimage"},"thumbnailUrl":"https:\/\/www.markt-kom.com\/wp-content\/uploads\/2025\/01\/20241114_boom_Teamfoto_hires-6345-1.jpg","keywords":["Boom Creative Studio","Business"],"articleSection":["MARKETING"],"inLanguage":"it-IT"},{"@type":"WebPage","@id":"https:\/\/www.organisator.ch\/marketing\/2025-01-22\/boom-holt-verstaerkung-an-bord\/","url":"https:\/\/www.organisator.ch\/marketing\/2025-01-22\/boom-holt-verstaerkung-an-bord\/","name":"Boom porta rinforzi a bordo - organizzatore","isPartOf":{"@id":"https:\/\/www.organisator.ch\/#website"},"primaryImageOfPage":{"@id":"https:\/\/www.organisator.ch\/marketing\/2025-01-22\/boom-holt-verstaerkung-an-bord\/#primaryimage"},"image":{"@id":"https:\/\/www.organisator.ch\/marketing\/2025-01-22\/boom-holt-verstaerkung-an-bord\/#primaryimage"},"thumbnailUrl":"https:\/\/www.markt-kom.com\/wp-content\/uploads\/2025\/01\/20241114_boom_Teamfoto_hires-6345-1.jpg","datePublished":"2025-01-22T07:00:31+00:00","description":"Boom Creative Studio amplia il suo team: Ruwanie Hayoz e Vera Hartmann apportano nuove prospettive e rafforzano la visione creativa.","breadcrumb":{"@id":"https:\/\/www.organisator.ch\/marketing\/2025-01-22\/boom-holt-verstaerkung-an-bord\/#breadcrumb"},"inLanguage":"it-IT","potentialAction":[{"@type":"ReadAction","target":["https:\/\/www.organisator.ch\/marketing\/2025-01-22\/boom-holt-verstaerkung-an-bord\/"]}]},{"@type":"ImageObject","inLanguage":"it-IT","@id":"https:\/\/www.organisator.ch\/marketing\/2025-01-22\/boom-holt-verstaerkung-an-bord\/#primaryimage","url":"https:\/\/www.markt-kom.com\/wp-content\/uploads\/2025\/01\/20241114_boom_Teamfoto_hires-6345-1.jpg","contentUrl":"https:\/\/www.markt-kom.com\/wp-content\/uploads\/2025\/01\/20241114_boom_Teamfoto_hires-6345-1.jpg"},{"@type":"BreadcrumbList","@id":"https:\/\/www.organisator.ch\/marketing\/2025-01-22\/boom-holt-verstaerkung-an-bord\/#breadcrumb","itemListElement":[{"@type":"ListItem","position":1,"name":"Home","item":"https:\/\/www.organisator.ch\/"},{"@type":"ListItem","position":2,"name":"Boom holt Verst\u00e4rkung an Bord"}]},{"@type":"WebSite","@id":"https:\/\/www.organisator.ch\/#website","url":"https:\/\/www.organisator.ch\/","name":"Organizzatore","description":"Competente. Pratico. In 10 numeri all'anno, ORGANISATOR presenta i temi essenziali per i manager delle PMI.","publisher":{"@id":"https:\/\/www.organisator.ch\/#organization"},"potentialAction":[{"@type":"SearchAction","target":{"@type":"EntryPoint","urlTemplate":"https:\/\/www.organisator.ch\/?s={search_term_string}"},"query-input":{"@type":"PropertyValueSpecification","valueRequired":true,"valueName":"search_term_string"}}],"inLanguage":"it-IT"},{"@type":"Organization","@id":"https:\/\/www.organisator.ch\/#organization","name":"Organizzatore","url":"https:\/\/www.organisator.ch\/","logo":{"@type":"ImageObject","inLanguage":"it-IT","@id":"https:\/\/www.organisator.ch\/#\/schema\/logo\/image\/","url":"https:\/\/www.organisator.ch\/wp-content\/uploads\/2022\/01\/Logo_Organisator_Website.png","contentUrl":"https:\/\/www.organisator.ch\/wp-content\/uploads\/2022\/01\/Logo_Organisator_Website.png","width":800,"height":77,"caption":"Organisator"},"image":{"@id":"https:\/\/www.organisator.ch\/#\/schema\/logo\/image\/"},"sameAs":["https:\/\/www.facebook.com\/OrganisatorFachmagazin","https:\/\/www.linkedin.com\/showcase\/organisator-das-magazin-fr-kmu","https:\/\/www.xing.com\/news\/pages\/organisator-ch-695","https:\/\/www.youtube.com\/channel\/UCGP2Sq0iWaZwT3BdIAQFYpw"]},{"@type":"Person","@id":"https:\/\/www.organisator.ch\/#\/schema\/person\/4e51799071cd2dd1232ac003643ef5f0","name":"galledia","image":{"@type":"ImageObject","inLanguage":"it-IT","@id":"https:\/\/secure.gravatar.com\/avatar\/78a7f90c01fc2bfc875782a0d4922b37cde2cf184ce347b91316d23cd7f69a36?s=96&d=mm&r=g","url":"https:\/\/secure.gravatar.com\/avatar\/78a7f90c01fc2bfc875782a0d4922b37cde2cf184ce347b91316d23cd7f69a36?s=96&d=mm&r=g","contentUrl":"https:\/\/secure.gravatar.com\/avatar\/78a7f90c01fc2bfc875782a0d4922b37cde2cf184ce347b91316d23cd7f69a36?s=96&d=mm&r=g","caption":"galledia"},"sameAs":["https:\/\/x.com\/admin"],"url":"https:\/\/www.organisator.ch\/it\/author\/galledia\/"}]}},"_links":{"self":[{"href":"https:\/\/www.organisator.ch\/it\/wp-json\/wp\/v2\/posts\/35444","targetHints":{"allow":["GET"]}}],"collection":[{"href":"https:\/\/www.organisator.ch\/it\/wp-json\/wp\/v2\/posts"}],"about":[{"href":"https:\/\/www.organisator.ch\/it\/wp-json\/wp\/v2\/types\/post"}],"author":[{"embeddable":true,"href":"https:\/\/www.organisator.ch\/it\/wp-json\/wp\/v2\/users\/8"}],"replies":[{"embeddable":true,"href":"https:\/\/www.organisator.ch\/it\/wp-json\/wp\/v2\/comments?post=35444"}],"version-history":[{"count":4,"href":"https:\/\/www.organisator.ch\/it\/wp-json\/wp\/v2\/posts\/35444\/revisions"}],"predecessor-version":[{"id":35452,"href":"https:\/\/www.organisator.ch\/it\/wp-json\/wp\/v2\/posts\/35444\/revisions\/35452"}],"wp:attachment":[{"href":"https:\/\/www.organisator.ch\/it\/wp-json\/wp\/v2\/media?parent=35444"}],"wp:term":[{"taxonomy":"category","embeddable":true,"href":"https:\/\/www.organisator.ch\/it\/wp-json\/wp\/v2\/categories?post=35444"},{"taxonomy":"post_tag","embeddable":true,"href":"https:\/\/www.organisator.ch\/it\/wp-json\/wp\/v2\/tags?post=35444"}],"curies":[{"name":"wp","href":"https:\/\/api.w.org\/{rel}","templated":true}]}}