{"id":35495,"date":"2025-01-23T08:47:34","date_gmt":"2025-01-23T07:47:34","guid":{"rendered":"https:\/\/www.organisator.ch\/?p=35495"},"modified":"2025-01-23T08:50:10","modified_gmt":"2025-01-23T07:50:10","slug":"mitja-schulz-wird-ceo-von-debrunner-koenig","status":"publish","type":"post","link":"https:\/\/www.organisator.ch\/it\/management\/2025-01-23\/mitja-schulz-wird-ceo-von-debrunner-koenig\/","title":{"rendered":"Mitja Schulz diventa CEO di Debrunner Koenig"},"content":{"rendered":"<figure id=\"attachment_35496\" aria-describedby=\"caption-attachment-35496\" style=\"width: 680px\" class=\"wp-caption alignnone\"><img loading=\"lazy\" decoding=\"async\" class=\"size-full wp-image-35496\" src=\"https:\/\/www.organisator.ch\/wp-content\/uploads\/2025\/01\/Mitja-Schulz-wird-CEO-von-Debrunner-Koenig_Organisator.jpg\" alt=\"\" width=\"680\" height=\"444\" srcset=\"https:\/\/www.organisator.ch\/wp-content\/uploads\/2025\/01\/Mitja-Schulz-wird-CEO-von-Debrunner-Koenig_Organisator.jpg 680w, https:\/\/www.organisator.ch\/wp-content\/uploads\/2025\/01\/Mitja-Schulz-wird-CEO-von-Debrunner-Koenig_Organisator-18x12.jpg 18w, https:\/\/www.organisator.ch\/wp-content\/uploads\/2025\/01\/Mitja-Schulz-wird-CEO-von-Debrunner-Koenig_Organisator-375x245.jpg 375w, https:\/\/www.organisator.ch\/wp-content\/uploads\/2025\/01\/Mitja-Schulz-wird-CEO-von-Debrunner-Koenig_Organisator-536x350.jpg 536w\" sizes=\"auto, (max-width: 680px) 100vw, 680px\" \/><figcaption id=\"caption-attachment-35496\" class=\"wp-caption-text\">Mitja Schulz assumer\u00e0 la carica di nuovo CEO del Gruppo Debrunner Koenig il 1\u00b0 febbraio 2025. (Dennis Yulov \/ Gruppo Debrunner Koenig)<\/figcaption><\/figure>\n<p>Il 1\u00b0 febbraio 2025 Mitja Schulz assumer\u00e0 la carica di CEO del Gruppo Debrunner Koenig, con sede a San Gallo. Fondato nel 1755, il gruppo svizzero opera come partner commerciale B2B e fornitore di servizi sul mercato nazionale. Si compone di quattro divisioni: \"Rinforzo\" fornisce acciaio per armature, tecnologia di rinforzo e accessori per armature. \"Steel &amp; Metals\" e \"Metal Service\" servono il mercato con materie prime e semilavorati. \"Prodotti tecnici\" copre altri settori delle esigenze di costruzione dei clienti edili, industriali e commerciali.<\/p>\n<p>Mitja Schulz succede a Thomas Liner, che ha lasciato l'azienda alla fine del 2024. Secondo il comunicato stampa dell'azienda, una transizione senza intoppi \u00e8 assicurata dal direttore finanziario Heinz Rohrer, che ha assunto l'incarico ad interim nel gennaio 2025 e che affiancher\u00e0 Mitja Schulz in qualit\u00e0 di consulente durante le prime settimane. Il nuovo CEO porta con s\u00e9 molti anni di esperienza a capo di diverse aziende industriali europee. Pi\u00f9 di recente, \u00e8 stato Presidente e CEO del gruppo industriale svizzero Gurit ed \u00e8 stato responsabile del successo dell'ulteriore sviluppo del gruppo, comprese le sue numerose filiali internazionali. In precedenza, Mitja Schulz ha ricoperto per oltre undici anni diverse posizioni dirigenziali presso il Gruppo ZF. Tra l'altro, \u00e8 stato Senior Vice President e CEO della business unit globale \"ZF Wind Power\" in Belgio.<\/p>\n<p>Oltre al nuovo CEO Mitja Schulz, Oliver Bertignol completer\u00e0 il team di gestione svizzero come nuovo CFO a partire dal 1\u00b0 marzo 2025, poich\u00e9 Heinz Rohrer andr\u00e0 in pensione il 31 luglio 2025. Oliver Bertignol \u00e8 un manager esperto con una vasta esperienza finanziaria che ha lavorato in precedenza, tra gli altri, presso Trumpf Schweiz AG.<\/p>\n<p>Guido Kerkhoff, presidente del consiglio di amministrazione di Kl\u00f6ckner &amp; Co SE, commenta cos\u00ec l'attuale cambio di presidenza: \"Sono molto impaziente di lavorare con Mitja Schulz e sono fermamente convinto che, insieme al nostro forte team locale, continueremo anche in futuro ad allineare coerentemente la nostra offerta sul mercato svizzero alle esigenze dei clienti. Desidero inoltre ringraziare Heinz Rohrer, che ha svolto un ruolo fondamentale nel plasmare lo sviluppo del Gruppo Debrunner Koenig negli ultimi anni e che ora assicura un agevole cambio di leadership.\"<\/p>\n<p><em>Fonte: <a href=\"https:\/\/www.dkg.ch\/dkg\/de\/\">Debrunner Koenig<\/a><\/em><\/p>","protected":false},"excerpt":{"rendered":"<p>Il Gruppo Debrunner Koenig, parte di Kl\u00f6ckner &amp; Co SE, ha un nuovo CEO: Mitja Schulz. Sostituisce Thomas Liner. <\/p>","protected":false},"author":4,"featured_media":35496,"comment_status":"closed","ping_status":"closed","sticky":false,"template":"","format":"standard","meta":{"_acf_changed":false,"_yoast_wpseo_focuskw":"Mitja Schulz","_yoast_wpseo_metadesc":"Die zur Kl\u00f6ckner & Co SE geh\u00f6rende Debrunner Koenig Gruppe erh\u00e4lt einen neuen CEO: Mitja Schulz. Er l\u00f6st Thomas Liner ab.","articlekey":"","footnotes":""},"categories":[28],"tags":[335,381,492],"class_list":["post-35495","post","type-post","status-publish","format-standard","has-post-thumbnail","hentry","category-management","tag-management-und-unternehmensfuehrung","tag-personalia","tag-unternehmen"],"acf":[],"yoast_head":"<!-- This site is optimized with the Yoast SEO plugin v27.4 - https:\/\/yoast.com\/product\/yoast-seo-wordpress\/ -->\n<title>Mitja Schulz wird CEO von Debrunner Koenig - Organisator<\/title>\n<meta name=\"description\" content=\"Die zur Kl\u00f6ckner &amp; Co SE geh\u00f6rende Debrunner Koenig Gruppe erh\u00e4lt einen neuen CEO: Mitja Schulz. Er l\u00f6st Thomas Liner ab.\" \/>\n<meta name=\"robots\" content=\"index, follow, max-snippet:-1, max-image-preview:large, max-video-preview:-1\" \/>\n<link rel=\"canonical\" href=\"https:\/\/www.organisator.ch\/it\/gestione-2\/2025-01-23\/mitja-schulz-wird-ceo-von-debrunner-koenig\/\" \/>\n<meta property=\"og:locale\" content=\"it_IT\" \/>\n<meta property=\"og:type\" content=\"article\" \/>\n<meta property=\"og:title\" content=\"Mitja Schulz wird CEO von Debrunner Koenig\" \/>\n<meta property=\"og:description\" content=\"Die zur Kl\u00f6ckner &amp; Co SE geh\u00f6rende Debrunner Koenig Gruppe erh\u00e4lt einen neuen CEO: Mitja Schulz. Er l\u00f6st Thomas Liner ab.\" \/>\n<meta property=\"og:url\" content=\"https:\/\/www.organisator.ch\/it\/gestione-2\/2025-01-23\/mitja-schulz-wird-ceo-von-debrunner-koenig\/\" \/>\n<meta property=\"og:site_name\" content=\"Organisator\" \/>\n<meta property=\"article:publisher\" content=\"https:\/\/www.facebook.com\/OrganisatorFachmagazin\" \/>\n<meta property=\"article:published_time\" content=\"2025-01-23T07:47:34+00:00\" \/>\n<meta property=\"article:modified_time\" content=\"2025-01-23T07:50:10+00:00\" \/>\n<meta property=\"og:image\" content=\"https:\/\/www.organisator.ch\/wp-content\/uploads\/2025\/01\/Mitja-Schulz-wird-CEO-von-Debrunner-Koenig_Organisator.jpg\" \/>\n\t<meta property=\"og:image:width\" content=\"680\" \/>\n\t<meta property=\"og:image:height\" content=\"444\" \/>\n\t<meta property=\"og:image:type\" content=\"image\/jpeg\" \/>\n<meta name=\"author\" content=\"thomas.berner\" \/>\n<meta name=\"twitter:card\" content=\"summary_large_image\" \/>\n<meta name=\"twitter:title\" content=\"Mitja Schulz wird #CEO von #Debrunner Koenig\" \/>\n<meta name=\"twitter:description\" content=\"Die zur #Kl\u00f6ckner &amp; Co SE geh\u00f6rende #Debrunner Koenig Gruppe erh\u00e4lt einen neuen #CEO: Mitja Schulz. Er l\u00f6st Thomas Liner ab.\" \/>\n<meta name=\"twitter:image\" content=\"https:\/\/www.organisator.ch\/wp-content\/uploads\/2025\/01\/Mitja-Schulz-wird-CEO-von-Debrunner-Koenig_Organisator.jpg\" \/>\n<script type=\"application\/ld+json\" class=\"yoast-schema-graph\">{\"@context\":\"https:\\\/\\\/schema.org\",\"@graph\":[{\"@type\":\"Article\",\"@id\":\"https:\\\/\\\/www.organisator.ch\\\/management\\\/2025-01-23\\\/mitja-schulz-wird-ceo-von-debrunner-koenig\\\/#article\",\"isPartOf\":{\"@id\":\"https:\\\/\\\/www.organisator.ch\\\/management\\\/2025-01-23\\\/mitja-schulz-wird-ceo-von-debrunner-koenig\\\/\"},\"author\":{\"name\":\"thomas.berner\",\"@id\":\"https:\\\/\\\/www.organisator.ch\\\/#\\\/schema\\\/person\\\/6f650f90b2842cd4c0cc334b4e36f67e\"},\"headline\":\"Mitja Schulz wird CEO von Debrunner Koenig\",\"datePublished\":\"2025-01-23T07:47:34+00:00\",\"dateModified\":\"2025-01-23T07:50:10+00:00\",\"mainEntityOfPage\":{\"@id\":\"https:\\\/\\\/www.organisator.ch\\\/management\\\/2025-01-23\\\/mitja-schulz-wird-ceo-von-debrunner-koenig\\\/\"},\"wordCount\":362,\"publisher\":{\"@id\":\"https:\\\/\\\/www.organisator.ch\\\/#organization\"},\"image\":{\"@id\":\"https:\\\/\\\/www.organisator.ch\\\/management\\\/2025-01-23\\\/mitja-schulz-wird-ceo-von-debrunner-koenig\\\/#primaryimage\"},\"thumbnailUrl\":\"https:\\\/\\\/www.organisator.ch\\\/wp-content\\\/uploads\\\/2025\\\/01\\\/Mitja-Schulz-wird-CEO-von-Debrunner-Koenig_Organisator.jpg\",\"keywords\":[\"Management und Unternehmensf\u00fchrung\",\"Personalia\",\"Unternehmen\"],\"articleSection\":[\"MANAGEMENT\"],\"inLanguage\":\"it-IT\"},{\"@type\":\"WebPage\",\"@id\":\"https:\\\/\\\/www.organisator.ch\\\/management\\\/2025-01-23\\\/mitja-schulz-wird-ceo-von-debrunner-koenig\\\/\",\"url\":\"https:\\\/\\\/www.organisator.ch\\\/management\\\/2025-01-23\\\/mitja-schulz-wird-ceo-von-debrunner-koenig\\\/\",\"name\":\"Mitja Schulz wird CEO von Debrunner Koenig - Organisator\",\"isPartOf\":{\"@id\":\"https:\\\/\\\/www.organisator.ch\\\/#website\"},\"primaryImageOfPage\":{\"@id\":\"https:\\\/\\\/www.organisator.ch\\\/management\\\/2025-01-23\\\/mitja-schulz-wird-ceo-von-debrunner-koenig\\\/#primaryimage\"},\"image\":{\"@id\":\"https:\\\/\\\/www.organisator.ch\\\/management\\\/2025-01-23\\\/mitja-schulz-wird-ceo-von-debrunner-koenig\\\/#primaryimage\"},\"thumbnailUrl\":\"https:\\\/\\\/www.organisator.ch\\\/wp-content\\\/uploads\\\/2025\\\/01\\\/Mitja-Schulz-wird-CEO-von-Debrunner-Koenig_Organisator.jpg\",\"datePublished\":\"2025-01-23T07:47:34+00:00\",\"dateModified\":\"2025-01-23T07:50:10+00:00\",\"description\":\"Die zur Kl\u00f6ckner & Co SE geh\u00f6rende Debrunner Koenig Gruppe erh\u00e4lt einen neuen CEO: Mitja Schulz. Er l\u00f6st Thomas Liner ab.\",\"breadcrumb\":{\"@id\":\"https:\\\/\\\/www.organisator.ch\\\/management\\\/2025-01-23\\\/mitja-schulz-wird-ceo-von-debrunner-koenig\\\/#breadcrumb\"},\"inLanguage\":\"it-IT\",\"potentialAction\":[{\"@type\":\"ReadAction\",\"target\":[\"https:\\\/\\\/www.organisator.ch\\\/management\\\/2025-01-23\\\/mitja-schulz-wird-ceo-von-debrunner-koenig\\\/\"]}]},{\"@type\":\"ImageObject\",\"inLanguage\":\"it-IT\",\"@id\":\"https:\\\/\\\/www.organisator.ch\\\/management\\\/2025-01-23\\\/mitja-schulz-wird-ceo-von-debrunner-koenig\\\/#primaryimage\",\"url\":\"https:\\\/\\\/www.organisator.ch\\\/wp-content\\\/uploads\\\/2025\\\/01\\\/Mitja-Schulz-wird-CEO-von-Debrunner-Koenig_Organisator.jpg\",\"contentUrl\":\"https:\\\/\\\/www.organisator.ch\\\/wp-content\\\/uploads\\\/2025\\\/01\\\/Mitja-Schulz-wird-CEO-von-Debrunner-Koenig_Organisator.jpg\",\"width\":680,\"height\":444,\"caption\":\"Mitja Schulz \u00fcbernimmt als neuer CEO per 1. Februar 2025 die Leitung der Debrunner Koenig Gruppe. (Dennis Yulov \\\/ Debrunner Koenig Gruppe)\"},{\"@type\":\"BreadcrumbList\",\"@id\":\"https:\\\/\\\/www.organisator.ch\\\/management\\\/2025-01-23\\\/mitja-schulz-wird-ceo-von-debrunner-koenig\\\/#breadcrumb\",\"itemListElement\":[{\"@type\":\"ListItem\",\"position\":1,\"name\":\"Home\",\"item\":\"https:\\\/\\\/www.organisator.ch\\\/\"},{\"@type\":\"ListItem\",\"position\":2,\"name\":\"Mitja Schulz wird CEO von Debrunner Koenig\"}]},{\"@type\":\"WebSite\",\"@id\":\"https:\\\/\\\/www.organisator.ch\\\/#website\",\"url\":\"https:\\\/\\\/www.organisator.ch\\\/\",\"name\":\"Organisator\",\"description\":\"Kompetent. Praxisnah. Der ORGANISATOR bereitet in 10 Ausgaben pro Jahr die wesentlichen Themen f\u00fcr F\u00fchrungskr\u00e4fte von KMU auf.\",\"publisher\":{\"@id\":\"https:\\\/\\\/www.organisator.ch\\\/#organization\"},\"potentialAction\":[{\"@type\":\"SearchAction\",\"target\":{\"@type\":\"EntryPoint\",\"urlTemplate\":\"https:\\\/\\\/www.organisator.ch\\\/?s={search_term_string}\"},\"query-input\":{\"@type\":\"PropertyValueSpecification\",\"valueRequired\":true,\"valueName\":\"search_term_string\"}}],\"inLanguage\":\"it-IT\"},{\"@type\":\"Organization\",\"@id\":\"https:\\\/\\\/www.organisator.ch\\\/#organization\",\"name\":\"Organisator\",\"url\":\"https:\\\/\\\/www.organisator.ch\\\/\",\"logo\":{\"@type\":\"ImageObject\",\"inLanguage\":\"it-IT\",\"@id\":\"https:\\\/\\\/www.organisator.ch\\\/#\\\/schema\\\/logo\\\/image\\\/\",\"url\":\"https:\\\/\\\/www.organisator.ch\\\/wp-content\\\/uploads\\\/2022\\\/01\\\/Logo_Organisator_Website.png\",\"contentUrl\":\"https:\\\/\\\/www.organisator.ch\\\/wp-content\\\/uploads\\\/2022\\\/01\\\/Logo_Organisator_Website.png\",\"width\":800,\"height\":77,\"caption\":\"Organisator\"},\"image\":{\"@id\":\"https:\\\/\\\/www.organisator.ch\\\/#\\\/schema\\\/logo\\\/image\\\/\"},\"sameAs\":[\"https:\\\/\\\/www.facebook.com\\\/OrganisatorFachmagazin\",\"https:\\\/\\\/www.linkedin.com\\\/showcase\\\/organisator-das-magazin-fr-kmu\",\"https:\\\/\\\/www.xing.com\\\/news\\\/pages\\\/organisator-ch-695\",\"https:\\\/\\\/www.youtube.com\\\/channel\\\/UCGP2Sq0iWaZwT3BdIAQFYpw\"]},{\"@type\":\"Person\",\"@id\":\"https:\\\/\\\/www.organisator.ch\\\/#\\\/schema\\\/person\\\/6f650f90b2842cd4c0cc334b4e36f67e\",\"name\":\"thomas.berner\",\"image\":{\"@type\":\"ImageObject\",\"inLanguage\":\"it-IT\",\"@id\":\"https:\\\/\\\/secure.gravatar.com\\\/avatar\\\/ac5001d2a36cb6c6cd3e50789007ffca834b477b74a2144564522e944eabff61?s=96&d=mm&r=g\",\"url\":\"https:\\\/\\\/secure.gravatar.com\\\/avatar\\\/ac5001d2a36cb6c6cd3e50789007ffca834b477b74a2144564522e944eabff61?s=96&d=mm&r=g\",\"contentUrl\":\"https:\\\/\\\/secure.gravatar.com\\\/avatar\\\/ac5001d2a36cb6c6cd3e50789007ffca834b477b74a2144564522e944eabff61?s=96&d=mm&r=g\",\"caption\":\"thomas.berner\"},\"url\":\"https:\\\/\\\/www.organisator.ch\\\/it\\\/author\\\/thomas-berner\\\/\"}]}<\/script>\n<!-- \/ Yoast SEO plugin. -->","yoast_head_json":{"title":"Mitja Schulz diventa CEO di Debrunner Koenig - Organizzatore","description":"Il Gruppo Debrunner Koenig, parte di Kl\u00f6ckner &amp; Co SE, ha un nuovo CEO: Mitja Schulz. Sostituisce Thomas Liner.","robots":{"index":"index","follow":"follow","max-snippet":"max-snippet:-1","max-image-preview":"max-image-preview:large","max-video-preview":"max-video-preview:-1"},"canonical":"https:\/\/www.organisator.ch\/it\/gestione-2\/2025-01-23\/mitja-schulz-wird-ceo-von-debrunner-koenig\/","og_locale":"it_IT","og_type":"article","og_title":"Mitja Schulz wird CEO von Debrunner Koenig","og_description":"Die zur Kl\u00f6ckner & Co SE geh\u00f6rende Debrunner Koenig Gruppe erh\u00e4lt einen neuen CEO: Mitja Schulz. Er l\u00f6st Thomas Liner ab.","og_url":"https:\/\/www.organisator.ch\/it\/gestione-2\/2025-01-23\/mitja-schulz-wird-ceo-von-debrunner-koenig\/","og_site_name":"Organisator","article_publisher":"https:\/\/www.facebook.com\/OrganisatorFachmagazin","article_published_time":"2025-01-23T07:47:34+00:00","article_modified_time":"2025-01-23T07:50:10+00:00","og_image":[{"width":680,"height":444,"url":"https:\/\/www.organisator.ch\/wp-content\/uploads\/2025\/01\/Mitja-Schulz-wird-CEO-von-Debrunner-Koenig_Organisator.jpg","type":"image\/jpeg"}],"author":"thomas.berner","twitter_card":"summary_large_image","twitter_title":"Mitja Schulz wird #CEO von #Debrunner Koenig","twitter_description":"Die zur #Kl\u00f6ckner & Co SE geh\u00f6rende #Debrunner Koenig Gruppe erh\u00e4lt einen neuen #CEO: Mitja Schulz. Er l\u00f6st Thomas Liner ab.","twitter_image":"https:\/\/www.organisator.ch\/wp-content\/uploads\/2025\/01\/Mitja-Schulz-wird-CEO-von-Debrunner-Koenig_Organisator.jpg","schema":{"@context":"https:\/\/schema.org","@graph":[{"@type":"Article","@id":"https:\/\/www.organisator.ch\/management\/2025-01-23\/mitja-schulz-wird-ceo-von-debrunner-koenig\/#article","isPartOf":{"@id":"https:\/\/www.organisator.ch\/management\/2025-01-23\/mitja-schulz-wird-ceo-von-debrunner-koenig\/"},"author":{"name":"thomas.berner","@id":"https:\/\/www.organisator.ch\/#\/schema\/person\/6f650f90b2842cd4c0cc334b4e36f67e"},"headline":"Mitja Schulz wird CEO von Debrunner Koenig","datePublished":"2025-01-23T07:47:34+00:00","dateModified":"2025-01-23T07:50:10+00:00","mainEntityOfPage":{"@id":"https:\/\/www.organisator.ch\/management\/2025-01-23\/mitja-schulz-wird-ceo-von-debrunner-koenig\/"},"wordCount":362,"publisher":{"@id":"https:\/\/www.organisator.ch\/#organization"},"image":{"@id":"https:\/\/www.organisator.ch\/management\/2025-01-23\/mitja-schulz-wird-ceo-von-debrunner-koenig\/#primaryimage"},"thumbnailUrl":"https:\/\/www.organisator.ch\/wp-content\/uploads\/2025\/01\/Mitja-Schulz-wird-CEO-von-Debrunner-Koenig_Organisator.jpg","keywords":["Management und Unternehmensf\u00fchrung","Personalia","Unternehmen"],"articleSection":["MANAGEMENT"],"inLanguage":"it-IT"},{"@type":"WebPage","@id":"https:\/\/www.organisator.ch\/management\/2025-01-23\/mitja-schulz-wird-ceo-von-debrunner-koenig\/","url":"https:\/\/www.organisator.ch\/management\/2025-01-23\/mitja-schulz-wird-ceo-von-debrunner-koenig\/","name":"Mitja Schulz diventa CEO di Debrunner Koenig - Organizzatore","isPartOf":{"@id":"https:\/\/www.organisator.ch\/#website"},"primaryImageOfPage":{"@id":"https:\/\/www.organisator.ch\/management\/2025-01-23\/mitja-schulz-wird-ceo-von-debrunner-koenig\/#primaryimage"},"image":{"@id":"https:\/\/www.organisator.ch\/management\/2025-01-23\/mitja-schulz-wird-ceo-von-debrunner-koenig\/#primaryimage"},"thumbnailUrl":"https:\/\/www.organisator.ch\/wp-content\/uploads\/2025\/01\/Mitja-Schulz-wird-CEO-von-Debrunner-Koenig_Organisator.jpg","datePublished":"2025-01-23T07:47:34+00:00","dateModified":"2025-01-23T07:50:10+00:00","description":"Il Gruppo Debrunner Koenig, parte di Kl\u00f6ckner &amp; Co SE, ha un nuovo CEO: Mitja Schulz. Sostituisce Thomas Liner.","breadcrumb":{"@id":"https:\/\/www.organisator.ch\/management\/2025-01-23\/mitja-schulz-wird-ceo-von-debrunner-koenig\/#breadcrumb"},"inLanguage":"it-IT","potentialAction":[{"@type":"ReadAction","target":["https:\/\/www.organisator.ch\/management\/2025-01-23\/mitja-schulz-wird-ceo-von-debrunner-koenig\/"]}]},{"@type":"ImageObject","inLanguage":"it-IT","@id":"https:\/\/www.organisator.ch\/management\/2025-01-23\/mitja-schulz-wird-ceo-von-debrunner-koenig\/#primaryimage","url":"https:\/\/www.organisator.ch\/wp-content\/uploads\/2025\/01\/Mitja-Schulz-wird-CEO-von-Debrunner-Koenig_Organisator.jpg","contentUrl":"https:\/\/www.organisator.ch\/wp-content\/uploads\/2025\/01\/Mitja-Schulz-wird-CEO-von-Debrunner-Koenig_Organisator.jpg","width":680,"height":444,"caption":"Mitja Schulz \u00fcbernimmt als neuer CEO per 1. Februar 2025 die Leitung der Debrunner Koenig Gruppe. (Dennis Yulov \/ Debrunner Koenig Gruppe)"},{"@type":"BreadcrumbList","@id":"https:\/\/www.organisator.ch\/management\/2025-01-23\/mitja-schulz-wird-ceo-von-debrunner-koenig\/#breadcrumb","itemListElement":[{"@type":"ListItem","position":1,"name":"Home","item":"https:\/\/www.organisator.ch\/"},{"@type":"ListItem","position":2,"name":"Mitja Schulz wird CEO von Debrunner Koenig"}]},{"@type":"WebSite","@id":"https:\/\/www.organisator.ch\/#website","url":"https:\/\/www.organisator.ch\/","name":"Organizzatore","description":"Competente. Pratico. In 10 numeri all'anno, ORGANISATOR presenta i temi essenziali per i manager delle PMI.","publisher":{"@id":"https:\/\/www.organisator.ch\/#organization"},"potentialAction":[{"@type":"SearchAction","target":{"@type":"EntryPoint","urlTemplate":"https:\/\/www.organisator.ch\/?s={search_term_string}"},"query-input":{"@type":"PropertyValueSpecification","valueRequired":true,"valueName":"search_term_string"}}],"inLanguage":"it-IT"},{"@type":"Organization","@id":"https:\/\/www.organisator.ch\/#organization","name":"Organizzatore","url":"https:\/\/www.organisator.ch\/","logo":{"@type":"ImageObject","inLanguage":"it-IT","@id":"https:\/\/www.organisator.ch\/#\/schema\/logo\/image\/","url":"https:\/\/www.organisator.ch\/wp-content\/uploads\/2022\/01\/Logo_Organisator_Website.png","contentUrl":"https:\/\/www.organisator.ch\/wp-content\/uploads\/2022\/01\/Logo_Organisator_Website.png","width":800,"height":77,"caption":"Organisator"},"image":{"@id":"https:\/\/www.organisator.ch\/#\/schema\/logo\/image\/"},"sameAs":["https:\/\/www.facebook.com\/OrganisatorFachmagazin","https:\/\/www.linkedin.com\/showcase\/organisator-das-magazin-fr-kmu","https:\/\/www.xing.com\/news\/pages\/organisator-ch-695","https:\/\/www.youtube.com\/channel\/UCGP2Sq0iWaZwT3BdIAQFYpw"]},{"@type":"Person","@id":"https:\/\/www.organisator.ch\/#\/schema\/person\/6f650f90b2842cd4c0cc334b4e36f67e","name":"Tommaso.berner","image":{"@type":"ImageObject","inLanguage":"it-IT","@id":"https:\/\/secure.gravatar.com\/avatar\/ac5001d2a36cb6c6cd3e50789007ffca834b477b74a2144564522e944eabff61?s=96&d=mm&r=g","url":"https:\/\/secure.gravatar.com\/avatar\/ac5001d2a36cb6c6cd3e50789007ffca834b477b74a2144564522e944eabff61?s=96&d=mm&r=g","contentUrl":"https:\/\/secure.gravatar.com\/avatar\/ac5001d2a36cb6c6cd3e50789007ffca834b477b74a2144564522e944eabff61?s=96&d=mm&r=g","caption":"thomas.berner"},"url":"https:\/\/www.organisator.ch\/it\/author\/thomas-berner\/"}]}},"_links":{"self":[{"href":"https:\/\/www.organisator.ch\/it\/wp-json\/wp\/v2\/posts\/35495","targetHints":{"allow":["GET"]}}],"collection":[{"href":"https:\/\/www.organisator.ch\/it\/wp-json\/wp\/v2\/posts"}],"about":[{"href":"https:\/\/www.organisator.ch\/it\/wp-json\/wp\/v2\/types\/post"}],"author":[{"embeddable":true,"href":"https:\/\/www.organisator.ch\/it\/wp-json\/wp\/v2\/users\/4"}],"replies":[{"embeddable":true,"href":"https:\/\/www.organisator.ch\/it\/wp-json\/wp\/v2\/comments?post=35495"}],"version-history":[{"count":3,"href":"https:\/\/www.organisator.ch\/it\/wp-json\/wp\/v2\/posts\/35495\/revisions"}],"predecessor-version":[{"id":35533,"href":"https:\/\/www.organisator.ch\/it\/wp-json\/wp\/v2\/posts\/35495\/revisions\/35533"}],"wp:featuredmedia":[{"embeddable":true,"href":"https:\/\/www.organisator.ch\/it\/wp-json\/wp\/v2\/media\/35496"}],"wp:attachment":[{"href":"https:\/\/www.organisator.ch\/it\/wp-json\/wp\/v2\/media?parent=35495"}],"wp:term":[{"taxonomy":"category","embeddable":true,"href":"https:\/\/www.organisator.ch\/it\/wp-json\/wp\/v2\/categories?post=35495"},{"taxonomy":"post_tag","embeddable":true,"href":"https:\/\/www.organisator.ch\/it\/wp-json\/wp\/v2\/tags?post=35495"}],"curies":[{"name":"wp","href":"https:\/\/api.w.org\/{rel}","templated":true}]}}