{"id":35505,"date":"2025-01-24T10:07:22","date_gmt":"2025-01-24T09:07:22","guid":{"rendered":"https:\/\/www.markt-kom.com\/?p=229412"},"modified":"2025-01-24T08:53:24","modified_gmt":"2025-01-24T07:53:24","slug":"jung-von-matt-impact-wird-neue-sea-agentur-von-schweiz-tourismus","status":"publish","type":"post","link":"https:\/\/www.organisator.ch\/it\/marketing\/2025-01-24\/jung-von-matt-impact-wird-neue-sea-agentur-von-schweiz-tourismus\/","title":{"rendered":"Jung von Matt Impact diventa la nuova agenzia SEA di Svizzera Turismo"},"content":{"rendered":"<p><a href=\"https:\/\/www.markt-kom.com\/wp-content\/uploads\/2025\/01\/250122_STxJvM_Statisch_16x9_Draft_V01.jpg\"><img class=\"aligncenter size-full wp-image-229414\" src=\"https:\/\/www.markt-kom.com\/wp-content\/uploads\/2025\/01\/250122_STxJvM_Statisch_16x9_Draft_V01.jpg\" sizes=\"(max-width: 1200px) 100vw, 1200px\" srcset=\"https:\/\/www.markt-kom.com\/wp-content\/uploads\/2025\/01\/250122_STxJvM_Statisch_16x9_Draft_V01.jpg 1200w, https:\/\/www.markt-kom.com\/wp-content\/uploads\/2025\/01\/250122_STxJvM_Statisch_16x9_Draft_V01-600x450.jpg 600w, https:\/\/www.markt-kom.com\/wp-content\/uploads\/2025\/01\/250122_STxJvM_Statisch_16x9_Draft_V01-1024x768.jpg 1024w, https:\/\/www.markt-kom.com\/wp-content\/uploads\/2025\/01\/250122_STxJvM_Statisch_16x9_Draft_V01-768x576.jpg 768w, https:\/\/www.markt-kom.com\/wp-content\/uploads\/2025\/01\/250122_STxJvM_Statisch_16x9_Draft_V01-16x12.jpg 16w, https:\/\/www.markt-kom.com\/wp-content\/uploads\/2025\/01\/250122_STxJvM_Statisch_16x9_Draft_V01-233x175.jpg 233w, https:\/\/www.markt-kom.com\/wp-content\/uploads\/2025\/01\/250122_STxJvM_Statisch_16x9_Draft_V01-467x350.jpg 467w, https:\/\/www.markt-kom.com\/wp-content\/uploads\/2025\/01\/250122_STxJvM_Statisch_16x9_Draft_V01-1000x750.jpg 1000w\" alt=\"\" width=\"1200\" height=\"900\" \/><\/a><\/p>\r\n<p>Im Pitchverfahren konnte sich die Agentur gegen drei Mitbewerber:innen behaupten, wie aus einer Mitteilung hervorgeht. Das Mandat bel\u00e4uft sich auf vier Jahre und beinhaltet das Management der internationalen Search-Kampagnen in 13 M\u00e4rkten \u2013 von Europa \u00fcber die USA bis nach S\u00fcdostasien.<\/p>\r\n<p>Jung von Matt Impact hat sich in den letzten Jahren in der Tourismusbranche positioniert, unter anderem durch Partnerschaften mit Cervo Zermatt, der Tschuggen Collection und regionalen Destinationsvermarktungen wie Zermatt Tourismus und Engadin Scuol Zernez. Als Google Premium Partner bietet die Agentur tourismusspezifische Data-Insights, zum Beispiel mit Hilfe von \u00abGoogle Travel Analytics\u00bb, das weltweite Reisedaten von User:innen auswertet und zur Verf\u00fcgung stellt.<\/p>\r\n<div class=\"wp-video\" style=\"width: 768px;\"><!-- [if lt IE 9]><script>document.createElement('video');<\/script><![endif]--> <video id=\"video-229412-1\" class=\"wp-video-shortcode\" preload=\"metadata\" controls=\"controls\" width=\"768\" height=\"432\"><source type=\"video\/mp4\" src=\"https:\/\/www.markt-kom.com\/wp-content\/uploads\/2025\/01\/250122_STxJvM_16x9_Draft_V01.mp4?_=1\" \/><a href=\"https:\/\/www.markt-kom.com\/wp-content\/uploads\/2025\/01\/250122_STxJvM_16x9_Draft_V01.mp4\">https:\/\/www.markt-kom.com\/wp-content\/uploads\/2025\/01\/250122_STxJvM_16x9_Draft_V01.mp4<\/a><\/video><\/div>","protected":false},"excerpt":{"rendered":"<p>Dall'inizio di gennaio 2025, Jung von Matt Impact gestisce le campagne di ricerca internazionali di Svizzera Turismo in 13 mercati come nuova agenzia pubblicitaria sui motori di ricerca. L'incarico continuer\u00e0 per i prossimi quattro anni.<\/p>","protected":false},"author":8,"featured_media":0,"comment_status":"closed","ping_status":"closed","sticky":false,"template":"","format":"standard","meta":{"_acf_changed":false,"_yoast_wpseo_focuskw":"Jung von Matt Impact","_yoast_wpseo_metadesc":"Jung von Matt Impact \u00fcbernimmt das Management der internationalen Search-Kampagnen von Schweiz Tourismus in 13 M\u00e4rkten f\u00fcr vier Jahre.","articlekey":"","footnotes":""},"categories":[29],"tags":[2855,5038,2854],"class_list":["post-35505","post","type-post","status-publish","format-standard","hentry","category-marketing","tag-etats","tag-jung-von-matt-impact","tag-schweiz-tourismus"],"acf":[],"yoast_head":"<!-- This site is optimized with the Yoast SEO plugin v27.5 - https:\/\/yoast.com\/product\/yoast-seo-wordpress\/ -->\n<title>Jung von Matt Impact wird neue SEA-Agentur von Schweiz Tourismus - Organisator<\/title>\n<meta name=\"description\" content=\"Jung von Matt Impact \u00fcbernimmt das Management der internationalen Search-Kampagnen von Schweiz Tourismus in 13 M\u00e4rkten f\u00fcr vier Jahre.\" \/>\n<meta name=\"robots\" content=\"index, follow, max-snippet:-1, max-image-preview:large, max-video-preview:-1\" \/>\n<link rel=\"canonical\" href=\"https:\/\/www.organisator.ch\/it\/marketing\/2025-01-24\/jung-von-matt-impact-wird-neue-sea-agentur-von-schweiz-tourismus\/\" \/>\n<meta property=\"og:locale\" content=\"it_IT\" \/>\n<meta property=\"og:type\" content=\"article\" \/>\n<meta property=\"og:title\" content=\"Jung von Matt Impact wird neue SEA-Agentur von Schweiz Tourismus - Organisator\" \/>\n<meta property=\"og:description\" content=\"Jung von Matt Impact \u00fcbernimmt das Management der internationalen Search-Kampagnen von Schweiz Tourismus in 13 M\u00e4rkten f\u00fcr vier Jahre.\" \/>\n<meta property=\"og:url\" content=\"https:\/\/www.organisator.ch\/it\/marketing\/2025-01-24\/jung-von-matt-impact-wird-neue-sea-agentur-von-schweiz-tourismus\/\" \/>\n<meta property=\"og:site_name\" content=\"Organisator\" \/>\n<meta property=\"article:publisher\" content=\"https:\/\/www.facebook.com\/OrganisatorFachmagazin\" \/>\n<meta property=\"article:published_time\" content=\"2025-01-24T09:07:22+00:00\" \/>\n<meta name=\"author\" content=\"galledia\" \/>\n<meta name=\"twitter:card\" content=\"summary_large_image\" \/>\n<meta name=\"twitter:creator\" content=\"@admin\" \/>\n<script type=\"application\/ld+json\" class=\"yoast-schema-graph\">{\"@context\":\"https:\\\/\\\/schema.org\",\"@graph\":[{\"@type\":\"Article\",\"@id\":\"https:\\\/\\\/www.organisator.ch\\\/marketing\\\/2025-01-24\\\/jung-von-matt-impact-wird-neue-sea-agentur-von-schweiz-tourismus\\\/#article\",\"isPartOf\":{\"@id\":\"https:\\\/\\\/www.organisator.ch\\\/marketing\\\/2025-01-24\\\/jung-von-matt-impact-wird-neue-sea-agentur-von-schweiz-tourismus\\\/\"},\"author\":{\"name\":\"galledia\",\"@id\":\"https:\\\/\\\/www.organisator.ch\\\/#\\\/schema\\\/person\\\/4e51799071cd2dd1232ac003643ef5f0\"},\"headline\":\"Jung von Matt Impact wird neue SEA-Agentur von Schweiz Tourismus\",\"datePublished\":\"2025-01-24T09:07:22+00:00\",\"mainEntityOfPage\":{\"@id\":\"https:\\\/\\\/www.organisator.ch\\\/marketing\\\/2025-01-24\\\/jung-von-matt-impact-wird-neue-sea-agentur-von-schweiz-tourismus\\\/\"},\"wordCount\":127,\"publisher\":{\"@id\":\"https:\\\/\\\/www.organisator.ch\\\/#organization\"},\"image\":{\"@id\":\"https:\\\/\\\/www.organisator.ch\\\/marketing\\\/2025-01-24\\\/jung-von-matt-impact-wird-neue-sea-agentur-von-schweiz-tourismus\\\/#primaryimage\"},\"thumbnailUrl\":\"https:\\\/\\\/www.markt-kom.com\\\/wp-content\\\/uploads\\\/2025\\\/01\\\/250122_STxJvM_Statisch_16x9_Draft_V01.jpg\",\"keywords\":[\"Etats\",\"Jung von Matt Impact\",\"Schweiz Tourismus\"],\"articleSection\":[\"MARKETING\"],\"inLanguage\":\"it-IT\"},{\"@type\":\"WebPage\",\"@id\":\"https:\\\/\\\/www.organisator.ch\\\/marketing\\\/2025-01-24\\\/jung-von-matt-impact-wird-neue-sea-agentur-von-schweiz-tourismus\\\/\",\"url\":\"https:\\\/\\\/www.organisator.ch\\\/marketing\\\/2025-01-24\\\/jung-von-matt-impact-wird-neue-sea-agentur-von-schweiz-tourismus\\\/\",\"name\":\"Jung von Matt Impact wird neue SEA-Agentur von Schweiz Tourismus - Organisator\",\"isPartOf\":{\"@id\":\"https:\\\/\\\/www.organisator.ch\\\/#website\"},\"primaryImageOfPage\":{\"@id\":\"https:\\\/\\\/www.organisator.ch\\\/marketing\\\/2025-01-24\\\/jung-von-matt-impact-wird-neue-sea-agentur-von-schweiz-tourismus\\\/#primaryimage\"},\"image\":{\"@id\":\"https:\\\/\\\/www.organisator.ch\\\/marketing\\\/2025-01-24\\\/jung-von-matt-impact-wird-neue-sea-agentur-von-schweiz-tourismus\\\/#primaryimage\"},\"thumbnailUrl\":\"https:\\\/\\\/www.markt-kom.com\\\/wp-content\\\/uploads\\\/2025\\\/01\\\/250122_STxJvM_Statisch_16x9_Draft_V01.jpg\",\"datePublished\":\"2025-01-24T09:07:22+00:00\",\"description\":\"Jung von Matt Impact \u00fcbernimmt das Management der internationalen Search-Kampagnen von Schweiz Tourismus in 13 M\u00e4rkten f\u00fcr vier Jahre.\",\"breadcrumb\":{\"@id\":\"https:\\\/\\\/www.organisator.ch\\\/marketing\\\/2025-01-24\\\/jung-von-matt-impact-wird-neue-sea-agentur-von-schweiz-tourismus\\\/#breadcrumb\"},\"inLanguage\":\"it-IT\",\"potentialAction\":[{\"@type\":\"ReadAction\",\"target\":[\"https:\\\/\\\/www.organisator.ch\\\/marketing\\\/2025-01-24\\\/jung-von-matt-impact-wird-neue-sea-agentur-von-schweiz-tourismus\\\/\"]}]},{\"@type\":\"ImageObject\",\"inLanguage\":\"it-IT\",\"@id\":\"https:\\\/\\\/www.organisator.ch\\\/marketing\\\/2025-01-24\\\/jung-von-matt-impact-wird-neue-sea-agentur-von-schweiz-tourismus\\\/#primaryimage\",\"url\":\"https:\\\/\\\/www.markt-kom.com\\\/wp-content\\\/uploads\\\/2025\\\/01\\\/250122_STxJvM_Statisch_16x9_Draft_V01.jpg\",\"contentUrl\":\"https:\\\/\\\/www.markt-kom.com\\\/wp-content\\\/uploads\\\/2025\\\/01\\\/250122_STxJvM_Statisch_16x9_Draft_V01.jpg\"},{\"@type\":\"BreadcrumbList\",\"@id\":\"https:\\\/\\\/www.organisator.ch\\\/marketing\\\/2025-01-24\\\/jung-von-matt-impact-wird-neue-sea-agentur-von-schweiz-tourismus\\\/#breadcrumb\",\"itemListElement\":[{\"@type\":\"ListItem\",\"position\":1,\"name\":\"Home\",\"item\":\"https:\\\/\\\/www.organisator.ch\\\/\"},{\"@type\":\"ListItem\",\"position\":2,\"name\":\"Jung von Matt Impact wird neue SEA-Agentur von Schweiz Tourismus\"}]},{\"@type\":\"WebSite\",\"@id\":\"https:\\\/\\\/www.organisator.ch\\\/#website\",\"url\":\"https:\\\/\\\/www.organisator.ch\\\/\",\"name\":\"Organisator\",\"description\":\"Kompetent. Praxisnah. Der ORGANISATOR bereitet in 10 Ausgaben pro Jahr die wesentlichen Themen f\u00fcr F\u00fchrungskr\u00e4fte von KMU auf.\",\"publisher\":{\"@id\":\"https:\\\/\\\/www.organisator.ch\\\/#organization\"},\"potentialAction\":[{\"@type\":\"SearchAction\",\"target\":{\"@type\":\"EntryPoint\",\"urlTemplate\":\"https:\\\/\\\/www.organisator.ch\\\/?s={search_term_string}\"},\"query-input\":{\"@type\":\"PropertyValueSpecification\",\"valueRequired\":true,\"valueName\":\"search_term_string\"}}],\"inLanguage\":\"it-IT\"},{\"@type\":\"Organization\",\"@id\":\"https:\\\/\\\/www.organisator.ch\\\/#organization\",\"name\":\"Organisator\",\"url\":\"https:\\\/\\\/www.organisator.ch\\\/\",\"logo\":{\"@type\":\"ImageObject\",\"inLanguage\":\"it-IT\",\"@id\":\"https:\\\/\\\/www.organisator.ch\\\/#\\\/schema\\\/logo\\\/image\\\/\",\"url\":\"https:\\\/\\\/www.organisator.ch\\\/wp-content\\\/uploads\\\/2022\\\/01\\\/Logo_Organisator_Website.png\",\"contentUrl\":\"https:\\\/\\\/www.organisator.ch\\\/wp-content\\\/uploads\\\/2022\\\/01\\\/Logo_Organisator_Website.png\",\"width\":800,\"height\":77,\"caption\":\"Organisator\"},\"image\":{\"@id\":\"https:\\\/\\\/www.organisator.ch\\\/#\\\/schema\\\/logo\\\/image\\\/\"},\"sameAs\":[\"https:\\\/\\\/www.facebook.com\\\/OrganisatorFachmagazin\",\"https:\\\/\\\/www.linkedin.com\\\/showcase\\\/organisator-das-magazin-fr-kmu\",\"https:\\\/\\\/www.xing.com\\\/news\\\/pages\\\/organisator-ch-695\",\"https:\\\/\\\/www.youtube.com\\\/channel\\\/UCGP2Sq0iWaZwT3BdIAQFYpw\"]},{\"@type\":\"Person\",\"@id\":\"https:\\\/\\\/www.organisator.ch\\\/#\\\/schema\\\/person\\\/4e51799071cd2dd1232ac003643ef5f0\",\"name\":\"galledia\",\"image\":{\"@type\":\"ImageObject\",\"inLanguage\":\"it-IT\",\"@id\":\"https:\\\/\\\/secure.gravatar.com\\\/avatar\\\/78a7f90c01fc2bfc875782a0d4922b37cde2cf184ce347b91316d23cd7f69a36?s=96&d=mm&r=g\",\"url\":\"https:\\\/\\\/secure.gravatar.com\\\/avatar\\\/78a7f90c01fc2bfc875782a0d4922b37cde2cf184ce347b91316d23cd7f69a36?s=96&d=mm&r=g\",\"contentUrl\":\"https:\\\/\\\/secure.gravatar.com\\\/avatar\\\/78a7f90c01fc2bfc875782a0d4922b37cde2cf184ce347b91316d23cd7f69a36?s=96&d=mm&r=g\",\"caption\":\"galledia\"},\"sameAs\":[\"https:\\\/\\\/x.com\\\/admin\"],\"url\":\"https:\\\/\\\/www.organisator.ch\\\/it\\\/author\\\/galledia\\\/\"}]}<\/script>\n<!-- \/ Yoast SEO plugin. -->","yoast_head_json":{"title":"Jung von Matt Impact diventa la nuova agenzia SEA di Svizzera Turismo - Organizzatore","description":"Jung von Matt Impact si occuper\u00e0 per quattro anni della gestione delle campagne di ricerca internazionali di Svizzera Turismo in 13 mercati.","robots":{"index":"index","follow":"follow","max-snippet":"max-snippet:-1","max-image-preview":"max-image-preview:large","max-video-preview":"max-video-preview:-1"},"canonical":"https:\/\/www.organisator.ch\/it\/marketing\/2025-01-24\/jung-von-matt-impact-wird-neue-sea-agentur-von-schweiz-tourismus\/","og_locale":"it_IT","og_type":"article","og_title":"Jung von Matt Impact wird neue SEA-Agentur von Schweiz Tourismus - Organisator","og_description":"Jung von Matt Impact \u00fcbernimmt das Management der internationalen Search-Kampagnen von Schweiz Tourismus in 13 M\u00e4rkten f\u00fcr vier Jahre.","og_url":"https:\/\/www.organisator.ch\/it\/marketing\/2025-01-24\/jung-von-matt-impact-wird-neue-sea-agentur-von-schweiz-tourismus\/","og_site_name":"Organisator","article_publisher":"https:\/\/www.facebook.com\/OrganisatorFachmagazin","article_published_time":"2025-01-24T09:07:22+00:00","author":"galledia","twitter_card":"summary_large_image","twitter_creator":"@admin","schema":{"@context":"https:\/\/schema.org","@graph":[{"@type":"Article","@id":"https:\/\/www.organisator.ch\/marketing\/2025-01-24\/jung-von-matt-impact-wird-neue-sea-agentur-von-schweiz-tourismus\/#article","isPartOf":{"@id":"https:\/\/www.organisator.ch\/marketing\/2025-01-24\/jung-von-matt-impact-wird-neue-sea-agentur-von-schweiz-tourismus\/"},"author":{"name":"galledia","@id":"https:\/\/www.organisator.ch\/#\/schema\/person\/4e51799071cd2dd1232ac003643ef5f0"},"headline":"Jung von Matt Impact wird neue SEA-Agentur von Schweiz Tourismus","datePublished":"2025-01-24T09:07:22+00:00","mainEntityOfPage":{"@id":"https:\/\/www.organisator.ch\/marketing\/2025-01-24\/jung-von-matt-impact-wird-neue-sea-agentur-von-schweiz-tourismus\/"},"wordCount":127,"publisher":{"@id":"https:\/\/www.organisator.ch\/#organization"},"image":{"@id":"https:\/\/www.organisator.ch\/marketing\/2025-01-24\/jung-von-matt-impact-wird-neue-sea-agentur-von-schweiz-tourismus\/#primaryimage"},"thumbnailUrl":"https:\/\/www.markt-kom.com\/wp-content\/uploads\/2025\/01\/250122_STxJvM_Statisch_16x9_Draft_V01.jpg","keywords":["Etats","Jung von Matt Impact","Schweiz Tourismus"],"articleSection":["MARKETING"],"inLanguage":"it-IT"},{"@type":"WebPage","@id":"https:\/\/www.organisator.ch\/marketing\/2025-01-24\/jung-von-matt-impact-wird-neue-sea-agentur-von-schweiz-tourismus\/","url":"https:\/\/www.organisator.ch\/marketing\/2025-01-24\/jung-von-matt-impact-wird-neue-sea-agentur-von-schweiz-tourismus\/","name":"Jung von Matt Impact diventa la nuova agenzia SEA di Svizzera Turismo - Organizzatore","isPartOf":{"@id":"https:\/\/www.organisator.ch\/#website"},"primaryImageOfPage":{"@id":"https:\/\/www.organisator.ch\/marketing\/2025-01-24\/jung-von-matt-impact-wird-neue-sea-agentur-von-schweiz-tourismus\/#primaryimage"},"image":{"@id":"https:\/\/www.organisator.ch\/marketing\/2025-01-24\/jung-von-matt-impact-wird-neue-sea-agentur-von-schweiz-tourismus\/#primaryimage"},"thumbnailUrl":"https:\/\/www.markt-kom.com\/wp-content\/uploads\/2025\/01\/250122_STxJvM_Statisch_16x9_Draft_V01.jpg","datePublished":"2025-01-24T09:07:22+00:00","description":"Jung von Matt Impact si occuper\u00e0 per quattro anni della gestione delle campagne di ricerca internazionali di Svizzera Turismo in 13 mercati.","breadcrumb":{"@id":"https:\/\/www.organisator.ch\/marketing\/2025-01-24\/jung-von-matt-impact-wird-neue-sea-agentur-von-schweiz-tourismus\/#breadcrumb"},"inLanguage":"it-IT","potentialAction":[{"@type":"ReadAction","target":["https:\/\/www.organisator.ch\/marketing\/2025-01-24\/jung-von-matt-impact-wird-neue-sea-agentur-von-schweiz-tourismus\/"]}]},{"@type":"ImageObject","inLanguage":"it-IT","@id":"https:\/\/www.organisator.ch\/marketing\/2025-01-24\/jung-von-matt-impact-wird-neue-sea-agentur-von-schweiz-tourismus\/#primaryimage","url":"https:\/\/www.markt-kom.com\/wp-content\/uploads\/2025\/01\/250122_STxJvM_Statisch_16x9_Draft_V01.jpg","contentUrl":"https:\/\/www.markt-kom.com\/wp-content\/uploads\/2025\/01\/250122_STxJvM_Statisch_16x9_Draft_V01.jpg"},{"@type":"BreadcrumbList","@id":"https:\/\/www.organisator.ch\/marketing\/2025-01-24\/jung-von-matt-impact-wird-neue-sea-agentur-von-schweiz-tourismus\/#breadcrumb","itemListElement":[{"@type":"ListItem","position":1,"name":"Home","item":"https:\/\/www.organisator.ch\/"},{"@type":"ListItem","position":2,"name":"Jung von Matt Impact wird neue SEA-Agentur von Schweiz Tourismus"}]},{"@type":"WebSite","@id":"https:\/\/www.organisator.ch\/#website","url":"https:\/\/www.organisator.ch\/","name":"Organizzatore","description":"Competente. Pratico. In 10 numeri all'anno, ORGANISATOR presenta i temi essenziali per i manager delle PMI.","publisher":{"@id":"https:\/\/www.organisator.ch\/#organization"},"potentialAction":[{"@type":"SearchAction","target":{"@type":"EntryPoint","urlTemplate":"https:\/\/www.organisator.ch\/?s={search_term_string}"},"query-input":{"@type":"PropertyValueSpecification","valueRequired":true,"valueName":"search_term_string"}}],"inLanguage":"it-IT"},{"@type":"Organization","@id":"https:\/\/www.organisator.ch\/#organization","name":"Organizzatore","url":"https:\/\/www.organisator.ch\/","logo":{"@type":"ImageObject","inLanguage":"it-IT","@id":"https:\/\/www.organisator.ch\/#\/schema\/logo\/image\/","url":"https:\/\/www.organisator.ch\/wp-content\/uploads\/2022\/01\/Logo_Organisator_Website.png","contentUrl":"https:\/\/www.organisator.ch\/wp-content\/uploads\/2022\/01\/Logo_Organisator_Website.png","width":800,"height":77,"caption":"Organisator"},"image":{"@id":"https:\/\/www.organisator.ch\/#\/schema\/logo\/image\/"},"sameAs":["https:\/\/www.facebook.com\/OrganisatorFachmagazin","https:\/\/www.linkedin.com\/showcase\/organisator-das-magazin-fr-kmu","https:\/\/www.xing.com\/news\/pages\/organisator-ch-695","https:\/\/www.youtube.com\/channel\/UCGP2Sq0iWaZwT3BdIAQFYpw"]},{"@type":"Person","@id":"https:\/\/www.organisator.ch\/#\/schema\/person\/4e51799071cd2dd1232ac003643ef5f0","name":"galledia","image":{"@type":"ImageObject","inLanguage":"it-IT","@id":"https:\/\/secure.gravatar.com\/avatar\/78a7f90c01fc2bfc875782a0d4922b37cde2cf184ce347b91316d23cd7f69a36?s=96&d=mm&r=g","url":"https:\/\/secure.gravatar.com\/avatar\/78a7f90c01fc2bfc875782a0d4922b37cde2cf184ce347b91316d23cd7f69a36?s=96&d=mm&r=g","contentUrl":"https:\/\/secure.gravatar.com\/avatar\/78a7f90c01fc2bfc875782a0d4922b37cde2cf184ce347b91316d23cd7f69a36?s=96&d=mm&r=g","caption":"galledia"},"sameAs":["https:\/\/x.com\/admin"],"url":"https:\/\/www.organisator.ch\/it\/author\/galledia\/"}]}},"_links":{"self":[{"href":"https:\/\/www.organisator.ch\/it\/wp-json\/wp\/v2\/posts\/35505","targetHints":{"allow":["GET"]}}],"collection":[{"href":"https:\/\/www.organisator.ch\/it\/wp-json\/wp\/v2\/posts"}],"about":[{"href":"https:\/\/www.organisator.ch\/it\/wp-json\/wp\/v2\/types\/post"}],"author":[{"embeddable":true,"href":"https:\/\/www.organisator.ch\/it\/wp-json\/wp\/v2\/users\/8"}],"replies":[{"embeddable":true,"href":"https:\/\/www.organisator.ch\/it\/wp-json\/wp\/v2\/comments?post=35505"}],"version-history":[{"count":4,"href":"https:\/\/www.organisator.ch\/it\/wp-json\/wp\/v2\/posts\/35505\/revisions"}],"predecessor-version":[{"id":35528,"href":"https:\/\/www.organisator.ch\/it\/wp-json\/wp\/v2\/posts\/35505\/revisions\/35528"}],"wp:attachment":[{"href":"https:\/\/www.organisator.ch\/it\/wp-json\/wp\/v2\/media?parent=35505"}],"wp:term":[{"taxonomy":"category","embeddable":true,"href":"https:\/\/www.organisator.ch\/it\/wp-json\/wp\/v2\/categories?post=35505"},{"taxonomy":"post_tag","embeddable":true,"href":"https:\/\/www.organisator.ch\/it\/wp-json\/wp\/v2\/tags?post=35505"}],"curies":[{"name":"wp","href":"https:\/\/api.w.org\/{rel}","templated":true}]}}