{"id":35507,"date":"2025-01-24T08:20:18","date_gmt":"2025-01-24T07:20:18","guid":{"rendered":"https:\/\/www.markt-kom.com\/?p=229394"},"modified":"2025-01-24T08:50:49","modified_gmt":"2025-01-24T07:50:49","slug":"jobcloud-gruppe-marco-bertoli-wird-ceo-davide-villa-vrp","status":"publish","type":"post","link":"https:\/\/www.organisator.ch\/it\/marketing\/2025-01-24\/jobcloud-gruppe-marco-bertoli-wird-ceo-davide-villa-vrp\/","title":{"rendered":"Gruppo JobCloud: Marco Bertoli diventa CEO, Davide Villa VRP"},"content":{"rendered":"<figure id=\"attachment_229395\" class=\"wp-caption aligncenter\" style=\"width: 1200px;\" aria-describedby=\"caption-attachment-229395\"><a href=\"https:\/\/www.markt-kom.com\/wp-content\/uploads\/2025\/01\/jobcloud-villa-bertoli.jpg\"><img class=\"size-full wp-image-229395\" src=\"https:\/\/www.markt-kom.com\/wp-content\/uploads\/2025\/01\/jobcloud-villa-bertoli.jpg\" sizes=\"(max-width: 1200px) 100vw, 1200px\" srcset=\"https:\/\/www.markt-kom.com\/wp-content\/uploads\/2025\/01\/jobcloud-villa-bertoli.jpg 1200w, https:\/\/www.markt-kom.com\/wp-content\/uploads\/2025\/01\/jobcloud-villa-bertoli-600x314.jpg 600w, https:\/\/www.markt-kom.com\/wp-content\/uploads\/2025\/01\/jobcloud-villa-bertoli-1024x536.jpg 1024w, https:\/\/www.markt-kom.com\/wp-content\/uploads\/2025\/01\/jobcloud-villa-bertoli-768x402.jpg 768w, https:\/\/www.markt-kom.com\/wp-content\/uploads\/2025\/01\/jobcloud-villa-bertoli-18x9.jpg 18w, https:\/\/www.markt-kom.com\/wp-content\/uploads\/2025\/01\/jobcloud-villa-bertoli-334x175.jpg 334w, https:\/\/www.markt-kom.com\/wp-content\/uploads\/2025\/01\/jobcloud-villa-bertoli-669x350.jpg 669w, https:\/\/www.markt-kom.com\/wp-content\/uploads\/2025\/01\/jobcloud-villa-bertoli-1000x523.jpg 1000w\" alt=\"\" width=\"1200\" height=\"628\" \/><\/a>\r\n<figcaption id=\"caption-attachment-229395\" class=\"wp-caption-text\">(Immagine: zVg.)<\/figcaption>\r\n<\/figure>\r\n<p>Marco Bertoli vanta oltre 20 anni di esperienza nel settore del recruiting digitale, anche in diverse posizioni manageriali presso Monster, da ultimo come Regional Senior Vice President Central Europe. Prima di entrare in JobCloud come responsabile delle operazioni di vendita nel 2021, ha supportato il gruppo come consulente nell'integrazione del business pay-per-performance nel suo portafoglio principale.<\/p>\r\n<p>Davide Villa assumer\u00e0 la carica di Presidente del Consiglio di Amministrazione (CEO) di JobCloud a partire da febbraio 2025. In questo ruolo succede ad Axel Konjack, Head International Marketplaces e membro del Group Executive Board di Ringier, che entrer\u00e0 a far parte del Comitato degli azionisti del Gruppo JobCloud come Vice Presidente del Consiglio di Amministrazione insieme a Daniel M\u00f6nch, Chief Portfolio Officer e membro del Group Executive Board di TX Group.<br \/>\r\nVilla vanta un'esperienza pluriennale nel settore della gestione del reclutamento e del business delle piattaforme di lavoro. \u00c8 stato, tra l'altro, Presidente del Consiglio di Amministrazione di Jobs.ch, CEO di Monster Central and Eastern Europe, Chief Revenue Officer e Senior Vice President B2B di Xing, Direttore Marketing e Business Development di Idealjob e COO di Jobpilot.<\/p>","protected":false},"excerpt":{"rendered":"<p>Dal 1\u00b0 febbraio 2025 ci sar\u00e0 un cambio di leadership nel Gruppo JobCloud. Dopo dieci anni di successi, di cui sei come CEO, Davide Villa cede la direzione dell'azienda a Marco Bertoli, che dal dicembre 2021 ricopre il ruolo di Head of Sales and Service Operations di JobCloud.<\/p>","protected":false},"author":8,"featured_media":0,"comment_status":"closed","ping_status":"closed","sticky":false,"template":"","format":"standard","meta":{"_acf_changed":false,"_yoast_wpseo_focuskw":"F\u00fchrungswechsel JobCloud","_yoast_wpseo_metadesc":"F\u00fchrungswechsel bei JobCloud: Marco Bertoli \u00fcbernimmt ab Februar 2025 die CEO-Position, w\u00e4hrend Davide Villa Verwaltungsratspr\u00e4sident wird.","articlekey":"","footnotes":""},"categories":[29],"tags":[4345,2853,5039],"class_list":["post-35507","post","type-post","status-publish","format-standard","hentry","category-marketing","tag-business","tag-jobchange","tag-jobcloud"],"acf":[],"yoast_head":"<!-- This site is optimized with the Yoast SEO plugin v27.5 - https:\/\/yoast.com\/product\/yoast-seo-wordpress\/ -->\n<title>JobCloud-Gruppe: Marco Bertoli wird CEO, Davide Villa VRP - Organisator<\/title>\n<meta name=\"description\" content=\"F\u00fchrungswechsel bei JobCloud: Marco Bertoli \u00fcbernimmt ab Februar 2025 die CEO-Position, w\u00e4hrend Davide Villa Verwaltungsratspr\u00e4sident wird.\" \/>\n<meta name=\"robots\" content=\"index, follow, max-snippet:-1, max-image-preview:large, max-video-preview:-1\" \/>\n<link rel=\"canonical\" href=\"https:\/\/www.organisator.ch\/it\/marketing\/2025-01-24\/jobcloud-gruppe-marco-bertoli-wird-ceo-davide-villa-vrp\/\" \/>\n<meta property=\"og:locale\" content=\"it_IT\" \/>\n<meta property=\"og:type\" content=\"article\" \/>\n<meta property=\"og:title\" content=\"JobCloud-Gruppe: Marco Bertoli wird CEO, Davide Villa VRP - Organisator\" \/>\n<meta property=\"og:description\" content=\"F\u00fchrungswechsel bei JobCloud: Marco Bertoli \u00fcbernimmt ab Februar 2025 die CEO-Position, w\u00e4hrend Davide Villa Verwaltungsratspr\u00e4sident wird.\" \/>\n<meta property=\"og:url\" content=\"https:\/\/www.organisator.ch\/it\/marketing\/2025-01-24\/jobcloud-gruppe-marco-bertoli-wird-ceo-davide-villa-vrp\/\" \/>\n<meta property=\"og:site_name\" content=\"Organisator\" \/>\n<meta property=\"article:publisher\" content=\"https:\/\/www.facebook.com\/OrganisatorFachmagazin\" \/>\n<meta property=\"article:published_time\" content=\"2025-01-24T07:20:18+00:00\" \/>\n<meta property=\"article:modified_time\" content=\"2025-01-24T07:50:49+00:00\" \/>\n<meta name=\"author\" content=\"galledia\" \/>\n<meta name=\"twitter:card\" content=\"summary_large_image\" \/>\n<meta name=\"twitter:creator\" content=\"@admin\" \/>\n<script type=\"application\/ld+json\" class=\"yoast-schema-graph\">{\"@context\":\"https:\\\/\\\/schema.org\",\"@graph\":[{\"@type\":\"Article\",\"@id\":\"https:\\\/\\\/www.organisator.ch\\\/marketing\\\/2025-01-24\\\/jobcloud-gruppe-marco-bertoli-wird-ceo-davide-villa-vrp\\\/#article\",\"isPartOf\":{\"@id\":\"https:\\\/\\\/www.organisator.ch\\\/marketing\\\/2025-01-24\\\/jobcloud-gruppe-marco-bertoli-wird-ceo-davide-villa-vrp\\\/\"},\"author\":{\"name\":\"galledia\",\"@id\":\"https:\\\/\\\/www.organisator.ch\\\/#\\\/schema\\\/person\\\/4e51799071cd2dd1232ac003643ef5f0\"},\"headline\":\"JobCloud-Gruppe: Marco Bertoli wird CEO, Davide Villa VRP\",\"datePublished\":\"2025-01-24T07:20:18+00:00\",\"dateModified\":\"2025-01-24T07:50:49+00:00\",\"mainEntityOfPage\":{\"@id\":\"https:\\\/\\\/www.organisator.ch\\\/marketing\\\/2025-01-24\\\/jobcloud-gruppe-marco-bertoli-wird-ceo-davide-villa-vrp\\\/\"},\"wordCount\":171,\"publisher\":{\"@id\":\"https:\\\/\\\/www.organisator.ch\\\/#organization\"},\"image\":{\"@id\":\"https:\\\/\\\/www.organisator.ch\\\/marketing\\\/2025-01-24\\\/jobcloud-gruppe-marco-bertoli-wird-ceo-davide-villa-vrp\\\/#primaryimage\"},\"thumbnailUrl\":\"https:\\\/\\\/www.markt-kom.com\\\/wp-content\\\/uploads\\\/2025\\\/01\\\/jobcloud-villa-bertoli.jpg\",\"keywords\":[\"Business\",\"Jobchange\",\"Jobcloud\"],\"articleSection\":[\"MARKETING\"],\"inLanguage\":\"it-IT\"},{\"@type\":\"WebPage\",\"@id\":\"https:\\\/\\\/www.organisator.ch\\\/marketing\\\/2025-01-24\\\/jobcloud-gruppe-marco-bertoli-wird-ceo-davide-villa-vrp\\\/\",\"url\":\"https:\\\/\\\/www.organisator.ch\\\/marketing\\\/2025-01-24\\\/jobcloud-gruppe-marco-bertoli-wird-ceo-davide-villa-vrp\\\/\",\"name\":\"JobCloud-Gruppe: Marco Bertoli wird CEO, Davide Villa VRP - Organisator\",\"isPartOf\":{\"@id\":\"https:\\\/\\\/www.organisator.ch\\\/#website\"},\"primaryImageOfPage\":{\"@id\":\"https:\\\/\\\/www.organisator.ch\\\/marketing\\\/2025-01-24\\\/jobcloud-gruppe-marco-bertoli-wird-ceo-davide-villa-vrp\\\/#primaryimage\"},\"image\":{\"@id\":\"https:\\\/\\\/www.organisator.ch\\\/marketing\\\/2025-01-24\\\/jobcloud-gruppe-marco-bertoli-wird-ceo-davide-villa-vrp\\\/#primaryimage\"},\"thumbnailUrl\":\"https:\\\/\\\/www.markt-kom.com\\\/wp-content\\\/uploads\\\/2025\\\/01\\\/jobcloud-villa-bertoli.jpg\",\"datePublished\":\"2025-01-24T07:20:18+00:00\",\"dateModified\":\"2025-01-24T07:50:49+00:00\",\"description\":\"F\u00fchrungswechsel bei JobCloud: Marco Bertoli \u00fcbernimmt ab Februar 2025 die CEO-Position, w\u00e4hrend Davide Villa Verwaltungsratspr\u00e4sident wird.\",\"breadcrumb\":{\"@id\":\"https:\\\/\\\/www.organisator.ch\\\/marketing\\\/2025-01-24\\\/jobcloud-gruppe-marco-bertoli-wird-ceo-davide-villa-vrp\\\/#breadcrumb\"},\"inLanguage\":\"it-IT\",\"potentialAction\":[{\"@type\":\"ReadAction\",\"target\":[\"https:\\\/\\\/www.organisator.ch\\\/marketing\\\/2025-01-24\\\/jobcloud-gruppe-marco-bertoli-wird-ceo-davide-villa-vrp\\\/\"]}]},{\"@type\":\"ImageObject\",\"inLanguage\":\"it-IT\",\"@id\":\"https:\\\/\\\/www.organisator.ch\\\/marketing\\\/2025-01-24\\\/jobcloud-gruppe-marco-bertoli-wird-ceo-davide-villa-vrp\\\/#primaryimage\",\"url\":\"https:\\\/\\\/www.markt-kom.com\\\/wp-content\\\/uploads\\\/2025\\\/01\\\/jobcloud-villa-bertoli.jpg\",\"contentUrl\":\"https:\\\/\\\/www.markt-kom.com\\\/wp-content\\\/uploads\\\/2025\\\/01\\\/jobcloud-villa-bertoli.jpg\"},{\"@type\":\"BreadcrumbList\",\"@id\":\"https:\\\/\\\/www.organisator.ch\\\/marketing\\\/2025-01-24\\\/jobcloud-gruppe-marco-bertoli-wird-ceo-davide-villa-vrp\\\/#breadcrumb\",\"itemListElement\":[{\"@type\":\"ListItem\",\"position\":1,\"name\":\"Home\",\"item\":\"https:\\\/\\\/www.organisator.ch\\\/\"},{\"@type\":\"ListItem\",\"position\":2,\"name\":\"JobCloud-Gruppe: Marco Bertoli wird CEO, Davide Villa VRP\"}]},{\"@type\":\"WebSite\",\"@id\":\"https:\\\/\\\/www.organisator.ch\\\/#website\",\"url\":\"https:\\\/\\\/www.organisator.ch\\\/\",\"name\":\"Organisator\",\"description\":\"Kompetent. Praxisnah. Der ORGANISATOR bereitet in 10 Ausgaben pro Jahr die wesentlichen Themen f\u00fcr F\u00fchrungskr\u00e4fte von KMU auf.\",\"publisher\":{\"@id\":\"https:\\\/\\\/www.organisator.ch\\\/#organization\"},\"potentialAction\":[{\"@type\":\"SearchAction\",\"target\":{\"@type\":\"EntryPoint\",\"urlTemplate\":\"https:\\\/\\\/www.organisator.ch\\\/?s={search_term_string}\"},\"query-input\":{\"@type\":\"PropertyValueSpecification\",\"valueRequired\":true,\"valueName\":\"search_term_string\"}}],\"inLanguage\":\"it-IT\"},{\"@type\":\"Organization\",\"@id\":\"https:\\\/\\\/www.organisator.ch\\\/#organization\",\"name\":\"Organisator\",\"url\":\"https:\\\/\\\/www.organisator.ch\\\/\",\"logo\":{\"@type\":\"ImageObject\",\"inLanguage\":\"it-IT\",\"@id\":\"https:\\\/\\\/www.organisator.ch\\\/#\\\/schema\\\/logo\\\/image\\\/\",\"url\":\"https:\\\/\\\/www.organisator.ch\\\/wp-content\\\/uploads\\\/2022\\\/01\\\/Logo_Organisator_Website.png\",\"contentUrl\":\"https:\\\/\\\/www.organisator.ch\\\/wp-content\\\/uploads\\\/2022\\\/01\\\/Logo_Organisator_Website.png\",\"width\":800,\"height\":77,\"caption\":\"Organisator\"},\"image\":{\"@id\":\"https:\\\/\\\/www.organisator.ch\\\/#\\\/schema\\\/logo\\\/image\\\/\"},\"sameAs\":[\"https:\\\/\\\/www.facebook.com\\\/OrganisatorFachmagazin\",\"https:\\\/\\\/www.linkedin.com\\\/showcase\\\/organisator-das-magazin-fr-kmu\",\"https:\\\/\\\/www.xing.com\\\/news\\\/pages\\\/organisator-ch-695\",\"https:\\\/\\\/www.youtube.com\\\/channel\\\/UCGP2Sq0iWaZwT3BdIAQFYpw\"]},{\"@type\":\"Person\",\"@id\":\"https:\\\/\\\/www.organisator.ch\\\/#\\\/schema\\\/person\\\/4e51799071cd2dd1232ac003643ef5f0\",\"name\":\"galledia\",\"image\":{\"@type\":\"ImageObject\",\"inLanguage\":\"it-IT\",\"@id\":\"https:\\\/\\\/secure.gravatar.com\\\/avatar\\\/78a7f90c01fc2bfc875782a0d4922b37cde2cf184ce347b91316d23cd7f69a36?s=96&d=mm&r=g\",\"url\":\"https:\\\/\\\/secure.gravatar.com\\\/avatar\\\/78a7f90c01fc2bfc875782a0d4922b37cde2cf184ce347b91316d23cd7f69a36?s=96&d=mm&r=g\",\"contentUrl\":\"https:\\\/\\\/secure.gravatar.com\\\/avatar\\\/78a7f90c01fc2bfc875782a0d4922b37cde2cf184ce347b91316d23cd7f69a36?s=96&d=mm&r=g\",\"caption\":\"galledia\"},\"sameAs\":[\"https:\\\/\\\/x.com\\\/admin\"],\"url\":\"https:\\\/\\\/www.organisator.ch\\\/it\\\/author\\\/galledia\\\/\"}]}<\/script>\n<!-- \/ Yoast SEO plugin. -->","yoast_head_json":{"title":"Gruppo JobCloud: Marco Bertoli diventa CEO, Davide Villa VRP - Organizzatore","description":"Cambio di leadership in JobCloud: Marco Bertoli assumer\u00e0 la carica di CEO da febbraio 2025, mentre Davide Villa diventer\u00e0 Presidente del Consiglio di Amministrazione.","robots":{"index":"index","follow":"follow","max-snippet":"max-snippet:-1","max-image-preview":"max-image-preview:large","max-video-preview":"max-video-preview:-1"},"canonical":"https:\/\/www.organisator.ch\/it\/marketing\/2025-01-24\/jobcloud-gruppe-marco-bertoli-wird-ceo-davide-villa-vrp\/","og_locale":"it_IT","og_type":"article","og_title":"JobCloud-Gruppe: Marco Bertoli wird CEO, Davide Villa VRP - Organisator","og_description":"F\u00fchrungswechsel bei JobCloud: Marco Bertoli \u00fcbernimmt ab Februar 2025 die CEO-Position, w\u00e4hrend Davide Villa Verwaltungsratspr\u00e4sident wird.","og_url":"https:\/\/www.organisator.ch\/it\/marketing\/2025-01-24\/jobcloud-gruppe-marco-bertoli-wird-ceo-davide-villa-vrp\/","og_site_name":"Organisator","article_publisher":"https:\/\/www.facebook.com\/OrganisatorFachmagazin","article_published_time":"2025-01-24T07:20:18+00:00","article_modified_time":"2025-01-24T07:50:49+00:00","author":"galledia","twitter_card":"summary_large_image","twitter_creator":"@admin","schema":{"@context":"https:\/\/schema.org","@graph":[{"@type":"Article","@id":"https:\/\/www.organisator.ch\/marketing\/2025-01-24\/jobcloud-gruppe-marco-bertoli-wird-ceo-davide-villa-vrp\/#article","isPartOf":{"@id":"https:\/\/www.organisator.ch\/marketing\/2025-01-24\/jobcloud-gruppe-marco-bertoli-wird-ceo-davide-villa-vrp\/"},"author":{"name":"galledia","@id":"https:\/\/www.organisator.ch\/#\/schema\/person\/4e51799071cd2dd1232ac003643ef5f0"},"headline":"JobCloud-Gruppe: Marco Bertoli wird CEO, Davide Villa VRP","datePublished":"2025-01-24T07:20:18+00:00","dateModified":"2025-01-24T07:50:49+00:00","mainEntityOfPage":{"@id":"https:\/\/www.organisator.ch\/marketing\/2025-01-24\/jobcloud-gruppe-marco-bertoli-wird-ceo-davide-villa-vrp\/"},"wordCount":171,"publisher":{"@id":"https:\/\/www.organisator.ch\/#organization"},"image":{"@id":"https:\/\/www.organisator.ch\/marketing\/2025-01-24\/jobcloud-gruppe-marco-bertoli-wird-ceo-davide-villa-vrp\/#primaryimage"},"thumbnailUrl":"https:\/\/www.markt-kom.com\/wp-content\/uploads\/2025\/01\/jobcloud-villa-bertoli.jpg","keywords":["Business","Jobchange","Jobcloud"],"articleSection":["MARKETING"],"inLanguage":"it-IT"},{"@type":"WebPage","@id":"https:\/\/www.organisator.ch\/marketing\/2025-01-24\/jobcloud-gruppe-marco-bertoli-wird-ceo-davide-villa-vrp\/","url":"https:\/\/www.organisator.ch\/marketing\/2025-01-24\/jobcloud-gruppe-marco-bertoli-wird-ceo-davide-villa-vrp\/","name":"Gruppo JobCloud: Marco Bertoli diventa CEO, Davide Villa VRP - Organizzatore","isPartOf":{"@id":"https:\/\/www.organisator.ch\/#website"},"primaryImageOfPage":{"@id":"https:\/\/www.organisator.ch\/marketing\/2025-01-24\/jobcloud-gruppe-marco-bertoli-wird-ceo-davide-villa-vrp\/#primaryimage"},"image":{"@id":"https:\/\/www.organisator.ch\/marketing\/2025-01-24\/jobcloud-gruppe-marco-bertoli-wird-ceo-davide-villa-vrp\/#primaryimage"},"thumbnailUrl":"https:\/\/www.markt-kom.com\/wp-content\/uploads\/2025\/01\/jobcloud-villa-bertoli.jpg","datePublished":"2025-01-24T07:20:18+00:00","dateModified":"2025-01-24T07:50:49+00:00","description":"Cambio di leadership in JobCloud: Marco Bertoli assumer\u00e0 la carica di CEO da febbraio 2025, mentre Davide Villa diventer\u00e0 Presidente del Consiglio di Amministrazione.","breadcrumb":{"@id":"https:\/\/www.organisator.ch\/marketing\/2025-01-24\/jobcloud-gruppe-marco-bertoli-wird-ceo-davide-villa-vrp\/#breadcrumb"},"inLanguage":"it-IT","potentialAction":[{"@type":"ReadAction","target":["https:\/\/www.organisator.ch\/marketing\/2025-01-24\/jobcloud-gruppe-marco-bertoli-wird-ceo-davide-villa-vrp\/"]}]},{"@type":"ImageObject","inLanguage":"it-IT","@id":"https:\/\/www.organisator.ch\/marketing\/2025-01-24\/jobcloud-gruppe-marco-bertoli-wird-ceo-davide-villa-vrp\/#primaryimage","url":"https:\/\/www.markt-kom.com\/wp-content\/uploads\/2025\/01\/jobcloud-villa-bertoli.jpg","contentUrl":"https:\/\/www.markt-kom.com\/wp-content\/uploads\/2025\/01\/jobcloud-villa-bertoli.jpg"},{"@type":"BreadcrumbList","@id":"https:\/\/www.organisator.ch\/marketing\/2025-01-24\/jobcloud-gruppe-marco-bertoli-wird-ceo-davide-villa-vrp\/#breadcrumb","itemListElement":[{"@type":"ListItem","position":1,"name":"Home","item":"https:\/\/www.organisator.ch\/"},{"@type":"ListItem","position":2,"name":"JobCloud-Gruppe: Marco Bertoli wird CEO, Davide Villa VRP"}]},{"@type":"WebSite","@id":"https:\/\/www.organisator.ch\/#website","url":"https:\/\/www.organisator.ch\/","name":"Organizzatore","description":"Competente. Pratico. In 10 numeri all'anno, ORGANISATOR presenta i temi essenziali per i manager delle PMI.","publisher":{"@id":"https:\/\/www.organisator.ch\/#organization"},"potentialAction":[{"@type":"SearchAction","target":{"@type":"EntryPoint","urlTemplate":"https:\/\/www.organisator.ch\/?s={search_term_string}"},"query-input":{"@type":"PropertyValueSpecification","valueRequired":true,"valueName":"search_term_string"}}],"inLanguage":"it-IT"},{"@type":"Organization","@id":"https:\/\/www.organisator.ch\/#organization","name":"Organizzatore","url":"https:\/\/www.organisator.ch\/","logo":{"@type":"ImageObject","inLanguage":"it-IT","@id":"https:\/\/www.organisator.ch\/#\/schema\/logo\/image\/","url":"https:\/\/www.organisator.ch\/wp-content\/uploads\/2022\/01\/Logo_Organisator_Website.png","contentUrl":"https:\/\/www.organisator.ch\/wp-content\/uploads\/2022\/01\/Logo_Organisator_Website.png","width":800,"height":77,"caption":"Organisator"},"image":{"@id":"https:\/\/www.organisator.ch\/#\/schema\/logo\/image\/"},"sameAs":["https:\/\/www.facebook.com\/OrganisatorFachmagazin","https:\/\/www.linkedin.com\/showcase\/organisator-das-magazin-fr-kmu","https:\/\/www.xing.com\/news\/pages\/organisator-ch-695","https:\/\/www.youtube.com\/channel\/UCGP2Sq0iWaZwT3BdIAQFYpw"]},{"@type":"Person","@id":"https:\/\/www.organisator.ch\/#\/schema\/person\/4e51799071cd2dd1232ac003643ef5f0","name":"galledia","image":{"@type":"ImageObject","inLanguage":"it-IT","@id":"https:\/\/secure.gravatar.com\/avatar\/78a7f90c01fc2bfc875782a0d4922b37cde2cf184ce347b91316d23cd7f69a36?s=96&d=mm&r=g","url":"https:\/\/secure.gravatar.com\/avatar\/78a7f90c01fc2bfc875782a0d4922b37cde2cf184ce347b91316d23cd7f69a36?s=96&d=mm&r=g","contentUrl":"https:\/\/secure.gravatar.com\/avatar\/78a7f90c01fc2bfc875782a0d4922b37cde2cf184ce347b91316d23cd7f69a36?s=96&d=mm&r=g","caption":"galledia"},"sameAs":["https:\/\/x.com\/admin"],"url":"https:\/\/www.organisator.ch\/it\/author\/galledia\/"}]}},"_links":{"self":[{"href":"https:\/\/www.organisator.ch\/it\/wp-json\/wp\/v2\/posts\/35507","targetHints":{"allow":["GET"]}}],"collection":[{"href":"https:\/\/www.organisator.ch\/it\/wp-json\/wp\/v2\/posts"}],"about":[{"href":"https:\/\/www.organisator.ch\/it\/wp-json\/wp\/v2\/types\/post"}],"author":[{"embeddable":true,"href":"https:\/\/www.organisator.ch\/it\/wp-json\/wp\/v2\/users\/8"}],"replies":[{"embeddable":true,"href":"https:\/\/www.organisator.ch\/it\/wp-json\/wp\/v2\/comments?post=35507"}],"version-history":[{"count":3,"href":"https:\/\/www.organisator.ch\/it\/wp-json\/wp\/v2\/posts\/35507\/revisions"}],"predecessor-version":[{"id":35526,"href":"https:\/\/www.organisator.ch\/it\/wp-json\/wp\/v2\/posts\/35507\/revisions\/35526"}],"wp:attachment":[{"href":"https:\/\/www.organisator.ch\/it\/wp-json\/wp\/v2\/media?parent=35507"}],"wp:term":[{"taxonomy":"category","embeddable":true,"href":"https:\/\/www.organisator.ch\/it\/wp-json\/wp\/v2\/categories?post=35507"},{"taxonomy":"post_tag","embeddable":true,"href":"https:\/\/www.organisator.ch\/it\/wp-json\/wp\/v2\/tags?post=35507"}],"curies":[{"name":"wp","href":"https:\/\/api.w.org\/{rel}","templated":true}]}}