{"id":35516,"date":"2025-01-24T07:24:45","date_gmt":"2025-01-24T06:24:45","guid":{"rendered":"https:\/\/www.organisator.ch\/?p=35516"},"modified":"2025-01-24T07:24:45","modified_gmt":"2025-01-24T06:24:45","slug":"pizolbahnen-und-ceo-reto-staub-gehen-getrennte-wege","status":"publish","type":"post","link":"https:\/\/www.organisator.ch\/it\/management\/2025-01-24\/pizolbahnen-und-ceo-reto-staub-gehen-getrennte-wege\/","title":{"rendered":"Le strade di Pizolbahnen e dell'amministratore delegato Reto Staub si dividono"},"content":{"rendered":"<figure id=\"attachment_35517\" aria-describedby=\"caption-attachment-35517\" style=\"width: 680px\" class=\"wp-caption alignnone\"><img loading=\"lazy\" decoding=\"async\" class=\"size-full wp-image-35517\" src=\"https:\/\/www.organisator.ch\/wp-content\/uploads\/2025\/01\/Pizolbahnen-und-CEO-Reto-Staub-gehen-getrennte-Wege_Organisator.jpg\" alt=\"\" width=\"680\" height=\"451\" srcset=\"https:\/\/www.organisator.ch\/wp-content\/uploads\/2025\/01\/Pizolbahnen-und-CEO-Reto-Staub-gehen-getrennte-Wege_Organisator.jpg 680w, https:\/\/www.organisator.ch\/wp-content\/uploads\/2025\/01\/Pizolbahnen-und-CEO-Reto-Staub-gehen-getrennte-Wege_Organisator-18x12.jpg 18w, https:\/\/www.organisator.ch\/wp-content\/uploads\/2025\/01\/Pizolbahnen-und-CEO-Reto-Staub-gehen-getrennte-Wege_Organisator-375x249.jpg 375w, https:\/\/www.organisator.ch\/wp-content\/uploads\/2025\/01\/Pizolbahnen-und-CEO-Reto-Staub-gehen-getrennte-Wege_Organisator-528x350.jpg 528w\" sizes=\"auto, (max-width: 680px) 100vw, 680px\" \/><figcaption id=\"caption-attachment-35517\" class=\"wp-caption-text\">Le Pizolbahnen hanno lasciato il loro CEO Reto Staub nel bel mezzo dell'alta stagione. (Immagine: Pizolbahnen AG)<\/figcaption><\/figure>\n<p>Pizolbahnen ha deciso di porre fine alla collaborazione con l'amministratore delegato Reto Staub con effetto immediato. La societ\u00e0 lo ha annunciato in un comunicato stampa gioved\u00ec 23 gennaio 2025. Ci sono state divergenze di opinione sulla gestione dell'azienda. Questo ha spinto il Consiglio di Amministrazione a prendere strade diverse in futuro. Secondo il comunicato, le considerazioni del Consiglio di Amministrazione si sono concentrate sul benessere e sullo sviluppo di Pizolbahnen.<\/p>\n<p>Reto Staub, originario di Bad Ragaz, ha assunto la carica di CEO solo poco meno di un anno fa, il 1\u00b0 febbraio 2024. Avrebbe dovuto guidare l'azienda ferroviaria di montagna in una nuova era \"con la sua esperienza e il suo spirito imprenditoriale\", ha dichiarato all'epoca Markus Oppliger, presidente del Consiglio di amministrazione. Durante il suo mandato, Reto Staub \u00e8 riuscito a imprimere nuovi e positivi accenti nei settori della progettazione dell'offerta e della ristorazione. Il Consiglio di amministrazione desidera ringraziare espressamente l'amministratore delegato uscente per il suo breve ma intenso impegno a favore di Pizolbahnen e gli augura ogni bene nella sua vita professionale e privata.<\/p>\n<p>Fino a quando non subentrer\u00e0 un successore, i singoli membri del Consiglio di amministrazione si occuperanno di alcuni dossier. In qualit\u00e0 di \"Amministratore delegato ad interim\", Markus Oppliger gestir\u00e0 le attivit\u00e0 operative insieme al team di gestione.<\/p>\n<p><em>Fonte e ulteriori informazioni: <a href=\"http:\/\/www.pizol.com\">Pizolbahnen AG<\/a><\/em><\/p>","protected":false},"excerpt":{"rendered":"<p>Un colpo di scena nel bel mezzo dell'alta stagione: Pizolbahnen si separa dal suo amministratore delegato Reto Staub. Il motivo della separazione \u00e8 una divergenza di opinioni sulla gestione dell'azienda.<\/p>","protected":false},"author":4,"featured_media":35517,"comment_status":"closed","ping_status":"closed","sticky":false,"template":"","format":"standard","meta":{"_acf_changed":false,"_yoast_wpseo_focuskw":"Reto Staub","_yoast_wpseo_metadesc":"Die Pizolbahnen trennen sich von ihrem CEO Reto Staub wegen unterschiedlicher Auffassungen \u00fcber die Unternehmensf\u00fchrung.","articlekey":"","footnotes":""},"categories":[28],"tags":[335,381,2317,492],"class_list":["post-35516","post","type-post","status-publish","format-standard","has-post-thumbnail","hentry","category-management","tag-management-und-unternehmensfuehrung","tag-personalia","tag-tourismus","tag-unternehmen"],"acf":[],"yoast_head":"<!-- This site is optimized with the Yoast SEO plugin v27.5 - https:\/\/yoast.com\/product\/yoast-seo-wordpress\/ -->\n<title>Pizolbahnen und CEO Reto Staub gehen getrennte Wege - Organisator<\/title>\n<meta name=\"description\" content=\"Die Pizolbahnen trennen sich von ihrem CEO Reto Staub wegen unterschiedlicher Auffassungen \u00fcber die Unternehmensf\u00fchrung.\" \/>\n<meta name=\"robots\" content=\"index, follow, max-snippet:-1, max-image-preview:large, max-video-preview:-1\" \/>\n<link rel=\"canonical\" href=\"https:\/\/www.organisator.ch\/it\/gestione-2\/2025-01-24\/pizolbahnen-und-ceo-reto-staub-gehen-getrennte-wege\/\" \/>\n<meta property=\"og:locale\" content=\"it_IT\" \/>\n<meta property=\"og:type\" content=\"article\" \/>\n<meta property=\"og:title\" content=\"Pizolbahnen und CEO Reto Staub gehen getrennte Wege\" \/>\n<meta property=\"og:description\" content=\"Die Pizolbahnen trennen sich von ihrem CEO Reto Staub wegen unterschiedlicher Auffassungen \u00fcber die Unternehmensf\u00fchrung.\" \/>\n<meta property=\"og:url\" content=\"https:\/\/www.organisator.ch\/it\/gestione-2\/2025-01-24\/pizolbahnen-und-ceo-reto-staub-gehen-getrennte-wege\/\" \/>\n<meta property=\"og:site_name\" content=\"Organisator\" \/>\n<meta property=\"article:publisher\" content=\"https:\/\/www.facebook.com\/OrganisatorFachmagazin\" \/>\n<meta property=\"article:published_time\" content=\"2025-01-24T06:24:45+00:00\" \/>\n<meta property=\"og:image\" content=\"https:\/\/www.organisator.ch\/wp-content\/uploads\/2025\/01\/Pizolbahnen-und-CEO-Reto-Staub-gehen-getrennte-Wege_Organisator.jpg\" \/>\n\t<meta property=\"og:image:width\" content=\"680\" \/>\n\t<meta property=\"og:image:height\" content=\"451\" \/>\n\t<meta property=\"og:image:type\" content=\"image\/jpeg\" \/>\n<meta name=\"author\" content=\"thomas.berner\" \/>\n<meta name=\"twitter:card\" content=\"summary_large_image\" \/>\n<meta name=\"twitter:title\" content=\"#Pizolbahnen und CEO Reto Staub gehen getrennte Wege\" \/>\n<meta name=\"twitter:description\" content=\"Die #Pizolbahnen trennen sich von ihrem CEO Reto Staub wegen unterschiedlicher Auffassungen \u00fcber die Unternehmensf\u00fchrung.\" \/>\n<meta name=\"twitter:image\" content=\"https:\/\/www.organisator.ch\/wp-content\/uploads\/2025\/01\/Pizolbahnen-und-CEO-Reto-Staub-gehen-getrennte-Wege_Organisator.jpg\" \/>\n<script type=\"application\/ld+json\" class=\"yoast-schema-graph\">{\"@context\":\"https:\\\/\\\/schema.org\",\"@graph\":[{\"@type\":\"Article\",\"@id\":\"https:\\\/\\\/www.organisator.ch\\\/management\\\/2025-01-24\\\/pizolbahnen-und-ceo-reto-staub-gehen-getrennte-wege\\\/#article\",\"isPartOf\":{\"@id\":\"https:\\\/\\\/www.organisator.ch\\\/management\\\/2025-01-24\\\/pizolbahnen-und-ceo-reto-staub-gehen-getrennte-wege\\\/\"},\"author\":{\"name\":\"thomas.berner\",\"@id\":\"https:\\\/\\\/www.organisator.ch\\\/#\\\/schema\\\/person\\\/6f650f90b2842cd4c0cc334b4e36f67e\"},\"headline\":\"Pizolbahnen und CEO Reto Staub gehen getrennte Wege\",\"datePublished\":\"2025-01-24T06:24:45+00:00\",\"mainEntityOfPage\":{\"@id\":\"https:\\\/\\\/www.organisator.ch\\\/management\\\/2025-01-24\\\/pizolbahnen-und-ceo-reto-staub-gehen-getrennte-wege\\\/\"},\"wordCount\":232,\"publisher\":{\"@id\":\"https:\\\/\\\/www.organisator.ch\\\/#organization\"},\"image\":{\"@id\":\"https:\\\/\\\/www.organisator.ch\\\/management\\\/2025-01-24\\\/pizolbahnen-und-ceo-reto-staub-gehen-getrennte-wege\\\/#primaryimage\"},\"thumbnailUrl\":\"https:\\\/\\\/www.organisator.ch\\\/wp-content\\\/uploads\\\/2025\\\/01\\\/Pizolbahnen-und-CEO-Reto-Staub-gehen-getrennte-Wege_Organisator.jpg\",\"keywords\":[\"Management und Unternehmensf\u00fchrung\",\"Personalia\",\"Tourismus\",\"Unternehmen\"],\"articleSection\":[\"MANAGEMENT\"],\"inLanguage\":\"it-IT\"},{\"@type\":\"WebPage\",\"@id\":\"https:\\\/\\\/www.organisator.ch\\\/management\\\/2025-01-24\\\/pizolbahnen-und-ceo-reto-staub-gehen-getrennte-wege\\\/\",\"url\":\"https:\\\/\\\/www.organisator.ch\\\/management\\\/2025-01-24\\\/pizolbahnen-und-ceo-reto-staub-gehen-getrennte-wege\\\/\",\"name\":\"Pizolbahnen und CEO Reto Staub gehen getrennte Wege - Organisator\",\"isPartOf\":{\"@id\":\"https:\\\/\\\/www.organisator.ch\\\/#website\"},\"primaryImageOfPage\":{\"@id\":\"https:\\\/\\\/www.organisator.ch\\\/management\\\/2025-01-24\\\/pizolbahnen-und-ceo-reto-staub-gehen-getrennte-wege\\\/#primaryimage\"},\"image\":{\"@id\":\"https:\\\/\\\/www.organisator.ch\\\/management\\\/2025-01-24\\\/pizolbahnen-und-ceo-reto-staub-gehen-getrennte-wege\\\/#primaryimage\"},\"thumbnailUrl\":\"https:\\\/\\\/www.organisator.ch\\\/wp-content\\\/uploads\\\/2025\\\/01\\\/Pizolbahnen-und-CEO-Reto-Staub-gehen-getrennte-Wege_Organisator.jpg\",\"datePublished\":\"2025-01-24T06:24:45+00:00\",\"description\":\"Die Pizolbahnen trennen sich von ihrem CEO Reto Staub wegen unterschiedlicher Auffassungen \u00fcber die Unternehmensf\u00fchrung.\",\"breadcrumb\":{\"@id\":\"https:\\\/\\\/www.organisator.ch\\\/management\\\/2025-01-24\\\/pizolbahnen-und-ceo-reto-staub-gehen-getrennte-wege\\\/#breadcrumb\"},\"inLanguage\":\"it-IT\",\"potentialAction\":[{\"@type\":\"ReadAction\",\"target\":[\"https:\\\/\\\/www.organisator.ch\\\/management\\\/2025-01-24\\\/pizolbahnen-und-ceo-reto-staub-gehen-getrennte-wege\\\/\"]}]},{\"@type\":\"ImageObject\",\"inLanguage\":\"it-IT\",\"@id\":\"https:\\\/\\\/www.organisator.ch\\\/management\\\/2025-01-24\\\/pizolbahnen-und-ceo-reto-staub-gehen-getrennte-wege\\\/#primaryimage\",\"url\":\"https:\\\/\\\/www.organisator.ch\\\/wp-content\\\/uploads\\\/2025\\\/01\\\/Pizolbahnen-und-CEO-Reto-Staub-gehen-getrennte-Wege_Organisator.jpg\",\"contentUrl\":\"https:\\\/\\\/www.organisator.ch\\\/wp-content\\\/uploads\\\/2025\\\/01\\\/Pizolbahnen-und-CEO-Reto-Staub-gehen-getrennte-Wege_Organisator.jpg\",\"width\":680,\"height\":451,\"caption\":\"Die Pizolbahnen haben sich mitten in der Hochsaison von ihrem CEO Reto Staub getrennt. (Bild: Pizolbahnen AG)\"},{\"@type\":\"BreadcrumbList\",\"@id\":\"https:\\\/\\\/www.organisator.ch\\\/management\\\/2025-01-24\\\/pizolbahnen-und-ceo-reto-staub-gehen-getrennte-wege\\\/#breadcrumb\",\"itemListElement\":[{\"@type\":\"ListItem\",\"position\":1,\"name\":\"Home\",\"item\":\"https:\\\/\\\/www.organisator.ch\\\/\"},{\"@type\":\"ListItem\",\"position\":2,\"name\":\"Pizolbahnen und CEO Reto Staub gehen getrennte Wege\"}]},{\"@type\":\"WebSite\",\"@id\":\"https:\\\/\\\/www.organisator.ch\\\/#website\",\"url\":\"https:\\\/\\\/www.organisator.ch\\\/\",\"name\":\"Organisator\",\"description\":\"Kompetent. Praxisnah. Der ORGANISATOR bereitet in 10 Ausgaben pro Jahr die wesentlichen Themen f\u00fcr F\u00fchrungskr\u00e4fte von KMU auf.\",\"publisher\":{\"@id\":\"https:\\\/\\\/www.organisator.ch\\\/#organization\"},\"potentialAction\":[{\"@type\":\"SearchAction\",\"target\":{\"@type\":\"EntryPoint\",\"urlTemplate\":\"https:\\\/\\\/www.organisator.ch\\\/?s={search_term_string}\"},\"query-input\":{\"@type\":\"PropertyValueSpecification\",\"valueRequired\":true,\"valueName\":\"search_term_string\"}}],\"inLanguage\":\"it-IT\"},{\"@type\":\"Organization\",\"@id\":\"https:\\\/\\\/www.organisator.ch\\\/#organization\",\"name\":\"Organisator\",\"url\":\"https:\\\/\\\/www.organisator.ch\\\/\",\"logo\":{\"@type\":\"ImageObject\",\"inLanguage\":\"it-IT\",\"@id\":\"https:\\\/\\\/www.organisator.ch\\\/#\\\/schema\\\/logo\\\/image\\\/\",\"url\":\"https:\\\/\\\/www.organisator.ch\\\/wp-content\\\/uploads\\\/2022\\\/01\\\/Logo_Organisator_Website.png\",\"contentUrl\":\"https:\\\/\\\/www.organisator.ch\\\/wp-content\\\/uploads\\\/2022\\\/01\\\/Logo_Organisator_Website.png\",\"width\":800,\"height\":77,\"caption\":\"Organisator\"},\"image\":{\"@id\":\"https:\\\/\\\/www.organisator.ch\\\/#\\\/schema\\\/logo\\\/image\\\/\"},\"sameAs\":[\"https:\\\/\\\/www.facebook.com\\\/OrganisatorFachmagazin\",\"https:\\\/\\\/www.linkedin.com\\\/showcase\\\/organisator-das-magazin-fr-kmu\",\"https:\\\/\\\/www.xing.com\\\/news\\\/pages\\\/organisator-ch-695\",\"https:\\\/\\\/www.youtube.com\\\/channel\\\/UCGP2Sq0iWaZwT3BdIAQFYpw\"]},{\"@type\":\"Person\",\"@id\":\"https:\\\/\\\/www.organisator.ch\\\/#\\\/schema\\\/person\\\/6f650f90b2842cd4c0cc334b4e36f67e\",\"name\":\"thomas.berner\",\"image\":{\"@type\":\"ImageObject\",\"inLanguage\":\"it-IT\",\"@id\":\"https:\\\/\\\/secure.gravatar.com\\\/avatar\\\/ac5001d2a36cb6c6cd3e50789007ffca834b477b74a2144564522e944eabff61?s=96&d=mm&r=g\",\"url\":\"https:\\\/\\\/secure.gravatar.com\\\/avatar\\\/ac5001d2a36cb6c6cd3e50789007ffca834b477b74a2144564522e944eabff61?s=96&d=mm&r=g\",\"contentUrl\":\"https:\\\/\\\/secure.gravatar.com\\\/avatar\\\/ac5001d2a36cb6c6cd3e50789007ffca834b477b74a2144564522e944eabff61?s=96&d=mm&r=g\",\"caption\":\"thomas.berner\"},\"url\":\"https:\\\/\\\/www.organisator.ch\\\/it\\\/author\\\/thomas-berner\\\/\"}]}<\/script>\n<!-- \/ Yoast SEO plugin. -->","yoast_head_json":{"title":"Le strade di Pizolbahnen e del CEO Reto Staub si separano - Organizzatore","description":"Pizolbahnen si separa dal suo amministratore delegato Reto Staub a causa di divergenze di opinione sulla gestione dell'azienda.","robots":{"index":"index","follow":"follow","max-snippet":"max-snippet:-1","max-image-preview":"max-image-preview:large","max-video-preview":"max-video-preview:-1"},"canonical":"https:\/\/www.organisator.ch\/it\/gestione-2\/2025-01-24\/pizolbahnen-und-ceo-reto-staub-gehen-getrennte-wege\/","og_locale":"it_IT","og_type":"article","og_title":"Pizolbahnen und CEO Reto Staub gehen getrennte Wege","og_description":"Die Pizolbahnen trennen sich von ihrem CEO Reto Staub wegen unterschiedlicher Auffassungen \u00fcber die Unternehmensf\u00fchrung.","og_url":"https:\/\/www.organisator.ch\/it\/gestione-2\/2025-01-24\/pizolbahnen-und-ceo-reto-staub-gehen-getrennte-wege\/","og_site_name":"Organisator","article_publisher":"https:\/\/www.facebook.com\/OrganisatorFachmagazin","article_published_time":"2025-01-24T06:24:45+00:00","og_image":[{"width":680,"height":451,"url":"https:\/\/www.organisator.ch\/wp-content\/uploads\/2025\/01\/Pizolbahnen-und-CEO-Reto-Staub-gehen-getrennte-Wege_Organisator.jpg","type":"image\/jpeg"}],"author":"thomas.berner","twitter_card":"summary_large_image","twitter_title":"#Pizolbahnen und CEO Reto Staub gehen getrennte Wege","twitter_description":"Die #Pizolbahnen trennen sich von ihrem CEO Reto Staub wegen unterschiedlicher Auffassungen \u00fcber die Unternehmensf\u00fchrung.","twitter_image":"https:\/\/www.organisator.ch\/wp-content\/uploads\/2025\/01\/Pizolbahnen-und-CEO-Reto-Staub-gehen-getrennte-Wege_Organisator.jpg","schema":{"@context":"https:\/\/schema.org","@graph":[{"@type":"Article","@id":"https:\/\/www.organisator.ch\/management\/2025-01-24\/pizolbahnen-und-ceo-reto-staub-gehen-getrennte-wege\/#article","isPartOf":{"@id":"https:\/\/www.organisator.ch\/management\/2025-01-24\/pizolbahnen-und-ceo-reto-staub-gehen-getrennte-wege\/"},"author":{"name":"thomas.berner","@id":"https:\/\/www.organisator.ch\/#\/schema\/person\/6f650f90b2842cd4c0cc334b4e36f67e"},"headline":"Pizolbahnen und CEO Reto Staub gehen getrennte Wege","datePublished":"2025-01-24T06:24:45+00:00","mainEntityOfPage":{"@id":"https:\/\/www.organisator.ch\/management\/2025-01-24\/pizolbahnen-und-ceo-reto-staub-gehen-getrennte-wege\/"},"wordCount":232,"publisher":{"@id":"https:\/\/www.organisator.ch\/#organization"},"image":{"@id":"https:\/\/www.organisator.ch\/management\/2025-01-24\/pizolbahnen-und-ceo-reto-staub-gehen-getrennte-wege\/#primaryimage"},"thumbnailUrl":"https:\/\/www.organisator.ch\/wp-content\/uploads\/2025\/01\/Pizolbahnen-und-CEO-Reto-Staub-gehen-getrennte-Wege_Organisator.jpg","keywords":["Management und Unternehmensf\u00fchrung","Personalia","Tourismus","Unternehmen"],"articleSection":["MANAGEMENT"],"inLanguage":"it-IT"},{"@type":"WebPage","@id":"https:\/\/www.organisator.ch\/management\/2025-01-24\/pizolbahnen-und-ceo-reto-staub-gehen-getrennte-wege\/","url":"https:\/\/www.organisator.ch\/management\/2025-01-24\/pizolbahnen-und-ceo-reto-staub-gehen-getrennte-wege\/","name":"Le strade di Pizolbahnen e del CEO Reto Staub si separano - Organizzatore","isPartOf":{"@id":"https:\/\/www.organisator.ch\/#website"},"primaryImageOfPage":{"@id":"https:\/\/www.organisator.ch\/management\/2025-01-24\/pizolbahnen-und-ceo-reto-staub-gehen-getrennte-wege\/#primaryimage"},"image":{"@id":"https:\/\/www.organisator.ch\/management\/2025-01-24\/pizolbahnen-und-ceo-reto-staub-gehen-getrennte-wege\/#primaryimage"},"thumbnailUrl":"https:\/\/www.organisator.ch\/wp-content\/uploads\/2025\/01\/Pizolbahnen-und-CEO-Reto-Staub-gehen-getrennte-Wege_Organisator.jpg","datePublished":"2025-01-24T06:24:45+00:00","description":"Pizolbahnen si separa dal suo amministratore delegato Reto Staub a causa di divergenze di opinione sulla gestione dell'azienda.","breadcrumb":{"@id":"https:\/\/www.organisator.ch\/management\/2025-01-24\/pizolbahnen-und-ceo-reto-staub-gehen-getrennte-wege\/#breadcrumb"},"inLanguage":"it-IT","potentialAction":[{"@type":"ReadAction","target":["https:\/\/www.organisator.ch\/management\/2025-01-24\/pizolbahnen-und-ceo-reto-staub-gehen-getrennte-wege\/"]}]},{"@type":"ImageObject","inLanguage":"it-IT","@id":"https:\/\/www.organisator.ch\/management\/2025-01-24\/pizolbahnen-und-ceo-reto-staub-gehen-getrennte-wege\/#primaryimage","url":"https:\/\/www.organisator.ch\/wp-content\/uploads\/2025\/01\/Pizolbahnen-und-CEO-Reto-Staub-gehen-getrennte-Wege_Organisator.jpg","contentUrl":"https:\/\/www.organisator.ch\/wp-content\/uploads\/2025\/01\/Pizolbahnen-und-CEO-Reto-Staub-gehen-getrennte-Wege_Organisator.jpg","width":680,"height":451,"caption":"Die Pizolbahnen haben sich mitten in der Hochsaison von ihrem CEO Reto Staub getrennt. (Bild: Pizolbahnen AG)"},{"@type":"BreadcrumbList","@id":"https:\/\/www.organisator.ch\/management\/2025-01-24\/pizolbahnen-und-ceo-reto-staub-gehen-getrennte-wege\/#breadcrumb","itemListElement":[{"@type":"ListItem","position":1,"name":"Home","item":"https:\/\/www.organisator.ch\/"},{"@type":"ListItem","position":2,"name":"Pizolbahnen und CEO Reto Staub gehen getrennte Wege"}]},{"@type":"WebSite","@id":"https:\/\/www.organisator.ch\/#website","url":"https:\/\/www.organisator.ch\/","name":"Organizzatore","description":"Competente. Pratico. In 10 numeri all'anno, ORGANISATOR presenta i temi essenziali per i manager delle PMI.","publisher":{"@id":"https:\/\/www.organisator.ch\/#organization"},"potentialAction":[{"@type":"SearchAction","target":{"@type":"EntryPoint","urlTemplate":"https:\/\/www.organisator.ch\/?s={search_term_string}"},"query-input":{"@type":"PropertyValueSpecification","valueRequired":true,"valueName":"search_term_string"}}],"inLanguage":"it-IT"},{"@type":"Organization","@id":"https:\/\/www.organisator.ch\/#organization","name":"Organizzatore","url":"https:\/\/www.organisator.ch\/","logo":{"@type":"ImageObject","inLanguage":"it-IT","@id":"https:\/\/www.organisator.ch\/#\/schema\/logo\/image\/","url":"https:\/\/www.organisator.ch\/wp-content\/uploads\/2022\/01\/Logo_Organisator_Website.png","contentUrl":"https:\/\/www.organisator.ch\/wp-content\/uploads\/2022\/01\/Logo_Organisator_Website.png","width":800,"height":77,"caption":"Organisator"},"image":{"@id":"https:\/\/www.organisator.ch\/#\/schema\/logo\/image\/"},"sameAs":["https:\/\/www.facebook.com\/OrganisatorFachmagazin","https:\/\/www.linkedin.com\/showcase\/organisator-das-magazin-fr-kmu","https:\/\/www.xing.com\/news\/pages\/organisator-ch-695","https:\/\/www.youtube.com\/channel\/UCGP2Sq0iWaZwT3BdIAQFYpw"]},{"@type":"Person","@id":"https:\/\/www.organisator.ch\/#\/schema\/person\/6f650f90b2842cd4c0cc334b4e36f67e","name":"Tommaso.berner","image":{"@type":"ImageObject","inLanguage":"it-IT","@id":"https:\/\/secure.gravatar.com\/avatar\/ac5001d2a36cb6c6cd3e50789007ffca834b477b74a2144564522e944eabff61?s=96&d=mm&r=g","url":"https:\/\/secure.gravatar.com\/avatar\/ac5001d2a36cb6c6cd3e50789007ffca834b477b74a2144564522e944eabff61?s=96&d=mm&r=g","contentUrl":"https:\/\/secure.gravatar.com\/avatar\/ac5001d2a36cb6c6cd3e50789007ffca834b477b74a2144564522e944eabff61?s=96&d=mm&r=g","caption":"thomas.berner"},"url":"https:\/\/www.organisator.ch\/it\/author\/thomas-berner\/"}]}},"_links":{"self":[{"href":"https:\/\/www.organisator.ch\/it\/wp-json\/wp\/v2\/posts\/35516","targetHints":{"allow":["GET"]}}],"collection":[{"href":"https:\/\/www.organisator.ch\/it\/wp-json\/wp\/v2\/posts"}],"about":[{"href":"https:\/\/www.organisator.ch\/it\/wp-json\/wp\/v2\/types\/post"}],"author":[{"embeddable":true,"href":"https:\/\/www.organisator.ch\/it\/wp-json\/wp\/v2\/users\/4"}],"replies":[{"embeddable":true,"href":"https:\/\/www.organisator.ch\/it\/wp-json\/wp\/v2\/comments?post=35516"}],"version-history":[{"count":2,"href":"https:\/\/www.organisator.ch\/it\/wp-json\/wp\/v2\/posts\/35516\/revisions"}],"predecessor-version":[{"id":35532,"href":"https:\/\/www.organisator.ch\/it\/wp-json\/wp\/v2\/posts\/35516\/revisions\/35532"}],"wp:featuredmedia":[{"embeddable":true,"href":"https:\/\/www.organisator.ch\/it\/wp-json\/wp\/v2\/media\/35517"}],"wp:attachment":[{"href":"https:\/\/www.organisator.ch\/it\/wp-json\/wp\/v2\/media?parent=35516"}],"wp:term":[{"taxonomy":"category","embeddable":true,"href":"https:\/\/www.organisator.ch\/it\/wp-json\/wp\/v2\/categories?post=35516"},{"taxonomy":"post_tag","embeddable":true,"href":"https:\/\/www.organisator.ch\/it\/wp-json\/wp\/v2\/tags?post=35516"}],"curies":[{"name":"wp","href":"https:\/\/api.w.org\/{rel}","templated":true}]}}