{"id":35536,"date":"2025-01-24T15:01:19","date_gmt":"2025-01-24T14:01:19","guid":{"rendered":"https:\/\/www.m-q.ch\/?p=20993"},"modified":"2025-01-24T15:14:22","modified_gmt":"2025-01-24T14:14:22","slug":"was-steht-auf-dem-programm-des-internationalen-metrologiekongresses-2025","status":"publish","type":"post","link":"https:\/\/www.organisator.ch\/it\/operational-excellence\/2025-01-24\/was-steht-auf-dem-programm-des-internationalen-metrologiekongresses-2025\/","title":{"rendered":"Qual \u00e8 il programma del Congresso Internazionale di Metrologia 2025?"},"content":{"rendered":"<figure id=\"attachment_20994\" class=\"wp-caption alignnone\" style=\"width: 680px;\" aria-describedby=\"caption-attachment-20994\"><img class=\"size-full wp-image-20994\" src=\"https:\/\/www.m-q.ch\/wp-content\/uploads\/2025\/01\/CIM_Bild1_ps.jpg\" sizes=\"(max-width: 680px) 100vw, 680px\" srcset=\"https:\/\/www.m-q.ch\/wp-content\/uploads\/2025\/01\/CIM_Bild1_ps.jpg 680w, https:\/\/www.m-q.ch\/wp-content\/uploads\/2025\/01\/CIM_Bild1_ps-18x10.jpg 18w, https:\/\/www.m-q.ch\/wp-content\/uploads\/2025\/01\/CIM_Bild1_ps-375x210.jpg 375w, https:\/\/www.m-q.ch\/wp-content\/uploads\/2025\/01\/CIM_Bild1_ps-625x350.jpg 625w\" alt=\"\" width=\"680\" height=\"381\" \/>\r\n<figcaption id=\"caption-attachment-20994\" class=\"wp-caption-text\">Il CIM 2025 di Lione mostra come la metrologia supporta la sostenibilit\u00e0. 200 presentazioni, workshop e networking vi aspettano. (Immagine: CFM)<\/figcaption>\r\n<\/figure>\r\n<p>La metrologia svolge un ruolo cruciale nell'affrontare le sfide ambientali e digitali di oggi. Quest'anno, l'attenzione si concentrer\u00e0 su come la metrologia pu\u00f2 sostenere la sostenibilit\u00e0 in numerose presentazioni orali e poster, nonch\u00e9 nella sessione plenaria principale del congresso. Inoltre, la digitalizzazione della metrologia, una delle maggiori sfide del prossimo decennio, sar\u00e0 affrontata in tre sessioni della conferenza e in tre tavole rotonde.<\/p>\r\n<p>\"Quest'anno abbiamo scelto il titolo \"Una nuova metrologia per un'industria e una societ\u00e0 sostenibili\" perch\u00e9 il programma evidenzia come la metrologia stia cambiando e come la nostra comunit\u00e0 stia cercando di trovare nuovi modi per contribuire alla sfida della sostenibilit\u00e0\", afferma Martin Milton, direttore del BIPM e presidente del CIM2025.<\/p>\r\n<h3><strong>Quattro giorni per iniziare al meglio<\/strong><\/h3>\r\n<p>Per quattro giorni, i partecipanti avranno l'opportunit\u00e0 di affrontare tutti i temi importanti della metrologia internazionale.<\/p>\r\n<p>L'obiettivo? Dare a ogni partecipante l'opportunit\u00e0 di trarre il massimo dall'evento, sia che si tratti di ampliare le proprie conoscenze, accrescere la propria rete di contatti o scoprire gli ultimi progressi tecnologici. Dalle ultime innovazioni in vari campi tecnici all'ottimizzazione dei processi di misurazione e qualit\u00e0, al CIM non si tralascia nulla.<\/p>\r\n<p>Questo numero celebra anche il 150\u00b0 anniversario della Convenzione del metro, una tappa storica da non perdere.<\/p>\r\n<h3><strong>Cosa c'\u00e8 nel programma?<\/strong><\/h3>\r\n<ul>\r\n\t<li>200 conferenze, suddivise in presentazioni orali e poster<\/li>\r\n\t<li>Cinque cicli di colloqui:\r\n\r\n<ul>\r\n\t<li>IoT e metrologia: verso un Internet della metrologia?<\/li>\r\n\t<li>Infrastrutture di qualit\u00e0 in un mondo digitale<\/li>\r\n\t<li>Combattere i nuovi inquinanti per un futuro pi\u00f9 sano<\/li>\r\n\t<li>Tecnologia dei sensori quantistici: la prossima rivoluzione industriale<\/li>\r\n\t<li>Metrologi: una specie in via di estinzione?<\/li>\r\n<\/ul>\r\n<\/li>\r\n\t<li>Sessione plenaria: \"Una nuova metrologia per un'industria e una societ\u00e0 sostenibili\".<\/li>\r\n\t<li>Workshop QI-DIGITAL: La metrologia nella trasformazione digitale dell'infrastruttura di qualit\u00e0 internazionale<\/li>\r\n\t<li>Corso breve: Garantire la tracciabilit\u00e0 delle misure nei laboratori ISO\/IEC 17 025 - Novit\u00e0 del 2025<\/li>\r\n\t<li>Numerose attivit\u00e0 di networking (coffee break, servizio catering, serata di gala, MyGI...)<\/li>\r\n\t<li>Il CFM Metrology Village, il luogo d'incontro ideale per espositori, partecipanti al congresso e visitatori.<\/li>\r\n<\/ul>\r\n<p>Quasi 800 m\u00b2 di spazio espositivo nel cuore dell'universo dell'industria della misurazione, del controllo, dell'elaborazione delle immagini e degli strumenti di misura <a href=\"https:\/\/www.cim-metrology.org\/en\/exhibition\/2025-exhibitor\">qui<\/a> l'elenco degli espositori.<\/p>\r\n<p>Tutte le presentazioni in loco si terranno in inglese. \u00c8 possibile trovare il programma completo <a href=\"https:\/\/www.cim-metrology.org\/en\/program-2025\">qui<\/a>.<\/p>\r\n<p>Il pubblico \u00e8 composto da 650 partecipanti provenienti da 45 Paesi:<\/p>\r\n<ul>\r\n\t<li>65 % rappresentano utenti finali di diversi settori industriali<\/li>\r\n\t<li>35 % da autorit\u00e0 e laboratori di ricerca<\/li>\r\n<\/ul>\r\n<h3><strong>Registrazione online ora possibile<\/strong><\/h3>\r\n<p>L'iscrizione comprende l'accesso al programma della conferenza CIM per 2 o 4 giorni, la possibilit\u00e0 di partecipare ai workshop, la possibilit\u00e0 di partecipare al gala presso Cique Imagine, il pranzo e il servizio di catering, l'accesso e la visita gratuiti al Global Industry Trade Show, il networking diretto e online, il servizio di guardaroba gratuito. <a href=\"https:\/\/registration.cim-metrology.org\/\">Alla registrazione.<\/a><\/p>\r\n<p><em><a href=\"https:\/\/www.cim-metrology.org\/en\/program-2025\">Ulteriori informazioni<\/a><\/em><\/p>\n<p class=\"syndicated-attribution\">Questo articolo \u00e8 apparso originariamente su m-q.ch - <a href=\"https:\/\/www.m-q.ch\/de\/was-steht-auf-dem-programm-des-internationalen-metrologiekongresses-2025\/\" target=\"_blank\">https:\/\/www.m-q.ch\/de\/was-steht-auf-dem-programm-des-internationalen-metrologiekongresses-2025\/<\/a><\/p>","protected":false},"excerpt":{"rendered":"<p>Il Congresso Internazionale di Metrologia (CIM) si terr\u00e0 per la 22a volta dall'11 al 14 marzo 2025 all'Eurexpo di Lione (Francia). Questo evento nel campo della metrologia e della metrologia si concentra sulle migliori pratiche industriali e sulla ricerca applicata nel campo dell'affidabilit\u00e0 dei dati di misura. Organizzato dal CFM (Coll\u00e8ge-Fran\u00e7ais de M\u00e9trologie), il Congresso CIM attira ogni anno quasi 650 partecipanti da 45 Paesi.<\/p>","protected":false},"author":80,"featured_media":0,"comment_status":"closed","ping_status":"closed","sticky":false,"template":"","format":"standard","meta":{"_acf_changed":false,"_yoast_wpseo_focuskw":"Internationaler Metrologiekongress","_yoast_wpseo_metadesc":"Der CIM 2025 in Lyon zeigt, wie Metrologie Nachhaltigkeit unterst\u00fctzt. 200 Vortr\u00e4ge, Workshops und Networking erwarten Sie.","articlekey":"","footnotes":""},"categories":[582],"tags":[4685,3527,1787,3824,605,5042],"class_list":["post-35536","post","type-post","status-publish","format-standard","hentry","category-operational-excellence","tag-cim","tag-metrologie","tag-nachhaltigkeit","tag-networking","tag-qualitaetsmanagement","tag-workshops"],"acf":[],"yoast_head":"<!-- This site is optimized with the Yoast SEO plugin v27.5 - https:\/\/yoast.com\/product\/yoast-seo-wordpress\/ -->\n<title>Was steht auf dem Programm des Internationalen Metrologiekongresses 2025? - Organisator<\/title>\n<meta name=\"description\" content=\"Der CIM 2025 in Lyon zeigt, wie Metrologie Nachhaltigkeit unterst\u00fctzt. 200 Vortr\u00e4ge, Workshops und Networking erwarten Sie.\" \/>\n<meta name=\"robots\" content=\"index, follow, max-snippet:-1, max-image-preview:large, max-video-preview:-1\" \/>\n<link rel=\"canonical\" href=\"https:\/\/www.organisator.ch\/it\/eccellenza-operativa\/2025-01-24\/was-steht-auf-dem-programm-des-internationalen-metrologiekongresses-2025\/\" \/>\n<meta property=\"og:locale\" content=\"it_IT\" \/>\n<meta property=\"og:type\" content=\"article\" \/>\n<meta property=\"og:title\" content=\"Was steht auf dem Programm des Internationalen Metrologiekongresses 2025? - Organisator\" \/>\n<meta property=\"og:description\" content=\"Der CIM 2025 in Lyon zeigt, wie Metrologie Nachhaltigkeit unterst\u00fctzt. 200 Vortr\u00e4ge, Workshops und Networking erwarten Sie.\" \/>\n<meta property=\"og:url\" content=\"https:\/\/www.organisator.ch\/it\/eccellenza-operativa\/2025-01-24\/was-steht-auf-dem-programm-des-internationalen-metrologiekongresses-2025\/\" \/>\n<meta property=\"og:site_name\" content=\"Organisator\" \/>\n<meta property=\"article:publisher\" content=\"https:\/\/www.facebook.com\/OrganisatorFachmagazin\" \/>\n<meta property=\"article:published_time\" content=\"2025-01-24T14:01:19+00:00\" \/>\n<meta property=\"article:modified_time\" content=\"2025-01-24T14:14:22+00:00\" \/>\n<meta name=\"author\" content=\"Dzana Muminovic\" \/>\n<meta name=\"twitter:card\" content=\"summary_large_image\" \/>\n<script type=\"application\/ld+json\" class=\"yoast-schema-graph\">{\"@context\":\"https:\\\/\\\/schema.org\",\"@graph\":[{\"@type\":\"Article\",\"@id\":\"https:\\\/\\\/www.organisator.ch\\\/operational-excellence\\\/2025-01-24\\\/was-steht-auf-dem-programm-des-internationalen-metrologiekongresses-2025\\\/#article\",\"isPartOf\":{\"@id\":\"https:\\\/\\\/www.organisator.ch\\\/operational-excellence\\\/2025-01-24\\\/was-steht-auf-dem-programm-des-internationalen-metrologiekongresses-2025\\\/\"},\"author\":{\"name\":\"Dzana Muminovic\",\"@id\":\"https:\\\/\\\/www.organisator.ch\\\/#\\\/schema\\\/person\\\/afccda3a71c06d4be2ed9100dd163db7\"},\"headline\":\"Was steht auf dem Programm des Internationalen Metrologiekongresses 2025?\",\"datePublished\":\"2025-01-24T14:01:19+00:00\",\"dateModified\":\"2025-01-24T14:14:22+00:00\",\"mainEntityOfPage\":{\"@id\":\"https:\\\/\\\/www.organisator.ch\\\/operational-excellence\\\/2025-01-24\\\/was-steht-auf-dem-programm-des-internationalen-metrologiekongresses-2025\\\/\"},\"wordCount\":466,\"publisher\":{\"@id\":\"https:\\\/\\\/www.organisator.ch\\\/#organization\"},\"image\":{\"@id\":\"https:\\\/\\\/www.organisator.ch\\\/operational-excellence\\\/2025-01-24\\\/was-steht-auf-dem-programm-des-internationalen-metrologiekongresses-2025\\\/#primaryimage\"},\"thumbnailUrl\":\"https:\\\/\\\/www.m-q.ch\\\/wp-content\\\/uploads\\\/2025\\\/01\\\/CIM_Bild1_ps.jpg\",\"keywords\":[\"CIM\",\"Metrologie\",\"Nachhaltigkeit\",\"Networking\",\"Qualit\u00e4tsmanagement\",\"Workshops\"],\"articleSection\":[\"OPERATIONAL EXCELLENCE\"],\"inLanguage\":\"it-IT\"},{\"@type\":\"WebPage\",\"@id\":\"https:\\\/\\\/www.organisator.ch\\\/operational-excellence\\\/2025-01-24\\\/was-steht-auf-dem-programm-des-internationalen-metrologiekongresses-2025\\\/\",\"url\":\"https:\\\/\\\/www.organisator.ch\\\/operational-excellence\\\/2025-01-24\\\/was-steht-auf-dem-programm-des-internationalen-metrologiekongresses-2025\\\/\",\"name\":\"Was steht auf dem Programm des Internationalen Metrologiekongresses 2025? - Organisator\",\"isPartOf\":{\"@id\":\"https:\\\/\\\/www.organisator.ch\\\/#website\"},\"primaryImageOfPage\":{\"@id\":\"https:\\\/\\\/www.organisator.ch\\\/operational-excellence\\\/2025-01-24\\\/was-steht-auf-dem-programm-des-internationalen-metrologiekongresses-2025\\\/#primaryimage\"},\"image\":{\"@id\":\"https:\\\/\\\/www.organisator.ch\\\/operational-excellence\\\/2025-01-24\\\/was-steht-auf-dem-programm-des-internationalen-metrologiekongresses-2025\\\/#primaryimage\"},\"thumbnailUrl\":\"https:\\\/\\\/www.m-q.ch\\\/wp-content\\\/uploads\\\/2025\\\/01\\\/CIM_Bild1_ps.jpg\",\"datePublished\":\"2025-01-24T14:01:19+00:00\",\"dateModified\":\"2025-01-24T14:14:22+00:00\",\"description\":\"Der CIM 2025 in Lyon zeigt, wie Metrologie Nachhaltigkeit unterst\u00fctzt. 200 Vortr\u00e4ge, Workshops und Networking erwarten Sie.\",\"breadcrumb\":{\"@id\":\"https:\\\/\\\/www.organisator.ch\\\/operational-excellence\\\/2025-01-24\\\/was-steht-auf-dem-programm-des-internationalen-metrologiekongresses-2025\\\/#breadcrumb\"},\"inLanguage\":\"it-IT\",\"potentialAction\":[{\"@type\":\"ReadAction\",\"target\":[\"https:\\\/\\\/www.organisator.ch\\\/operational-excellence\\\/2025-01-24\\\/was-steht-auf-dem-programm-des-internationalen-metrologiekongresses-2025\\\/\"]}]},{\"@type\":\"ImageObject\",\"inLanguage\":\"it-IT\",\"@id\":\"https:\\\/\\\/www.organisator.ch\\\/operational-excellence\\\/2025-01-24\\\/was-steht-auf-dem-programm-des-internationalen-metrologiekongresses-2025\\\/#primaryimage\",\"url\":\"https:\\\/\\\/www.m-q.ch\\\/wp-content\\\/uploads\\\/2025\\\/01\\\/CIM_Bild1_ps.jpg\",\"contentUrl\":\"https:\\\/\\\/www.m-q.ch\\\/wp-content\\\/uploads\\\/2025\\\/01\\\/CIM_Bild1_ps.jpg\"},{\"@type\":\"BreadcrumbList\",\"@id\":\"https:\\\/\\\/www.organisator.ch\\\/operational-excellence\\\/2025-01-24\\\/was-steht-auf-dem-programm-des-internationalen-metrologiekongresses-2025\\\/#breadcrumb\",\"itemListElement\":[{\"@type\":\"ListItem\",\"position\":1,\"name\":\"Home\",\"item\":\"https:\\\/\\\/www.organisator.ch\\\/\"},{\"@type\":\"ListItem\",\"position\":2,\"name\":\"Was steht auf dem Programm des Internationalen Metrologiekongresses 2025?\"}]},{\"@type\":\"WebSite\",\"@id\":\"https:\\\/\\\/www.organisator.ch\\\/#website\",\"url\":\"https:\\\/\\\/www.organisator.ch\\\/\",\"name\":\"Organisator\",\"description\":\"Kompetent. Praxisnah. Der ORGANISATOR bereitet in 10 Ausgaben pro Jahr die wesentlichen Themen f\u00fcr F\u00fchrungskr\u00e4fte von KMU auf.\",\"publisher\":{\"@id\":\"https:\\\/\\\/www.organisator.ch\\\/#organization\"},\"potentialAction\":[{\"@type\":\"SearchAction\",\"target\":{\"@type\":\"EntryPoint\",\"urlTemplate\":\"https:\\\/\\\/www.organisator.ch\\\/?s={search_term_string}\"},\"query-input\":{\"@type\":\"PropertyValueSpecification\",\"valueRequired\":true,\"valueName\":\"search_term_string\"}}],\"inLanguage\":\"it-IT\"},{\"@type\":\"Organization\",\"@id\":\"https:\\\/\\\/www.organisator.ch\\\/#organization\",\"name\":\"Organisator\",\"url\":\"https:\\\/\\\/www.organisator.ch\\\/\",\"logo\":{\"@type\":\"ImageObject\",\"inLanguage\":\"it-IT\",\"@id\":\"https:\\\/\\\/www.organisator.ch\\\/#\\\/schema\\\/logo\\\/image\\\/\",\"url\":\"https:\\\/\\\/www.organisator.ch\\\/wp-content\\\/uploads\\\/2022\\\/01\\\/Logo_Organisator_Website.png\",\"contentUrl\":\"https:\\\/\\\/www.organisator.ch\\\/wp-content\\\/uploads\\\/2022\\\/01\\\/Logo_Organisator_Website.png\",\"width\":800,\"height\":77,\"caption\":\"Organisator\"},\"image\":{\"@id\":\"https:\\\/\\\/www.organisator.ch\\\/#\\\/schema\\\/logo\\\/image\\\/\"},\"sameAs\":[\"https:\\\/\\\/www.facebook.com\\\/OrganisatorFachmagazin\",\"https:\\\/\\\/www.linkedin.com\\\/showcase\\\/organisator-das-magazin-fr-kmu\",\"https:\\\/\\\/www.xing.com\\\/news\\\/pages\\\/organisator-ch-695\",\"https:\\\/\\\/www.youtube.com\\\/channel\\\/UCGP2Sq0iWaZwT3BdIAQFYpw\"]},{\"@type\":\"Person\",\"@id\":\"https:\\\/\\\/www.organisator.ch\\\/#\\\/schema\\\/person\\\/afccda3a71c06d4be2ed9100dd163db7\",\"name\":\"Dzana Muminovic\",\"image\":{\"@type\":\"ImageObject\",\"inLanguage\":\"it-IT\",\"@id\":\"https:\\\/\\\/secure.gravatar.com\\\/avatar\\\/909c5c71aff4b38e88686f2ab2f1ba152571f394f41ed8bae431ea56ced93050?s=96&d=mm&r=g\",\"url\":\"https:\\\/\\\/secure.gravatar.com\\\/avatar\\\/909c5c71aff4b38e88686f2ab2f1ba152571f394f41ed8bae431ea56ced93050?s=96&d=mm&r=g\",\"contentUrl\":\"https:\\\/\\\/secure.gravatar.com\\\/avatar\\\/909c5c71aff4b38e88686f2ab2f1ba152571f394f41ed8bae431ea56ced93050?s=96&d=mm&r=g\",\"caption\":\"Dzana Muminovic\"},\"url\":\"https:\\\/\\\/www.organisator.ch\\\/it\\\/author\\\/dzana-muminovic\\\/\"}]}<\/script>\n<!-- \/ Yoast SEO plugin. -->","yoast_head_json":{"title":"Cosa c'\u00e8 nel programma del Congresso Internazionale di Metrologia 2025? - Organizzatore","description":"Il CIM 2025 di Lione mostra come la metrologia supporta la sostenibilit\u00e0. 200 presentazioni, workshop e networking vi aspettano.","robots":{"index":"index","follow":"follow","max-snippet":"max-snippet:-1","max-image-preview":"max-image-preview:large","max-video-preview":"max-video-preview:-1"},"canonical":"https:\/\/www.organisator.ch\/it\/eccellenza-operativa\/2025-01-24\/was-steht-auf-dem-programm-des-internationalen-metrologiekongresses-2025\/","og_locale":"it_IT","og_type":"article","og_title":"Was steht auf dem Programm des Internationalen Metrologiekongresses 2025? - Organisator","og_description":"Der CIM 2025 in Lyon zeigt, wie Metrologie Nachhaltigkeit unterst\u00fctzt. 200 Vortr\u00e4ge, Workshops und Networking erwarten Sie.","og_url":"https:\/\/www.organisator.ch\/it\/eccellenza-operativa\/2025-01-24\/was-steht-auf-dem-programm-des-internationalen-metrologiekongresses-2025\/","og_site_name":"Organisator","article_publisher":"https:\/\/www.facebook.com\/OrganisatorFachmagazin","article_published_time":"2025-01-24T14:01:19+00:00","article_modified_time":"2025-01-24T14:14:22+00:00","author":"Dzana Muminovic","twitter_card":"summary_large_image","schema":{"@context":"https:\/\/schema.org","@graph":[{"@type":"Article","@id":"https:\/\/www.organisator.ch\/operational-excellence\/2025-01-24\/was-steht-auf-dem-programm-des-internationalen-metrologiekongresses-2025\/#article","isPartOf":{"@id":"https:\/\/www.organisator.ch\/operational-excellence\/2025-01-24\/was-steht-auf-dem-programm-des-internationalen-metrologiekongresses-2025\/"},"author":{"name":"Dzana Muminovic","@id":"https:\/\/www.organisator.ch\/#\/schema\/person\/afccda3a71c06d4be2ed9100dd163db7"},"headline":"Was steht auf dem Programm des Internationalen Metrologiekongresses 2025?","datePublished":"2025-01-24T14:01:19+00:00","dateModified":"2025-01-24T14:14:22+00:00","mainEntityOfPage":{"@id":"https:\/\/www.organisator.ch\/operational-excellence\/2025-01-24\/was-steht-auf-dem-programm-des-internationalen-metrologiekongresses-2025\/"},"wordCount":466,"publisher":{"@id":"https:\/\/www.organisator.ch\/#organization"},"image":{"@id":"https:\/\/www.organisator.ch\/operational-excellence\/2025-01-24\/was-steht-auf-dem-programm-des-internationalen-metrologiekongresses-2025\/#primaryimage"},"thumbnailUrl":"https:\/\/www.m-q.ch\/wp-content\/uploads\/2025\/01\/CIM_Bild1_ps.jpg","keywords":["CIM","Metrologie","Nachhaltigkeit","Networking","Qualit\u00e4tsmanagement","Workshops"],"articleSection":["OPERATIONAL EXCELLENCE"],"inLanguage":"it-IT"},{"@type":"WebPage","@id":"https:\/\/www.organisator.ch\/operational-excellence\/2025-01-24\/was-steht-auf-dem-programm-des-internationalen-metrologiekongresses-2025\/","url":"https:\/\/www.organisator.ch\/operational-excellence\/2025-01-24\/was-steht-auf-dem-programm-des-internationalen-metrologiekongresses-2025\/","name":"Cosa c'\u00e8 nel programma del Congresso Internazionale di Metrologia 2025? - Organizzatore","isPartOf":{"@id":"https:\/\/www.organisator.ch\/#website"},"primaryImageOfPage":{"@id":"https:\/\/www.organisator.ch\/operational-excellence\/2025-01-24\/was-steht-auf-dem-programm-des-internationalen-metrologiekongresses-2025\/#primaryimage"},"image":{"@id":"https:\/\/www.organisator.ch\/operational-excellence\/2025-01-24\/was-steht-auf-dem-programm-des-internationalen-metrologiekongresses-2025\/#primaryimage"},"thumbnailUrl":"https:\/\/www.m-q.ch\/wp-content\/uploads\/2025\/01\/CIM_Bild1_ps.jpg","datePublished":"2025-01-24T14:01:19+00:00","dateModified":"2025-01-24T14:14:22+00:00","description":"Il CIM 2025 di Lione mostra come la metrologia supporta la sostenibilit\u00e0. 200 presentazioni, workshop e networking vi aspettano.","breadcrumb":{"@id":"https:\/\/www.organisator.ch\/operational-excellence\/2025-01-24\/was-steht-auf-dem-programm-des-internationalen-metrologiekongresses-2025\/#breadcrumb"},"inLanguage":"it-IT","potentialAction":[{"@type":"ReadAction","target":["https:\/\/www.organisator.ch\/operational-excellence\/2025-01-24\/was-steht-auf-dem-programm-des-internationalen-metrologiekongresses-2025\/"]}]},{"@type":"ImageObject","inLanguage":"it-IT","@id":"https:\/\/www.organisator.ch\/operational-excellence\/2025-01-24\/was-steht-auf-dem-programm-des-internationalen-metrologiekongresses-2025\/#primaryimage","url":"https:\/\/www.m-q.ch\/wp-content\/uploads\/2025\/01\/CIM_Bild1_ps.jpg","contentUrl":"https:\/\/www.m-q.ch\/wp-content\/uploads\/2025\/01\/CIM_Bild1_ps.jpg"},{"@type":"BreadcrumbList","@id":"https:\/\/www.organisator.ch\/operational-excellence\/2025-01-24\/was-steht-auf-dem-programm-des-internationalen-metrologiekongresses-2025\/#breadcrumb","itemListElement":[{"@type":"ListItem","position":1,"name":"Home","item":"https:\/\/www.organisator.ch\/"},{"@type":"ListItem","position":2,"name":"Was steht auf dem Programm des Internationalen Metrologiekongresses 2025?"}]},{"@type":"WebSite","@id":"https:\/\/www.organisator.ch\/#website","url":"https:\/\/www.organisator.ch\/","name":"Organizzatore","description":"Competente. Pratico. In 10 numeri all'anno, ORGANISATOR presenta i temi essenziali per i manager delle PMI.","publisher":{"@id":"https:\/\/www.organisator.ch\/#organization"},"potentialAction":[{"@type":"SearchAction","target":{"@type":"EntryPoint","urlTemplate":"https:\/\/www.organisator.ch\/?s={search_term_string}"},"query-input":{"@type":"PropertyValueSpecification","valueRequired":true,"valueName":"search_term_string"}}],"inLanguage":"it-IT"},{"@type":"Organization","@id":"https:\/\/www.organisator.ch\/#organization","name":"Organizzatore","url":"https:\/\/www.organisator.ch\/","logo":{"@type":"ImageObject","inLanguage":"it-IT","@id":"https:\/\/www.organisator.ch\/#\/schema\/logo\/image\/","url":"https:\/\/www.organisator.ch\/wp-content\/uploads\/2022\/01\/Logo_Organisator_Website.png","contentUrl":"https:\/\/www.organisator.ch\/wp-content\/uploads\/2022\/01\/Logo_Organisator_Website.png","width":800,"height":77,"caption":"Organisator"},"image":{"@id":"https:\/\/www.organisator.ch\/#\/schema\/logo\/image\/"},"sameAs":["https:\/\/www.facebook.com\/OrganisatorFachmagazin","https:\/\/www.linkedin.com\/showcase\/organisator-das-magazin-fr-kmu","https:\/\/www.xing.com\/news\/pages\/organisator-ch-695","https:\/\/www.youtube.com\/channel\/UCGP2Sq0iWaZwT3BdIAQFYpw"]},{"@type":"Person","@id":"https:\/\/www.organisator.ch\/#\/schema\/person\/afccda3a71c06d4be2ed9100dd163db7","name":"Dzana Muminovic","image":{"@type":"ImageObject","inLanguage":"it-IT","@id":"https:\/\/secure.gravatar.com\/avatar\/909c5c71aff4b38e88686f2ab2f1ba152571f394f41ed8bae431ea56ced93050?s=96&d=mm&r=g","url":"https:\/\/secure.gravatar.com\/avatar\/909c5c71aff4b38e88686f2ab2f1ba152571f394f41ed8bae431ea56ced93050?s=96&d=mm&r=g","contentUrl":"https:\/\/secure.gravatar.com\/avatar\/909c5c71aff4b38e88686f2ab2f1ba152571f394f41ed8bae431ea56ced93050?s=96&d=mm&r=g","caption":"Dzana Muminovic"},"url":"https:\/\/www.organisator.ch\/it\/author\/dzana-muminovic\/"}]}},"_links":{"self":[{"href":"https:\/\/www.organisator.ch\/it\/wp-json\/wp\/v2\/posts\/35536","targetHints":{"allow":["GET"]}}],"collection":[{"href":"https:\/\/www.organisator.ch\/it\/wp-json\/wp\/v2\/posts"}],"about":[{"href":"https:\/\/www.organisator.ch\/it\/wp-json\/wp\/v2\/types\/post"}],"author":[{"embeddable":true,"href":"https:\/\/www.organisator.ch\/it\/wp-json\/wp\/v2\/users\/80"}],"replies":[{"embeddable":true,"href":"https:\/\/www.organisator.ch\/it\/wp-json\/wp\/v2\/comments?post=35536"}],"version-history":[{"count":5,"href":"https:\/\/www.organisator.ch\/it\/wp-json\/wp\/v2\/posts\/35536\/revisions"}],"predecessor-version":[{"id":35540,"href":"https:\/\/www.organisator.ch\/it\/wp-json\/wp\/v2\/posts\/35536\/revisions\/35540"}],"wp:attachment":[{"href":"https:\/\/www.organisator.ch\/it\/wp-json\/wp\/v2\/media?parent=35536"}],"wp:term":[{"taxonomy":"category","embeddable":true,"href":"https:\/\/www.organisator.ch\/it\/wp-json\/wp\/v2\/categories?post=35536"},{"taxonomy":"post_tag","embeddable":true,"href":"https:\/\/www.organisator.ch\/it\/wp-json\/wp\/v2\/tags?post=35536"}],"curies":[{"name":"wp","href":"https:\/\/api.w.org\/{rel}","templated":true}]}}