{"id":3554,"date":"2020-12-03T15:02:39","date_gmt":"2020-12-03T14:02:39","guid":{"rendered":"https:\/\/www.umweltperspektiven.ch\/?p=3554"},"modified":"2020-12-03T15:02:39","modified_gmt":"2020-12-03T14:02:39","slug":"mit-einer-laermstrategie-die-lebensqualitaet-verbessern","status":"publish","type":"post","link":"https:\/\/www.organisator.ch\/it\/allgemein\/2020-12-03\/mit-einer-laermstrategie-die-lebensqualitaet-verbessern\/","title":{"rendered":"Migliorare la qualit\u00e0 della vita con una strategia del rumore"},"content":{"rendered":"<figure id=\"attachment_3555\" aria-describedby=\"caption-attachment-3555\" style=\"width: 680px\" class=\"wp-caption aligncenter\"><img loading=\"lazy\" decoding=\"async\" class=\"size-medium wp-image-3555\" src=\"\/\/www.umweltperspektiven.ch\/wp-content\/uploads\/2020\/12\/Depositphotos_64915445_s-2019.jpg\" alt=\"\" width=\"680\" height=\"451\" \/><figcaption id=\"caption-attachment-3555\" class=\"wp-caption-text\">\u00a9 depositphotos, pxhidalgo<\/figcaption><\/figure>\n<p>Nei prossimi 20 anni, la popolazione della citt\u00e0 di Zurigo crescer\u00e0 da pi\u00f9 di 435.000 di oggi a pi\u00f9 di mezzo milione. L'attuale boom edilizio continuer\u00e0 quindi ad aumentare e con esso il rischio di un ulteriore inquinamento acustico. Una cosa \u00e8 chiara: il rumore danneggia la qualit\u00e0 della vita e l'ambiente. Secondo i dati, circa un terzo della popolazione di Zurigo vive e lavora gi\u00e0 in edifici esposti al rumore eccessivo del traffico stradale. Ci sono anche altre fonti di rumore. Oltre ai cantieri e al commercio, ci sono anche eventi. In particolare, la tendenza verso una societ\u00e0 di 24 ore va contro il fattore tranquillit\u00e0.<\/p>\n<p><strong>Protezione dal rumore nella citt\u00e0 in crescita <\/strong><\/p>\n<p>Per mantenere un'alta qualit\u00e0 di vita e anche per preservare la salute delle persone che vi abitano, la citt\u00e0 di Zurigo si concentra nella sua strategia di protezione dal rumore su tre aree con un grande potenziale di impatto: il rumore del traffico stradale, la prevenzione del rumore nella pianificazione e nella costruzione e il rumore quotidiano. La strategia definisce gli obiettivi e i principi guida, determina i campi d'azione e si rivolge agli attori pi\u00f9 importanti. \"Una buona protezione dal rumore \u00e8 un fattore chiave per la qualit\u00e0 della vita nella nostra citt\u00e0\", dice il consigliere Andreas Hauri, capo del dipartimento della salute e dell'ambiente. \"La strategia di protezione contro il rumore cerca un equilibrio di interessi tra una citt\u00e0 vivace e le esigenze di tranquillit\u00e0 della popolazione\". La nuova strategia identifica i conflitti di obiettivi esistenti e propone delle soluzioni.<\/p>\n<p><strong>Perseguire un percorso di riduzione vincolante e utilizzare le sinergie <\/strong><\/p>\n<p>In citt\u00e0, c'\u00e8 sia una necessit\u00e0 d'azione che un potenziale di protezione dal rumore nel traffico stradale. Oltre all'obiettivo del progetto Urban Traffic 2025, che cerca di aumentare la quota del trasporto pubblico, dei pedoni e dei ciclisti nel volume totale del traffico, ulteriori misure sono per dare sollievo alla fonte. L'analisi d'impatto mostra che la combinazione di riduzione della velocit\u00e0, nuovi marciapiedi, pneumatici silenziosi e mobilit\u00e0 elettrica pu\u00f2 portare a una chiara riduzione del numero di persone esposte al rumore eccessivo, secondo la citt\u00e0. La strategia di protezione dal rumore vuole utilizzare questo potenziale attraverso un percorso di riduzione - ancora da definire.<\/p>\n<p>La protezione dal rumore dovrebbe anche essere sempre pi\u00f9 integrata in tutti i livelli di pianificazione, dalla pianificazione degli insediamenti e dell'uso del territorio ai progetti di costruzione. Questo perch\u00e9 lo sviluppo degli insediamenti interni non deve portare a un peggioramento della situazione del rumore per i residenti. La strategia urbana stabilisce anche delle linee guida per questo settore - la prevenzione del rumore nella pianificazione e nella costruzione. Il rumore quotidiano include, come detto, le immissioni della scena notturna o degli eventi. \u00c8 importante per la citt\u00e0 che gli usi sempre pi\u00f9 misti non portino a pi\u00f9 reclami per il rumore, sottolinea.<\/p>\n<p>I conflitti d'interesse devono essere contrastati con le misure collaudate sviluppate nel focus strategico sulla vita notturna e con nuovi approcci per conciliare il bisogno di una citt\u00e0 vivace con quello di tranquillit\u00e0.<\/p>\n<p><a href=\"\/\/www.stadt-zuerich.ch\/laermschutzstrategie\"><em>Clicca qui per la strategia di protezione dal rumore e ulteriori informazioni<\/em>.<\/a><\/p>","protected":false},"excerpt":{"rendered":"<p>In den n\u00e4chsten 20 Jahren wird die Bev\u00f6lkerungszahl in der Stadt Z\u00fcrich von heute mehr als 435&#8217;000 auf \u00fcber eine halbe Million anwachsen. Der heutige Bauboom wird also weiter zunehmen und damit steigt auch das Risiko zus\u00e4tzlicher L\u00e4rmbelastung. Klar ist: L\u00e4rm beeintr\u00e4chtigt die Lebens- und Umweltqualit\u00e4t. Gem\u00e4ss Angaben leben und arbeiten bereits heute etwa ein [&hellip;]<\/p>\n","protected":false},"author":6,"featured_media":9741,"comment_status":"closed","ping_status":"closed","sticky":false,"template":"","format":"standard","meta":{"_acf_changed":false,"_yoast_wpseo_focuskw":"L\u00e4rmschutzstrategie","_yoast_wpseo_metadesc":"Damit die hohe Lebensqualit\u00e4t erhalten bleibt, braucht es einen wirkungsvollen L\u00e4rmschutz. Die Stadt Z\u00fcrich arbeitet deshalb mit einer L\u00e4rmschutzstrategie.","articlekey":"","footnotes":""},"categories":[1],"tags":[1038,1598,1621],"class_list":["post-3554","post","type-post","status-publish","format-standard","has-post-thumbnail","hentry","category-allgemein","tag-elektromobilitaet","tag-laermschutzstrategie","tag-leise-reifen"],"acf":[],"yoast_head":"<!-- This site is optimized with the Yoast SEO plugin v27.5 - https:\/\/yoast.com\/product\/yoast-seo-wordpress\/ -->\n<title>Mit einer L\u00e4rmstrategie die Lebensqualit\u00e4t verbessern - Organisator<\/title>\n<meta name=\"description\" content=\"Damit die hohe Lebensqualit\u00e4t erhalten bleibt, braucht es einen wirkungsvollen L\u00e4rmschutz. Die Stadt Z\u00fcrich arbeitet deshalb mit einer L\u00e4rmschutzstrategie.\" \/>\n<meta name=\"robots\" content=\"index, follow, max-snippet:-1, max-image-preview:large, max-video-preview:-1\" \/>\n<link rel=\"canonical\" href=\"https:\/\/www.organisator.ch\/it\/generale\/2020-12-03\/mit-einer-laermstrategie-die-lebensqualitaet-verbessern\/\" \/>\n<meta property=\"og:locale\" content=\"it_IT\" \/>\n<meta property=\"og:type\" content=\"article\" \/>\n<meta property=\"og:title\" content=\"Mit einer L\u00e4rmstrategie die Lebensqualit\u00e4t verbessern - Organisator\" \/>\n<meta property=\"og:description\" content=\"Damit die hohe Lebensqualit\u00e4t erhalten bleibt, braucht es einen wirkungsvollen L\u00e4rmschutz. Die Stadt Z\u00fcrich arbeitet deshalb mit einer L\u00e4rmschutzstrategie.\" \/>\n<meta property=\"og:url\" content=\"https:\/\/www.organisator.ch\/it\/generale\/2020-12-03\/mit-einer-laermstrategie-die-lebensqualitaet-verbessern\/\" \/>\n<meta property=\"og:site_name\" content=\"Organisator\" \/>\n<meta property=\"article:publisher\" content=\"https:\/\/www.facebook.com\/OrganisatorFachmagazin\" \/>\n<meta property=\"article:published_time\" content=\"2020-12-03T14:02:39+00:00\" \/>\n<meta property=\"og:image\" content=\"https:\/\/www.organisator.ch\/wp-content\/uploads\/2020\/12\/Depositphotos_64915445_s-2019.jpg\" \/>\n\t<meta property=\"og:image:width\" content=\"999\" \/>\n\t<meta property=\"og:image:height\" content=\"662\" \/>\n\t<meta property=\"og:image:type\" content=\"image\/jpeg\" \/>\n<meta name=\"author\" content=\"roger.straessle\" \/>\n<meta name=\"twitter:card\" content=\"summary_large_image\" \/>\n<script type=\"application\/ld+json\" class=\"yoast-schema-graph\">{\"@context\":\"https:\\\/\\\/schema.org\",\"@graph\":[{\"@type\":\"Article\",\"@id\":\"https:\\\/\\\/www.organisator.ch\\\/fr\\\/general\\\/2020-12-03\\\/mit-einer-laermstrategie-die-lebensqualitaet-verbessern\\\/#article\",\"isPartOf\":{\"@id\":\"https:\\\/\\\/www.organisator.ch\\\/fr\\\/general\\\/2020-12-03\\\/mit-einer-laermstrategie-die-lebensqualitaet-verbessern\\\/\"},\"author\":{\"name\":\"roger.straessle\",\"@id\":\"https:\\\/\\\/www.organisator.ch\\\/#\\\/schema\\\/person\\\/a800b8c54e208b160517a7dcc323161d\"},\"headline\":\"Mit einer L\u00e4rmstrategie die Lebensqualit\u00e4t verbessern\",\"datePublished\":\"2020-12-03T14:02:39+00:00\",\"mainEntityOfPage\":{\"@id\":\"https:\\\/\\\/www.organisator.ch\\\/fr\\\/general\\\/2020-12-03\\\/mit-einer-laermstrategie-die-lebensqualitaet-verbessern\\\/\"},\"wordCount\":479,\"publisher\":{\"@id\":\"https:\\\/\\\/www.organisator.ch\\\/#organization\"},\"image\":{\"@id\":\"https:\\\/\\\/www.organisator.ch\\\/fr\\\/general\\\/2020-12-03\\\/mit-einer-laermstrategie-die-lebensqualitaet-verbessern\\\/#primaryimage\"},\"thumbnailUrl\":\"https:\\\/\\\/www.organisator.ch\\\/wp-content\\\/uploads\\\/2020\\\/12\\\/Depositphotos_64915445_s-2019.jpg\",\"keywords\":[\"Elektromobilit\u00e4t\",\"L\u00e4rmschutzstrategie\",\"leise Reifen\"],\"articleSection\":[\"Allgemein\"],\"inLanguage\":\"it-IT\"},{\"@type\":\"WebPage\",\"@id\":\"https:\\\/\\\/www.organisator.ch\\\/fr\\\/general\\\/2020-12-03\\\/mit-einer-laermstrategie-die-lebensqualitaet-verbessern\\\/\",\"url\":\"https:\\\/\\\/www.organisator.ch\\\/fr\\\/general\\\/2020-12-03\\\/mit-einer-laermstrategie-die-lebensqualitaet-verbessern\\\/\",\"name\":\"Mit einer L\u00e4rmstrategie die Lebensqualit\u00e4t verbessern - Organisator\",\"isPartOf\":{\"@id\":\"https:\\\/\\\/www.organisator.ch\\\/#website\"},\"primaryImageOfPage\":{\"@id\":\"https:\\\/\\\/www.organisator.ch\\\/fr\\\/general\\\/2020-12-03\\\/mit-einer-laermstrategie-die-lebensqualitaet-verbessern\\\/#primaryimage\"},\"image\":{\"@id\":\"https:\\\/\\\/www.organisator.ch\\\/fr\\\/general\\\/2020-12-03\\\/mit-einer-laermstrategie-die-lebensqualitaet-verbessern\\\/#primaryimage\"},\"thumbnailUrl\":\"https:\\\/\\\/www.organisator.ch\\\/wp-content\\\/uploads\\\/2020\\\/12\\\/Depositphotos_64915445_s-2019.jpg\",\"datePublished\":\"2020-12-03T14:02:39+00:00\",\"description\":\"Damit die hohe Lebensqualit\u00e4t erhalten bleibt, braucht es einen wirkungsvollen L\u00e4rmschutz. Die Stadt Z\u00fcrich arbeitet deshalb mit einer L\u00e4rmschutzstrategie.\",\"breadcrumb\":{\"@id\":\"https:\\\/\\\/www.organisator.ch\\\/fr\\\/general\\\/2020-12-03\\\/mit-einer-laermstrategie-die-lebensqualitaet-verbessern\\\/#breadcrumb\"},\"inLanguage\":\"it-IT\",\"potentialAction\":[{\"@type\":\"ReadAction\",\"target\":[\"https:\\\/\\\/www.organisator.ch\\\/fr\\\/general\\\/2020-12-03\\\/mit-einer-laermstrategie-die-lebensqualitaet-verbessern\\\/\"]}]},{\"@type\":\"ImageObject\",\"inLanguage\":\"it-IT\",\"@id\":\"https:\\\/\\\/www.organisator.ch\\\/fr\\\/general\\\/2020-12-03\\\/mit-einer-laermstrategie-die-lebensqualitaet-verbessern\\\/#primaryimage\",\"url\":\"https:\\\/\\\/www.organisator.ch\\\/wp-content\\\/uploads\\\/2020\\\/12\\\/Depositphotos_64915445_s-2019.jpg\",\"contentUrl\":\"https:\\\/\\\/www.organisator.ch\\\/wp-content\\\/uploads\\\/2020\\\/12\\\/Depositphotos_64915445_s-2019.jpg\",\"width\":999,\"height\":662,\"caption\":\"\u00a9 depositphotos, pxhidalgo\"},{\"@type\":\"BreadcrumbList\",\"@id\":\"https:\\\/\\\/www.organisator.ch\\\/fr\\\/general\\\/2020-12-03\\\/mit-einer-laermstrategie-die-lebensqualitaet-verbessern\\\/#breadcrumb\",\"itemListElement\":[{\"@type\":\"ListItem\",\"position\":1,\"name\":\"Home\",\"item\":\"https:\\\/\\\/www.organisator.ch\\\/\"},{\"@type\":\"ListItem\",\"position\":2,\"name\":\"Mit einer L\u00e4rmstrategie die Lebensqualit\u00e4t verbessern\"}]},{\"@type\":\"WebSite\",\"@id\":\"https:\\\/\\\/www.organisator.ch\\\/#website\",\"url\":\"https:\\\/\\\/www.organisator.ch\\\/\",\"name\":\"Organisator\",\"description\":\"Kompetent. Praxisnah. Der ORGANISATOR bereitet in 10 Ausgaben pro Jahr die wesentlichen Themen f\u00fcr F\u00fchrungskr\u00e4fte von KMU auf.\",\"publisher\":{\"@id\":\"https:\\\/\\\/www.organisator.ch\\\/#organization\"},\"potentialAction\":[{\"@type\":\"SearchAction\",\"target\":{\"@type\":\"EntryPoint\",\"urlTemplate\":\"https:\\\/\\\/www.organisator.ch\\\/?s={search_term_string}\"},\"query-input\":{\"@type\":\"PropertyValueSpecification\",\"valueRequired\":true,\"valueName\":\"search_term_string\"}}],\"inLanguage\":\"it-IT\"},{\"@type\":\"Organization\",\"@id\":\"https:\\\/\\\/www.organisator.ch\\\/#organization\",\"name\":\"Organisator\",\"url\":\"https:\\\/\\\/www.organisator.ch\\\/\",\"logo\":{\"@type\":\"ImageObject\",\"inLanguage\":\"it-IT\",\"@id\":\"https:\\\/\\\/www.organisator.ch\\\/#\\\/schema\\\/logo\\\/image\\\/\",\"url\":\"https:\\\/\\\/www.organisator.ch\\\/wp-content\\\/uploads\\\/2022\\\/01\\\/Logo_Organisator_Website.png\",\"contentUrl\":\"https:\\\/\\\/www.organisator.ch\\\/wp-content\\\/uploads\\\/2022\\\/01\\\/Logo_Organisator_Website.png\",\"width\":800,\"height\":77,\"caption\":\"Organisator\"},\"image\":{\"@id\":\"https:\\\/\\\/www.organisator.ch\\\/#\\\/schema\\\/logo\\\/image\\\/\"},\"sameAs\":[\"https:\\\/\\\/www.facebook.com\\\/OrganisatorFachmagazin\",\"https:\\\/\\\/www.linkedin.com\\\/showcase\\\/organisator-das-magazin-fr-kmu\",\"https:\\\/\\\/www.xing.com\\\/news\\\/pages\\\/organisator-ch-695\",\"https:\\\/\\\/www.youtube.com\\\/channel\\\/UCGP2Sq0iWaZwT3BdIAQFYpw\"]},{\"@type\":\"Person\",\"@id\":\"https:\\\/\\\/www.organisator.ch\\\/#\\\/schema\\\/person\\\/a800b8c54e208b160517a7dcc323161d\",\"name\":\"roger.straessle\",\"image\":{\"@type\":\"ImageObject\",\"inLanguage\":\"it-IT\",\"@id\":\"https:\\\/\\\/secure.gravatar.com\\\/avatar\\\/?s=96&d=mm&r=g\",\"url\":\"https:\\\/\\\/secure.gravatar.com\\\/avatar\\\/?s=96&d=mm&r=g\",\"contentUrl\":\"https:\\\/\\\/secure.gravatar.com\\\/avatar\\\/?s=96&d=mm&r=g\",\"caption\":\"roger.straessle\"},\"url\":\"https:\\\/\\\/www.organisator.ch\\\/it\\\/author\\\/roger-straessle\\\/\"}]}<\/script>\n<!-- \/ Yoast SEO plugin. -->","yoast_head_json":{"title":"Migliorare la qualit\u00e0 della vita con una strategia antirumore - Organizzatore","description":"Per mantenere un'elevata qualit\u00e0 della vita, \u00e8 necessaria un'efficace protezione dal rumore. La citt\u00e0 di Zurigo sta quindi lavorando con una strategia di protezione dal rumore.","robots":{"index":"index","follow":"follow","max-snippet":"max-snippet:-1","max-image-preview":"max-image-preview:large","max-video-preview":"max-video-preview:-1"},"canonical":"https:\/\/www.organisator.ch\/it\/generale\/2020-12-03\/mit-einer-laermstrategie-die-lebensqualitaet-verbessern\/","og_locale":"it_IT","og_type":"article","og_title":"Mit einer L\u00e4rmstrategie die Lebensqualit\u00e4t verbessern - Organisator","og_description":"Damit die hohe Lebensqualit\u00e4t erhalten bleibt, braucht es einen wirkungsvollen L\u00e4rmschutz. Die Stadt Z\u00fcrich arbeitet deshalb mit einer L\u00e4rmschutzstrategie.","og_url":"https:\/\/www.organisator.ch\/it\/generale\/2020-12-03\/mit-einer-laermstrategie-die-lebensqualitaet-verbessern\/","og_site_name":"Organisator","article_publisher":"https:\/\/www.facebook.com\/OrganisatorFachmagazin","article_published_time":"2020-12-03T14:02:39+00:00","og_image":[{"width":999,"height":662,"url":"https:\/\/www.organisator.ch\/wp-content\/uploads\/2020\/12\/Depositphotos_64915445_s-2019.jpg","type":"image\/jpeg"}],"author":"roger.straessle","twitter_card":"summary_large_image","schema":{"@context":"https:\/\/schema.org","@graph":[{"@type":"Article","@id":"https:\/\/www.organisator.ch\/fr\/general\/2020-12-03\/mit-einer-laermstrategie-die-lebensqualitaet-verbessern\/#article","isPartOf":{"@id":"https:\/\/www.organisator.ch\/fr\/general\/2020-12-03\/mit-einer-laermstrategie-die-lebensqualitaet-verbessern\/"},"author":{"name":"roger.straessle","@id":"https:\/\/www.organisator.ch\/#\/schema\/person\/a800b8c54e208b160517a7dcc323161d"},"headline":"Mit einer L\u00e4rmstrategie die Lebensqualit\u00e4t verbessern","datePublished":"2020-12-03T14:02:39+00:00","mainEntityOfPage":{"@id":"https:\/\/www.organisator.ch\/fr\/general\/2020-12-03\/mit-einer-laermstrategie-die-lebensqualitaet-verbessern\/"},"wordCount":479,"publisher":{"@id":"https:\/\/www.organisator.ch\/#organization"},"image":{"@id":"https:\/\/www.organisator.ch\/fr\/general\/2020-12-03\/mit-einer-laermstrategie-die-lebensqualitaet-verbessern\/#primaryimage"},"thumbnailUrl":"https:\/\/www.organisator.ch\/wp-content\/uploads\/2020\/12\/Depositphotos_64915445_s-2019.jpg","keywords":["Elektromobilit\u00e4t","L\u00e4rmschutzstrategie","leise Reifen"],"articleSection":["Allgemein"],"inLanguage":"it-IT"},{"@type":"WebPage","@id":"https:\/\/www.organisator.ch\/fr\/general\/2020-12-03\/mit-einer-laermstrategie-die-lebensqualitaet-verbessern\/","url":"https:\/\/www.organisator.ch\/fr\/general\/2020-12-03\/mit-einer-laermstrategie-die-lebensqualitaet-verbessern\/","name":"Migliorare la qualit\u00e0 della vita con una strategia antirumore - Organizzatore","isPartOf":{"@id":"https:\/\/www.organisator.ch\/#website"},"primaryImageOfPage":{"@id":"https:\/\/www.organisator.ch\/fr\/general\/2020-12-03\/mit-einer-laermstrategie-die-lebensqualitaet-verbessern\/#primaryimage"},"image":{"@id":"https:\/\/www.organisator.ch\/fr\/general\/2020-12-03\/mit-einer-laermstrategie-die-lebensqualitaet-verbessern\/#primaryimage"},"thumbnailUrl":"https:\/\/www.organisator.ch\/wp-content\/uploads\/2020\/12\/Depositphotos_64915445_s-2019.jpg","datePublished":"2020-12-03T14:02:39+00:00","description":"Per mantenere un'elevata qualit\u00e0 della vita, \u00e8 necessaria un'efficace protezione dal rumore. La citt\u00e0 di Zurigo sta quindi lavorando con una strategia di protezione dal rumore.","breadcrumb":{"@id":"https:\/\/www.organisator.ch\/fr\/general\/2020-12-03\/mit-einer-laermstrategie-die-lebensqualitaet-verbessern\/#breadcrumb"},"inLanguage":"it-IT","potentialAction":[{"@type":"ReadAction","target":["https:\/\/www.organisator.ch\/fr\/general\/2020-12-03\/mit-einer-laermstrategie-die-lebensqualitaet-verbessern\/"]}]},{"@type":"ImageObject","inLanguage":"it-IT","@id":"https:\/\/www.organisator.ch\/fr\/general\/2020-12-03\/mit-einer-laermstrategie-die-lebensqualitaet-verbessern\/#primaryimage","url":"https:\/\/www.organisator.ch\/wp-content\/uploads\/2020\/12\/Depositphotos_64915445_s-2019.jpg","contentUrl":"https:\/\/www.organisator.ch\/wp-content\/uploads\/2020\/12\/Depositphotos_64915445_s-2019.jpg","width":999,"height":662,"caption":"\u00a9 depositphotos, pxhidalgo"},{"@type":"BreadcrumbList","@id":"https:\/\/www.organisator.ch\/fr\/general\/2020-12-03\/mit-einer-laermstrategie-die-lebensqualitaet-verbessern\/#breadcrumb","itemListElement":[{"@type":"ListItem","position":1,"name":"Home","item":"https:\/\/www.organisator.ch\/"},{"@type":"ListItem","position":2,"name":"Mit einer L\u00e4rmstrategie die Lebensqualit\u00e4t verbessern"}]},{"@type":"WebSite","@id":"https:\/\/www.organisator.ch\/#website","url":"https:\/\/www.organisator.ch\/","name":"Organizzatore","description":"Competente. Pratico. In 10 numeri all'anno, ORGANISATOR presenta i temi essenziali per i manager delle PMI.","publisher":{"@id":"https:\/\/www.organisator.ch\/#organization"},"potentialAction":[{"@type":"SearchAction","target":{"@type":"EntryPoint","urlTemplate":"https:\/\/www.organisator.ch\/?s={search_term_string}"},"query-input":{"@type":"PropertyValueSpecification","valueRequired":true,"valueName":"search_term_string"}}],"inLanguage":"it-IT"},{"@type":"Organization","@id":"https:\/\/www.organisator.ch\/#organization","name":"Organizzatore","url":"https:\/\/www.organisator.ch\/","logo":{"@type":"ImageObject","inLanguage":"it-IT","@id":"https:\/\/www.organisator.ch\/#\/schema\/logo\/image\/","url":"https:\/\/www.organisator.ch\/wp-content\/uploads\/2022\/01\/Logo_Organisator_Website.png","contentUrl":"https:\/\/www.organisator.ch\/wp-content\/uploads\/2022\/01\/Logo_Organisator_Website.png","width":800,"height":77,"caption":"Organisator"},"image":{"@id":"https:\/\/www.organisator.ch\/#\/schema\/logo\/image\/"},"sameAs":["https:\/\/www.facebook.com\/OrganisatorFachmagazin","https:\/\/www.linkedin.com\/showcase\/organisator-das-magazin-fr-kmu","https:\/\/www.xing.com\/news\/pages\/organisator-ch-695","https:\/\/www.youtube.com\/channel\/UCGP2Sq0iWaZwT3BdIAQFYpw"]},{"@type":"Person","@id":"https:\/\/www.organisator.ch\/#\/schema\/person\/a800b8c54e208b160517a7dcc323161d","name":"roger.straessle","image":{"@type":"ImageObject","inLanguage":"it-IT","@id":"https:\/\/secure.gravatar.com\/avatar\/?s=96&d=mm&r=g","url":"https:\/\/secure.gravatar.com\/avatar\/?s=96&d=mm&r=g","contentUrl":"https:\/\/secure.gravatar.com\/avatar\/?s=96&d=mm&r=g","caption":"roger.straessle"},"url":"https:\/\/www.organisator.ch\/it\/author\/roger-straessle\/"}]}},"_links":{"self":[{"href":"https:\/\/www.organisator.ch\/it\/wp-json\/wp\/v2\/posts\/3554","targetHints":{"allow":["GET"]}}],"collection":[{"href":"https:\/\/www.organisator.ch\/it\/wp-json\/wp\/v2\/posts"}],"about":[{"href":"https:\/\/www.organisator.ch\/it\/wp-json\/wp\/v2\/types\/post"}],"author":[{"embeddable":true,"href":"https:\/\/www.organisator.ch\/it\/wp-json\/wp\/v2\/users\/6"}],"replies":[{"embeddable":true,"href":"https:\/\/www.organisator.ch\/it\/wp-json\/wp\/v2\/comments?post=3554"}],"version-history":[{"count":0,"href":"https:\/\/www.organisator.ch\/it\/wp-json\/wp\/v2\/posts\/3554\/revisions"}],"wp:featuredmedia":[{"embeddable":true,"href":"https:\/\/www.organisator.ch\/it\/wp-json\/wp\/v2\/media\/9741"}],"wp:attachment":[{"href":"https:\/\/www.organisator.ch\/it\/wp-json\/wp\/v2\/media?parent=3554"}],"wp:term":[{"taxonomy":"category","embeddable":true,"href":"https:\/\/www.organisator.ch\/it\/wp-json\/wp\/v2\/categories?post=3554"},{"taxonomy":"post_tag","embeddable":true,"href":"https:\/\/www.organisator.ch\/it\/wp-json\/wp\/v2\/tags?post=3554"}],"curies":[{"name":"wp","href":"https:\/\/api.w.org\/{rel}","templated":true}]}}