{"id":35553,"date":"2025-01-27T08:50:18","date_gmt":"2025-01-27T07:50:18","guid":{"rendered":"https:\/\/www.markt-kom.com\/?p=229505"},"modified":"2025-01-27T09:27:00","modified_gmt":"2025-01-27T08:27:00","slug":"bcm-award-2025-buehne-frei-fuer-exzellentes-content-marketing","status":"publish","type":"post","link":"https:\/\/www.organisator.ch\/it\/marketing\/2025-01-27\/bcm-award-2025-buehne-frei-fuer-exzellentes-content-marketing\/","title":{"rendered":"Premio BCM 2025: aprire la strada a un content marketing eccellente"},"content":{"rendered":"<p>&nbsp;<\/p>\r\n<figure id=\"attachment_229508\" class=\"wp-caption alignnone\" style=\"width: 1024px;\" aria-describedby=\"caption-attachment-229508\"><a href=\"https:\/\/www.markt-kom.com\/wp-content\/uploads\/2025\/01\/Best-of-Content-Marketing-Award.png\"><img class=\"size-full wp-image-229508\" src=\"https:\/\/www.markt-kom.com\/wp-content\/uploads\/2025\/01\/Best-of-Content-Marketing-Award.png\" sizes=\"(max-width: 1024px) 100vw, 1024px\" srcset=\"https:\/\/www.markt-kom.com\/wp-content\/uploads\/2025\/01\/Best-of-Content-Marketing-Award.png 1024w, https:\/\/www.markt-kom.com\/wp-content\/uploads\/2025\/01\/Best-of-Content-Marketing-Award-600x450.png 600w, https:\/\/www.markt-kom.com\/wp-content\/uploads\/2025\/01\/Best-of-Content-Marketing-Award-768x576.png 768w, https:\/\/www.markt-kom.com\/wp-content\/uploads\/2025\/01\/Best-of-Content-Marketing-Award-16x12.png 16w, https:\/\/www.markt-kom.com\/wp-content\/uploads\/2025\/01\/Best-of-Content-Marketing-Award-233x175.png 233w, https:\/\/www.markt-kom.com\/wp-content\/uploads\/2025\/01\/Best-of-Content-Marketing-Award-467x350.png 467w, https:\/\/www.markt-kom.com\/wp-content\/uploads\/2025\/01\/Best-of-Content-Marketing-Award-1000x750.png 1000w\" alt=\"\" width=\"1024\" height=\"768\" \/><\/a>\r\n<figcaption id=\"caption-attachment-229508\" class=\"wp-caption-text\">Premio Best of Content Marketing<\/figcaption>\r\n<\/figure>\r\n<p>Il concorso <a href=\"https:\/\/bestofcontentmarketing.com\/\" rel=\"noopener\">\"Il meglio del marketing dei contenuti (BCM)<\/a> I progetti di content marketing di ogni tipo possono essere presentati sulla piattaforma bestofcontentmarketing.com a partire dal 1\u00b0 febbraio. Il BCM Award \u00e8 considerato il pi\u00f9 grande concorso del suo genere nel mondo di lingua tedesca e pone costantemente il contenuto al centro della valutazione.<\/p>\r\n<p>Peter Matz, rappresentante BCM nel consiglio di amministrazione dell'organizzatore Content Marketing Forum e.V. (CMF), spiega: \"Cos\u00ec come il content marketing \u00e8 in costante evoluzione, anche il nostro premio viene rinnovato ogni anno\". La novit\u00e0 di quest'anno \u00e8 la distinzione tra comunicazione regolare e campagne. Olaf Wolff, presidente del CMF, sottolinea: \"Una campagna funziona in modo diverso dalla comunicazione regolare. Entrambe sono essenziali nel marketing mix e con la nuova differenziazione diamo a entrambe il palcoscenico che meritano\".<\/p>\r\n<figure id=\"attachment_229507\" class=\"wp-caption alignnone\" style=\"width: 1400px;\" aria-describedby=\"caption-attachment-229507\"><a href=\"https:\/\/www.markt-kom.com\/wp-content\/uploads\/2025\/01\/Matz_Peter_CMF_by_PictureAlliance_1AG_8366-scaled.jpg\"><img class=\"size-full wp-image-229507\" src=\"https:\/\/www.markt-kom.com\/wp-content\/uploads\/2025\/01\/Matz_Peter_CMF_by_PictureAlliance_1AG_8366-scaled.jpg\" sizes=\"(max-width: 1400px) 100vw, 1400px\" srcset=\"https:\/\/www.markt-kom.com\/wp-content\/uploads\/2025\/01\/Matz_Peter_CMF_by_PictureAlliance_1AG_8366-scaled.jpg 1300w, https:\/\/www.markt-kom.com\/wp-content\/uploads\/2025\/01\/Matz_Peter_CMF_by_PictureAlliance_1AG_8366-600x400.jpg 600w, https:\/\/www.markt-kom.com\/wp-content\/uploads\/2025\/01\/Matz_Peter_CMF_by_PictureAlliance_1AG_8366-1024x683.jpg 1024w, https:\/\/www.markt-kom.com\/wp-content\/uploads\/2025\/01\/Matz_Peter_CMF_by_PictureAlliance_1AG_8366-768x512.jpg 768w, https:\/\/www.markt-kom.com\/wp-content\/uploads\/2025\/01\/Matz_Peter_CMF_by_PictureAlliance_1AG_8366-1536x1024.jpg 1536w, https:\/\/www.markt-kom.com\/wp-content\/uploads\/2025\/01\/Matz_Peter_CMF_by_PictureAlliance_1AG_8366-2048x1365.jpg 2048w, https:\/\/www.markt-kom.com\/wp-content\/uploads\/2025\/01\/Matz_Peter_CMF_by_PictureAlliance_1AG_8366-18x12.jpg 18w, https:\/\/www.markt-kom.com\/wp-content\/uploads\/2025\/01\/Matz_Peter_CMF_by_PictureAlliance_1AG_8366-263x175.jpg 263w, https:\/\/www.markt-kom.com\/wp-content\/uploads\/2025\/01\/Matz_Peter_CMF_by_PictureAlliance_1AG_8366-525x350.jpg 525w, https:\/\/www.markt-kom.com\/wp-content\/uploads\/2025\/01\/Matz_Peter_CMF_by_PictureAlliance_1AG_8366-1000x667.jpg 1000w\" alt=\"\" width=\"1400\" height=\"933\" \/><\/a>\r\n<figcaption id=\"caption-attachment-229507\" class=\"wp-caption-text\">Peter Matz, rappresentante BCM nel consiglio di amministrazione dell'organizzatore del premio Content Marketing Forum e.V. (CMF)<\/figcaption>\r\n<\/figure>\r\n<p>Le nuove categorie riflettono le tendenze attuali: \"Art of Storytelling - Tech-driven Storytelling\" sostituisce il premio speciale \"Best of AI\" dello scorso anno e si concentra sulle applicazioni creative delle tecnologie generative. Inoltre, la categoria \"Content Operations \/ Newsroom\" mette in evidenza l'organizzazione e gli strumenti alla base di strategie di content marketing di successo. Un nuovo premio speciale, \"Best of efficient Creation Excellence\", riconosce i progetti che combinano eccellenza ed efficienza, un segnale importante in tempi economicamente difficili.<\/p>\r\n<p>Le categorie B2B saranno particolarmente rafforzate dalla collaborazione con il Bundesverband Industrie Kommunikation e.V. (bvik). Le candidature per il BCM Award possono essere presentate fino al 30 aprile. Gli altri concorsi della famiglia BCM, tra cui il BCP e il BICC Award, si svolgeranno in parallelo. La cerimonia di premiazione si terr\u00e0 il 9 ottobre a Monaco.<\/p>","protected":false},"excerpt":{"rendered":"<p>Il BCM Award 2025 apre il suo portale di presentazione. Con nuove categorie e punti focali, il concorso offre ancora pi\u00f9 spazio a soluzioni di content marketing innovative ed efficienti.<\/p>","protected":false},"author":8,"featured_media":0,"comment_status":"closed","ping_status":"closed","sticky":false,"template":"","format":"standard","meta":{"_acf_changed":false,"_yoast_wpseo_focuskw":"BCM-Award 2025","_yoast_wpseo_metadesc":"Ab 1. Februar einreichen! Neue Kategorien, Schwerpunkte und Chancen f\u00fcr innovative Content Marketing-L\u00f6sungen.","articlekey":"","footnotes":""},"categories":[29],"tags":[66,4609],"class_list":["post-35553","post","type-post","status-publish","format-standard","hentry","category-marketing","tag-awards","tag-bcm-award"],"acf":[],"yoast_head":"<!-- This site is optimized with the Yoast SEO plugin v27.5 - https:\/\/yoast.com\/product\/yoast-seo-wordpress\/ -->\n<title>BCM-Award 2025: B\u00fchne frei f\u00fcr exzellentes Content Marketing - Organisator<\/title>\n<meta name=\"description\" content=\"Ab 1. Februar einreichen! Neue Kategorien, Schwerpunkte und Chancen f\u00fcr innovative Content Marketing-L\u00f6sungen.\" \/>\n<meta name=\"robots\" content=\"index, follow, max-snippet:-1, max-image-preview:large, max-video-preview:-1\" \/>\n<link rel=\"canonical\" href=\"https:\/\/www.organisator.ch\/it\/marketing\/2025-01-27\/bcm-award-2025-buehne-frei-fuer-exzellentes-content-marketing\/\" \/>\n<meta property=\"og:locale\" content=\"it_IT\" \/>\n<meta property=\"og:type\" content=\"article\" \/>\n<meta property=\"og:title\" content=\"BCM-Award 2025: B\u00fchne frei f\u00fcr exzellentes Content Marketing - Organisator\" \/>\n<meta property=\"og:description\" content=\"Ab 1. Februar einreichen! Neue Kategorien, Schwerpunkte und Chancen f\u00fcr innovative Content Marketing-L\u00f6sungen.\" \/>\n<meta property=\"og:url\" content=\"https:\/\/www.organisator.ch\/it\/marketing\/2025-01-27\/bcm-award-2025-buehne-frei-fuer-exzellentes-content-marketing\/\" \/>\n<meta property=\"og:site_name\" content=\"Organisator\" \/>\n<meta property=\"article:publisher\" content=\"https:\/\/www.facebook.com\/OrganisatorFachmagazin\" \/>\n<meta property=\"article:published_time\" content=\"2025-01-27T07:50:18+00:00\" \/>\n<meta property=\"article:modified_time\" content=\"2025-01-27T08:27:00+00:00\" \/>\n<meta name=\"author\" content=\"galledia\" \/>\n<meta name=\"twitter:card\" content=\"summary_large_image\" \/>\n<meta name=\"twitter:creator\" content=\"@admin\" \/>\n<script type=\"application\/ld+json\" class=\"yoast-schema-graph\">{\"@context\":\"https:\\\/\\\/schema.org\",\"@graph\":[{\"@type\":\"Article\",\"@id\":\"https:\\\/\\\/www.organisator.ch\\\/marketing\\\/2025-01-27\\\/bcm-award-2025-buehne-frei-fuer-exzellentes-content-marketing\\\/#article\",\"isPartOf\":{\"@id\":\"https:\\\/\\\/www.organisator.ch\\\/marketing\\\/2025-01-27\\\/bcm-award-2025-buehne-frei-fuer-exzellentes-content-marketing\\\/\"},\"author\":{\"name\":\"galledia\",\"@id\":\"https:\\\/\\\/www.organisator.ch\\\/#\\\/schema\\\/person\\\/4e51799071cd2dd1232ac003643ef5f0\"},\"headline\":\"BCM-Award 2025: B\u00fchne frei f\u00fcr exzellentes Content Marketing\",\"datePublished\":\"2025-01-27T07:50:18+00:00\",\"dateModified\":\"2025-01-27T08:27:00+00:00\",\"mainEntityOfPage\":{\"@id\":\"https:\\\/\\\/www.organisator.ch\\\/marketing\\\/2025-01-27\\\/bcm-award-2025-buehne-frei-fuer-exzellentes-content-marketing\\\/\"},\"wordCount\":270,\"publisher\":{\"@id\":\"https:\\\/\\\/www.organisator.ch\\\/#organization\"},\"image\":{\"@id\":\"https:\\\/\\\/www.organisator.ch\\\/marketing\\\/2025-01-27\\\/bcm-award-2025-buehne-frei-fuer-exzellentes-content-marketing\\\/#primaryimage\"},\"thumbnailUrl\":\"https:\\\/\\\/www.markt-kom.com\\\/wp-content\\\/uploads\\\/2025\\\/01\\\/Best-of-Content-Marketing-Award.png\",\"keywords\":[\"Awards\",\"BCM Award\"],\"articleSection\":[\"MARKETING\"],\"inLanguage\":\"it-IT\"},{\"@type\":\"WebPage\",\"@id\":\"https:\\\/\\\/www.organisator.ch\\\/marketing\\\/2025-01-27\\\/bcm-award-2025-buehne-frei-fuer-exzellentes-content-marketing\\\/\",\"url\":\"https:\\\/\\\/www.organisator.ch\\\/marketing\\\/2025-01-27\\\/bcm-award-2025-buehne-frei-fuer-exzellentes-content-marketing\\\/\",\"name\":\"BCM-Award 2025: B\u00fchne frei f\u00fcr exzellentes Content Marketing - Organisator\",\"isPartOf\":{\"@id\":\"https:\\\/\\\/www.organisator.ch\\\/#website\"},\"primaryImageOfPage\":{\"@id\":\"https:\\\/\\\/www.organisator.ch\\\/marketing\\\/2025-01-27\\\/bcm-award-2025-buehne-frei-fuer-exzellentes-content-marketing\\\/#primaryimage\"},\"image\":{\"@id\":\"https:\\\/\\\/www.organisator.ch\\\/marketing\\\/2025-01-27\\\/bcm-award-2025-buehne-frei-fuer-exzellentes-content-marketing\\\/#primaryimage\"},\"thumbnailUrl\":\"https:\\\/\\\/www.markt-kom.com\\\/wp-content\\\/uploads\\\/2025\\\/01\\\/Best-of-Content-Marketing-Award.png\",\"datePublished\":\"2025-01-27T07:50:18+00:00\",\"dateModified\":\"2025-01-27T08:27:00+00:00\",\"description\":\"Ab 1. Februar einreichen! Neue Kategorien, Schwerpunkte und Chancen f\u00fcr innovative Content Marketing-L\u00f6sungen.\",\"breadcrumb\":{\"@id\":\"https:\\\/\\\/www.organisator.ch\\\/marketing\\\/2025-01-27\\\/bcm-award-2025-buehne-frei-fuer-exzellentes-content-marketing\\\/#breadcrumb\"},\"inLanguage\":\"it-IT\",\"potentialAction\":[{\"@type\":\"ReadAction\",\"target\":[\"https:\\\/\\\/www.organisator.ch\\\/marketing\\\/2025-01-27\\\/bcm-award-2025-buehne-frei-fuer-exzellentes-content-marketing\\\/\"]}]},{\"@type\":\"ImageObject\",\"inLanguage\":\"it-IT\",\"@id\":\"https:\\\/\\\/www.organisator.ch\\\/marketing\\\/2025-01-27\\\/bcm-award-2025-buehne-frei-fuer-exzellentes-content-marketing\\\/#primaryimage\",\"url\":\"https:\\\/\\\/www.markt-kom.com\\\/wp-content\\\/uploads\\\/2025\\\/01\\\/Best-of-Content-Marketing-Award.png\",\"contentUrl\":\"https:\\\/\\\/www.markt-kom.com\\\/wp-content\\\/uploads\\\/2025\\\/01\\\/Best-of-Content-Marketing-Award.png\"},{\"@type\":\"BreadcrumbList\",\"@id\":\"https:\\\/\\\/www.organisator.ch\\\/marketing\\\/2025-01-27\\\/bcm-award-2025-buehne-frei-fuer-exzellentes-content-marketing\\\/#breadcrumb\",\"itemListElement\":[{\"@type\":\"ListItem\",\"position\":1,\"name\":\"Home\",\"item\":\"https:\\\/\\\/www.organisator.ch\\\/\"},{\"@type\":\"ListItem\",\"position\":2,\"name\":\"BCM-Award 2025: B\u00fchne frei f\u00fcr exzellentes Content Marketing\"}]},{\"@type\":\"WebSite\",\"@id\":\"https:\\\/\\\/www.organisator.ch\\\/#website\",\"url\":\"https:\\\/\\\/www.organisator.ch\\\/\",\"name\":\"Organisator\",\"description\":\"Kompetent. Praxisnah. Der ORGANISATOR bereitet in 10 Ausgaben pro Jahr die wesentlichen Themen f\u00fcr F\u00fchrungskr\u00e4fte von KMU auf.\",\"publisher\":{\"@id\":\"https:\\\/\\\/www.organisator.ch\\\/#organization\"},\"potentialAction\":[{\"@type\":\"SearchAction\",\"target\":{\"@type\":\"EntryPoint\",\"urlTemplate\":\"https:\\\/\\\/www.organisator.ch\\\/?s={search_term_string}\"},\"query-input\":{\"@type\":\"PropertyValueSpecification\",\"valueRequired\":true,\"valueName\":\"search_term_string\"}}],\"inLanguage\":\"it-IT\"},{\"@type\":\"Organization\",\"@id\":\"https:\\\/\\\/www.organisator.ch\\\/#organization\",\"name\":\"Organisator\",\"url\":\"https:\\\/\\\/www.organisator.ch\\\/\",\"logo\":{\"@type\":\"ImageObject\",\"inLanguage\":\"it-IT\",\"@id\":\"https:\\\/\\\/www.organisator.ch\\\/#\\\/schema\\\/logo\\\/image\\\/\",\"url\":\"https:\\\/\\\/www.organisator.ch\\\/wp-content\\\/uploads\\\/2022\\\/01\\\/Logo_Organisator_Website.png\",\"contentUrl\":\"https:\\\/\\\/www.organisator.ch\\\/wp-content\\\/uploads\\\/2022\\\/01\\\/Logo_Organisator_Website.png\",\"width\":800,\"height\":77,\"caption\":\"Organisator\"},\"image\":{\"@id\":\"https:\\\/\\\/www.organisator.ch\\\/#\\\/schema\\\/logo\\\/image\\\/\"},\"sameAs\":[\"https:\\\/\\\/www.facebook.com\\\/OrganisatorFachmagazin\",\"https:\\\/\\\/www.linkedin.com\\\/showcase\\\/organisator-das-magazin-fr-kmu\",\"https:\\\/\\\/www.xing.com\\\/news\\\/pages\\\/organisator-ch-695\",\"https:\\\/\\\/www.youtube.com\\\/channel\\\/UCGP2Sq0iWaZwT3BdIAQFYpw\"]},{\"@type\":\"Person\",\"@id\":\"https:\\\/\\\/www.organisator.ch\\\/#\\\/schema\\\/person\\\/4e51799071cd2dd1232ac003643ef5f0\",\"name\":\"galledia\",\"image\":{\"@type\":\"ImageObject\",\"inLanguage\":\"it-IT\",\"@id\":\"https:\\\/\\\/secure.gravatar.com\\\/avatar\\\/78a7f90c01fc2bfc875782a0d4922b37cde2cf184ce347b91316d23cd7f69a36?s=96&d=mm&r=g\",\"url\":\"https:\\\/\\\/secure.gravatar.com\\\/avatar\\\/78a7f90c01fc2bfc875782a0d4922b37cde2cf184ce347b91316d23cd7f69a36?s=96&d=mm&r=g\",\"contentUrl\":\"https:\\\/\\\/secure.gravatar.com\\\/avatar\\\/78a7f90c01fc2bfc875782a0d4922b37cde2cf184ce347b91316d23cd7f69a36?s=96&d=mm&r=g\",\"caption\":\"galledia\"},\"sameAs\":[\"https:\\\/\\\/x.com\\\/admin\"],\"url\":\"https:\\\/\\\/www.organisator.ch\\\/it\\\/author\\\/galledia\\\/\"}]}<\/script>\n<!-- \/ Yoast SEO plugin. -->","yoast_head_json":{"title":"Premio BCM 2025: aprire la strada a un content marketing d'eccellenza - Organizzatore","description":"Invia dal 1\u00b0 febbraio! Nuove categorie, punti focali e opportunit\u00e0 per soluzioni innovative di content marketing.","robots":{"index":"index","follow":"follow","max-snippet":"max-snippet:-1","max-image-preview":"max-image-preview:large","max-video-preview":"max-video-preview:-1"},"canonical":"https:\/\/www.organisator.ch\/it\/marketing\/2025-01-27\/bcm-award-2025-buehne-frei-fuer-exzellentes-content-marketing\/","og_locale":"it_IT","og_type":"article","og_title":"BCM-Award 2025: B\u00fchne frei f\u00fcr exzellentes Content Marketing - Organisator","og_description":"Ab 1. Februar einreichen! Neue Kategorien, Schwerpunkte und Chancen f\u00fcr innovative Content Marketing-L\u00f6sungen.","og_url":"https:\/\/www.organisator.ch\/it\/marketing\/2025-01-27\/bcm-award-2025-buehne-frei-fuer-exzellentes-content-marketing\/","og_site_name":"Organisator","article_publisher":"https:\/\/www.facebook.com\/OrganisatorFachmagazin","article_published_time":"2025-01-27T07:50:18+00:00","article_modified_time":"2025-01-27T08:27:00+00:00","author":"galledia","twitter_card":"summary_large_image","twitter_creator":"@admin","schema":{"@context":"https:\/\/schema.org","@graph":[{"@type":"Article","@id":"https:\/\/www.organisator.ch\/marketing\/2025-01-27\/bcm-award-2025-buehne-frei-fuer-exzellentes-content-marketing\/#article","isPartOf":{"@id":"https:\/\/www.organisator.ch\/marketing\/2025-01-27\/bcm-award-2025-buehne-frei-fuer-exzellentes-content-marketing\/"},"author":{"name":"galledia","@id":"https:\/\/www.organisator.ch\/#\/schema\/person\/4e51799071cd2dd1232ac003643ef5f0"},"headline":"BCM-Award 2025: B\u00fchne frei f\u00fcr exzellentes Content Marketing","datePublished":"2025-01-27T07:50:18+00:00","dateModified":"2025-01-27T08:27:00+00:00","mainEntityOfPage":{"@id":"https:\/\/www.organisator.ch\/marketing\/2025-01-27\/bcm-award-2025-buehne-frei-fuer-exzellentes-content-marketing\/"},"wordCount":270,"publisher":{"@id":"https:\/\/www.organisator.ch\/#organization"},"image":{"@id":"https:\/\/www.organisator.ch\/marketing\/2025-01-27\/bcm-award-2025-buehne-frei-fuer-exzellentes-content-marketing\/#primaryimage"},"thumbnailUrl":"https:\/\/www.markt-kom.com\/wp-content\/uploads\/2025\/01\/Best-of-Content-Marketing-Award.png","keywords":["Awards","BCM Award"],"articleSection":["MARKETING"],"inLanguage":"it-IT"},{"@type":"WebPage","@id":"https:\/\/www.organisator.ch\/marketing\/2025-01-27\/bcm-award-2025-buehne-frei-fuer-exzellentes-content-marketing\/","url":"https:\/\/www.organisator.ch\/marketing\/2025-01-27\/bcm-award-2025-buehne-frei-fuer-exzellentes-content-marketing\/","name":"Premio BCM 2025: aprire la strada a un content marketing d'eccellenza - Organizzatore","isPartOf":{"@id":"https:\/\/www.organisator.ch\/#website"},"primaryImageOfPage":{"@id":"https:\/\/www.organisator.ch\/marketing\/2025-01-27\/bcm-award-2025-buehne-frei-fuer-exzellentes-content-marketing\/#primaryimage"},"image":{"@id":"https:\/\/www.organisator.ch\/marketing\/2025-01-27\/bcm-award-2025-buehne-frei-fuer-exzellentes-content-marketing\/#primaryimage"},"thumbnailUrl":"https:\/\/www.markt-kom.com\/wp-content\/uploads\/2025\/01\/Best-of-Content-Marketing-Award.png","datePublished":"2025-01-27T07:50:18+00:00","dateModified":"2025-01-27T08:27:00+00:00","description":"Invia dal 1\u00b0 febbraio! Nuove categorie, punti focali e opportunit\u00e0 per soluzioni innovative di content marketing.","breadcrumb":{"@id":"https:\/\/www.organisator.ch\/marketing\/2025-01-27\/bcm-award-2025-buehne-frei-fuer-exzellentes-content-marketing\/#breadcrumb"},"inLanguage":"it-IT","potentialAction":[{"@type":"ReadAction","target":["https:\/\/www.organisator.ch\/marketing\/2025-01-27\/bcm-award-2025-buehne-frei-fuer-exzellentes-content-marketing\/"]}]},{"@type":"ImageObject","inLanguage":"it-IT","@id":"https:\/\/www.organisator.ch\/marketing\/2025-01-27\/bcm-award-2025-buehne-frei-fuer-exzellentes-content-marketing\/#primaryimage","url":"https:\/\/www.markt-kom.com\/wp-content\/uploads\/2025\/01\/Best-of-Content-Marketing-Award.png","contentUrl":"https:\/\/www.markt-kom.com\/wp-content\/uploads\/2025\/01\/Best-of-Content-Marketing-Award.png"},{"@type":"BreadcrumbList","@id":"https:\/\/www.organisator.ch\/marketing\/2025-01-27\/bcm-award-2025-buehne-frei-fuer-exzellentes-content-marketing\/#breadcrumb","itemListElement":[{"@type":"ListItem","position":1,"name":"Home","item":"https:\/\/www.organisator.ch\/"},{"@type":"ListItem","position":2,"name":"BCM-Award 2025: B\u00fchne frei f\u00fcr exzellentes Content Marketing"}]},{"@type":"WebSite","@id":"https:\/\/www.organisator.ch\/#website","url":"https:\/\/www.organisator.ch\/","name":"Organizzatore","description":"Competente. Pratico. In 10 numeri all'anno, ORGANISATOR presenta i temi essenziali per i manager delle PMI.","publisher":{"@id":"https:\/\/www.organisator.ch\/#organization"},"potentialAction":[{"@type":"SearchAction","target":{"@type":"EntryPoint","urlTemplate":"https:\/\/www.organisator.ch\/?s={search_term_string}"},"query-input":{"@type":"PropertyValueSpecification","valueRequired":true,"valueName":"search_term_string"}}],"inLanguage":"it-IT"},{"@type":"Organization","@id":"https:\/\/www.organisator.ch\/#organization","name":"Organizzatore","url":"https:\/\/www.organisator.ch\/","logo":{"@type":"ImageObject","inLanguage":"it-IT","@id":"https:\/\/www.organisator.ch\/#\/schema\/logo\/image\/","url":"https:\/\/www.organisator.ch\/wp-content\/uploads\/2022\/01\/Logo_Organisator_Website.png","contentUrl":"https:\/\/www.organisator.ch\/wp-content\/uploads\/2022\/01\/Logo_Organisator_Website.png","width":800,"height":77,"caption":"Organisator"},"image":{"@id":"https:\/\/www.organisator.ch\/#\/schema\/logo\/image\/"},"sameAs":["https:\/\/www.facebook.com\/OrganisatorFachmagazin","https:\/\/www.linkedin.com\/showcase\/organisator-das-magazin-fr-kmu","https:\/\/www.xing.com\/news\/pages\/organisator-ch-695","https:\/\/www.youtube.com\/channel\/UCGP2Sq0iWaZwT3BdIAQFYpw"]},{"@type":"Person","@id":"https:\/\/www.organisator.ch\/#\/schema\/person\/4e51799071cd2dd1232ac003643ef5f0","name":"galledia","image":{"@type":"ImageObject","inLanguage":"it-IT","@id":"https:\/\/secure.gravatar.com\/avatar\/78a7f90c01fc2bfc875782a0d4922b37cde2cf184ce347b91316d23cd7f69a36?s=96&d=mm&r=g","url":"https:\/\/secure.gravatar.com\/avatar\/78a7f90c01fc2bfc875782a0d4922b37cde2cf184ce347b91316d23cd7f69a36?s=96&d=mm&r=g","contentUrl":"https:\/\/secure.gravatar.com\/avatar\/78a7f90c01fc2bfc875782a0d4922b37cde2cf184ce347b91316d23cd7f69a36?s=96&d=mm&r=g","caption":"galledia"},"sameAs":["https:\/\/x.com\/admin"],"url":"https:\/\/www.organisator.ch\/it\/author\/galledia\/"}]}},"_links":{"self":[{"href":"https:\/\/www.organisator.ch\/it\/wp-json\/wp\/v2\/posts\/35553","targetHints":{"allow":["GET"]}}],"collection":[{"href":"https:\/\/www.organisator.ch\/it\/wp-json\/wp\/v2\/posts"}],"about":[{"href":"https:\/\/www.organisator.ch\/it\/wp-json\/wp\/v2\/types\/post"}],"author":[{"embeddable":true,"href":"https:\/\/www.organisator.ch\/it\/wp-json\/wp\/v2\/users\/8"}],"replies":[{"embeddable":true,"href":"https:\/\/www.organisator.ch\/it\/wp-json\/wp\/v2\/comments?post=35553"}],"version-history":[{"count":4,"href":"https:\/\/www.organisator.ch\/it\/wp-json\/wp\/v2\/posts\/35553\/revisions"}],"predecessor-version":[{"id":35556,"href":"https:\/\/www.organisator.ch\/it\/wp-json\/wp\/v2\/posts\/35553\/revisions\/35556"}],"wp:attachment":[{"href":"https:\/\/www.organisator.ch\/it\/wp-json\/wp\/v2\/media?parent=35553"}],"wp:term":[{"taxonomy":"category","embeddable":true,"href":"https:\/\/www.organisator.ch\/it\/wp-json\/wp\/v2\/categories?post=35553"},{"taxonomy":"post_tag","embeddable":true,"href":"https:\/\/www.organisator.ch\/it\/wp-json\/wp\/v2\/tags?post=35553"}],"curies":[{"name":"wp","href":"https:\/\/api.w.org\/{rel}","templated":true}]}}