{"id":35557,"date":"2025-01-27T13:20:03","date_gmt":"2025-01-27T12:20:03","guid":{"rendered":"https:\/\/www.markt-kom.com\/?p=229516"},"modified":"2025-01-27T13:15:22","modified_gmt":"2025-01-27T12:15:22","slug":"jolanda-spiess-hegglin-klage-gegen-ringier-gutgeheissen","status":"publish","type":"post","link":"https:\/\/www.organisator.ch\/it\/marketing\/2025-01-27\/jolanda-spiess-hegglin-klage-gegen-ringier-gutgeheissen\/","title":{"rendered":"Jolanda Spiess-Hegglin: accolta la causa contro Ringier"},"content":{"rendered":"<p><a href=\"https:\/\/www.markt-kom.com\/wp-content\/uploads\/2021\/04\/ringier-logo.png\"><img class=\"alignnone size-full wp-image-147047\" src=\"https:\/\/www.markt-kom.com\/wp-content\/uploads\/2021\/04\/ringier-logo.png\" sizes=\"(max-width: 996px) 100vw, 996px\" srcset=\"https:\/\/www.markt-kom.com\/wp-content\/uploads\/2021\/04\/ringier-logo.png 996w, https:\/\/www.markt-kom.com\/wp-content\/uploads\/2021\/04\/ringier-logo-300x169.png 300w, https:\/\/www.markt-kom.com\/wp-content\/uploads\/2021\/04\/ringier-logo-768x432.png 768w, https:\/\/www.markt-kom.com\/wp-content\/uploads\/2021\/04\/ringier-logo-16x9.png 16w, https:\/\/www.markt-kom.com\/wp-content\/uploads\/2021\/04\/ringier-logo-311x175.png 311w, https:\/\/www.markt-kom.com\/wp-content\/uploads\/2021\/04\/ringier-logo-623x350.png 623w, https:\/\/www.markt-kom.com\/wp-content\/uploads\/2021\/04\/ringier-logo-920x517.png 920w\" alt=\"\" width=\"996\" height=\"560\" \/><\/a><\/p>\r\n<p>Il Tribunale cantonale di Zugo ha accolto la richiesta di Jolanda Spiess-Hegglin di restituzione dei profitti nei confronti di Ringier in prima istanza. La sentenza stabilisce che Ringier deve pagare 309.531 franchi dei 431.527 franchi richiesti all'attrice. Tuttavia, Ringier critica il fatto che la decisione abbia ignorato in larga misura i dati commerciali divulgati e una perizia di PwC. Secondo Ringier, il profitto effettivo realizzato era una frazione dell'importo riconosciuto.<\/p>\r\n<p>Ladina Heimgartner, Head Media e CEO di Ringier Media Svizzera, commenta cos\u00ec: \"Il resoconto degli eventi relativi a Jolanda Spiess-Hegglin e alla celebrazione di Landammann nel 2014 non \u00e8 uno dei migliori momenti giornalistici di questo Paese e del Blick. Il modo in cui \u00e8 stato riportato all'epoca \u00e8 espressione di uno stile tabloid duro che il Blick ha smesso di praticare da tempo, e questo \u00e8 un bene.\"<\/p>\r\n<p>Il Tribunale cantonale di Zugo aveva gi\u00e0 confermato nel 2020 che il Blick aveva violato i diritti personali dell'ex consigliere cantonale con i suoi servizi all'epoca - una sentenza che Ringier ha accettato. Dal punto di vista dell'azienda mediatica, la sentenza emessa ora sulla questione dei profitti \u00e8 pericolosa: \"Questa sentenza mette a rischio la libert\u00e0 dei media nel nostro Paese\", afferma Heimgartner. \"Se il giornalismo viene minacciato con multe di questo tipo, la volont\u00e0 di fare informazione critica sar\u00e0 fortemente limitata\".<\/p>\r\n<p>Ringier ha annunciato che ricorrer\u00e0 in appello contro la sentenza presso l'Alta Corte del Cantone di Zugo, poich\u00e9 secondo l'azienda \u00e8 priva di qualsiasi base fattuale e invia un segnale pericoloso per la libert\u00e0 dei media in Svizzera.<\/p>","protected":false},"excerpt":{"rendered":"<p>Il Tribunale cantonale di Zugo ha ordinato a Ringier di consegnare 309.531 franchi svizzeri di profitti a Jolanda Spiess-Hegglin. Ringier critica la sentenza in quanto priva di fondamento fattuale e presenter\u00e0 ricorso.<\/p>","protected":false},"author":8,"featured_media":0,"comment_status":"closed","ping_status":"closed","sticky":false,"template":"","format":"standard","meta":{"_acf_changed":false,"_yoast_wpseo_focuskw":"Jolanda Spiess-Hegglin","_yoast_wpseo_metadesc":"Ringier wurde zur Gewinnherausgabe von CHF 309'531 an Jolanda Spiess-Hegglin verurteilt und will das Urteil wegen Gef\u00e4hrdung der Medienfreiheit anfechten.","articlekey":"","footnotes":""},"categories":[29],"tags":[5044,4343,4600],"class_list":["post-35557","post","type-post","status-publish","format-standard","hentry","category-marketing","tag-jolanda-spiess-hegglin","tag-markom","tag-ringier"],"acf":[],"yoast_head":"<!-- This site is optimized with the Yoast SEO plugin v27.5 - https:\/\/yoast.com\/product\/yoast-seo-wordpress\/ -->\n<title>Jolanda Spiess-Hegglin: Klage gegen Ringier gutgeheissen - Organisator<\/title>\n<meta name=\"description\" content=\"Ringier wurde zur Gewinnherausgabe von CHF 309&#039;531 an Jolanda Spiess-Hegglin verurteilt und will das Urteil wegen Gef\u00e4hrdung der Medienfreiheit anfechten.\" \/>\n<meta name=\"robots\" content=\"index, follow, max-snippet:-1, max-image-preview:large, max-video-preview:-1\" \/>\n<link rel=\"canonical\" href=\"https:\/\/www.organisator.ch\/it\/marketing\/2025-01-27\/jolanda-spiess-hegglin-klage-gegen-ringier-gutgeheissen\/\" \/>\n<meta property=\"og:locale\" content=\"it_IT\" \/>\n<meta property=\"og:type\" content=\"article\" \/>\n<meta property=\"og:title\" content=\"Jolanda Spiess-Hegglin: Klage gegen Ringier gutgeheissen - Organisator\" \/>\n<meta property=\"og:description\" content=\"Ringier wurde zur Gewinnherausgabe von CHF 309&#039;531 an Jolanda Spiess-Hegglin verurteilt und will das Urteil wegen Gef\u00e4hrdung der Medienfreiheit anfechten.\" \/>\n<meta property=\"og:url\" content=\"https:\/\/www.organisator.ch\/it\/marketing\/2025-01-27\/jolanda-spiess-hegglin-klage-gegen-ringier-gutgeheissen\/\" \/>\n<meta property=\"og:site_name\" content=\"Organisator\" \/>\n<meta property=\"article:publisher\" content=\"https:\/\/www.facebook.com\/OrganisatorFachmagazin\" \/>\n<meta property=\"article:published_time\" content=\"2025-01-27T12:20:03+00:00\" \/>\n<meta name=\"author\" content=\"galledia\" \/>\n<meta name=\"twitter:card\" content=\"summary_large_image\" \/>\n<meta name=\"twitter:creator\" content=\"@admin\" \/>\n<script type=\"application\/ld+json\" class=\"yoast-schema-graph\">{\"@context\":\"https:\\\/\\\/schema.org\",\"@graph\":[{\"@type\":\"Article\",\"@id\":\"https:\\\/\\\/www.organisator.ch\\\/marketing\\\/2025-01-27\\\/jolanda-spiess-hegglin-klage-gegen-ringier-gutgeheissen\\\/#article\",\"isPartOf\":{\"@id\":\"https:\\\/\\\/www.organisator.ch\\\/marketing\\\/2025-01-27\\\/jolanda-spiess-hegglin-klage-gegen-ringier-gutgeheissen\\\/\"},\"author\":{\"name\":\"galledia\",\"@id\":\"https:\\\/\\\/www.organisator.ch\\\/#\\\/schema\\\/person\\\/4e51799071cd2dd1232ac003643ef5f0\"},\"headline\":\"Jolanda Spiess-Hegglin: Klage gegen Ringier gutgeheissen\",\"datePublished\":\"2025-01-27T12:20:03+00:00\",\"mainEntityOfPage\":{\"@id\":\"https:\\\/\\\/www.organisator.ch\\\/marketing\\\/2025-01-27\\\/jolanda-spiess-hegglin-klage-gegen-ringier-gutgeheissen\\\/\"},\"wordCount\":236,\"publisher\":{\"@id\":\"https:\\\/\\\/www.organisator.ch\\\/#organization\"},\"image\":{\"@id\":\"https:\\\/\\\/www.organisator.ch\\\/marketing\\\/2025-01-27\\\/jolanda-spiess-hegglin-klage-gegen-ringier-gutgeheissen\\\/#primaryimage\"},\"thumbnailUrl\":\"https:\\\/\\\/www.markt-kom.com\\\/wp-content\\\/uploads\\\/2021\\\/04\\\/ringier-logo.png\",\"keywords\":[\"Jolanda Spiess-Hegglin\",\"MarKom\",\"Ringier\"],\"articleSection\":[\"MARKETING\"],\"inLanguage\":\"it-IT\"},{\"@type\":\"WebPage\",\"@id\":\"https:\\\/\\\/www.organisator.ch\\\/marketing\\\/2025-01-27\\\/jolanda-spiess-hegglin-klage-gegen-ringier-gutgeheissen\\\/\",\"url\":\"https:\\\/\\\/www.organisator.ch\\\/marketing\\\/2025-01-27\\\/jolanda-spiess-hegglin-klage-gegen-ringier-gutgeheissen\\\/\",\"name\":\"Jolanda Spiess-Hegglin: Klage gegen Ringier gutgeheissen - Organisator\",\"isPartOf\":{\"@id\":\"https:\\\/\\\/www.organisator.ch\\\/#website\"},\"primaryImageOfPage\":{\"@id\":\"https:\\\/\\\/www.organisator.ch\\\/marketing\\\/2025-01-27\\\/jolanda-spiess-hegglin-klage-gegen-ringier-gutgeheissen\\\/#primaryimage\"},\"image\":{\"@id\":\"https:\\\/\\\/www.organisator.ch\\\/marketing\\\/2025-01-27\\\/jolanda-spiess-hegglin-klage-gegen-ringier-gutgeheissen\\\/#primaryimage\"},\"thumbnailUrl\":\"https:\\\/\\\/www.markt-kom.com\\\/wp-content\\\/uploads\\\/2021\\\/04\\\/ringier-logo.png\",\"datePublished\":\"2025-01-27T12:20:03+00:00\",\"description\":\"Ringier wurde zur Gewinnherausgabe von CHF 309'531 an Jolanda Spiess-Hegglin verurteilt und will das Urteil wegen Gef\u00e4hrdung der Medienfreiheit anfechten.\",\"breadcrumb\":{\"@id\":\"https:\\\/\\\/www.organisator.ch\\\/marketing\\\/2025-01-27\\\/jolanda-spiess-hegglin-klage-gegen-ringier-gutgeheissen\\\/#breadcrumb\"},\"inLanguage\":\"it-IT\",\"potentialAction\":[{\"@type\":\"ReadAction\",\"target\":[\"https:\\\/\\\/www.organisator.ch\\\/marketing\\\/2025-01-27\\\/jolanda-spiess-hegglin-klage-gegen-ringier-gutgeheissen\\\/\"]}]},{\"@type\":\"ImageObject\",\"inLanguage\":\"it-IT\",\"@id\":\"https:\\\/\\\/www.organisator.ch\\\/marketing\\\/2025-01-27\\\/jolanda-spiess-hegglin-klage-gegen-ringier-gutgeheissen\\\/#primaryimage\",\"url\":\"https:\\\/\\\/www.markt-kom.com\\\/wp-content\\\/uploads\\\/2021\\\/04\\\/ringier-logo.png\",\"contentUrl\":\"https:\\\/\\\/www.markt-kom.com\\\/wp-content\\\/uploads\\\/2021\\\/04\\\/ringier-logo.png\"},{\"@type\":\"BreadcrumbList\",\"@id\":\"https:\\\/\\\/www.organisator.ch\\\/marketing\\\/2025-01-27\\\/jolanda-spiess-hegglin-klage-gegen-ringier-gutgeheissen\\\/#breadcrumb\",\"itemListElement\":[{\"@type\":\"ListItem\",\"position\":1,\"name\":\"Home\",\"item\":\"https:\\\/\\\/www.organisator.ch\\\/\"},{\"@type\":\"ListItem\",\"position\":2,\"name\":\"Jolanda Spiess-Hegglin: Klage gegen Ringier gutgeheissen\"}]},{\"@type\":\"WebSite\",\"@id\":\"https:\\\/\\\/www.organisator.ch\\\/#website\",\"url\":\"https:\\\/\\\/www.organisator.ch\\\/\",\"name\":\"Organisator\",\"description\":\"Kompetent. Praxisnah. Der ORGANISATOR bereitet in 10 Ausgaben pro Jahr die wesentlichen Themen f\u00fcr F\u00fchrungskr\u00e4fte von KMU auf.\",\"publisher\":{\"@id\":\"https:\\\/\\\/www.organisator.ch\\\/#organization\"},\"potentialAction\":[{\"@type\":\"SearchAction\",\"target\":{\"@type\":\"EntryPoint\",\"urlTemplate\":\"https:\\\/\\\/www.organisator.ch\\\/?s={search_term_string}\"},\"query-input\":{\"@type\":\"PropertyValueSpecification\",\"valueRequired\":true,\"valueName\":\"search_term_string\"}}],\"inLanguage\":\"it-IT\"},{\"@type\":\"Organization\",\"@id\":\"https:\\\/\\\/www.organisator.ch\\\/#organization\",\"name\":\"Organisator\",\"url\":\"https:\\\/\\\/www.organisator.ch\\\/\",\"logo\":{\"@type\":\"ImageObject\",\"inLanguage\":\"it-IT\",\"@id\":\"https:\\\/\\\/www.organisator.ch\\\/#\\\/schema\\\/logo\\\/image\\\/\",\"url\":\"https:\\\/\\\/www.organisator.ch\\\/wp-content\\\/uploads\\\/2022\\\/01\\\/Logo_Organisator_Website.png\",\"contentUrl\":\"https:\\\/\\\/www.organisator.ch\\\/wp-content\\\/uploads\\\/2022\\\/01\\\/Logo_Organisator_Website.png\",\"width\":800,\"height\":77,\"caption\":\"Organisator\"},\"image\":{\"@id\":\"https:\\\/\\\/www.organisator.ch\\\/#\\\/schema\\\/logo\\\/image\\\/\"},\"sameAs\":[\"https:\\\/\\\/www.facebook.com\\\/OrganisatorFachmagazin\",\"https:\\\/\\\/www.linkedin.com\\\/showcase\\\/organisator-das-magazin-fr-kmu\",\"https:\\\/\\\/www.xing.com\\\/news\\\/pages\\\/organisator-ch-695\",\"https:\\\/\\\/www.youtube.com\\\/channel\\\/UCGP2Sq0iWaZwT3BdIAQFYpw\"]},{\"@type\":\"Person\",\"@id\":\"https:\\\/\\\/www.organisator.ch\\\/#\\\/schema\\\/person\\\/4e51799071cd2dd1232ac003643ef5f0\",\"name\":\"galledia\",\"image\":{\"@type\":\"ImageObject\",\"inLanguage\":\"it-IT\",\"@id\":\"https:\\\/\\\/secure.gravatar.com\\\/avatar\\\/78a7f90c01fc2bfc875782a0d4922b37cde2cf184ce347b91316d23cd7f69a36?s=96&d=mm&r=g\",\"url\":\"https:\\\/\\\/secure.gravatar.com\\\/avatar\\\/78a7f90c01fc2bfc875782a0d4922b37cde2cf184ce347b91316d23cd7f69a36?s=96&d=mm&r=g\",\"contentUrl\":\"https:\\\/\\\/secure.gravatar.com\\\/avatar\\\/78a7f90c01fc2bfc875782a0d4922b37cde2cf184ce347b91316d23cd7f69a36?s=96&d=mm&r=g\",\"caption\":\"galledia\"},\"sameAs\":[\"https:\\\/\\\/x.com\\\/admin\"],\"url\":\"https:\\\/\\\/www.organisator.ch\\\/it\\\/author\\\/galledia\\\/\"}]}<\/script>\n<!-- \/ Yoast SEO plugin. -->","yoast_head_json":{"title":"Jolanda Spiess-Hegglin: accolta la causa contro Ringier - Organizzatore","description":"Ringier \u00e8 stata condannata a consegnare 309.531 franchi svizzeri di profitti a Jolanda Spiess-Hegglin e intende appellarsi alla sentenza perch\u00e9 mette a rischio la libert\u00e0 dei media.","robots":{"index":"index","follow":"follow","max-snippet":"max-snippet:-1","max-image-preview":"max-image-preview:large","max-video-preview":"max-video-preview:-1"},"canonical":"https:\/\/www.organisator.ch\/it\/marketing\/2025-01-27\/jolanda-spiess-hegglin-klage-gegen-ringier-gutgeheissen\/","og_locale":"it_IT","og_type":"article","og_title":"Jolanda Spiess-Hegglin: Klage gegen Ringier gutgeheissen - Organisator","og_description":"Ringier wurde zur Gewinnherausgabe von CHF 309'531 an Jolanda Spiess-Hegglin verurteilt und will das Urteil wegen Gef\u00e4hrdung der Medienfreiheit anfechten.","og_url":"https:\/\/www.organisator.ch\/it\/marketing\/2025-01-27\/jolanda-spiess-hegglin-klage-gegen-ringier-gutgeheissen\/","og_site_name":"Organisator","article_publisher":"https:\/\/www.facebook.com\/OrganisatorFachmagazin","article_published_time":"2025-01-27T12:20:03+00:00","author":"galledia","twitter_card":"summary_large_image","twitter_creator":"@admin","schema":{"@context":"https:\/\/schema.org","@graph":[{"@type":"Article","@id":"https:\/\/www.organisator.ch\/marketing\/2025-01-27\/jolanda-spiess-hegglin-klage-gegen-ringier-gutgeheissen\/#article","isPartOf":{"@id":"https:\/\/www.organisator.ch\/marketing\/2025-01-27\/jolanda-spiess-hegglin-klage-gegen-ringier-gutgeheissen\/"},"author":{"name":"galledia","@id":"https:\/\/www.organisator.ch\/#\/schema\/person\/4e51799071cd2dd1232ac003643ef5f0"},"headline":"Jolanda Spiess-Hegglin: Klage gegen Ringier gutgeheissen","datePublished":"2025-01-27T12:20:03+00:00","mainEntityOfPage":{"@id":"https:\/\/www.organisator.ch\/marketing\/2025-01-27\/jolanda-spiess-hegglin-klage-gegen-ringier-gutgeheissen\/"},"wordCount":236,"publisher":{"@id":"https:\/\/www.organisator.ch\/#organization"},"image":{"@id":"https:\/\/www.organisator.ch\/marketing\/2025-01-27\/jolanda-spiess-hegglin-klage-gegen-ringier-gutgeheissen\/#primaryimage"},"thumbnailUrl":"https:\/\/www.markt-kom.com\/wp-content\/uploads\/2021\/04\/ringier-logo.png","keywords":["Jolanda Spiess-Hegglin","MarKom","Ringier"],"articleSection":["MARKETING"],"inLanguage":"it-IT"},{"@type":"WebPage","@id":"https:\/\/www.organisator.ch\/marketing\/2025-01-27\/jolanda-spiess-hegglin-klage-gegen-ringier-gutgeheissen\/","url":"https:\/\/www.organisator.ch\/marketing\/2025-01-27\/jolanda-spiess-hegglin-klage-gegen-ringier-gutgeheissen\/","name":"Jolanda Spiess-Hegglin: accolta la causa contro Ringier - Organizzatore","isPartOf":{"@id":"https:\/\/www.organisator.ch\/#website"},"primaryImageOfPage":{"@id":"https:\/\/www.organisator.ch\/marketing\/2025-01-27\/jolanda-spiess-hegglin-klage-gegen-ringier-gutgeheissen\/#primaryimage"},"image":{"@id":"https:\/\/www.organisator.ch\/marketing\/2025-01-27\/jolanda-spiess-hegglin-klage-gegen-ringier-gutgeheissen\/#primaryimage"},"thumbnailUrl":"https:\/\/www.markt-kom.com\/wp-content\/uploads\/2021\/04\/ringier-logo.png","datePublished":"2025-01-27T12:20:03+00:00","description":"Ringier \u00e8 stata condannata a consegnare 309.531 franchi svizzeri di profitti a Jolanda Spiess-Hegglin e intende appellarsi alla sentenza perch\u00e9 mette a rischio la libert\u00e0 dei media.","breadcrumb":{"@id":"https:\/\/www.organisator.ch\/marketing\/2025-01-27\/jolanda-spiess-hegglin-klage-gegen-ringier-gutgeheissen\/#breadcrumb"},"inLanguage":"it-IT","potentialAction":[{"@type":"ReadAction","target":["https:\/\/www.organisator.ch\/marketing\/2025-01-27\/jolanda-spiess-hegglin-klage-gegen-ringier-gutgeheissen\/"]}]},{"@type":"ImageObject","inLanguage":"it-IT","@id":"https:\/\/www.organisator.ch\/marketing\/2025-01-27\/jolanda-spiess-hegglin-klage-gegen-ringier-gutgeheissen\/#primaryimage","url":"https:\/\/www.markt-kom.com\/wp-content\/uploads\/2021\/04\/ringier-logo.png","contentUrl":"https:\/\/www.markt-kom.com\/wp-content\/uploads\/2021\/04\/ringier-logo.png"},{"@type":"BreadcrumbList","@id":"https:\/\/www.organisator.ch\/marketing\/2025-01-27\/jolanda-spiess-hegglin-klage-gegen-ringier-gutgeheissen\/#breadcrumb","itemListElement":[{"@type":"ListItem","position":1,"name":"Home","item":"https:\/\/www.organisator.ch\/"},{"@type":"ListItem","position":2,"name":"Jolanda Spiess-Hegglin: Klage gegen Ringier gutgeheissen"}]},{"@type":"WebSite","@id":"https:\/\/www.organisator.ch\/#website","url":"https:\/\/www.organisator.ch\/","name":"Organizzatore","description":"Competente. Pratico. In 10 numeri all'anno, ORGANISATOR presenta i temi essenziali per i manager delle PMI.","publisher":{"@id":"https:\/\/www.organisator.ch\/#organization"},"potentialAction":[{"@type":"SearchAction","target":{"@type":"EntryPoint","urlTemplate":"https:\/\/www.organisator.ch\/?s={search_term_string}"},"query-input":{"@type":"PropertyValueSpecification","valueRequired":true,"valueName":"search_term_string"}}],"inLanguage":"it-IT"},{"@type":"Organization","@id":"https:\/\/www.organisator.ch\/#organization","name":"Organizzatore","url":"https:\/\/www.organisator.ch\/","logo":{"@type":"ImageObject","inLanguage":"it-IT","@id":"https:\/\/www.organisator.ch\/#\/schema\/logo\/image\/","url":"https:\/\/www.organisator.ch\/wp-content\/uploads\/2022\/01\/Logo_Organisator_Website.png","contentUrl":"https:\/\/www.organisator.ch\/wp-content\/uploads\/2022\/01\/Logo_Organisator_Website.png","width":800,"height":77,"caption":"Organisator"},"image":{"@id":"https:\/\/www.organisator.ch\/#\/schema\/logo\/image\/"},"sameAs":["https:\/\/www.facebook.com\/OrganisatorFachmagazin","https:\/\/www.linkedin.com\/showcase\/organisator-das-magazin-fr-kmu","https:\/\/www.xing.com\/news\/pages\/organisator-ch-695","https:\/\/www.youtube.com\/channel\/UCGP2Sq0iWaZwT3BdIAQFYpw"]},{"@type":"Person","@id":"https:\/\/www.organisator.ch\/#\/schema\/person\/4e51799071cd2dd1232ac003643ef5f0","name":"galledia","image":{"@type":"ImageObject","inLanguage":"it-IT","@id":"https:\/\/secure.gravatar.com\/avatar\/78a7f90c01fc2bfc875782a0d4922b37cde2cf184ce347b91316d23cd7f69a36?s=96&d=mm&r=g","url":"https:\/\/secure.gravatar.com\/avatar\/78a7f90c01fc2bfc875782a0d4922b37cde2cf184ce347b91316d23cd7f69a36?s=96&d=mm&r=g","contentUrl":"https:\/\/secure.gravatar.com\/avatar\/78a7f90c01fc2bfc875782a0d4922b37cde2cf184ce347b91316d23cd7f69a36?s=96&d=mm&r=g","caption":"galledia"},"sameAs":["https:\/\/x.com\/admin"],"url":"https:\/\/www.organisator.ch\/it\/author\/galledia\/"}]}},"_links":{"self":[{"href":"https:\/\/www.organisator.ch\/it\/wp-json\/wp\/v2\/posts\/35557","targetHints":{"allow":["GET"]}}],"collection":[{"href":"https:\/\/www.organisator.ch\/it\/wp-json\/wp\/v2\/posts"}],"about":[{"href":"https:\/\/www.organisator.ch\/it\/wp-json\/wp\/v2\/types\/post"}],"author":[{"embeddable":true,"href":"https:\/\/www.organisator.ch\/it\/wp-json\/wp\/v2\/users\/8"}],"replies":[{"embeddable":true,"href":"https:\/\/www.organisator.ch\/it\/wp-json\/wp\/v2\/comments?post=35557"}],"version-history":[{"count":5,"href":"https:\/\/www.organisator.ch\/it\/wp-json\/wp\/v2\/posts\/35557\/revisions"}],"predecessor-version":[{"id":35581,"href":"https:\/\/www.organisator.ch\/it\/wp-json\/wp\/v2\/posts\/35557\/revisions\/35581"}],"wp:attachment":[{"href":"https:\/\/www.organisator.ch\/it\/wp-json\/wp\/v2\/media?parent=35557"}],"wp:term":[{"taxonomy":"category","embeddable":true,"href":"https:\/\/www.organisator.ch\/it\/wp-json\/wp\/v2\/categories?post=35557"},{"taxonomy":"post_tag","embeddable":true,"href":"https:\/\/www.organisator.ch\/it\/wp-json\/wp\/v2\/tags?post=35557"}],"curies":[{"name":"wp","href":"https:\/\/api.w.org\/{rel}","templated":true}]}}