{"id":35617,"date":"2025-01-29T13:12:32","date_gmt":"2025-01-29T12:12:32","guid":{"rendered":"https:\/\/www.organisator.ch\/?p=35617"},"modified":"2025-01-29T10:54:50","modified_gmt":"2025-01-29T09:54:50","slug":"schweizer-firmen-weniger-optimistisch","status":"publish","type":"post","link":"https:\/\/www.organisator.ch\/it\/management\/2025-01-29\/schweizer-firmen-weniger-optimistisch\/","title":{"rendered":"Le aziende svizzere sono meno ottimiste"},"content":{"rendered":"<figure id=\"attachment_35618\" aria-describedby=\"caption-attachment-35618\" style=\"width: 680px\" class=\"wp-caption alignnone\"><img loading=\"lazy\" decoding=\"async\" class=\"size-full wp-image-35618\" src=\"https:\/\/www.organisator.ch\/wp-content\/uploads\/2025\/01\/Dun-Bradstreet_Bild1_ps.jpg\" alt=\"\" width=\"680\" height=\"532\" srcset=\"https:\/\/www.organisator.ch\/wp-content\/uploads\/2025\/01\/Dun-Bradstreet_Bild1_ps.jpg 680w, https:\/\/www.organisator.ch\/wp-content\/uploads\/2025\/01\/Dun-Bradstreet_Bild1_ps-15x12.jpg 15w, https:\/\/www.organisator.ch\/wp-content\/uploads\/2025\/01\/Dun-Bradstreet_Bild1_ps-375x293.jpg 375w, https:\/\/www.organisator.ch\/wp-content\/uploads\/2025\/01\/Dun-Bradstreet_Bild1_ps-447x350.jpg 447w\" sizes=\"auto, (max-width: 680px) 100vw, 680px\" \/><figcaption id=\"caption-attachment-35618\" class=\"wp-caption-text\">Crollano le aspettative delle imprese in Svizzera: il Global Business Optimism Index scende del 14 %. Le aziende sono riluttanti a investire. (Immagine: www.depositphotos.com)<\/figcaption><\/figure>\n<p>L'indice di ottimismo globale delle imprese \u00e8 diminuito in tutti i 32 Paesi analizzati. Gli ordini di esportazione sono diminuiti in 26 di essi. Gli Stati Uniti e la Cina continentale sono stati particolarmente colpiti, con un calo del 10%. Le ragioni principali sono le crescenti preoccupazioni per l'indebolimento dell'economia, le crescenti tensioni geopolitiche e le incertezze della politica commerciale.<\/p>\n<p>Le aziende sono pi\u00f9 scettiche sulla stabilit\u00e0 della catena di approvvigionamento e frenano gli investimenti. I cambiamenti politici annunciati dalla nuova amministrazione statunitense rafforzano questa cautela. Tuttavia, la tendenza indica una correzione del precedente ottimismo piuttosto che un deterioramento delle prospettive.<\/p>\n<h3><strong>Svizzera: le aspettative delle imprese sono in calo in tutti i settori<\/strong><\/h3>\n<ul>\n<li><strong>Ottimismo delle imprese:<\/strong> Il calo del Global Business Optimism Index in Svizzera \u00e8 rimasto leggermente superiore al calo globale del 13%. La Germania (-23%), il Kenya (-25%), l'Egitto e l'Ungheria (-23% ciascuno) hanno registrato il calo pi\u00f9 marcato del valore dell'indice. Le perdite pi\u00f9 basse sono state registrate in Polonia (-1%), Svezia (-2%) e Australia (-3%).<\/li>\n<li><strong>Fiducia finanziaria:<\/strong> Il Global Business Financial Confidence Index \u00e8 sceso del 17% a 116 punti. Ci\u00f2 significa che la Svizzera ha registrato uno dei cali pi\u00f9 elevati in Europa. L'Ungheria (-27%), la Germania (-24%) e la Repubblica Ceca (-21%) hanno registrato le perdite maggiori.<\/li>\n<li><strong>Disponibilit\u00e0 a investire:<\/strong> L'Indice di fiducia globale degli investimenti delle imprese \u00e8 sceso del 9% a 127 punti. Si tratta di un punto in meno rispetto alla media globale di 128 punti. In Europa, la Polonia (+4%) ha registrato il valore pi\u00f9 alto con 134 punti, mentre la Germania (-17%) ha registrato il valore pi\u00f9 basso con 110 punti.<\/li>\n<li><strong>Stabilit\u00e0 della catena di approvvigionamento:<\/strong> Il Global Supply Chain Continuity Index \u00e8 sceso del 15% a 105 punti. In Europa, l'Ungheria (-30%), i Paesi Bassi (-29%) e la Repubblica Ceca (-26%) hanno registrato i cali maggiori. I motivi sono gli alti costi di trasporto, la mancanza di container, i conflitti geopolitici e i ritardi nei pagamenti.<\/li>\n<li><strong>Focus ESG:<\/strong> L'indice Global Business ESG in Svizzera \u00e8 migliorato del 2%. L'Australia ha registrato l'aumento pi\u00f9 elevato a livello mondiale (26%), seguita dai Paesi Bassi (24%) e dall'Italia (19%). La Germania, invece, ha registrato il calo pi\u00f9 marcato (-15%).<\/li>\n<\/ul>\n<h3><strong>Prospettive globali: I rischi aumentano in modo significativo<\/strong><\/h3>\n<p>Arun Singh, Global Chief Economist di Dun &amp; Bradstreet, spiega: \"Le aziende di tutto il mondo stanno iniziando con cautela il primo trimestre del 2025. L'elevata concentrazione di fornitori \u00e8 un particolare motivo di preoccupazione: solo il 51% delle aziende \u00e8 fiducioso di poterla superare. Nel trimestre precedente la percentuale era del 59%. Allo stesso tempo, il costo del capitale rimane elevato nonostante il calo dei tassi d'interesse delle banche centrali - un segnale d'allarme per l'aumento del rischio di insolvenza del credito. Le aspettative di vendita e di redditivit\u00e0, che sono contenute, stanno ulteriormente aggravando la situazione\".<\/p>\n<p><em>Fonte: <a href=\"http:\/\/www.dnb.com\">www.dnb.com<\/a><\/em><\/p>","protected":false},"excerpt":{"rendered":"<p>L'indice di ottimismo globale delle imprese \u00e8 sceso a 121 punti in Svizzera nel primo trimestre del 2025 (-14%). Il calo \u00e8 quindi leggermente superiore a quello globale del 13% (da 131 a 114 punti). Questi sono i risultati dell'ultimo Global Business Optimism Insights Report di Dun &amp; Bradstreet. Per lo studio sono state interpellate 10.000 aziende di 32 Paesi e 17 settori sulle loro aspettative di business.<\/p>","protected":false},"author":80,"featured_media":35618,"comment_status":"closed","ping_status":"closed","sticky":false,"template":"","format":"standard","meta":{"_acf_changed":false,"_yoast_wpseo_focuskw":"Business Optimism Index Schweiz","_yoast_wpseo_metadesc":"Der Business Optimism Index in der Schweiz f\u00e4llt um 14 %. Unternehmen sind bei Investitionen zur\u00fcckhaltend, Lieferketten bleiben unsicher.","articlekey":"","footnotes":""},"categories":[28],"tags":[5048,5049,412,424,492],"class_list":["post-35617","post","type-post","status-publish","format-standard","has-post-thumbnail","hentry","category-management","tag-geschaeftserwartungen","tag-global-business-optimism-inde","tag-report","tag-schweiz","tag-unternehmen"],"acf":[],"yoast_head":"<!-- This site is optimized with the Yoast SEO plugin v27.5 - https:\/\/yoast.com\/product\/yoast-seo-wordpress\/ -->\n<title>Schweizer Firmen weniger optimistisch - Organisator<\/title>\n<meta name=\"description\" content=\"Der Business Optimism Index in der Schweiz f\u00e4llt um 14 %. Unternehmen sind bei Investitionen zur\u00fcckhaltend, Lieferketten bleiben unsicher.\" \/>\n<meta name=\"robots\" content=\"index, follow, max-snippet:-1, max-image-preview:large, max-video-preview:-1\" \/>\n<link rel=\"canonical\" href=\"https:\/\/www.organisator.ch\/it\/gestione-2\/2025-01-29\/schweizer-firmen-weniger-optimistisch\/\" \/>\n<meta property=\"og:locale\" content=\"it_IT\" \/>\n<meta property=\"og:type\" content=\"article\" \/>\n<meta property=\"og:title\" content=\"Optimismus in der Schweiz sinkt\" \/>\n<meta property=\"og:description\" content=\"Gesch\u00e4ftserwartungen in der Schweiz sinken: Der Global Business Optimism Index f\u00e4llt um 14 %. Unternehmen zeigen sich zur\u00fcckhaltend bei Investitionen.\" \/>\n<meta property=\"og:url\" content=\"https:\/\/www.organisator.ch\/it\/gestione-2\/2025-01-29\/schweizer-firmen-weniger-optimistisch\/\" \/>\n<meta property=\"og:site_name\" content=\"Organisator\" \/>\n<meta property=\"article:publisher\" content=\"https:\/\/www.facebook.com\/OrganisatorFachmagazin\" \/>\n<meta property=\"article:published_time\" content=\"2025-01-29T12:12:32+00:00\" \/>\n<meta property=\"og:image\" content=\"https:\/\/www.organisator.ch\/wp-content\/uploads\/2025\/01\/Dun-Bradstreet_Bild1_ps.jpg\" \/>\n\t<meta property=\"og:image:width\" content=\"680\" \/>\n\t<meta property=\"og:image:height\" content=\"532\" \/>\n\t<meta property=\"og:image:type\" content=\"image\/jpeg\" \/>\n<meta name=\"author\" content=\"Dzana Muminovic\" \/>\n<meta name=\"twitter:card\" content=\"summary_large_image\" \/>\n<meta name=\"twitter:title\" content=\"Optimismus in der Schweiz sinkt\" \/>\n<meta name=\"twitter:description\" content=\"#Gesch\u00e4ftserwartungen in der #Schweiz sinken: Der #Global #Business #Optimism #Index f\u00e4llt um 14 %. #Unternehmen zeigen sich zur\u00fcckhaltend bei #Investitionen.\" \/>\n<meta name=\"twitter:image\" content=\"https:\/\/www.organisator.ch\/wp-content\/uploads\/2025\/01\/Dun-Bradstreet_Bild1_ps.jpg\" \/>\n<script type=\"application\/ld+json\" class=\"yoast-schema-graph\">{\"@context\":\"https:\\\/\\\/schema.org\",\"@graph\":[{\"@type\":\"Article\",\"@id\":\"https:\\\/\\\/www.organisator.ch\\\/management\\\/2025-01-29\\\/schweizer-firmen-weniger-optimistisch\\\/#article\",\"isPartOf\":{\"@id\":\"https:\\\/\\\/www.organisator.ch\\\/management\\\/2025-01-29\\\/schweizer-firmen-weniger-optimistisch\\\/\"},\"author\":{\"name\":\"Dzana Muminovic\",\"@id\":\"https:\\\/\\\/www.organisator.ch\\\/#\\\/schema\\\/person\\\/afccda3a71c06d4be2ed9100dd163db7\"},\"headline\":\"Schweizer Firmen weniger optimistisch\",\"datePublished\":\"2025-01-29T12:12:32+00:00\",\"mainEntityOfPage\":{\"@id\":\"https:\\\/\\\/www.organisator.ch\\\/management\\\/2025-01-29\\\/schweizer-firmen-weniger-optimistisch\\\/\"},\"wordCount\":462,\"publisher\":{\"@id\":\"https:\\\/\\\/www.organisator.ch\\\/#organization\"},\"image\":{\"@id\":\"https:\\\/\\\/www.organisator.ch\\\/management\\\/2025-01-29\\\/schweizer-firmen-weniger-optimistisch\\\/#primaryimage\"},\"thumbnailUrl\":\"https:\\\/\\\/www.organisator.ch\\\/wp-content\\\/uploads\\\/2025\\\/01\\\/Dun-Bradstreet_Bild1_ps.jpg\",\"keywords\":[\"Gesch\u00e4ftserwartungen\",\"Global Business Optimism Inde\",\"Report\",\"Schweiz\",\"Unternehmen\"],\"articleSection\":[\"MANAGEMENT\"],\"inLanguage\":\"it-IT\"},{\"@type\":\"WebPage\",\"@id\":\"https:\\\/\\\/www.organisator.ch\\\/management\\\/2025-01-29\\\/schweizer-firmen-weniger-optimistisch\\\/\",\"url\":\"https:\\\/\\\/www.organisator.ch\\\/management\\\/2025-01-29\\\/schweizer-firmen-weniger-optimistisch\\\/\",\"name\":\"Schweizer Firmen weniger optimistisch - Organisator\",\"isPartOf\":{\"@id\":\"https:\\\/\\\/www.organisator.ch\\\/#website\"},\"primaryImageOfPage\":{\"@id\":\"https:\\\/\\\/www.organisator.ch\\\/management\\\/2025-01-29\\\/schweizer-firmen-weniger-optimistisch\\\/#primaryimage\"},\"image\":{\"@id\":\"https:\\\/\\\/www.organisator.ch\\\/management\\\/2025-01-29\\\/schweizer-firmen-weniger-optimistisch\\\/#primaryimage\"},\"thumbnailUrl\":\"https:\\\/\\\/www.organisator.ch\\\/wp-content\\\/uploads\\\/2025\\\/01\\\/Dun-Bradstreet_Bild1_ps.jpg\",\"datePublished\":\"2025-01-29T12:12:32+00:00\",\"description\":\"Der Business Optimism Index in der Schweiz f\u00e4llt um 14 %. Unternehmen sind bei Investitionen zur\u00fcckhaltend, Lieferketten bleiben unsicher.\",\"breadcrumb\":{\"@id\":\"https:\\\/\\\/www.organisator.ch\\\/management\\\/2025-01-29\\\/schweizer-firmen-weniger-optimistisch\\\/#breadcrumb\"},\"inLanguage\":\"it-IT\",\"potentialAction\":[{\"@type\":\"ReadAction\",\"target\":[\"https:\\\/\\\/www.organisator.ch\\\/management\\\/2025-01-29\\\/schweizer-firmen-weniger-optimistisch\\\/\"]}]},{\"@type\":\"ImageObject\",\"inLanguage\":\"it-IT\",\"@id\":\"https:\\\/\\\/www.organisator.ch\\\/management\\\/2025-01-29\\\/schweizer-firmen-weniger-optimistisch\\\/#primaryimage\",\"url\":\"https:\\\/\\\/www.organisator.ch\\\/wp-content\\\/uploads\\\/2025\\\/01\\\/Dun-Bradstreet_Bild1_ps.jpg\",\"contentUrl\":\"https:\\\/\\\/www.organisator.ch\\\/wp-content\\\/uploads\\\/2025\\\/01\\\/Dun-Bradstreet_Bild1_ps.jpg\",\"width\":680,\"height\":532,\"caption\":\"Gesch\u00e4ftserwartungen in der Schweiz sinken: Der Global Business Optimism Index f\u00e4llt um 14 %. Unternehmen zeigen sich zur\u00fcckhaltend bei Investitionen. (Bild: www.depositphotos.com)\"},{\"@type\":\"BreadcrumbList\",\"@id\":\"https:\\\/\\\/www.organisator.ch\\\/management\\\/2025-01-29\\\/schweizer-firmen-weniger-optimistisch\\\/#breadcrumb\",\"itemListElement\":[{\"@type\":\"ListItem\",\"position\":1,\"name\":\"Home\",\"item\":\"https:\\\/\\\/www.organisator.ch\\\/\"},{\"@type\":\"ListItem\",\"position\":2,\"name\":\"Schweizer Firmen weniger optimistisch\"}]},{\"@type\":\"WebSite\",\"@id\":\"https:\\\/\\\/www.organisator.ch\\\/#website\",\"url\":\"https:\\\/\\\/www.organisator.ch\\\/\",\"name\":\"Organisator\",\"description\":\"Kompetent. Praxisnah. Der ORGANISATOR bereitet in 10 Ausgaben pro Jahr die wesentlichen Themen f\u00fcr F\u00fchrungskr\u00e4fte von KMU auf.\",\"publisher\":{\"@id\":\"https:\\\/\\\/www.organisator.ch\\\/#organization\"},\"potentialAction\":[{\"@type\":\"SearchAction\",\"target\":{\"@type\":\"EntryPoint\",\"urlTemplate\":\"https:\\\/\\\/www.organisator.ch\\\/?s={search_term_string}\"},\"query-input\":{\"@type\":\"PropertyValueSpecification\",\"valueRequired\":true,\"valueName\":\"search_term_string\"}}],\"inLanguage\":\"it-IT\"},{\"@type\":\"Organization\",\"@id\":\"https:\\\/\\\/www.organisator.ch\\\/#organization\",\"name\":\"Organisator\",\"url\":\"https:\\\/\\\/www.organisator.ch\\\/\",\"logo\":{\"@type\":\"ImageObject\",\"inLanguage\":\"it-IT\",\"@id\":\"https:\\\/\\\/www.organisator.ch\\\/#\\\/schema\\\/logo\\\/image\\\/\",\"url\":\"https:\\\/\\\/www.organisator.ch\\\/wp-content\\\/uploads\\\/2022\\\/01\\\/Logo_Organisator_Website.png\",\"contentUrl\":\"https:\\\/\\\/www.organisator.ch\\\/wp-content\\\/uploads\\\/2022\\\/01\\\/Logo_Organisator_Website.png\",\"width\":800,\"height\":77,\"caption\":\"Organisator\"},\"image\":{\"@id\":\"https:\\\/\\\/www.organisator.ch\\\/#\\\/schema\\\/logo\\\/image\\\/\"},\"sameAs\":[\"https:\\\/\\\/www.facebook.com\\\/OrganisatorFachmagazin\",\"https:\\\/\\\/www.linkedin.com\\\/showcase\\\/organisator-das-magazin-fr-kmu\",\"https:\\\/\\\/www.xing.com\\\/news\\\/pages\\\/organisator-ch-695\",\"https:\\\/\\\/www.youtube.com\\\/channel\\\/UCGP2Sq0iWaZwT3BdIAQFYpw\"]},{\"@type\":\"Person\",\"@id\":\"https:\\\/\\\/www.organisator.ch\\\/#\\\/schema\\\/person\\\/afccda3a71c06d4be2ed9100dd163db7\",\"name\":\"Dzana Muminovic\",\"image\":{\"@type\":\"ImageObject\",\"inLanguage\":\"it-IT\",\"@id\":\"https:\\\/\\\/secure.gravatar.com\\\/avatar\\\/909c5c71aff4b38e88686f2ab2f1ba152571f394f41ed8bae431ea56ced93050?s=96&d=mm&r=g\",\"url\":\"https:\\\/\\\/secure.gravatar.com\\\/avatar\\\/909c5c71aff4b38e88686f2ab2f1ba152571f394f41ed8bae431ea56ced93050?s=96&d=mm&r=g\",\"contentUrl\":\"https:\\\/\\\/secure.gravatar.com\\\/avatar\\\/909c5c71aff4b38e88686f2ab2f1ba152571f394f41ed8bae431ea56ced93050?s=96&d=mm&r=g\",\"caption\":\"Dzana Muminovic\"},\"url\":\"https:\\\/\\\/www.organisator.ch\\\/it\\\/author\\\/dzana-muminovic\\\/\"}]}<\/script>\n<!-- \/ Yoast SEO plugin. -->","yoast_head_json":{"title":"Le aziende svizzere sono meno ottimiste - organizzatore","description":"L'indice di ottimismo delle imprese in Svizzera scende del 14%. Le aziende sono riluttanti a investire, le catene di approvvigionamento rimangono incerte.","robots":{"index":"index","follow":"follow","max-snippet":"max-snippet:-1","max-image-preview":"max-image-preview:large","max-video-preview":"max-video-preview:-1"},"canonical":"https:\/\/www.organisator.ch\/it\/gestione-2\/2025-01-29\/schweizer-firmen-weniger-optimistisch\/","og_locale":"it_IT","og_type":"article","og_title":"Optimismus in der Schweiz sinkt","og_description":"Gesch\u00e4ftserwartungen in der Schweiz sinken: Der Global Business Optimism Index f\u00e4llt um 14 %. Unternehmen zeigen sich zur\u00fcckhaltend bei Investitionen.","og_url":"https:\/\/www.organisator.ch\/it\/gestione-2\/2025-01-29\/schweizer-firmen-weniger-optimistisch\/","og_site_name":"Organisator","article_publisher":"https:\/\/www.facebook.com\/OrganisatorFachmagazin","article_published_time":"2025-01-29T12:12:32+00:00","og_image":[{"width":680,"height":532,"url":"https:\/\/www.organisator.ch\/wp-content\/uploads\/2025\/01\/Dun-Bradstreet_Bild1_ps.jpg","type":"image\/jpeg"}],"author":"Dzana Muminovic","twitter_card":"summary_large_image","twitter_title":"Optimismus in der Schweiz sinkt","twitter_description":"#Gesch\u00e4ftserwartungen in der #Schweiz sinken: Der #Global #Business #Optimism #Index f\u00e4llt um 14 %. #Unternehmen zeigen sich zur\u00fcckhaltend bei #Investitionen.","twitter_image":"https:\/\/www.organisator.ch\/wp-content\/uploads\/2025\/01\/Dun-Bradstreet_Bild1_ps.jpg","schema":{"@context":"https:\/\/schema.org","@graph":[{"@type":"Article","@id":"https:\/\/www.organisator.ch\/management\/2025-01-29\/schweizer-firmen-weniger-optimistisch\/#article","isPartOf":{"@id":"https:\/\/www.organisator.ch\/management\/2025-01-29\/schweizer-firmen-weniger-optimistisch\/"},"author":{"name":"Dzana Muminovic","@id":"https:\/\/www.organisator.ch\/#\/schema\/person\/afccda3a71c06d4be2ed9100dd163db7"},"headline":"Schweizer Firmen weniger optimistisch","datePublished":"2025-01-29T12:12:32+00:00","mainEntityOfPage":{"@id":"https:\/\/www.organisator.ch\/management\/2025-01-29\/schweizer-firmen-weniger-optimistisch\/"},"wordCount":462,"publisher":{"@id":"https:\/\/www.organisator.ch\/#organization"},"image":{"@id":"https:\/\/www.organisator.ch\/management\/2025-01-29\/schweizer-firmen-weniger-optimistisch\/#primaryimage"},"thumbnailUrl":"https:\/\/www.organisator.ch\/wp-content\/uploads\/2025\/01\/Dun-Bradstreet_Bild1_ps.jpg","keywords":["Gesch\u00e4ftserwartungen","Global Business Optimism Inde","Report","Schweiz","Unternehmen"],"articleSection":["MANAGEMENT"],"inLanguage":"it-IT"},{"@type":"WebPage","@id":"https:\/\/www.organisator.ch\/management\/2025-01-29\/schweizer-firmen-weniger-optimistisch\/","url":"https:\/\/www.organisator.ch\/management\/2025-01-29\/schweizer-firmen-weniger-optimistisch\/","name":"Le aziende svizzere sono meno ottimiste - organizzatore","isPartOf":{"@id":"https:\/\/www.organisator.ch\/#website"},"primaryImageOfPage":{"@id":"https:\/\/www.organisator.ch\/management\/2025-01-29\/schweizer-firmen-weniger-optimistisch\/#primaryimage"},"image":{"@id":"https:\/\/www.organisator.ch\/management\/2025-01-29\/schweizer-firmen-weniger-optimistisch\/#primaryimage"},"thumbnailUrl":"https:\/\/www.organisator.ch\/wp-content\/uploads\/2025\/01\/Dun-Bradstreet_Bild1_ps.jpg","datePublished":"2025-01-29T12:12:32+00:00","description":"L'indice di ottimismo delle imprese in Svizzera scende del 14%. Le aziende sono riluttanti a investire, le catene di approvvigionamento rimangono incerte.","breadcrumb":{"@id":"https:\/\/www.organisator.ch\/management\/2025-01-29\/schweizer-firmen-weniger-optimistisch\/#breadcrumb"},"inLanguage":"it-IT","potentialAction":[{"@type":"ReadAction","target":["https:\/\/www.organisator.ch\/management\/2025-01-29\/schweizer-firmen-weniger-optimistisch\/"]}]},{"@type":"ImageObject","inLanguage":"it-IT","@id":"https:\/\/www.organisator.ch\/management\/2025-01-29\/schweizer-firmen-weniger-optimistisch\/#primaryimage","url":"https:\/\/www.organisator.ch\/wp-content\/uploads\/2025\/01\/Dun-Bradstreet_Bild1_ps.jpg","contentUrl":"https:\/\/www.organisator.ch\/wp-content\/uploads\/2025\/01\/Dun-Bradstreet_Bild1_ps.jpg","width":680,"height":532,"caption":"Gesch\u00e4ftserwartungen in der Schweiz sinken: Der Global Business Optimism Index f\u00e4llt um 14 %. Unternehmen zeigen sich zur\u00fcckhaltend bei Investitionen. (Bild: www.depositphotos.com)"},{"@type":"BreadcrumbList","@id":"https:\/\/www.organisator.ch\/management\/2025-01-29\/schweizer-firmen-weniger-optimistisch\/#breadcrumb","itemListElement":[{"@type":"ListItem","position":1,"name":"Home","item":"https:\/\/www.organisator.ch\/"},{"@type":"ListItem","position":2,"name":"Schweizer Firmen weniger optimistisch"}]},{"@type":"WebSite","@id":"https:\/\/www.organisator.ch\/#website","url":"https:\/\/www.organisator.ch\/","name":"Organizzatore","description":"Competente. Pratico. In 10 numeri all'anno, ORGANISATOR presenta i temi essenziali per i manager delle PMI.","publisher":{"@id":"https:\/\/www.organisator.ch\/#organization"},"potentialAction":[{"@type":"SearchAction","target":{"@type":"EntryPoint","urlTemplate":"https:\/\/www.organisator.ch\/?s={search_term_string}"},"query-input":{"@type":"PropertyValueSpecification","valueRequired":true,"valueName":"search_term_string"}}],"inLanguage":"it-IT"},{"@type":"Organization","@id":"https:\/\/www.organisator.ch\/#organization","name":"Organizzatore","url":"https:\/\/www.organisator.ch\/","logo":{"@type":"ImageObject","inLanguage":"it-IT","@id":"https:\/\/www.organisator.ch\/#\/schema\/logo\/image\/","url":"https:\/\/www.organisator.ch\/wp-content\/uploads\/2022\/01\/Logo_Organisator_Website.png","contentUrl":"https:\/\/www.organisator.ch\/wp-content\/uploads\/2022\/01\/Logo_Organisator_Website.png","width":800,"height":77,"caption":"Organisator"},"image":{"@id":"https:\/\/www.organisator.ch\/#\/schema\/logo\/image\/"},"sameAs":["https:\/\/www.facebook.com\/OrganisatorFachmagazin","https:\/\/www.linkedin.com\/showcase\/organisator-das-magazin-fr-kmu","https:\/\/www.xing.com\/news\/pages\/organisator-ch-695","https:\/\/www.youtube.com\/channel\/UCGP2Sq0iWaZwT3BdIAQFYpw"]},{"@type":"Person","@id":"https:\/\/www.organisator.ch\/#\/schema\/person\/afccda3a71c06d4be2ed9100dd163db7","name":"Dzana Muminovic","image":{"@type":"ImageObject","inLanguage":"it-IT","@id":"https:\/\/secure.gravatar.com\/avatar\/909c5c71aff4b38e88686f2ab2f1ba152571f394f41ed8bae431ea56ced93050?s=96&d=mm&r=g","url":"https:\/\/secure.gravatar.com\/avatar\/909c5c71aff4b38e88686f2ab2f1ba152571f394f41ed8bae431ea56ced93050?s=96&d=mm&r=g","contentUrl":"https:\/\/secure.gravatar.com\/avatar\/909c5c71aff4b38e88686f2ab2f1ba152571f394f41ed8bae431ea56ced93050?s=96&d=mm&r=g","caption":"Dzana Muminovic"},"url":"https:\/\/www.organisator.ch\/it\/author\/dzana-muminovic\/"}]}},"_links":{"self":[{"href":"https:\/\/www.organisator.ch\/it\/wp-json\/wp\/v2\/posts\/35617","targetHints":{"allow":["GET"]}}],"collection":[{"href":"https:\/\/www.organisator.ch\/it\/wp-json\/wp\/v2\/posts"}],"about":[{"href":"https:\/\/www.organisator.ch\/it\/wp-json\/wp\/v2\/types\/post"}],"author":[{"embeddable":true,"href":"https:\/\/www.organisator.ch\/it\/wp-json\/wp\/v2\/users\/80"}],"replies":[{"embeddable":true,"href":"https:\/\/www.organisator.ch\/it\/wp-json\/wp\/v2\/comments?post=35617"}],"version-history":[{"count":4,"href":"https:\/\/www.organisator.ch\/it\/wp-json\/wp\/v2\/posts\/35617\/revisions"}],"predecessor-version":[{"id":35685,"href":"https:\/\/www.organisator.ch\/it\/wp-json\/wp\/v2\/posts\/35617\/revisions\/35685"}],"wp:featuredmedia":[{"embeddable":true,"href":"https:\/\/www.organisator.ch\/it\/wp-json\/wp\/v2\/media\/35618"}],"wp:attachment":[{"href":"https:\/\/www.organisator.ch\/it\/wp-json\/wp\/v2\/media?parent=35617"}],"wp:term":[{"taxonomy":"category","embeddable":true,"href":"https:\/\/www.organisator.ch\/it\/wp-json\/wp\/v2\/categories?post=35617"},{"taxonomy":"post_tag","embeddable":true,"href":"https:\/\/www.organisator.ch\/it\/wp-json\/wp\/v2\/tags?post=35617"}],"curies":[{"name":"wp","href":"https:\/\/api.w.org\/{rel}","templated":true}]}}