{"id":35649,"date":"2025-01-30T10:02:18","date_gmt":"2025-01-30T09:02:18","guid":{"rendered":"https:\/\/www.m-q.ch\/?p=21002"},"modified":"2025-01-30T10:38:07","modified_gmt":"2025-01-30T09:38:07","slug":"swiss-cyber-security-days-2025-ki-kunst-fbi-desinformation-und-kinderschutz","status":"publish","type":"post","link":"https:\/\/www.organisator.ch\/it\/operational-excellence\/2025-01-30\/swiss-cyber-security-days-2025-ki-kunst-fbi-desinformation-und-kinderschutz\/","title":{"rendered":"Giornate svizzere della sicurezza informatica 2025: AI art, FBI, disinformazione e protezione dei minori"},"content":{"rendered":"<figure id=\"attachment_21003\" class=\"wp-caption alignnone\" style=\"width: 680px;\" aria-describedby=\"caption-attachment-21003\"><img class=\"size-full wp-image-21003\" src=\"https:\/\/www.m-q.ch\/wp-content\/uploads\/2025\/01\/SCSD_Bild1_ps.jpg\" sizes=\"(max-width: 680px) 100vw, 680px\" srcset=\"https:\/\/www.m-q.ch\/wp-content\/uploads\/2025\/01\/SCSD_Bild1_ps.jpg 680w, https:\/\/www.m-q.ch\/wp-content\/uploads\/2025\/01\/SCSD_Bild1_ps-18x10.jpg 18w, https:\/\/www.m-q.ch\/wp-content\/uploads\/2025\/01\/SCSD_Bild1_ps-375x218.jpg 375w, https:\/\/www.m-q.ch\/wp-content\/uploads\/2025\/01\/SCSD_Bild1_ps-601x350.jpg 601w\" alt=\"\" width=\"680\" height=\"396\" \/>\r\n<figcaption id=\"caption-attachment-21003\" class=\"wp-caption-text\">Gli Swiss Cyber Security Days 2025 offrono approfondimenti su IA, protezione dalla disinformazione, minacce informatiche e tecnologia interattiva. (Immagine: www.depositphotos.com)<\/figcaption>\r\n<\/figure>\r\n<p>Lo SCSD si terr\u00e0 il 18 e 19 febbraio 2025 presso il sito di Bernexpo. Nel corso delle due giornate, relatori nazionali e internazionali di alto livello saliranno sui due palchi principali per mostrare come la tecnologia dominante stia plasmando il presente e il futuro e perch\u00e9 un cyberspazio sicuro e sovrano sia della massima importanza per la Svizzera. Gli organizzatori sono orgogliosi di integrare l'illustre programma con i contributi della Cyber Division dell'FBI e due panel di alto profilo sui temi urgenti della disinformazione, della radicalizzazione e della protezione dei minori nello spazio digitale.<\/p>\r\n<p>Il primo giorno, il palco principale sar\u00e0 ospitato dall'ex ministro Kassensturz e dal neoeletto consigliere nazionale Ueli Schmezer. Il secondo giorno sar\u00e0 la volta del giornalista investigativo ed esperto di terrorismo della SRF Dani Glaus.<\/p>\r\n<h3><strong>Arte interattiva AI \"Made in Bern<\/strong><\/h3>\r\n<p>In linea con il motto \"Eye of the Cyber - create tomorrow\", gli organizzatori si concentrano sul potere creativo dell'intelligenza artificiale e lo presentano in una collaborazione non convenzionale: la tecnologia e l'arte stanno aprendo nuove strade. Insieme al Museo della Comunicazione, alla scuola professionale Gibb di Berna e ai due artisti bernesi di motion art Kaspar Kilchenmann e Yan Hirschb\u00fchl, gli organizzatori presenteranno l'arte interattiva dell'intelligenza artificiale \"Made in Bern\" durante entrambe le giornate.<\/p>\r\n<p>\"La collaborazione \u00e8 un'opportunit\u00e0 entusiasmante per utilizzare i punti di forza del Museo della Comunicazione in un nuovo ambiente\", afferma Nico Gurtner. \u00c8 responsabile della comunicazione del Museo della Comunicazione. Il direttore creativo dell'agenzia bernese \"Efentwell\" Kaspar Kilchenmann e il motion designer Yan Hirschb\u00fchl ispireranno il pubblico con mondi visivi prodotti appositamente per lo SCSD. L'infrastruttura tecnica sar\u00e0 fornita dalla scuola professionale Gibb di Berna.<\/p>\r\n<h3><strong>I principali espositori presentano soluzioni all'avanguardia<\/strong><\/h3>\r\n<p>Con Axpo, Aveniq, Sophos, Amazon Web Services e numerosi altri espositori nazionali e internazionali, SCSD 2025 promette approfondimenti e soluzioni all'avanguardia dal mondo della sicurezza informatica. Gli approcci innovativi presentati spaziano dalla consapevolezza della sicurezza e dalla gestione del rischio umano a temi come l'architettura zero trust, l'intelligenza artificiale, l'informatica quantistica e la protezione avanzata dalle minacce.<\/p>\r\n<p>Circa 20 promettenti start-up presenteranno le loro soluzioni innovative di sicurezza informatica nella Start-up Zone. Gibb HF Informatik si presenter\u00e0 anche come un forte partner educativo. Presso il loro stand i visitatori potranno partecipare a un'emozionante gara di cattura della bandiera (CTF) e sperimentare dal vivo come la teoria possa essere messa in pratica. Un'eccellente opportunit\u00e0 per i leader e gli esperti di sicurezza informatica di stabilire preziose collaborazioni per il futuro digitale.<\/p>\r\n<p>Networking a un nuovo livello - Hornetsecurity porta il networking agli Swiss Cyber Security Days 2025 a un nuovo livello. Il party di networking sponsorizzato da Hornetsecurity vi aspetta marted\u00ec sera, il luogo ideale per creare contatti preziosi.<\/p>\r\n<p>\"I rinomati espositori e il prestigioso programma fanno di SCSD 2025 un punto d'incontro centrale per l'industria e attirano un grande interesse\", afferma Tom Winter, CEO di Bernexpo AG. \"Le vendite dei biglietti fino ad oggi ne sono la prova. Con gli Swiss Cyber Security Days 2025, stiamo consolidando il successo dell'anno scorso\".<\/p>\r\n<p><em>Fonte: <a href=\"http:\/\/www.scsd.ch\/\">www.scsd.ch<\/a><\/em><\/p>\n<p class=\"syndicated-attribution\">Questo articolo \u00e8 apparso originariamente su m-q.ch - <a href=\"https:\/\/www.m-q.ch\/de\/swiss-cyber-security-days-2025-ki-kunst-fbi-desinformation-und-kinderschutz21002-2\/\" target=\"_blank\">https:\/\/www.m-q.ch\/de\/swiss-cyber-security-days-2025-ki-kunst-fbi-desinformation-und-kinderschutz21002-2\/<\/a><\/p>","protected":false},"excerpt":{"rendered":"<p>Gli Swiss Cyber Security Days (SCSD) si svolgeranno il 18 e 19 febbraio 2025 con il motto \"Eye of the Cyber - create tomorrow\". Il programma sar\u00e0 completato da una mostra interattiva sull'intelligenza artificiale e da pannelli dedicati ai pericoli della disinformazione, del terrorismo e della protezione dei minori nello spazio digitale. Un altro momento saliente \u00e8 la presentazione della Divisione Cyber dell'FBI.<\/p>","protected":false},"author":80,"featured_media":0,"comment_status":"closed","ping_status":"closed","sticky":false,"template":"","format":"standard","meta":{"_acf_changed":false,"_yoast_wpseo_focuskw":"Swiss Cyber Security Days 2025","_yoast_wpseo_metadesc":"Die Swiss Cyber Security Days 2025 bieten Einblicke in KI, Schutz vor Desinformation, Cyber-Bedrohungen und interaktiver Technologie.","articlekey":"","footnotes":""},"categories":[582],"tags":[4983,5050,319,418,424,2804],"class_list":["post-35649","post","type-post","status-publish","format-standard","hentry","category-operational-excellence","tag-cyberbedrohunge","tag-desinformation","tag-kuenstliche-intelligenz","tag-risikomanagement","tag-schweiz","tag-swiss-cyber-security-days"],"acf":[],"yoast_head":"<!-- This site is optimized with the Yoast SEO plugin v27.5 - https:\/\/yoast.com\/product\/yoast-seo-wordpress\/ -->\n<title>Swiss Cyber Security Days 2025: KI-Kunst, FBI, Desinformation und Kinderschutz - Organisator<\/title>\n<meta name=\"description\" content=\"Die Swiss Cyber Security Days 2025 bieten Einblicke in KI, Schutz vor Desinformation, Cyber-Bedrohungen und interaktiver Technologie.\" \/>\n<meta name=\"robots\" content=\"index, follow, max-snippet:-1, max-image-preview:large, max-video-preview:-1\" \/>\n<link rel=\"canonical\" href=\"https:\/\/www.organisator.ch\/it\/eccellenza-operativa\/2025-01-30\/swiss-cyber-security-days-2025-ki-kunst-fbi-desinformation-und-kinderschutz\/\" \/>\n<meta property=\"og:locale\" content=\"it_IT\" \/>\n<meta property=\"og:type\" content=\"article\" \/>\n<meta property=\"og:title\" content=\"Swiss Cyber Security Days 2025: KI-Kunst, FBI, Desinformation und Kinderschutz - Organisator\" \/>\n<meta property=\"og:description\" content=\"Die Swiss Cyber Security Days 2025 bieten Einblicke in KI, Schutz vor Desinformation, Cyber-Bedrohungen und interaktiver Technologie.\" \/>\n<meta property=\"og:url\" content=\"https:\/\/www.organisator.ch\/it\/eccellenza-operativa\/2025-01-30\/swiss-cyber-security-days-2025-ki-kunst-fbi-desinformation-und-kinderschutz\/\" \/>\n<meta property=\"og:site_name\" content=\"Organisator\" \/>\n<meta property=\"article:publisher\" content=\"https:\/\/www.facebook.com\/OrganisatorFachmagazin\" \/>\n<meta property=\"article:published_time\" content=\"2025-01-30T09:02:18+00:00\" \/>\n<meta property=\"article:modified_time\" content=\"2025-01-30T09:38:07+00:00\" \/>\n<meta name=\"author\" content=\"Dzana Muminovic\" \/>\n<meta name=\"twitter:card\" content=\"summary_large_image\" \/>\n<script type=\"application\/ld+json\" class=\"yoast-schema-graph\">{\"@context\":\"https:\\\/\\\/schema.org\",\"@graph\":[{\"@type\":\"Article\",\"@id\":\"https:\\\/\\\/www.organisator.ch\\\/operational-excellence\\\/2025-01-30\\\/swiss-cyber-security-days-2025-ki-kunst-fbi-desinformation-und-kinderschutz\\\/#article\",\"isPartOf\":{\"@id\":\"https:\\\/\\\/www.organisator.ch\\\/operational-excellence\\\/2025-01-30\\\/swiss-cyber-security-days-2025-ki-kunst-fbi-desinformation-und-kinderschutz\\\/\"},\"author\":{\"name\":\"Dzana Muminovic\",\"@id\":\"https:\\\/\\\/www.organisator.ch\\\/#\\\/schema\\\/person\\\/afccda3a71c06d4be2ed9100dd163db7\"},\"headline\":\"Swiss Cyber Security Days 2025: KI-Kunst, FBI, Desinformation und Kinderschutz\",\"datePublished\":\"2025-01-30T09:02:18+00:00\",\"dateModified\":\"2025-01-30T09:38:07+00:00\",\"mainEntityOfPage\":{\"@id\":\"https:\\\/\\\/www.organisator.ch\\\/operational-excellence\\\/2025-01-30\\\/swiss-cyber-security-days-2025-ki-kunst-fbi-desinformation-und-kinderschutz\\\/\"},\"wordCount\":529,\"publisher\":{\"@id\":\"https:\\\/\\\/www.organisator.ch\\\/#organization\"},\"image\":{\"@id\":\"https:\\\/\\\/www.organisator.ch\\\/operational-excellence\\\/2025-01-30\\\/swiss-cyber-security-days-2025-ki-kunst-fbi-desinformation-und-kinderschutz\\\/#primaryimage\"},\"thumbnailUrl\":\"https:\\\/\\\/www.m-q.ch\\\/wp-content\\\/uploads\\\/2025\\\/01\\\/SCSD_Bild1_ps.jpg\",\"keywords\":[\"Cyberbedrohunge\",\"Desinformation\",\"K\u00fcnstliche Intelligenz\",\"Risikomanagement\",\"Schweiz\",\"Swiss Cyber Security Days\"],\"articleSection\":[\"OPERATIONAL EXCELLENCE\"],\"inLanguage\":\"it-IT\"},{\"@type\":\"WebPage\",\"@id\":\"https:\\\/\\\/www.organisator.ch\\\/operational-excellence\\\/2025-01-30\\\/swiss-cyber-security-days-2025-ki-kunst-fbi-desinformation-und-kinderschutz\\\/\",\"url\":\"https:\\\/\\\/www.organisator.ch\\\/operational-excellence\\\/2025-01-30\\\/swiss-cyber-security-days-2025-ki-kunst-fbi-desinformation-und-kinderschutz\\\/\",\"name\":\"Swiss Cyber Security Days 2025: KI-Kunst, FBI, Desinformation und Kinderschutz - Organisator\",\"isPartOf\":{\"@id\":\"https:\\\/\\\/www.organisator.ch\\\/#website\"},\"primaryImageOfPage\":{\"@id\":\"https:\\\/\\\/www.organisator.ch\\\/operational-excellence\\\/2025-01-30\\\/swiss-cyber-security-days-2025-ki-kunst-fbi-desinformation-und-kinderschutz\\\/#primaryimage\"},\"image\":{\"@id\":\"https:\\\/\\\/www.organisator.ch\\\/operational-excellence\\\/2025-01-30\\\/swiss-cyber-security-days-2025-ki-kunst-fbi-desinformation-und-kinderschutz\\\/#primaryimage\"},\"thumbnailUrl\":\"https:\\\/\\\/www.m-q.ch\\\/wp-content\\\/uploads\\\/2025\\\/01\\\/SCSD_Bild1_ps.jpg\",\"datePublished\":\"2025-01-30T09:02:18+00:00\",\"dateModified\":\"2025-01-30T09:38:07+00:00\",\"description\":\"Die Swiss Cyber Security Days 2025 bieten Einblicke in KI, Schutz vor Desinformation, Cyber-Bedrohungen und interaktiver Technologie.\",\"breadcrumb\":{\"@id\":\"https:\\\/\\\/www.organisator.ch\\\/operational-excellence\\\/2025-01-30\\\/swiss-cyber-security-days-2025-ki-kunst-fbi-desinformation-und-kinderschutz\\\/#breadcrumb\"},\"inLanguage\":\"it-IT\",\"potentialAction\":[{\"@type\":\"ReadAction\",\"target\":[\"https:\\\/\\\/www.organisator.ch\\\/operational-excellence\\\/2025-01-30\\\/swiss-cyber-security-days-2025-ki-kunst-fbi-desinformation-und-kinderschutz\\\/\"]}]},{\"@type\":\"ImageObject\",\"inLanguage\":\"it-IT\",\"@id\":\"https:\\\/\\\/www.organisator.ch\\\/operational-excellence\\\/2025-01-30\\\/swiss-cyber-security-days-2025-ki-kunst-fbi-desinformation-und-kinderschutz\\\/#primaryimage\",\"url\":\"https:\\\/\\\/www.m-q.ch\\\/wp-content\\\/uploads\\\/2025\\\/01\\\/SCSD_Bild1_ps.jpg\",\"contentUrl\":\"https:\\\/\\\/www.m-q.ch\\\/wp-content\\\/uploads\\\/2025\\\/01\\\/SCSD_Bild1_ps.jpg\"},{\"@type\":\"BreadcrumbList\",\"@id\":\"https:\\\/\\\/www.organisator.ch\\\/operational-excellence\\\/2025-01-30\\\/swiss-cyber-security-days-2025-ki-kunst-fbi-desinformation-und-kinderschutz\\\/#breadcrumb\",\"itemListElement\":[{\"@type\":\"ListItem\",\"position\":1,\"name\":\"Home\",\"item\":\"https:\\\/\\\/www.organisator.ch\\\/\"},{\"@type\":\"ListItem\",\"position\":2,\"name\":\"Swiss Cyber Security Days 2025: KI-Kunst, FBI, Desinformation und Kinderschutz\"}]},{\"@type\":\"WebSite\",\"@id\":\"https:\\\/\\\/www.organisator.ch\\\/#website\",\"url\":\"https:\\\/\\\/www.organisator.ch\\\/\",\"name\":\"Organisator\",\"description\":\"Kompetent. Praxisnah. Der ORGANISATOR bereitet in 10 Ausgaben pro Jahr die wesentlichen Themen f\u00fcr F\u00fchrungskr\u00e4fte von KMU auf.\",\"publisher\":{\"@id\":\"https:\\\/\\\/www.organisator.ch\\\/#organization\"},\"potentialAction\":[{\"@type\":\"SearchAction\",\"target\":{\"@type\":\"EntryPoint\",\"urlTemplate\":\"https:\\\/\\\/www.organisator.ch\\\/?s={search_term_string}\"},\"query-input\":{\"@type\":\"PropertyValueSpecification\",\"valueRequired\":true,\"valueName\":\"search_term_string\"}}],\"inLanguage\":\"it-IT\"},{\"@type\":\"Organization\",\"@id\":\"https:\\\/\\\/www.organisator.ch\\\/#organization\",\"name\":\"Organisator\",\"url\":\"https:\\\/\\\/www.organisator.ch\\\/\",\"logo\":{\"@type\":\"ImageObject\",\"inLanguage\":\"it-IT\",\"@id\":\"https:\\\/\\\/www.organisator.ch\\\/#\\\/schema\\\/logo\\\/image\\\/\",\"url\":\"https:\\\/\\\/www.organisator.ch\\\/wp-content\\\/uploads\\\/2022\\\/01\\\/Logo_Organisator_Website.png\",\"contentUrl\":\"https:\\\/\\\/www.organisator.ch\\\/wp-content\\\/uploads\\\/2022\\\/01\\\/Logo_Organisator_Website.png\",\"width\":800,\"height\":77,\"caption\":\"Organisator\"},\"image\":{\"@id\":\"https:\\\/\\\/www.organisator.ch\\\/#\\\/schema\\\/logo\\\/image\\\/\"},\"sameAs\":[\"https:\\\/\\\/www.facebook.com\\\/OrganisatorFachmagazin\",\"https:\\\/\\\/www.linkedin.com\\\/showcase\\\/organisator-das-magazin-fr-kmu\",\"https:\\\/\\\/www.xing.com\\\/news\\\/pages\\\/organisator-ch-695\",\"https:\\\/\\\/www.youtube.com\\\/channel\\\/UCGP2Sq0iWaZwT3BdIAQFYpw\"]},{\"@type\":\"Person\",\"@id\":\"https:\\\/\\\/www.organisator.ch\\\/#\\\/schema\\\/person\\\/afccda3a71c06d4be2ed9100dd163db7\",\"name\":\"Dzana Muminovic\",\"image\":{\"@type\":\"ImageObject\",\"inLanguage\":\"it-IT\",\"@id\":\"https:\\\/\\\/secure.gravatar.com\\\/avatar\\\/909c5c71aff4b38e88686f2ab2f1ba152571f394f41ed8bae431ea56ced93050?s=96&d=mm&r=g\",\"url\":\"https:\\\/\\\/secure.gravatar.com\\\/avatar\\\/909c5c71aff4b38e88686f2ab2f1ba152571f394f41ed8bae431ea56ced93050?s=96&d=mm&r=g\",\"contentUrl\":\"https:\\\/\\\/secure.gravatar.com\\\/avatar\\\/909c5c71aff4b38e88686f2ab2f1ba152571f394f41ed8bae431ea56ced93050?s=96&d=mm&r=g\",\"caption\":\"Dzana Muminovic\"},\"url\":\"https:\\\/\\\/www.organisator.ch\\\/it\\\/author\\\/dzana-muminovic\\\/\"}]}<\/script>\n<!-- \/ Yoast SEO plugin. -->","yoast_head_json":{"title":"Giornate svizzere della sicurezza informatica 2025: AI art, FBI, disinformazione e protezione dei minori - Organizzatore","description":"Gli Swiss Cyber Security Days 2025 offrono approfondimenti su IA, protezione dalla disinformazione, minacce informatiche e tecnologia interattiva.","robots":{"index":"index","follow":"follow","max-snippet":"max-snippet:-1","max-image-preview":"max-image-preview:large","max-video-preview":"max-video-preview:-1"},"canonical":"https:\/\/www.organisator.ch\/it\/eccellenza-operativa\/2025-01-30\/swiss-cyber-security-days-2025-ki-kunst-fbi-desinformation-und-kinderschutz\/","og_locale":"it_IT","og_type":"article","og_title":"Swiss Cyber Security Days 2025: KI-Kunst, FBI, Desinformation und Kinderschutz - Organisator","og_description":"Die Swiss Cyber Security Days 2025 bieten Einblicke in KI, Schutz vor Desinformation, Cyber-Bedrohungen und interaktiver Technologie.","og_url":"https:\/\/www.organisator.ch\/it\/eccellenza-operativa\/2025-01-30\/swiss-cyber-security-days-2025-ki-kunst-fbi-desinformation-und-kinderschutz\/","og_site_name":"Organisator","article_publisher":"https:\/\/www.facebook.com\/OrganisatorFachmagazin","article_published_time":"2025-01-30T09:02:18+00:00","article_modified_time":"2025-01-30T09:38:07+00:00","author":"Dzana Muminovic","twitter_card":"summary_large_image","schema":{"@context":"https:\/\/schema.org","@graph":[{"@type":"Article","@id":"https:\/\/www.organisator.ch\/operational-excellence\/2025-01-30\/swiss-cyber-security-days-2025-ki-kunst-fbi-desinformation-und-kinderschutz\/#article","isPartOf":{"@id":"https:\/\/www.organisator.ch\/operational-excellence\/2025-01-30\/swiss-cyber-security-days-2025-ki-kunst-fbi-desinformation-und-kinderschutz\/"},"author":{"name":"Dzana Muminovic","@id":"https:\/\/www.organisator.ch\/#\/schema\/person\/afccda3a71c06d4be2ed9100dd163db7"},"headline":"Swiss Cyber Security Days 2025: KI-Kunst, FBI, Desinformation und Kinderschutz","datePublished":"2025-01-30T09:02:18+00:00","dateModified":"2025-01-30T09:38:07+00:00","mainEntityOfPage":{"@id":"https:\/\/www.organisator.ch\/operational-excellence\/2025-01-30\/swiss-cyber-security-days-2025-ki-kunst-fbi-desinformation-und-kinderschutz\/"},"wordCount":529,"publisher":{"@id":"https:\/\/www.organisator.ch\/#organization"},"image":{"@id":"https:\/\/www.organisator.ch\/operational-excellence\/2025-01-30\/swiss-cyber-security-days-2025-ki-kunst-fbi-desinformation-und-kinderschutz\/#primaryimage"},"thumbnailUrl":"https:\/\/www.m-q.ch\/wp-content\/uploads\/2025\/01\/SCSD_Bild1_ps.jpg","keywords":["Cyberbedrohunge","Desinformation","K\u00fcnstliche Intelligenz","Risikomanagement","Schweiz","Swiss Cyber Security Days"],"articleSection":["OPERATIONAL EXCELLENCE"],"inLanguage":"it-IT"},{"@type":"WebPage","@id":"https:\/\/www.organisator.ch\/operational-excellence\/2025-01-30\/swiss-cyber-security-days-2025-ki-kunst-fbi-desinformation-und-kinderschutz\/","url":"https:\/\/www.organisator.ch\/operational-excellence\/2025-01-30\/swiss-cyber-security-days-2025-ki-kunst-fbi-desinformation-und-kinderschutz\/","name":"Giornate svizzere della sicurezza informatica 2025: AI art, FBI, disinformazione e protezione dei minori - Organizzatore","isPartOf":{"@id":"https:\/\/www.organisator.ch\/#website"},"primaryImageOfPage":{"@id":"https:\/\/www.organisator.ch\/operational-excellence\/2025-01-30\/swiss-cyber-security-days-2025-ki-kunst-fbi-desinformation-und-kinderschutz\/#primaryimage"},"image":{"@id":"https:\/\/www.organisator.ch\/operational-excellence\/2025-01-30\/swiss-cyber-security-days-2025-ki-kunst-fbi-desinformation-und-kinderschutz\/#primaryimage"},"thumbnailUrl":"https:\/\/www.m-q.ch\/wp-content\/uploads\/2025\/01\/SCSD_Bild1_ps.jpg","datePublished":"2025-01-30T09:02:18+00:00","dateModified":"2025-01-30T09:38:07+00:00","description":"Gli Swiss Cyber Security Days 2025 offrono approfondimenti su IA, protezione dalla disinformazione, minacce informatiche e tecnologia interattiva.","breadcrumb":{"@id":"https:\/\/www.organisator.ch\/operational-excellence\/2025-01-30\/swiss-cyber-security-days-2025-ki-kunst-fbi-desinformation-und-kinderschutz\/#breadcrumb"},"inLanguage":"it-IT","potentialAction":[{"@type":"ReadAction","target":["https:\/\/www.organisator.ch\/operational-excellence\/2025-01-30\/swiss-cyber-security-days-2025-ki-kunst-fbi-desinformation-und-kinderschutz\/"]}]},{"@type":"ImageObject","inLanguage":"it-IT","@id":"https:\/\/www.organisator.ch\/operational-excellence\/2025-01-30\/swiss-cyber-security-days-2025-ki-kunst-fbi-desinformation-und-kinderschutz\/#primaryimage","url":"https:\/\/www.m-q.ch\/wp-content\/uploads\/2025\/01\/SCSD_Bild1_ps.jpg","contentUrl":"https:\/\/www.m-q.ch\/wp-content\/uploads\/2025\/01\/SCSD_Bild1_ps.jpg"},{"@type":"BreadcrumbList","@id":"https:\/\/www.organisator.ch\/operational-excellence\/2025-01-30\/swiss-cyber-security-days-2025-ki-kunst-fbi-desinformation-und-kinderschutz\/#breadcrumb","itemListElement":[{"@type":"ListItem","position":1,"name":"Home","item":"https:\/\/www.organisator.ch\/"},{"@type":"ListItem","position":2,"name":"Swiss Cyber Security Days 2025: KI-Kunst, FBI, Desinformation und Kinderschutz"}]},{"@type":"WebSite","@id":"https:\/\/www.organisator.ch\/#website","url":"https:\/\/www.organisator.ch\/","name":"Organizzatore","description":"Competente. Pratico. In 10 numeri all'anno, ORGANISATOR presenta i temi essenziali per i manager delle PMI.","publisher":{"@id":"https:\/\/www.organisator.ch\/#organization"},"potentialAction":[{"@type":"SearchAction","target":{"@type":"EntryPoint","urlTemplate":"https:\/\/www.organisator.ch\/?s={search_term_string}"},"query-input":{"@type":"PropertyValueSpecification","valueRequired":true,"valueName":"search_term_string"}}],"inLanguage":"it-IT"},{"@type":"Organization","@id":"https:\/\/www.organisator.ch\/#organization","name":"Organizzatore","url":"https:\/\/www.organisator.ch\/","logo":{"@type":"ImageObject","inLanguage":"it-IT","@id":"https:\/\/www.organisator.ch\/#\/schema\/logo\/image\/","url":"https:\/\/www.organisator.ch\/wp-content\/uploads\/2022\/01\/Logo_Organisator_Website.png","contentUrl":"https:\/\/www.organisator.ch\/wp-content\/uploads\/2022\/01\/Logo_Organisator_Website.png","width":800,"height":77,"caption":"Organisator"},"image":{"@id":"https:\/\/www.organisator.ch\/#\/schema\/logo\/image\/"},"sameAs":["https:\/\/www.facebook.com\/OrganisatorFachmagazin","https:\/\/www.linkedin.com\/showcase\/organisator-das-magazin-fr-kmu","https:\/\/www.xing.com\/news\/pages\/organisator-ch-695","https:\/\/www.youtube.com\/channel\/UCGP2Sq0iWaZwT3BdIAQFYpw"]},{"@type":"Person","@id":"https:\/\/www.organisator.ch\/#\/schema\/person\/afccda3a71c06d4be2ed9100dd163db7","name":"Dzana Muminovic","image":{"@type":"ImageObject","inLanguage":"it-IT","@id":"https:\/\/secure.gravatar.com\/avatar\/909c5c71aff4b38e88686f2ab2f1ba152571f394f41ed8bae431ea56ced93050?s=96&d=mm&r=g","url":"https:\/\/secure.gravatar.com\/avatar\/909c5c71aff4b38e88686f2ab2f1ba152571f394f41ed8bae431ea56ced93050?s=96&d=mm&r=g","contentUrl":"https:\/\/secure.gravatar.com\/avatar\/909c5c71aff4b38e88686f2ab2f1ba152571f394f41ed8bae431ea56ced93050?s=96&d=mm&r=g","caption":"Dzana Muminovic"},"url":"https:\/\/www.organisator.ch\/it\/author\/dzana-muminovic\/"}]}},"_links":{"self":[{"href":"https:\/\/www.organisator.ch\/it\/wp-json\/wp\/v2\/posts\/35649","targetHints":{"allow":["GET"]}}],"collection":[{"href":"https:\/\/www.organisator.ch\/it\/wp-json\/wp\/v2\/posts"}],"about":[{"href":"https:\/\/www.organisator.ch\/it\/wp-json\/wp\/v2\/types\/post"}],"author":[{"embeddable":true,"href":"https:\/\/www.organisator.ch\/it\/wp-json\/wp\/v2\/users\/80"}],"replies":[{"embeddable":true,"href":"https:\/\/www.organisator.ch\/it\/wp-json\/wp\/v2\/comments?post=35649"}],"version-history":[{"count":6,"href":"https:\/\/www.organisator.ch\/it\/wp-json\/wp\/v2\/posts\/35649\/revisions"}],"predecessor-version":[{"id":35657,"href":"https:\/\/www.organisator.ch\/it\/wp-json\/wp\/v2\/posts\/35649\/revisions\/35657"}],"wp:attachment":[{"href":"https:\/\/www.organisator.ch\/it\/wp-json\/wp\/v2\/media?parent=35649"}],"wp:term":[{"taxonomy":"category","embeddable":true,"href":"https:\/\/www.organisator.ch\/it\/wp-json\/wp\/v2\/categories?post=35649"},{"taxonomy":"post_tag","embeddable":true,"href":"https:\/\/www.organisator.ch\/it\/wp-json\/wp\/v2\/tags?post=35649"}],"curies":[{"name":"wp","href":"https:\/\/api.w.org\/{rel}","templated":true}]}}