{"id":35653,"date":"2025-01-30T13:00:05","date_gmt":"2025-01-30T12:00:05","guid":{"rendered":"https:\/\/www.organisator.ch\/?p=35653"},"modified":"2025-01-30T11:32:17","modified_gmt":"2025-01-30T10:32:17","slug":"schweizer-kmu-exporte-2025-vorsichtiger-optimismus-trotz-globaler-unsicherheiten","status":"publish","type":"post","link":"https:\/\/www.organisator.ch\/it\/management\/2025-01-30\/schweizer-kmu-exporte-2025-vorsichtiger-optimismus-trotz-globaler-unsicherheiten\/","title":{"rendered":"Esportazioni delle PMI svizzere nel 2025: cauto ottimismo nonostante le incertezze globali"},"content":{"rendered":"<figure id=\"attachment_35654\" aria-describedby=\"caption-attachment-35654\" style=\"width: 680px\" class=\"wp-caption alignnone\"><img loading=\"lazy\" decoding=\"async\" class=\"size-full wp-image-35654\" src=\"https:\/\/www.organisator.ch\/wp-content\/uploads\/2025\/01\/KMU-Exporte_Bild1_ps.jpg\" alt=\"\" width=\"680\" height=\"310\" srcset=\"https:\/\/www.organisator.ch\/wp-content\/uploads\/2025\/01\/KMU-Exporte_Bild1_ps.jpg 680w, https:\/\/www.organisator.ch\/wp-content\/uploads\/2025\/01\/KMU-Exporte_Bild1_ps-18x8.jpg 18w, https:\/\/www.organisator.ch\/wp-content\/uploads\/2025\/01\/KMU-Exporte_Bild1_ps-375x171.jpg 375w\" sizes=\"auto, (max-width: 680px) 100vw, 680px\" \/><figcaption id=\"caption-attachment-35654\" class=\"wp-caption-text\">Le esportazioni delle PMI svizzere nel 2025: cauto ottimismo nonostante le incertezze globali (Foto Christian Flierl)<\/figcaption><\/figure>\n<p>Le PMI svizzere sono cautamente ottimiste per il futuro. Sebbene l'export sentiment, determinato da Switzerland Global Enterprise in un sondaggio semestrale tra le PMI svizzere orientate all'esportazione, sia sceso leggermente da 62,8 a 57,1 punti negli ultimi sei mesi, \u00e8 ancora ben al di sopra della soglia di crescita di 50 punti. Dopo una fase di grande fiducia seguita al breve ma grave crollo dovuto alla pandemia, il valore del sentiment si aggira da due anni e mezzo intorno alla soglia dei 60 punti.<\/p>\n<h3><strong>Aumento previsto delle esportazioni nel corso dell'anno<\/strong><\/h3>\n<p>Per i prossimi sei mesi, poco meno di un'azienda intervistata su due (48%) prevede una crescita delle esportazioni, una su tre (33%) una stagnazione e 19% un calo. Per il 2025 nel suo complesso, le PMI sono leggermente pi\u00f9 ottimiste sulle loro prospettive di crescita: 59% prevedono una crescita e solo 11% un calo. Una societ\u00e0 su sei prevede una crescita superiore a 10%.<\/p>\n<h3><strong>I rischi valutari sono di gran lunga la preoccupazione maggiore <\/strong><\/h3>\n<p>I rischi valutari, che attualmente preoccupano il 56% delle aziende, saranno probabilmente tra i principali fattori che ostacoleranno la crescita nei prossimi sei mesi. Al secondo posto c'\u00e8 il rapporto con l'UE, che torna a ricevere maggiore attenzione con la conclusione dei negoziati sul trattato bilaterale (40%).<\/p>\n<p>Anche le barriere commerciali e il protezionismo (36%), le tensioni tra Stati Uniti e Cina (34%) e il conflitto tra Russia e Ucraina (33%) sono le maggiori preoccupazioni. Ci\u00f2 dimostra che l'incertezza globale sulle conseguenze del cambio di presidente negli Stati Uniti si ripercuote anche sulla Svizzera. \u00c8 incoraggiante che pi\u00f9 della met\u00e0 delle aziende si consideri sufficientemente flessibile per poter reagire a qualsiasi cambiamento politico ed economico.<\/p>\n<p>Al contrario, i prezzi dell'energia e delle materie prime, la carenza di manodopera qualificata e l'inflazione stanno diventando molto meno importanti.<\/p>\n<h3><strong>L'Europa diventa ancora pi\u00f9 importante per la Svizzera <\/strong><\/h3>\n<p>La Germania rimane la destinazione pi\u00f9 importante per le esportazioni, verso la quale 81% di PMI intendono consegnare merci nei prossimi sei mesi. Seguono gli altri Paesi limitrofi, Francia, Italia e Austria, nonch\u00e9 gli Stati Uniti, ciascuno con una quota compresa tra 55% e 60%. Allo stesso tempo, alcuni mercati di vendita europei stanno guadagnando significativamente nelle altre classifiche, aumentando ulteriormente il dominio dell'Europa. Gli Stati Uniti e la Cina sono gli unici mercati non europei nella top 12, mentre l'India, il Giappone e i Paesi ASEAN sono tra i mercati non europei in pi\u00f9 rapida crescita.<\/p>\n<h3><strong>L'India fa tendenza<\/strong><\/h3>\n<p>Alla luce di queste incertezze globali, ben 41% delle aziende intervistate non intende operare in nuovi Paesi nei prossimi mesi. Le aziende che tuttavia vogliono espandersi si concentrano sempre pi\u00f9 sull'India: Il subcontinente \u00e8 ora il nuovo mercato pi\u00f9 importante al mondo per la Svizzera, probabilmente in gran parte grazie all'accordo di libero scambio negoziato. L'India \u00e8 seguita dagli Stati Uniti e dai Paesi del Golfo.<\/p>\n<p><em><a href=\"https:\/\/www.s-ge.com\/de\/article\/medienmitteilungen\/exportstimmung\">Ulteriori informazioni<\/a><\/em><\/p>","protected":false},"excerpt":{"rendered":"<p>Il sentimento delle PMI svizzere nei confronti delle esportazioni rimane al di sopra della soglia di crescita ed \u00e8 quindi ancora \"cautamente ottimista\". Le principali preoccupazioni al momento sono i rischi valutari, il rapporto con l'UE, che deve essere chiarito, e gli effetti incerti del cambio di presidente negli USA. In questa fase, l'Europa, gi\u00e0 cruciale per il successo dell'industria dell'export, sta diventando ancora pi\u00f9 importante, mentre lo sviluppo di nuovi mercati ha un ruolo pi\u00f9 subordinato.<\/p>","protected":false},"author":80,"featured_media":35654,"comment_status":"closed","ping_status":"closed","sticky":false,"template":"","format":"standard","meta":{"_acf_changed":false,"_yoast_wpseo_focuskw":"Exportstimmung Schweizer KMU 2025","_yoast_wpseo_metadesc":"Schweizer KMU blicken trotz globaler Unsicherheiten vorsichtig optimistisch in die Zukunft. Europa bleibt dabei der Schl\u00fcsselmarkt.","articlekey":"","footnotes":""},"categories":[28],"tags":[1138,189,301,424,5051,2643],"class_list":["post-35653","post","type-post","status-publish","format-standard","has-post-thumbnail","hentry","category-management","tag-europa","tag-export","tag-kmu","tag-schweiz","tag-unsicherheit","tag-wachstum"],"acf":[],"yoast_head":"<!-- This site is optimized with the Yoast SEO plugin v27.5 - https:\/\/yoast.com\/product\/yoast-seo-wordpress\/ -->\n<title>Schweizer KMU-Exporte 2025: Vorsichtiger Optimismus trotz globaler Unsicherheiten - Organisator<\/title>\n<meta name=\"description\" content=\"Schweizer KMU blicken trotz globaler Unsicherheiten vorsichtig optimistisch in die Zukunft. Europa bleibt dabei der Schl\u00fcsselmarkt.\" \/>\n<meta name=\"robots\" content=\"index, follow, max-snippet:-1, max-image-preview:large, max-video-preview:-1\" \/>\n<link rel=\"canonical\" href=\"https:\/\/www.organisator.ch\/it\/gestione-2\/2025-01-30\/schweizer-kmu-exporte-2025-vorsichtiger-optimismus-trotz-globaler-unsicherheiten\/\" \/>\n<meta property=\"og:locale\" content=\"it_IT\" \/>\n<meta property=\"og:type\" content=\"article\" \/>\n<meta property=\"og:title\" content=\"Schweizer KMU-Exporte 2025\" \/>\n<meta property=\"og:description\" content=\"Schweizer KMU blicken trotz globaler Unsicherheiten vorsichtig optimistisch in die Zukunft. Europa bleibt dabei der Schl\u00fcsselmarkt.\" \/>\n<meta property=\"og:url\" content=\"https:\/\/www.organisator.ch\/it\/gestione-2\/2025-01-30\/schweizer-kmu-exporte-2025-vorsichtiger-optimismus-trotz-globaler-unsicherheiten\/\" \/>\n<meta property=\"og:site_name\" content=\"Organisator\" \/>\n<meta property=\"article:publisher\" content=\"https:\/\/www.facebook.com\/OrganisatorFachmagazin\" \/>\n<meta property=\"article:published_time\" content=\"2025-01-30T12:00:05+00:00\" \/>\n<meta property=\"og:image\" content=\"https:\/\/www.organisator.ch\/wp-content\/uploads\/2025\/01\/KMU-Exporte_Bild1_ps.jpg\" \/>\n\t<meta property=\"og:image:width\" content=\"680\" \/>\n\t<meta property=\"og:image:height\" content=\"310\" \/>\n\t<meta property=\"og:image:type\" content=\"image\/jpeg\" \/>\n<meta name=\"author\" content=\"Dzana Muminovic\" \/>\n<meta name=\"twitter:card\" content=\"summary_large_image\" \/>\n<meta name=\"twitter:title\" content=\"Schweizer KMU-Exporte 2025\" \/>\n<meta name=\"twitter:description\" content=\"#Schweizer #KMU blicken trotz globaler #Unsicherheiten vorsichtig optimistisch in die #Zukunft. #Europa bleibt dabei der #Schl\u00fcsselmarkt.\" \/>\n<meta name=\"twitter:image\" content=\"https:\/\/www.organisator.ch\/wp-content\/uploads\/2025\/01\/KMU-Exporte_Bild1_ps.jpg\" \/>\n<script type=\"application\/ld+json\" class=\"yoast-schema-graph\">{\"@context\":\"https:\\\/\\\/schema.org\",\"@graph\":[{\"@type\":\"Article\",\"@id\":\"https:\\\/\\\/www.organisator.ch\\\/management\\\/2025-01-30\\\/schweizer-kmu-exporte-2025-vorsichtiger-optimismus-trotz-globaler-unsicherheiten\\\/#article\",\"isPartOf\":{\"@id\":\"https:\\\/\\\/www.organisator.ch\\\/management\\\/2025-01-30\\\/schweizer-kmu-exporte-2025-vorsichtiger-optimismus-trotz-globaler-unsicherheiten\\\/\"},\"author\":{\"name\":\"Dzana Muminovic\",\"@id\":\"https:\\\/\\\/www.organisator.ch\\\/#\\\/schema\\\/person\\\/afccda3a71c06d4be2ed9100dd163db7\"},\"headline\":\"Schweizer KMU-Exporte 2025: Vorsichtiger Optimismus trotz globaler Unsicherheiten\",\"datePublished\":\"2025-01-30T12:00:05+00:00\",\"mainEntityOfPage\":{\"@id\":\"https:\\\/\\\/www.organisator.ch\\\/management\\\/2025-01-30\\\/schweizer-kmu-exporte-2025-vorsichtiger-optimismus-trotz-globaler-unsicherheiten\\\/\"},\"wordCount\":473,\"publisher\":{\"@id\":\"https:\\\/\\\/www.organisator.ch\\\/#organization\"},\"image\":{\"@id\":\"https:\\\/\\\/www.organisator.ch\\\/management\\\/2025-01-30\\\/schweizer-kmu-exporte-2025-vorsichtiger-optimismus-trotz-globaler-unsicherheiten\\\/#primaryimage\"},\"thumbnailUrl\":\"https:\\\/\\\/www.organisator.ch\\\/wp-content\\\/uploads\\\/2025\\\/01\\\/KMU-Exporte_Bild1_ps.jpg\",\"keywords\":[\"Europa\",\"Export\",\"KMU\",\"Schweiz\",\"Unsicherheit\",\"Wachstum\"],\"articleSection\":[\"MANAGEMENT\"],\"inLanguage\":\"it-IT\"},{\"@type\":\"WebPage\",\"@id\":\"https:\\\/\\\/www.organisator.ch\\\/management\\\/2025-01-30\\\/schweizer-kmu-exporte-2025-vorsichtiger-optimismus-trotz-globaler-unsicherheiten\\\/\",\"url\":\"https:\\\/\\\/www.organisator.ch\\\/management\\\/2025-01-30\\\/schweizer-kmu-exporte-2025-vorsichtiger-optimismus-trotz-globaler-unsicherheiten\\\/\",\"name\":\"Schweizer KMU-Exporte 2025: Vorsichtiger Optimismus trotz globaler Unsicherheiten - Organisator\",\"isPartOf\":{\"@id\":\"https:\\\/\\\/www.organisator.ch\\\/#website\"},\"primaryImageOfPage\":{\"@id\":\"https:\\\/\\\/www.organisator.ch\\\/management\\\/2025-01-30\\\/schweizer-kmu-exporte-2025-vorsichtiger-optimismus-trotz-globaler-unsicherheiten\\\/#primaryimage\"},\"image\":{\"@id\":\"https:\\\/\\\/www.organisator.ch\\\/management\\\/2025-01-30\\\/schweizer-kmu-exporte-2025-vorsichtiger-optimismus-trotz-globaler-unsicherheiten\\\/#primaryimage\"},\"thumbnailUrl\":\"https:\\\/\\\/www.organisator.ch\\\/wp-content\\\/uploads\\\/2025\\\/01\\\/KMU-Exporte_Bild1_ps.jpg\",\"datePublished\":\"2025-01-30T12:00:05+00:00\",\"description\":\"Schweizer KMU blicken trotz globaler Unsicherheiten vorsichtig optimistisch in die Zukunft. Europa bleibt dabei der Schl\u00fcsselmarkt.\",\"breadcrumb\":{\"@id\":\"https:\\\/\\\/www.organisator.ch\\\/management\\\/2025-01-30\\\/schweizer-kmu-exporte-2025-vorsichtiger-optimismus-trotz-globaler-unsicherheiten\\\/#breadcrumb\"},\"inLanguage\":\"it-IT\",\"potentialAction\":[{\"@type\":\"ReadAction\",\"target\":[\"https:\\\/\\\/www.organisator.ch\\\/management\\\/2025-01-30\\\/schweizer-kmu-exporte-2025-vorsichtiger-optimismus-trotz-globaler-unsicherheiten\\\/\"]}]},{\"@type\":\"ImageObject\",\"inLanguage\":\"it-IT\",\"@id\":\"https:\\\/\\\/www.organisator.ch\\\/management\\\/2025-01-30\\\/schweizer-kmu-exporte-2025-vorsichtiger-optimismus-trotz-globaler-unsicherheiten\\\/#primaryimage\",\"url\":\"https:\\\/\\\/www.organisator.ch\\\/wp-content\\\/uploads\\\/2025\\\/01\\\/KMU-Exporte_Bild1_ps.jpg\",\"contentUrl\":\"https:\\\/\\\/www.organisator.ch\\\/wp-content\\\/uploads\\\/2025\\\/01\\\/KMU-Exporte_Bild1_ps.jpg\",\"width\":680,\"height\":310,\"caption\":\"Schweizer KMU-Exporte 2025: Vorsichtiger Optimismus trotz globaler Unsicherheiten (Foto Christian Flierl)\"},{\"@type\":\"BreadcrumbList\",\"@id\":\"https:\\\/\\\/www.organisator.ch\\\/management\\\/2025-01-30\\\/schweizer-kmu-exporte-2025-vorsichtiger-optimismus-trotz-globaler-unsicherheiten\\\/#breadcrumb\",\"itemListElement\":[{\"@type\":\"ListItem\",\"position\":1,\"name\":\"Home\",\"item\":\"https:\\\/\\\/www.organisator.ch\\\/\"},{\"@type\":\"ListItem\",\"position\":2,\"name\":\"Schweizer KMU-Exporte 2025: Vorsichtiger Optimismus trotz globaler Unsicherheiten\"}]},{\"@type\":\"WebSite\",\"@id\":\"https:\\\/\\\/www.organisator.ch\\\/#website\",\"url\":\"https:\\\/\\\/www.organisator.ch\\\/\",\"name\":\"Organisator\",\"description\":\"Kompetent. Praxisnah. Der ORGANISATOR bereitet in 10 Ausgaben pro Jahr die wesentlichen Themen f\u00fcr F\u00fchrungskr\u00e4fte von KMU auf.\",\"publisher\":{\"@id\":\"https:\\\/\\\/www.organisator.ch\\\/#organization\"},\"potentialAction\":[{\"@type\":\"SearchAction\",\"target\":{\"@type\":\"EntryPoint\",\"urlTemplate\":\"https:\\\/\\\/www.organisator.ch\\\/?s={search_term_string}\"},\"query-input\":{\"@type\":\"PropertyValueSpecification\",\"valueRequired\":true,\"valueName\":\"search_term_string\"}}],\"inLanguage\":\"it-IT\"},{\"@type\":\"Organization\",\"@id\":\"https:\\\/\\\/www.organisator.ch\\\/#organization\",\"name\":\"Organisator\",\"url\":\"https:\\\/\\\/www.organisator.ch\\\/\",\"logo\":{\"@type\":\"ImageObject\",\"inLanguage\":\"it-IT\",\"@id\":\"https:\\\/\\\/www.organisator.ch\\\/#\\\/schema\\\/logo\\\/image\\\/\",\"url\":\"https:\\\/\\\/www.organisator.ch\\\/wp-content\\\/uploads\\\/2022\\\/01\\\/Logo_Organisator_Website.png\",\"contentUrl\":\"https:\\\/\\\/www.organisator.ch\\\/wp-content\\\/uploads\\\/2022\\\/01\\\/Logo_Organisator_Website.png\",\"width\":800,\"height\":77,\"caption\":\"Organisator\"},\"image\":{\"@id\":\"https:\\\/\\\/www.organisator.ch\\\/#\\\/schema\\\/logo\\\/image\\\/\"},\"sameAs\":[\"https:\\\/\\\/www.facebook.com\\\/OrganisatorFachmagazin\",\"https:\\\/\\\/www.linkedin.com\\\/showcase\\\/organisator-das-magazin-fr-kmu\",\"https:\\\/\\\/www.xing.com\\\/news\\\/pages\\\/organisator-ch-695\",\"https:\\\/\\\/www.youtube.com\\\/channel\\\/UCGP2Sq0iWaZwT3BdIAQFYpw\"]},{\"@type\":\"Person\",\"@id\":\"https:\\\/\\\/www.organisator.ch\\\/#\\\/schema\\\/person\\\/afccda3a71c06d4be2ed9100dd163db7\",\"name\":\"Dzana Muminovic\",\"image\":{\"@type\":\"ImageObject\",\"inLanguage\":\"it-IT\",\"@id\":\"https:\\\/\\\/secure.gravatar.com\\\/avatar\\\/909c5c71aff4b38e88686f2ab2f1ba152571f394f41ed8bae431ea56ced93050?s=96&d=mm&r=g\",\"url\":\"https:\\\/\\\/secure.gravatar.com\\\/avatar\\\/909c5c71aff4b38e88686f2ab2f1ba152571f394f41ed8bae431ea56ced93050?s=96&d=mm&r=g\",\"contentUrl\":\"https:\\\/\\\/secure.gravatar.com\\\/avatar\\\/909c5c71aff4b38e88686f2ab2f1ba152571f394f41ed8bae431ea56ced93050?s=96&d=mm&r=g\",\"caption\":\"Dzana Muminovic\"},\"url\":\"https:\\\/\\\/www.organisator.ch\\\/it\\\/author\\\/dzana-muminovic\\\/\"}]}<\/script>\n<!-- \/ Yoast SEO plugin. -->","yoast_head_json":{"title":"Esportazioni delle PMI svizzere nel 2025: cauto ottimismo nonostante le incertezze globali - Organizzatore","description":"Le PMI svizzere sono cautamente ottimiste per il futuro, nonostante le incertezze globali. L'Europa rimane il mercato chiave.","robots":{"index":"index","follow":"follow","max-snippet":"max-snippet:-1","max-image-preview":"max-image-preview:large","max-video-preview":"max-video-preview:-1"},"canonical":"https:\/\/www.organisator.ch\/it\/gestione-2\/2025-01-30\/schweizer-kmu-exporte-2025-vorsichtiger-optimismus-trotz-globaler-unsicherheiten\/","og_locale":"it_IT","og_type":"article","og_title":"Schweizer KMU-Exporte 2025","og_description":"Schweizer KMU blicken trotz globaler Unsicherheiten vorsichtig optimistisch in die Zukunft. Europa bleibt dabei der Schl\u00fcsselmarkt.","og_url":"https:\/\/www.organisator.ch\/it\/gestione-2\/2025-01-30\/schweizer-kmu-exporte-2025-vorsichtiger-optimismus-trotz-globaler-unsicherheiten\/","og_site_name":"Organisator","article_publisher":"https:\/\/www.facebook.com\/OrganisatorFachmagazin","article_published_time":"2025-01-30T12:00:05+00:00","og_image":[{"width":680,"height":310,"url":"https:\/\/www.organisator.ch\/wp-content\/uploads\/2025\/01\/KMU-Exporte_Bild1_ps.jpg","type":"image\/jpeg"}],"author":"Dzana Muminovic","twitter_card":"summary_large_image","twitter_title":"Schweizer KMU-Exporte 2025","twitter_description":"#Schweizer #KMU blicken trotz globaler #Unsicherheiten vorsichtig optimistisch in die #Zukunft. #Europa bleibt dabei der #Schl\u00fcsselmarkt.","twitter_image":"https:\/\/www.organisator.ch\/wp-content\/uploads\/2025\/01\/KMU-Exporte_Bild1_ps.jpg","schema":{"@context":"https:\/\/schema.org","@graph":[{"@type":"Article","@id":"https:\/\/www.organisator.ch\/management\/2025-01-30\/schweizer-kmu-exporte-2025-vorsichtiger-optimismus-trotz-globaler-unsicherheiten\/#article","isPartOf":{"@id":"https:\/\/www.organisator.ch\/management\/2025-01-30\/schweizer-kmu-exporte-2025-vorsichtiger-optimismus-trotz-globaler-unsicherheiten\/"},"author":{"name":"Dzana Muminovic","@id":"https:\/\/www.organisator.ch\/#\/schema\/person\/afccda3a71c06d4be2ed9100dd163db7"},"headline":"Schweizer KMU-Exporte 2025: Vorsichtiger Optimismus trotz globaler Unsicherheiten","datePublished":"2025-01-30T12:00:05+00:00","mainEntityOfPage":{"@id":"https:\/\/www.organisator.ch\/management\/2025-01-30\/schweizer-kmu-exporte-2025-vorsichtiger-optimismus-trotz-globaler-unsicherheiten\/"},"wordCount":473,"publisher":{"@id":"https:\/\/www.organisator.ch\/#organization"},"image":{"@id":"https:\/\/www.organisator.ch\/management\/2025-01-30\/schweizer-kmu-exporte-2025-vorsichtiger-optimismus-trotz-globaler-unsicherheiten\/#primaryimage"},"thumbnailUrl":"https:\/\/www.organisator.ch\/wp-content\/uploads\/2025\/01\/KMU-Exporte_Bild1_ps.jpg","keywords":["Europa","Export","KMU","Schweiz","Unsicherheit","Wachstum"],"articleSection":["MANAGEMENT"],"inLanguage":"it-IT"},{"@type":"WebPage","@id":"https:\/\/www.organisator.ch\/management\/2025-01-30\/schweizer-kmu-exporte-2025-vorsichtiger-optimismus-trotz-globaler-unsicherheiten\/","url":"https:\/\/www.organisator.ch\/management\/2025-01-30\/schweizer-kmu-exporte-2025-vorsichtiger-optimismus-trotz-globaler-unsicherheiten\/","name":"Esportazioni delle PMI svizzere nel 2025: cauto ottimismo nonostante le incertezze globali - Organizzatore","isPartOf":{"@id":"https:\/\/www.organisator.ch\/#website"},"primaryImageOfPage":{"@id":"https:\/\/www.organisator.ch\/management\/2025-01-30\/schweizer-kmu-exporte-2025-vorsichtiger-optimismus-trotz-globaler-unsicherheiten\/#primaryimage"},"image":{"@id":"https:\/\/www.organisator.ch\/management\/2025-01-30\/schweizer-kmu-exporte-2025-vorsichtiger-optimismus-trotz-globaler-unsicherheiten\/#primaryimage"},"thumbnailUrl":"https:\/\/www.organisator.ch\/wp-content\/uploads\/2025\/01\/KMU-Exporte_Bild1_ps.jpg","datePublished":"2025-01-30T12:00:05+00:00","description":"Le PMI svizzere sono cautamente ottimiste per il futuro, nonostante le incertezze globali. L'Europa rimane il mercato chiave.","breadcrumb":{"@id":"https:\/\/www.organisator.ch\/management\/2025-01-30\/schweizer-kmu-exporte-2025-vorsichtiger-optimismus-trotz-globaler-unsicherheiten\/#breadcrumb"},"inLanguage":"it-IT","potentialAction":[{"@type":"ReadAction","target":["https:\/\/www.organisator.ch\/management\/2025-01-30\/schweizer-kmu-exporte-2025-vorsichtiger-optimismus-trotz-globaler-unsicherheiten\/"]}]},{"@type":"ImageObject","inLanguage":"it-IT","@id":"https:\/\/www.organisator.ch\/management\/2025-01-30\/schweizer-kmu-exporte-2025-vorsichtiger-optimismus-trotz-globaler-unsicherheiten\/#primaryimage","url":"https:\/\/www.organisator.ch\/wp-content\/uploads\/2025\/01\/KMU-Exporte_Bild1_ps.jpg","contentUrl":"https:\/\/www.organisator.ch\/wp-content\/uploads\/2025\/01\/KMU-Exporte_Bild1_ps.jpg","width":680,"height":310,"caption":"Schweizer KMU-Exporte 2025: Vorsichtiger Optimismus trotz globaler Unsicherheiten (Foto Christian Flierl)"},{"@type":"BreadcrumbList","@id":"https:\/\/www.organisator.ch\/management\/2025-01-30\/schweizer-kmu-exporte-2025-vorsichtiger-optimismus-trotz-globaler-unsicherheiten\/#breadcrumb","itemListElement":[{"@type":"ListItem","position":1,"name":"Home","item":"https:\/\/www.organisator.ch\/"},{"@type":"ListItem","position":2,"name":"Schweizer KMU-Exporte 2025: Vorsichtiger Optimismus trotz globaler Unsicherheiten"}]},{"@type":"WebSite","@id":"https:\/\/www.organisator.ch\/#website","url":"https:\/\/www.organisator.ch\/","name":"Organizzatore","description":"Competente. Pratico. In 10 numeri all'anno, ORGANISATOR presenta i temi essenziali per i manager delle PMI.","publisher":{"@id":"https:\/\/www.organisator.ch\/#organization"},"potentialAction":[{"@type":"SearchAction","target":{"@type":"EntryPoint","urlTemplate":"https:\/\/www.organisator.ch\/?s={search_term_string}"},"query-input":{"@type":"PropertyValueSpecification","valueRequired":true,"valueName":"search_term_string"}}],"inLanguage":"it-IT"},{"@type":"Organization","@id":"https:\/\/www.organisator.ch\/#organization","name":"Organizzatore","url":"https:\/\/www.organisator.ch\/","logo":{"@type":"ImageObject","inLanguage":"it-IT","@id":"https:\/\/www.organisator.ch\/#\/schema\/logo\/image\/","url":"https:\/\/www.organisator.ch\/wp-content\/uploads\/2022\/01\/Logo_Organisator_Website.png","contentUrl":"https:\/\/www.organisator.ch\/wp-content\/uploads\/2022\/01\/Logo_Organisator_Website.png","width":800,"height":77,"caption":"Organisator"},"image":{"@id":"https:\/\/www.organisator.ch\/#\/schema\/logo\/image\/"},"sameAs":["https:\/\/www.facebook.com\/OrganisatorFachmagazin","https:\/\/www.linkedin.com\/showcase\/organisator-das-magazin-fr-kmu","https:\/\/www.xing.com\/news\/pages\/organisator-ch-695","https:\/\/www.youtube.com\/channel\/UCGP2Sq0iWaZwT3BdIAQFYpw"]},{"@type":"Person","@id":"https:\/\/www.organisator.ch\/#\/schema\/person\/afccda3a71c06d4be2ed9100dd163db7","name":"Dzana Muminovic","image":{"@type":"ImageObject","inLanguage":"it-IT","@id":"https:\/\/secure.gravatar.com\/avatar\/909c5c71aff4b38e88686f2ab2f1ba152571f394f41ed8bae431ea56ced93050?s=96&d=mm&r=g","url":"https:\/\/secure.gravatar.com\/avatar\/909c5c71aff4b38e88686f2ab2f1ba152571f394f41ed8bae431ea56ced93050?s=96&d=mm&r=g","contentUrl":"https:\/\/secure.gravatar.com\/avatar\/909c5c71aff4b38e88686f2ab2f1ba152571f394f41ed8bae431ea56ced93050?s=96&d=mm&r=g","caption":"Dzana Muminovic"},"url":"https:\/\/www.organisator.ch\/it\/author\/dzana-muminovic\/"}]}},"_links":{"self":[{"href":"https:\/\/www.organisator.ch\/it\/wp-json\/wp\/v2\/posts\/35653","targetHints":{"allow":["GET"]}}],"collection":[{"href":"https:\/\/www.organisator.ch\/it\/wp-json\/wp\/v2\/posts"}],"about":[{"href":"https:\/\/www.organisator.ch\/it\/wp-json\/wp\/v2\/types\/post"}],"author":[{"embeddable":true,"href":"https:\/\/www.organisator.ch\/it\/wp-json\/wp\/v2\/users\/80"}],"replies":[{"embeddable":true,"href":"https:\/\/www.organisator.ch\/it\/wp-json\/wp\/v2\/comments?post=35653"}],"version-history":[{"count":4,"href":"https:\/\/www.organisator.ch\/it\/wp-json\/wp\/v2\/posts\/35653\/revisions"}],"predecessor-version":[{"id":35703,"href":"https:\/\/www.organisator.ch\/it\/wp-json\/wp\/v2\/posts\/35653\/revisions\/35703"}],"wp:featuredmedia":[{"embeddable":true,"href":"https:\/\/www.organisator.ch\/it\/wp-json\/wp\/v2\/media\/35654"}],"wp:attachment":[{"href":"https:\/\/www.organisator.ch\/it\/wp-json\/wp\/v2\/media?parent=35653"}],"wp:term":[{"taxonomy":"category","embeddable":true,"href":"https:\/\/www.organisator.ch\/it\/wp-json\/wp\/v2\/categories?post=35653"},{"taxonomy":"post_tag","embeddable":true,"href":"https:\/\/www.organisator.ch\/it\/wp-json\/wp\/v2\/tags?post=35653"}],"curies":[{"name":"wp","href":"https:\/\/api.w.org\/{rel}","templated":true}]}}