{"id":35658,"date":"2025-01-30T11:29:01","date_gmt":"2025-01-30T10:29:01","guid":{"rendered":"https:\/\/www.organisator.ch\/?p=35658"},"modified":"2025-01-30T11:29:01","modified_gmt":"2025-01-30T10:29:01","slug":"servicenow-und-softwareone-schliessen-strategische-partnerschaft-zur-it-modernisierung","status":"publish","type":"post","link":"https:\/\/www.organisator.ch\/it\/management\/2025-01-30\/servicenow-und-softwareone-schliessen-strategische-partnerschaft-zur-it-modernisierung\/","title":{"rendered":"ServiceNow e SoftwareOne stringono una partnership strategica per la modernizzazione dell'IT"},"content":{"rendered":"<figure id=\"attachment_35659\" aria-describedby=\"caption-attachment-35659\" style=\"width: 680px\" class=\"wp-caption alignnone\"><img loading=\"lazy\" decoding=\"async\" class=\"size-full wp-image-35659\" src=\"https:\/\/www.organisator.ch\/wp-content\/uploads\/2025\/01\/ServiceNow_Bild1_ps.jpg\" alt=\"\" width=\"680\" height=\"454\" srcset=\"https:\/\/www.organisator.ch\/wp-content\/uploads\/2025\/01\/ServiceNow_Bild1_ps.jpg 680w, https:\/\/www.organisator.ch\/wp-content\/uploads\/2025\/01\/ServiceNow_Bild1_ps-18x12.jpg 18w, https:\/\/www.organisator.ch\/wp-content\/uploads\/2025\/01\/ServiceNow_Bild1_ps-375x250.jpg 375w, https:\/\/www.organisator.ch\/wp-content\/uploads\/2025\/01\/ServiceNow_Bild1_ps-524x350.jpg 524w\" sizes=\"auto, (max-width: 680px) 100vw, 680px\" \/><figcaption id=\"caption-attachment-35659\" class=\"wp-caption-text\">SoftwareOne und ServiceNow b\u00fcndeln ihre Kr\u00e4fte, um IT-Modernisierung, Effizienzsteigerung und Innovationen in der Cloud zu f\u00f6rdern. (Bild: www.depositphotos.com)<\/figcaption><\/figure>\n<div class=\"flex-shrink-0 flex flex-col relative items-end\">\n<div>\n<div class=\"pt-0\">\n<div class=\"gizmo-bot-avatar flex h-8 w-8 items-center justify-center overflow-hidden rounded-full\">\n<div class=\"relative p-1 rounded-sm flex items-center justify-center bg-token-main-surface-primary text-token-text-primary h-8 w-8\">\u00a0<\/div>\n<\/div>\n<\/div>\n<\/div>\n<\/div>\n<div class=\"group\/conversation-turn relative flex w-full min-w-0 flex-col agent-turn\">\n<div class=\"flex-col gap-1 md:gap-3\">\n<div class=\"flex max-w-full flex-col flex-grow\">\n<div class=\"min-h-8 text-message flex w-full flex-col items-end gap-2 whitespace-normal break-words text-start [.text-message+&amp;]:mt-5\" dir=\"auto\" data-message-author-role=\"assistant\" data-message-id=\"df2530da-4f22-43a6-8f7e-1612f3e5f33e\" data-message-model-slug=\"gpt-4o\">\n<div class=\"flex w-full flex-col gap-1 empty:hidden first:pt-[3px]\">\n<div class=\"markdown prose w-full break-words dark:prose-invert light\">\n<p>In der ersten Phase der Partnerschaft entwickeln die Unternehmen ein gemeinsames Angebot f\u00fcr ihre Kunden. Dabei wird die f\u00fchrende Workflow-Automatisierung von ServiceNow mit der Cloud-Expertise von SoftwareOne kombiniert. Das Ziel ist, den ROI der Software- und Cloud-Ausgaben der Kunden zu maximieren. Gleichzeitig sollen Innovationen gef\u00f6rdert und IT-Prozesse optimiert werden.<\/p>\n<\/div>\n<\/div>\n<\/div>\n<\/div>\n<\/div>\n<\/div>\n<h3><strong>Gemeinsam zu Effizienz und Innovation<\/strong><\/h3>\n<p>Die Partnerschaft erm\u00f6glicht es den Kunden, Innovationen zu beschleunigen, die Betriebseffizienz zu verbessern und neue Wachstumsm\u00f6glichkeiten zu erschliessen. Dadurch erhalten sie einen besseren \u00dcberblick \u00fcber ihre IT-Ressourcen und k\u00f6nnen die steigenden Softwarekosten effektiv bew\u00e4ltigen. Gleichzeitig wird eine solide Datengrundlage geschaffen, die KI-, Sicherheits- und Modernisierungsma\u00dfnahmen unterst\u00fctzt.<\/p>\n<p>SoftwareOne und ServiceNow werden gemeinsam die Erfahrungen von Mitarbeitern und Kunden verbessern. Dies erreichen sie durch End-to-End-L\u00f6sungen, die Plattform-Services automatisieren und optimieren. Zudem maximiert dieser Ansatz den ROI und schafft eine intuitive Benutzererfahrung, die den Mitarbeitern eine effiziente Aufgabenerledigung erm\u00f6glicht. Dabei profitieren sowohl Mitarbeiter als auch Kunden von der benutzerfreundlichen Gestaltung.<\/p>\n<p>\u201eUnternehmen, die eine Cloud-First-Strategie verfolgen, stehen vor der Herausforderung, ihre Anwendungen zu modernisieren, um den Wert der bestehenden Software- und Hardware-Investitionen zu maximieren. SoftwareOne ist seit Jahren ein erfolgreicher ServiceNow Elite Partner, der unseren gemeinsamen Kunden hilft, den Nutzen ihrer Software-, Cloud- und Technologie-Investitionen zu maximieren\u201c, sagt Raphael Erb, CEO bei SoftwareOne. \u201eDiese strategische Partnerschaft ist ein nat\u00fcrlicher Fortschritt in unserer gemeinsamen Mission, Unternehmen bei der digitalen Transformation zu unterst\u00fctzen und gleichzeitig ihre IT-\u00d6kosysteme zu optimieren. Das neue Angebot wird Einsparungen und Wachstum f\u00fcr Kunden in einer Zeit des schnellen Wandels erm\u00f6glichen, in der Kosteneinsparungen und Konsolidierung wichtiger sind denn je.\u201c<\/p>\n<h3><strong>ServiceNow und SoftwareOne st\u00e4rken Unternehmen weltweit<\/strong><\/h3>\n<p>\u201eUnsere Partnerschaft mit SoftwareOne soll Unternehmen dabei helfen, ihre Abl\u00e4ufe zu modernisieren und Innovationen und Kosteneinsparungen freizusetzen, die reinvestiert werden k\u00f6nnen, um die Chancen der KI-\u00c4ra zu nutzen\u201c, sagt Erica Volini, SVP Global Partnerships and Channels bei ServiceNow. \u201eWir unterst\u00fctzen unsere Kunden dabei, ihre Organisationen zu transformieren. Die Zusammenarbeit unterstreicht unser Engagement f\u00fcr Innovation, operative Exzellenz und messbare Gesch\u00e4ftsergebnisse \u2013 selbst in herausfordernden Zeiten.<\/p>\n<p>SoftwareOne hilft Kunden weltweit, tiefere Einblicke in ihre IT-Landschaft, ihren Ressourcenverbrauch sowie ihre Kosten und Risiken zu gewinnen. Zudem automatisiert das Unternehmen zeitaufw\u00e4ndige Prozesse f\u00fcr mehr Effizienz. SoftwareOne ist seit 2017 ServiceNow Elite-Partner und verf\u00fcgt \u00fcber Schl\u00fcsselkompetenzen sowie mehr als 350 ServiceNow-Zertifizierungen. Die Expertise von SoftwareOne fokussiert sich insbesondere auf Deutschland, \u00d6sterreich und die Schweiz (DACH), die Niederlande, Grossbritannien, Frankreich und Nordamerika. Durch die \u00dcbernahme von Beniva Consulting, einem Anbieter von professionellen Dienstleistungen f\u00fcr die Implementierung der ServiceNow-Plattform, wurden die F\u00e4higkeiten des Unternehmens weiter gest\u00e4rkt.<\/p>\n<p><em>Quelle: <a href=\"http:\/\/www.softwareone.com\">www.softwareone.com<\/a><\/em><\/p>\n","protected":false},"excerpt":{"rendered":"<p>SoftwareOne Holding AG, fornitore leader a livello mondiale di soluzioni software e cloud, e ServiceNow, fornitore leader di soluzioni AI per una trasformazione aziendale di successo, hanno annunciato una partnership strategica pluriennale per guidare la modernizzazione dell'IT nel cloud. <\/p>","protected":false},"author":80,"featured_media":35659,"comment_status":"closed","ping_status":"closed","sticky":false,"template":"","format":"standard","meta":{"_acf_changed":false,"_yoast_wpseo_focuskw":"SoftwareOne ServiceNow Partnerschaft","_yoast_wpseo_metadesc":"SoftwareOne und ServiceNow b\u00fcndeln ihre Kr\u00e4fte, um IT-Modernisierung, Effizienzsteigerung und Innovationen in der Cloud zu f\u00f6rdern.","articlekey":"","footnotes":""},"categories":[28],"tags":[922,286,319,1888,2811],"class_list":["post-35658","post","type-post","status-publish","format-standard","has-post-thumbnail","hentry","category-management","tag-cloud","tag-it","tag-kuenstliche-intelligenz","tag-partnerschaft","tag-softwareloesungen"],"acf":[],"yoast_head":"<!-- This site is optimized with the Yoast SEO plugin v27.4 - https:\/\/yoast.com\/product\/yoast-seo-wordpress\/ -->\n<title>ServiceNow und SoftwareOne schliessen strategische Partnerschaft zur IT-Modernisierung - Organisator<\/title>\n<meta name=\"description\" content=\"SoftwareOne und ServiceNow b\u00fcndeln ihre Kr\u00e4fte, um IT-Modernisierung, Effizienzsteigerung und Innovationen in der Cloud zu f\u00f6rdern.\" \/>\n<meta name=\"robots\" content=\"index, follow, max-snippet:-1, max-image-preview:large, max-video-preview:-1\" \/>\n<link rel=\"canonical\" href=\"https:\/\/www.organisator.ch\/it\/gestione-2\/2025-01-30\/servicenow-und-softwareone-schliessen-strategische-partnerschaft-zur-it-modernisierung\/\" \/>\n<meta property=\"og:locale\" content=\"it_IT\" \/>\n<meta property=\"og:type\" content=\"article\" \/>\n<meta property=\"og:title\" content=\"Partnerschaft zur IT-Modernisierung\" \/>\n<meta property=\"og:description\" content=\"SoftwareOne und ServiceNow b\u00fcndeln ihre Kr\u00e4fte, um IT-Modernisierung, Effizienzsteigerung und Innovationen in der Cloud zu f\u00f6rdern.\" \/>\n<meta property=\"og:url\" content=\"https:\/\/www.organisator.ch\/it\/gestione-2\/2025-01-30\/servicenow-und-softwareone-schliessen-strategische-partnerschaft-zur-it-modernisierung\/\" \/>\n<meta property=\"og:site_name\" content=\"Organisator\" \/>\n<meta property=\"article:publisher\" content=\"https:\/\/www.facebook.com\/OrganisatorFachmagazin\" \/>\n<meta property=\"article:published_time\" content=\"2025-01-30T10:29:01+00:00\" \/>\n<meta property=\"og:image\" content=\"https:\/\/www.organisator.ch\/wp-content\/uploads\/2025\/01\/ServiceNow_Bild1_ps.jpg\" \/>\n\t<meta property=\"og:image:width\" content=\"680\" \/>\n\t<meta property=\"og:image:height\" content=\"454\" \/>\n\t<meta property=\"og:image:type\" content=\"image\/jpeg\" \/>\n<meta name=\"author\" content=\"Dzana Muminovic\" \/>\n<meta name=\"twitter:card\" content=\"summary_large_image\" \/>\n<meta name=\"twitter:title\" content=\"Partnerschaft zur IT-Modernisierung\" \/>\n<meta name=\"twitter:description\" content=\"#SoftwareOne und #ServiceNow b\u00fcndeln ihre Kr\u00e4fte, um #IT-Modernisierung, #Effizienzsteigerung und #Innovationen in der #Cloud zu f\u00f6rdern.\" \/>\n<meta name=\"twitter:image\" content=\"https:\/\/www.organisator.ch\/wp-content\/uploads\/2025\/01\/ServiceNow_Bild1_ps.jpg\" \/>\n<script type=\"application\/ld+json\" class=\"yoast-schema-graph\">{\"@context\":\"https:\\\/\\\/schema.org\",\"@graph\":[{\"@type\":\"Article\",\"@id\":\"https:\\\/\\\/www.organisator.ch\\\/management\\\/2025-01-30\\\/servicenow-und-softwareone-schliessen-strategische-partnerschaft-zur-it-modernisierung\\\/#article\",\"isPartOf\":{\"@id\":\"https:\\\/\\\/www.organisator.ch\\\/management\\\/2025-01-30\\\/servicenow-und-softwareone-schliessen-strategische-partnerschaft-zur-it-modernisierung\\\/\"},\"author\":{\"name\":\"Dzana Muminovic\",\"@id\":\"https:\\\/\\\/www.organisator.ch\\\/#\\\/schema\\\/person\\\/afccda3a71c06d4be2ed9100dd163db7\"},\"headline\":\"ServiceNow und SoftwareOne schliessen strategische Partnerschaft zur IT-Modernisierung\",\"datePublished\":\"2025-01-30T10:29:01+00:00\",\"mainEntityOfPage\":{\"@id\":\"https:\\\/\\\/www.organisator.ch\\\/management\\\/2025-01-30\\\/servicenow-und-softwareone-schliessen-strategische-partnerschaft-zur-it-modernisierung\\\/\"},\"wordCount\":476,\"publisher\":{\"@id\":\"https:\\\/\\\/www.organisator.ch\\\/#organization\"},\"image\":{\"@id\":\"https:\\\/\\\/www.organisator.ch\\\/management\\\/2025-01-30\\\/servicenow-und-softwareone-schliessen-strategische-partnerschaft-zur-it-modernisierung\\\/#primaryimage\"},\"thumbnailUrl\":\"https:\\\/\\\/www.organisator.ch\\\/wp-content\\\/uploads\\\/2025\\\/01\\\/ServiceNow_Bild1_ps.jpg\",\"keywords\":[\"Cloud\",\"IT\",\"K\u00fcnstliche Intelligenz\",\"Partnerschaft\",\"Softwarel\u00f6sungen\"],\"articleSection\":[\"MANAGEMENT\"],\"inLanguage\":\"it-IT\"},{\"@type\":\"WebPage\",\"@id\":\"https:\\\/\\\/www.organisator.ch\\\/management\\\/2025-01-30\\\/servicenow-und-softwareone-schliessen-strategische-partnerschaft-zur-it-modernisierung\\\/\",\"url\":\"https:\\\/\\\/www.organisator.ch\\\/management\\\/2025-01-30\\\/servicenow-und-softwareone-schliessen-strategische-partnerschaft-zur-it-modernisierung\\\/\",\"name\":\"ServiceNow und SoftwareOne schliessen strategische Partnerschaft zur IT-Modernisierung - Organisator\",\"isPartOf\":{\"@id\":\"https:\\\/\\\/www.organisator.ch\\\/#website\"},\"primaryImageOfPage\":{\"@id\":\"https:\\\/\\\/www.organisator.ch\\\/management\\\/2025-01-30\\\/servicenow-und-softwareone-schliessen-strategische-partnerschaft-zur-it-modernisierung\\\/#primaryimage\"},\"image\":{\"@id\":\"https:\\\/\\\/www.organisator.ch\\\/management\\\/2025-01-30\\\/servicenow-und-softwareone-schliessen-strategische-partnerschaft-zur-it-modernisierung\\\/#primaryimage\"},\"thumbnailUrl\":\"https:\\\/\\\/www.organisator.ch\\\/wp-content\\\/uploads\\\/2025\\\/01\\\/ServiceNow_Bild1_ps.jpg\",\"datePublished\":\"2025-01-30T10:29:01+00:00\",\"description\":\"SoftwareOne und ServiceNow b\u00fcndeln ihre Kr\u00e4fte, um IT-Modernisierung, Effizienzsteigerung und Innovationen in der Cloud zu f\u00f6rdern.\",\"breadcrumb\":{\"@id\":\"https:\\\/\\\/www.organisator.ch\\\/management\\\/2025-01-30\\\/servicenow-und-softwareone-schliessen-strategische-partnerschaft-zur-it-modernisierung\\\/#breadcrumb\"},\"inLanguage\":\"it-IT\",\"potentialAction\":[{\"@type\":\"ReadAction\",\"target\":[\"https:\\\/\\\/www.organisator.ch\\\/management\\\/2025-01-30\\\/servicenow-und-softwareone-schliessen-strategische-partnerschaft-zur-it-modernisierung\\\/\"]}]},{\"@type\":\"ImageObject\",\"inLanguage\":\"it-IT\",\"@id\":\"https:\\\/\\\/www.organisator.ch\\\/management\\\/2025-01-30\\\/servicenow-und-softwareone-schliessen-strategische-partnerschaft-zur-it-modernisierung\\\/#primaryimage\",\"url\":\"https:\\\/\\\/www.organisator.ch\\\/wp-content\\\/uploads\\\/2025\\\/01\\\/ServiceNow_Bild1_ps.jpg\",\"contentUrl\":\"https:\\\/\\\/www.organisator.ch\\\/wp-content\\\/uploads\\\/2025\\\/01\\\/ServiceNow_Bild1_ps.jpg\",\"width\":680,\"height\":454,\"caption\":\"SoftwareOne und ServiceNow b\u00fcndeln ihre Kr\u00e4fte, um IT-Modernisierung, Effizienzsteigerung und Innovationen in der Cloud zu f\u00f6rdern. (Bild: www.depositphotos.com)\"},{\"@type\":\"BreadcrumbList\",\"@id\":\"https:\\\/\\\/www.organisator.ch\\\/management\\\/2025-01-30\\\/servicenow-und-softwareone-schliessen-strategische-partnerschaft-zur-it-modernisierung\\\/#breadcrumb\",\"itemListElement\":[{\"@type\":\"ListItem\",\"position\":1,\"name\":\"Home\",\"item\":\"https:\\\/\\\/www.organisator.ch\\\/\"},{\"@type\":\"ListItem\",\"position\":2,\"name\":\"ServiceNow und SoftwareOne schliessen strategische Partnerschaft zur IT-Modernisierung\"}]},{\"@type\":\"WebSite\",\"@id\":\"https:\\\/\\\/www.organisator.ch\\\/#website\",\"url\":\"https:\\\/\\\/www.organisator.ch\\\/\",\"name\":\"Organisator\",\"description\":\"Kompetent. Praxisnah. Der ORGANISATOR bereitet in 10 Ausgaben pro Jahr die wesentlichen Themen f\u00fcr F\u00fchrungskr\u00e4fte von KMU auf.\",\"publisher\":{\"@id\":\"https:\\\/\\\/www.organisator.ch\\\/#organization\"},\"potentialAction\":[{\"@type\":\"SearchAction\",\"target\":{\"@type\":\"EntryPoint\",\"urlTemplate\":\"https:\\\/\\\/www.organisator.ch\\\/?s={search_term_string}\"},\"query-input\":{\"@type\":\"PropertyValueSpecification\",\"valueRequired\":true,\"valueName\":\"search_term_string\"}}],\"inLanguage\":\"it-IT\"},{\"@type\":\"Organization\",\"@id\":\"https:\\\/\\\/www.organisator.ch\\\/#organization\",\"name\":\"Organisator\",\"url\":\"https:\\\/\\\/www.organisator.ch\\\/\",\"logo\":{\"@type\":\"ImageObject\",\"inLanguage\":\"it-IT\",\"@id\":\"https:\\\/\\\/www.organisator.ch\\\/#\\\/schema\\\/logo\\\/image\\\/\",\"url\":\"https:\\\/\\\/www.organisator.ch\\\/wp-content\\\/uploads\\\/2022\\\/01\\\/Logo_Organisator_Website.png\",\"contentUrl\":\"https:\\\/\\\/www.organisator.ch\\\/wp-content\\\/uploads\\\/2022\\\/01\\\/Logo_Organisator_Website.png\",\"width\":800,\"height\":77,\"caption\":\"Organisator\"},\"image\":{\"@id\":\"https:\\\/\\\/www.organisator.ch\\\/#\\\/schema\\\/logo\\\/image\\\/\"},\"sameAs\":[\"https:\\\/\\\/www.facebook.com\\\/OrganisatorFachmagazin\",\"https:\\\/\\\/www.linkedin.com\\\/showcase\\\/organisator-das-magazin-fr-kmu\",\"https:\\\/\\\/www.xing.com\\\/news\\\/pages\\\/organisator-ch-695\",\"https:\\\/\\\/www.youtube.com\\\/channel\\\/UCGP2Sq0iWaZwT3BdIAQFYpw\"]},{\"@type\":\"Person\",\"@id\":\"https:\\\/\\\/www.organisator.ch\\\/#\\\/schema\\\/person\\\/afccda3a71c06d4be2ed9100dd163db7\",\"name\":\"Dzana Muminovic\",\"image\":{\"@type\":\"ImageObject\",\"inLanguage\":\"it-IT\",\"@id\":\"https:\\\/\\\/secure.gravatar.com\\\/avatar\\\/909c5c71aff4b38e88686f2ab2f1ba152571f394f41ed8bae431ea56ced93050?s=96&d=mm&r=g\",\"url\":\"https:\\\/\\\/secure.gravatar.com\\\/avatar\\\/909c5c71aff4b38e88686f2ab2f1ba152571f394f41ed8bae431ea56ced93050?s=96&d=mm&r=g\",\"contentUrl\":\"https:\\\/\\\/secure.gravatar.com\\\/avatar\\\/909c5c71aff4b38e88686f2ab2f1ba152571f394f41ed8bae431ea56ced93050?s=96&d=mm&r=g\",\"caption\":\"Dzana Muminovic\"},\"url\":\"https:\\\/\\\/www.organisator.ch\\\/it\\\/author\\\/dzana-muminovic\\\/\"}]}<\/script>\n<!-- \/ Yoast SEO plugin. -->","yoast_head_json":{"title":"ServiceNow e SoftwareOne stringono una partnership strategica per la modernizzazione dell'IT - Organizzatore","description":"SoftwareOne e ServiceNow uniscono le forze per promuovere la modernizzazione dell'IT, una maggiore efficienza e l'innovazione nel cloud.","robots":{"index":"index","follow":"follow","max-snippet":"max-snippet:-1","max-image-preview":"max-image-preview:large","max-video-preview":"max-video-preview:-1"},"canonical":"https:\/\/www.organisator.ch\/it\/gestione-2\/2025-01-30\/servicenow-und-softwareone-schliessen-strategische-partnerschaft-zur-it-modernisierung\/","og_locale":"it_IT","og_type":"article","og_title":"Partnerschaft zur IT-Modernisierung","og_description":"SoftwareOne und ServiceNow b\u00fcndeln ihre Kr\u00e4fte, um IT-Modernisierung, Effizienzsteigerung und Innovationen in der Cloud zu f\u00f6rdern.","og_url":"https:\/\/www.organisator.ch\/it\/gestione-2\/2025-01-30\/servicenow-und-softwareone-schliessen-strategische-partnerschaft-zur-it-modernisierung\/","og_site_name":"Organisator","article_publisher":"https:\/\/www.facebook.com\/OrganisatorFachmagazin","article_published_time":"2025-01-30T10:29:01+00:00","og_image":[{"width":680,"height":454,"url":"https:\/\/www.organisator.ch\/wp-content\/uploads\/2025\/01\/ServiceNow_Bild1_ps.jpg","type":"image\/jpeg"}],"author":"Dzana Muminovic","twitter_card":"summary_large_image","twitter_title":"Partnerschaft zur IT-Modernisierung","twitter_description":"#SoftwareOne und #ServiceNow b\u00fcndeln ihre Kr\u00e4fte, um #IT-Modernisierung, #Effizienzsteigerung und #Innovationen in der #Cloud zu f\u00f6rdern.","twitter_image":"https:\/\/www.organisator.ch\/wp-content\/uploads\/2025\/01\/ServiceNow_Bild1_ps.jpg","schema":{"@context":"https:\/\/schema.org","@graph":[{"@type":"Article","@id":"https:\/\/www.organisator.ch\/management\/2025-01-30\/servicenow-und-softwareone-schliessen-strategische-partnerschaft-zur-it-modernisierung\/#article","isPartOf":{"@id":"https:\/\/www.organisator.ch\/management\/2025-01-30\/servicenow-und-softwareone-schliessen-strategische-partnerschaft-zur-it-modernisierung\/"},"author":{"name":"Dzana Muminovic","@id":"https:\/\/www.organisator.ch\/#\/schema\/person\/afccda3a71c06d4be2ed9100dd163db7"},"headline":"ServiceNow und SoftwareOne schliessen strategische Partnerschaft zur IT-Modernisierung","datePublished":"2025-01-30T10:29:01+00:00","mainEntityOfPage":{"@id":"https:\/\/www.organisator.ch\/management\/2025-01-30\/servicenow-und-softwareone-schliessen-strategische-partnerschaft-zur-it-modernisierung\/"},"wordCount":476,"publisher":{"@id":"https:\/\/www.organisator.ch\/#organization"},"image":{"@id":"https:\/\/www.organisator.ch\/management\/2025-01-30\/servicenow-und-softwareone-schliessen-strategische-partnerschaft-zur-it-modernisierung\/#primaryimage"},"thumbnailUrl":"https:\/\/www.organisator.ch\/wp-content\/uploads\/2025\/01\/ServiceNow_Bild1_ps.jpg","keywords":["Cloud","IT","K\u00fcnstliche Intelligenz","Partnerschaft","Softwarel\u00f6sungen"],"articleSection":["MANAGEMENT"],"inLanguage":"it-IT"},{"@type":"WebPage","@id":"https:\/\/www.organisator.ch\/management\/2025-01-30\/servicenow-und-softwareone-schliessen-strategische-partnerschaft-zur-it-modernisierung\/","url":"https:\/\/www.organisator.ch\/management\/2025-01-30\/servicenow-und-softwareone-schliessen-strategische-partnerschaft-zur-it-modernisierung\/","name":"ServiceNow e SoftwareOne stringono una partnership strategica per la modernizzazione dell'IT - Organizzatore","isPartOf":{"@id":"https:\/\/www.organisator.ch\/#website"},"primaryImageOfPage":{"@id":"https:\/\/www.organisator.ch\/management\/2025-01-30\/servicenow-und-softwareone-schliessen-strategische-partnerschaft-zur-it-modernisierung\/#primaryimage"},"image":{"@id":"https:\/\/www.organisator.ch\/management\/2025-01-30\/servicenow-und-softwareone-schliessen-strategische-partnerschaft-zur-it-modernisierung\/#primaryimage"},"thumbnailUrl":"https:\/\/www.organisator.ch\/wp-content\/uploads\/2025\/01\/ServiceNow_Bild1_ps.jpg","datePublished":"2025-01-30T10:29:01+00:00","description":"SoftwareOne e ServiceNow uniscono le forze per promuovere la modernizzazione dell'IT, una maggiore efficienza e l'innovazione nel cloud.","breadcrumb":{"@id":"https:\/\/www.organisator.ch\/management\/2025-01-30\/servicenow-und-softwareone-schliessen-strategische-partnerschaft-zur-it-modernisierung\/#breadcrumb"},"inLanguage":"it-IT","potentialAction":[{"@type":"ReadAction","target":["https:\/\/www.organisator.ch\/management\/2025-01-30\/servicenow-und-softwareone-schliessen-strategische-partnerschaft-zur-it-modernisierung\/"]}]},{"@type":"ImageObject","inLanguage":"it-IT","@id":"https:\/\/www.organisator.ch\/management\/2025-01-30\/servicenow-und-softwareone-schliessen-strategische-partnerschaft-zur-it-modernisierung\/#primaryimage","url":"https:\/\/www.organisator.ch\/wp-content\/uploads\/2025\/01\/ServiceNow_Bild1_ps.jpg","contentUrl":"https:\/\/www.organisator.ch\/wp-content\/uploads\/2025\/01\/ServiceNow_Bild1_ps.jpg","width":680,"height":454,"caption":"SoftwareOne und ServiceNow b\u00fcndeln ihre Kr\u00e4fte, um IT-Modernisierung, Effizienzsteigerung und Innovationen in der Cloud zu f\u00f6rdern. (Bild: www.depositphotos.com)"},{"@type":"BreadcrumbList","@id":"https:\/\/www.organisator.ch\/management\/2025-01-30\/servicenow-und-softwareone-schliessen-strategische-partnerschaft-zur-it-modernisierung\/#breadcrumb","itemListElement":[{"@type":"ListItem","position":1,"name":"Home","item":"https:\/\/www.organisator.ch\/"},{"@type":"ListItem","position":2,"name":"ServiceNow und SoftwareOne schliessen strategische Partnerschaft zur IT-Modernisierung"}]},{"@type":"WebSite","@id":"https:\/\/www.organisator.ch\/#website","url":"https:\/\/www.organisator.ch\/","name":"Organizzatore","description":"Competente. Pratico. In 10 numeri all'anno, ORGANISATOR presenta i temi essenziali per i manager delle PMI.","publisher":{"@id":"https:\/\/www.organisator.ch\/#organization"},"potentialAction":[{"@type":"SearchAction","target":{"@type":"EntryPoint","urlTemplate":"https:\/\/www.organisator.ch\/?s={search_term_string}"},"query-input":{"@type":"PropertyValueSpecification","valueRequired":true,"valueName":"search_term_string"}}],"inLanguage":"it-IT"},{"@type":"Organization","@id":"https:\/\/www.organisator.ch\/#organization","name":"Organizzatore","url":"https:\/\/www.organisator.ch\/","logo":{"@type":"ImageObject","inLanguage":"it-IT","@id":"https:\/\/www.organisator.ch\/#\/schema\/logo\/image\/","url":"https:\/\/www.organisator.ch\/wp-content\/uploads\/2022\/01\/Logo_Organisator_Website.png","contentUrl":"https:\/\/www.organisator.ch\/wp-content\/uploads\/2022\/01\/Logo_Organisator_Website.png","width":800,"height":77,"caption":"Organisator"},"image":{"@id":"https:\/\/www.organisator.ch\/#\/schema\/logo\/image\/"},"sameAs":["https:\/\/www.facebook.com\/OrganisatorFachmagazin","https:\/\/www.linkedin.com\/showcase\/organisator-das-magazin-fr-kmu","https:\/\/www.xing.com\/news\/pages\/organisator-ch-695","https:\/\/www.youtube.com\/channel\/UCGP2Sq0iWaZwT3BdIAQFYpw"]},{"@type":"Person","@id":"https:\/\/www.organisator.ch\/#\/schema\/person\/afccda3a71c06d4be2ed9100dd163db7","name":"Dzana Muminovic","image":{"@type":"ImageObject","inLanguage":"it-IT","@id":"https:\/\/secure.gravatar.com\/avatar\/909c5c71aff4b38e88686f2ab2f1ba152571f394f41ed8bae431ea56ced93050?s=96&d=mm&r=g","url":"https:\/\/secure.gravatar.com\/avatar\/909c5c71aff4b38e88686f2ab2f1ba152571f394f41ed8bae431ea56ced93050?s=96&d=mm&r=g","contentUrl":"https:\/\/secure.gravatar.com\/avatar\/909c5c71aff4b38e88686f2ab2f1ba152571f394f41ed8bae431ea56ced93050?s=96&d=mm&r=g","caption":"Dzana Muminovic"},"url":"https:\/\/www.organisator.ch\/it\/author\/dzana-muminovic\/"}]}},"_links":{"self":[{"href":"https:\/\/www.organisator.ch\/it\/wp-json\/wp\/v2\/posts\/35658","targetHints":{"allow":["GET"]}}],"collection":[{"href":"https:\/\/www.organisator.ch\/it\/wp-json\/wp\/v2\/posts"}],"about":[{"href":"https:\/\/www.organisator.ch\/it\/wp-json\/wp\/v2\/types\/post"}],"author":[{"embeddable":true,"href":"https:\/\/www.organisator.ch\/it\/wp-json\/wp\/v2\/users\/80"}],"replies":[{"embeddable":true,"href":"https:\/\/www.organisator.ch\/it\/wp-json\/wp\/v2\/comments?post=35658"}],"version-history":[{"count":4,"href":"https:\/\/www.organisator.ch\/it\/wp-json\/wp\/v2\/posts\/35658\/revisions"}],"predecessor-version":[{"id":35704,"href":"https:\/\/www.organisator.ch\/it\/wp-json\/wp\/v2\/posts\/35658\/revisions\/35704"}],"wp:featuredmedia":[{"embeddable":true,"href":"https:\/\/www.organisator.ch\/it\/wp-json\/wp\/v2\/media\/35659"}],"wp:attachment":[{"href":"https:\/\/www.organisator.ch\/it\/wp-json\/wp\/v2\/media?parent=35658"}],"wp:term":[{"taxonomy":"category","embeddable":true,"href":"https:\/\/www.organisator.ch\/it\/wp-json\/wp\/v2\/categories?post=35658"},{"taxonomy":"post_tag","embeddable":true,"href":"https:\/\/www.organisator.ch\/it\/wp-json\/wp\/v2\/tags?post=35658"}],"curies":[{"name":"wp","href":"https:\/\/api.w.org\/{rel}","templated":true}]}}