{"id":3578,"date":"2018-05-14T10:52:38","date_gmt":"2018-05-14T08:52:38","guid":{"rendered":"https:\/\/www.organisator.ch\/?p=3578"},"modified":"2018-05-14T10:52:38","modified_gmt":"2018-05-14T08:52:38","slug":"chefsache-praesenzielle-fuehrung","status":"publish","type":"post","link":"https:\/\/www.organisator.ch\/it\/management\/2018-05-14\/chefsache-praesenzielle-fuehrung\/","title":{"rendered":"Una questione per il capo La leadership della presenza"},"content":{"rendered":"<figure id=\"attachment_3579\" aria-describedby=\"caption-attachment-3579\" style=\"width: 640px\" class=\"wp-caption alignnone\"><img loading=\"lazy\" decoding=\"async\" class=\"size-full wp-image-3579\" src=\"https:\/\/www.organisator.ch\/wp-content\/uploads\/2018\/05\/Buchtipp-Chefsache-Praesenzielle-Fuehrung_Organisator.jpg\" alt=\"\" width=\"640\" height=\"447\" srcset=\"https:\/\/www.organisator.ch\/wp-content\/uploads\/2018\/05\/Buchtipp-Chefsache-Praesenzielle-Fuehrung_Organisator.jpg 640w, https:\/\/www.organisator.ch\/wp-content\/uploads\/2018\/05\/Buchtipp-Chefsache-Praesenzielle-Fuehrung_Organisator-16x12.jpg 16w, https:\/\/www.organisator.ch\/wp-content\/uploads\/2018\/05\/Buchtipp-Chefsache-Praesenzielle-Fuehrung_Organisator-251x175.jpg 251w, https:\/\/www.organisator.ch\/wp-content\/uploads\/2018\/05\/Buchtipp-Chefsache-Praesenzielle-Fuehrung_Organisator-501x350.jpg 501w, https:\/\/www.organisator.ch\/wp-content\/uploads\/2018\/05\/Buchtipp-Chefsache-Praesenzielle-Fuehrung_Organisator-300x210.jpg 300w\" sizes=\"auto, (max-width: 640px) 100vw, 640px\" \/><figcaption id=\"caption-attachment-3579\" class=\"wp-caption-text\">Una questione di leadership: Nuovo libro di Anton D\u00f6rig. (Immagine: zVg)<\/figcaption><\/figure>\n<p align=\"LEFT\">Come si possono riconoscere i leader veramente bravi nella vita lavorativa di tutti i giorni e cosa ha a che fare con la sicurezza? Una leadership impegnativa ha bisogno di presenza ed essenza a tutti i livelli di gestione (Presence Leadership!\u00ae). Solo le sfide e le difficolt\u00e0 non ordinarie ci permettono di crescere veramente nella leadership.<\/p>\n<p align=\"LEFT\">Esempi da pi\u00f9 di 20 anni di esperienza professionale dell'autore Anton D\u00f6rig - ha lavorato per pi\u00f9 di 20 anni in vari rami e settori della sicurezza privata e pubblica a livello regionale, nazionale e internazionale in posizioni di comando - nell'ambiente della sicurezza, dell'emergenza e della gestione delle crisi sono combinati con suggerimenti non convenzionali dalla vita quotidiana. Questo incoraggia le persone a mettere in discussione il proprio comportamento. Concentrato, a volte provocatorio e al punto, questo risulta in un cambiamento di prospettiva per tutti coloro che vogliono davvero essere buoni leader e sono alla ricerca di una nuova ispirazione.<\/p>\n<p>Il libro \u00e8 pubblicato in <a href=\"https:\/\/www.springer.com\/de\/book\/9783658204648#aboutBook\">Casa editrice Springer Gabler<\/a> ed \u00e8 gi\u00e0 disponibile online come eBook. Il libro rigido sar\u00e0 disponibile tra qualche giorno.<\/p>\n<p align=\"LEFT\"><em><strong>Una questione per il capo La leadership della presenza<\/strong>. Da <a href=\"http:\/\/www.anton-doerig.ch\">Anton D\u00f6rig<\/a>.<br \/>\n1a ed. 2018, XVIII, 197 p., Springer Gabler Verlag, eBook: ISBN 978-3-658-20465-5; Copertina rigida + eBook: ISBN 978-3-658-20464-8.<\/em><\/p>\n<p>&nbsp;<\/p>\n<p>&nbsp;<\/p>","protected":false},"excerpt":{"rendered":"<p>Woran erkennt man heute im Berufsalltag wirklich gute Leader und was hat das mit Sicherheit zu tun? Eine anspruchsvolle F\u00fchrung braucht Pr\u00e4senz &amp; Essenz auf allen Stufen des Managements (Pr\u00e4senzielle F\u00fchrung!\u00ae). Nur nichtallt\u00e4gliche Herausforderungen und Schwierigkeiten lassen uns wirklich in der F\u00fchrung wachsen. Beispiele aus \u00fcber 20 Jahren Berufserfahrung des Autors Anton D\u00f6rig &#8211; er [&hellip;]<\/p>\n","protected":false},"author":4,"featured_media":3579,"comment_status":"open","ping_status":"open","sticky":false,"template":"","format":"standard","meta":{"_acf_changed":false,"_yoast_wpseo_focuskw":"Pr\u00e4senzielle F\u00fchrung","_yoast_wpseo_metadesc":"Praktische Tipps f\u00fcr den F\u00fchrungsalltag, die zum Umdenken anregen - bereichert mit Erkenntnissen aus dem Sicherheits-, Notfall- und Krisenmanagement: Chefsache Pr\u00e4senzielle F\u00fchrung.","articlekey":"","footnotes":""},"categories":[28],"tags":[92,95,335,508],"class_list":["post-3578","post","type-post","status-publish","format-standard","has-post-thumbnail","hentry","category-management","tag-buch","tag-buchtipps","tag-management-und-unternehmensfuehrung","tag-vermischtes"],"acf":[],"yoast_head":"<!-- This site is optimized with the Yoast SEO plugin v27.4 - https:\/\/yoast.com\/product\/yoast-seo-wordpress\/ -->\n<title>Chefsache Pr\u00e4senzielle F\u00fchrung - Organisator<\/title>\n<meta name=\"description\" content=\"Praktische Tipps f\u00fcr den F\u00fchrungsalltag, die zum Umdenken anregen - bereichert mit Erkenntnissen aus dem Sicherheits-, Notfall- und Krisenmanagement: Chefsache Pr\u00e4senzielle F\u00fchrung.\" \/>\n<meta name=\"robots\" content=\"index, follow, max-snippet:-1, max-image-preview:large, max-video-preview:-1\" \/>\n<link rel=\"canonical\" href=\"https:\/\/www.organisator.ch\/it\/gestione-2\/2018-05-14\/chefsache-praesenzielle-fuehrung\/\" \/>\n<meta property=\"og:locale\" content=\"it_IT\" \/>\n<meta property=\"og:type\" content=\"article\" \/>\n<meta property=\"og:title\" content=\"Buchtipp: Chefsache Pr\u00e4senzielle F\u00fchrung\" \/>\n<meta property=\"og:description\" content=\"Praktische Tipps f\u00fcr den #F\u00fchrungsalltag, die zum Umdenken anregen - bereichert mit Erkenntnissen aus dem Sicherheits-, Notfall- und #Krisenmanagement: Chefsache Pr\u00e4senzielle F\u00fchrung.\" \/>\n<meta property=\"og:url\" content=\"https:\/\/www.organisator.ch\/it\/gestione-2\/2018-05-14\/chefsache-praesenzielle-fuehrung\/\" \/>\n<meta property=\"og:site_name\" content=\"Organisator\" \/>\n<meta property=\"article:publisher\" content=\"https:\/\/www.facebook.com\/OrganisatorFachmagazin\" \/>\n<meta property=\"article:published_time\" content=\"2018-05-14T08:52:38+00:00\" \/>\n<meta property=\"og:image\" content=\"https:\/\/www.organisator.ch\/wp-content\/uploads\/2018\/05\/Buchtipp-Chefsache-Praesenzielle-Fuehrung_Organisator.jpg\" \/>\n\t<meta property=\"og:image:width\" content=\"640\" \/>\n\t<meta property=\"og:image:height\" content=\"447\" \/>\n\t<meta property=\"og:image:type\" content=\"image\/jpeg\" \/>\n<meta name=\"author\" content=\"thomas.berner\" \/>\n<meta name=\"twitter:card\" content=\"summary_large_image\" \/>\n<meta name=\"twitter:title\" content=\"Buchtipp: Chefsache #Pr\u00e4senzielleF\u00fchrung\" \/>\n<meta name=\"twitter:description\" content=\"Praktische Tipps f\u00fcr den #F\u00fchrungsalltag, die zum Umdenken anregen - bereichert mit Erkenntnissen aus dem Sicherheits-, Notfall- und #Krisenmanagement: Chefsache Pr\u00e4senzielle F\u00fchrung.\" \/>\n<meta name=\"twitter:image\" content=\"https:\/\/www.organisator.ch\/wp-content\/uploads\/2018\/05\/Buchtipp-Chefsache-Pr\u00e4senzielle-F\u00fchrung_Organisator.jpg\" \/>\n<script type=\"application\/ld+json\" class=\"yoast-schema-graph\">{\"@context\":\"https:\\\/\\\/schema.org\",\"@graph\":[{\"@type\":\"Article\",\"@id\":\"https:\\\/\\\/www.organisator.ch\\\/management\\\/2018-05-14\\\/chefsache-praesenzielle-fuehrung\\\/#article\",\"isPartOf\":{\"@id\":\"https:\\\/\\\/www.organisator.ch\\\/management\\\/2018-05-14\\\/chefsache-praesenzielle-fuehrung\\\/\"},\"author\":{\"name\":\"thomas.berner\",\"@id\":\"https:\\\/\\\/www.organisator.ch\\\/#\\\/schema\\\/person\\\/6f650f90b2842cd4c0cc334b4e36f67e\"},\"headline\":\"Chefsache Pr\u00e4senzielle F\u00fchrung\",\"datePublished\":\"2018-05-14T08:52:38+00:00\",\"mainEntityOfPage\":{\"@id\":\"https:\\\/\\\/www.organisator.ch\\\/management\\\/2018-05-14\\\/chefsache-praesenzielle-fuehrung\\\/\"},\"wordCount\":214,\"commentCount\":0,\"publisher\":{\"@id\":\"https:\\\/\\\/www.organisator.ch\\\/#organization\"},\"image\":{\"@id\":\"https:\\\/\\\/www.organisator.ch\\\/management\\\/2018-05-14\\\/chefsache-praesenzielle-fuehrung\\\/#primaryimage\"},\"thumbnailUrl\":\"https:\\\/\\\/www.organisator.ch\\\/wp-content\\\/uploads\\\/2018\\\/05\\\/Buchtipp-Chefsache-Praesenzielle-Fuehrung_Organisator.jpg\",\"keywords\":[\"Buch\",\"Buchtipps\",\"Management und Unternehmensf\u00fchrung\",\"Vermischtes\"],\"articleSection\":[\"MANAGEMENT\"],\"inLanguage\":\"it-IT\"},{\"@type\":\"WebPage\",\"@id\":\"https:\\\/\\\/www.organisator.ch\\\/management\\\/2018-05-14\\\/chefsache-praesenzielle-fuehrung\\\/\",\"url\":\"https:\\\/\\\/www.organisator.ch\\\/management\\\/2018-05-14\\\/chefsache-praesenzielle-fuehrung\\\/\",\"name\":\"Chefsache Pr\u00e4senzielle F\u00fchrung - Organisator\",\"isPartOf\":{\"@id\":\"https:\\\/\\\/www.organisator.ch\\\/#website\"},\"primaryImageOfPage\":{\"@id\":\"https:\\\/\\\/www.organisator.ch\\\/management\\\/2018-05-14\\\/chefsache-praesenzielle-fuehrung\\\/#primaryimage\"},\"image\":{\"@id\":\"https:\\\/\\\/www.organisator.ch\\\/management\\\/2018-05-14\\\/chefsache-praesenzielle-fuehrung\\\/#primaryimage\"},\"thumbnailUrl\":\"https:\\\/\\\/www.organisator.ch\\\/wp-content\\\/uploads\\\/2018\\\/05\\\/Buchtipp-Chefsache-Praesenzielle-Fuehrung_Organisator.jpg\",\"datePublished\":\"2018-05-14T08:52:38+00:00\",\"description\":\"Praktische Tipps f\u00fcr den F\u00fchrungsalltag, die zum Umdenken anregen - bereichert mit Erkenntnissen aus dem Sicherheits-, Notfall- und Krisenmanagement: Chefsache Pr\u00e4senzielle F\u00fchrung.\",\"breadcrumb\":{\"@id\":\"https:\\\/\\\/www.organisator.ch\\\/management\\\/2018-05-14\\\/chefsache-praesenzielle-fuehrung\\\/#breadcrumb\"},\"inLanguage\":\"it-IT\",\"potentialAction\":[{\"@type\":\"ReadAction\",\"target\":[\"https:\\\/\\\/www.organisator.ch\\\/management\\\/2018-05-14\\\/chefsache-praesenzielle-fuehrung\\\/\"]}]},{\"@type\":\"ImageObject\",\"inLanguage\":\"it-IT\",\"@id\":\"https:\\\/\\\/www.organisator.ch\\\/management\\\/2018-05-14\\\/chefsache-praesenzielle-fuehrung\\\/#primaryimage\",\"url\":\"https:\\\/\\\/www.organisator.ch\\\/wp-content\\\/uploads\\\/2018\\\/05\\\/Buchtipp-Chefsache-Praesenzielle-Fuehrung_Organisator.jpg\",\"contentUrl\":\"https:\\\/\\\/www.organisator.ch\\\/wp-content\\\/uploads\\\/2018\\\/05\\\/Buchtipp-Chefsache-Praesenzielle-Fuehrung_Organisator.jpg\",\"width\":640,\"height\":447,\"caption\":\"Chefsache Pr\u00e4senzielle F\u00fchrung: Neues Buch von Anton D\u00f6rig. (Bild: zVg)\"},{\"@type\":\"BreadcrumbList\",\"@id\":\"https:\\\/\\\/www.organisator.ch\\\/management\\\/2018-05-14\\\/chefsache-praesenzielle-fuehrung\\\/#breadcrumb\",\"itemListElement\":[{\"@type\":\"ListItem\",\"position\":1,\"name\":\"Home\",\"item\":\"https:\\\/\\\/www.organisator.ch\\\/\"},{\"@type\":\"ListItem\",\"position\":2,\"name\":\"Chefsache Pr\u00e4senzielle F\u00fchrung\"}]},{\"@type\":\"WebSite\",\"@id\":\"https:\\\/\\\/www.organisator.ch\\\/#website\",\"url\":\"https:\\\/\\\/www.organisator.ch\\\/\",\"name\":\"Organisator\",\"description\":\"Kompetent. Praxisnah. Der ORGANISATOR bereitet in 10 Ausgaben pro Jahr die wesentlichen Themen f\u00fcr F\u00fchrungskr\u00e4fte von KMU auf.\",\"publisher\":{\"@id\":\"https:\\\/\\\/www.organisator.ch\\\/#organization\"},\"potentialAction\":[{\"@type\":\"SearchAction\",\"target\":{\"@type\":\"EntryPoint\",\"urlTemplate\":\"https:\\\/\\\/www.organisator.ch\\\/?s={search_term_string}\"},\"query-input\":{\"@type\":\"PropertyValueSpecification\",\"valueRequired\":true,\"valueName\":\"search_term_string\"}}],\"inLanguage\":\"it-IT\"},{\"@type\":\"Organization\",\"@id\":\"https:\\\/\\\/www.organisator.ch\\\/#organization\",\"name\":\"Organisator\",\"url\":\"https:\\\/\\\/www.organisator.ch\\\/\",\"logo\":{\"@type\":\"ImageObject\",\"inLanguage\":\"it-IT\",\"@id\":\"https:\\\/\\\/www.organisator.ch\\\/#\\\/schema\\\/logo\\\/image\\\/\",\"url\":\"https:\\\/\\\/www.organisator.ch\\\/wp-content\\\/uploads\\\/2022\\\/01\\\/Logo_Organisator_Website.png\",\"contentUrl\":\"https:\\\/\\\/www.organisator.ch\\\/wp-content\\\/uploads\\\/2022\\\/01\\\/Logo_Organisator_Website.png\",\"width\":800,\"height\":77,\"caption\":\"Organisator\"},\"image\":{\"@id\":\"https:\\\/\\\/www.organisator.ch\\\/#\\\/schema\\\/logo\\\/image\\\/\"},\"sameAs\":[\"https:\\\/\\\/www.facebook.com\\\/OrganisatorFachmagazin\",\"https:\\\/\\\/www.linkedin.com\\\/showcase\\\/organisator-das-magazin-fr-kmu\",\"https:\\\/\\\/www.xing.com\\\/news\\\/pages\\\/organisator-ch-695\",\"https:\\\/\\\/www.youtube.com\\\/channel\\\/UCGP2Sq0iWaZwT3BdIAQFYpw\"]},{\"@type\":\"Person\",\"@id\":\"https:\\\/\\\/www.organisator.ch\\\/#\\\/schema\\\/person\\\/6f650f90b2842cd4c0cc334b4e36f67e\",\"name\":\"thomas.berner\",\"image\":{\"@type\":\"ImageObject\",\"inLanguage\":\"it-IT\",\"@id\":\"https:\\\/\\\/secure.gravatar.com\\\/avatar\\\/ac5001d2a36cb6c6cd3e50789007ffca834b477b74a2144564522e944eabff61?s=96&d=mm&r=g\",\"url\":\"https:\\\/\\\/secure.gravatar.com\\\/avatar\\\/ac5001d2a36cb6c6cd3e50789007ffca834b477b74a2144564522e944eabff61?s=96&d=mm&r=g\",\"contentUrl\":\"https:\\\/\\\/secure.gravatar.com\\\/avatar\\\/ac5001d2a36cb6c6cd3e50789007ffca834b477b74a2144564522e944eabff61?s=96&d=mm&r=g\",\"caption\":\"thomas.berner\"},\"url\":\"https:\\\/\\\/www.organisator.ch\\\/it\\\/author\\\/thomas-berner\\\/\"}]}<\/script>\n<!-- \/ Yoast SEO plugin. -->","yoast_head_json":{"title":"Leadership di presenza in capo - Organizzatore","description":"Consigli pratici per la leadership di tutti i giorni che incoraggiano un ripensamento - arricchiti con spunti dalla gestione della sicurezza, delle emergenze e delle crisi: Chefsache Pr\u00e4senzielle F\u00fchrung.","robots":{"index":"index","follow":"follow","max-snippet":"max-snippet:-1","max-image-preview":"max-image-preview:large","max-video-preview":"max-video-preview:-1"},"canonical":"https:\/\/www.organisator.ch\/it\/gestione-2\/2018-05-14\/chefsache-praesenzielle-fuehrung\/","og_locale":"it_IT","og_type":"article","og_title":"Buchtipp: Chefsache Pr\u00e4senzielle F\u00fchrung","og_description":"Praktische Tipps f\u00fcr den #F\u00fchrungsalltag, die zum Umdenken anregen - bereichert mit Erkenntnissen aus dem Sicherheits-, Notfall- und #Krisenmanagement: Chefsache Pr\u00e4senzielle F\u00fchrung.","og_url":"https:\/\/www.organisator.ch\/it\/gestione-2\/2018-05-14\/chefsache-praesenzielle-fuehrung\/","og_site_name":"Organisator","article_publisher":"https:\/\/www.facebook.com\/OrganisatorFachmagazin","article_published_time":"2018-05-14T08:52:38+00:00","og_image":[{"width":640,"height":447,"url":"https:\/\/www.organisator.ch\/wp-content\/uploads\/2018\/05\/Buchtipp-Chefsache-Praesenzielle-Fuehrung_Organisator.jpg","type":"image\/jpeg"}],"author":"thomas.berner","twitter_card":"summary_large_image","twitter_title":"Buchtipp: Chefsache #Pr\u00e4senzielleF\u00fchrung","twitter_description":"Praktische Tipps f\u00fcr den #F\u00fchrungsalltag, die zum Umdenken anregen - bereichert mit Erkenntnissen aus dem Sicherheits-, Notfall- und #Krisenmanagement: Chefsache Pr\u00e4senzielle F\u00fchrung.","twitter_image":"https:\/\/www.organisator.ch\/wp-content\/uploads\/2018\/05\/Buchtipp-Chefsache-Pr\u00e4senzielle-F\u00fchrung_Organisator.jpg","schema":{"@context":"https:\/\/schema.org","@graph":[{"@type":"Article","@id":"https:\/\/www.organisator.ch\/management\/2018-05-14\/chefsache-praesenzielle-fuehrung\/#article","isPartOf":{"@id":"https:\/\/www.organisator.ch\/management\/2018-05-14\/chefsache-praesenzielle-fuehrung\/"},"author":{"name":"thomas.berner","@id":"https:\/\/www.organisator.ch\/#\/schema\/person\/6f650f90b2842cd4c0cc334b4e36f67e"},"headline":"Chefsache Pr\u00e4senzielle F\u00fchrung","datePublished":"2018-05-14T08:52:38+00:00","mainEntityOfPage":{"@id":"https:\/\/www.organisator.ch\/management\/2018-05-14\/chefsache-praesenzielle-fuehrung\/"},"wordCount":214,"commentCount":0,"publisher":{"@id":"https:\/\/www.organisator.ch\/#organization"},"image":{"@id":"https:\/\/www.organisator.ch\/management\/2018-05-14\/chefsache-praesenzielle-fuehrung\/#primaryimage"},"thumbnailUrl":"https:\/\/www.organisator.ch\/wp-content\/uploads\/2018\/05\/Buchtipp-Chefsache-Praesenzielle-Fuehrung_Organisator.jpg","keywords":["Buch","Buchtipps","Management und Unternehmensf\u00fchrung","Vermischtes"],"articleSection":["MANAGEMENT"],"inLanguage":"it-IT"},{"@type":"WebPage","@id":"https:\/\/www.organisator.ch\/management\/2018-05-14\/chefsache-praesenzielle-fuehrung\/","url":"https:\/\/www.organisator.ch\/management\/2018-05-14\/chefsache-praesenzielle-fuehrung\/","name":"Leadership di presenza in capo - Organizzatore","isPartOf":{"@id":"https:\/\/www.organisator.ch\/#website"},"primaryImageOfPage":{"@id":"https:\/\/www.organisator.ch\/management\/2018-05-14\/chefsache-praesenzielle-fuehrung\/#primaryimage"},"image":{"@id":"https:\/\/www.organisator.ch\/management\/2018-05-14\/chefsache-praesenzielle-fuehrung\/#primaryimage"},"thumbnailUrl":"https:\/\/www.organisator.ch\/wp-content\/uploads\/2018\/05\/Buchtipp-Chefsache-Praesenzielle-Fuehrung_Organisator.jpg","datePublished":"2018-05-14T08:52:38+00:00","description":"Consigli pratici per la leadership di tutti i giorni che incoraggiano un ripensamento - arricchiti con spunti dalla gestione della sicurezza, delle emergenze e delle crisi: Chefsache Pr\u00e4senzielle F\u00fchrung.","breadcrumb":{"@id":"https:\/\/www.organisator.ch\/management\/2018-05-14\/chefsache-praesenzielle-fuehrung\/#breadcrumb"},"inLanguage":"it-IT","potentialAction":[{"@type":"ReadAction","target":["https:\/\/www.organisator.ch\/management\/2018-05-14\/chefsache-praesenzielle-fuehrung\/"]}]},{"@type":"ImageObject","inLanguage":"it-IT","@id":"https:\/\/www.organisator.ch\/management\/2018-05-14\/chefsache-praesenzielle-fuehrung\/#primaryimage","url":"https:\/\/www.organisator.ch\/wp-content\/uploads\/2018\/05\/Buchtipp-Chefsache-Praesenzielle-Fuehrung_Organisator.jpg","contentUrl":"https:\/\/www.organisator.ch\/wp-content\/uploads\/2018\/05\/Buchtipp-Chefsache-Praesenzielle-Fuehrung_Organisator.jpg","width":640,"height":447,"caption":"Chefsache Pr\u00e4senzielle F\u00fchrung: Neues Buch von Anton D\u00f6rig. (Bild: zVg)"},{"@type":"BreadcrumbList","@id":"https:\/\/www.organisator.ch\/management\/2018-05-14\/chefsache-praesenzielle-fuehrung\/#breadcrumb","itemListElement":[{"@type":"ListItem","position":1,"name":"Home","item":"https:\/\/www.organisator.ch\/"},{"@type":"ListItem","position":2,"name":"Chefsache Pr\u00e4senzielle F\u00fchrung"}]},{"@type":"WebSite","@id":"https:\/\/www.organisator.ch\/#website","url":"https:\/\/www.organisator.ch\/","name":"Organizzatore","description":"Competente. Pratico. In 10 numeri all'anno, ORGANISATOR presenta i temi essenziali per i manager delle PMI.","publisher":{"@id":"https:\/\/www.organisator.ch\/#organization"},"potentialAction":[{"@type":"SearchAction","target":{"@type":"EntryPoint","urlTemplate":"https:\/\/www.organisator.ch\/?s={search_term_string}"},"query-input":{"@type":"PropertyValueSpecification","valueRequired":true,"valueName":"search_term_string"}}],"inLanguage":"it-IT"},{"@type":"Organization","@id":"https:\/\/www.organisator.ch\/#organization","name":"Organizzatore","url":"https:\/\/www.organisator.ch\/","logo":{"@type":"ImageObject","inLanguage":"it-IT","@id":"https:\/\/www.organisator.ch\/#\/schema\/logo\/image\/","url":"https:\/\/www.organisator.ch\/wp-content\/uploads\/2022\/01\/Logo_Organisator_Website.png","contentUrl":"https:\/\/www.organisator.ch\/wp-content\/uploads\/2022\/01\/Logo_Organisator_Website.png","width":800,"height":77,"caption":"Organisator"},"image":{"@id":"https:\/\/www.organisator.ch\/#\/schema\/logo\/image\/"},"sameAs":["https:\/\/www.facebook.com\/OrganisatorFachmagazin","https:\/\/www.linkedin.com\/showcase\/organisator-das-magazin-fr-kmu","https:\/\/www.xing.com\/news\/pages\/organisator-ch-695","https:\/\/www.youtube.com\/channel\/UCGP2Sq0iWaZwT3BdIAQFYpw"]},{"@type":"Person","@id":"https:\/\/www.organisator.ch\/#\/schema\/person\/6f650f90b2842cd4c0cc334b4e36f67e","name":"Tommaso.berner","image":{"@type":"ImageObject","inLanguage":"it-IT","@id":"https:\/\/secure.gravatar.com\/avatar\/ac5001d2a36cb6c6cd3e50789007ffca834b477b74a2144564522e944eabff61?s=96&d=mm&r=g","url":"https:\/\/secure.gravatar.com\/avatar\/ac5001d2a36cb6c6cd3e50789007ffca834b477b74a2144564522e944eabff61?s=96&d=mm&r=g","contentUrl":"https:\/\/secure.gravatar.com\/avatar\/ac5001d2a36cb6c6cd3e50789007ffca834b477b74a2144564522e944eabff61?s=96&d=mm&r=g","caption":"thomas.berner"},"url":"https:\/\/www.organisator.ch\/it\/author\/thomas-berner\/"}]}},"_links":{"self":[{"href":"https:\/\/www.organisator.ch\/it\/wp-json\/wp\/v2\/posts\/3578","targetHints":{"allow":["GET"]}}],"collection":[{"href":"https:\/\/www.organisator.ch\/it\/wp-json\/wp\/v2\/posts"}],"about":[{"href":"https:\/\/www.organisator.ch\/it\/wp-json\/wp\/v2\/types\/post"}],"author":[{"embeddable":true,"href":"https:\/\/www.organisator.ch\/it\/wp-json\/wp\/v2\/users\/4"}],"replies":[{"embeddable":true,"href":"https:\/\/www.organisator.ch\/it\/wp-json\/wp\/v2\/comments?post=3578"}],"version-history":[{"count":0,"href":"https:\/\/www.organisator.ch\/it\/wp-json\/wp\/v2\/posts\/3578\/revisions"}],"wp:featuredmedia":[{"embeddable":true,"href":"https:\/\/www.organisator.ch\/it\/wp-json\/wp\/v2\/media\/3579"}],"wp:attachment":[{"href":"https:\/\/www.organisator.ch\/it\/wp-json\/wp\/v2\/media?parent=3578"}],"wp:term":[{"taxonomy":"category","embeddable":true,"href":"https:\/\/www.organisator.ch\/it\/wp-json\/wp\/v2\/categories?post=3578"},{"taxonomy":"post_tag","embeddable":true,"href":"https:\/\/www.organisator.ch\/it\/wp-json\/wp\/v2\/tags?post=3578"}],"curies":[{"name":"wp","href":"https:\/\/api.w.org\/{rel}","templated":true}]}}