{"id":35790,"date":"2025-02-05T08:15:34","date_gmt":"2025-02-05T07:15:34","guid":{"rendered":"https:\/\/www.markt-kom.com\/?p=229839"},"modified":"2025-02-05T08:40:34","modified_gmt":"2025-02-05T07:40:34","slug":"skipp-eroeffnet-labor-fuer-ki-und-neuromarketing","status":"publish","type":"post","link":"https:\/\/www.organisator.ch\/it\/marketing\/2025-02-05\/skipp-eroeffnet-labor-fuer-ki-und-neuromarketing\/","title":{"rendered":"Skipp apre un laboratorio di AI e neuromarketing"},"content":{"rendered":"<figure id=\"attachment_229840\" class=\"wp-caption aligncenter\" style=\"width: 1200px;\" aria-describedby=\"caption-attachment-229840\"><a href=\"https:\/\/www.markt-kom.com\/wp-content\/uploads\/2025\/02\/Skipp-Neuromarketing-Labor.jpg\"><img class=\"size-full wp-image-229840\" src=\"https:\/\/www.markt-kom.com\/wp-content\/uploads\/2025\/02\/Skipp-Neuromarketing-Labor.jpg\" sizes=\"(max-width: 1200px) 100vw, 1200px\" srcset=\"https:\/\/www.markt-kom.com\/wp-content\/uploads\/2025\/02\/Skipp-Neuromarketing-Labor.jpg 1200w, https:\/\/www.markt-kom.com\/wp-content\/uploads\/2025\/02\/Skipp-Neuromarketing-Labor-600x450.jpg 600w, https:\/\/www.markt-kom.com\/wp-content\/uploads\/2025\/02\/Skipp-Neuromarketing-Labor-1024x768.jpg 1024w, https:\/\/www.markt-kom.com\/wp-content\/uploads\/2025\/02\/Skipp-Neuromarketing-Labor-768x576.jpg 768w, https:\/\/www.markt-kom.com\/wp-content\/uploads\/2025\/02\/Skipp-Neuromarketing-Labor-16x12.jpg 16w, https:\/\/www.markt-kom.com\/wp-content\/uploads\/2025\/02\/Skipp-Neuromarketing-Labor-233x175.jpg 233w, https:\/\/www.markt-kom.com\/wp-content\/uploads\/2025\/02\/Skipp-Neuromarketing-Labor-467x350.jpg 467w, https:\/\/www.markt-kom.com\/wp-content\/uploads\/2025\/02\/Skipp-Neuromarketing-Labor-1000x750.jpg 1000w\" alt=\"\" width=\"1200\" height=\"900\" \/><\/a>\r\n<figcaption id=\"caption-attachment-229840\" class=\"wp-caption-text\">Il nuovo laboratorio si trova a F\u00fcrstenaubruck. (Immagine: zVg.)<\/figcaption>\r\n<\/figure>\r\n<p>L'agenzia Skipp Communications si sta concentrando sempre pi\u00f9 sull'intelligenza artificiale e sul neuromarketing. Con l'apertura del proprio laboratorio di neuromarketing, intende stabilire nuovi standard nella ricerca sull'efficacia pubblicitaria basata sui dati. L'obiettivo \u00e8 quello di effettuare analisi supportate dall'intelligenza artificiale in tempo reale e rendere cos\u00ec le campagne pi\u00f9 precise ed efficienti. \"Siamo in grado di effettuare analisi di salienza in tempo reale e con un'intelligenza artificiale combinata\", spiega FiFi Frei, fondatore di Skipp. Il tasso di precisione \u00e8 superiore al 90%, indipendentemente dal fatto che si tratti di un manifesto, di una storia sui social media, di una clip pubblicitaria o di un sito web.<\/p>\r\n<p>Il nuovo laboratorio di F\u00fcrstenau servir\u00e0 anche come centro di eccellenza per altre agenzie. Skipp sta collaborando con universit\u00e0 di scienze applicate e con un'azienda specializzata in neuroscienze in Scandinavia. \"I nostri test degli ultimi mesi hanno dimostrato che molto pi\u00f9 della met\u00e0 delle campagne odierne non sono impostate in modo ottimale e quindi non hanno l'effetto desiderato.<\/p>\r\n<p>\", continua Frei. Con un approccio basato sui dati, l'agenzia vuole aiutare le aziende a utilizzare le loro misure di marketing in modo pi\u00f9 mirato ed efficiente dal punto di vista dei costi.<\/p>","protected":false},"excerpt":{"rendered":"<p>L'agenzia Skipp Communications di Coira sta ampliando i propri servizi con un laboratorio di AI e neuromarketing. La nuova sede di F\u00fcrstenau ha lo scopo di tradurre le scoperte scientifiche in strategie pratiche di marketing.<\/p>","protected":false},"author":8,"featured_media":0,"comment_status":"closed","ping_status":"closed","sticky":false,"template":"","format":"standard","meta":{"_acf_changed":false,"_yoast_wpseo_focuskw":"Neuromarketing-Labor Skipp Communications","_yoast_wpseo_metadesc":"Skipp Communications er\u00f6ffnet ein Neuromarketing-Labor in F\u00fcrstenau, um datenbasierte und KI-gest\u00fctzte Werbestrategien zu optimieren.","articlekey":"","footnotes":""},"categories":[29],"tags":[4345,5066],"class_list":["post-35790","post","type-post","status-publish","format-standard","hentry","category-marketing","tag-business","tag-skipp"],"acf":[],"yoast_head":"<!-- This site is optimized with the Yoast SEO plugin v27.5 - https:\/\/yoast.com\/product\/yoast-seo-wordpress\/ -->\n<title>Skipp er\u00f6ffnet Labor f\u00fcr KI und Neuromarketing - Organisator<\/title>\n<meta name=\"description\" content=\"Skipp Communications er\u00f6ffnet ein Neuromarketing-Labor in F\u00fcrstenau, um datenbasierte und KI-gest\u00fctzte Werbestrategien zu optimieren.\" \/>\n<meta name=\"robots\" content=\"index, follow, max-snippet:-1, max-image-preview:large, max-video-preview:-1\" \/>\n<link rel=\"canonical\" href=\"https:\/\/www.organisator.ch\/it\/marketing\/2025-02-05\/skipp-eroeffnet-labor-fuer-ki-und-neuromarketing\/\" \/>\n<meta property=\"og:locale\" content=\"it_IT\" \/>\n<meta property=\"og:type\" content=\"article\" \/>\n<meta property=\"og:title\" content=\"Skipp er\u00f6ffnet Labor f\u00fcr KI und Neuromarketing - Organisator\" \/>\n<meta property=\"og:description\" content=\"Skipp Communications er\u00f6ffnet ein Neuromarketing-Labor in F\u00fcrstenau, um datenbasierte und KI-gest\u00fctzte Werbestrategien zu optimieren.\" \/>\n<meta property=\"og:url\" content=\"https:\/\/www.organisator.ch\/it\/marketing\/2025-02-05\/skipp-eroeffnet-labor-fuer-ki-und-neuromarketing\/\" \/>\n<meta property=\"og:site_name\" content=\"Organisator\" \/>\n<meta property=\"article:publisher\" content=\"https:\/\/www.facebook.com\/OrganisatorFachmagazin\" \/>\n<meta property=\"article:published_time\" content=\"2025-02-05T07:15:34+00:00\" \/>\n<meta property=\"article:modified_time\" content=\"2025-02-05T07:40:34+00:00\" \/>\n<meta name=\"author\" content=\"galledia\" \/>\n<meta name=\"twitter:card\" content=\"summary_large_image\" \/>\n<meta name=\"twitter:creator\" content=\"@admin\" \/>\n<script type=\"application\/ld+json\" class=\"yoast-schema-graph\">{\"@context\":\"https:\\\/\\\/schema.org\",\"@graph\":[{\"@type\":\"Article\",\"@id\":\"https:\\\/\\\/www.organisator.ch\\\/marketing\\\/2025-02-05\\\/skipp-eroeffnet-labor-fuer-ki-und-neuromarketing\\\/#article\",\"isPartOf\":{\"@id\":\"https:\\\/\\\/www.organisator.ch\\\/marketing\\\/2025-02-05\\\/skipp-eroeffnet-labor-fuer-ki-und-neuromarketing\\\/\"},\"author\":{\"name\":\"galledia\",\"@id\":\"https:\\\/\\\/www.organisator.ch\\\/#\\\/schema\\\/person\\\/4e51799071cd2dd1232ac003643ef5f0\"},\"headline\":\"Skipp er\u00f6ffnet Labor f\u00fcr KI und Neuromarketing\",\"datePublished\":\"2025-02-05T07:15:34+00:00\",\"dateModified\":\"2025-02-05T07:40:34+00:00\",\"mainEntityOfPage\":{\"@id\":\"https:\\\/\\\/www.organisator.ch\\\/marketing\\\/2025-02-05\\\/skipp-eroeffnet-labor-fuer-ki-und-neuromarketing\\\/\"},\"wordCount\":187,\"publisher\":{\"@id\":\"https:\\\/\\\/www.organisator.ch\\\/#organization\"},\"image\":{\"@id\":\"https:\\\/\\\/www.organisator.ch\\\/marketing\\\/2025-02-05\\\/skipp-eroeffnet-labor-fuer-ki-und-neuromarketing\\\/#primaryimage\"},\"thumbnailUrl\":\"https:\\\/\\\/www.markt-kom.com\\\/wp-content\\\/uploads\\\/2025\\\/02\\\/Skipp-Neuromarketing-Labor.jpg\",\"keywords\":[\"Business\",\"Skipp\"],\"articleSection\":[\"MARKETING\"],\"inLanguage\":\"it-IT\"},{\"@type\":\"WebPage\",\"@id\":\"https:\\\/\\\/www.organisator.ch\\\/marketing\\\/2025-02-05\\\/skipp-eroeffnet-labor-fuer-ki-und-neuromarketing\\\/\",\"url\":\"https:\\\/\\\/www.organisator.ch\\\/marketing\\\/2025-02-05\\\/skipp-eroeffnet-labor-fuer-ki-und-neuromarketing\\\/\",\"name\":\"Skipp er\u00f6ffnet Labor f\u00fcr KI und Neuromarketing - Organisator\",\"isPartOf\":{\"@id\":\"https:\\\/\\\/www.organisator.ch\\\/#website\"},\"primaryImageOfPage\":{\"@id\":\"https:\\\/\\\/www.organisator.ch\\\/marketing\\\/2025-02-05\\\/skipp-eroeffnet-labor-fuer-ki-und-neuromarketing\\\/#primaryimage\"},\"image\":{\"@id\":\"https:\\\/\\\/www.organisator.ch\\\/marketing\\\/2025-02-05\\\/skipp-eroeffnet-labor-fuer-ki-und-neuromarketing\\\/#primaryimage\"},\"thumbnailUrl\":\"https:\\\/\\\/www.markt-kom.com\\\/wp-content\\\/uploads\\\/2025\\\/02\\\/Skipp-Neuromarketing-Labor.jpg\",\"datePublished\":\"2025-02-05T07:15:34+00:00\",\"dateModified\":\"2025-02-05T07:40:34+00:00\",\"description\":\"Skipp Communications er\u00f6ffnet ein Neuromarketing-Labor in F\u00fcrstenau, um datenbasierte und KI-gest\u00fctzte Werbestrategien zu optimieren.\",\"breadcrumb\":{\"@id\":\"https:\\\/\\\/www.organisator.ch\\\/marketing\\\/2025-02-05\\\/skipp-eroeffnet-labor-fuer-ki-und-neuromarketing\\\/#breadcrumb\"},\"inLanguage\":\"it-IT\",\"potentialAction\":[{\"@type\":\"ReadAction\",\"target\":[\"https:\\\/\\\/www.organisator.ch\\\/marketing\\\/2025-02-05\\\/skipp-eroeffnet-labor-fuer-ki-und-neuromarketing\\\/\"]}]},{\"@type\":\"ImageObject\",\"inLanguage\":\"it-IT\",\"@id\":\"https:\\\/\\\/www.organisator.ch\\\/marketing\\\/2025-02-05\\\/skipp-eroeffnet-labor-fuer-ki-und-neuromarketing\\\/#primaryimage\",\"url\":\"https:\\\/\\\/www.markt-kom.com\\\/wp-content\\\/uploads\\\/2025\\\/02\\\/Skipp-Neuromarketing-Labor.jpg\",\"contentUrl\":\"https:\\\/\\\/www.markt-kom.com\\\/wp-content\\\/uploads\\\/2025\\\/02\\\/Skipp-Neuromarketing-Labor.jpg\"},{\"@type\":\"BreadcrumbList\",\"@id\":\"https:\\\/\\\/www.organisator.ch\\\/marketing\\\/2025-02-05\\\/skipp-eroeffnet-labor-fuer-ki-und-neuromarketing\\\/#breadcrumb\",\"itemListElement\":[{\"@type\":\"ListItem\",\"position\":1,\"name\":\"Home\",\"item\":\"https:\\\/\\\/www.organisator.ch\\\/\"},{\"@type\":\"ListItem\",\"position\":2,\"name\":\"Skipp er\u00f6ffnet Labor f\u00fcr KI und Neuromarketing\"}]},{\"@type\":\"WebSite\",\"@id\":\"https:\\\/\\\/www.organisator.ch\\\/#website\",\"url\":\"https:\\\/\\\/www.organisator.ch\\\/\",\"name\":\"Organisator\",\"description\":\"Kompetent. Praxisnah. Der ORGANISATOR bereitet in 10 Ausgaben pro Jahr die wesentlichen Themen f\u00fcr F\u00fchrungskr\u00e4fte von KMU auf.\",\"publisher\":{\"@id\":\"https:\\\/\\\/www.organisator.ch\\\/#organization\"},\"potentialAction\":[{\"@type\":\"SearchAction\",\"target\":{\"@type\":\"EntryPoint\",\"urlTemplate\":\"https:\\\/\\\/www.organisator.ch\\\/?s={search_term_string}\"},\"query-input\":{\"@type\":\"PropertyValueSpecification\",\"valueRequired\":true,\"valueName\":\"search_term_string\"}}],\"inLanguage\":\"it-IT\"},{\"@type\":\"Organization\",\"@id\":\"https:\\\/\\\/www.organisator.ch\\\/#organization\",\"name\":\"Organisator\",\"url\":\"https:\\\/\\\/www.organisator.ch\\\/\",\"logo\":{\"@type\":\"ImageObject\",\"inLanguage\":\"it-IT\",\"@id\":\"https:\\\/\\\/www.organisator.ch\\\/#\\\/schema\\\/logo\\\/image\\\/\",\"url\":\"https:\\\/\\\/www.organisator.ch\\\/wp-content\\\/uploads\\\/2022\\\/01\\\/Logo_Organisator_Website.png\",\"contentUrl\":\"https:\\\/\\\/www.organisator.ch\\\/wp-content\\\/uploads\\\/2022\\\/01\\\/Logo_Organisator_Website.png\",\"width\":800,\"height\":77,\"caption\":\"Organisator\"},\"image\":{\"@id\":\"https:\\\/\\\/www.organisator.ch\\\/#\\\/schema\\\/logo\\\/image\\\/\"},\"sameAs\":[\"https:\\\/\\\/www.facebook.com\\\/OrganisatorFachmagazin\",\"https:\\\/\\\/www.linkedin.com\\\/showcase\\\/organisator-das-magazin-fr-kmu\",\"https:\\\/\\\/www.xing.com\\\/news\\\/pages\\\/organisator-ch-695\",\"https:\\\/\\\/www.youtube.com\\\/channel\\\/UCGP2Sq0iWaZwT3BdIAQFYpw\"]},{\"@type\":\"Person\",\"@id\":\"https:\\\/\\\/www.organisator.ch\\\/#\\\/schema\\\/person\\\/4e51799071cd2dd1232ac003643ef5f0\",\"name\":\"galledia\",\"image\":{\"@type\":\"ImageObject\",\"inLanguage\":\"it-IT\",\"@id\":\"https:\\\/\\\/secure.gravatar.com\\\/avatar\\\/78a7f90c01fc2bfc875782a0d4922b37cde2cf184ce347b91316d23cd7f69a36?s=96&d=mm&r=g\",\"url\":\"https:\\\/\\\/secure.gravatar.com\\\/avatar\\\/78a7f90c01fc2bfc875782a0d4922b37cde2cf184ce347b91316d23cd7f69a36?s=96&d=mm&r=g\",\"contentUrl\":\"https:\\\/\\\/secure.gravatar.com\\\/avatar\\\/78a7f90c01fc2bfc875782a0d4922b37cde2cf184ce347b91316d23cd7f69a36?s=96&d=mm&r=g\",\"caption\":\"galledia\"},\"sameAs\":[\"https:\\\/\\\/x.com\\\/admin\"],\"url\":\"https:\\\/\\\/www.organisator.ch\\\/it\\\/author\\\/galledia\\\/\"}]}<\/script>\n<!-- \/ Yoast SEO plugin. -->","yoast_head_json":{"title":"Skipp apre un laboratorio di AI e neuromarketing - Organizzatore","description":"Skipp Communications apre un laboratorio di neuromarketing a F\u00fcrstenau per ottimizzare le strategie pubblicitarie basate su dati e AI.","robots":{"index":"index","follow":"follow","max-snippet":"max-snippet:-1","max-image-preview":"max-image-preview:large","max-video-preview":"max-video-preview:-1"},"canonical":"https:\/\/www.organisator.ch\/it\/marketing\/2025-02-05\/skipp-eroeffnet-labor-fuer-ki-und-neuromarketing\/","og_locale":"it_IT","og_type":"article","og_title":"Skipp er\u00f6ffnet Labor f\u00fcr KI und Neuromarketing - Organisator","og_description":"Skipp Communications er\u00f6ffnet ein Neuromarketing-Labor in F\u00fcrstenau, um datenbasierte und KI-gest\u00fctzte Werbestrategien zu optimieren.","og_url":"https:\/\/www.organisator.ch\/it\/marketing\/2025-02-05\/skipp-eroeffnet-labor-fuer-ki-und-neuromarketing\/","og_site_name":"Organisator","article_publisher":"https:\/\/www.facebook.com\/OrganisatorFachmagazin","article_published_time":"2025-02-05T07:15:34+00:00","article_modified_time":"2025-02-05T07:40:34+00:00","author":"galledia","twitter_card":"summary_large_image","twitter_creator":"@admin","schema":{"@context":"https:\/\/schema.org","@graph":[{"@type":"Article","@id":"https:\/\/www.organisator.ch\/marketing\/2025-02-05\/skipp-eroeffnet-labor-fuer-ki-und-neuromarketing\/#article","isPartOf":{"@id":"https:\/\/www.organisator.ch\/marketing\/2025-02-05\/skipp-eroeffnet-labor-fuer-ki-und-neuromarketing\/"},"author":{"name":"galledia","@id":"https:\/\/www.organisator.ch\/#\/schema\/person\/4e51799071cd2dd1232ac003643ef5f0"},"headline":"Skipp er\u00f6ffnet Labor f\u00fcr KI und Neuromarketing","datePublished":"2025-02-05T07:15:34+00:00","dateModified":"2025-02-05T07:40:34+00:00","mainEntityOfPage":{"@id":"https:\/\/www.organisator.ch\/marketing\/2025-02-05\/skipp-eroeffnet-labor-fuer-ki-und-neuromarketing\/"},"wordCount":187,"publisher":{"@id":"https:\/\/www.organisator.ch\/#organization"},"image":{"@id":"https:\/\/www.organisator.ch\/marketing\/2025-02-05\/skipp-eroeffnet-labor-fuer-ki-und-neuromarketing\/#primaryimage"},"thumbnailUrl":"https:\/\/www.markt-kom.com\/wp-content\/uploads\/2025\/02\/Skipp-Neuromarketing-Labor.jpg","keywords":["Business","Skipp"],"articleSection":["MARKETING"],"inLanguage":"it-IT"},{"@type":"WebPage","@id":"https:\/\/www.organisator.ch\/marketing\/2025-02-05\/skipp-eroeffnet-labor-fuer-ki-und-neuromarketing\/","url":"https:\/\/www.organisator.ch\/marketing\/2025-02-05\/skipp-eroeffnet-labor-fuer-ki-und-neuromarketing\/","name":"Skipp apre un laboratorio di AI e neuromarketing - Organizzatore","isPartOf":{"@id":"https:\/\/www.organisator.ch\/#website"},"primaryImageOfPage":{"@id":"https:\/\/www.organisator.ch\/marketing\/2025-02-05\/skipp-eroeffnet-labor-fuer-ki-und-neuromarketing\/#primaryimage"},"image":{"@id":"https:\/\/www.organisator.ch\/marketing\/2025-02-05\/skipp-eroeffnet-labor-fuer-ki-und-neuromarketing\/#primaryimage"},"thumbnailUrl":"https:\/\/www.markt-kom.com\/wp-content\/uploads\/2025\/02\/Skipp-Neuromarketing-Labor.jpg","datePublished":"2025-02-05T07:15:34+00:00","dateModified":"2025-02-05T07:40:34+00:00","description":"Skipp Communications apre un laboratorio di neuromarketing a F\u00fcrstenau per ottimizzare le strategie pubblicitarie basate su dati e AI.","breadcrumb":{"@id":"https:\/\/www.organisator.ch\/marketing\/2025-02-05\/skipp-eroeffnet-labor-fuer-ki-und-neuromarketing\/#breadcrumb"},"inLanguage":"it-IT","potentialAction":[{"@type":"ReadAction","target":["https:\/\/www.organisator.ch\/marketing\/2025-02-05\/skipp-eroeffnet-labor-fuer-ki-und-neuromarketing\/"]}]},{"@type":"ImageObject","inLanguage":"it-IT","@id":"https:\/\/www.organisator.ch\/marketing\/2025-02-05\/skipp-eroeffnet-labor-fuer-ki-und-neuromarketing\/#primaryimage","url":"https:\/\/www.markt-kom.com\/wp-content\/uploads\/2025\/02\/Skipp-Neuromarketing-Labor.jpg","contentUrl":"https:\/\/www.markt-kom.com\/wp-content\/uploads\/2025\/02\/Skipp-Neuromarketing-Labor.jpg"},{"@type":"BreadcrumbList","@id":"https:\/\/www.organisator.ch\/marketing\/2025-02-05\/skipp-eroeffnet-labor-fuer-ki-und-neuromarketing\/#breadcrumb","itemListElement":[{"@type":"ListItem","position":1,"name":"Home","item":"https:\/\/www.organisator.ch\/"},{"@type":"ListItem","position":2,"name":"Skipp er\u00f6ffnet Labor f\u00fcr KI und Neuromarketing"}]},{"@type":"WebSite","@id":"https:\/\/www.organisator.ch\/#website","url":"https:\/\/www.organisator.ch\/","name":"Organizzatore","description":"Competente. Pratico. In 10 numeri all'anno, ORGANISATOR presenta i temi essenziali per i manager delle PMI.","publisher":{"@id":"https:\/\/www.organisator.ch\/#organization"},"potentialAction":[{"@type":"SearchAction","target":{"@type":"EntryPoint","urlTemplate":"https:\/\/www.organisator.ch\/?s={search_term_string}"},"query-input":{"@type":"PropertyValueSpecification","valueRequired":true,"valueName":"search_term_string"}}],"inLanguage":"it-IT"},{"@type":"Organization","@id":"https:\/\/www.organisator.ch\/#organization","name":"Organizzatore","url":"https:\/\/www.organisator.ch\/","logo":{"@type":"ImageObject","inLanguage":"it-IT","@id":"https:\/\/www.organisator.ch\/#\/schema\/logo\/image\/","url":"https:\/\/www.organisator.ch\/wp-content\/uploads\/2022\/01\/Logo_Organisator_Website.png","contentUrl":"https:\/\/www.organisator.ch\/wp-content\/uploads\/2022\/01\/Logo_Organisator_Website.png","width":800,"height":77,"caption":"Organisator"},"image":{"@id":"https:\/\/www.organisator.ch\/#\/schema\/logo\/image\/"},"sameAs":["https:\/\/www.facebook.com\/OrganisatorFachmagazin","https:\/\/www.linkedin.com\/showcase\/organisator-das-magazin-fr-kmu","https:\/\/www.xing.com\/news\/pages\/organisator-ch-695","https:\/\/www.youtube.com\/channel\/UCGP2Sq0iWaZwT3BdIAQFYpw"]},{"@type":"Person","@id":"https:\/\/www.organisator.ch\/#\/schema\/person\/4e51799071cd2dd1232ac003643ef5f0","name":"galledia","image":{"@type":"ImageObject","inLanguage":"it-IT","@id":"https:\/\/secure.gravatar.com\/avatar\/78a7f90c01fc2bfc875782a0d4922b37cde2cf184ce347b91316d23cd7f69a36?s=96&d=mm&r=g","url":"https:\/\/secure.gravatar.com\/avatar\/78a7f90c01fc2bfc875782a0d4922b37cde2cf184ce347b91316d23cd7f69a36?s=96&d=mm&r=g","contentUrl":"https:\/\/secure.gravatar.com\/avatar\/78a7f90c01fc2bfc875782a0d4922b37cde2cf184ce347b91316d23cd7f69a36?s=96&d=mm&r=g","caption":"galledia"},"sameAs":["https:\/\/x.com\/admin"],"url":"https:\/\/www.organisator.ch\/it\/author\/galledia\/"}]}},"_links":{"self":[{"href":"https:\/\/www.organisator.ch\/it\/wp-json\/wp\/v2\/posts\/35790","targetHints":{"allow":["GET"]}}],"collection":[{"href":"https:\/\/www.organisator.ch\/it\/wp-json\/wp\/v2\/posts"}],"about":[{"href":"https:\/\/www.organisator.ch\/it\/wp-json\/wp\/v2\/types\/post"}],"author":[{"embeddable":true,"href":"https:\/\/www.organisator.ch\/it\/wp-json\/wp\/v2\/users\/8"}],"replies":[{"embeddable":true,"href":"https:\/\/www.organisator.ch\/it\/wp-json\/wp\/v2\/comments?post=35790"}],"version-history":[{"count":3,"href":"https:\/\/www.organisator.ch\/it\/wp-json\/wp\/v2\/posts\/35790\/revisions"}],"predecessor-version":[{"id":35798,"href":"https:\/\/www.organisator.ch\/it\/wp-json\/wp\/v2\/posts\/35790\/revisions\/35798"}],"wp:attachment":[{"href":"https:\/\/www.organisator.ch\/it\/wp-json\/wp\/v2\/media?parent=35790"}],"wp:term":[{"taxonomy":"category","embeddable":true,"href":"https:\/\/www.organisator.ch\/it\/wp-json\/wp\/v2\/categories?post=35790"},{"taxonomy":"post_tag","embeddable":true,"href":"https:\/\/www.organisator.ch\/it\/wp-json\/wp\/v2\/tags?post=35790"}],"curies":[{"name":"wp","href":"https:\/\/api.w.org\/{rel}","templated":true}]}}