{"id":35843,"date":"2025-02-06T08:53:33","date_gmt":"2025-02-06T07:53:33","guid":{"rendered":"https:\/\/www.organisator.ch\/?p=35843"},"modified":"2025-02-06T08:53:33","modified_gmt":"2025-02-06T07:53:33","slug":"zehn-schweizer-tech-startups-reisen-ins-silicon-valley","status":"publish","type":"post","link":"https:\/\/www.organisator.ch\/it\/management\/2025-02-06\/zehn-schweizer-tech-startups-reisen-ins-silicon-valley\/","title":{"rendered":"Dieci start-up tecnologiche svizzere si recano nella Silicon Valley"},"content":{"rendered":"<figure id=\"attachment_35845\" aria-describedby=\"caption-attachment-35845\" style=\"width: 680px\" class=\"wp-caption alignnone\"><img loading=\"lazy\" decoding=\"async\" class=\"size-full wp-image-35845\" src=\"https:\/\/www.organisator.ch\/wp-content\/uploads\/2025\/02\/Silicon-Valley_Bild1_ps.jpg\" alt=\"\" width=\"680\" height=\"355\" srcset=\"https:\/\/www.organisator.ch\/wp-content\/uploads\/2025\/02\/Silicon-Valley_Bild1_ps.jpg 680w, https:\/\/www.organisator.ch\/wp-content\/uploads\/2025\/02\/Silicon-Valley_Bild1_ps-18x9.jpg 18w, https:\/\/www.organisator.ch\/wp-content\/uploads\/2025\/02\/Silicon-Valley_Bild1_ps-375x196.jpg 375w, https:\/\/www.organisator.ch\/wp-content\/uploads\/2025\/02\/Silicon-Valley_Bild1_ps-670x350.jpg 670w\" sizes=\"auto, (max-width: 680px) 100vw, 680px\" \/><figcaption id=\"caption-attachment-35845\" class=\"wp-caption-text\">Swiss Startup National Team 2025: dieci startup tecnologiche svizzere si recano nella Silicon Valley. (Immagine: www.venturelab.swiss)<\/figcaption><\/figure>\n<p>Dal 2006 Venturelab seleziona il team nazionale svizzero di start-up. Nell'ambito dei Venture Leaders Roadshows, gli imprenditori incontrano investitori, esperti del settore e potenziali clienti nei principali centri tecnologici globali come Silicon Valley, Boston, Asia, Barcellona, Monaco e Londra.<\/p>\n<p>Dopo aver esaminato quasi 200 candidature, un gruppo di investitori ed esperti di tecnologia ha selezionato dieci startup che parteciperanno al Venture Leaders Technology 2025 Roadshow nella Silicon Valley. Il roadshow offre agli imprenditori un'opportunit\u00e0 unica per accelerare la loro espansione negli Stati Uniti e ampliare la loro rete professionale. Potranno beneficiare di sessioni di pitch con gli investitori e di workshop con i leader del settore.<\/p>\n<p>Il programma Venture Leaders sottolinea la forte presenza della Svizzera come campione mondiale dell'innovazione. Le dieci start-up selezionate illustrano il ruolo di leader del Paese in diversi settori. Tra questi, le comunicazioni sicure, l'ottimizzazione dei satelliti, gli strumenti di produttivit\u00e0 supportati dall'intelligenza artificiale e le tecnologie dei sensori di nuova generazione.<\/p>\n<p>\"Le startup del programma Venture Leaders Technology stanno facendo un lavoro impressionante\", afferma Stefan Steiner, co-direttore generale di Venturelab. \"Entrando in contatto con investitori ed esperti del settore, le startup acquisiscono preziose conoscenze del mercato statunitense e prospettive di business fondamentali per raccogliere capitali e crescere a livello internazionale.\" Roberto Iannone, CEO di Zoundream e capitano del team Venture Leaders Technology 2024, riassume: \"Fantastici approfondimenti sull'ecosistema della Silicon Valley, preziosi contatti con gli investitori ed entusiasmanti discussioni - tutto in una sola settimana. Vale assolutamente la pena per qualsiasi startup svizzera con ambizioni globali!\".<\/p>\n<p>I partecipanti di Venture Leaders Technology di quest'anno si aggiungono a un impressionante elenco di ex allievi. Tra queste figurano start-up come Lemoptix e Composyt Light Labs (acquisite da Intel), Faceshift (acquisita da Apple), HouseTrip (acquisita da TripAdvisor), Kooaba (acquisita da Qualcomm), Dacuda (acquisita da Magic Leap), Sevensense Robotics (acquisita da ABB) e gli unicorni GetYourGuide e Scandit.<\/p>\n<h3>Vivere l'innovazione dal vivo<\/h3>\n<p>Partecipare al<a href=\"https:\/\/www.venturelab.swiss\/index.cfm?page=137303&amp;event_id=11870\"> 19 febbraio 2025<\/a> partecipare all'introduzione del team e alla sessione virtuale di pitch e seguire il Venture Leaders Technology Roadshow dal 6 all'11 aprile 2025 sui social media con l'hashtag #VLeadersTech oppure su <a href=\"https:\/\/www.venturelab.swiss\/venture-leaders-technology\">www.venture-leaders.ch\/technology<\/a>. Il programma Venture Leaders Technology 2025 \u00e8 organizzato da Venturelab con il sostegno di DPD, EPFL, ETH Zurich, Kellerhals Carrard, Rothschild &amp; Co, Unicorn Anchor e del Cantone di Vaud.<\/p>\n<h3><strong>Leader di ventura Startup tecnologiche 2025<\/strong><\/h3>\n<p><a href=\"https:\/\/www.aurigin.ai\/\"><strong>Aurigin.ai<\/strong><\/a> <strong>(Zurigo): <\/strong>Aurigin utilizza l'intelligenza artificiale per riconoscere i contenuti manipolati e li firma crittograficamente alla fonte per garantire la fiducia nelle comunicazioni e nei personaggi pubblici.<\/p>\n<p><strong><a href=\"https:\/\/www.brside.com\/\">Tecnologie Brightside<\/a> (Vaud):<\/strong> Brightside AI aiuta le piccole e medie imprese a proteggersi dagli attacchi informatici supportati dall'intelligenza artificiale con strumenti di rilevamento delle minacce e di difesa personalizzati.<\/p>\n<p><strong><a href=\"https:\/\/www.daav.ch\/\">DAAV<\/a> (Vaud):<\/strong> DAAV-air \u00e8 una sedia a rotelle elettrica che consente alle persone con difficolt\u00e0 motorie di muoversi in tutte le direzioni e in un'ampia variet\u00e0 di ambienti.<\/p>\n<p><strong><a href=\"https:\/\/www.dphispace.com\/\">Spazio DPhi<\/a> (Vaud):<\/strong> DPhi Space offre soluzioni modulari per i carichi utili - come sensori, antenne o telecamere - per ottimizzare le risorse dei satelliti e semplificare l'accesso allo spazio.<\/p>\n<p><strong><a href=\"https:\/\/www.hoshii.ai\/de\/\">Hoshii<\/a> (Basilea):<\/strong> Hoshii riunisce la comunicazione B2B all'ingrosso in un'interfaccia di chat supportata dall'intelligenza artificiale che si integra con i principali sistemi ERP e CRM.<\/p>\n<p><strong><a href=\"https:\/\/miraex.com\/\">Miraex<\/a> (Vaud):<\/strong> Miraex sviluppa soluzioni fotoniche e quantistiche per sensori, reti e informatica e migliora la manutenzione, la riduzione dei costi e la produttivit\u00e0 laddove l'elettronica raggiunge i propri limiti.<\/p>\n<p><strong><a href=\"https:\/\/mondaic.com\/\">Mondaic<\/a> (Zurigo):<\/strong> La start-up ICT Mondaic offre una potente suite di software per l'analisi e la simulazione della modellazione delle forme d'onda.<\/p>\n<p><strong><a href=\"https:\/\/www.proud-technology.ch\/\">Orgoglioso<\/a> (Vaud):<\/strong> Proud sviluppa soluzioni di diamante sostenibili per semiconduttori, 5G, tecnologia medica, informatica quantistica e aerospaziale.<\/p>\n<p><strong><a href=\"https:\/\/www.rapidata.ai\/\">Rapidata<\/a> (Zurigo):<\/strong> Rapidata fornisce un'elaborazione dei dati scalabile e verificata dall'uomo per l'IA attraverso una rete globale di crowd.<\/p>\n<p><strong><a href=\"https:\/\/viboo.io\/\">Viboo<\/a> (Zurigo):<\/strong> Viboo offre una piattaforma cloud per ottimizzare i processi operativi dei dispositivi IoT negli edifici utilizzando metodi basati sull'intelligenza artificiale.<\/p>\n<p><em><a href=\"https:\/\/www.venturelab.swiss\/venture-leaders\">Ulteriori informazioni<\/a><\/em><\/p>","protected":false},"excerpt":{"rendered":"<p>Una giuria di investitori ed esperti del settore ha selezionato dieci startup tecnologiche svizzere innovative per lo Swiss Startup National Team. Queste aziende parteciperanno al programma Venture Leaders Technology 2025, che offre loro un'opportunit\u00e0 unica di incontrare investitori nella Silicon Valley e di ampliare la loro rete durante il roadshow di aprile. <\/p>","protected":false},"author":80,"featured_media":35845,"comment_status":"closed","ping_status":"closed","sticky":false,"template":"","format":"standard","meta":{"_acf_changed":false,"_yoast_wpseo_focuskw":"Venture Leaders Technology 2025","_yoast_wpseo_metadesc":"Zehn Schweizer Tech-Startups reisen im Rahmen der Venture Leaders Technology Roadshow 2025 ins Silicon Valley, um global zu expandieren.","articlekey":"","footnotes":""},"categories":[28],"tags":[319,424,451,5071,4038],"class_list":["post-35843","post","type-post","status-publish","format-standard","has-post-thumbnail","hentry","category-management","tag-kuenstliche-intelligenz","tag-schweiz","tag-startups","tag-technology","tag-venture-leaders"],"acf":[],"yoast_head":"<!-- This site is optimized with the Yoast SEO plugin v27.5 - https:\/\/yoast.com\/product\/yoast-seo-wordpress\/ -->\n<title>Zehn Schweizer Tech-Startups reisen ins Silicon Valley - Organisator<\/title>\n<meta name=\"description\" content=\"Zehn Schweizer Tech-Startups reisen im Rahmen der Venture Leaders Technology Roadshow 2025 ins Silicon Valley, um global zu expandieren.\" \/>\n<meta name=\"robots\" content=\"index, follow, max-snippet:-1, max-image-preview:large, max-video-preview:-1\" \/>\n<link rel=\"canonical\" href=\"https:\/\/www.organisator.ch\/it\/gestione-2\/2025-02-06\/zehn-schweizer-tech-startups-reisen-ins-silicon-valley\/\" \/>\n<meta property=\"og:locale\" content=\"it_IT\" \/>\n<meta property=\"og:type\" content=\"article\" \/>\n<meta property=\"og:title\" content=\"Schweizer Startup Nationalmannschaft 2025\" \/>\n<meta property=\"og:description\" content=\"Zehn Schweizer Tech-Startups reisen im Rahmen der Venture Leaders Technology Roadshow 2025 ins Silicon Valley, um global zu expandieren.\" \/>\n<meta property=\"og:url\" content=\"https:\/\/www.organisator.ch\/it\/gestione-2\/2025-02-06\/zehn-schweizer-tech-startups-reisen-ins-silicon-valley\/\" \/>\n<meta property=\"og:site_name\" content=\"Organisator\" \/>\n<meta property=\"article:publisher\" content=\"https:\/\/www.facebook.com\/OrganisatorFachmagazin\" \/>\n<meta property=\"article:published_time\" content=\"2025-02-06T07:53:33+00:00\" \/>\n<meta property=\"og:image\" content=\"https:\/\/www.organisator.ch\/wp-content\/uploads\/2025\/02\/Silicon-Valley_Bild1_ps.jpg\" \/>\n\t<meta property=\"og:image:width\" content=\"680\" \/>\n\t<meta property=\"og:image:height\" content=\"355\" \/>\n\t<meta property=\"og:image:type\" content=\"image\/jpeg\" \/>\n<meta name=\"author\" content=\"Dzana Muminovic\" \/>\n<meta name=\"twitter:card\" content=\"summary_large_image\" \/>\n<meta name=\"twitter:title\" content=\"Schweizer Startup Nationalmannschaft 2025\" \/>\n<meta name=\"twitter:description\" content=\"Zehn #Schweizer #Tech-#Startups reisen im Rahmen der #Venture #Leaders #Technology #Roadshow 2025 ins #Silicon #Valley, um global zu expandieren.\" \/>\n<meta name=\"twitter:image\" content=\"https:\/\/www.organisator.ch\/wp-content\/uploads\/2025\/02\/Silicon-Valley_Bild1_ps.jpg\" \/>\n<script type=\"application\/ld+json\" class=\"yoast-schema-graph\">{\"@context\":\"https:\\\/\\\/schema.org\",\"@graph\":[{\"@type\":\"Article\",\"@id\":\"https:\\\/\\\/www.organisator.ch\\\/management\\\/2025-02-06\\\/zehn-schweizer-tech-startups-reisen-ins-silicon-valley\\\/#article\",\"isPartOf\":{\"@id\":\"https:\\\/\\\/www.organisator.ch\\\/management\\\/2025-02-06\\\/zehn-schweizer-tech-startups-reisen-ins-silicon-valley\\\/\"},\"author\":{\"name\":\"Dzana Muminovic\",\"@id\":\"https:\\\/\\\/www.organisator.ch\\\/#\\\/schema\\\/person\\\/afccda3a71c06d4be2ed9100dd163db7\"},\"headline\":\"Zehn Schweizer Tech-Startups reisen ins Silicon Valley\",\"datePublished\":\"2025-02-06T07:53:33+00:00\",\"mainEntityOfPage\":{\"@id\":\"https:\\\/\\\/www.organisator.ch\\\/management\\\/2025-02-06\\\/zehn-schweizer-tech-startups-reisen-ins-silicon-valley\\\/\"},\"wordCount\":609,\"publisher\":{\"@id\":\"https:\\\/\\\/www.organisator.ch\\\/#organization\"},\"image\":{\"@id\":\"https:\\\/\\\/www.organisator.ch\\\/management\\\/2025-02-06\\\/zehn-schweizer-tech-startups-reisen-ins-silicon-valley\\\/#primaryimage\"},\"thumbnailUrl\":\"https:\\\/\\\/www.organisator.ch\\\/wp-content\\\/uploads\\\/2025\\\/02\\\/Silicon-Valley_Bild1_ps.jpg\",\"keywords\":[\"K\u00fcnstliche Intelligenz\",\"Schweiz\",\"Startups\",\"Technology\",\"Venture Leaders\"],\"articleSection\":[\"MANAGEMENT\"],\"inLanguage\":\"it-IT\"},{\"@type\":\"WebPage\",\"@id\":\"https:\\\/\\\/www.organisator.ch\\\/management\\\/2025-02-06\\\/zehn-schweizer-tech-startups-reisen-ins-silicon-valley\\\/\",\"url\":\"https:\\\/\\\/www.organisator.ch\\\/management\\\/2025-02-06\\\/zehn-schweizer-tech-startups-reisen-ins-silicon-valley\\\/\",\"name\":\"Zehn Schweizer Tech-Startups reisen ins Silicon Valley - Organisator\",\"isPartOf\":{\"@id\":\"https:\\\/\\\/www.organisator.ch\\\/#website\"},\"primaryImageOfPage\":{\"@id\":\"https:\\\/\\\/www.organisator.ch\\\/management\\\/2025-02-06\\\/zehn-schweizer-tech-startups-reisen-ins-silicon-valley\\\/#primaryimage\"},\"image\":{\"@id\":\"https:\\\/\\\/www.organisator.ch\\\/management\\\/2025-02-06\\\/zehn-schweizer-tech-startups-reisen-ins-silicon-valley\\\/#primaryimage\"},\"thumbnailUrl\":\"https:\\\/\\\/www.organisator.ch\\\/wp-content\\\/uploads\\\/2025\\\/02\\\/Silicon-Valley_Bild1_ps.jpg\",\"datePublished\":\"2025-02-06T07:53:33+00:00\",\"description\":\"Zehn Schweizer Tech-Startups reisen im Rahmen der Venture Leaders Technology Roadshow 2025 ins Silicon Valley, um global zu expandieren.\",\"breadcrumb\":{\"@id\":\"https:\\\/\\\/www.organisator.ch\\\/management\\\/2025-02-06\\\/zehn-schweizer-tech-startups-reisen-ins-silicon-valley\\\/#breadcrumb\"},\"inLanguage\":\"it-IT\",\"potentialAction\":[{\"@type\":\"ReadAction\",\"target\":[\"https:\\\/\\\/www.organisator.ch\\\/management\\\/2025-02-06\\\/zehn-schweizer-tech-startups-reisen-ins-silicon-valley\\\/\"]}]},{\"@type\":\"ImageObject\",\"inLanguage\":\"it-IT\",\"@id\":\"https:\\\/\\\/www.organisator.ch\\\/management\\\/2025-02-06\\\/zehn-schweizer-tech-startups-reisen-ins-silicon-valley\\\/#primaryimage\",\"url\":\"https:\\\/\\\/www.organisator.ch\\\/wp-content\\\/uploads\\\/2025\\\/02\\\/Silicon-Valley_Bild1_ps.jpg\",\"contentUrl\":\"https:\\\/\\\/www.organisator.ch\\\/wp-content\\\/uploads\\\/2025\\\/02\\\/Silicon-Valley_Bild1_ps.jpg\",\"width\":680,\"height\":355,\"caption\":\"Schweizer Startup Nationalmannschaft 2025: Zehn Schweizer Tech-Startups reisen ins Silicon Valley. (Bild: www.venturelab.swiss)\"},{\"@type\":\"BreadcrumbList\",\"@id\":\"https:\\\/\\\/www.organisator.ch\\\/management\\\/2025-02-06\\\/zehn-schweizer-tech-startups-reisen-ins-silicon-valley\\\/#breadcrumb\",\"itemListElement\":[{\"@type\":\"ListItem\",\"position\":1,\"name\":\"Home\",\"item\":\"https:\\\/\\\/www.organisator.ch\\\/\"},{\"@type\":\"ListItem\",\"position\":2,\"name\":\"Zehn Schweizer Tech-Startups reisen ins Silicon Valley\"}]},{\"@type\":\"WebSite\",\"@id\":\"https:\\\/\\\/www.organisator.ch\\\/#website\",\"url\":\"https:\\\/\\\/www.organisator.ch\\\/\",\"name\":\"Organisator\",\"description\":\"Kompetent. Praxisnah. Der ORGANISATOR bereitet in 10 Ausgaben pro Jahr die wesentlichen Themen f\u00fcr F\u00fchrungskr\u00e4fte von KMU auf.\",\"publisher\":{\"@id\":\"https:\\\/\\\/www.organisator.ch\\\/#organization\"},\"potentialAction\":[{\"@type\":\"SearchAction\",\"target\":{\"@type\":\"EntryPoint\",\"urlTemplate\":\"https:\\\/\\\/www.organisator.ch\\\/?s={search_term_string}\"},\"query-input\":{\"@type\":\"PropertyValueSpecification\",\"valueRequired\":true,\"valueName\":\"search_term_string\"}}],\"inLanguage\":\"it-IT\"},{\"@type\":\"Organization\",\"@id\":\"https:\\\/\\\/www.organisator.ch\\\/#organization\",\"name\":\"Organisator\",\"url\":\"https:\\\/\\\/www.organisator.ch\\\/\",\"logo\":{\"@type\":\"ImageObject\",\"inLanguage\":\"it-IT\",\"@id\":\"https:\\\/\\\/www.organisator.ch\\\/#\\\/schema\\\/logo\\\/image\\\/\",\"url\":\"https:\\\/\\\/www.organisator.ch\\\/wp-content\\\/uploads\\\/2022\\\/01\\\/Logo_Organisator_Website.png\",\"contentUrl\":\"https:\\\/\\\/www.organisator.ch\\\/wp-content\\\/uploads\\\/2022\\\/01\\\/Logo_Organisator_Website.png\",\"width\":800,\"height\":77,\"caption\":\"Organisator\"},\"image\":{\"@id\":\"https:\\\/\\\/www.organisator.ch\\\/#\\\/schema\\\/logo\\\/image\\\/\"},\"sameAs\":[\"https:\\\/\\\/www.facebook.com\\\/OrganisatorFachmagazin\",\"https:\\\/\\\/www.linkedin.com\\\/showcase\\\/organisator-das-magazin-fr-kmu\",\"https:\\\/\\\/www.xing.com\\\/news\\\/pages\\\/organisator-ch-695\",\"https:\\\/\\\/www.youtube.com\\\/channel\\\/UCGP2Sq0iWaZwT3BdIAQFYpw\"]},{\"@type\":\"Person\",\"@id\":\"https:\\\/\\\/www.organisator.ch\\\/#\\\/schema\\\/person\\\/afccda3a71c06d4be2ed9100dd163db7\",\"name\":\"Dzana Muminovic\",\"image\":{\"@type\":\"ImageObject\",\"inLanguage\":\"it-IT\",\"@id\":\"https:\\\/\\\/secure.gravatar.com\\\/avatar\\\/909c5c71aff4b38e88686f2ab2f1ba152571f394f41ed8bae431ea56ced93050?s=96&d=mm&r=g\",\"url\":\"https:\\\/\\\/secure.gravatar.com\\\/avatar\\\/909c5c71aff4b38e88686f2ab2f1ba152571f394f41ed8bae431ea56ced93050?s=96&d=mm&r=g\",\"contentUrl\":\"https:\\\/\\\/secure.gravatar.com\\\/avatar\\\/909c5c71aff4b38e88686f2ab2f1ba152571f394f41ed8bae431ea56ced93050?s=96&d=mm&r=g\",\"caption\":\"Dzana Muminovic\"},\"url\":\"https:\\\/\\\/www.organisator.ch\\\/it\\\/author\\\/dzana-muminovic\\\/\"}]}<\/script>\n<!-- \/ Yoast SEO plugin. -->","yoast_head_json":{"title":"Dieci start-up tecnologiche svizzere si recano nella Silicon Valley - organizzatore","description":"Dieci start-up tecnologiche svizzere si recano nella Silicon Valley nell'ambito del Venture Leaders Technology Roadshow 2025 per espandersi a livello globale.","robots":{"index":"index","follow":"follow","max-snippet":"max-snippet:-1","max-image-preview":"max-image-preview:large","max-video-preview":"max-video-preview:-1"},"canonical":"https:\/\/www.organisator.ch\/it\/gestione-2\/2025-02-06\/zehn-schweizer-tech-startups-reisen-ins-silicon-valley\/","og_locale":"it_IT","og_type":"article","og_title":"Schweizer Startup Nationalmannschaft 2025","og_description":"Zehn Schweizer Tech-Startups reisen im Rahmen der Venture Leaders Technology Roadshow 2025 ins Silicon Valley, um global zu expandieren.","og_url":"https:\/\/www.organisator.ch\/it\/gestione-2\/2025-02-06\/zehn-schweizer-tech-startups-reisen-ins-silicon-valley\/","og_site_name":"Organisator","article_publisher":"https:\/\/www.facebook.com\/OrganisatorFachmagazin","article_published_time":"2025-02-06T07:53:33+00:00","og_image":[{"width":680,"height":355,"url":"https:\/\/www.organisator.ch\/wp-content\/uploads\/2025\/02\/Silicon-Valley_Bild1_ps.jpg","type":"image\/jpeg"}],"author":"Dzana Muminovic","twitter_card":"summary_large_image","twitter_title":"Schweizer Startup Nationalmannschaft 2025","twitter_description":"Zehn #Schweizer #Tech-#Startups reisen im Rahmen der #Venture #Leaders #Technology #Roadshow 2025 ins #Silicon #Valley, um global zu expandieren.","twitter_image":"https:\/\/www.organisator.ch\/wp-content\/uploads\/2025\/02\/Silicon-Valley_Bild1_ps.jpg","schema":{"@context":"https:\/\/schema.org","@graph":[{"@type":"Article","@id":"https:\/\/www.organisator.ch\/management\/2025-02-06\/zehn-schweizer-tech-startups-reisen-ins-silicon-valley\/#article","isPartOf":{"@id":"https:\/\/www.organisator.ch\/management\/2025-02-06\/zehn-schweizer-tech-startups-reisen-ins-silicon-valley\/"},"author":{"name":"Dzana Muminovic","@id":"https:\/\/www.organisator.ch\/#\/schema\/person\/afccda3a71c06d4be2ed9100dd163db7"},"headline":"Zehn Schweizer Tech-Startups reisen ins Silicon Valley","datePublished":"2025-02-06T07:53:33+00:00","mainEntityOfPage":{"@id":"https:\/\/www.organisator.ch\/management\/2025-02-06\/zehn-schweizer-tech-startups-reisen-ins-silicon-valley\/"},"wordCount":609,"publisher":{"@id":"https:\/\/www.organisator.ch\/#organization"},"image":{"@id":"https:\/\/www.organisator.ch\/management\/2025-02-06\/zehn-schweizer-tech-startups-reisen-ins-silicon-valley\/#primaryimage"},"thumbnailUrl":"https:\/\/www.organisator.ch\/wp-content\/uploads\/2025\/02\/Silicon-Valley_Bild1_ps.jpg","keywords":["K\u00fcnstliche Intelligenz","Schweiz","Startups","Technology","Venture Leaders"],"articleSection":["MANAGEMENT"],"inLanguage":"it-IT"},{"@type":"WebPage","@id":"https:\/\/www.organisator.ch\/management\/2025-02-06\/zehn-schweizer-tech-startups-reisen-ins-silicon-valley\/","url":"https:\/\/www.organisator.ch\/management\/2025-02-06\/zehn-schweizer-tech-startups-reisen-ins-silicon-valley\/","name":"Dieci start-up tecnologiche svizzere si recano nella Silicon Valley - organizzatore","isPartOf":{"@id":"https:\/\/www.organisator.ch\/#website"},"primaryImageOfPage":{"@id":"https:\/\/www.organisator.ch\/management\/2025-02-06\/zehn-schweizer-tech-startups-reisen-ins-silicon-valley\/#primaryimage"},"image":{"@id":"https:\/\/www.organisator.ch\/management\/2025-02-06\/zehn-schweizer-tech-startups-reisen-ins-silicon-valley\/#primaryimage"},"thumbnailUrl":"https:\/\/www.organisator.ch\/wp-content\/uploads\/2025\/02\/Silicon-Valley_Bild1_ps.jpg","datePublished":"2025-02-06T07:53:33+00:00","description":"Dieci start-up tecnologiche svizzere si recano nella Silicon Valley nell'ambito del Venture Leaders Technology Roadshow 2025 per espandersi a livello globale.","breadcrumb":{"@id":"https:\/\/www.organisator.ch\/management\/2025-02-06\/zehn-schweizer-tech-startups-reisen-ins-silicon-valley\/#breadcrumb"},"inLanguage":"it-IT","potentialAction":[{"@type":"ReadAction","target":["https:\/\/www.organisator.ch\/management\/2025-02-06\/zehn-schweizer-tech-startups-reisen-ins-silicon-valley\/"]}]},{"@type":"ImageObject","inLanguage":"it-IT","@id":"https:\/\/www.organisator.ch\/management\/2025-02-06\/zehn-schweizer-tech-startups-reisen-ins-silicon-valley\/#primaryimage","url":"https:\/\/www.organisator.ch\/wp-content\/uploads\/2025\/02\/Silicon-Valley_Bild1_ps.jpg","contentUrl":"https:\/\/www.organisator.ch\/wp-content\/uploads\/2025\/02\/Silicon-Valley_Bild1_ps.jpg","width":680,"height":355,"caption":"Schweizer Startup Nationalmannschaft 2025: Zehn Schweizer Tech-Startups reisen ins Silicon Valley. (Bild: www.venturelab.swiss)"},{"@type":"BreadcrumbList","@id":"https:\/\/www.organisator.ch\/management\/2025-02-06\/zehn-schweizer-tech-startups-reisen-ins-silicon-valley\/#breadcrumb","itemListElement":[{"@type":"ListItem","position":1,"name":"Home","item":"https:\/\/www.organisator.ch\/"},{"@type":"ListItem","position":2,"name":"Zehn Schweizer Tech-Startups reisen ins Silicon Valley"}]},{"@type":"WebSite","@id":"https:\/\/www.organisator.ch\/#website","url":"https:\/\/www.organisator.ch\/","name":"Organizzatore","description":"Competente. Pratico. In 10 numeri all'anno, ORGANISATOR presenta i temi essenziali per i manager delle PMI.","publisher":{"@id":"https:\/\/www.organisator.ch\/#organization"},"potentialAction":[{"@type":"SearchAction","target":{"@type":"EntryPoint","urlTemplate":"https:\/\/www.organisator.ch\/?s={search_term_string}"},"query-input":{"@type":"PropertyValueSpecification","valueRequired":true,"valueName":"search_term_string"}}],"inLanguage":"it-IT"},{"@type":"Organization","@id":"https:\/\/www.organisator.ch\/#organization","name":"Organizzatore","url":"https:\/\/www.organisator.ch\/","logo":{"@type":"ImageObject","inLanguage":"it-IT","@id":"https:\/\/www.organisator.ch\/#\/schema\/logo\/image\/","url":"https:\/\/www.organisator.ch\/wp-content\/uploads\/2022\/01\/Logo_Organisator_Website.png","contentUrl":"https:\/\/www.organisator.ch\/wp-content\/uploads\/2022\/01\/Logo_Organisator_Website.png","width":800,"height":77,"caption":"Organisator"},"image":{"@id":"https:\/\/www.organisator.ch\/#\/schema\/logo\/image\/"},"sameAs":["https:\/\/www.facebook.com\/OrganisatorFachmagazin","https:\/\/www.linkedin.com\/showcase\/organisator-das-magazin-fr-kmu","https:\/\/www.xing.com\/news\/pages\/organisator-ch-695","https:\/\/www.youtube.com\/channel\/UCGP2Sq0iWaZwT3BdIAQFYpw"]},{"@type":"Person","@id":"https:\/\/www.organisator.ch\/#\/schema\/person\/afccda3a71c06d4be2ed9100dd163db7","name":"Dzana Muminovic","image":{"@type":"ImageObject","inLanguage":"it-IT","@id":"https:\/\/secure.gravatar.com\/avatar\/909c5c71aff4b38e88686f2ab2f1ba152571f394f41ed8bae431ea56ced93050?s=96&d=mm&r=g","url":"https:\/\/secure.gravatar.com\/avatar\/909c5c71aff4b38e88686f2ab2f1ba152571f394f41ed8bae431ea56ced93050?s=96&d=mm&r=g","contentUrl":"https:\/\/secure.gravatar.com\/avatar\/909c5c71aff4b38e88686f2ab2f1ba152571f394f41ed8bae431ea56ced93050?s=96&d=mm&r=g","caption":"Dzana Muminovic"},"url":"https:\/\/www.organisator.ch\/it\/author\/dzana-muminovic\/"}]}},"_links":{"self":[{"href":"https:\/\/www.organisator.ch\/it\/wp-json\/wp\/v2\/posts\/35843","targetHints":{"allow":["GET"]}}],"collection":[{"href":"https:\/\/www.organisator.ch\/it\/wp-json\/wp\/v2\/posts"}],"about":[{"href":"https:\/\/www.organisator.ch\/it\/wp-json\/wp\/v2\/types\/post"}],"author":[{"embeddable":true,"href":"https:\/\/www.organisator.ch\/it\/wp-json\/wp\/v2\/users\/80"}],"replies":[{"embeddable":true,"href":"https:\/\/www.organisator.ch\/it\/wp-json\/wp\/v2\/comments?post=35843"}],"version-history":[{"count":6,"href":"https:\/\/www.organisator.ch\/it\/wp-json\/wp\/v2\/posts\/35843\/revisions"}],"predecessor-version":[{"id":35874,"href":"https:\/\/www.organisator.ch\/it\/wp-json\/wp\/v2\/posts\/35843\/revisions\/35874"}],"wp:featuredmedia":[{"embeddable":true,"href":"https:\/\/www.organisator.ch\/it\/wp-json\/wp\/v2\/media\/35845"}],"wp:attachment":[{"href":"https:\/\/www.organisator.ch\/it\/wp-json\/wp\/v2\/media?parent=35843"}],"wp:term":[{"taxonomy":"category","embeddable":true,"href":"https:\/\/www.organisator.ch\/it\/wp-json\/wp\/v2\/categories?post=35843"},{"taxonomy":"post_tag","embeddable":true,"href":"https:\/\/www.organisator.ch\/it\/wp-json\/wp\/v2\/tags?post=35843"}],"curies":[{"name":"wp","href":"https:\/\/api.w.org\/{rel}","templated":true}]}}