{"id":35885,"date":"2025-02-11T07:30:51","date_gmt":"2025-02-11T06:30:51","guid":{"rendered":"https:\/\/www.markt-kom.com\/?p=230084"},"modified":"2025-02-11T07:36:13","modified_gmt":"2025-02-11T06:36:13","slug":"numbers-will-kmu-den-zugang-zu-digital-marketing-erleichtern","status":"publish","type":"post","link":"https:\/\/www.organisator.ch\/it\/marketing\/2025-02-11\/numbers-will-kmu-den-zugang-zu-digital-marketing-erleichtern\/","title":{"rendered":"Numbers vuole rendere pi\u00f9 facile l'accesso delle PMI al marketing digitale"},"content":{"rendered":"<figure id=\"attachment_230086\" class=\"wp-caption aligncenter\" style=\"width: 1179px;\" aria-describedby=\"caption-attachment-230086\"><a href=\"https:\/\/www.markt-kom.com\/wp-content\/uploads\/2025\/02\/Numbers-Neugruendung.jpg\"><img class=\"size-full wp-image-230086\" src=\"https:\/\/www.markt-kom.com\/wp-content\/uploads\/2025\/02\/Numbers-Neugruendung.jpg\" sizes=\"(max-width: 1179px) 100vw, 1179px\" srcset=\"https:\/\/www.markt-kom.com\/wp-content\/uploads\/2025\/02\/Numbers-Neugruendung.jpg 1179w, https:\/\/www.markt-kom.com\/wp-content\/uploads\/2025\/02\/Numbers-Neugruendung-600x450.jpg 600w, https:\/\/www.markt-kom.com\/wp-content\/uploads\/2025\/02\/Numbers-Neugruendung-1024x768.jpg 1024w, https:\/\/www.markt-kom.com\/wp-content\/uploads\/2025\/02\/Numbers-Neugruendung-768x576.jpg 768w, https:\/\/www.markt-kom.com\/wp-content\/uploads\/2025\/02\/Numbers-Neugruendung-16x12.jpg 16w, https:\/\/www.markt-kom.com\/wp-content\/uploads\/2025\/02\/Numbers-Neugruendung-233x175.jpg 233w, https:\/\/www.markt-kom.com\/wp-content\/uploads\/2025\/02\/Numbers-Neugruendung-467x350.jpg 467w, https:\/\/www.markt-kom.com\/wp-content\/uploads\/2025\/02\/Numbers-Neugruendung-1000x750.jpg 1000w\" alt=\"\" width=\"1179\" height=\"884\" \/><\/a>\r\n<figcaption id=\"caption-attachment-230086\" class=\"wp-caption-text\">Il team fondatore di Numbers (da sinistra a destra): Hans Oury, Ren\u00e9 Linder, Jean-Claude Zulauf e Arben Lekaj.<\/figcaption>\r\n<\/figure>\r\n<p>Dietro <a href=\"https:\/\/www.numbers.ch\/\" rel=\"noopener\">Numeri<\/a> sono gli specialisti di marketing e online Jean-Claude Zulauf e Ren\u00e9 Linder, nonch\u00e9 gli imprenditori e professionisti del settore tecnologico Arben Lekaj e Hans Oury. I loro servizi sono rivolti alle PMI che vogliono utilizzare il marketing digitale ma non hanno le risorse interne per creare un proprio team.<\/p>\r\n<p>\"Le PMI hanno un enorme bisogno di competenze complete in materia di marketing digitale\", afferma il co-amministratore delegato Jean-Claude Zulauf. Tuttavia, reclutare, costruire e gestire un team corrispondente spesso non \u00e8 finanziariamente conveniente o logisticamente fattibile\". A ci\u00f2 si aggiungono le sfide poste dalla rapida evoluzione tecnologica, dalla carenza di manodopera qualificata e dall'utilizzo fluttuante della capacit\u00e0 produttiva\".<\/p>\r\n<p>Numbers analizza le campagne, i siti web e i sistemi esistenti e sviluppa strategie individuali. L'automazione e gli strumenti supportati dall'intelligenza artificiale sono utilizzati per fornire trasparenza sulle cifre chiave e sui progressi.<\/p>\r\n<p>L'azienda si basa su un modello di abbonamento e su due pacchetti entry-level con prezzi all-inclusive per rendere prevedibile l'accesso al marketing digitale professionale. Ulteriori informazioni sono disponibili su Numbers.ch.<\/p>","protected":false},"excerpt":{"rendered":"<p>Fondata all'inizio del 2025, la start-up Numbers, con sede a Berna, si concentra su una soluzione flessibile di marketing digitale per le piccole e medie imprese. Il concetto: un team di marketing in outsourcing che supporta le aziende senza che queste debbano assumere i propri specialisti.<\/p>","protected":false},"author":8,"featured_media":0,"comment_status":"closed","ping_status":"closed","sticky":false,"template":"","format":"standard","meta":{"_acf_changed":false,"_yoast_wpseo_focuskw":"Digital-Marketing-L\u00f6sung f\u00fcr KMU","_yoast_wpseo_metadesc":"Numbers bietet KMU flexible Digital-Marketing-L\u00f6sungen ohne eigene Fachkr\u00e4fte. Effizient, transparent und individuell angepasst.","articlekey":"","footnotes":""},"categories":[29],"tags":[4345,301,5077],"class_list":["post-35885","post","type-post","status-publish","format-standard","hentry","category-marketing","tag-business","tag-kmu","tag-numbers"],"acf":[],"yoast_head":"<!-- This site is optimized with the Yoast SEO plugin v27.4 - https:\/\/yoast.com\/product\/yoast-seo-wordpress\/ -->\n<title>Numbers will KMU den Zugang zu Digital Marketing erleichtern - Organisator<\/title>\n<meta name=\"description\" content=\"Numbers bietet KMU flexible Digital-Marketing-L\u00f6sungen ohne eigene Fachkr\u00e4fte. Effizient, transparent und individuell angepasst.\" \/>\n<meta name=\"robots\" content=\"index, follow, max-snippet:-1, max-image-preview:large, max-video-preview:-1\" \/>\n<link rel=\"canonical\" href=\"https:\/\/www.organisator.ch\/it\/marketing\/2025-02-11\/numbers-will-kmu-den-zugang-zu-digital-marketing-erleichtern\/\" \/>\n<meta property=\"og:locale\" content=\"it_IT\" \/>\n<meta property=\"og:type\" content=\"article\" \/>\n<meta property=\"og:title\" content=\"Numbers will KMU den Zugang zu Digital Marketing erleichtern - Organisator\" \/>\n<meta property=\"og:description\" content=\"Numbers bietet KMU flexible Digital-Marketing-L\u00f6sungen ohne eigene Fachkr\u00e4fte. Effizient, transparent und individuell angepasst.\" \/>\n<meta property=\"og:url\" content=\"https:\/\/www.organisator.ch\/it\/marketing\/2025-02-11\/numbers-will-kmu-den-zugang-zu-digital-marketing-erleichtern\/\" \/>\n<meta property=\"og:site_name\" content=\"Organisator\" \/>\n<meta property=\"article:publisher\" content=\"https:\/\/www.facebook.com\/OrganisatorFachmagazin\" \/>\n<meta property=\"article:published_time\" content=\"2025-02-11T06:30:51+00:00\" \/>\n<meta property=\"article:modified_time\" content=\"2025-02-11T06:36:13+00:00\" \/>\n<meta name=\"author\" content=\"galledia\" \/>\n<meta name=\"twitter:card\" content=\"summary_large_image\" \/>\n<meta name=\"twitter:creator\" content=\"@admin\" \/>\n<script type=\"application\/ld+json\" class=\"yoast-schema-graph\">{\"@context\":\"https:\\\/\\\/schema.org\",\"@graph\":[{\"@type\":\"Article\",\"@id\":\"https:\\\/\\\/www.organisator.ch\\\/marketing\\\/2025-02-11\\\/numbers-will-kmu-den-zugang-zu-digital-marketing-erleichtern\\\/#article\",\"isPartOf\":{\"@id\":\"https:\\\/\\\/www.organisator.ch\\\/marketing\\\/2025-02-11\\\/numbers-will-kmu-den-zugang-zu-digital-marketing-erleichtern\\\/\"},\"author\":{\"name\":\"galledia\",\"@id\":\"https:\\\/\\\/www.organisator.ch\\\/#\\\/schema\\\/person\\\/4e51799071cd2dd1232ac003643ef5f0\"},\"headline\":\"Numbers will KMU den Zugang zu Digital Marketing erleichtern\",\"datePublished\":\"2025-02-11T06:30:51+00:00\",\"dateModified\":\"2025-02-11T06:36:13+00:00\",\"mainEntityOfPage\":{\"@id\":\"https:\\\/\\\/www.organisator.ch\\\/marketing\\\/2025-02-11\\\/numbers-will-kmu-den-zugang-zu-digital-marketing-erleichtern\\\/\"},\"wordCount\":177,\"publisher\":{\"@id\":\"https:\\\/\\\/www.organisator.ch\\\/#organization\"},\"image\":{\"@id\":\"https:\\\/\\\/www.organisator.ch\\\/marketing\\\/2025-02-11\\\/numbers-will-kmu-den-zugang-zu-digital-marketing-erleichtern\\\/#primaryimage\"},\"thumbnailUrl\":\"https:\\\/\\\/www.markt-kom.com\\\/wp-content\\\/uploads\\\/2025\\\/02\\\/Numbers-Neugruendung.jpg\",\"keywords\":[\"Business\",\"KMU\",\"Numbers\"],\"articleSection\":[\"MARKETING\"],\"inLanguage\":\"it-IT\"},{\"@type\":\"WebPage\",\"@id\":\"https:\\\/\\\/www.organisator.ch\\\/marketing\\\/2025-02-11\\\/numbers-will-kmu-den-zugang-zu-digital-marketing-erleichtern\\\/\",\"url\":\"https:\\\/\\\/www.organisator.ch\\\/marketing\\\/2025-02-11\\\/numbers-will-kmu-den-zugang-zu-digital-marketing-erleichtern\\\/\",\"name\":\"Numbers will KMU den Zugang zu Digital Marketing erleichtern - Organisator\",\"isPartOf\":{\"@id\":\"https:\\\/\\\/www.organisator.ch\\\/#website\"},\"primaryImageOfPage\":{\"@id\":\"https:\\\/\\\/www.organisator.ch\\\/marketing\\\/2025-02-11\\\/numbers-will-kmu-den-zugang-zu-digital-marketing-erleichtern\\\/#primaryimage\"},\"image\":{\"@id\":\"https:\\\/\\\/www.organisator.ch\\\/marketing\\\/2025-02-11\\\/numbers-will-kmu-den-zugang-zu-digital-marketing-erleichtern\\\/#primaryimage\"},\"thumbnailUrl\":\"https:\\\/\\\/www.markt-kom.com\\\/wp-content\\\/uploads\\\/2025\\\/02\\\/Numbers-Neugruendung.jpg\",\"datePublished\":\"2025-02-11T06:30:51+00:00\",\"dateModified\":\"2025-02-11T06:36:13+00:00\",\"description\":\"Numbers bietet KMU flexible Digital-Marketing-L\u00f6sungen ohne eigene Fachkr\u00e4fte. Effizient, transparent und individuell angepasst.\",\"breadcrumb\":{\"@id\":\"https:\\\/\\\/www.organisator.ch\\\/marketing\\\/2025-02-11\\\/numbers-will-kmu-den-zugang-zu-digital-marketing-erleichtern\\\/#breadcrumb\"},\"inLanguage\":\"it-IT\",\"potentialAction\":[{\"@type\":\"ReadAction\",\"target\":[\"https:\\\/\\\/www.organisator.ch\\\/marketing\\\/2025-02-11\\\/numbers-will-kmu-den-zugang-zu-digital-marketing-erleichtern\\\/\"]}]},{\"@type\":\"ImageObject\",\"inLanguage\":\"it-IT\",\"@id\":\"https:\\\/\\\/www.organisator.ch\\\/marketing\\\/2025-02-11\\\/numbers-will-kmu-den-zugang-zu-digital-marketing-erleichtern\\\/#primaryimage\",\"url\":\"https:\\\/\\\/www.markt-kom.com\\\/wp-content\\\/uploads\\\/2025\\\/02\\\/Numbers-Neugruendung.jpg\",\"contentUrl\":\"https:\\\/\\\/www.markt-kom.com\\\/wp-content\\\/uploads\\\/2025\\\/02\\\/Numbers-Neugruendung.jpg\"},{\"@type\":\"BreadcrumbList\",\"@id\":\"https:\\\/\\\/www.organisator.ch\\\/marketing\\\/2025-02-11\\\/numbers-will-kmu-den-zugang-zu-digital-marketing-erleichtern\\\/#breadcrumb\",\"itemListElement\":[{\"@type\":\"ListItem\",\"position\":1,\"name\":\"Home\",\"item\":\"https:\\\/\\\/www.organisator.ch\\\/\"},{\"@type\":\"ListItem\",\"position\":2,\"name\":\"Numbers will KMU den Zugang zu Digital Marketing erleichtern\"}]},{\"@type\":\"WebSite\",\"@id\":\"https:\\\/\\\/www.organisator.ch\\\/#website\",\"url\":\"https:\\\/\\\/www.organisator.ch\\\/\",\"name\":\"Organisator\",\"description\":\"Kompetent. Praxisnah. Der ORGANISATOR bereitet in 10 Ausgaben pro Jahr die wesentlichen Themen f\u00fcr F\u00fchrungskr\u00e4fte von KMU auf.\",\"publisher\":{\"@id\":\"https:\\\/\\\/www.organisator.ch\\\/#organization\"},\"potentialAction\":[{\"@type\":\"SearchAction\",\"target\":{\"@type\":\"EntryPoint\",\"urlTemplate\":\"https:\\\/\\\/www.organisator.ch\\\/?s={search_term_string}\"},\"query-input\":{\"@type\":\"PropertyValueSpecification\",\"valueRequired\":true,\"valueName\":\"search_term_string\"}}],\"inLanguage\":\"it-IT\"},{\"@type\":\"Organization\",\"@id\":\"https:\\\/\\\/www.organisator.ch\\\/#organization\",\"name\":\"Organisator\",\"url\":\"https:\\\/\\\/www.organisator.ch\\\/\",\"logo\":{\"@type\":\"ImageObject\",\"inLanguage\":\"it-IT\",\"@id\":\"https:\\\/\\\/www.organisator.ch\\\/#\\\/schema\\\/logo\\\/image\\\/\",\"url\":\"https:\\\/\\\/www.organisator.ch\\\/wp-content\\\/uploads\\\/2022\\\/01\\\/Logo_Organisator_Website.png\",\"contentUrl\":\"https:\\\/\\\/www.organisator.ch\\\/wp-content\\\/uploads\\\/2022\\\/01\\\/Logo_Organisator_Website.png\",\"width\":800,\"height\":77,\"caption\":\"Organisator\"},\"image\":{\"@id\":\"https:\\\/\\\/www.organisator.ch\\\/#\\\/schema\\\/logo\\\/image\\\/\"},\"sameAs\":[\"https:\\\/\\\/www.facebook.com\\\/OrganisatorFachmagazin\",\"https:\\\/\\\/www.linkedin.com\\\/showcase\\\/organisator-das-magazin-fr-kmu\",\"https:\\\/\\\/www.xing.com\\\/news\\\/pages\\\/organisator-ch-695\",\"https:\\\/\\\/www.youtube.com\\\/channel\\\/UCGP2Sq0iWaZwT3BdIAQFYpw\"]},{\"@type\":\"Person\",\"@id\":\"https:\\\/\\\/www.organisator.ch\\\/#\\\/schema\\\/person\\\/4e51799071cd2dd1232ac003643ef5f0\",\"name\":\"galledia\",\"image\":{\"@type\":\"ImageObject\",\"inLanguage\":\"it-IT\",\"@id\":\"https:\\\/\\\/secure.gravatar.com\\\/avatar\\\/78a7f90c01fc2bfc875782a0d4922b37cde2cf184ce347b91316d23cd7f69a36?s=96&d=mm&r=g\",\"url\":\"https:\\\/\\\/secure.gravatar.com\\\/avatar\\\/78a7f90c01fc2bfc875782a0d4922b37cde2cf184ce347b91316d23cd7f69a36?s=96&d=mm&r=g\",\"contentUrl\":\"https:\\\/\\\/secure.gravatar.com\\\/avatar\\\/78a7f90c01fc2bfc875782a0d4922b37cde2cf184ce347b91316d23cd7f69a36?s=96&d=mm&r=g\",\"caption\":\"galledia\"},\"sameAs\":[\"https:\\\/\\\/x.com\\\/admin\"],\"url\":\"https:\\\/\\\/www.organisator.ch\\\/it\\\/author\\\/galledia\\\/\"}]}<\/script>\n<!-- \/ Yoast SEO plugin. -->","yoast_head_json":{"title":"Numbers vuole facilitare l'accesso delle PMI al marketing digitale - Organizzatore","description":"Numbers offre alle PMI soluzioni di marketing digitale flessibili, senza bisogno di specialisti interni. Efficienti, trasparenti e personalizzate.","robots":{"index":"index","follow":"follow","max-snippet":"max-snippet:-1","max-image-preview":"max-image-preview:large","max-video-preview":"max-video-preview:-1"},"canonical":"https:\/\/www.organisator.ch\/it\/marketing\/2025-02-11\/numbers-will-kmu-den-zugang-zu-digital-marketing-erleichtern\/","og_locale":"it_IT","og_type":"article","og_title":"Numbers will KMU den Zugang zu Digital Marketing erleichtern - Organisator","og_description":"Numbers bietet KMU flexible Digital-Marketing-L\u00f6sungen ohne eigene Fachkr\u00e4fte. Effizient, transparent und individuell angepasst.","og_url":"https:\/\/www.organisator.ch\/it\/marketing\/2025-02-11\/numbers-will-kmu-den-zugang-zu-digital-marketing-erleichtern\/","og_site_name":"Organisator","article_publisher":"https:\/\/www.facebook.com\/OrganisatorFachmagazin","article_published_time":"2025-02-11T06:30:51+00:00","article_modified_time":"2025-02-11T06:36:13+00:00","author":"galledia","twitter_card":"summary_large_image","twitter_creator":"@admin","schema":{"@context":"https:\/\/schema.org","@graph":[{"@type":"Article","@id":"https:\/\/www.organisator.ch\/marketing\/2025-02-11\/numbers-will-kmu-den-zugang-zu-digital-marketing-erleichtern\/#article","isPartOf":{"@id":"https:\/\/www.organisator.ch\/marketing\/2025-02-11\/numbers-will-kmu-den-zugang-zu-digital-marketing-erleichtern\/"},"author":{"name":"galledia","@id":"https:\/\/www.organisator.ch\/#\/schema\/person\/4e51799071cd2dd1232ac003643ef5f0"},"headline":"Numbers will KMU den Zugang zu Digital Marketing erleichtern","datePublished":"2025-02-11T06:30:51+00:00","dateModified":"2025-02-11T06:36:13+00:00","mainEntityOfPage":{"@id":"https:\/\/www.organisator.ch\/marketing\/2025-02-11\/numbers-will-kmu-den-zugang-zu-digital-marketing-erleichtern\/"},"wordCount":177,"publisher":{"@id":"https:\/\/www.organisator.ch\/#organization"},"image":{"@id":"https:\/\/www.organisator.ch\/marketing\/2025-02-11\/numbers-will-kmu-den-zugang-zu-digital-marketing-erleichtern\/#primaryimage"},"thumbnailUrl":"https:\/\/www.markt-kom.com\/wp-content\/uploads\/2025\/02\/Numbers-Neugruendung.jpg","keywords":["Business","KMU","Numbers"],"articleSection":["MARKETING"],"inLanguage":"it-IT"},{"@type":"WebPage","@id":"https:\/\/www.organisator.ch\/marketing\/2025-02-11\/numbers-will-kmu-den-zugang-zu-digital-marketing-erleichtern\/","url":"https:\/\/www.organisator.ch\/marketing\/2025-02-11\/numbers-will-kmu-den-zugang-zu-digital-marketing-erleichtern\/","name":"Numbers vuole facilitare l'accesso delle PMI al marketing digitale - Organizzatore","isPartOf":{"@id":"https:\/\/www.organisator.ch\/#website"},"primaryImageOfPage":{"@id":"https:\/\/www.organisator.ch\/marketing\/2025-02-11\/numbers-will-kmu-den-zugang-zu-digital-marketing-erleichtern\/#primaryimage"},"image":{"@id":"https:\/\/www.organisator.ch\/marketing\/2025-02-11\/numbers-will-kmu-den-zugang-zu-digital-marketing-erleichtern\/#primaryimage"},"thumbnailUrl":"https:\/\/www.markt-kom.com\/wp-content\/uploads\/2025\/02\/Numbers-Neugruendung.jpg","datePublished":"2025-02-11T06:30:51+00:00","dateModified":"2025-02-11T06:36:13+00:00","description":"Numbers offre alle PMI soluzioni di marketing digitale flessibili, senza bisogno di specialisti interni. Efficienti, trasparenti e personalizzate.","breadcrumb":{"@id":"https:\/\/www.organisator.ch\/marketing\/2025-02-11\/numbers-will-kmu-den-zugang-zu-digital-marketing-erleichtern\/#breadcrumb"},"inLanguage":"it-IT","potentialAction":[{"@type":"ReadAction","target":["https:\/\/www.organisator.ch\/marketing\/2025-02-11\/numbers-will-kmu-den-zugang-zu-digital-marketing-erleichtern\/"]}]},{"@type":"ImageObject","inLanguage":"it-IT","@id":"https:\/\/www.organisator.ch\/marketing\/2025-02-11\/numbers-will-kmu-den-zugang-zu-digital-marketing-erleichtern\/#primaryimage","url":"https:\/\/www.markt-kom.com\/wp-content\/uploads\/2025\/02\/Numbers-Neugruendung.jpg","contentUrl":"https:\/\/www.markt-kom.com\/wp-content\/uploads\/2025\/02\/Numbers-Neugruendung.jpg"},{"@type":"BreadcrumbList","@id":"https:\/\/www.organisator.ch\/marketing\/2025-02-11\/numbers-will-kmu-den-zugang-zu-digital-marketing-erleichtern\/#breadcrumb","itemListElement":[{"@type":"ListItem","position":1,"name":"Home","item":"https:\/\/www.organisator.ch\/"},{"@type":"ListItem","position":2,"name":"Numbers will KMU den Zugang zu Digital Marketing erleichtern"}]},{"@type":"WebSite","@id":"https:\/\/www.organisator.ch\/#website","url":"https:\/\/www.organisator.ch\/","name":"Organizzatore","description":"Competente. Pratico. In 10 numeri all'anno, ORGANISATOR presenta i temi essenziali per i manager delle PMI.","publisher":{"@id":"https:\/\/www.organisator.ch\/#organization"},"potentialAction":[{"@type":"SearchAction","target":{"@type":"EntryPoint","urlTemplate":"https:\/\/www.organisator.ch\/?s={search_term_string}"},"query-input":{"@type":"PropertyValueSpecification","valueRequired":true,"valueName":"search_term_string"}}],"inLanguage":"it-IT"},{"@type":"Organization","@id":"https:\/\/www.organisator.ch\/#organization","name":"Organizzatore","url":"https:\/\/www.organisator.ch\/","logo":{"@type":"ImageObject","inLanguage":"it-IT","@id":"https:\/\/www.organisator.ch\/#\/schema\/logo\/image\/","url":"https:\/\/www.organisator.ch\/wp-content\/uploads\/2022\/01\/Logo_Organisator_Website.png","contentUrl":"https:\/\/www.organisator.ch\/wp-content\/uploads\/2022\/01\/Logo_Organisator_Website.png","width":800,"height":77,"caption":"Organisator"},"image":{"@id":"https:\/\/www.organisator.ch\/#\/schema\/logo\/image\/"},"sameAs":["https:\/\/www.facebook.com\/OrganisatorFachmagazin","https:\/\/www.linkedin.com\/showcase\/organisator-das-magazin-fr-kmu","https:\/\/www.xing.com\/news\/pages\/organisator-ch-695","https:\/\/www.youtube.com\/channel\/UCGP2Sq0iWaZwT3BdIAQFYpw"]},{"@type":"Person","@id":"https:\/\/www.organisator.ch\/#\/schema\/person\/4e51799071cd2dd1232ac003643ef5f0","name":"galledia","image":{"@type":"ImageObject","inLanguage":"it-IT","@id":"https:\/\/secure.gravatar.com\/avatar\/78a7f90c01fc2bfc875782a0d4922b37cde2cf184ce347b91316d23cd7f69a36?s=96&d=mm&r=g","url":"https:\/\/secure.gravatar.com\/avatar\/78a7f90c01fc2bfc875782a0d4922b37cde2cf184ce347b91316d23cd7f69a36?s=96&d=mm&r=g","contentUrl":"https:\/\/secure.gravatar.com\/avatar\/78a7f90c01fc2bfc875782a0d4922b37cde2cf184ce347b91316d23cd7f69a36?s=96&d=mm&r=g","caption":"galledia"},"sameAs":["https:\/\/x.com\/admin"],"url":"https:\/\/www.organisator.ch\/it\/author\/galledia\/"}]}},"_links":{"self":[{"href":"https:\/\/www.organisator.ch\/it\/wp-json\/wp\/v2\/posts\/35885","targetHints":{"allow":["GET"]}}],"collection":[{"href":"https:\/\/www.organisator.ch\/it\/wp-json\/wp\/v2\/posts"}],"about":[{"href":"https:\/\/www.organisator.ch\/it\/wp-json\/wp\/v2\/types\/post"}],"author":[{"embeddable":true,"href":"https:\/\/www.organisator.ch\/it\/wp-json\/wp\/v2\/users\/8"}],"replies":[{"embeddable":true,"href":"https:\/\/www.organisator.ch\/it\/wp-json\/wp\/v2\/comments?post=35885"}],"version-history":[{"count":4,"href":"https:\/\/www.organisator.ch\/it\/wp-json\/wp\/v2\/posts\/35885\/revisions"}],"predecessor-version":[{"id":35891,"href":"https:\/\/www.organisator.ch\/it\/wp-json\/wp\/v2\/posts\/35885\/revisions\/35891"}],"wp:attachment":[{"href":"https:\/\/www.organisator.ch\/it\/wp-json\/wp\/v2\/media?parent=35885"}],"wp:term":[{"taxonomy":"category","embeddable":true,"href":"https:\/\/www.organisator.ch\/it\/wp-json\/wp\/v2\/categories?post=35885"},{"taxonomy":"post_tag","embeddable":true,"href":"https:\/\/www.organisator.ch\/it\/wp-json\/wp\/v2\/tags?post=35885"}],"curies":[{"name":"wp","href":"https:\/\/api.w.org\/{rel}","templated":true}]}}