{"id":3589,"date":"2018-05-16T08:11:06","date_gmt":"2018-05-16T06:11:06","guid":{"rendered":"https:\/\/www.organisator.ch\/?p=3589"},"modified":"2018-05-16T08:11:06","modified_gmt":"2018-05-16T06:11:06","slug":"unternehmen-neu-erfinden","status":"publish","type":"post","link":"https:\/\/www.organisator.ch\/it\/management\/2018-05-16\/unternehmen-neu-erfinden\/","title":{"rendered":"Reinventare l'azienda"},"content":{"rendered":"<figure id=\"attachment_3590\" aria-describedby=\"caption-attachment-3590\" style=\"width: 428px\" class=\"wp-caption alignnone\"><img loading=\"lazy\" decoding=\"async\" class=\"size-full wp-image-3590\" src=\"https:\/\/www.organisator.ch\/wp-content\/uploads\/2018\/05\/Buchtipp-Unternehmen-neu-erfinden-1_Organisator.png\" alt=\"\" width=\"428\" height=\"640\" srcset=\"https:\/\/www.organisator.ch\/wp-content\/uploads\/2018\/05\/Buchtipp-Unternehmen-neu-erfinden-1_Organisator.png 428w, https:\/\/www.organisator.ch\/wp-content\/uploads\/2018\/05\/Buchtipp-Unternehmen-neu-erfinden-1_Organisator-8x12.png 8w, https:\/\/www.organisator.ch\/wp-content\/uploads\/2018\/05\/Buchtipp-Unternehmen-neu-erfinden-1_Organisator-117x175.png 117w, https:\/\/www.organisator.ch\/wp-content\/uploads\/2018\/05\/Buchtipp-Unternehmen-neu-erfinden-1_Organisator-234x350.png 234w, https:\/\/www.organisator.ch\/wp-content\/uploads\/2018\/05\/Buchtipp-Unternehmen-neu-erfinden-1_Organisator-300x449.png 300w\" sizes=\"auto, (max-width: 428px) 100vw, 428px\" \/><figcaption id=\"caption-attachment-3590\" class=\"wp-caption-text\">Reinventare il business: Un nuovo libro mette in pratica il concetto di San Gallo. (Immagine: Servizio stampa della scuola aziendale di San Gallo)<\/figcaption><\/figure>\n<p>Il libro di circa 200 pagine intitolato \"Reinventare il business. Il \"Concetto di San Gallo messo in pratica\" consiste in una sala di lettura e una sala di lavoro. Le due copertine del libro contengono foglietti pieghevoli per aiutare il lettore a pensare. I documenti di lavoro per decidere sulla domanda \"Reinventare o ottimizzare?\" sono disponibili per il download online.<\/p>\n<p>Un'attenzione speciale \u00e8 data al piano di costruzione di una casa di gestione. L'idea \u00e8 nata quando l'autore, il dottor Christian Abegglen, ha sentito parlare del concetto di spazio dinamico: costruire rapidamente un edificio per uffici, espanderlo in qualsiasi momento, ridimensionarlo, spostarlo in un altro luogo o addirittura restituirlo. Nove moduli di camera stanno per argomenti come la costituzione, l'organizzazione, la comprensione della leadership, i processi e le azioni. I silos che causano stagnazione appartengono al passato. Qui tutto si incastra senza problemi, come gli ingranaggi di un Fidget Spinner a nove marce.<\/p>\n<figure id=\"attachment_3591\" aria-describedby=\"caption-attachment-3591\" style=\"width: 480px\" class=\"wp-caption alignnone\"><img loading=\"lazy\" decoding=\"async\" class=\"size-full wp-image-3591\" src=\"https:\/\/www.organisator.ch\/wp-content\/uploads\/2018\/05\/Buchtipp-Unternehmen-neu-erfinden-2_Organisator.jpg\" alt=\"\" width=\"480\" height=\"600\" srcset=\"https:\/\/www.organisator.ch\/wp-content\/uploads\/2018\/05\/Buchtipp-Unternehmen-neu-erfinden-2_Organisator.jpg 480w, https:\/\/www.organisator.ch\/wp-content\/uploads\/2018\/05\/Buchtipp-Unternehmen-neu-erfinden-2_Organisator-10x12.jpg 10w, https:\/\/www.organisator.ch\/wp-content\/uploads\/2018\/05\/Buchtipp-Unternehmen-neu-erfinden-2_Organisator-140x175.jpg 140w, https:\/\/www.organisator.ch\/wp-content\/uploads\/2018\/05\/Buchtipp-Unternehmen-neu-erfinden-2_Organisator-280x350.jpg 280w, https:\/\/www.organisator.ch\/wp-content\/uploads\/2018\/05\/Buchtipp-Unternehmen-neu-erfinden-2_Organisator-300x375.jpg 300w\" sizes=\"auto, (max-width: 480px) 100vw, 480px\" \/><figcaption id=\"caption-attachment-3591\" class=\"wp-caption-text\">(Immagine: Servizio stampa della scuola aziendale di San Gallo)<\/figcaption><\/figure>\n<p>Alla fine del libro, il lettore ha preso decisioni ed elaborato risposte per se stesso sullo sviluppo della sua azienda o unit\u00e0 di business. \"La Scuola di San Gallo \u00e8 ora decisamente adatta all'uso quotidiano\", dice l'editore. L'autore lo giustifica cos\u00ec: \"Si \u00e8 scritto molto su questo argomento, quello che mancava era un libro che desse ai lettori un risultato potente alla fine\". Per questo aiuta i suoi lettori a identificare gli obiettivi da tre prospettive (spazio, tempo, persone) per arrivarci. Il libro si rivolge ai leader che vogliono modellare la strategia aziendale attivamente, piuttosto che in modo reattivo. Adatto ad aziende di tutte le dimensioni.<\/p>\n<p><em>Informazioni:<br \/>\n<strong>Reinventare l'azienda<br \/>\nIl libro di pensiero e di lavoro contro il blocco organizzato<br \/>\n<\/strong><strong>Il concetto di San Gallo messo in pratica<\/strong><br \/>\n204 pagine + documenti di lavoro digitali<\/em><br \/>\n<em>ISBN: 978-3-96251-005-3<br \/>\nEditore Frankfurter Allgemeine<\/em><\/p>\n<p>&nbsp;<\/p>","protected":false},"excerpt":{"rendered":"<p>Das rund 200 Seiten starke Buch mit dem Titel &#8222;Unternehmen neu erfinden. Das St.Galler Konzept praktisch umgesetzt&#8220;\u00a0besteht aus einem Lese- und einem Arbeitsraum. Die beiden Buchdeckel enthalten aufklappbare Spickzettel, die den Leser bei der Denkarbeit unterst\u00fctzen. Arbeitspapiere zur Entscheidung \u00fcber die Frage \u201eReinvent or optimize?\u201c stehen online zum Abruf bereit. Ein besonderes Augenmerk gilt dem [&hellip;]<\/p>\n","protected":false},"author":4,"featured_media":3590,"comment_status":"open","ping_status":"open","sticky":false,"template":"","format":"standard","meta":{"_acf_changed":false,"_yoast_wpseo_focuskw":"Unternehmen neu erfinden","_yoast_wpseo_metadesc":"Als \u201eNovum in der Welt der Konzeptb\u00fccher und Buchkonzepte\u201c beschreibt der Verlag Frankfurter Allgemeine Buch das Denk- und Arbeitsbuch mit dem Titel \u201eUnternehmen neu erfinden\u201c.","articlekey":"","footnotes":""},"categories":[28],"tags":[92,95,103,335,533],"class_list":["post-3589","post","type-post","status-publish","format-standard","has-post-thumbnail","hentry","category-management","tag-buch","tag-buchtipps","tag-business-excellence","tag-management-und-unternehmensfuehrung","tag-wissenschaft"],"acf":[],"yoast_head":"<!-- This site is optimized with the Yoast SEO plugin v27.4 - https:\/\/yoast.com\/product\/yoast-seo-wordpress\/ -->\n<title>Unternehmen neu erfinden - Organisator<\/title>\n<meta name=\"description\" content=\"Als \u201eNovum in der Welt der Konzeptb\u00fccher und Buchkonzepte\u201c beschreibt der Verlag Frankfurter Allgemeine Buch das Denk- und Arbeitsbuch mit dem Titel \u201eUnternehmen neu erfinden\u201c.\" \/>\n<meta name=\"robots\" content=\"index, follow, max-snippet:-1, max-image-preview:large, max-video-preview:-1\" \/>\n<link rel=\"canonical\" href=\"https:\/\/www.organisator.ch\/it\/gestione-2\/2018-05-16\/unternehmen-neu-erfinden\/\" \/>\n<meta property=\"og:locale\" content=\"it_IT\" \/>\n<meta property=\"og:type\" content=\"article\" \/>\n<meta property=\"og:title\" content=\"Buchtipp: Unternehmen neu erfinden\" \/>\n<meta property=\"og:description\" content=\"Als \u201eNovum in der Welt der Konzeptb\u00fccher und Buchkonzepte\u201c beschreibt der Verlag Frankfurter Allgemeine Buch das Denk- und #Arbeitsbuch mit dem Titel \u201eUnternehmen neu erfinden\u201c.\" \/>\n<meta property=\"og:url\" content=\"https:\/\/www.organisator.ch\/it\/gestione-2\/2018-05-16\/unternehmen-neu-erfinden\/\" \/>\n<meta property=\"og:site_name\" content=\"Organisator\" \/>\n<meta property=\"article:publisher\" content=\"https:\/\/www.facebook.com\/OrganisatorFachmagazin\" \/>\n<meta property=\"article:published_time\" content=\"2018-05-16T06:11:06+00:00\" \/>\n<meta property=\"og:image\" content=\"https:\/\/www.organisator.ch\/wp-content\/uploads\/2018\/05\/Buchtipp-Unternehmen-neu-erfinden-1_Organisator.png\" \/>\n\t<meta property=\"og:image:width\" content=\"428\" \/>\n\t<meta property=\"og:image:height\" content=\"640\" \/>\n\t<meta property=\"og:image:type\" content=\"image\/png\" \/>\n<meta name=\"author\" content=\"thomas.berner\" \/>\n<meta name=\"twitter:card\" content=\"summary_large_image\" \/>\n<meta name=\"twitter:title\" content=\"Buchtipp: #Unternehmen-neu-erfinden\" \/>\n<meta name=\"twitter:description\" content=\"Als \u201eNovum in der Welt der Konzeptb\u00fccher und Buchkonzepte\u201c beschreibt der Verlag Frankfurter Allgemeine Buch das Denk- und #Arbeitsbuch mit dem Titel \u201eUnternehmen neu erfinden\u201c.\" \/>\n<meta name=\"twitter:image\" content=\"https:\/\/www.organisator.ch\/wp-content\/uploads\/2018\/05\/Buchtipp-Unternehmen-neu-erfinden-1_Organisator.png\" \/>\n<script type=\"application\/ld+json\" class=\"yoast-schema-graph\">{\"@context\":\"https:\\\/\\\/schema.org\",\"@graph\":[{\"@type\":\"Article\",\"@id\":\"https:\\\/\\\/www.organisator.ch\\\/management\\\/2018-05-16\\\/unternehmen-neu-erfinden\\\/#article\",\"isPartOf\":{\"@id\":\"https:\\\/\\\/www.organisator.ch\\\/management\\\/2018-05-16\\\/unternehmen-neu-erfinden\\\/\"},\"author\":{\"name\":\"thomas.berner\",\"@id\":\"https:\\\/\\\/www.organisator.ch\\\/#\\\/schema\\\/person\\\/6f650f90b2842cd4c0cc334b4e36f67e\"},\"headline\":\"Unternehmen neu erfinden\",\"datePublished\":\"2018-05-16T06:11:06+00:00\",\"mainEntityOfPage\":{\"@id\":\"https:\\\/\\\/www.organisator.ch\\\/management\\\/2018-05-16\\\/unternehmen-neu-erfinden\\\/\"},\"wordCount\":305,\"commentCount\":0,\"publisher\":{\"@id\":\"https:\\\/\\\/www.organisator.ch\\\/#organization\"},\"image\":{\"@id\":\"https:\\\/\\\/www.organisator.ch\\\/management\\\/2018-05-16\\\/unternehmen-neu-erfinden\\\/#primaryimage\"},\"thumbnailUrl\":\"https:\\\/\\\/www.organisator.ch\\\/wp-content\\\/uploads\\\/2018\\\/05\\\/Buchtipp-Unternehmen-neu-erfinden-1_Organisator.png\",\"keywords\":[\"Buch\",\"Buchtipps\",\"Business Excellence\",\"Management und Unternehmensf\u00fchrung\",\"Wissenschaft\"],\"articleSection\":[\"MANAGEMENT\"],\"inLanguage\":\"it-IT\"},{\"@type\":\"WebPage\",\"@id\":\"https:\\\/\\\/www.organisator.ch\\\/management\\\/2018-05-16\\\/unternehmen-neu-erfinden\\\/\",\"url\":\"https:\\\/\\\/www.organisator.ch\\\/management\\\/2018-05-16\\\/unternehmen-neu-erfinden\\\/\",\"name\":\"Unternehmen neu erfinden - Organisator\",\"isPartOf\":{\"@id\":\"https:\\\/\\\/www.organisator.ch\\\/#website\"},\"primaryImageOfPage\":{\"@id\":\"https:\\\/\\\/www.organisator.ch\\\/management\\\/2018-05-16\\\/unternehmen-neu-erfinden\\\/#primaryimage\"},\"image\":{\"@id\":\"https:\\\/\\\/www.organisator.ch\\\/management\\\/2018-05-16\\\/unternehmen-neu-erfinden\\\/#primaryimage\"},\"thumbnailUrl\":\"https:\\\/\\\/www.organisator.ch\\\/wp-content\\\/uploads\\\/2018\\\/05\\\/Buchtipp-Unternehmen-neu-erfinden-1_Organisator.png\",\"datePublished\":\"2018-05-16T06:11:06+00:00\",\"description\":\"Als \u201eNovum in der Welt der Konzeptb\u00fccher und Buchkonzepte\u201c beschreibt der Verlag Frankfurter Allgemeine Buch das Denk- und Arbeitsbuch mit dem Titel \u201eUnternehmen neu erfinden\u201c.\",\"breadcrumb\":{\"@id\":\"https:\\\/\\\/www.organisator.ch\\\/management\\\/2018-05-16\\\/unternehmen-neu-erfinden\\\/#breadcrumb\"},\"inLanguage\":\"it-IT\",\"potentialAction\":[{\"@type\":\"ReadAction\",\"target\":[\"https:\\\/\\\/www.organisator.ch\\\/management\\\/2018-05-16\\\/unternehmen-neu-erfinden\\\/\"]}]},{\"@type\":\"ImageObject\",\"inLanguage\":\"it-IT\",\"@id\":\"https:\\\/\\\/www.organisator.ch\\\/management\\\/2018-05-16\\\/unternehmen-neu-erfinden\\\/#primaryimage\",\"url\":\"https:\\\/\\\/www.organisator.ch\\\/wp-content\\\/uploads\\\/2018\\\/05\\\/Buchtipp-Unternehmen-neu-erfinden-1_Organisator.png\",\"contentUrl\":\"https:\\\/\\\/www.organisator.ch\\\/wp-content\\\/uploads\\\/2018\\\/05\\\/Buchtipp-Unternehmen-neu-erfinden-1_Organisator.png\",\"width\":428,\"height\":640,\"caption\":\"Unternehmen neu erfinden: Ein neues Buch setzt das St.Galler Konzept praktisch um. (Bild: Pressedienst St.Galler Business School)\"},{\"@type\":\"BreadcrumbList\",\"@id\":\"https:\\\/\\\/www.organisator.ch\\\/management\\\/2018-05-16\\\/unternehmen-neu-erfinden\\\/#breadcrumb\",\"itemListElement\":[{\"@type\":\"ListItem\",\"position\":1,\"name\":\"Home\",\"item\":\"https:\\\/\\\/www.organisator.ch\\\/\"},{\"@type\":\"ListItem\",\"position\":2,\"name\":\"Unternehmen neu erfinden\"}]},{\"@type\":\"WebSite\",\"@id\":\"https:\\\/\\\/www.organisator.ch\\\/#website\",\"url\":\"https:\\\/\\\/www.organisator.ch\\\/\",\"name\":\"Organisator\",\"description\":\"Kompetent. Praxisnah. Der ORGANISATOR bereitet in 10 Ausgaben pro Jahr die wesentlichen Themen f\u00fcr F\u00fchrungskr\u00e4fte von KMU auf.\",\"publisher\":{\"@id\":\"https:\\\/\\\/www.organisator.ch\\\/#organization\"},\"potentialAction\":[{\"@type\":\"SearchAction\",\"target\":{\"@type\":\"EntryPoint\",\"urlTemplate\":\"https:\\\/\\\/www.organisator.ch\\\/?s={search_term_string}\"},\"query-input\":{\"@type\":\"PropertyValueSpecification\",\"valueRequired\":true,\"valueName\":\"search_term_string\"}}],\"inLanguage\":\"it-IT\"},{\"@type\":\"Organization\",\"@id\":\"https:\\\/\\\/www.organisator.ch\\\/#organization\",\"name\":\"Organisator\",\"url\":\"https:\\\/\\\/www.organisator.ch\\\/\",\"logo\":{\"@type\":\"ImageObject\",\"inLanguage\":\"it-IT\",\"@id\":\"https:\\\/\\\/www.organisator.ch\\\/#\\\/schema\\\/logo\\\/image\\\/\",\"url\":\"https:\\\/\\\/www.organisator.ch\\\/wp-content\\\/uploads\\\/2022\\\/01\\\/Logo_Organisator_Website.png\",\"contentUrl\":\"https:\\\/\\\/www.organisator.ch\\\/wp-content\\\/uploads\\\/2022\\\/01\\\/Logo_Organisator_Website.png\",\"width\":800,\"height\":77,\"caption\":\"Organisator\"},\"image\":{\"@id\":\"https:\\\/\\\/www.organisator.ch\\\/#\\\/schema\\\/logo\\\/image\\\/\"},\"sameAs\":[\"https:\\\/\\\/www.facebook.com\\\/OrganisatorFachmagazin\",\"https:\\\/\\\/www.linkedin.com\\\/showcase\\\/organisator-das-magazin-fr-kmu\",\"https:\\\/\\\/www.xing.com\\\/news\\\/pages\\\/organisator-ch-695\",\"https:\\\/\\\/www.youtube.com\\\/channel\\\/UCGP2Sq0iWaZwT3BdIAQFYpw\"]},{\"@type\":\"Person\",\"@id\":\"https:\\\/\\\/www.organisator.ch\\\/#\\\/schema\\\/person\\\/6f650f90b2842cd4c0cc334b4e36f67e\",\"name\":\"thomas.berner\",\"image\":{\"@type\":\"ImageObject\",\"inLanguage\":\"it-IT\",\"@id\":\"https:\\\/\\\/secure.gravatar.com\\\/avatar\\\/ac5001d2a36cb6c6cd3e50789007ffca834b477b74a2144564522e944eabff61?s=96&d=mm&r=g\",\"url\":\"https:\\\/\\\/secure.gravatar.com\\\/avatar\\\/ac5001d2a36cb6c6cd3e50789007ffca834b477b74a2144564522e944eabff61?s=96&d=mm&r=g\",\"contentUrl\":\"https:\\\/\\\/secure.gravatar.com\\\/avatar\\\/ac5001d2a36cb6c6cd3e50789007ffca834b477b74a2144564522e944eabff61?s=96&d=mm&r=g\",\"caption\":\"thomas.berner\"},\"url\":\"https:\\\/\\\/www.organisator.ch\\\/it\\\/author\\\/thomas-berner\\\/\"}]}<\/script>\n<!-- \/ Yoast SEO plugin. -->","yoast_head_json":{"title":"Reinventare il business - Organizzatore","description":"L'editore Frankfurter Allgemeine Buch descrive il libro di pensiero e di lavoro intitolato \"Reinventare le aziende\" come una \"novit\u00e0 nel mondo dei libri concettuali e dei concept book\".","robots":{"index":"index","follow":"follow","max-snippet":"max-snippet:-1","max-image-preview":"max-image-preview:large","max-video-preview":"max-video-preview:-1"},"canonical":"https:\/\/www.organisator.ch\/it\/gestione-2\/2018-05-16\/unternehmen-neu-erfinden\/","og_locale":"it_IT","og_type":"article","og_title":"Buchtipp: Unternehmen neu erfinden","og_description":"Als \u201eNovum in der Welt der Konzeptb\u00fccher und Buchkonzepte\u201c beschreibt der Verlag Frankfurter Allgemeine Buch das Denk- und #Arbeitsbuch mit dem Titel \u201eUnternehmen neu erfinden\u201c.","og_url":"https:\/\/www.organisator.ch\/it\/gestione-2\/2018-05-16\/unternehmen-neu-erfinden\/","og_site_name":"Organisator","article_publisher":"https:\/\/www.facebook.com\/OrganisatorFachmagazin","article_published_time":"2018-05-16T06:11:06+00:00","og_image":[{"width":428,"height":640,"url":"https:\/\/www.organisator.ch\/wp-content\/uploads\/2018\/05\/Buchtipp-Unternehmen-neu-erfinden-1_Organisator.png","type":"image\/png"}],"author":"thomas.berner","twitter_card":"summary_large_image","twitter_title":"Buchtipp: #Unternehmen-neu-erfinden","twitter_description":"Als \u201eNovum in der Welt der Konzeptb\u00fccher und Buchkonzepte\u201c beschreibt der Verlag Frankfurter Allgemeine Buch das Denk- und #Arbeitsbuch mit dem Titel \u201eUnternehmen neu erfinden\u201c.","twitter_image":"https:\/\/www.organisator.ch\/wp-content\/uploads\/2018\/05\/Buchtipp-Unternehmen-neu-erfinden-1_Organisator.png","schema":{"@context":"https:\/\/schema.org","@graph":[{"@type":"Article","@id":"https:\/\/www.organisator.ch\/management\/2018-05-16\/unternehmen-neu-erfinden\/#article","isPartOf":{"@id":"https:\/\/www.organisator.ch\/management\/2018-05-16\/unternehmen-neu-erfinden\/"},"author":{"name":"thomas.berner","@id":"https:\/\/www.organisator.ch\/#\/schema\/person\/6f650f90b2842cd4c0cc334b4e36f67e"},"headline":"Unternehmen neu erfinden","datePublished":"2018-05-16T06:11:06+00:00","mainEntityOfPage":{"@id":"https:\/\/www.organisator.ch\/management\/2018-05-16\/unternehmen-neu-erfinden\/"},"wordCount":305,"commentCount":0,"publisher":{"@id":"https:\/\/www.organisator.ch\/#organization"},"image":{"@id":"https:\/\/www.organisator.ch\/management\/2018-05-16\/unternehmen-neu-erfinden\/#primaryimage"},"thumbnailUrl":"https:\/\/www.organisator.ch\/wp-content\/uploads\/2018\/05\/Buchtipp-Unternehmen-neu-erfinden-1_Organisator.png","keywords":["Buch","Buchtipps","Business Excellence","Management und Unternehmensf\u00fchrung","Wissenschaft"],"articleSection":["MANAGEMENT"],"inLanguage":"it-IT"},{"@type":"WebPage","@id":"https:\/\/www.organisator.ch\/management\/2018-05-16\/unternehmen-neu-erfinden\/","url":"https:\/\/www.organisator.ch\/management\/2018-05-16\/unternehmen-neu-erfinden\/","name":"Reinventare il business - Organizzatore","isPartOf":{"@id":"https:\/\/www.organisator.ch\/#website"},"primaryImageOfPage":{"@id":"https:\/\/www.organisator.ch\/management\/2018-05-16\/unternehmen-neu-erfinden\/#primaryimage"},"image":{"@id":"https:\/\/www.organisator.ch\/management\/2018-05-16\/unternehmen-neu-erfinden\/#primaryimage"},"thumbnailUrl":"https:\/\/www.organisator.ch\/wp-content\/uploads\/2018\/05\/Buchtipp-Unternehmen-neu-erfinden-1_Organisator.png","datePublished":"2018-05-16T06:11:06+00:00","description":"L'editore Frankfurter Allgemeine Buch descrive il libro di pensiero e di lavoro intitolato \"Reinventare le aziende\" come una \"novit\u00e0 nel mondo dei libri concettuali e dei concept book\".","breadcrumb":{"@id":"https:\/\/www.organisator.ch\/management\/2018-05-16\/unternehmen-neu-erfinden\/#breadcrumb"},"inLanguage":"it-IT","potentialAction":[{"@type":"ReadAction","target":["https:\/\/www.organisator.ch\/management\/2018-05-16\/unternehmen-neu-erfinden\/"]}]},{"@type":"ImageObject","inLanguage":"it-IT","@id":"https:\/\/www.organisator.ch\/management\/2018-05-16\/unternehmen-neu-erfinden\/#primaryimage","url":"https:\/\/www.organisator.ch\/wp-content\/uploads\/2018\/05\/Buchtipp-Unternehmen-neu-erfinden-1_Organisator.png","contentUrl":"https:\/\/www.organisator.ch\/wp-content\/uploads\/2018\/05\/Buchtipp-Unternehmen-neu-erfinden-1_Organisator.png","width":428,"height":640,"caption":"Unternehmen neu erfinden: Ein neues Buch setzt das St.Galler Konzept praktisch um. (Bild: Pressedienst St.Galler Business School)"},{"@type":"BreadcrumbList","@id":"https:\/\/www.organisator.ch\/management\/2018-05-16\/unternehmen-neu-erfinden\/#breadcrumb","itemListElement":[{"@type":"ListItem","position":1,"name":"Home","item":"https:\/\/www.organisator.ch\/"},{"@type":"ListItem","position":2,"name":"Unternehmen neu erfinden"}]},{"@type":"WebSite","@id":"https:\/\/www.organisator.ch\/#website","url":"https:\/\/www.organisator.ch\/","name":"Organizzatore","description":"Competente. Pratico. In 10 numeri all'anno, ORGANISATOR presenta i temi essenziali per i manager delle PMI.","publisher":{"@id":"https:\/\/www.organisator.ch\/#organization"},"potentialAction":[{"@type":"SearchAction","target":{"@type":"EntryPoint","urlTemplate":"https:\/\/www.organisator.ch\/?s={search_term_string}"},"query-input":{"@type":"PropertyValueSpecification","valueRequired":true,"valueName":"search_term_string"}}],"inLanguage":"it-IT"},{"@type":"Organization","@id":"https:\/\/www.organisator.ch\/#organization","name":"Organizzatore","url":"https:\/\/www.organisator.ch\/","logo":{"@type":"ImageObject","inLanguage":"it-IT","@id":"https:\/\/www.organisator.ch\/#\/schema\/logo\/image\/","url":"https:\/\/www.organisator.ch\/wp-content\/uploads\/2022\/01\/Logo_Organisator_Website.png","contentUrl":"https:\/\/www.organisator.ch\/wp-content\/uploads\/2022\/01\/Logo_Organisator_Website.png","width":800,"height":77,"caption":"Organisator"},"image":{"@id":"https:\/\/www.organisator.ch\/#\/schema\/logo\/image\/"},"sameAs":["https:\/\/www.facebook.com\/OrganisatorFachmagazin","https:\/\/www.linkedin.com\/showcase\/organisator-das-magazin-fr-kmu","https:\/\/www.xing.com\/news\/pages\/organisator-ch-695","https:\/\/www.youtube.com\/channel\/UCGP2Sq0iWaZwT3BdIAQFYpw"]},{"@type":"Person","@id":"https:\/\/www.organisator.ch\/#\/schema\/person\/6f650f90b2842cd4c0cc334b4e36f67e","name":"Tommaso.berner","image":{"@type":"ImageObject","inLanguage":"it-IT","@id":"https:\/\/secure.gravatar.com\/avatar\/ac5001d2a36cb6c6cd3e50789007ffca834b477b74a2144564522e944eabff61?s=96&d=mm&r=g","url":"https:\/\/secure.gravatar.com\/avatar\/ac5001d2a36cb6c6cd3e50789007ffca834b477b74a2144564522e944eabff61?s=96&d=mm&r=g","contentUrl":"https:\/\/secure.gravatar.com\/avatar\/ac5001d2a36cb6c6cd3e50789007ffca834b477b74a2144564522e944eabff61?s=96&d=mm&r=g","caption":"thomas.berner"},"url":"https:\/\/www.organisator.ch\/it\/author\/thomas-berner\/"}]}},"_links":{"self":[{"href":"https:\/\/www.organisator.ch\/it\/wp-json\/wp\/v2\/posts\/3589","targetHints":{"allow":["GET"]}}],"collection":[{"href":"https:\/\/www.organisator.ch\/it\/wp-json\/wp\/v2\/posts"}],"about":[{"href":"https:\/\/www.organisator.ch\/it\/wp-json\/wp\/v2\/types\/post"}],"author":[{"embeddable":true,"href":"https:\/\/www.organisator.ch\/it\/wp-json\/wp\/v2\/users\/4"}],"replies":[{"embeddable":true,"href":"https:\/\/www.organisator.ch\/it\/wp-json\/wp\/v2\/comments?post=3589"}],"version-history":[{"count":0,"href":"https:\/\/www.organisator.ch\/it\/wp-json\/wp\/v2\/posts\/3589\/revisions"}],"wp:featuredmedia":[{"embeddable":true,"href":"https:\/\/www.organisator.ch\/it\/wp-json\/wp\/v2\/media\/3590"}],"wp:attachment":[{"href":"https:\/\/www.organisator.ch\/it\/wp-json\/wp\/v2\/media?parent=3589"}],"wp:term":[{"taxonomy":"category","embeddable":true,"href":"https:\/\/www.organisator.ch\/it\/wp-json\/wp\/v2\/categories?post=3589"},{"taxonomy":"post_tag","embeddable":true,"href":"https:\/\/www.organisator.ch\/it\/wp-json\/wp\/v2\/tags?post=3589"}],"curies":[{"name":"wp","href":"https:\/\/api.w.org\/{rel}","templated":true}]}}