{"id":359,"date":"2016-11-22T14:36:41","date_gmt":"2016-11-22T13:36:41","guid":{"rendered":"http:\/\/dev.organisator.ch\/?p=359"},"modified":"2016-11-22T14:36:41","modified_gmt":"2016-11-22T13:36:41","slug":"xing-buendelt-kraefte-mit-hq-in-zuerich","status":"publish","type":"post","link":"https:\/\/www.organisator.ch\/it\/allgemein\/2016-11-22\/xing-buendelt-kraefte-mit-hq-in-zuerich\/","title":{"rendered":"XING unisce le forze con un quartier generale a Zurigo"},"content":{"rendered":"<figure id=\"attachment_360\" aria-describedby=\"caption-attachment-360\" style=\"width: 415px\" class=\"wp-caption alignnone\"><img loading=\"lazy\" decoding=\"async\" class=\"size-full wp-image-360\" src=\"https:\/\/www.organisator.ch\/wp-content\/uploads\/2016\/12\/XING-buendelt-Kraefte-mit-HQ-in-Zuerich-organisator.jpg\" alt=\"\" width=\"415\" height=\"336\" srcset=\"https:\/\/www.organisator.ch\/wp-content\/uploads\/2016\/12\/XING-buendelt-Kraefte-mit-HQ-in-Zuerich-organisator.jpg 415w, https:\/\/www.organisator.ch\/wp-content\/uploads\/2016\/12\/XING-buendelt-Kraefte-mit-HQ-in-Zuerich-organisator-16x12.jpg 16w, https:\/\/www.organisator.ch\/wp-content\/uploads\/2016\/12\/XING-buendelt-Kraefte-mit-HQ-in-Zuerich-organisator-216x175.jpg 216w, https:\/\/www.organisator.ch\/wp-content\/uploads\/2016\/12\/XING-buendelt-Kraefte-mit-HQ-in-Zuerich-organisator-300x243.jpg 300w\" sizes=\"auto, (max-width: 415px) 100vw, 415px\" \/><figcaption id=\"caption-attachment-360\" class=\"wp-caption-text\">Yves Schneuwly \u00e8 il nuovo country manager di XING E-Recruiting. (Immagine: zVg)<\/figcaption><\/figure>\n<p>Un totale di 17 dipendenti XING guider\u00e0 l'espansione di XING in Svizzera dal nuovo ufficio nel centro di Zurigo. Commentando il trasferimento nell'ufficio condiviso in Gartenstrasse 25, l'amministratore delegato di XING Svizzera Ren\u00e9 Maeder dice: \"Costruendo un team di prima classe l'anno scorso, abbiamo creato le basi per l'attuazione di successo della nostra strategia locale. Il raggruppamento di tutte le aree di business di XING in un indirizzo centrale \u00e8 un altro passo importante per rafforzare la nostra presenza in Svizzera e allineare coerentemente la nostra offerta alle esigenze del mercato locale\".<\/p>\n<p><strong>Nuovo country manager<\/strong><\/p>\n<p>Anche il team svizzero di XING E-Recruiting si trasferisce all'indirizzo condiviso. Con l'arrivo di Yves Schneuwly come Country Manager per l'E-Recruiting in Svizzera, anche quest'area clienti sar\u00e0 ulteriormente rafforzata a partire dal 1\u00b0 dicembre. Schneuwly ha molti anni di esperienza nel settore dei talenti e si unisce a XING da Universum, specialista dell'employer branding, dove ha gestito l'attivit\u00e0 dell'azienda in Svizzera.<\/p>\n<p>Anche il team di Eqipia, lo specialista svizzero delle raccomandazioni ai dipendenti acquisito da XING nell'aprile di quest'anno, si trasferisce nel nuovo ufficio.<\/p>\n<p><a href=\"http:\/\/www.xing.com\" target=\"_blank\" rel=\"noreferrer noopener\" data-cke-saved-href=\"http:\/\/www.xing.com\">http:\/\/www.xing.com<\/a><\/p>","protected":false},"excerpt":{"rendered":"<p>Insgesamt 17 XING-Mitarbeiter werden den Ausbau von XING in der Schweiz aus dem neuen Office in der Z\u00fcrcher Innenstadt vorantreiben. Zum Bezug des gemeinsamen B\u00fcros an der Gartenstrasse 25 sagt XING Schweiz-Gesch\u00e4ftsf\u00fchrer Ren\u00e9 Maeder: \u201e Mit dem Aufbau eines hochkar\u00e4tigen Teams haben wir im vergangenen Jahr die Basis f\u00fcr die erfolgreiche Umsetzung unserer lokalen Strategie [&hellip;]<\/p>\n","protected":false},"author":1,"featured_media":360,"comment_status":"open","ping_status":"open","sticky":false,"template":"","format":"standard","meta":{"_acf_changed":false,"_yoast_wpseo_focuskw":"XING Z\u00fcrich","_yoast_wpseo_metadesc":"Im neuen Z\u00fcrcher B\u00fcro arbeiten neben dem XING Schweiz-Team rund um Gesch\u00e4ftsf\u00fchrer Ren\u00e9 Maeder auch die Kollegen aus dem Bereich E-Recruiting.","articlekey":"","footnotes":""},"categories":[1],"tags":[294,381],"class_list":["post-359","post","type-post","status-publish","format-standard","has-post-thumbnail","hentry","category-allgemein","tag-karriere","tag-personalia"],"acf":[],"yoast_head":"<!-- This site is optimized with the Yoast SEO plugin v27.5 - https:\/\/yoast.com\/product\/yoast-seo-wordpress\/ -->\n<title>XING b\u00fcndelt Kr\u00e4fte mit HQ in Z\u00fcrich - Organisator<\/title>\n<meta name=\"description\" content=\"Im neuen Z\u00fcrcher B\u00fcro arbeiten neben dem XING Schweiz-Team rund um Gesch\u00e4ftsf\u00fchrer Ren\u00e9 Maeder auch die Kollegen aus dem Bereich E-Recruiting.\" \/>\n<meta name=\"robots\" content=\"index, follow, max-snippet:-1, max-image-preview:large, max-video-preview:-1\" \/>\n<link rel=\"canonical\" href=\"https:\/\/www.organisator.ch\/it\/generale\/2016-11-22\/xing-buendelt-kraefte-mit-hq-in-zuerich\/\" \/>\n<meta property=\"og:locale\" content=\"it_IT\" \/>\n<meta property=\"og:type\" content=\"article\" \/>\n<meta property=\"og:title\" content=\"XING b\u00fcndelt Kr\u00e4fte mit HQ in Z\u00fcrich\" \/>\n<meta property=\"og:description\" content=\"Das Online-Netzwerk XING bringt alle Mitarbeiter in der Schweiz unter einem gemeinsamen Dach zusammen. Im neuen Z\u00fcrcher B\u00fcro arbeiten neben dem XING Schweiz-Team rund um Gesch\u00e4ftsf\u00fchrer Ren\u00e9 Maeder auch die Kollegen aus dem Bereich E-Recruiting. Dieser wird zum 1. Dezember mit Yves Schneuwly als neuem L\u00e4nderverantwortlichen weiter verst\u00e4rkt.\" \/>\n<meta property=\"og:url\" content=\"https:\/\/www.organisator.ch\/it\/generale\/2016-11-22\/xing-buendelt-kraefte-mit-hq-in-zuerich\/\" \/>\n<meta property=\"og:site_name\" content=\"Organisator\" \/>\n<meta property=\"article:publisher\" content=\"https:\/\/www.facebook.com\/OrganisatorFachmagazin\" \/>\n<meta property=\"article:published_time\" content=\"2016-11-22T13:36:41+00:00\" \/>\n<meta name=\"author\" content=\"admin\" \/>\n<meta name=\"twitter:card\" content=\"summary_large_image\" \/>\n<meta name=\"twitter:image\" content=\"https:\/\/www.organisator.ch\/wp-content\/uploads\/2016\/12\/XING-buendelt-Kraefte-mit-HQ-in-Zuerich-organisator.jpg\" \/>\n<script type=\"application\/ld+json\" class=\"yoast-schema-graph\">{\"@context\":\"https:\\\/\\\/schema.org\",\"@graph\":[{\"@type\":\"Article\",\"@id\":\"https:\\\/\\\/www.organisator.ch\\\/de\\\/allgemein\\\/2016-11-22\\\/xing-buendelt-kraefte-mit-hq-in-zuerich\\\/#article\",\"isPartOf\":{\"@id\":\"https:\\\/\\\/www.organisator.ch\\\/de\\\/allgemein\\\/2016-11-22\\\/xing-buendelt-kraefte-mit-hq-in-zuerich\\\/\"},\"author\":{\"name\":\"admin\",\"@id\":\"https:\\\/\\\/www.organisator.ch\\\/#\\\/schema\\\/person\\\/aa2bace6c5c5aad60102004a50c4eb1c\"},\"headline\":\"XING b\u00fcndelt Kr\u00e4fte mit HQ in Z\u00fcrich\",\"datePublished\":\"2016-11-22T13:36:41+00:00\",\"mainEntityOfPage\":{\"@id\":\"https:\\\/\\\/www.organisator.ch\\\/de\\\/allgemein\\\/2016-11-22\\\/xing-buendelt-kraefte-mit-hq-in-zuerich\\\/\"},\"wordCount\":218,\"commentCount\":0,\"publisher\":{\"@id\":\"https:\\\/\\\/www.organisator.ch\\\/#organization\"},\"image\":{\"@id\":\"https:\\\/\\\/www.organisator.ch\\\/de\\\/allgemein\\\/2016-11-22\\\/xing-buendelt-kraefte-mit-hq-in-zuerich\\\/#primaryimage\"},\"thumbnailUrl\":\"https:\\\/\\\/www.organisator.ch\\\/wp-content\\\/uploads\\\/2016\\\/12\\\/XING-buendelt-Kraefte-mit-HQ-in-Zuerich-organisator.jpg\",\"keywords\":[\"Karriere\",\"Personalia\"],\"articleSection\":[\"Allgemein\"],\"inLanguage\":\"it-IT\"},{\"@type\":\"WebPage\",\"@id\":\"https:\\\/\\\/www.organisator.ch\\\/de\\\/allgemein\\\/2016-11-22\\\/xing-buendelt-kraefte-mit-hq-in-zuerich\\\/\",\"url\":\"https:\\\/\\\/www.organisator.ch\\\/de\\\/allgemein\\\/2016-11-22\\\/xing-buendelt-kraefte-mit-hq-in-zuerich\\\/\",\"name\":\"XING b\u00fcndelt Kr\u00e4fte mit HQ in Z\u00fcrich - Organisator\",\"isPartOf\":{\"@id\":\"https:\\\/\\\/www.organisator.ch\\\/#website\"},\"primaryImageOfPage\":{\"@id\":\"https:\\\/\\\/www.organisator.ch\\\/de\\\/allgemein\\\/2016-11-22\\\/xing-buendelt-kraefte-mit-hq-in-zuerich\\\/#primaryimage\"},\"image\":{\"@id\":\"https:\\\/\\\/www.organisator.ch\\\/de\\\/allgemein\\\/2016-11-22\\\/xing-buendelt-kraefte-mit-hq-in-zuerich\\\/#primaryimage\"},\"thumbnailUrl\":\"https:\\\/\\\/www.organisator.ch\\\/wp-content\\\/uploads\\\/2016\\\/12\\\/XING-buendelt-Kraefte-mit-HQ-in-Zuerich-organisator.jpg\",\"datePublished\":\"2016-11-22T13:36:41+00:00\",\"description\":\"Im neuen Z\u00fcrcher B\u00fcro arbeiten neben dem XING Schweiz-Team rund um Gesch\u00e4ftsf\u00fchrer Ren\u00e9 Maeder auch die Kollegen aus dem Bereich E-Recruiting.\",\"breadcrumb\":{\"@id\":\"https:\\\/\\\/www.organisator.ch\\\/de\\\/allgemein\\\/2016-11-22\\\/xing-buendelt-kraefte-mit-hq-in-zuerich\\\/#breadcrumb\"},\"inLanguage\":\"it-IT\",\"potentialAction\":[{\"@type\":\"ReadAction\",\"target\":[\"https:\\\/\\\/www.organisator.ch\\\/de\\\/allgemein\\\/2016-11-22\\\/xing-buendelt-kraefte-mit-hq-in-zuerich\\\/\"]}]},{\"@type\":\"ImageObject\",\"inLanguage\":\"it-IT\",\"@id\":\"https:\\\/\\\/www.organisator.ch\\\/de\\\/allgemein\\\/2016-11-22\\\/xing-buendelt-kraefte-mit-hq-in-zuerich\\\/#primaryimage\",\"url\":\"https:\\\/\\\/www.organisator.ch\\\/wp-content\\\/uploads\\\/2016\\\/12\\\/XING-buendelt-Kraefte-mit-HQ-in-Zuerich-organisator.jpg\",\"contentUrl\":\"https:\\\/\\\/www.organisator.ch\\\/wp-content\\\/uploads\\\/2016\\\/12\\\/XING-buendelt-Kraefte-mit-HQ-in-Zuerich-organisator.jpg\",\"width\":415,\"height\":336,\"caption\":\"Yves Schneuwly neuer L\u00e4nderverantwortlicher f\u00fcr XING E-Recruiting. (Bild: zVg)\"},{\"@type\":\"BreadcrumbList\",\"@id\":\"https:\\\/\\\/www.organisator.ch\\\/de\\\/allgemein\\\/2016-11-22\\\/xing-buendelt-kraefte-mit-hq-in-zuerich\\\/#breadcrumb\",\"itemListElement\":[{\"@type\":\"ListItem\",\"position\":1,\"name\":\"Home\",\"item\":\"https:\\\/\\\/www.organisator.ch\\\/\"},{\"@type\":\"ListItem\",\"position\":2,\"name\":\"XING b\u00fcndelt Kr\u00e4fte mit HQ in Z\u00fcrich\"}]},{\"@type\":\"WebSite\",\"@id\":\"https:\\\/\\\/www.organisator.ch\\\/#website\",\"url\":\"https:\\\/\\\/www.organisator.ch\\\/\",\"name\":\"Organisator\",\"description\":\"Kompetent. Praxisnah. Der ORGANISATOR bereitet in 10 Ausgaben pro Jahr die wesentlichen Themen f\u00fcr F\u00fchrungskr\u00e4fte von KMU auf.\",\"publisher\":{\"@id\":\"https:\\\/\\\/www.organisator.ch\\\/#organization\"},\"potentialAction\":[{\"@type\":\"SearchAction\",\"target\":{\"@type\":\"EntryPoint\",\"urlTemplate\":\"https:\\\/\\\/www.organisator.ch\\\/?s={search_term_string}\"},\"query-input\":{\"@type\":\"PropertyValueSpecification\",\"valueRequired\":true,\"valueName\":\"search_term_string\"}}],\"inLanguage\":\"it-IT\"},{\"@type\":\"Organization\",\"@id\":\"https:\\\/\\\/www.organisator.ch\\\/#organization\",\"name\":\"Organisator\",\"url\":\"https:\\\/\\\/www.organisator.ch\\\/\",\"logo\":{\"@type\":\"ImageObject\",\"inLanguage\":\"it-IT\",\"@id\":\"https:\\\/\\\/www.organisator.ch\\\/#\\\/schema\\\/logo\\\/image\\\/\",\"url\":\"https:\\\/\\\/www.organisator.ch\\\/wp-content\\\/uploads\\\/2022\\\/01\\\/Logo_Organisator_Website.png\",\"contentUrl\":\"https:\\\/\\\/www.organisator.ch\\\/wp-content\\\/uploads\\\/2022\\\/01\\\/Logo_Organisator_Website.png\",\"width\":800,\"height\":77,\"caption\":\"Organisator\"},\"image\":{\"@id\":\"https:\\\/\\\/www.organisator.ch\\\/#\\\/schema\\\/logo\\\/image\\\/\"},\"sameAs\":[\"https:\\\/\\\/www.facebook.com\\\/OrganisatorFachmagazin\",\"https:\\\/\\\/www.linkedin.com\\\/showcase\\\/organisator-das-magazin-fr-kmu\",\"https:\\\/\\\/www.xing.com\\\/news\\\/pages\\\/organisator-ch-695\",\"https:\\\/\\\/www.youtube.com\\\/channel\\\/UCGP2Sq0iWaZwT3BdIAQFYpw\"]},{\"@type\":\"Person\",\"@id\":\"https:\\\/\\\/www.organisator.ch\\\/#\\\/schema\\\/person\\\/aa2bace6c5c5aad60102004a50c4eb1c\",\"name\":\"admin\",\"image\":{\"@type\":\"ImageObject\",\"inLanguage\":\"it-IT\",\"@id\":\"https:\\\/\\\/secure.gravatar.com\\\/avatar\\\/ae2f4d718e6c49043e314ce431e7e645d646302a24a5ef5a8bc8e3f5a032e319?s=96&d=mm&r=g\",\"url\":\"https:\\\/\\\/secure.gravatar.com\\\/avatar\\\/ae2f4d718e6c49043e314ce431e7e645d646302a24a5ef5a8bc8e3f5a032e319?s=96&d=mm&r=g\",\"contentUrl\":\"https:\\\/\\\/secure.gravatar.com\\\/avatar\\\/ae2f4d718e6c49043e314ce431e7e645d646302a24a5ef5a8bc8e3f5a032e319?s=96&d=mm&r=g\",\"caption\":\"admin\"},\"sameAs\":[\"https:\\\/\\\/www.organisator.ch\"],\"url\":\"https:\\\/\\\/www.organisator.ch\\\/it\\\/author\\\/admin\\\/\"}]}<\/script>\n<!-- \/ Yoast SEO plugin. -->","yoast_head_json":{"title":"XING unisce le forze con la sede centrale di Zurigo - Organizzatore","description":"Oltre al team di XING Svizzera che ruota attorno all'amministratore delegato Ren\u00e9 Maeder, nel nuovo ufficio di Zurigo lavorano anche i colleghi della divisione E-Recruiting.","robots":{"index":"index","follow":"follow","max-snippet":"max-snippet:-1","max-image-preview":"max-image-preview:large","max-video-preview":"max-video-preview:-1"},"canonical":"https:\/\/www.organisator.ch\/it\/generale\/2016-11-22\/xing-buendelt-kraefte-mit-hq-in-zuerich\/","og_locale":"it_IT","og_type":"article","og_title":"XING b\u00fcndelt Kr\u00e4fte mit HQ in Z\u00fcrich","og_description":"Das Online-Netzwerk XING bringt alle Mitarbeiter in der Schweiz unter einem gemeinsamen Dach zusammen. Im neuen Z\u00fcrcher B\u00fcro arbeiten neben dem XING Schweiz-Team rund um Gesch\u00e4ftsf\u00fchrer Ren\u00e9 Maeder auch die Kollegen aus dem Bereich E-Recruiting. Dieser wird zum 1. Dezember mit Yves Schneuwly als neuem L\u00e4nderverantwortlichen weiter verst\u00e4rkt.","og_url":"https:\/\/www.organisator.ch\/it\/generale\/2016-11-22\/xing-buendelt-kraefte-mit-hq-in-zuerich\/","og_site_name":"Organisator","article_publisher":"https:\/\/www.facebook.com\/OrganisatorFachmagazin","article_published_time":"2016-11-22T13:36:41+00:00","author":"admin","twitter_card":"summary_large_image","twitter_image":"https:\/\/www.organisator.ch\/wp-content\/uploads\/2016\/12\/XING-buendelt-Kraefte-mit-HQ-in-Zuerich-organisator.jpg","schema":{"@context":"https:\/\/schema.org","@graph":[{"@type":"Article","@id":"https:\/\/www.organisator.ch\/de\/allgemein\/2016-11-22\/xing-buendelt-kraefte-mit-hq-in-zuerich\/#article","isPartOf":{"@id":"https:\/\/www.organisator.ch\/de\/allgemein\/2016-11-22\/xing-buendelt-kraefte-mit-hq-in-zuerich\/"},"author":{"name":"admin","@id":"https:\/\/www.organisator.ch\/#\/schema\/person\/aa2bace6c5c5aad60102004a50c4eb1c"},"headline":"XING b\u00fcndelt Kr\u00e4fte mit HQ in Z\u00fcrich","datePublished":"2016-11-22T13:36:41+00:00","mainEntityOfPage":{"@id":"https:\/\/www.organisator.ch\/de\/allgemein\/2016-11-22\/xing-buendelt-kraefte-mit-hq-in-zuerich\/"},"wordCount":218,"commentCount":0,"publisher":{"@id":"https:\/\/www.organisator.ch\/#organization"},"image":{"@id":"https:\/\/www.organisator.ch\/de\/allgemein\/2016-11-22\/xing-buendelt-kraefte-mit-hq-in-zuerich\/#primaryimage"},"thumbnailUrl":"https:\/\/www.organisator.ch\/wp-content\/uploads\/2016\/12\/XING-buendelt-Kraefte-mit-HQ-in-Zuerich-organisator.jpg","keywords":["Karriere","Personalia"],"articleSection":["Allgemein"],"inLanguage":"it-IT"},{"@type":"WebPage","@id":"https:\/\/www.organisator.ch\/de\/allgemein\/2016-11-22\/xing-buendelt-kraefte-mit-hq-in-zuerich\/","url":"https:\/\/www.organisator.ch\/de\/allgemein\/2016-11-22\/xing-buendelt-kraefte-mit-hq-in-zuerich\/","name":"XING unisce le forze con la sede centrale di Zurigo - Organizzatore","isPartOf":{"@id":"https:\/\/www.organisator.ch\/#website"},"primaryImageOfPage":{"@id":"https:\/\/www.organisator.ch\/de\/allgemein\/2016-11-22\/xing-buendelt-kraefte-mit-hq-in-zuerich\/#primaryimage"},"image":{"@id":"https:\/\/www.organisator.ch\/de\/allgemein\/2016-11-22\/xing-buendelt-kraefte-mit-hq-in-zuerich\/#primaryimage"},"thumbnailUrl":"https:\/\/www.organisator.ch\/wp-content\/uploads\/2016\/12\/XING-buendelt-Kraefte-mit-HQ-in-Zuerich-organisator.jpg","datePublished":"2016-11-22T13:36:41+00:00","description":"Oltre al team di XING Svizzera che ruota attorno all'amministratore delegato Ren\u00e9 Maeder, nel nuovo ufficio di Zurigo lavorano anche i colleghi della divisione E-Recruiting.","breadcrumb":{"@id":"https:\/\/www.organisator.ch\/de\/allgemein\/2016-11-22\/xing-buendelt-kraefte-mit-hq-in-zuerich\/#breadcrumb"},"inLanguage":"it-IT","potentialAction":[{"@type":"ReadAction","target":["https:\/\/www.organisator.ch\/de\/allgemein\/2016-11-22\/xing-buendelt-kraefte-mit-hq-in-zuerich\/"]}]},{"@type":"ImageObject","inLanguage":"it-IT","@id":"https:\/\/www.organisator.ch\/de\/allgemein\/2016-11-22\/xing-buendelt-kraefte-mit-hq-in-zuerich\/#primaryimage","url":"https:\/\/www.organisator.ch\/wp-content\/uploads\/2016\/12\/XING-buendelt-Kraefte-mit-HQ-in-Zuerich-organisator.jpg","contentUrl":"https:\/\/www.organisator.ch\/wp-content\/uploads\/2016\/12\/XING-buendelt-Kraefte-mit-HQ-in-Zuerich-organisator.jpg","width":415,"height":336,"caption":"Yves Schneuwly neuer L\u00e4nderverantwortlicher f\u00fcr XING E-Recruiting. (Bild: zVg)"},{"@type":"BreadcrumbList","@id":"https:\/\/www.organisator.ch\/de\/allgemein\/2016-11-22\/xing-buendelt-kraefte-mit-hq-in-zuerich\/#breadcrumb","itemListElement":[{"@type":"ListItem","position":1,"name":"Home","item":"https:\/\/www.organisator.ch\/"},{"@type":"ListItem","position":2,"name":"XING b\u00fcndelt Kr\u00e4fte mit HQ in Z\u00fcrich"}]},{"@type":"WebSite","@id":"https:\/\/www.organisator.ch\/#website","url":"https:\/\/www.organisator.ch\/","name":"Organizzatore","description":"Competente. Pratico. In 10 numeri all'anno, ORGANISATOR presenta i temi essenziali per i manager delle PMI.","publisher":{"@id":"https:\/\/www.organisator.ch\/#organization"},"potentialAction":[{"@type":"SearchAction","target":{"@type":"EntryPoint","urlTemplate":"https:\/\/www.organisator.ch\/?s={search_term_string}"},"query-input":{"@type":"PropertyValueSpecification","valueRequired":true,"valueName":"search_term_string"}}],"inLanguage":"it-IT"},{"@type":"Organization","@id":"https:\/\/www.organisator.ch\/#organization","name":"Organizzatore","url":"https:\/\/www.organisator.ch\/","logo":{"@type":"ImageObject","inLanguage":"it-IT","@id":"https:\/\/www.organisator.ch\/#\/schema\/logo\/image\/","url":"https:\/\/www.organisator.ch\/wp-content\/uploads\/2022\/01\/Logo_Organisator_Website.png","contentUrl":"https:\/\/www.organisator.ch\/wp-content\/uploads\/2022\/01\/Logo_Organisator_Website.png","width":800,"height":77,"caption":"Organisator"},"image":{"@id":"https:\/\/www.organisator.ch\/#\/schema\/logo\/image\/"},"sameAs":["https:\/\/www.facebook.com\/OrganisatorFachmagazin","https:\/\/www.linkedin.com\/showcase\/organisator-das-magazin-fr-kmu","https:\/\/www.xing.com\/news\/pages\/organisator-ch-695","https:\/\/www.youtube.com\/channel\/UCGP2Sq0iWaZwT3BdIAQFYpw"]},{"@type":"Person","@id":"https:\/\/www.organisator.ch\/#\/schema\/person\/aa2bace6c5c5aad60102004a50c4eb1c","name":"amministratore","image":{"@type":"ImageObject","inLanguage":"it-IT","@id":"https:\/\/secure.gravatar.com\/avatar\/ae2f4d718e6c49043e314ce431e7e645d646302a24a5ef5a8bc8e3f5a032e319?s=96&d=mm&r=g","url":"https:\/\/secure.gravatar.com\/avatar\/ae2f4d718e6c49043e314ce431e7e645d646302a24a5ef5a8bc8e3f5a032e319?s=96&d=mm&r=g","contentUrl":"https:\/\/secure.gravatar.com\/avatar\/ae2f4d718e6c49043e314ce431e7e645d646302a24a5ef5a8bc8e3f5a032e319?s=96&d=mm&r=g","caption":"admin"},"sameAs":["https:\/\/www.organisator.ch"],"url":"https:\/\/www.organisator.ch\/it\/author\/admin\/"}]}},"_links":{"self":[{"href":"https:\/\/www.organisator.ch\/it\/wp-json\/wp\/v2\/posts\/359","targetHints":{"allow":["GET"]}}],"collection":[{"href":"https:\/\/www.organisator.ch\/it\/wp-json\/wp\/v2\/posts"}],"about":[{"href":"https:\/\/www.organisator.ch\/it\/wp-json\/wp\/v2\/types\/post"}],"author":[{"embeddable":true,"href":"https:\/\/www.organisator.ch\/it\/wp-json\/wp\/v2\/users\/1"}],"replies":[{"embeddable":true,"href":"https:\/\/www.organisator.ch\/it\/wp-json\/wp\/v2\/comments?post=359"}],"version-history":[{"count":0,"href":"https:\/\/www.organisator.ch\/it\/wp-json\/wp\/v2\/posts\/359\/revisions"}],"wp:featuredmedia":[{"embeddable":true,"href":"https:\/\/www.organisator.ch\/it\/wp-json\/wp\/v2\/media\/360"}],"wp:attachment":[{"href":"https:\/\/www.organisator.ch\/it\/wp-json\/wp\/v2\/media?parent=359"}],"wp:term":[{"taxonomy":"category","embeddable":true,"href":"https:\/\/www.organisator.ch\/it\/wp-json\/wp\/v2\/categories?post=359"},{"taxonomy":"post_tag","embeddable":true,"href":"https:\/\/www.organisator.ch\/it\/wp-json\/wp\/v2\/tags?post=359"}],"curies":[{"name":"wp","href":"https:\/\/api.w.org\/{rel}","templated":true}]}}