{"id":35909,"date":"2025-02-11T13:48:29","date_gmt":"2025-02-11T12:48:29","guid":{"rendered":"https:\/\/www.m-q.ch\/?p=21064"},"modified":"2025-02-11T13:48:17","modified_gmt":"2025-02-11T12:48:17","slug":"suva-unfallzahlen-bleiben-gesamthaft-stabil","status":"publish","type":"post","link":"https:\/\/www.organisator.ch\/it\/operational-excellence\/2025-02-11\/suva-unfallzahlen-bleiben-gesamthaft-stabil\/","title":{"rendered":"I dati sugli incidenti alla Suva rimangono complessivamente stabili"},"content":{"rendered":"<figure id=\"attachment_21065\" class=\"wp-caption alignnone\" style=\"width: 680px;\" aria-describedby=\"caption-attachment-21065\"><img class=\"wp-image-21065 size-full\" src=\"https:\/\/www.m-q.ch\/wp-content\/uploads\/2025\/02\/Suva_Bild1_ps.jpg\" sizes=\"(max-width: 680px) 100vw, 680px\" srcset=\"https:\/\/www.m-q.ch\/wp-content\/uploads\/2025\/02\/Suva_Bild1_ps.jpg 680w, https:\/\/www.m-q.ch\/wp-content\/uploads\/2025\/02\/Suva_Bild1_ps-18x9.jpg 18w, https:\/\/www.m-q.ch\/wp-content\/uploads\/2025\/02\/Suva_Bild1_ps-375x195.jpg 375w, https:\/\/www.m-q.ch\/wp-content\/uploads\/2025\/02\/Suva_Bild1_ps-674x350.jpg 674w\" alt=\"\" width=\"680\" height=\"353\" \/>\r\n<figcaption id=\"caption-attachment-21065\" class=\"wp-caption-text\">La Suva registra 495.000 incidenti nel 2024, con meno incidenti sul lavoro, pi\u00f9 incidenti nel tempo libero e una chiara attenzione alla prevenzione. (Immagine: Suva)<\/figcaption>\r\n<\/figure>\r\n<p>L'anno scorso gli assicurati della Suva hanno denunciato circa 495.000 infortuni e malattie professionali. La differenza rispetto all'anno precedente \u00e8 minima, con un aumento complessivo dello 0,2%. Gli infortuni sul lavoro e le malattie professionali sono diminuiti del 3,7%, attestandosi a poco meno di 180.000 casi. Gli incidenti nel tempo libero sono invece aumentati del 2,2%, raggiungendo circa 298.000 casi. Il numero di incidenti che hanno coinvolto persone registrate come disoccupate e persone in regime di AI \u00e8 aumentato del 10,9%. Ci\u00f2 si spiega in gran parte con il maggior numero di disoccupati rispetto all'anno precedente.<\/p>\r\n<figure id=\"attachment_21066\" class=\"wp-caption alignnone\" style=\"width: 680px;\" aria-describedby=\"caption-attachment-21066\"><img class=\"size-full wp-image-21066\" src=\"https:\/\/www.m-q.ch\/wp-content\/uploads\/2025\/02\/Suva_Bild2_ps.jpg\" sizes=\"(max-width: 680px) 100vw, 680px\" srcset=\"https:\/\/www.m-q.ch\/wp-content\/uploads\/2025\/02\/Suva_Bild2_ps.jpg 680w, https:\/\/www.m-q.ch\/wp-content\/uploads\/2025\/02\/Suva_Bild2_ps-18x12.jpg 18w, https:\/\/www.m-q.ch\/wp-content\/uploads\/2025\/02\/Suva_Bild2_ps-375x266.jpg 375w, https:\/\/www.m-q.ch\/wp-content\/uploads\/2025\/02\/Suva_Bild2_ps-494x350.jpg 494w\" alt=\"\" width=\"680\" height=\"482\" \/>\r\n<figcaption id=\"caption-attachment-21066\" class=\"wp-caption-text\">Casi registrati alla Suva nell'ambito dell'assicurazione obbligatoria contro gli infortuni. (Immagine: Suva)<\/figcaption>\r\n<\/figure>\r\n<h3><strong>La percentuale di infortuni sul lavoro continua a diminuire<\/strong><\/h3>\r\n<p>\"Le cifre complessive degli infortuni sono rimaste praticamente stabili rispetto all'anno precedente\", afferma Alois F\u00e4ssler, statistico della Suva. \"Il calo degli infortuni sul lavoro \u00e8 particolarmente piacevole\". Mentre un tempo gli incidenti sul lavoro rappresentavano la maggior parte degli infortuni denunciati, dall'inizio degli anni '90 la Suva ha registrato un numero significativamente maggiore di incidenti durante il tempo libero rispetto a quelli sul lavoro. L'anno scorso, il rapporto era di 62% di incidenti nel tempo libero e 38% di incidenti sul lavoro.<\/p>\r\n<p>\"Negli ultimi decenni la sicurezza sul lavoro \u00e8 aumentata in modo significativo, sia grazie al continuo lavoro di prevenzione che alla riduzione dei luoghi di lavoro ad alto rischio di infortunio, ad esempio a causa di processi sempre pi\u00f9 automatizzati\", afferma Alois F\u00e4ssler. \"Le cifre degli infortuni sono pi\u00f9 alte nel settore del tempo libero, perch\u00e9 oggi le persone investono pi\u00f9 tempo nel loro tempo libero attivo e nelle attivit\u00e0 all'aperto\".<\/p>\r\n<h3><strong>Questi sono gli sport con il maggior numero di incidenti<\/strong><\/h3>\r\n<p>In tutto il 2024, la Suva ha registrato il maggior numero di incidenti sportivi durante la pratica del calcio (29.000 \/ 26 % di tutti gli incidenti sportivi), dello sci (14.000 \/ 13 %) e della bicicletta\/mountain bike (5000 \/ 4,6 %). Esistono differenze specifiche di genere. Per gli uomini, l'ordine degli incidenti sportivi pi\u00f9 frequenti corrisponde al risultato complessivo (calcio (31 %), sci (11 %), bicicletta (5 %)), mentre per le donne la maggior parte degli incidenti si \u00e8 verificata durante lo sci (19 %), seguito dalle escursioni in montagna (8 %) e dal gioco del calcio (7 %, soprattutto tra le donne sotto i 30 anni). Le lesioni pi\u00f9 comuni hanno riguardato ginocchia, caviglie e spalle.<\/p>\r\n<h3><strong>La prevenzione degli incidenti paga<\/strong><\/h3>\r\n<p>Oltre alle sofferenze umane, gli incidenti causano anche costi elevati. Per questo motivo la prevenzione, insieme all'assicurazione e alla riabilitazione, \u00e8 una parte importante dei servizi della Suva. La Suva offre diversi programmi di prevenzione e consulenza nell'ambito della sicurezza sul lavoro e del tempo libero, che aiutano a prevenire gli infortuni e le malattie professionali. Allo stesso tempo, le misure promuovono una cultura della sicurezza nelle aziende, sensibilizzano sui pericoli e motivano le persone ad assumersi la responsabilit\u00e0 personale.<\/p>\r\n<p>La Suva presenter\u00e0 informazioni dettagliate sull'esercizio 2024 e sull'impatto degli attuali dati sugli incidenti sull'andamento dei premi in occasione della conferenza stampa annuale che si terr\u00e0 il 13 giugno 2025 a Lucerna.<\/p>\r\n<p><em>Fonte: <a href=\"http:\/\/www.suva.ch\/\">www.suva.ch<\/a><\/em><\/p>\n<p class=\"syndicated-attribution\">Questo articolo \u00e8 apparso originariamente su m-q.ch - <a href=\"https:\/\/www.m-q.ch\/de\/suva-unfallzahlen-bleiben-gesamthaft-stabil\/\" target=\"_blank\">https:\/\/www.m-q.ch\/de\/suva-unfallzahlen-bleiben-gesamthaft-stabil\/<\/a><\/p>","protected":false},"excerpt":{"rendered":"<p>In qualit\u00e0 di maggiore assicuratore infortuni della Svizzera, la Suva assicura circa la met\u00e0 dei lavoratori contro gli infortuni e le malattie professionali. Nel 2024 sono stati denunciati alla Suva circa 495.000 casi. La differenza complessiva rispetto all'anno precedente \u00e8 minima. La percentuale di infortuni sul lavoro ha continuato a diminuire. Molti incidenti possono essere evitati con una prevenzione attiva.<\/p>","protected":false},"author":80,"featured_media":0,"comment_status":"closed","ping_status":"closed","sticky":false,"template":"","format":"standard","meta":{"_acf_changed":false,"_yoast_wpseo_focuskw":"Suva Unfallstatistik 2024","_yoast_wpseo_metadesc":"Die Suva verzeichnet 2024 495'000 Unf\u00e4lle, mit weniger Arbeitsunf\u00e4llen, mehr Freizeitunf\u00e4llen und einem klaren Fokus auf Pr\u00e4vention.","articlekey":"","footnotes":""},"categories":[582],"tags":[388,418,424,463,3820],"class_list":["post-35909","post","type-post","status-publish","format-standard","hentry","category-operational-excellence","tag-praevention","tag-risikomanagement","tag-schweiz","tag-suva","tag-unfallversicherung"],"acf":[],"yoast_head":"<!-- This site is optimized with the Yoast SEO plugin v27.5 - https:\/\/yoast.com\/product\/yoast-seo-wordpress\/ -->\n<title>Suva-Unfallzahlen bleiben gesamthaft stabil - Organisator<\/title>\n<meta name=\"description\" content=\"Die Suva verzeichnet 2024 495&#039;000 Unf\u00e4lle, mit weniger Arbeitsunf\u00e4llen, mehr Freizeitunf\u00e4llen und einem klaren Fokus auf Pr\u00e4vention.\" \/>\n<meta name=\"robots\" content=\"index, follow, max-snippet:-1, max-image-preview:large, max-video-preview:-1\" \/>\n<link rel=\"canonical\" href=\"https:\/\/www.organisator.ch\/it\/eccellenza-operativa\/2025-02-11\/suva-unfallzahlen-bleiben-gesamthaft-stabil\/\" \/>\n<meta property=\"og:locale\" content=\"it_IT\" \/>\n<meta property=\"og:type\" content=\"article\" \/>\n<meta property=\"og:title\" content=\"Suva-Unfallzahlen bleiben gesamthaft stabil - Organisator\" \/>\n<meta property=\"og:description\" content=\"Die Suva verzeichnet 2024 495&#039;000 Unf\u00e4lle, mit weniger Arbeitsunf\u00e4llen, mehr Freizeitunf\u00e4llen und einem klaren Fokus auf Pr\u00e4vention.\" \/>\n<meta property=\"og:url\" content=\"https:\/\/www.organisator.ch\/it\/eccellenza-operativa\/2025-02-11\/suva-unfallzahlen-bleiben-gesamthaft-stabil\/\" \/>\n<meta property=\"og:site_name\" content=\"Organisator\" \/>\n<meta property=\"article:publisher\" content=\"https:\/\/www.facebook.com\/OrganisatorFachmagazin\" \/>\n<meta property=\"article:published_time\" content=\"2025-02-11T12:48:29+00:00\" \/>\n<meta name=\"author\" content=\"Dzana Muminovic\" \/>\n<meta name=\"twitter:card\" content=\"summary_large_image\" \/>\n<script type=\"application\/ld+json\" class=\"yoast-schema-graph\">{\"@context\":\"https:\\\/\\\/schema.org\",\"@graph\":[{\"@type\":\"Article\",\"@id\":\"https:\\\/\\\/www.organisator.ch\\\/operational-excellence\\\/2025-02-11\\\/suva-unfallzahlen-bleiben-gesamthaft-stabil\\\/#article\",\"isPartOf\":{\"@id\":\"https:\\\/\\\/www.organisator.ch\\\/operational-excellence\\\/2025-02-11\\\/suva-unfallzahlen-bleiben-gesamthaft-stabil\\\/\"},\"author\":{\"name\":\"Dzana Muminovic\",\"@id\":\"https:\\\/\\\/www.organisator.ch\\\/#\\\/schema\\\/person\\\/afccda3a71c06d4be2ed9100dd163db7\"},\"headline\":\"Suva-Unfallzahlen bleiben gesamthaft stabil\",\"datePublished\":\"2025-02-11T12:48:29+00:00\",\"mainEntityOfPage\":{\"@id\":\"https:\\\/\\\/www.organisator.ch\\\/operational-excellence\\\/2025-02-11\\\/suva-unfallzahlen-bleiben-gesamthaft-stabil\\\/\"},\"wordCount\":458,\"publisher\":{\"@id\":\"https:\\\/\\\/www.organisator.ch\\\/#organization\"},\"image\":{\"@id\":\"https:\\\/\\\/www.organisator.ch\\\/operational-excellence\\\/2025-02-11\\\/suva-unfallzahlen-bleiben-gesamthaft-stabil\\\/#primaryimage\"},\"thumbnailUrl\":\"https:\\\/\\\/www.m-q.ch\\\/wp-content\\\/uploads\\\/2025\\\/02\\\/Suva_Bild1_ps.jpg\",\"keywords\":[\"Pr\u00e4vention\",\"Risikomanagement\",\"Schweiz\",\"SUVA\",\"Unfallversicherung\"],\"articleSection\":[\"OPERATIONAL EXCELLENCE\"],\"inLanguage\":\"it-IT\"},{\"@type\":\"WebPage\",\"@id\":\"https:\\\/\\\/www.organisator.ch\\\/operational-excellence\\\/2025-02-11\\\/suva-unfallzahlen-bleiben-gesamthaft-stabil\\\/\",\"url\":\"https:\\\/\\\/www.organisator.ch\\\/operational-excellence\\\/2025-02-11\\\/suva-unfallzahlen-bleiben-gesamthaft-stabil\\\/\",\"name\":\"Suva-Unfallzahlen bleiben gesamthaft stabil - Organisator\",\"isPartOf\":{\"@id\":\"https:\\\/\\\/www.organisator.ch\\\/#website\"},\"primaryImageOfPage\":{\"@id\":\"https:\\\/\\\/www.organisator.ch\\\/operational-excellence\\\/2025-02-11\\\/suva-unfallzahlen-bleiben-gesamthaft-stabil\\\/#primaryimage\"},\"image\":{\"@id\":\"https:\\\/\\\/www.organisator.ch\\\/operational-excellence\\\/2025-02-11\\\/suva-unfallzahlen-bleiben-gesamthaft-stabil\\\/#primaryimage\"},\"thumbnailUrl\":\"https:\\\/\\\/www.m-q.ch\\\/wp-content\\\/uploads\\\/2025\\\/02\\\/Suva_Bild1_ps.jpg\",\"datePublished\":\"2025-02-11T12:48:29+00:00\",\"description\":\"Die Suva verzeichnet 2024 495'000 Unf\u00e4lle, mit weniger Arbeitsunf\u00e4llen, mehr Freizeitunf\u00e4llen und einem klaren Fokus auf Pr\u00e4vention.\",\"breadcrumb\":{\"@id\":\"https:\\\/\\\/www.organisator.ch\\\/operational-excellence\\\/2025-02-11\\\/suva-unfallzahlen-bleiben-gesamthaft-stabil\\\/#breadcrumb\"},\"inLanguage\":\"it-IT\",\"potentialAction\":[{\"@type\":\"ReadAction\",\"target\":[\"https:\\\/\\\/www.organisator.ch\\\/operational-excellence\\\/2025-02-11\\\/suva-unfallzahlen-bleiben-gesamthaft-stabil\\\/\"]}]},{\"@type\":\"ImageObject\",\"inLanguage\":\"it-IT\",\"@id\":\"https:\\\/\\\/www.organisator.ch\\\/operational-excellence\\\/2025-02-11\\\/suva-unfallzahlen-bleiben-gesamthaft-stabil\\\/#primaryimage\",\"url\":\"https:\\\/\\\/www.m-q.ch\\\/wp-content\\\/uploads\\\/2025\\\/02\\\/Suva_Bild1_ps.jpg\",\"contentUrl\":\"https:\\\/\\\/www.m-q.ch\\\/wp-content\\\/uploads\\\/2025\\\/02\\\/Suva_Bild1_ps.jpg\"},{\"@type\":\"BreadcrumbList\",\"@id\":\"https:\\\/\\\/www.organisator.ch\\\/operational-excellence\\\/2025-02-11\\\/suva-unfallzahlen-bleiben-gesamthaft-stabil\\\/#breadcrumb\",\"itemListElement\":[{\"@type\":\"ListItem\",\"position\":1,\"name\":\"Home\",\"item\":\"https:\\\/\\\/www.organisator.ch\\\/\"},{\"@type\":\"ListItem\",\"position\":2,\"name\":\"Suva-Unfallzahlen bleiben gesamthaft stabil\"}]},{\"@type\":\"WebSite\",\"@id\":\"https:\\\/\\\/www.organisator.ch\\\/#website\",\"url\":\"https:\\\/\\\/www.organisator.ch\\\/\",\"name\":\"Organisator\",\"description\":\"Kompetent. Praxisnah. Der ORGANISATOR bereitet in 10 Ausgaben pro Jahr die wesentlichen Themen f\u00fcr F\u00fchrungskr\u00e4fte von KMU auf.\",\"publisher\":{\"@id\":\"https:\\\/\\\/www.organisator.ch\\\/#organization\"},\"potentialAction\":[{\"@type\":\"SearchAction\",\"target\":{\"@type\":\"EntryPoint\",\"urlTemplate\":\"https:\\\/\\\/www.organisator.ch\\\/?s={search_term_string}\"},\"query-input\":{\"@type\":\"PropertyValueSpecification\",\"valueRequired\":true,\"valueName\":\"search_term_string\"}}],\"inLanguage\":\"it-IT\"},{\"@type\":\"Organization\",\"@id\":\"https:\\\/\\\/www.organisator.ch\\\/#organization\",\"name\":\"Organisator\",\"url\":\"https:\\\/\\\/www.organisator.ch\\\/\",\"logo\":{\"@type\":\"ImageObject\",\"inLanguage\":\"it-IT\",\"@id\":\"https:\\\/\\\/www.organisator.ch\\\/#\\\/schema\\\/logo\\\/image\\\/\",\"url\":\"https:\\\/\\\/www.organisator.ch\\\/wp-content\\\/uploads\\\/2022\\\/01\\\/Logo_Organisator_Website.png\",\"contentUrl\":\"https:\\\/\\\/www.organisator.ch\\\/wp-content\\\/uploads\\\/2022\\\/01\\\/Logo_Organisator_Website.png\",\"width\":800,\"height\":77,\"caption\":\"Organisator\"},\"image\":{\"@id\":\"https:\\\/\\\/www.organisator.ch\\\/#\\\/schema\\\/logo\\\/image\\\/\"},\"sameAs\":[\"https:\\\/\\\/www.facebook.com\\\/OrganisatorFachmagazin\",\"https:\\\/\\\/www.linkedin.com\\\/showcase\\\/organisator-das-magazin-fr-kmu\",\"https:\\\/\\\/www.xing.com\\\/news\\\/pages\\\/organisator-ch-695\",\"https:\\\/\\\/www.youtube.com\\\/channel\\\/UCGP2Sq0iWaZwT3BdIAQFYpw\"]},{\"@type\":\"Person\",\"@id\":\"https:\\\/\\\/www.organisator.ch\\\/#\\\/schema\\\/person\\\/afccda3a71c06d4be2ed9100dd163db7\",\"name\":\"Dzana Muminovic\",\"image\":{\"@type\":\"ImageObject\",\"inLanguage\":\"it-IT\",\"@id\":\"https:\\\/\\\/secure.gravatar.com\\\/avatar\\\/909c5c71aff4b38e88686f2ab2f1ba152571f394f41ed8bae431ea56ced93050?s=96&d=mm&r=g\",\"url\":\"https:\\\/\\\/secure.gravatar.com\\\/avatar\\\/909c5c71aff4b38e88686f2ab2f1ba152571f394f41ed8bae431ea56ced93050?s=96&d=mm&r=g\",\"contentUrl\":\"https:\\\/\\\/secure.gravatar.com\\\/avatar\\\/909c5c71aff4b38e88686f2ab2f1ba152571f394f41ed8bae431ea56ced93050?s=96&d=mm&r=g\",\"caption\":\"Dzana Muminovic\"},\"url\":\"https:\\\/\\\/www.organisator.ch\\\/it\\\/author\\\/dzana-muminovic\\\/\"}]}<\/script>\n<!-- \/ Yoast SEO plugin. -->","yoast_head_json":{"title":"I dati sugli incidenti alla Suva rimangono complessivamente stabili - organizzatore","description":"La Suva registra 495.000 incidenti nel 2024, con meno incidenti sul lavoro, pi\u00f9 incidenti nel tempo libero e una chiara attenzione alla prevenzione.","robots":{"index":"index","follow":"follow","max-snippet":"max-snippet:-1","max-image-preview":"max-image-preview:large","max-video-preview":"max-video-preview:-1"},"canonical":"https:\/\/www.organisator.ch\/it\/eccellenza-operativa\/2025-02-11\/suva-unfallzahlen-bleiben-gesamthaft-stabil\/","og_locale":"it_IT","og_type":"article","og_title":"Suva-Unfallzahlen bleiben gesamthaft stabil - Organisator","og_description":"Die Suva verzeichnet 2024 495'000 Unf\u00e4lle, mit weniger Arbeitsunf\u00e4llen, mehr Freizeitunf\u00e4llen und einem klaren Fokus auf Pr\u00e4vention.","og_url":"https:\/\/www.organisator.ch\/it\/eccellenza-operativa\/2025-02-11\/suva-unfallzahlen-bleiben-gesamthaft-stabil\/","og_site_name":"Organisator","article_publisher":"https:\/\/www.facebook.com\/OrganisatorFachmagazin","article_published_time":"2025-02-11T12:48:29+00:00","author":"Dzana Muminovic","twitter_card":"summary_large_image","schema":{"@context":"https:\/\/schema.org","@graph":[{"@type":"Article","@id":"https:\/\/www.organisator.ch\/operational-excellence\/2025-02-11\/suva-unfallzahlen-bleiben-gesamthaft-stabil\/#article","isPartOf":{"@id":"https:\/\/www.organisator.ch\/operational-excellence\/2025-02-11\/suva-unfallzahlen-bleiben-gesamthaft-stabil\/"},"author":{"name":"Dzana Muminovic","@id":"https:\/\/www.organisator.ch\/#\/schema\/person\/afccda3a71c06d4be2ed9100dd163db7"},"headline":"Suva-Unfallzahlen bleiben gesamthaft stabil","datePublished":"2025-02-11T12:48:29+00:00","mainEntityOfPage":{"@id":"https:\/\/www.organisator.ch\/operational-excellence\/2025-02-11\/suva-unfallzahlen-bleiben-gesamthaft-stabil\/"},"wordCount":458,"publisher":{"@id":"https:\/\/www.organisator.ch\/#organization"},"image":{"@id":"https:\/\/www.organisator.ch\/operational-excellence\/2025-02-11\/suva-unfallzahlen-bleiben-gesamthaft-stabil\/#primaryimage"},"thumbnailUrl":"https:\/\/www.m-q.ch\/wp-content\/uploads\/2025\/02\/Suva_Bild1_ps.jpg","keywords":["Pr\u00e4vention","Risikomanagement","Schweiz","SUVA","Unfallversicherung"],"articleSection":["OPERATIONAL EXCELLENCE"],"inLanguage":"it-IT"},{"@type":"WebPage","@id":"https:\/\/www.organisator.ch\/operational-excellence\/2025-02-11\/suva-unfallzahlen-bleiben-gesamthaft-stabil\/","url":"https:\/\/www.organisator.ch\/operational-excellence\/2025-02-11\/suva-unfallzahlen-bleiben-gesamthaft-stabil\/","name":"I dati sugli incidenti alla Suva rimangono complessivamente stabili - organizzatore","isPartOf":{"@id":"https:\/\/www.organisator.ch\/#website"},"primaryImageOfPage":{"@id":"https:\/\/www.organisator.ch\/operational-excellence\/2025-02-11\/suva-unfallzahlen-bleiben-gesamthaft-stabil\/#primaryimage"},"image":{"@id":"https:\/\/www.organisator.ch\/operational-excellence\/2025-02-11\/suva-unfallzahlen-bleiben-gesamthaft-stabil\/#primaryimage"},"thumbnailUrl":"https:\/\/www.m-q.ch\/wp-content\/uploads\/2025\/02\/Suva_Bild1_ps.jpg","datePublished":"2025-02-11T12:48:29+00:00","description":"La Suva registra 495.000 incidenti nel 2024, con meno incidenti sul lavoro, pi\u00f9 incidenti nel tempo libero e una chiara attenzione alla prevenzione.","breadcrumb":{"@id":"https:\/\/www.organisator.ch\/operational-excellence\/2025-02-11\/suva-unfallzahlen-bleiben-gesamthaft-stabil\/#breadcrumb"},"inLanguage":"it-IT","potentialAction":[{"@type":"ReadAction","target":["https:\/\/www.organisator.ch\/operational-excellence\/2025-02-11\/suva-unfallzahlen-bleiben-gesamthaft-stabil\/"]}]},{"@type":"ImageObject","inLanguage":"it-IT","@id":"https:\/\/www.organisator.ch\/operational-excellence\/2025-02-11\/suva-unfallzahlen-bleiben-gesamthaft-stabil\/#primaryimage","url":"https:\/\/www.m-q.ch\/wp-content\/uploads\/2025\/02\/Suva_Bild1_ps.jpg","contentUrl":"https:\/\/www.m-q.ch\/wp-content\/uploads\/2025\/02\/Suva_Bild1_ps.jpg"},{"@type":"BreadcrumbList","@id":"https:\/\/www.organisator.ch\/operational-excellence\/2025-02-11\/suva-unfallzahlen-bleiben-gesamthaft-stabil\/#breadcrumb","itemListElement":[{"@type":"ListItem","position":1,"name":"Home","item":"https:\/\/www.organisator.ch\/"},{"@type":"ListItem","position":2,"name":"Suva-Unfallzahlen bleiben gesamthaft stabil"}]},{"@type":"WebSite","@id":"https:\/\/www.organisator.ch\/#website","url":"https:\/\/www.organisator.ch\/","name":"Organizzatore","description":"Competente. Pratico. In 10 numeri all'anno, ORGANISATOR presenta i temi essenziali per i manager delle PMI.","publisher":{"@id":"https:\/\/www.organisator.ch\/#organization"},"potentialAction":[{"@type":"SearchAction","target":{"@type":"EntryPoint","urlTemplate":"https:\/\/www.organisator.ch\/?s={search_term_string}"},"query-input":{"@type":"PropertyValueSpecification","valueRequired":true,"valueName":"search_term_string"}}],"inLanguage":"it-IT"},{"@type":"Organization","@id":"https:\/\/www.organisator.ch\/#organization","name":"Organizzatore","url":"https:\/\/www.organisator.ch\/","logo":{"@type":"ImageObject","inLanguage":"it-IT","@id":"https:\/\/www.organisator.ch\/#\/schema\/logo\/image\/","url":"https:\/\/www.organisator.ch\/wp-content\/uploads\/2022\/01\/Logo_Organisator_Website.png","contentUrl":"https:\/\/www.organisator.ch\/wp-content\/uploads\/2022\/01\/Logo_Organisator_Website.png","width":800,"height":77,"caption":"Organisator"},"image":{"@id":"https:\/\/www.organisator.ch\/#\/schema\/logo\/image\/"},"sameAs":["https:\/\/www.facebook.com\/OrganisatorFachmagazin","https:\/\/www.linkedin.com\/showcase\/organisator-das-magazin-fr-kmu","https:\/\/www.xing.com\/news\/pages\/organisator-ch-695","https:\/\/www.youtube.com\/channel\/UCGP2Sq0iWaZwT3BdIAQFYpw"]},{"@type":"Person","@id":"https:\/\/www.organisator.ch\/#\/schema\/person\/afccda3a71c06d4be2ed9100dd163db7","name":"Dzana Muminovic","image":{"@type":"ImageObject","inLanguage":"it-IT","@id":"https:\/\/secure.gravatar.com\/avatar\/909c5c71aff4b38e88686f2ab2f1ba152571f394f41ed8bae431ea56ced93050?s=96&d=mm&r=g","url":"https:\/\/secure.gravatar.com\/avatar\/909c5c71aff4b38e88686f2ab2f1ba152571f394f41ed8bae431ea56ced93050?s=96&d=mm&r=g","contentUrl":"https:\/\/secure.gravatar.com\/avatar\/909c5c71aff4b38e88686f2ab2f1ba152571f394f41ed8bae431ea56ced93050?s=96&d=mm&r=g","caption":"Dzana Muminovic"},"url":"https:\/\/www.organisator.ch\/it\/author\/dzana-muminovic\/"}]}},"_links":{"self":[{"href":"https:\/\/www.organisator.ch\/it\/wp-json\/wp\/v2\/posts\/35909","targetHints":{"allow":["GET"]}}],"collection":[{"href":"https:\/\/www.organisator.ch\/it\/wp-json\/wp\/v2\/posts"}],"about":[{"href":"https:\/\/www.organisator.ch\/it\/wp-json\/wp\/v2\/types\/post"}],"author":[{"embeddable":true,"href":"https:\/\/www.organisator.ch\/it\/wp-json\/wp\/v2\/users\/80"}],"replies":[{"embeddable":true,"href":"https:\/\/www.organisator.ch\/it\/wp-json\/wp\/v2\/comments?post=35909"}],"version-history":[{"count":6,"href":"https:\/\/www.organisator.ch\/it\/wp-json\/wp\/v2\/posts\/35909\/revisions"}],"predecessor-version":[{"id":35918,"href":"https:\/\/www.organisator.ch\/it\/wp-json\/wp\/v2\/posts\/35909\/revisions\/35918"}],"wp:attachment":[{"href":"https:\/\/www.organisator.ch\/it\/wp-json\/wp\/v2\/media?parent=35909"}],"wp:term":[{"taxonomy":"category","embeddable":true,"href":"https:\/\/www.organisator.ch\/it\/wp-json\/wp\/v2\/categories?post=35909"},{"taxonomy":"post_tag","embeddable":true,"href":"https:\/\/www.organisator.ch\/it\/wp-json\/wp\/v2\/tags?post=35909"}],"curies":[{"name":"wp","href":"https:\/\/api.w.org\/{rel}","templated":true}]}}