{"id":35928,"date":"2025-02-12T10:52:19","date_gmt":"2025-02-12T09:52:19","guid":{"rendered":"https:\/\/www.organisator.ch\/?p=35928"},"modified":"2025-02-12T10:52:19","modified_gmt":"2025-02-12T09:52:19","slug":"swissskills-national-team-2025-startklar-fuer-die-euroskills-und-european-skills-challenge","status":"publish","type":"post","link":"https:\/\/www.organisator.ch\/it\/weiterbildung\/2025-02-12\/swissskills-national-team-2025-startklar-fuer-die-euroskills-und-european-skills-challenge\/","title":{"rendered":"SwissSkills National Team 2025: pronti per EuroSkills e l'European Skills Challenge"},"content":{"rendered":"<figure id=\"attachment_35929\" aria-describedby=\"caption-attachment-35929\" style=\"width: 680px\" class=\"wp-caption alignnone\"><img loading=\"lazy\" decoding=\"async\" class=\"wp-image-35929 size-full\" src=\"https:\/\/www.organisator.ch\/wp-content\/uploads\/2025\/02\/SwissSkills_Bild1_ps.jpg\" alt=\"\" width=\"680\" height=\"453\" srcset=\"https:\/\/www.organisator.ch\/wp-content\/uploads\/2025\/02\/SwissSkills_Bild1_ps.jpg 680w, https:\/\/www.organisator.ch\/wp-content\/uploads\/2025\/02\/SwissSkills_Bild1_ps-18x12.jpg 18w, https:\/\/www.organisator.ch\/wp-content\/uploads\/2025\/02\/SwissSkills_Bild1_ps-375x250.jpg 375w, https:\/\/www.organisator.ch\/wp-content\/uploads\/2025\/02\/SwissSkills_Bild1_ps-525x350.jpg 525w\" sizes=\"auto, (max-width: 680px) 100vw, 680px\" \/><figcaption id=\"caption-attachment-35929\" class=\"wp-caption-text\">Un team - un obiettivo: insieme, 20 giovani talenti vogliono continuare a scrivere la storia di successo della formazione professionale svizzera. Stefan Wermuth \/ SwissSkills<\/figcaption><\/figure>\n<p>Lo SwissSkills National Team 2025 \u00e8 pronto per un doppio impegno: agli EuroSkills 2025 di Herning, in Danimarca, dal 9 al 13 settembre, 16 giovani talenti si contenderanno le medaglie con i colleghi professionisti di 32 Paesi. L'European Skills Challenge offrir\u00e0 anche ad altri 4 membri del team l'opportunit\u00e0 di competere con i migliori nel loro campo. Le gare si svolgeranno dal 12 al 15 novembre 2025 nell'ambito della fiera professionale \"Fiutscher\" di Coira e dal 20 al 23 novembre 2025 a Salisburgo, in Austria.<\/p>\n<p>Questa competizione supplementare \u00e8 rivolta alle professioni che non fanno parte del programma ufficiale EuroSkills. I 20 membri dello SwissSkills National Team hanno vinto ai campionati professionali svizzeri e sono ora determinati a fare bella figura sul palcoscenico europeo. Indossano tutti i colori svizzeri con orgoglio e vogliono mostrare ci\u00f2 che rende la formazione professionale svizzera unica al mondo.<\/p>\n<h3><strong>20 talenti pronti a dare il massimo<\/strong><\/h3>\n<p>I giovani professionisti non sono solo maestri del loro mestiere, ma anche ambasciatori dell'istruzione e della formazione professionale duale. Sono sostenuti da una solida rete di organizzazioni professionali, esperti e datori di lavoro. Insieme, si preparano con un programma di formazione personalizzato che comprende un totale di oltre 1000 ore per concorrente. I membri della squadra affineranno le loro capacit\u00e0 tecniche, mentali e fisiche in quattro intensi weekend di preparazione e in numerose sessioni di allenamento individuale. Oltre alla perfezione tecnica, anche lo spirito di squadra gioca un ruolo fondamentale. Infatti, anche se ogni individuo gareggia individualmente, alla fine conta la forza dell'intera squadra.<\/p>\n<h3><strong>Con passione e precisione per il successo<\/strong><\/h3>\n<p>Martin Erlacher, delegato tecnico della squadra nazionale SwissSkills, \u00e8 convinto: \"I nostri concorrenti sono molto motivati e pronti a dare il meglio di s\u00e9. EuroSkills e l'European Skills Challenge offrono un'opportunit\u00e0 unica per mostrare le prestazioni e la qualit\u00e0 della formazione professionale svizzera. Con passione, precisione e spirito di squadra, vogliamo ottenere i migliori risultati anche quest'anno\". Le aspettative sono alte: il team dovrebbe costruire sugli impressionanti successi degli ultimi anni e portare a casa ancora una volta molte medaglie.<\/p>\n<p><em>Fonte: <a href=\"http:\/\/www.swiss-skills.ch\">www.swiss-skills.ch<\/a><\/em><\/p>","protected":false},"excerpt":{"rendered":"<p>Lo SwissSkills National Team 2025 \u00e8 stato completato: 20 giovani professionisti di talento rappresenteranno la Svizzera sulla scena internazionale quest'anno. 16 di loro si contenderanno le medaglie agli EuroSkills 2025 di Herning, in Danimarca, a settembre. Quattro membri parteciperanno all'European Skills Challenge. Questa competizione si svolger\u00e0 in Svizzera e in Austria nel novembre 2025. <\/p>","protected":false},"author":80,"featured_media":35929,"comment_status":"closed","ping_status":"closed","sticky":false,"template":"","format":"standard","meta":{"_acf_changed":false,"_yoast_wpseo_focuskw":"SwissSkills National Team 2025","_yoast_wpseo_metadesc":"20 junge Talente vertreten die Schweiz bei den EuroSkills 2025 und der European Skills Challenge. Ihr Ziel: Medaillen und Spitzenleistungen!","articlekey":"","footnotes":""},"categories":[30],"tags":[73,4375,3932,424,2699],"class_list":["post-35928","post","type-post","status-publish","format-standard","has-post-thumbnail","hentry","category-weiterbildung","tag-berufsbildung","tag-berufstalente","tag-euroskills","tag-schweiz","tag-swissskills"],"acf":[],"yoast_head":"<!-- This site is optimized with the Yoast SEO plugin v27.4 - https:\/\/yoast.com\/product\/yoast-seo-wordpress\/ -->\n<title>SwissSkills National Team 2025: Startklar f\u00fcr die EuroSkills und European Skills Challenge - Organisator<\/title>\n<meta name=\"description\" content=\"20 junge Talente vertreten die Schweiz bei den EuroSkills 2025 und der European Skills Challenge. Ihr Ziel: Medaillen und Spitzenleistungen!\" \/>\n<meta name=\"robots\" content=\"index, follow, max-snippet:-1, max-image-preview:large, max-video-preview:-1\" \/>\n<link rel=\"canonical\" href=\"https:\/\/www.organisator.ch\/it\/formazione-continua\/2025-02-12\/swissskills-national-team-2025-startklar-fuer-die-euroskills-und-european-skills-challenge\/\" \/>\n<meta property=\"og:locale\" content=\"it_IT\" \/>\n<meta property=\"og:type\" content=\"article\" \/>\n<meta property=\"og:title\" content=\"Startklar f\u00fcr die EuroSkills und European Skills Challenge\" \/>\n<meta property=\"og:description\" content=\"20 junge Talente vertreten die Schweiz bei den EuroSkills 2025 und der European Skills Challenge. Ihr Ziel: Medaillen und Spitzenleistungen!\" \/>\n<meta property=\"og:url\" content=\"https:\/\/www.organisator.ch\/it\/formazione-continua\/2025-02-12\/swissskills-national-team-2025-startklar-fuer-die-euroskills-und-european-skills-challenge\/\" \/>\n<meta property=\"og:site_name\" content=\"Organisator\" \/>\n<meta property=\"article:publisher\" content=\"https:\/\/www.facebook.com\/OrganisatorFachmagazin\" \/>\n<meta property=\"article:published_time\" content=\"2025-02-12T09:52:19+00:00\" \/>\n<meta property=\"og:image\" content=\"https:\/\/www.organisator.ch\/wp-content\/uploads\/2025\/02\/SwissSkills_Bild1_ps.jpg\" \/>\n\t<meta property=\"og:image:width\" content=\"680\" \/>\n\t<meta property=\"og:image:height\" content=\"453\" \/>\n\t<meta property=\"og:image:type\" content=\"image\/jpeg\" \/>\n<meta name=\"author\" content=\"Dzana Muminovic\" \/>\n<meta name=\"twitter:card\" content=\"summary_large_image\" \/>\n<meta name=\"twitter:title\" content=\"Startklar f\u00fcr die EuroSkills und European Skills Challenge\" \/>\n<meta name=\"twitter:description\" content=\"20 junge #Talente vertreten die #Schweiz bei den #EuroSkills 2025 und der #European #Skills #Challenge. Ihr Ziel: #Medaillen und #Spitzenleistungen!\" \/>\n<meta name=\"twitter:image\" content=\"https:\/\/www.organisator.ch\/wp-content\/uploads\/2025\/02\/SwissSkills_Bild1_ps.jpg\" \/>\n<script type=\"application\/ld+json\" class=\"yoast-schema-graph\">{\"@context\":\"https:\\\/\\\/schema.org\",\"@graph\":[{\"@type\":\"Article\",\"@id\":\"https:\\\/\\\/www.organisator.ch\\\/weiterbildung\\\/2025-02-12\\\/swissskills-national-team-2025-startklar-fuer-die-euroskills-und-european-skills-challenge\\\/#article\",\"isPartOf\":{\"@id\":\"https:\\\/\\\/www.organisator.ch\\\/weiterbildung\\\/2025-02-12\\\/swissskills-national-team-2025-startklar-fuer-die-euroskills-und-european-skills-challenge\\\/\"},\"author\":{\"name\":\"Dzana Muminovic\",\"@id\":\"https:\\\/\\\/www.organisator.ch\\\/#\\\/schema\\\/person\\\/afccda3a71c06d4be2ed9100dd163db7\"},\"headline\":\"SwissSkills National Team 2025: Startklar f\u00fcr die EuroSkills und European Skills Challenge\",\"datePublished\":\"2025-02-12T09:52:19+00:00\",\"mainEntityOfPage\":{\"@id\":\"https:\\\/\\\/www.organisator.ch\\\/weiterbildung\\\/2025-02-12\\\/swissskills-national-team-2025-startklar-fuer-die-euroskills-und-european-skills-challenge\\\/\"},\"wordCount\":375,\"publisher\":{\"@id\":\"https:\\\/\\\/www.organisator.ch\\\/#organization\"},\"image\":{\"@id\":\"https:\\\/\\\/www.organisator.ch\\\/weiterbildung\\\/2025-02-12\\\/swissskills-national-team-2025-startklar-fuer-die-euroskills-und-european-skills-challenge\\\/#primaryimage\"},\"thumbnailUrl\":\"https:\\\/\\\/www.organisator.ch\\\/wp-content\\\/uploads\\\/2025\\\/02\\\/SwissSkills_Bild1_ps.jpg\",\"keywords\":[\"Berufsbildung\",\"Berufstalente\",\"EuroSkills\",\"Schweiz\",\"SwissSkills\"],\"articleSection\":[\"WEITERBILDUNG\"],\"inLanguage\":\"it-IT\"},{\"@type\":\"WebPage\",\"@id\":\"https:\\\/\\\/www.organisator.ch\\\/weiterbildung\\\/2025-02-12\\\/swissskills-national-team-2025-startklar-fuer-die-euroskills-und-european-skills-challenge\\\/\",\"url\":\"https:\\\/\\\/www.organisator.ch\\\/weiterbildung\\\/2025-02-12\\\/swissskills-national-team-2025-startklar-fuer-die-euroskills-und-european-skills-challenge\\\/\",\"name\":\"SwissSkills National Team 2025: Startklar f\u00fcr die EuroSkills und European Skills Challenge - Organisator\",\"isPartOf\":{\"@id\":\"https:\\\/\\\/www.organisator.ch\\\/#website\"},\"primaryImageOfPage\":{\"@id\":\"https:\\\/\\\/www.organisator.ch\\\/weiterbildung\\\/2025-02-12\\\/swissskills-national-team-2025-startklar-fuer-die-euroskills-und-european-skills-challenge\\\/#primaryimage\"},\"image\":{\"@id\":\"https:\\\/\\\/www.organisator.ch\\\/weiterbildung\\\/2025-02-12\\\/swissskills-national-team-2025-startklar-fuer-die-euroskills-und-european-skills-challenge\\\/#primaryimage\"},\"thumbnailUrl\":\"https:\\\/\\\/www.organisator.ch\\\/wp-content\\\/uploads\\\/2025\\\/02\\\/SwissSkills_Bild1_ps.jpg\",\"datePublished\":\"2025-02-12T09:52:19+00:00\",\"description\":\"20 junge Talente vertreten die Schweiz bei den EuroSkills 2025 und der European Skills Challenge. Ihr Ziel: Medaillen und Spitzenleistungen!\",\"breadcrumb\":{\"@id\":\"https:\\\/\\\/www.organisator.ch\\\/weiterbildung\\\/2025-02-12\\\/swissskills-national-team-2025-startklar-fuer-die-euroskills-und-european-skills-challenge\\\/#breadcrumb\"},\"inLanguage\":\"it-IT\",\"potentialAction\":[{\"@type\":\"ReadAction\",\"target\":[\"https:\\\/\\\/www.organisator.ch\\\/weiterbildung\\\/2025-02-12\\\/swissskills-national-team-2025-startklar-fuer-die-euroskills-und-european-skills-challenge\\\/\"]}]},{\"@type\":\"ImageObject\",\"inLanguage\":\"it-IT\",\"@id\":\"https:\\\/\\\/www.organisator.ch\\\/weiterbildung\\\/2025-02-12\\\/swissskills-national-team-2025-startklar-fuer-die-euroskills-und-european-skills-challenge\\\/#primaryimage\",\"url\":\"https:\\\/\\\/www.organisator.ch\\\/wp-content\\\/uploads\\\/2025\\\/02\\\/SwissSkills_Bild1_ps.jpg\",\"contentUrl\":\"https:\\\/\\\/www.organisator.ch\\\/wp-content\\\/uploads\\\/2025\\\/02\\\/SwissSkills_Bild1_ps.jpg\",\"width\":680,\"height\":453,\"caption\":\"Ein Team \u2013 ein Ziel: Gemeinsam wollen 20 jungen Talente die Erfolgsgeschichte der Schweizer Berufsbildung weiterschreiben. \u00a9 Stefan Wermuth \\\/ SwissSkills\"},{\"@type\":\"BreadcrumbList\",\"@id\":\"https:\\\/\\\/www.organisator.ch\\\/weiterbildung\\\/2025-02-12\\\/swissskills-national-team-2025-startklar-fuer-die-euroskills-und-european-skills-challenge\\\/#breadcrumb\",\"itemListElement\":[{\"@type\":\"ListItem\",\"position\":1,\"name\":\"Home\",\"item\":\"https:\\\/\\\/www.organisator.ch\\\/\"},{\"@type\":\"ListItem\",\"position\":2,\"name\":\"SwissSkills National Team 2025: Startklar f\u00fcr die EuroSkills und European Skills Challenge\"}]},{\"@type\":\"WebSite\",\"@id\":\"https:\\\/\\\/www.organisator.ch\\\/#website\",\"url\":\"https:\\\/\\\/www.organisator.ch\\\/\",\"name\":\"Organisator\",\"description\":\"Kompetent. Praxisnah. Der ORGANISATOR bereitet in 10 Ausgaben pro Jahr die wesentlichen Themen f\u00fcr F\u00fchrungskr\u00e4fte von KMU auf.\",\"publisher\":{\"@id\":\"https:\\\/\\\/www.organisator.ch\\\/#organization\"},\"potentialAction\":[{\"@type\":\"SearchAction\",\"target\":{\"@type\":\"EntryPoint\",\"urlTemplate\":\"https:\\\/\\\/www.organisator.ch\\\/?s={search_term_string}\"},\"query-input\":{\"@type\":\"PropertyValueSpecification\",\"valueRequired\":true,\"valueName\":\"search_term_string\"}}],\"inLanguage\":\"it-IT\"},{\"@type\":\"Organization\",\"@id\":\"https:\\\/\\\/www.organisator.ch\\\/#organization\",\"name\":\"Organisator\",\"url\":\"https:\\\/\\\/www.organisator.ch\\\/\",\"logo\":{\"@type\":\"ImageObject\",\"inLanguage\":\"it-IT\",\"@id\":\"https:\\\/\\\/www.organisator.ch\\\/#\\\/schema\\\/logo\\\/image\\\/\",\"url\":\"https:\\\/\\\/www.organisator.ch\\\/wp-content\\\/uploads\\\/2022\\\/01\\\/Logo_Organisator_Website.png\",\"contentUrl\":\"https:\\\/\\\/www.organisator.ch\\\/wp-content\\\/uploads\\\/2022\\\/01\\\/Logo_Organisator_Website.png\",\"width\":800,\"height\":77,\"caption\":\"Organisator\"},\"image\":{\"@id\":\"https:\\\/\\\/www.organisator.ch\\\/#\\\/schema\\\/logo\\\/image\\\/\"},\"sameAs\":[\"https:\\\/\\\/www.facebook.com\\\/OrganisatorFachmagazin\",\"https:\\\/\\\/www.linkedin.com\\\/showcase\\\/organisator-das-magazin-fr-kmu\",\"https:\\\/\\\/www.xing.com\\\/news\\\/pages\\\/organisator-ch-695\",\"https:\\\/\\\/www.youtube.com\\\/channel\\\/UCGP2Sq0iWaZwT3BdIAQFYpw\"]},{\"@type\":\"Person\",\"@id\":\"https:\\\/\\\/www.organisator.ch\\\/#\\\/schema\\\/person\\\/afccda3a71c06d4be2ed9100dd163db7\",\"name\":\"Dzana Muminovic\",\"image\":{\"@type\":\"ImageObject\",\"inLanguage\":\"it-IT\",\"@id\":\"https:\\\/\\\/secure.gravatar.com\\\/avatar\\\/909c5c71aff4b38e88686f2ab2f1ba152571f394f41ed8bae431ea56ced93050?s=96&d=mm&r=g\",\"url\":\"https:\\\/\\\/secure.gravatar.com\\\/avatar\\\/909c5c71aff4b38e88686f2ab2f1ba152571f394f41ed8bae431ea56ced93050?s=96&d=mm&r=g\",\"contentUrl\":\"https:\\\/\\\/secure.gravatar.com\\\/avatar\\\/909c5c71aff4b38e88686f2ab2f1ba152571f394f41ed8bae431ea56ced93050?s=96&d=mm&r=g\",\"caption\":\"Dzana Muminovic\"},\"url\":\"https:\\\/\\\/www.organisator.ch\\\/it\\\/author\\\/dzana-muminovic\\\/\"}]}<\/script>\n<!-- \/ Yoast SEO plugin. -->","yoast_head_json":{"title":"SwissSkills National Team 2025: pronti per EuroSkills e l'European Skills Challenge - Organizzatore","description":"20 giovani talenti rappresenteranno la Svizzera agli EuroSkills 2025 e all'European Skills Challenge. Il loro obiettivo: medaglie e prestazioni di alto livello!","robots":{"index":"index","follow":"follow","max-snippet":"max-snippet:-1","max-image-preview":"max-image-preview:large","max-video-preview":"max-video-preview:-1"},"canonical":"https:\/\/www.organisator.ch\/it\/formazione-continua\/2025-02-12\/swissskills-national-team-2025-startklar-fuer-die-euroskills-und-european-skills-challenge\/","og_locale":"it_IT","og_type":"article","og_title":"Startklar f\u00fcr die EuroSkills und European Skills Challenge","og_description":"20 junge Talente vertreten die Schweiz bei den EuroSkills 2025 und der European Skills Challenge. Ihr Ziel: Medaillen und Spitzenleistungen!","og_url":"https:\/\/www.organisator.ch\/it\/formazione-continua\/2025-02-12\/swissskills-national-team-2025-startklar-fuer-die-euroskills-und-european-skills-challenge\/","og_site_name":"Organisator","article_publisher":"https:\/\/www.facebook.com\/OrganisatorFachmagazin","article_published_time":"2025-02-12T09:52:19+00:00","og_image":[{"width":680,"height":453,"url":"https:\/\/www.organisator.ch\/wp-content\/uploads\/2025\/02\/SwissSkills_Bild1_ps.jpg","type":"image\/jpeg"}],"author":"Dzana Muminovic","twitter_card":"summary_large_image","twitter_title":"Startklar f\u00fcr die EuroSkills und European Skills Challenge","twitter_description":"20 junge #Talente vertreten die #Schweiz bei den #EuroSkills 2025 und der #European #Skills #Challenge. Ihr Ziel: #Medaillen und #Spitzenleistungen!","twitter_image":"https:\/\/www.organisator.ch\/wp-content\/uploads\/2025\/02\/SwissSkills_Bild1_ps.jpg","schema":{"@context":"https:\/\/schema.org","@graph":[{"@type":"Article","@id":"https:\/\/www.organisator.ch\/weiterbildung\/2025-02-12\/swissskills-national-team-2025-startklar-fuer-die-euroskills-und-european-skills-challenge\/#article","isPartOf":{"@id":"https:\/\/www.organisator.ch\/weiterbildung\/2025-02-12\/swissskills-national-team-2025-startklar-fuer-die-euroskills-und-european-skills-challenge\/"},"author":{"name":"Dzana Muminovic","@id":"https:\/\/www.organisator.ch\/#\/schema\/person\/afccda3a71c06d4be2ed9100dd163db7"},"headline":"SwissSkills National Team 2025: Startklar f\u00fcr die EuroSkills und European Skills Challenge","datePublished":"2025-02-12T09:52:19+00:00","mainEntityOfPage":{"@id":"https:\/\/www.organisator.ch\/weiterbildung\/2025-02-12\/swissskills-national-team-2025-startklar-fuer-die-euroskills-und-european-skills-challenge\/"},"wordCount":375,"publisher":{"@id":"https:\/\/www.organisator.ch\/#organization"},"image":{"@id":"https:\/\/www.organisator.ch\/weiterbildung\/2025-02-12\/swissskills-national-team-2025-startklar-fuer-die-euroskills-und-european-skills-challenge\/#primaryimage"},"thumbnailUrl":"https:\/\/www.organisator.ch\/wp-content\/uploads\/2025\/02\/SwissSkills_Bild1_ps.jpg","keywords":["Berufsbildung","Berufstalente","EuroSkills","Schweiz","SwissSkills"],"articleSection":["WEITERBILDUNG"],"inLanguage":"it-IT"},{"@type":"WebPage","@id":"https:\/\/www.organisator.ch\/weiterbildung\/2025-02-12\/swissskills-national-team-2025-startklar-fuer-die-euroskills-und-european-skills-challenge\/","url":"https:\/\/www.organisator.ch\/weiterbildung\/2025-02-12\/swissskills-national-team-2025-startklar-fuer-die-euroskills-und-european-skills-challenge\/","name":"SwissSkills National Team 2025: pronti per EuroSkills e l'European Skills Challenge - Organizzatore","isPartOf":{"@id":"https:\/\/www.organisator.ch\/#website"},"primaryImageOfPage":{"@id":"https:\/\/www.organisator.ch\/weiterbildung\/2025-02-12\/swissskills-national-team-2025-startklar-fuer-die-euroskills-und-european-skills-challenge\/#primaryimage"},"image":{"@id":"https:\/\/www.organisator.ch\/weiterbildung\/2025-02-12\/swissskills-national-team-2025-startklar-fuer-die-euroskills-und-european-skills-challenge\/#primaryimage"},"thumbnailUrl":"https:\/\/www.organisator.ch\/wp-content\/uploads\/2025\/02\/SwissSkills_Bild1_ps.jpg","datePublished":"2025-02-12T09:52:19+00:00","description":"20 giovani talenti rappresenteranno la Svizzera agli EuroSkills 2025 e all'European Skills Challenge. Il loro obiettivo: medaglie e prestazioni di alto livello!","breadcrumb":{"@id":"https:\/\/www.organisator.ch\/weiterbildung\/2025-02-12\/swissskills-national-team-2025-startklar-fuer-die-euroskills-und-european-skills-challenge\/#breadcrumb"},"inLanguage":"it-IT","potentialAction":[{"@type":"ReadAction","target":["https:\/\/www.organisator.ch\/weiterbildung\/2025-02-12\/swissskills-national-team-2025-startklar-fuer-die-euroskills-und-european-skills-challenge\/"]}]},{"@type":"ImageObject","inLanguage":"it-IT","@id":"https:\/\/www.organisator.ch\/weiterbildung\/2025-02-12\/swissskills-national-team-2025-startklar-fuer-die-euroskills-und-european-skills-challenge\/#primaryimage","url":"https:\/\/www.organisator.ch\/wp-content\/uploads\/2025\/02\/SwissSkills_Bild1_ps.jpg","contentUrl":"https:\/\/www.organisator.ch\/wp-content\/uploads\/2025\/02\/SwissSkills_Bild1_ps.jpg","width":680,"height":453,"caption":"Ein Team \u2013 ein Ziel: Gemeinsam wollen 20 jungen Talente die Erfolgsgeschichte der Schweizer Berufsbildung weiterschreiben. \u00a9 Stefan Wermuth \/ SwissSkills"},{"@type":"BreadcrumbList","@id":"https:\/\/www.organisator.ch\/weiterbildung\/2025-02-12\/swissskills-national-team-2025-startklar-fuer-die-euroskills-und-european-skills-challenge\/#breadcrumb","itemListElement":[{"@type":"ListItem","position":1,"name":"Home","item":"https:\/\/www.organisator.ch\/"},{"@type":"ListItem","position":2,"name":"SwissSkills National Team 2025: Startklar f\u00fcr die EuroSkills und European Skills Challenge"}]},{"@type":"WebSite","@id":"https:\/\/www.organisator.ch\/#website","url":"https:\/\/www.organisator.ch\/","name":"Organizzatore","description":"Competente. Pratico. In 10 numeri all'anno, ORGANISATOR presenta i temi essenziali per i manager delle PMI.","publisher":{"@id":"https:\/\/www.organisator.ch\/#organization"},"potentialAction":[{"@type":"SearchAction","target":{"@type":"EntryPoint","urlTemplate":"https:\/\/www.organisator.ch\/?s={search_term_string}"},"query-input":{"@type":"PropertyValueSpecification","valueRequired":true,"valueName":"search_term_string"}}],"inLanguage":"it-IT"},{"@type":"Organization","@id":"https:\/\/www.organisator.ch\/#organization","name":"Organizzatore","url":"https:\/\/www.organisator.ch\/","logo":{"@type":"ImageObject","inLanguage":"it-IT","@id":"https:\/\/www.organisator.ch\/#\/schema\/logo\/image\/","url":"https:\/\/www.organisator.ch\/wp-content\/uploads\/2022\/01\/Logo_Organisator_Website.png","contentUrl":"https:\/\/www.organisator.ch\/wp-content\/uploads\/2022\/01\/Logo_Organisator_Website.png","width":800,"height":77,"caption":"Organisator"},"image":{"@id":"https:\/\/www.organisator.ch\/#\/schema\/logo\/image\/"},"sameAs":["https:\/\/www.facebook.com\/OrganisatorFachmagazin","https:\/\/www.linkedin.com\/showcase\/organisator-das-magazin-fr-kmu","https:\/\/www.xing.com\/news\/pages\/organisator-ch-695","https:\/\/www.youtube.com\/channel\/UCGP2Sq0iWaZwT3BdIAQFYpw"]},{"@type":"Person","@id":"https:\/\/www.organisator.ch\/#\/schema\/person\/afccda3a71c06d4be2ed9100dd163db7","name":"Dzana Muminovic","image":{"@type":"ImageObject","inLanguage":"it-IT","@id":"https:\/\/secure.gravatar.com\/avatar\/909c5c71aff4b38e88686f2ab2f1ba152571f394f41ed8bae431ea56ced93050?s=96&d=mm&r=g","url":"https:\/\/secure.gravatar.com\/avatar\/909c5c71aff4b38e88686f2ab2f1ba152571f394f41ed8bae431ea56ced93050?s=96&d=mm&r=g","contentUrl":"https:\/\/secure.gravatar.com\/avatar\/909c5c71aff4b38e88686f2ab2f1ba152571f394f41ed8bae431ea56ced93050?s=96&d=mm&r=g","caption":"Dzana Muminovic"},"url":"https:\/\/www.organisator.ch\/it\/author\/dzana-muminovic\/"}]}},"_links":{"self":[{"href":"https:\/\/www.organisator.ch\/it\/wp-json\/wp\/v2\/posts\/35928","targetHints":{"allow":["GET"]}}],"collection":[{"href":"https:\/\/www.organisator.ch\/it\/wp-json\/wp\/v2\/posts"}],"about":[{"href":"https:\/\/www.organisator.ch\/it\/wp-json\/wp\/v2\/types\/post"}],"author":[{"embeddable":true,"href":"https:\/\/www.organisator.ch\/it\/wp-json\/wp\/v2\/users\/80"}],"replies":[{"embeddable":true,"href":"https:\/\/www.organisator.ch\/it\/wp-json\/wp\/v2\/comments?post=35928"}],"version-history":[{"count":3,"href":"https:\/\/www.organisator.ch\/it\/wp-json\/wp\/v2\/posts\/35928\/revisions"}],"predecessor-version":[{"id":35957,"href":"https:\/\/www.organisator.ch\/it\/wp-json\/wp\/v2\/posts\/35928\/revisions\/35957"}],"wp:featuredmedia":[{"embeddable":true,"href":"https:\/\/www.organisator.ch\/it\/wp-json\/wp\/v2\/media\/35929"}],"wp:attachment":[{"href":"https:\/\/www.organisator.ch\/it\/wp-json\/wp\/v2\/media?parent=35928"}],"wp:term":[{"taxonomy":"category","embeddable":true,"href":"https:\/\/www.organisator.ch\/it\/wp-json\/wp\/v2\/categories?post=35928"},{"taxonomy":"post_tag","embeddable":true,"href":"https:\/\/www.organisator.ch\/it\/wp-json\/wp\/v2\/tags?post=35928"}],"curies":[{"name":"wp","href":"https:\/\/api.w.org\/{rel}","templated":true}]}}