{"id":36003,"date":"2025-02-18T08:15:21","date_gmt":"2025-02-18T07:15:21","guid":{"rendered":"https:\/\/www.markt-kom.com\/?p=230513"},"modified":"2025-02-18T07:41:58","modified_gmt":"2025-02-18T06:41:58","slug":"ey-startup-barometer-schweiz-2025","status":"publish","type":"post","link":"https:\/\/www.organisator.ch\/it\/marketing\/2025-02-18\/ey-startup-barometer-schweiz-2025\/","title":{"rendered":"Barometro delle startup EY Svizzera 2025"},"content":{"rendered":"<div class=\"mceTemp\">\u00a0<\/div>\r\n<p data-pm-slice=\"1 1 []\"><a href=\"https:\/\/www.markt-kom.com\/wp-content\/uploads\/2025\/02\/EY-Startup-Barometer-Schweiz-2025.png\"><img class=\"alignnone size-full wp-image-230516\" src=\"https:\/\/www.markt-kom.com\/wp-content\/uploads\/2025\/02\/EY-Startup-Barometer-Schweiz-2025.png\" sizes=\"(max-width: 1024px) 100vw, 1024px\" srcset=\"https:\/\/www.markt-kom.com\/wp-content\/uploads\/2025\/02\/EY-Startup-Barometer-Schweiz-2025.png 1024w, https:\/\/www.markt-kom.com\/wp-content\/uploads\/2025\/02\/EY-Startup-Barometer-Schweiz-2025-600x450.png 600w, https:\/\/www.markt-kom.com\/wp-content\/uploads\/2025\/02\/EY-Startup-Barometer-Schweiz-2025-768x576.png 768w, https:\/\/www.markt-kom.com\/wp-content\/uploads\/2025\/02\/EY-Startup-Barometer-Schweiz-2025-16x12.png 16w, https:\/\/www.markt-kom.com\/wp-content\/uploads\/2025\/02\/EY-Startup-Barometer-Schweiz-2025-233x175.png 233w, https:\/\/www.markt-kom.com\/wp-content\/uploads\/2025\/02\/EY-Startup-Barometer-Schweiz-2025-467x350.png 467w, https:\/\/www.markt-kom.com\/wp-content\/uploads\/2025\/02\/EY-Startup-Barometer-Schweiz-2025-1000x750.png 1000w\" alt=\"\" width=\"1024\" height=\"768\" \/><\/a><\/p>\r\n<p data-pm-slice=\"1 1 []\">Il Barometro delle startup EY Svizzera 2025 mostra: Il numero di round di finanziamento \u00e8 sceso di 6,7% a 513 nel 2024, mentre il capitale investito \u00e8 diminuito di 15% a 2,3 miliardi di franchi svizzeri. \"Per la seconda volta consecutiva, la scena delle startup svizzere ha subito un calo dei round di finanziamento e del volume. Tuttavia, la situazione si sta stabilizzando in modo significativo e non pu\u00f2 essere paragonata al crollo del 2023\", afferma Alexander Schatt, responsabile del settore startup e scale-up di EY Svizzera.<\/p>\r\n<p>Si conferma una chiara tendenza, in particolare nel campo dell'intelligenza artificiale: pi\u00f9 di un round di finanziamento su cinque (22%) \u00e8 confluito in startup focalizzate sull'AI nel 2024 - il doppio rispetto all'anno precedente. \"Nonostante il calo generale degli investimenti in startup, stiamo assistendo a un forte interesse degli investitori per le startup legate all'IA. Ci\u00f2 indica una crescente fiducia degli investitori nella Svizzera come sede di prim'ordine per gli investimenti in startup AI\", prosegue Schatt.<\/p>\r\n<figure id=\"attachment_230515\" class=\"wp-caption alignnone\" style=\"width: 1024px;\" aria-describedby=\"caption-attachment-230515\"><a href=\"https:\/\/www.markt-kom.com\/wp-content\/uploads\/2025\/02\/3-2.png\"><img class=\"size-full wp-image-230515\" src=\"https:\/\/www.markt-kom.com\/wp-content\/uploads\/2025\/02\/3-2.png\" sizes=\"(max-width: 1024px) 100vw, 1024px\" srcset=\"https:\/\/www.markt-kom.com\/wp-content\/uploads\/2025\/02\/3-2.png 1024w, https:\/\/www.markt-kom.com\/wp-content\/uploads\/2025\/02\/3-2-600x450.png 600w, https:\/\/www.markt-kom.com\/wp-content\/uploads\/2025\/02\/3-2-768x576.png 768w, https:\/\/www.markt-kom.com\/wp-content\/uploads\/2025\/02\/3-2-16x12.png 16w, https:\/\/www.markt-kom.com\/wp-content\/uploads\/2025\/02\/3-2-233x175.png 233w, https:\/\/www.markt-kom.com\/wp-content\/uploads\/2025\/02\/3-2-467x350.png 467w, https:\/\/www.markt-kom.com\/wp-content\/uploads\/2025\/02\/3-2-1000x750.png 1000w\" alt=\"\" width=\"1024\" height=\"768\" \/><\/a>\r\n<figcaption id=\"caption-attachment-230515\" class=\"wp-caption-text\">Alexander Schatt, responsabile startup e scale-up di EY in Svizzera<\/figcaption>\r\n<\/figure>\r\n<p>Il settore sanitario rimane l'industria dominante con un volume di finanziamenti di 1.039 miliardi di franchi svizzeri, seguito da software &amp; analytics (397 milioni di franchi svizzeri) e fintech\/insurtech (193 milioni di franchi svizzeri). Nell'elenco dei dieci maggiori round di finanziamento, le start-up biotecnologiche occupano i primi posti, con Alentis Therapeutics (158 milioni di franchi svizzeri) in testa.<\/p>\r\n<p>Un'altra attenzione \u00e8 rivolta alla partecipazione delle donne nei team fondatori: 7% delle start-up finanziate sono state fondate esclusivamente da donne, 18% da team misti.<\/p>\r\n<p>Nel confronto internazionale, la Svizzera ha registrato il calo pi\u00f9 contenuto dei finanziamenti, pari a -6,7% (Germania: -12,3%, Austria: -19%). Anche se il volume dei finanziamenti \u00e8 diminuito di 15%, le condizioni generali per gli investimenti nelle start-up svizzere rimangono solide.<\/p>","protected":false},"excerpt":{"rendered":"<p>La scena delle startup svizzere sta sfidando il contesto di mercato: mentre i round di finanziamento e i volumi sono in leggero calo, gli investimenti in startup AI stanno raddoppiando.<\/p>","protected":false},"author":8,"featured_media":0,"comment_status":"closed","ping_status":"closed","sticky":false,"template":"","format":"standard","meta":{"_acf_changed":false,"_yoast_wpseo_focuskw":"EY Startup Barometer Schweiz 2025","_yoast_wpseo_metadesc":"Trotz R\u00fcckgang der Finanzierungen verdoppeln sich Investitionen in KI-Startups. Das EY Startup Barometer Schweiz 2025 zeigt klare Trends.","articlekey":"","footnotes":""},"categories":[29],"tags":[4345,5089],"class_list":["post-36003","post","type-post","status-publish","format-standard","hentry","category-marketing","tag-business","tag-ey-startup-barometer"],"acf":[],"yoast_head":"<!-- This site is optimized with the Yoast SEO plugin v27.4 - https:\/\/yoast.com\/product\/yoast-seo-wordpress\/ -->\n<title>EY Startup Barometer Schweiz 2025 - Organisator<\/title>\n<meta name=\"description\" content=\"Trotz R\u00fcckgang der Finanzierungen verdoppeln sich Investitionen in KI-Startups. Das EY Startup Barometer Schweiz 2025 zeigt klare Trends.\" \/>\n<meta name=\"robots\" content=\"index, follow, max-snippet:-1, max-image-preview:large, max-video-preview:-1\" \/>\n<link rel=\"canonical\" href=\"https:\/\/www.organisator.ch\/it\/marketing\/2025-02-18\/ey-startup-barometer-schweiz-2025\/\" \/>\n<meta property=\"og:locale\" content=\"it_IT\" \/>\n<meta property=\"og:type\" content=\"article\" \/>\n<meta property=\"og:title\" content=\"EY Startup Barometer Schweiz 2025 - Organisator\" \/>\n<meta property=\"og:description\" content=\"Trotz R\u00fcckgang der Finanzierungen verdoppeln sich Investitionen in KI-Startups. Das EY Startup Barometer Schweiz 2025 zeigt klare Trends.\" \/>\n<meta property=\"og:url\" content=\"https:\/\/www.organisator.ch\/it\/marketing\/2025-02-18\/ey-startup-barometer-schweiz-2025\/\" \/>\n<meta property=\"og:site_name\" content=\"Organisator\" \/>\n<meta property=\"article:publisher\" content=\"https:\/\/www.facebook.com\/OrganisatorFachmagazin\" \/>\n<meta property=\"article:published_time\" content=\"2025-02-18T07:15:21+00:00\" \/>\n<meta name=\"author\" content=\"galledia\" \/>\n<meta name=\"twitter:card\" content=\"summary_large_image\" \/>\n<meta name=\"twitter:creator\" content=\"@admin\" \/>\n<script type=\"application\/ld+json\" class=\"yoast-schema-graph\">{\"@context\":\"https:\\\/\\\/schema.org\",\"@graph\":[{\"@type\":\"Article\",\"@id\":\"https:\\\/\\\/www.organisator.ch\\\/marketing\\\/2025-02-18\\\/ey-startup-barometer-schweiz-2025\\\/#article\",\"isPartOf\":{\"@id\":\"https:\\\/\\\/www.organisator.ch\\\/marketing\\\/2025-02-18\\\/ey-startup-barometer-schweiz-2025\\\/\"},\"author\":{\"name\":\"galledia\",\"@id\":\"https:\\\/\\\/www.organisator.ch\\\/#\\\/schema\\\/person\\\/4e51799071cd2dd1232ac003643ef5f0\"},\"headline\":\"EY Startup Barometer Schweiz 2025\",\"datePublished\":\"2025-02-18T07:15:21+00:00\",\"mainEntityOfPage\":{\"@id\":\"https:\\\/\\\/www.organisator.ch\\\/marketing\\\/2025-02-18\\\/ey-startup-barometer-schweiz-2025\\\/\"},\"wordCount\":260,\"publisher\":{\"@id\":\"https:\\\/\\\/www.organisator.ch\\\/#organization\"},\"image\":{\"@id\":\"https:\\\/\\\/www.organisator.ch\\\/marketing\\\/2025-02-18\\\/ey-startup-barometer-schweiz-2025\\\/#primaryimage\"},\"thumbnailUrl\":\"https:\\\/\\\/www.markt-kom.com\\\/wp-content\\\/uploads\\\/2025\\\/02\\\/EY-Startup-Barometer-Schweiz-2025.png\",\"keywords\":[\"Business\",\"Ey Startup Barometer\"],\"articleSection\":[\"MARKETING\"],\"inLanguage\":\"it-IT\"},{\"@type\":\"WebPage\",\"@id\":\"https:\\\/\\\/www.organisator.ch\\\/marketing\\\/2025-02-18\\\/ey-startup-barometer-schweiz-2025\\\/\",\"url\":\"https:\\\/\\\/www.organisator.ch\\\/marketing\\\/2025-02-18\\\/ey-startup-barometer-schweiz-2025\\\/\",\"name\":\"EY Startup Barometer Schweiz 2025 - Organisator\",\"isPartOf\":{\"@id\":\"https:\\\/\\\/www.organisator.ch\\\/#website\"},\"primaryImageOfPage\":{\"@id\":\"https:\\\/\\\/www.organisator.ch\\\/marketing\\\/2025-02-18\\\/ey-startup-barometer-schweiz-2025\\\/#primaryimage\"},\"image\":{\"@id\":\"https:\\\/\\\/www.organisator.ch\\\/marketing\\\/2025-02-18\\\/ey-startup-barometer-schweiz-2025\\\/#primaryimage\"},\"thumbnailUrl\":\"https:\\\/\\\/www.markt-kom.com\\\/wp-content\\\/uploads\\\/2025\\\/02\\\/EY-Startup-Barometer-Schweiz-2025.png\",\"datePublished\":\"2025-02-18T07:15:21+00:00\",\"description\":\"Trotz R\u00fcckgang der Finanzierungen verdoppeln sich Investitionen in KI-Startups. Das EY Startup Barometer Schweiz 2025 zeigt klare Trends.\",\"breadcrumb\":{\"@id\":\"https:\\\/\\\/www.organisator.ch\\\/marketing\\\/2025-02-18\\\/ey-startup-barometer-schweiz-2025\\\/#breadcrumb\"},\"inLanguage\":\"it-IT\",\"potentialAction\":[{\"@type\":\"ReadAction\",\"target\":[\"https:\\\/\\\/www.organisator.ch\\\/marketing\\\/2025-02-18\\\/ey-startup-barometer-schweiz-2025\\\/\"]}]},{\"@type\":\"ImageObject\",\"inLanguage\":\"it-IT\",\"@id\":\"https:\\\/\\\/www.organisator.ch\\\/marketing\\\/2025-02-18\\\/ey-startup-barometer-schweiz-2025\\\/#primaryimage\",\"url\":\"https:\\\/\\\/www.markt-kom.com\\\/wp-content\\\/uploads\\\/2025\\\/02\\\/EY-Startup-Barometer-Schweiz-2025.png\",\"contentUrl\":\"https:\\\/\\\/www.markt-kom.com\\\/wp-content\\\/uploads\\\/2025\\\/02\\\/EY-Startup-Barometer-Schweiz-2025.png\"},{\"@type\":\"BreadcrumbList\",\"@id\":\"https:\\\/\\\/www.organisator.ch\\\/marketing\\\/2025-02-18\\\/ey-startup-barometer-schweiz-2025\\\/#breadcrumb\",\"itemListElement\":[{\"@type\":\"ListItem\",\"position\":1,\"name\":\"Home\",\"item\":\"https:\\\/\\\/www.organisator.ch\\\/\"},{\"@type\":\"ListItem\",\"position\":2,\"name\":\"EY Startup Barometer Schweiz 2025\"}]},{\"@type\":\"WebSite\",\"@id\":\"https:\\\/\\\/www.organisator.ch\\\/#website\",\"url\":\"https:\\\/\\\/www.organisator.ch\\\/\",\"name\":\"Organisator\",\"description\":\"Kompetent. Praxisnah. Der ORGANISATOR bereitet in 10 Ausgaben pro Jahr die wesentlichen Themen f\u00fcr F\u00fchrungskr\u00e4fte von KMU auf.\",\"publisher\":{\"@id\":\"https:\\\/\\\/www.organisator.ch\\\/#organization\"},\"potentialAction\":[{\"@type\":\"SearchAction\",\"target\":{\"@type\":\"EntryPoint\",\"urlTemplate\":\"https:\\\/\\\/www.organisator.ch\\\/?s={search_term_string}\"},\"query-input\":{\"@type\":\"PropertyValueSpecification\",\"valueRequired\":true,\"valueName\":\"search_term_string\"}}],\"inLanguage\":\"it-IT\"},{\"@type\":\"Organization\",\"@id\":\"https:\\\/\\\/www.organisator.ch\\\/#organization\",\"name\":\"Organisator\",\"url\":\"https:\\\/\\\/www.organisator.ch\\\/\",\"logo\":{\"@type\":\"ImageObject\",\"inLanguage\":\"it-IT\",\"@id\":\"https:\\\/\\\/www.organisator.ch\\\/#\\\/schema\\\/logo\\\/image\\\/\",\"url\":\"https:\\\/\\\/www.organisator.ch\\\/wp-content\\\/uploads\\\/2022\\\/01\\\/Logo_Organisator_Website.png\",\"contentUrl\":\"https:\\\/\\\/www.organisator.ch\\\/wp-content\\\/uploads\\\/2022\\\/01\\\/Logo_Organisator_Website.png\",\"width\":800,\"height\":77,\"caption\":\"Organisator\"},\"image\":{\"@id\":\"https:\\\/\\\/www.organisator.ch\\\/#\\\/schema\\\/logo\\\/image\\\/\"},\"sameAs\":[\"https:\\\/\\\/www.facebook.com\\\/OrganisatorFachmagazin\",\"https:\\\/\\\/www.linkedin.com\\\/showcase\\\/organisator-das-magazin-fr-kmu\",\"https:\\\/\\\/www.xing.com\\\/news\\\/pages\\\/organisator-ch-695\",\"https:\\\/\\\/www.youtube.com\\\/channel\\\/UCGP2Sq0iWaZwT3BdIAQFYpw\"]},{\"@type\":\"Person\",\"@id\":\"https:\\\/\\\/www.organisator.ch\\\/#\\\/schema\\\/person\\\/4e51799071cd2dd1232ac003643ef5f0\",\"name\":\"galledia\",\"image\":{\"@type\":\"ImageObject\",\"inLanguage\":\"it-IT\",\"@id\":\"https:\\\/\\\/secure.gravatar.com\\\/avatar\\\/78a7f90c01fc2bfc875782a0d4922b37cde2cf184ce347b91316d23cd7f69a36?s=96&d=mm&r=g\",\"url\":\"https:\\\/\\\/secure.gravatar.com\\\/avatar\\\/78a7f90c01fc2bfc875782a0d4922b37cde2cf184ce347b91316d23cd7f69a36?s=96&d=mm&r=g\",\"contentUrl\":\"https:\\\/\\\/secure.gravatar.com\\\/avatar\\\/78a7f90c01fc2bfc875782a0d4922b37cde2cf184ce347b91316d23cd7f69a36?s=96&d=mm&r=g\",\"caption\":\"galledia\"},\"sameAs\":[\"https:\\\/\\\/x.com\\\/admin\"],\"url\":\"https:\\\/\\\/www.organisator.ch\\\/it\\\/author\\\/galledia\\\/\"}]}<\/script>\n<!-- \/ Yoast SEO plugin. -->","yoast_head_json":{"title":"Barometro delle startup EY Svizzera 2025 - Organizzatore","description":"Gli investimenti in startup AI raddoppiano nonostante il calo dei finanziamenti. Il Barometro delle startup di EY Svizzera 2025 mostra tendenze chiare.","robots":{"index":"index","follow":"follow","max-snippet":"max-snippet:-1","max-image-preview":"max-image-preview:large","max-video-preview":"max-video-preview:-1"},"canonical":"https:\/\/www.organisator.ch\/it\/marketing\/2025-02-18\/ey-startup-barometer-schweiz-2025\/","og_locale":"it_IT","og_type":"article","og_title":"EY Startup Barometer Schweiz 2025 - Organisator","og_description":"Trotz R\u00fcckgang der Finanzierungen verdoppeln sich Investitionen in KI-Startups. Das EY Startup Barometer Schweiz 2025 zeigt klare Trends.","og_url":"https:\/\/www.organisator.ch\/it\/marketing\/2025-02-18\/ey-startup-barometer-schweiz-2025\/","og_site_name":"Organisator","article_publisher":"https:\/\/www.facebook.com\/OrganisatorFachmagazin","article_published_time":"2025-02-18T07:15:21+00:00","author":"galledia","twitter_card":"summary_large_image","twitter_creator":"@admin","schema":{"@context":"https:\/\/schema.org","@graph":[{"@type":"Article","@id":"https:\/\/www.organisator.ch\/marketing\/2025-02-18\/ey-startup-barometer-schweiz-2025\/#article","isPartOf":{"@id":"https:\/\/www.organisator.ch\/marketing\/2025-02-18\/ey-startup-barometer-schweiz-2025\/"},"author":{"name":"galledia","@id":"https:\/\/www.organisator.ch\/#\/schema\/person\/4e51799071cd2dd1232ac003643ef5f0"},"headline":"EY Startup Barometer Schweiz 2025","datePublished":"2025-02-18T07:15:21+00:00","mainEntityOfPage":{"@id":"https:\/\/www.organisator.ch\/marketing\/2025-02-18\/ey-startup-barometer-schweiz-2025\/"},"wordCount":260,"publisher":{"@id":"https:\/\/www.organisator.ch\/#organization"},"image":{"@id":"https:\/\/www.organisator.ch\/marketing\/2025-02-18\/ey-startup-barometer-schweiz-2025\/#primaryimage"},"thumbnailUrl":"https:\/\/www.markt-kom.com\/wp-content\/uploads\/2025\/02\/EY-Startup-Barometer-Schweiz-2025.png","keywords":["Business","Ey Startup Barometer"],"articleSection":["MARKETING"],"inLanguage":"it-IT"},{"@type":"WebPage","@id":"https:\/\/www.organisator.ch\/marketing\/2025-02-18\/ey-startup-barometer-schweiz-2025\/","url":"https:\/\/www.organisator.ch\/marketing\/2025-02-18\/ey-startup-barometer-schweiz-2025\/","name":"Barometro delle startup EY Svizzera 2025 - Organizzatore","isPartOf":{"@id":"https:\/\/www.organisator.ch\/#website"},"primaryImageOfPage":{"@id":"https:\/\/www.organisator.ch\/marketing\/2025-02-18\/ey-startup-barometer-schweiz-2025\/#primaryimage"},"image":{"@id":"https:\/\/www.organisator.ch\/marketing\/2025-02-18\/ey-startup-barometer-schweiz-2025\/#primaryimage"},"thumbnailUrl":"https:\/\/www.markt-kom.com\/wp-content\/uploads\/2025\/02\/EY-Startup-Barometer-Schweiz-2025.png","datePublished":"2025-02-18T07:15:21+00:00","description":"Gli investimenti in startup AI raddoppiano nonostante il calo dei finanziamenti. Il Barometro delle startup di EY Svizzera 2025 mostra tendenze chiare.","breadcrumb":{"@id":"https:\/\/www.organisator.ch\/marketing\/2025-02-18\/ey-startup-barometer-schweiz-2025\/#breadcrumb"},"inLanguage":"it-IT","potentialAction":[{"@type":"ReadAction","target":["https:\/\/www.organisator.ch\/marketing\/2025-02-18\/ey-startup-barometer-schweiz-2025\/"]}]},{"@type":"ImageObject","inLanguage":"it-IT","@id":"https:\/\/www.organisator.ch\/marketing\/2025-02-18\/ey-startup-barometer-schweiz-2025\/#primaryimage","url":"https:\/\/www.markt-kom.com\/wp-content\/uploads\/2025\/02\/EY-Startup-Barometer-Schweiz-2025.png","contentUrl":"https:\/\/www.markt-kom.com\/wp-content\/uploads\/2025\/02\/EY-Startup-Barometer-Schweiz-2025.png"},{"@type":"BreadcrumbList","@id":"https:\/\/www.organisator.ch\/marketing\/2025-02-18\/ey-startup-barometer-schweiz-2025\/#breadcrumb","itemListElement":[{"@type":"ListItem","position":1,"name":"Home","item":"https:\/\/www.organisator.ch\/"},{"@type":"ListItem","position":2,"name":"EY Startup Barometer Schweiz 2025"}]},{"@type":"WebSite","@id":"https:\/\/www.organisator.ch\/#website","url":"https:\/\/www.organisator.ch\/","name":"Organizzatore","description":"Competente. Pratico. In 10 numeri all'anno, ORGANISATOR presenta i temi essenziali per i manager delle PMI.","publisher":{"@id":"https:\/\/www.organisator.ch\/#organization"},"potentialAction":[{"@type":"SearchAction","target":{"@type":"EntryPoint","urlTemplate":"https:\/\/www.organisator.ch\/?s={search_term_string}"},"query-input":{"@type":"PropertyValueSpecification","valueRequired":true,"valueName":"search_term_string"}}],"inLanguage":"it-IT"},{"@type":"Organization","@id":"https:\/\/www.organisator.ch\/#organization","name":"Organizzatore","url":"https:\/\/www.organisator.ch\/","logo":{"@type":"ImageObject","inLanguage":"it-IT","@id":"https:\/\/www.organisator.ch\/#\/schema\/logo\/image\/","url":"https:\/\/www.organisator.ch\/wp-content\/uploads\/2022\/01\/Logo_Organisator_Website.png","contentUrl":"https:\/\/www.organisator.ch\/wp-content\/uploads\/2022\/01\/Logo_Organisator_Website.png","width":800,"height":77,"caption":"Organisator"},"image":{"@id":"https:\/\/www.organisator.ch\/#\/schema\/logo\/image\/"},"sameAs":["https:\/\/www.facebook.com\/OrganisatorFachmagazin","https:\/\/www.linkedin.com\/showcase\/organisator-das-magazin-fr-kmu","https:\/\/www.xing.com\/news\/pages\/organisator-ch-695","https:\/\/www.youtube.com\/channel\/UCGP2Sq0iWaZwT3BdIAQFYpw"]},{"@type":"Person","@id":"https:\/\/www.organisator.ch\/#\/schema\/person\/4e51799071cd2dd1232ac003643ef5f0","name":"galledia","image":{"@type":"ImageObject","inLanguage":"it-IT","@id":"https:\/\/secure.gravatar.com\/avatar\/78a7f90c01fc2bfc875782a0d4922b37cde2cf184ce347b91316d23cd7f69a36?s=96&d=mm&r=g","url":"https:\/\/secure.gravatar.com\/avatar\/78a7f90c01fc2bfc875782a0d4922b37cde2cf184ce347b91316d23cd7f69a36?s=96&d=mm&r=g","contentUrl":"https:\/\/secure.gravatar.com\/avatar\/78a7f90c01fc2bfc875782a0d4922b37cde2cf184ce347b91316d23cd7f69a36?s=96&d=mm&r=g","caption":"galledia"},"sameAs":["https:\/\/x.com\/admin"],"url":"https:\/\/www.organisator.ch\/it\/author\/galledia\/"}]}},"_links":{"self":[{"href":"https:\/\/www.organisator.ch\/it\/wp-json\/wp\/v2\/posts\/36003","targetHints":{"allow":["GET"]}}],"collection":[{"href":"https:\/\/www.organisator.ch\/it\/wp-json\/wp\/v2\/posts"}],"about":[{"href":"https:\/\/www.organisator.ch\/it\/wp-json\/wp\/v2\/types\/post"}],"author":[{"embeddable":true,"href":"https:\/\/www.organisator.ch\/it\/wp-json\/wp\/v2\/users\/8"}],"replies":[{"embeddable":true,"href":"https:\/\/www.organisator.ch\/it\/wp-json\/wp\/v2\/comments?post=36003"}],"version-history":[{"count":4,"href":"https:\/\/www.organisator.ch\/it\/wp-json\/wp\/v2\/posts\/36003\/revisions"}],"predecessor-version":[{"id":36036,"href":"https:\/\/www.organisator.ch\/it\/wp-json\/wp\/v2\/posts\/36003\/revisions\/36036"}],"wp:attachment":[{"href":"https:\/\/www.organisator.ch\/it\/wp-json\/wp\/v2\/media?parent=36003"}],"wp:term":[{"taxonomy":"category","embeddable":true,"href":"https:\/\/www.organisator.ch\/it\/wp-json\/wp\/v2\/categories?post=36003"},{"taxonomy":"post_tag","embeddable":true,"href":"https:\/\/www.organisator.ch\/it\/wp-json\/wp\/v2\/tags?post=36003"}],"curies":[{"name":"wp","href":"https:\/\/api.w.org\/{rel}","templated":true}]}}