{"id":36015,"date":"2025-02-18T07:30:25","date_gmt":"2025-02-18T06:30:25","guid":{"rendered":"https:\/\/www.m-q.ch\/de\/?p=21039"},"modified":"2025-02-18T07:30:43","modified_gmt":"2025-02-18T06:30:43","slug":"frische-ideen-und-starke-begegnungen","status":"publish","type":"post","link":"https:\/\/www.organisator.ch\/it\/operational-excellence\/2025-02-18\/frische-ideen-und-starke-begegnungen\/","title":{"rendered":"\"Idee fresche e incontri forti\""},"content":{"rendered":"<figure id=\"attachment_21038\" class=\"wp-caption alignnone\" style=\"width: 1300px;\" aria-describedby=\"caption-attachment-21038\"><img class=\"size-full wp-image-21038\" src=\"https:\/\/www.m-q.ch\/wp-content\/uploads\/2025\/02\/Flash_AndreaVetsch_Bild_HIGH_management_qualitaet_140483-scaled.jpg\" sizes=\"(max-width: 1300px) 100vw, 1300px\" srcset=\"https:\/\/www.m-q.ch\/wp-content\/uploads\/2025\/02\/Flash_AndreaVetsch_Bild_HIGH_management_qualitaet_140483-scaled.jpg 1300w, https:\/\/www.m-q.ch\/wp-content\/uploads\/2025\/02\/Flash_AndreaVetsch_Bild_HIGH_management_qualitaet_140483-768x753.jpg 768w, https:\/\/www.m-q.ch\/wp-content\/uploads\/2025\/02\/Flash_AndreaVetsch_Bild_HIGH_management_qualitaet_140483-1536x1506.jpg 1536w, https:\/\/www.m-q.ch\/wp-content\/uploads\/2025\/02\/Flash_AndreaVetsch_Bild_HIGH_management_qualitaet_140483-12x12.jpg 12w, https:\/\/www.m-q.ch\/wp-content\/uploads\/2025\/02\/Flash_AndreaVetsch_Bild_HIGH_management_qualitaet_140483-306x300.jpg 306w, https:\/\/www.m-q.ch\/wp-content\/uploads\/2025\/02\/Flash_AndreaVetsch_Bild_HIGH_management_qualitaet_140483-357x350.jpg 357w, https:\/\/www.m-q.ch\/wp-content\/uploads\/2025\/02\/Flash_AndreaVetsch_Bild_HIGH_management_qualitaet_140483-816x800.jpg 816w\" alt=\"Andrea Vetsch, l&#039;esperta presentatrice della Giornata svizzera della qualit\u00e0 \u00a9 SAQ\" width=\"1300\" height=\"1274\" \/>\r\n<figcaption id=\"caption-attachment-21038\" class=\"wp-caption-text\">Andrea Vetsch, l'esperta presentatrice della Giornata svizzera della qualit\u00e0 \u00a9 SAQ<\/figcaption>\r\n<\/figure>\r\n<p>Andrea Vetsch \u00e8 da molti anni il volto della Giornata svizzera della qualit\u00e0 (TSQ) e, in qualit\u00e0 di presentatrice, unisce persone e argomenti. In un'intervista con Prisca Zammaretti, direttore generale della SAQ, parla della sua visione della qualit\u00e0, delle sfide della moderazione e dei suoi punti di forza personali.<\/p>\r\n<p><strong>Prisca Zammaretti: Andrea, il termine \"qualit\u00e0\" suona spesso astratto. Che cosa significa per te - professionalmente e privatamente?<\/strong><\/p>\r\n<p><strong>Andrea Vetsch:<\/strong> Per me la qualit\u00e0 nel mio lavoro \u00e8 sinonimo di cura, correttezza e precisione. Al Tagesschau ogni parola deve essere giusta, per questo lavoriamo secondo il principio dei sei occhi. Altre due persone - il produttore e il \"servizio di correzione delle bozze\" - controllano il contenuto e il linguaggio dei programmi. Nella mia vita privata, la salute \u00e8 la mia priorit\u00e0 assoluta: per me, \u00e8 la qualit\u00e0 massima della vita.<\/p>\r\n<p><strong>Da diversi anni lei ospita la Giornata svizzera della qualit\u00e0. Cosa trova sempre entusiasmante in questo compito?<\/strong><\/p>\r\n<p>Per me, ogni moderazione \u00e8 come un'ulteriore formazione. Imparo moltissimo, che si tratti di economia circolare, nuovi lavori o tecniche di creativit\u00e0. \u00c8 anche emozionante vedere su quali argomenti stanno lavorando le altre aziende. Questa diversit\u00e0 \u00e8 molto divertente!<\/p>\r\n<p><strong>Come vi preparate alla moderazione? Avete dei rituali?<\/strong><\/p>\r\n<p>Telefono in anticipo a tutte le persone con cui avr\u00f2 conversazioni pi\u00f9 lunghe sul palco: questo crea fiducia e una buona base. Il giorno stesso cerco di essere ben riposata e sono grata che qualcuno si occupi dei miei capelli e del trucco. In questo modo posso concentrarmi completamente sul contenuto della presentazione.<\/p>\r\n<p><strong>Un'intera giornata al congresso: come si fa a rimanere calmi e fiduciosi?<\/strong><\/p>\r\n<p>La sfida pi\u00f9 grande \u00e8 mantenere la concentrazione e la freschezza per tutto il giorno. Arrivare ben riposati \u00e8 essenziale. Una buona preparazione crea sicurezza. Ho scoperto che brevi pause all'aria aperta mi fanno particolarmente bene.<\/p>\r\n<p><strong>Cosa fa di un moderatore un buon moderatore, soprattutto quando si tratta di un argomento complesso come la qualit\u00e0?<\/strong><\/p>\r\n<p>Un buon moderatore accompagna le persone e affronta le domande che sorgono nel pubblico. \u00c8 vario - a volte serio, a volte umoristico - e riesce a guardare dietro la facciata dell'altra persona. La cosa pi\u00f9 importante \u00e8 creare un dialogo genuino, qualcosa che tocchi e commuova.<\/p>\r\n<p><strong>C'\u00e8 un momento sul palco che ricorda in modo particolare?<\/strong><\/p>\r\n<p>All'ultimo TSQ, la neuroscienziata Barbara Studer ci ha mostrato quanto sia liberatorio uscire dalla propria zona di comfort, tanto che abbiamo cantato spontaneamente \"Blowing in the Wind\" insieme sul palco. Anche Kathrin Lehmann, ex atleta di punta e imprenditrice, ha colpito per il suo modo di fare semplice e alla mano. Il suo messaggio sull'importanza di celebrare il successo mi ha lasciato un'impressione duratura.<\/p>\r\n<p><strong>Quest'anno il motto del TSQ \u00e8 \"Decollare con lungimiranza\". Che cosa significa per lei personalmente?<\/strong><\/p>\r\n<p>Quest'anno ho preso a cuore la previsione: ad aprile partir\u00f2 per un viaggio di un mese per acquisire nuove prospettive e ricaricare le batterie. Rifletter\u00f2 su ci\u00f2 che \u00e8 importante per me e su quali obiettivi voglio ancora raggiungere.<\/p>\r\n<p><strong>Il tema dell'intelligenza artificiale \u00e8 onnipresente. Che ruolo ha nel suo lavoro di presentatore e professionista dei media?<\/strong><\/p>\r\n<p>Ad essere onesti, sono \"vecchia scuola\" da questo punto di vista: Non ho mai usato strumenti come ChatGPT o simili prima d'ora.<\/p>\r\n<p><strong>Infine, perch\u00e9 non dovreste perdervi il TSQ?<\/strong><\/p>\r\n<p>Il TSQ d\u00e0 nuovi impulsi, vi fa uscire dalla vostra bolla di sapone e vi offre l'opportunit\u00e0 di incontrare persone e progetti stimolanti. E naturalmente: networking!<\/p>\r\n<p><strong>Sono spunti interessanti, Andrea. \u00c8 impressionante il modo in cui vivi la qualit\u00e0 dentro e fuori dal palco e arricchisci la Giornata svizzera della qualit\u00e0. Grazie mille per l'intervista stimolante!\u00a0<\/strong><\/p>\r\n<blockquote>\r\n<h3>La persona<\/h3>\r\n<p>Andrea Vetsch ha studiato lingua e letteratura tedesca, giornalismo e pedagogia sociale a Zurigo. Ha presentato il notiziario Tagesschau dal 2005, anche a \"Schweizweit\" e \"10vor10\". Dopo una pausa, dal 2020 \u00e8 di nuovo il volto dell'edizione principale di Tagesschau. Dal 2021 \u00e8 la presentatrice della Giornata svizzera della qualit\u00e0.<\/p>\r\n<\/blockquote>\r\n<p>&nbsp;<\/p>\r\n<blockquote>\r\n<h3>Giornata della qualit\u00e0 svizzera<\/h3>\r\n<p>La Giornata svizzera della qualit\u00e0 \u00e8 stata lanciata nel 2008 dall'Associazione svizzera per la qualit\u00e0 SAQ. L'obiettivo dell'evento \u00e8 quello di promuovere uno scambio intersettoriale sul tema della qualit\u00e0 come uno dei cardini dell'economia svizzera. Il congresso annuale \u00e8 organizzato dall'Associazione Svizzera per la Qualit\u00e0 SAQ in collaborazione con Shift Svizzera.<\/p>\r\n<p><a href=\"https:\/\/saq.abacuscity.ch\/de\/B~E-TSQ-250513\/Tag-der-Schweizer-Qualit%C3%A4t-13.05.2025-%7C-BernExpo\">Ulteriori informazioni e registrazione<\/a><\/p>\r\n<\/blockquote>\r\n<p>&nbsp;<\/p>\n<p class=\"syndicated-attribution\">Questo articolo \u00e8 apparso originariamente su m-q.ch - <a href=\"https:\/\/www.m-q.ch\/de\/frische-ideen-und-starke-begegnungen\/\" target=\"_blank\">https:\/\/www.m-q.ch\/de\/frische-ideen-und-starke-begegnungen\/<\/a><\/p>","protected":false},"excerpt":{"rendered":"<p>La Giornata svizzera della qualit\u00e0 si terr\u00e0 nuovamente a Berna il 13 maggio 2025. Anche quest'anno sar\u00e0 Andrea Vetsch a condurre l'evento.<\/p>","protected":false},"author":8,"featured_media":0,"comment_status":"closed","ping_status":"closed","sticky":false,"template":"","format":"standard","meta":{"_acf_changed":false,"_yoast_wpseo_focuskw":"Tag der Schweizer Qualit\u00e4t 2025","_yoast_wpseo_metadesc":"Andrea Vetsch moderiert erneut den Tag der Schweizer Qualit\u00e4t. Einblicke in ihre Vorbereitungen, Highlights und Bedeutung von Weitblick.","articlekey":"","footnotes":""},"categories":[582],"tags":[636,586,1968,2050,424,2576],"class_list":["post-36015","post","type-post","status-publish","format-standard","hentry","category-operational-excellence","tag-tag-der-schweizer-qualitaet","tag-allgemein","tag-qualitaet","tag-saq","tag-schweiz","tag-wirtschaft"],"acf":[],"yoast_head":"<!-- This site is optimized with the Yoast SEO plugin v27.5 - https:\/\/yoast.com\/product\/yoast-seo-wordpress\/ -->\n<title>\u00abFrische Ideen und starke Begegnungen\u00bb - Organisator<\/title>\n<meta name=\"description\" content=\"Andrea Vetsch moderiert erneut den Tag der Schweizer Qualit\u00e4t. Einblicke in ihre Vorbereitungen, Highlights und Bedeutung von Weitblick.\" \/>\n<meta name=\"robots\" content=\"index, follow, max-snippet:-1, max-image-preview:large, max-video-preview:-1\" \/>\n<link rel=\"canonical\" href=\"https:\/\/www.organisator.ch\/it\/eccellenza-operativa\/2025-02-18\/frische-ideen-und-starke-begegnungen\/\" \/>\n<meta property=\"og:locale\" content=\"it_IT\" \/>\n<meta property=\"og:type\" content=\"article\" \/>\n<meta property=\"og:title\" content=\"\u00abFrische Ideen und starke Begegnungen\u00bb - Organisator\" \/>\n<meta property=\"og:description\" content=\"Andrea Vetsch moderiert erneut den Tag der Schweizer Qualit\u00e4t. Einblicke in ihre Vorbereitungen, Highlights und Bedeutung von Weitblick.\" \/>\n<meta property=\"og:url\" content=\"https:\/\/www.organisator.ch\/it\/eccellenza-operativa\/2025-02-18\/frische-ideen-und-starke-begegnungen\/\" \/>\n<meta property=\"og:site_name\" content=\"Organisator\" \/>\n<meta property=\"article:publisher\" content=\"https:\/\/www.facebook.com\/OrganisatorFachmagazin\" \/>\n<meta property=\"article:published_time\" content=\"2025-02-18T06:30:25+00:00\" \/>\n<meta property=\"article:modified_time\" content=\"2025-02-18T06:30:43+00:00\" \/>\n<meta property=\"og:image\" content=\"https:\/\/www.organisator.ch\/wp-content\/uploads\/2023\/07\/2022-verzeichnete-wieder-mehr-Wirtschaftsdelikte-2_Organisator.jpg\" \/>\n\t<meta property=\"og:image:width\" content=\"680\" \/>\n\t<meta property=\"og:image:height\" content=\"394\" \/>\n\t<meta property=\"og:image:type\" content=\"image\/jpeg\" \/>\n<meta name=\"author\" content=\"galledia\" \/>\n<meta name=\"twitter:card\" content=\"summary_large_image\" \/>\n<meta name=\"twitter:creator\" content=\"@admin\" \/>\n<script type=\"application\/ld+json\" class=\"yoast-schema-graph\">{\"@context\":\"https:\\\/\\\/schema.org\",\"@graph\":[{\"@type\":\"Article\",\"@id\":\"https:\\\/\\\/www.organisator.ch\\\/operational-excellence\\\/2025-02-18\\\/frische-ideen-und-starke-begegnungen\\\/#article\",\"isPartOf\":{\"@id\":\"https:\\\/\\\/www.organisator.ch\\\/operational-excellence\\\/2025-02-18\\\/frische-ideen-und-starke-begegnungen\\\/\"},\"author\":{\"name\":\"galledia\",\"@id\":\"https:\\\/\\\/www.organisator.ch\\\/#\\\/schema\\\/person\\\/4e51799071cd2dd1232ac003643ef5f0\"},\"headline\":\"\u00abFrische Ideen und starke Begegnungen\u00bb\",\"datePublished\":\"2025-02-18T06:30:25+00:00\",\"dateModified\":\"2025-02-18T06:30:43+00:00\",\"mainEntityOfPage\":{\"@id\":\"https:\\\/\\\/www.organisator.ch\\\/operational-excellence\\\/2025-02-18\\\/frische-ideen-und-starke-begegnungen\\\/\"},\"wordCount\":755,\"publisher\":{\"@id\":\"https:\\\/\\\/www.organisator.ch\\\/#organization\"},\"image\":{\"@id\":\"https:\\\/\\\/www.organisator.ch\\\/operational-excellence\\\/2025-02-18\\\/frische-ideen-und-starke-begegnungen\\\/#primaryimage\"},\"thumbnailUrl\":\"https:\\\/\\\/www.m-q.ch\\\/wp-content\\\/uploads\\\/2025\\\/02\\\/Flash_AndreaVetsch_Bild_HIGH_management_qualitaet_140483-scaled.jpg\",\"keywords\":[\"\u00abTag der Schweizer Qualit\u00e4t\u00bb\",\"Allgemein\",\"Qualit\u00e4t\",\"SAQ\",\"Schweiz\",\"Wirtschaft\"],\"articleSection\":[\"OPERATIONAL EXCELLENCE\"],\"inLanguage\":\"it-IT\"},{\"@type\":\"WebPage\",\"@id\":\"https:\\\/\\\/www.organisator.ch\\\/operational-excellence\\\/2025-02-18\\\/frische-ideen-und-starke-begegnungen\\\/\",\"url\":\"https:\\\/\\\/www.organisator.ch\\\/operational-excellence\\\/2025-02-18\\\/frische-ideen-und-starke-begegnungen\\\/\",\"name\":\"\u00abFrische Ideen und starke Begegnungen\u00bb - Organisator\",\"isPartOf\":{\"@id\":\"https:\\\/\\\/www.organisator.ch\\\/#website\"},\"primaryImageOfPage\":{\"@id\":\"https:\\\/\\\/www.organisator.ch\\\/operational-excellence\\\/2025-02-18\\\/frische-ideen-und-starke-begegnungen\\\/#primaryimage\"},\"image\":{\"@id\":\"https:\\\/\\\/www.organisator.ch\\\/operational-excellence\\\/2025-02-18\\\/frische-ideen-und-starke-begegnungen\\\/#primaryimage\"},\"thumbnailUrl\":\"https:\\\/\\\/www.m-q.ch\\\/wp-content\\\/uploads\\\/2025\\\/02\\\/Flash_AndreaVetsch_Bild_HIGH_management_qualitaet_140483-scaled.jpg\",\"datePublished\":\"2025-02-18T06:30:25+00:00\",\"dateModified\":\"2025-02-18T06:30:43+00:00\",\"description\":\"Andrea Vetsch moderiert erneut den Tag der Schweizer Qualit\u00e4t. Einblicke in ihre Vorbereitungen, Highlights und Bedeutung von Weitblick.\",\"breadcrumb\":{\"@id\":\"https:\\\/\\\/www.organisator.ch\\\/operational-excellence\\\/2025-02-18\\\/frische-ideen-und-starke-begegnungen\\\/#breadcrumb\"},\"inLanguage\":\"it-IT\",\"potentialAction\":[{\"@type\":\"ReadAction\",\"target\":[\"https:\\\/\\\/www.organisator.ch\\\/operational-excellence\\\/2025-02-18\\\/frische-ideen-und-starke-begegnungen\\\/\"]}]},{\"@type\":\"ImageObject\",\"inLanguage\":\"it-IT\",\"@id\":\"https:\\\/\\\/www.organisator.ch\\\/operational-excellence\\\/2025-02-18\\\/frische-ideen-und-starke-begegnungen\\\/#primaryimage\",\"url\":\"https:\\\/\\\/www.m-q.ch\\\/wp-content\\\/uploads\\\/2025\\\/02\\\/Flash_AndreaVetsch_Bild_HIGH_management_qualitaet_140483-scaled.jpg\",\"contentUrl\":\"https:\\\/\\\/www.m-q.ch\\\/wp-content\\\/uploads\\\/2025\\\/02\\\/Flash_AndreaVetsch_Bild_HIGH_management_qualitaet_140483-scaled.jpg\"},{\"@type\":\"BreadcrumbList\",\"@id\":\"https:\\\/\\\/www.organisator.ch\\\/operational-excellence\\\/2025-02-18\\\/frische-ideen-und-starke-begegnungen\\\/#breadcrumb\",\"itemListElement\":[{\"@type\":\"ListItem\",\"position\":1,\"name\":\"Home\",\"item\":\"https:\\\/\\\/www.organisator.ch\\\/\"},{\"@type\":\"ListItem\",\"position\":2,\"name\":\"\u00abFrische Ideen und starke Begegnungen\u00bb\"}]},{\"@type\":\"WebSite\",\"@id\":\"https:\\\/\\\/www.organisator.ch\\\/#website\",\"url\":\"https:\\\/\\\/www.organisator.ch\\\/\",\"name\":\"Organisator\",\"description\":\"Kompetent. Praxisnah. Der ORGANISATOR bereitet in 10 Ausgaben pro Jahr die wesentlichen Themen f\u00fcr F\u00fchrungskr\u00e4fte von KMU auf.\",\"publisher\":{\"@id\":\"https:\\\/\\\/www.organisator.ch\\\/#organization\"},\"potentialAction\":[{\"@type\":\"SearchAction\",\"target\":{\"@type\":\"EntryPoint\",\"urlTemplate\":\"https:\\\/\\\/www.organisator.ch\\\/?s={search_term_string}\"},\"query-input\":{\"@type\":\"PropertyValueSpecification\",\"valueRequired\":true,\"valueName\":\"search_term_string\"}}],\"inLanguage\":\"it-IT\"},{\"@type\":\"Organization\",\"@id\":\"https:\\\/\\\/www.organisator.ch\\\/#organization\",\"name\":\"Organisator\",\"url\":\"https:\\\/\\\/www.organisator.ch\\\/\",\"logo\":{\"@type\":\"ImageObject\",\"inLanguage\":\"it-IT\",\"@id\":\"https:\\\/\\\/www.organisator.ch\\\/#\\\/schema\\\/logo\\\/image\\\/\",\"url\":\"https:\\\/\\\/www.organisator.ch\\\/wp-content\\\/uploads\\\/2022\\\/01\\\/Logo_Organisator_Website.png\",\"contentUrl\":\"https:\\\/\\\/www.organisator.ch\\\/wp-content\\\/uploads\\\/2022\\\/01\\\/Logo_Organisator_Website.png\",\"width\":800,\"height\":77,\"caption\":\"Organisator\"},\"image\":{\"@id\":\"https:\\\/\\\/www.organisator.ch\\\/#\\\/schema\\\/logo\\\/image\\\/\"},\"sameAs\":[\"https:\\\/\\\/www.facebook.com\\\/OrganisatorFachmagazin\",\"https:\\\/\\\/www.linkedin.com\\\/showcase\\\/organisator-das-magazin-fr-kmu\",\"https:\\\/\\\/www.xing.com\\\/news\\\/pages\\\/organisator-ch-695\",\"https:\\\/\\\/www.youtube.com\\\/channel\\\/UCGP2Sq0iWaZwT3BdIAQFYpw\"]},{\"@type\":\"Person\",\"@id\":\"https:\\\/\\\/www.organisator.ch\\\/#\\\/schema\\\/person\\\/4e51799071cd2dd1232ac003643ef5f0\",\"name\":\"galledia\",\"image\":{\"@type\":\"ImageObject\",\"inLanguage\":\"it-IT\",\"@id\":\"https:\\\/\\\/secure.gravatar.com\\\/avatar\\\/78a7f90c01fc2bfc875782a0d4922b37cde2cf184ce347b91316d23cd7f69a36?s=96&d=mm&r=g\",\"url\":\"https:\\\/\\\/secure.gravatar.com\\\/avatar\\\/78a7f90c01fc2bfc875782a0d4922b37cde2cf184ce347b91316d23cd7f69a36?s=96&d=mm&r=g\",\"contentUrl\":\"https:\\\/\\\/secure.gravatar.com\\\/avatar\\\/78a7f90c01fc2bfc875782a0d4922b37cde2cf184ce347b91316d23cd7f69a36?s=96&d=mm&r=g\",\"caption\":\"galledia\"},\"sameAs\":[\"https:\\\/\\\/x.com\\\/admin\"],\"url\":\"https:\\\/\\\/www.organisator.ch\\\/it\\\/author\\\/galledia\\\/\"}]}<\/script>\n<!-- \/ Yoast SEO plugin. -->","yoast_head_json":{"title":"\"Idee fresche e incontri forti\" - Organizzatore","description":"Andrea Vetsch ospita ancora una volta la Giornata svizzera della qualit\u00e0. I suoi preparativi, i punti salienti e l'importanza della lungimiranza.","robots":{"index":"index","follow":"follow","max-snippet":"max-snippet:-1","max-image-preview":"max-image-preview:large","max-video-preview":"max-video-preview:-1"},"canonical":"https:\/\/www.organisator.ch\/it\/eccellenza-operativa\/2025-02-18\/frische-ideen-und-starke-begegnungen\/","og_locale":"it_IT","og_type":"article","og_title":"\u00abFrische Ideen und starke Begegnungen\u00bb - Organisator","og_description":"Andrea Vetsch moderiert erneut den Tag der Schweizer Qualit\u00e4t. Einblicke in ihre Vorbereitungen, Highlights und Bedeutung von Weitblick.","og_url":"https:\/\/www.organisator.ch\/it\/eccellenza-operativa\/2025-02-18\/frische-ideen-und-starke-begegnungen\/","og_site_name":"Organisator","article_publisher":"https:\/\/www.facebook.com\/OrganisatorFachmagazin","article_published_time":"2025-02-18T06:30:25+00:00","article_modified_time":"2025-02-18T06:30:43+00:00","og_image":[{"width":680,"height":394,"url":"https:\/\/www.organisator.ch\/wp-content\/uploads\/2023\/07\/2022-verzeichnete-wieder-mehr-Wirtschaftsdelikte-2_Organisator.jpg","type":"image\/jpeg"}],"author":"galledia","twitter_card":"summary_large_image","twitter_creator":"@admin","schema":{"@context":"https:\/\/schema.org","@graph":[{"@type":"Article","@id":"https:\/\/www.organisator.ch\/operational-excellence\/2025-02-18\/frische-ideen-und-starke-begegnungen\/#article","isPartOf":{"@id":"https:\/\/www.organisator.ch\/operational-excellence\/2025-02-18\/frische-ideen-und-starke-begegnungen\/"},"author":{"name":"galledia","@id":"https:\/\/www.organisator.ch\/#\/schema\/person\/4e51799071cd2dd1232ac003643ef5f0"},"headline":"\u00abFrische Ideen und starke Begegnungen\u00bb","datePublished":"2025-02-18T06:30:25+00:00","dateModified":"2025-02-18T06:30:43+00:00","mainEntityOfPage":{"@id":"https:\/\/www.organisator.ch\/operational-excellence\/2025-02-18\/frische-ideen-und-starke-begegnungen\/"},"wordCount":755,"publisher":{"@id":"https:\/\/www.organisator.ch\/#organization"},"image":{"@id":"https:\/\/www.organisator.ch\/operational-excellence\/2025-02-18\/frische-ideen-und-starke-begegnungen\/#primaryimage"},"thumbnailUrl":"https:\/\/www.m-q.ch\/wp-content\/uploads\/2025\/02\/Flash_AndreaVetsch_Bild_HIGH_management_qualitaet_140483-scaled.jpg","keywords":["\u00abTag der Schweizer Qualit\u00e4t\u00bb","Allgemein","Qualit\u00e4t","SAQ","Schweiz","Wirtschaft"],"articleSection":["OPERATIONAL EXCELLENCE"],"inLanguage":"it-IT"},{"@type":"WebPage","@id":"https:\/\/www.organisator.ch\/operational-excellence\/2025-02-18\/frische-ideen-und-starke-begegnungen\/","url":"https:\/\/www.organisator.ch\/operational-excellence\/2025-02-18\/frische-ideen-und-starke-begegnungen\/","name":"\"Idee fresche e incontri forti\" - Organizzatore","isPartOf":{"@id":"https:\/\/www.organisator.ch\/#website"},"primaryImageOfPage":{"@id":"https:\/\/www.organisator.ch\/operational-excellence\/2025-02-18\/frische-ideen-und-starke-begegnungen\/#primaryimage"},"image":{"@id":"https:\/\/www.organisator.ch\/operational-excellence\/2025-02-18\/frische-ideen-und-starke-begegnungen\/#primaryimage"},"thumbnailUrl":"https:\/\/www.m-q.ch\/wp-content\/uploads\/2025\/02\/Flash_AndreaVetsch_Bild_HIGH_management_qualitaet_140483-scaled.jpg","datePublished":"2025-02-18T06:30:25+00:00","dateModified":"2025-02-18T06:30:43+00:00","description":"Andrea Vetsch ospita ancora una volta la Giornata svizzera della qualit\u00e0. I suoi preparativi, i punti salienti e l'importanza della lungimiranza.","breadcrumb":{"@id":"https:\/\/www.organisator.ch\/operational-excellence\/2025-02-18\/frische-ideen-und-starke-begegnungen\/#breadcrumb"},"inLanguage":"it-IT","potentialAction":[{"@type":"ReadAction","target":["https:\/\/www.organisator.ch\/operational-excellence\/2025-02-18\/frische-ideen-und-starke-begegnungen\/"]}]},{"@type":"ImageObject","inLanguage":"it-IT","@id":"https:\/\/www.organisator.ch\/operational-excellence\/2025-02-18\/frische-ideen-und-starke-begegnungen\/#primaryimage","url":"https:\/\/www.m-q.ch\/wp-content\/uploads\/2025\/02\/Flash_AndreaVetsch_Bild_HIGH_management_qualitaet_140483-scaled.jpg","contentUrl":"https:\/\/www.m-q.ch\/wp-content\/uploads\/2025\/02\/Flash_AndreaVetsch_Bild_HIGH_management_qualitaet_140483-scaled.jpg"},{"@type":"BreadcrumbList","@id":"https:\/\/www.organisator.ch\/operational-excellence\/2025-02-18\/frische-ideen-und-starke-begegnungen\/#breadcrumb","itemListElement":[{"@type":"ListItem","position":1,"name":"Home","item":"https:\/\/www.organisator.ch\/"},{"@type":"ListItem","position":2,"name":"\u00abFrische Ideen und starke Begegnungen\u00bb"}]},{"@type":"WebSite","@id":"https:\/\/www.organisator.ch\/#website","url":"https:\/\/www.organisator.ch\/","name":"Organizzatore","description":"Competente. Pratico. In 10 numeri all'anno, ORGANISATOR presenta i temi essenziali per i manager delle PMI.","publisher":{"@id":"https:\/\/www.organisator.ch\/#organization"},"potentialAction":[{"@type":"SearchAction","target":{"@type":"EntryPoint","urlTemplate":"https:\/\/www.organisator.ch\/?s={search_term_string}"},"query-input":{"@type":"PropertyValueSpecification","valueRequired":true,"valueName":"search_term_string"}}],"inLanguage":"it-IT"},{"@type":"Organization","@id":"https:\/\/www.organisator.ch\/#organization","name":"Organizzatore","url":"https:\/\/www.organisator.ch\/","logo":{"@type":"ImageObject","inLanguage":"it-IT","@id":"https:\/\/www.organisator.ch\/#\/schema\/logo\/image\/","url":"https:\/\/www.organisator.ch\/wp-content\/uploads\/2022\/01\/Logo_Organisator_Website.png","contentUrl":"https:\/\/www.organisator.ch\/wp-content\/uploads\/2022\/01\/Logo_Organisator_Website.png","width":800,"height":77,"caption":"Organisator"},"image":{"@id":"https:\/\/www.organisator.ch\/#\/schema\/logo\/image\/"},"sameAs":["https:\/\/www.facebook.com\/OrganisatorFachmagazin","https:\/\/www.linkedin.com\/showcase\/organisator-das-magazin-fr-kmu","https:\/\/www.xing.com\/news\/pages\/organisator-ch-695","https:\/\/www.youtube.com\/channel\/UCGP2Sq0iWaZwT3BdIAQFYpw"]},{"@type":"Person","@id":"https:\/\/www.organisator.ch\/#\/schema\/person\/4e51799071cd2dd1232ac003643ef5f0","name":"galledia","image":{"@type":"ImageObject","inLanguage":"it-IT","@id":"https:\/\/secure.gravatar.com\/avatar\/78a7f90c01fc2bfc875782a0d4922b37cde2cf184ce347b91316d23cd7f69a36?s=96&d=mm&r=g","url":"https:\/\/secure.gravatar.com\/avatar\/78a7f90c01fc2bfc875782a0d4922b37cde2cf184ce347b91316d23cd7f69a36?s=96&d=mm&r=g","contentUrl":"https:\/\/secure.gravatar.com\/avatar\/78a7f90c01fc2bfc875782a0d4922b37cde2cf184ce347b91316d23cd7f69a36?s=96&d=mm&r=g","caption":"galledia"},"sameAs":["https:\/\/x.com\/admin"],"url":"https:\/\/www.organisator.ch\/it\/author\/galledia\/"}]}},"_links":{"self":[{"href":"https:\/\/www.organisator.ch\/it\/wp-json\/wp\/v2\/posts\/36015","targetHints":{"allow":["GET"]}}],"collection":[{"href":"https:\/\/www.organisator.ch\/it\/wp-json\/wp\/v2\/posts"}],"about":[{"href":"https:\/\/www.organisator.ch\/it\/wp-json\/wp\/v2\/types\/post"}],"author":[{"embeddable":true,"href":"https:\/\/www.organisator.ch\/it\/wp-json\/wp\/v2\/users\/8"}],"replies":[{"embeddable":true,"href":"https:\/\/www.organisator.ch\/it\/wp-json\/wp\/v2\/comments?post=36015"}],"version-history":[{"count":5,"href":"https:\/\/www.organisator.ch\/it\/wp-json\/wp\/v2\/posts\/36015\/revisions"}],"predecessor-version":[{"id":36030,"href":"https:\/\/www.organisator.ch\/it\/wp-json\/wp\/v2\/posts\/36015\/revisions\/36030"}],"wp:attachment":[{"href":"https:\/\/www.organisator.ch\/it\/wp-json\/wp\/v2\/media?parent=36015"}],"wp:term":[{"taxonomy":"category","embeddable":true,"href":"https:\/\/www.organisator.ch\/it\/wp-json\/wp\/v2\/categories?post=36015"},{"taxonomy":"post_tag","embeddable":true,"href":"https:\/\/www.organisator.ch\/it\/wp-json\/wp\/v2\/tags?post=36015"}],"curies":[{"name":"wp","href":"https:\/\/api.w.org\/{rel}","templated":true}]}}