{"id":36027,"date":"2025-02-18T09:00:14","date_gmt":"2025-02-18T08:00:14","guid":{"rendered":"https:\/\/www.markt-kom.com\/?p=229575"},"modified":"2025-02-18T10:20:50","modified_gmt":"2025-02-18T09:20:50","slug":"team-farner-gewinnt-das-kreativranking-2024","status":"publish","type":"post","link":"https:\/\/www.organisator.ch\/it\/marketing\/2025-02-18\/team-farner-gewinnt-das-kreativranking-2024\/","title":{"rendered":"Il team Farner vince la classifica dei creativi 2024"},"content":{"rendered":"<p><a href=\"https:\/\/www.markt-kom.com\/wp-content\/uploads\/2025\/02\/Farner-Header-Kreativranking-2024-Online.jpg\"><img class=\"aligncenter size-full wp-image-230586\" src=\"https:\/\/www.markt-kom.com\/wp-content\/uploads\/2025\/02\/Farner-Header-Kreativranking-2024-Online.jpg\" sizes=\"(max-width: 1200px) 100vw, 1200px\" srcset=\"https:\/\/www.markt-kom.com\/wp-content\/uploads\/2025\/02\/Farner-Header-Kreativranking-2024-Online.jpg 1200w, https:\/\/www.markt-kom.com\/wp-content\/uploads\/2025\/02\/Farner-Header-Kreativranking-2024-Online-600x301.jpg 600w, https:\/\/www.markt-kom.com\/wp-content\/uploads\/2025\/02\/Farner-Header-Kreativranking-2024-Online-1024x514.jpg 1024w, https:\/\/www.markt-kom.com\/wp-content\/uploads\/2025\/02\/Farner-Header-Kreativranking-2024-Online-768x385.jpg 768w, https:\/\/www.markt-kom.com\/wp-content\/uploads\/2025\/02\/Farner-Header-Kreativranking-2024-Online-18x9.jpg 18w, https:\/\/www.markt-kom.com\/wp-content\/uploads\/2025\/02\/Farner-Header-Kreativranking-2024-Online-349x175.jpg 349w, https:\/\/www.markt-kom.com\/wp-content\/uploads\/2025\/02\/Farner-Header-Kreativranking-2024-Online-698x350.jpg 698w, https:\/\/www.markt-kom.com\/wp-content\/uploads\/2025\/02\/Farner-Header-Kreativranking-2024-Online-1000x502.jpg 1000w\" alt=\"\" width=\"1200\" height=\"602\" \/><\/a><\/p>\r\n<p>Negli ultimi anni il Team Farner ha continuato a scalare le classifiche creative. Dal 10\u00b0 posto nel 2020 all'8\u00b0 nel 2021, al 4\u00b0 nel 2022 e al 3\u00b0 nel 2023, il Team Farner si trova ora al 1\u00b0 posto nel 2024. Due Leoni di Cannes, una Matita di legno al D&amp;AD, uno dei sette possibili \"Grand Prix\" al Festival di New York, oltre a un totale di sette Effie: questi riconoscimenti nazionali e internazionali si sommano a un \"anno da sogno\" per il Team Farner, secondo il socio e Chief Creative Officer Philipp Skrabal.<\/p>\r\n<p>Quali sono state le forze trainanti che hanno liberato il potenziale creativo nel 2024? Philipp Skrabal \u00e8 certo che sia stata e rimarr\u00e0 la tecnologia. Lo riassume cos\u00ec: \"Da diversi anni lavoriamo intensamente per combinare creativit\u00e0 e tecnologie digitali, e questo sta dando i suoi frutti\". Skrabal definisce l'avatar per <a href=\"https:\/\/www.markt-kom.com\/de\/markom\/awards\/wir-haben-nicht-auf-mitleid-abgezielt-sondern-auf-staerke\/\" rel=\"noopener\">Elezione di Islam Alijaj al Consiglio Nazionale<\/a>i filmati personalizzati per i partecipanti alla UBS Kids Cup o i filmati personalizzati per i partecipanti alla UBS Kids Cup o i filmati personalizzati per i partecipanti alla UBS Kids Cup. <a href=\"https:\/\/www.markt-kom.com\/de\/kreativity\/kampagnen\/yoveo-team-farner-und-arosa-machen-mit-ki-traeume-wahr\/\" rel=\"noopener\">Campagna invernale 2024 per Arosa Turismo<\/a>. \"Sono tutti esempi premiati di come l'IA possa essere utilizzata per creare spazi completamente nuovi per la creativit\u00e0\".<\/p>\r\n<blockquote>\r\n<p>I concorsi creativi creano misurabilit\u00e0.<\/p>\r\n<\/blockquote>\r\n<p>I premi e le relative classifiche non hanno lo stesso valore e rilevanza per tutte le agenzie creative, ma il Team Farner li considera sicuramente un buon strumento di auto-marketing. Secondo Philipp Skrabal, le gare creative creano misurabilit\u00e0. Si congratula con Thjnk e TBWA per i loro primi posti in classifica ed \u00e8 felice che si stiano permettendo il successo a vicenda. La creativit\u00e0 deve essere ampiamente praticata ed \u00e8 la migliore pubblicit\u00e0 per il settore. <span style=\"color: #ff9900;\"><strong><em>(Leggi qui l'intervista vincente a Philipp Skrabal su Markt-kom.com).<\/em><\/strong><\/span><\/p>\r\n<p><iframe title=\"Scrittura di storia | Islam Alijaj\" src=\"https:\/\/www.youtube.com\/embed\/PPxQDjrBz3M?feature=oembed\" width=\"768\" height=\"432\" frameborder=\"0\" allowfullscreen=\"allowfullscreen\"><\/iframe><\/p>\r\n<p><iframe title=\"Greenpeace: se respiri, hai bisogno del mare\" src=\"https:\/\/www.youtube.com\/embed\/NIqi-xwNcpA?feature=oembed\" width=\"768\" height=\"432\" frameborder=\"0\" allowfullscreen=\"allowfullscreen\"><\/iframe><\/p>\r\n<figure id=\"attachment_209021\" class=\"wp-caption aligncenter\" style=\"width: 1300px;\" aria-describedby=\"caption-attachment-209021\"><a href=\"https:\/\/www.markt-kom.com\/wp-content\/uploads\/2024\/01\/die-teilnehmenden-koennen-ihren-persoenlichen-bergtraum-mittels-ki-darstellen-lassen-16446929-scaled.jpg\"><img class=\"size-full wp-image-209021\" src=\"https:\/\/www.markt-kom.com\/wp-content\/uploads\/2024\/01\/die-teilnehmenden-koennen-ihren-persoenlichen-bergtraum-mittels-ki-darstellen-lassen-16446929-scaled.jpg\" sizes=\"(max-width: 1300px) 100vw, 1300px\" srcset=\"https:\/\/www.markt-kom.com\/wp-content\/uploads\/2024\/01\/die-teilnehmenden-koennen-ihren-persoenlichen-bergtraum-mittels-ki-darstellen-lassen-16446929-scaled.jpg 1300w, https:\/\/www.markt-kom.com\/wp-content\/uploads\/2024\/01\/die-teilnehmenden-koennen-ihren-persoenlichen-bergtraum-mittels-ki-darstellen-lassen-16446929-600x399.jpg 600w, https:\/\/www.markt-kom.com\/wp-content\/uploads\/2024\/01\/die-teilnehmenden-koennen-ihren-persoenlichen-bergtraum-mittels-ki-darstellen-lassen-16446929-1024x682.jpg 1024w, https:\/\/www.markt-kom.com\/wp-content\/uploads\/2024\/01\/die-teilnehmenden-koennen-ihren-persoenlichen-bergtraum-mittels-ki-darstellen-lassen-16446929-768x511.jpg 768w, https:\/\/www.markt-kom.com\/wp-content\/uploads\/2024\/01\/die-teilnehmenden-koennen-ihren-persoenlichen-bergtraum-mittels-ki-darstellen-lassen-16446929-1536x1022.jpg 1536w, https:\/\/www.markt-kom.com\/wp-content\/uploads\/2024\/01\/die-teilnehmenden-koennen-ihren-persoenlichen-bergtraum-mittels-ki-darstellen-lassen-16446929-2048x1363.jpg 2048w, https:\/\/www.markt-kom.com\/wp-content\/uploads\/2024\/01\/die-teilnehmenden-koennen-ihren-persoenlichen-bergtraum-mittels-ki-darstellen-lassen-16446929-18x12.jpg 18w, https:\/\/www.markt-kom.com\/wp-content\/uploads\/2024\/01\/die-teilnehmenden-koennen-ihren-persoenlichen-bergtraum-mittels-ki-darstellen-lassen-16446929-263x175.jpg 263w, https:\/\/www.markt-kom.com\/wp-content\/uploads\/2024\/01\/die-teilnehmenden-koennen-ihren-persoenlichen-bergtraum-mittels-ki-darstellen-lassen-16446929-526x350.jpg 526w, https:\/\/www.markt-kom.com\/wp-content\/uploads\/2024\/01\/die-teilnehmenden-koennen-ihren-persoenlichen-bergtraum-mittels-ki-darstellen-lassen-16446929-1000x666.jpg 1000w\" alt=\"\" width=\"1300\" height=\"865\" \/><\/a>\r\n<figcaption id=\"caption-attachment-209021\" class=\"wp-caption-text\">Nella campagna invernale AI di Arosa Turismo, i partecipanti hanno potuto visualizzare il loro sogno personale di montagna utilizzando l'AI. (Foto: Arosa Turismo)<\/figcaption>\r\n<\/figure>\r\n<h3>L'agenzia Thjnk di Zurigo ha ottenuto il secondo posto<\/h3>\r\n<p>Con 391 punti, Thjnk si \u00e8 assicurata il secondo posto quest'anno. L'agenzia si \u00e8 classificata quarta l'anno scorso e ha conquistato la vetta della classifica creativa in Svizzera nel 2022. Alla domanda su quale sia stata la migliore campagna del 2024, il cofondatore e direttore creativo Alexander Jaggy rende omaggio al Team Farner, vincitore della classifica: \"La campagna per il candidato al Consiglio nazionale Alijaj. Una campagna elettorale creativa! Quindi funziona\", spiega con apprezzamento.<\/p>\r\n<blockquote>\r\n<p>Una campagna elettorale creativa! Quindi funziona!<\/p>\r\n<\/blockquote>\r\n<p>Nel complesso, Jaggy ha una visione piuttosto sobria dei premi e del loro significato. Non sono noti per la loro agilit\u00e0, seguono il denaro, non una visione - e questo pu\u00f2 essere solo reattivo, dice Jaggy. Tuttavia, il direttore creativo di Thjnk si congratula con il vincitore Team Farner per la vittoria \"brillante e meritata\": \"Ci sentiamo a nostro agio nella posizione di spalla sul podio. Alla fine, si tratta solo di una classifica, di una categorizzazione attuale. Il fattore decisivo \u00e8 il successo sul mercato\".<\/p>\r\n<p>Alla domanda sugli obiettivi della sua agenzia per il 2025, risponde: \"Come agenzia, ci siamo posti l'obiettivo di sviluppare campagne creative con un impatto dimostrabile fin dall'inizio. Nel 2024 abbiamo avuto la massima sovrapposizione possibile tra il concorso creativo ADC Switzerland e il concorso di efficienza Effie Switzerland. Continueremo a seguire questa strada con coerenza\".<\/p>\r\n<p><iframe title=\"Tutti possono permettersi la bella vita.\" src=\"https:\/\/www.youtube.com\/embed\/WtozKWiYCAs?feature=oembed\" width=\"768\" height=\"432\" frameborder=\"0\" allowfullscreen=\"allowfullscreen\"><\/iframe><\/p>\r\n<figure id=\"attachment_230584\" class=\"wp-caption aligncenter\" style=\"width: 1200px;\" aria-describedby=\"caption-attachment-230584\"><a href=\"https:\/\/www.markt-kom.com\/wp-content\/uploads\/2025\/02\/Ochsner-Schweiz-ist-unser-Sportpaltz-Thjnk-Effie.jpg\"><img class=\"size-full wp-image-230584\" src=\"https:\/\/www.markt-kom.com\/wp-content\/uploads\/2025\/02\/Ochsner-Schweiz-ist-unser-Sportpaltz-Thjnk-Effie.jpg\" sizes=\"(max-width: 1200px) 100vw, 1200px\" srcset=\"https:\/\/www.markt-kom.com\/wp-content\/uploads\/2025\/02\/Ochsner-Schweiz-ist-unser-Sportpaltz-Thjnk-Effie.jpg 1200w, https:\/\/www.markt-kom.com\/wp-content\/uploads\/2025\/02\/Ochsner-Schweiz-ist-unser-Sportpaltz-Thjnk-Effie-600x338.jpg 600w, https:\/\/www.markt-kom.com\/wp-content\/uploads\/2025\/02\/Ochsner-Schweiz-ist-unser-Sportpaltz-Thjnk-Effie-1024x576.jpg 1024w, https:\/\/www.markt-kom.com\/wp-content\/uploads\/2025\/02\/Ochsner-Schweiz-ist-unser-Sportpaltz-Thjnk-Effie-768x432.jpg 768w, https:\/\/www.markt-kom.com\/wp-content\/uploads\/2025\/02\/Ochsner-Schweiz-ist-unser-Sportpaltz-Thjnk-Effie-18x10.jpg 18w, https:\/\/www.markt-kom.com\/wp-content\/uploads\/2025\/02\/Ochsner-Schweiz-ist-unser-Sportpaltz-Thjnk-Effie-311x175.jpg 311w, https:\/\/www.markt-kom.com\/wp-content\/uploads\/2025\/02\/Ochsner-Schweiz-ist-unser-Sportpaltz-Thjnk-Effie-622x350.jpg 622w, https:\/\/www.markt-kom.com\/wp-content\/uploads\/2025\/02\/Ochsner-Schweiz-ist-unser-Sportpaltz-Thjnk-Effie-1000x563.jpg 1000w\" alt=\"\" width=\"1200\" height=\"675\" \/><\/a>\r\n<figcaption id=\"caption-attachment-230584\" class=\"wp-caption-text\">Anche dopo tre anni e sette campagne, il posizionamento di Ochsner Sport \"La Svizzera \u00e8 il nostro campo sportivo\", realizzato da Thjnk, \u00e8 ancora convincente.<\/figcaption>\r\n<\/figure>\r\n<h3>Il terzo posto va a TBWA-Svizzera<\/h3>\r\n<p>Negli ultimi cinque anni, TBWA\u00b4Switzerland \u00e8 rimasta nella top 10 della classifica creativa. Dal 2021 - con un piccolo \"slittamento\" nel 2023 - \u00e8 stata addirittura tra i primi 5. Con 382 punti, \u00e8 stata solo dietro a Thjnk nella top 3 dell'attuale classifica. Con 382 punti, si \u00e8 piazzata solo dietro Thjnk nella top 3 dell'attuale classifica.<\/p>\r\n<p>Come nel caso di Thjnk, la campagna del Team Farner per Islam Alijaj nel 2024 si distingue per TBWA nel suo complesso. Un lavoro che \"fa venire la pelle d'oca e, in modo positivo, fa anche un po' di invidia. Semplicemente perch\u00e9 ha utilizzato l'IA in modo precoce, emozionante ed emozionale, facendo davvero la differenza nella societ\u00e0\", afferma il direttore creativo Manuel Wenzel. Naturalmente, l'azienda \u00e8 anche particolarmente orgogliosa della Grand Clio internazionale per la <a href=\"https:\/\/www.markt-kom.com\/de\/kreativity\/kampagnen\/tbwazuerich-und-terre-des-femmes-ruetteln-mit-cupcakes-auf\/\" rel=\"noopener\">opera propria \"Cutcakes\"<\/a>.<\/p>\r\n<figure id=\"attachment_200373\" class=\"wp-caption aligncenter\" style=\"width: 1200px;\" aria-describedby=\"caption-attachment-200373\"><a href=\"https:\/\/www.markt-kom.com\/wp-content\/uploads\/2023\/07\/TBWA-neu.jpg\"><img class=\"wp-image-200373 size-full\" src=\"https:\/\/www.markt-kom.com\/wp-content\/uploads\/2023\/07\/TBWA-neu.jpg\" sizes=\"(max-width: 1200px) 100vw, 1200px\" srcset=\"https:\/\/www.markt-kom.com\/wp-content\/uploads\/2023\/07\/TBWA-neu.jpg 1200w, https:\/\/www.markt-kom.com\/wp-content\/uploads\/2023\/07\/TBWA-neu-600x400.jpg 600w, https:\/\/www.markt-kom.com\/wp-content\/uploads\/2023\/07\/TBWA-neu-1024x683.jpg 1024w, https:\/\/www.markt-kom.com\/wp-content\/uploads\/2023\/07\/TBWA-neu-768x512.jpg 768w, https:\/\/www.markt-kom.com\/wp-content\/uploads\/2023\/07\/TBWA-neu-18x12.jpg 18w, https:\/\/www.markt-kom.com\/wp-content\/uploads\/2023\/07\/TBWA-neu-263x175.jpg 263w, https:\/\/www.markt-kom.com\/wp-content\/uploads\/2023\/07\/TBWA-neu-525x350.jpg 525w, https:\/\/www.markt-kom.com\/wp-content\/uploads\/2023\/07\/TBWA-neu-1000x667.jpg 1000w\" alt=\"\" width=\"1200\" height=\"800\" \/><\/a>\r\n<figcaption id=\"caption-attachment-200373\" class=\"wp-caption-text\">La campagna di TBWA per Terre des Femmes ha sensibilizzato l'opinione pubblica sull'aborrita pratica delle mutilazioni genitali femminili.<\/figcaption>\r\n<\/figure>\r\n<p>Quando gli si chiede di parlare del proprio sviluppo, Wenzel dice: \"Per noi di TBWA, il pi\u00f9 grande sviluppo \u00e8 stato quello di aver lanciato il primo caso che ha generato PR veramente globali, e questo con un prodotto (divertente) che abbiamo inventato, la pepita d'amore. Abbiamo ottenuto punti internazionali in categorie interessanti e moderne come 'Creative Commerce' e 'Customer Experience'. E c'\u00e8 stato anche un Effie d'oro come 'ciliegina sulla torta'\".<\/p>\r\n<figure id=\"attachment_225706\" class=\"wp-caption aligncenter\" style=\"width: 1300px;\" aria-describedby=\"caption-attachment-225706\"><a href=\"https:\/\/www.markt-kom.com\/wp-content\/uploads\/2024\/10\/Chicken-McNuggets-of-Love-TBWA-Switzerland-scaled.jpg\"><img class=\"wp-image-225706 size-full\" src=\"https:\/\/www.markt-kom.com\/wp-content\/uploads\/2024\/10\/Chicken-McNuggets-of-Love-TBWA-Switzerland-scaled.jpg\" sizes=\"(max-width: 1300px) 100vw, 1300px\" srcset=\"https:\/\/www.markt-kom.com\/wp-content\/uploads\/2024\/10\/Chicken-McNuggets-of-Love-TBWA-Switzerland-scaled.jpg 1300w, https:\/\/www.markt-kom.com\/wp-content\/uploads\/2024\/10\/Chicken-McNuggets-of-Love-TBWA-Switzerland-600x338.jpg 600w, https:\/\/www.markt-kom.com\/wp-content\/uploads\/2024\/10\/Chicken-McNuggets-of-Love-TBWA-Switzerland-1024x576.jpg 1024w, https:\/\/www.markt-kom.com\/wp-content\/uploads\/2024\/10\/Chicken-McNuggets-of-Love-TBWA-Switzerland-768x432.jpg 768w, https:\/\/www.markt-kom.com\/wp-content\/uploads\/2024\/10\/Chicken-McNuggets-of-Love-TBWA-Switzerland-1536x864.jpg 1536w, https:\/\/www.markt-kom.com\/wp-content\/uploads\/2024\/10\/Chicken-McNuggets-of-Love-TBWA-Switzerland-18x10.jpg 18w, https:\/\/www.markt-kom.com\/wp-content\/uploads\/2024\/10\/Chicken-McNuggets-of-Love-TBWA-Switzerland-311x175.jpg 311w, https:\/\/www.markt-kom.com\/wp-content\/uploads\/2024\/10\/Chicken-McNuggets-of-Love-TBWA-Switzerland-622x350.jpg 622w, https:\/\/www.markt-kom.com\/wp-content\/uploads\/2024\/10\/Chicken-McNuggets-of-Love-TBWA-Switzerland-1000x563.jpg 1000w\" alt=\"\" width=\"1300\" height=\"732\" \/><\/a>\r\n<figcaption id=\"caption-attachment-225706\" class=\"wp-caption-text\">Il McNugget of Love ha attirato l'attenzione internazionale.<\/figcaption>\r\n<\/figure>\r\n<p>Wenzel considera positivo il ruolo dei concorsi creativi nel panorama MarKom. Wenzel \u00e8 convinto che quanto pi\u00f9 le campagne di tutti i giorni vincono premi per attivit\u00e0 quotidiane, tanto pi\u00f9 questi concorsi diventeranno rilevanti anche per i clienti. Nel 2025, l'agenzia continuer\u00e0 sulla strada scelta di vincere premi nel maggior numero possibile di categorie diverse con molti tipi di lavoro diversi, poich\u00e9 ci\u00f2 riflette al meglio il suo portafoglio di servizi. \"Vogliamo continuare a essere percepiti come un'agenzia che padroneggia ogni disciplina rilevante per la moderna comunicazione di marca\", riassume.<\/p>\r\n<h3>Il 4\u00b0 posto va a Jung von Matt Svizzera<\/h3>\r\n<p>Riguardo al quarto posto nella classifica dei creativi svizzeri, Christian Kies, Chief Creative Officer di Jung von Matt Svizzera, afferma: \"Che sia il primo o il decimo posto, rimaniamo insoddisfatti\". Questa \u00e8 sempre stata l'affermazione e ora \u00e8 valida anche in questo caso. Da una prospettiva internazionale, colpisce il fatto che la Svizzera sia stata rappresentata alla Creative World Cup di Cannes solo con due medaglie di bronzo e quattro shortlist. C'\u00e8 ancora molto margine di miglioramento. Tuttavia, Kies si rallegra del fatto che ci siano stati molti \"casi reali\" e che il \"fastidioso tema delle idee d'oro stia passando sempre pi\u00f9 in secondo piano\".<\/p>\r\n<p>Pi\u00f9 importante di qualsiasi premio, tuttavia, \u00e8 garantire la popolarit\u00e0 e la visibilit\u00e0 del lavoro nei media rilevanti per il gruppo target - e non solo. \"I nostri casi devono diventare pop e non oro\", come dice sinteticamente Kies. Per innalzare ulteriormente il livello creativo nel 2025, il team si arricchir\u00e0 di altri talenti internazionali, si aggiungeranno nuovi partner di produzione inediti e si sfrutteranno le sinergie della rete internazionale Jung von Matt. In sintesi: \"Zurigo sar\u00e0 presto citata alla stregua di Londra o Amsterdam come sede creativa\".<\/p>\r\n<h3>Classifica 5 per Publicis Groupe Svizzera<\/h3>\r\n<p>\"Di ritorno dal baratro\". Con queste parole, l'ECD Rob Hartmann commenta il quinto posto di Publicis Groupe Svizzera, che ha raccolto 182 punti nel 2024. La formula del premio consiste nel continuare a combinare idee innovative con un impatto misurabile e ad affrontare temi socialmente rilevanti in modo autentico. Anche la campagna \"Making History\" del Team Farner per Islam Alijaj si \u00e8 distinta per Hartmann. \"La storia creativa \u00e8 stata scritta qui\", \u00e8 convinto. Per il 2025, Hartmann continua a vedere la necessit\u00e0 di mantenere il \"coraggio di essere creativi\" \"per avere successo nel panorama della comunicazione di oggi\".<\/p>\r\n<figure id=\"attachment_230463\" class=\"wp-caption alignnone\" style=\"width: 1400px;\" aria-describedby=\"caption-attachment-230463\"><img class=\"wp-image-230463 size-full\" src=\"https:\/\/www.markt-kom.com\/wp-content\/uploads\/2025\/02\/Krearanking_mk_2025_01-scaled.jpg\" sizes=\"(max-width: 1400px) 100vw, 1400px\" srcset=\"https:\/\/www.markt-kom.com\/wp-content\/uploads\/2025\/02\/Krearanking_mk_2025_01-scaled.jpg 1300w, https:\/\/www.markt-kom.com\/wp-content\/uploads\/2025\/02\/Krearanking_mk_2025_01-600x365.jpg 600w, https:\/\/www.markt-kom.com\/wp-content\/uploads\/2025\/02\/Krearanking_mk_2025_01-1024x624.jpg 1024w, https:\/\/www.markt-kom.com\/wp-content\/uploads\/2025\/02\/Krearanking_mk_2025_01-768x468.jpg 768w, https:\/\/www.markt-kom.com\/wp-content\/uploads\/2025\/02\/Krearanking_mk_2025_01-1536x935.jpg 1536w, https:\/\/www.markt-kom.com\/wp-content\/uploads\/2025\/02\/Krearanking_mk_2025_01-18x12.jpg 18w, https:\/\/www.markt-kom.com\/wp-content\/uploads\/2025\/02\/Krearanking_mk_2025_01-287x175.jpg 287w, https:\/\/www.markt-kom.com\/wp-content\/uploads\/2025\/02\/Krearanking_mk_2025_01-575x350.jpg 575w, https:\/\/www.markt-kom.com\/wp-content\/uploads\/2025\/02\/Krearanking_mk_2025_01-1000x609.jpg 1000w\" alt=\"La Top 5 2024: il Team Farner si posiziona in testa alla classifica, con quasi 200 punti di distacco dal secondo classificato, Thjnk. TBWA\u00b4Switzerland \u00e8 al terzo posto, a poca distanza da Thjnk. I gruppi di agenzie svizzeri Jung von Matt e Publicis si sono assicurati il quarto e il quinto posto.\" width=\"1400\" height=\"853\" \/>\r\n<figcaption id=\"caption-attachment-230463\" class=\"wp-caption-text\">La Top 5 2024: il Team Farner si posiziona in testa alla classifica, con quasi 200 punti di distacco dal secondo classificato, Thjnk. TBWA\u00b4Switzerland \u00e8 al terzo posto, a poca distanza da Thjnk. I gruppi di agenzie svizzeri Jung von Matt e Publicis si sono assicurati il quarto e il quinto posto.<\/figcaption>\r\n<\/figure>\r\n<h3>Una forte top 10<\/h3>\r\n<p>Ottime prestazioni sono state ottenute anche nei ranghi da 6 a 10 nell'anno di premiazione 2024. Al 6\u00b0 posto con 162 punti c'\u00e8 Dept. Il network di agenzie \u00e8 stato il grande vincitore del premio nazionale \"Best of Swiss Apps\", dove ha portato a casa il titolo di \"Master of Swiss Apps\" oltre a numerosi premi d'oro, d'argento e di bronzo.<\/p>\r\n<blockquote>\r\n<p>I concorsi creativi sono importanti. Per la comparabilit\u00e0 e la visibilit\u00e0.<\/p>\r\n<\/blockquote>\r\n<p>Wirz, al 7\u00b0 posto, \u00e8 una vecchia conoscenza della top 10, anche se l'agenzia aveva gi\u00e0 annunciato l'anno scorso che si sarebbe concentrata pi\u00f9 sui clienti che sui premi, un aspetto del suo riorientamento verso la trasformazione in \"Creative Business Partner\".<\/p>\r\n<p>Sir Mary si \u00e8 classificata ottava con 133 punti. Il direttore creativo esecutivo Adrian Merz spiega che 2024 \u00e8 stato un anno come gli altri in termini di premi e candidature e sottolinea che l'agenzia partecipa solo in modo molto selettivo. I premi creativi sono ancora una \"competizione sportiva tra idee, creativi, marchi e agenzie\", afferma Merz. \"Al meglio, questa forma di apprezzamento e celebrazione di risultati eccezionali pu\u00f2 ispirare e avere un effetto motivante sulla creazione quotidiana\". Per Sir Mary, l'anno scorso si \u00e8 distinta in particolare la campagna \"The FlipCode Mystery\" per Samsung. \"Non \u00e8 una campagna pubblicitaria classica, ma un'affascinante fusione di cultura pop e intrattenimento interattivo\", spiega Merz. Essa incarna la pretesa dell'agenzia di ottenere l'attenzione del gruppo target a lungo termine attraverso un intrattenimento \"memorabile\".<\/p>\r\n<p>Digitec Galaxus si \u00e8 classificato al 9\u00b0 posto con 78 punti. Da anni il retailer garantisce un alto livello di creativit\u00e0 con le sue campagne interne, che nel 2024 \u00e8 stato premiato con metallo prezioso agli ADC Awards, agli Edi. e agli Swiss Out Of Home Awards e quindi con un posto nella classifica creativa. Il fatto che l'ADC abbia assegnato per la seconda volta un Evergreen a Digitec Galaxus, questa volta per la campagna \"Voll das Leben\", sottolinea ulteriormente il livello costantemente elevato del lavoro creativo.<\/p>\r\n<p>Infine, l'agenzia Neu Creative si \u00e8 piazzata al decimo posto con 70 punti. A causa del management buyout dal Gruppo Omnicom nell'autunno del 2023, l'agenzia, che in precedenza operava come \"Heimat Z\u00fcrich\", \u00e8 considerata la pi\u00f9 \"giovane\" e piccola rappresentante della top 10 - un simbolo della sua ascesa nel settore? Il co-direttore generale Simon Rehsche ricorda che il premio per la campagna \"Werbung naja, Zins gut\" come Campagna dell'anno all'Out of Home Award \u00e8 stato festeggiato in modo particolarmente sfarzoso: \"Siamo felici di essere la pi\u00f9 piccola e la pi\u00f9 recente agenzia della top 10 in Svizzera\", afferma il responsabile della strategia di Neu. \"Ci piace di pi\u00f9 l'1 nella nostra classifica che lo 0, che dovrebbe essere rimosso\".<\/p>\r\n<p><a href=\"https:\/\/www.markt-kom.com\/wp-content\/uploads\/2025\/02\/Kreativranking_Top10_2024-scaled.jpg\"><img class=\"aligncenter size-full wp-image-230582\" src=\"https:\/\/www.markt-kom.com\/wp-content\/uploads\/2025\/02\/Kreativranking_Top10_2024-scaled.jpg\" sizes=\"(max-width: 1090px) 100vw, 1090px\" srcset=\"https:\/\/www.markt-kom.com\/wp-content\/uploads\/2025\/02\/Kreativranking_Top10_2024-scaled.jpg 779w, https:\/\/www.markt-kom.com\/wp-content\/uploads\/2025\/02\/Kreativranking_Top10_2024-467x600.jpg 467w, https:\/\/www.markt-kom.com\/wp-content\/uploads\/2025\/02\/Kreativranking_Top10_2024-797x1024.jpg 778w, https:\/\/www.markt-kom.com\/wp-content\/uploads\/2025\/02\/Kreativranking_Top10_2024-768x986.jpg 768w, https:\/\/www.markt-kom.com\/wp-content\/uploads\/2025\/02\/Kreativranking_Top10_2024-1196x1536.jpg 1196w, https:\/\/www.markt-kom.com\/wp-content\/uploads\/2025\/02\/Kreativranking_Top10_2024-9x12.jpg 9w, https:\/\/www.markt-kom.com\/wp-content\/uploads\/2025\/02\/Kreativranking_Top10_2024-136x175.jpg 136w, https:\/\/www.markt-kom.com\/wp-content\/uploads\/2025\/02\/Kreativranking_Top10_2024-273x350.jpg 273w, https:\/\/www.markt-kom.com\/wp-content\/uploads\/2025\/02\/Kreativranking_Top10_2024-623x800.jpg 623w\" alt=\"\" width=\"1090\" height=\"1400\" \/><\/a><\/p>\r\n<hr \/>\r\n<p><em>Questo articolo \u00e8 apparso per la prima volta nell'edizione cartacea di m&amp;k 1-2\/2025.<\/em><\/p>","protected":false},"excerpt":{"rendered":"<p>Negli ultimi anni si sono fatti strada in modo costante verso la vetta. Il Team Farner \u00e8 salito sul trono della creativit\u00e0 in Svizzera con ben 584 punti. Al secondo posto, con 391 punti, c'\u00e8 l'agenzia Thjnk, seguita da vicino da TBWA-Switzerland con un distacco di soli 9 punti.<\/p>","protected":false},"author":8,"featured_media":0,"comment_status":"closed","ping_status":"closed","sticky":false,"template":"","format":"standard","meta":{"_acf_changed":false,"_yoast_wpseo_focuskw":"Kreativranking Schweiz 2024","_yoast_wpseo_metadesc":"Team Farner erobert mit 584 Punkten den Kreativ-Thron der Schweiz. Thjnk und TBWA\\Switzerland folgen auf den Pl\u00e4tzen zwei und drei.","articlekey":"","footnotes":""},"categories":[29],"tags":[5090,66,4921,4464,4561,2873],"class_list":["post-36027","post","type-post","status-publish","format-standard","hentry","category-marketing","tag-ausgabe-1-2-2025","tag-awards","tag-kreativranking","tag-tbwazuerich","tag-team-farner","tag-thjnk-zuerich"],"acf":[],"yoast_head":"<!-- This site is optimized with the Yoast SEO plugin v27.4 - https:\/\/yoast.com\/product\/yoast-seo-wordpress\/ -->\n<title>Team Farner gewinnt das Kreativranking 2024 - Organisator<\/title>\n<meta name=\"description\" content=\"Team Farner erobert mit 584 Punkten den Kreativ-Thron der Schweiz. Thjnk und TBWASwitzerland folgen auf den Pl\u00e4tzen zwei und drei.\" \/>\n<meta name=\"robots\" content=\"index, follow, max-snippet:-1, max-image-preview:large, max-video-preview:-1\" \/>\n<link rel=\"canonical\" href=\"https:\/\/www.organisator.ch\/it\/marketing\/2025-02-18\/team-farner-gewinnt-das-kreativranking-2024\/\" \/>\n<meta property=\"og:locale\" content=\"it_IT\" \/>\n<meta property=\"og:type\" content=\"article\" \/>\n<meta property=\"og:title\" content=\"Team Farner gewinnt das Kreativranking 2024 - Organisator\" \/>\n<meta property=\"og:description\" content=\"Team Farner erobert mit 584 Punkten den Kreativ-Thron der Schweiz. Thjnk und TBWASwitzerland folgen auf den Pl\u00e4tzen zwei und drei.\" \/>\n<meta property=\"og:url\" content=\"https:\/\/www.organisator.ch\/it\/marketing\/2025-02-18\/team-farner-gewinnt-das-kreativranking-2024\/\" \/>\n<meta property=\"og:site_name\" content=\"Organisator\" \/>\n<meta property=\"article:publisher\" content=\"https:\/\/www.facebook.com\/OrganisatorFachmagazin\" \/>\n<meta property=\"article:published_time\" content=\"2025-02-18T08:00:14+00:00\" \/>\n<meta property=\"article:modified_time\" content=\"2025-02-18T09:20:50+00:00\" \/>\n<meta name=\"author\" content=\"galledia\" \/>\n<meta name=\"twitter:card\" content=\"summary_large_image\" \/>\n<meta name=\"twitter:creator\" content=\"@admin\" \/>\n<script type=\"application\/ld+json\" class=\"yoast-schema-graph\">{\"@context\":\"https:\\\/\\\/schema.org\",\"@graph\":[{\"@type\":\"Article\",\"@id\":\"https:\\\/\\\/www.organisator.ch\\\/marketing\\\/2025-02-18\\\/team-farner-gewinnt-das-kreativranking-2024\\\/#article\",\"isPartOf\":{\"@id\":\"https:\\\/\\\/www.organisator.ch\\\/marketing\\\/2025-02-18\\\/team-farner-gewinnt-das-kreativranking-2024\\\/\"},\"author\":{\"name\":\"galledia\",\"@id\":\"https:\\\/\\\/www.organisator.ch\\\/#\\\/schema\\\/person\\\/4e51799071cd2dd1232ac003643ef5f0\"},\"headline\":\"Team Farner gewinnt das Kreativranking 2024\",\"datePublished\":\"2025-02-18T08:00:14+00:00\",\"dateModified\":\"2025-02-18T09:20:50+00:00\",\"mainEntityOfPage\":{\"@id\":\"https:\\\/\\\/www.organisator.ch\\\/marketing\\\/2025-02-18\\\/team-farner-gewinnt-das-kreativranking-2024\\\/\"},\"wordCount\":1621,\"publisher\":{\"@id\":\"https:\\\/\\\/www.organisator.ch\\\/#organization\"},\"image\":{\"@id\":\"https:\\\/\\\/www.organisator.ch\\\/marketing\\\/2025-02-18\\\/team-farner-gewinnt-das-kreativranking-2024\\\/#primaryimage\"},\"thumbnailUrl\":\"https:\\\/\\\/www.markt-kom.com\\\/wp-content\\\/uploads\\\/2025\\\/02\\\/Farner-Header-Kreativranking-2024-Online.jpg\",\"keywords\":[\"Ausgabe 1-2\\\/2025\",\"Awards\",\"Kreativranking\",\"TBWAZ\u00fcrich\",\"Team Farner\",\"Thjnk Z\u00fcrich\"],\"articleSection\":[\"MARKETING\"],\"inLanguage\":\"it-IT\"},{\"@type\":\"WebPage\",\"@id\":\"https:\\\/\\\/www.organisator.ch\\\/marketing\\\/2025-02-18\\\/team-farner-gewinnt-das-kreativranking-2024\\\/\",\"url\":\"https:\\\/\\\/www.organisator.ch\\\/marketing\\\/2025-02-18\\\/team-farner-gewinnt-das-kreativranking-2024\\\/\",\"name\":\"Team Farner gewinnt das Kreativranking 2024 - Organisator\",\"isPartOf\":{\"@id\":\"https:\\\/\\\/www.organisator.ch\\\/#website\"},\"primaryImageOfPage\":{\"@id\":\"https:\\\/\\\/www.organisator.ch\\\/marketing\\\/2025-02-18\\\/team-farner-gewinnt-das-kreativranking-2024\\\/#primaryimage\"},\"image\":{\"@id\":\"https:\\\/\\\/www.organisator.ch\\\/marketing\\\/2025-02-18\\\/team-farner-gewinnt-das-kreativranking-2024\\\/#primaryimage\"},\"thumbnailUrl\":\"https:\\\/\\\/www.markt-kom.com\\\/wp-content\\\/uploads\\\/2025\\\/02\\\/Farner-Header-Kreativranking-2024-Online.jpg\",\"datePublished\":\"2025-02-18T08:00:14+00:00\",\"dateModified\":\"2025-02-18T09:20:50+00:00\",\"description\":\"Team Farner erobert mit 584 Punkten den Kreativ-Thron der Schweiz. Thjnk und TBWA\\\\Switzerland folgen auf den Pl\u00e4tzen zwei und drei.\",\"breadcrumb\":{\"@id\":\"https:\\\/\\\/www.organisator.ch\\\/marketing\\\/2025-02-18\\\/team-farner-gewinnt-das-kreativranking-2024\\\/#breadcrumb\"},\"inLanguage\":\"it-IT\",\"potentialAction\":[{\"@type\":\"ReadAction\",\"target\":[\"https:\\\/\\\/www.organisator.ch\\\/marketing\\\/2025-02-18\\\/team-farner-gewinnt-das-kreativranking-2024\\\/\"]}]},{\"@type\":\"ImageObject\",\"inLanguage\":\"it-IT\",\"@id\":\"https:\\\/\\\/www.organisator.ch\\\/marketing\\\/2025-02-18\\\/team-farner-gewinnt-das-kreativranking-2024\\\/#primaryimage\",\"url\":\"https:\\\/\\\/www.markt-kom.com\\\/wp-content\\\/uploads\\\/2025\\\/02\\\/Farner-Header-Kreativranking-2024-Online.jpg\",\"contentUrl\":\"https:\\\/\\\/www.markt-kom.com\\\/wp-content\\\/uploads\\\/2025\\\/02\\\/Farner-Header-Kreativranking-2024-Online.jpg\"},{\"@type\":\"BreadcrumbList\",\"@id\":\"https:\\\/\\\/www.organisator.ch\\\/marketing\\\/2025-02-18\\\/team-farner-gewinnt-das-kreativranking-2024\\\/#breadcrumb\",\"itemListElement\":[{\"@type\":\"ListItem\",\"position\":1,\"name\":\"Home\",\"item\":\"https:\\\/\\\/www.organisator.ch\\\/\"},{\"@type\":\"ListItem\",\"position\":2,\"name\":\"Team Farner gewinnt das Kreativranking 2024\"}]},{\"@type\":\"WebSite\",\"@id\":\"https:\\\/\\\/www.organisator.ch\\\/#website\",\"url\":\"https:\\\/\\\/www.organisator.ch\\\/\",\"name\":\"Organisator\",\"description\":\"Kompetent. Praxisnah. Der ORGANISATOR bereitet in 10 Ausgaben pro Jahr die wesentlichen Themen f\u00fcr F\u00fchrungskr\u00e4fte von KMU auf.\",\"publisher\":{\"@id\":\"https:\\\/\\\/www.organisator.ch\\\/#organization\"},\"potentialAction\":[{\"@type\":\"SearchAction\",\"target\":{\"@type\":\"EntryPoint\",\"urlTemplate\":\"https:\\\/\\\/www.organisator.ch\\\/?s={search_term_string}\"},\"query-input\":{\"@type\":\"PropertyValueSpecification\",\"valueRequired\":true,\"valueName\":\"search_term_string\"}}],\"inLanguage\":\"it-IT\"},{\"@type\":\"Organization\",\"@id\":\"https:\\\/\\\/www.organisator.ch\\\/#organization\",\"name\":\"Organisator\",\"url\":\"https:\\\/\\\/www.organisator.ch\\\/\",\"logo\":{\"@type\":\"ImageObject\",\"inLanguage\":\"it-IT\",\"@id\":\"https:\\\/\\\/www.organisator.ch\\\/#\\\/schema\\\/logo\\\/image\\\/\",\"url\":\"https:\\\/\\\/www.organisator.ch\\\/wp-content\\\/uploads\\\/2022\\\/01\\\/Logo_Organisator_Website.png\",\"contentUrl\":\"https:\\\/\\\/www.organisator.ch\\\/wp-content\\\/uploads\\\/2022\\\/01\\\/Logo_Organisator_Website.png\",\"width\":800,\"height\":77,\"caption\":\"Organisator\"},\"image\":{\"@id\":\"https:\\\/\\\/www.organisator.ch\\\/#\\\/schema\\\/logo\\\/image\\\/\"},\"sameAs\":[\"https:\\\/\\\/www.facebook.com\\\/OrganisatorFachmagazin\",\"https:\\\/\\\/www.linkedin.com\\\/showcase\\\/organisator-das-magazin-fr-kmu\",\"https:\\\/\\\/www.xing.com\\\/news\\\/pages\\\/organisator-ch-695\",\"https:\\\/\\\/www.youtube.com\\\/channel\\\/UCGP2Sq0iWaZwT3BdIAQFYpw\"]},{\"@type\":\"Person\",\"@id\":\"https:\\\/\\\/www.organisator.ch\\\/#\\\/schema\\\/person\\\/4e51799071cd2dd1232ac003643ef5f0\",\"name\":\"galledia\",\"image\":{\"@type\":\"ImageObject\",\"inLanguage\":\"it-IT\",\"@id\":\"https:\\\/\\\/secure.gravatar.com\\\/avatar\\\/78a7f90c01fc2bfc875782a0d4922b37cde2cf184ce347b91316d23cd7f69a36?s=96&d=mm&r=g\",\"url\":\"https:\\\/\\\/secure.gravatar.com\\\/avatar\\\/78a7f90c01fc2bfc875782a0d4922b37cde2cf184ce347b91316d23cd7f69a36?s=96&d=mm&r=g\",\"contentUrl\":\"https:\\\/\\\/secure.gravatar.com\\\/avatar\\\/78a7f90c01fc2bfc875782a0d4922b37cde2cf184ce347b91316d23cd7f69a36?s=96&d=mm&r=g\",\"caption\":\"galledia\"},\"sameAs\":[\"https:\\\/\\\/x.com\\\/admin\"],\"url\":\"https:\\\/\\\/www.organisator.ch\\\/it\\\/author\\\/galledia\\\/\"}]}<\/script>\n<!-- \/ Yoast SEO plugin. -->","yoast_head_json":{"title":"Il team Farner vince il ranking creativo 2024 - Organizzatore","description":"Il Team Farner conquista il trono creativo in Svizzera con 584 punti. Thjnk e TBWASwitzerland seguono al secondo e terzo posto.","robots":{"index":"index","follow":"follow","max-snippet":"max-snippet:-1","max-image-preview":"max-image-preview:large","max-video-preview":"max-video-preview:-1"},"canonical":"https:\/\/www.organisator.ch\/it\/marketing\/2025-02-18\/team-farner-gewinnt-das-kreativranking-2024\/","og_locale":"it_IT","og_type":"article","og_title":"Team Farner gewinnt das Kreativranking 2024 - Organisator","og_description":"Team Farner erobert mit 584 Punkten den Kreativ-Thron der Schweiz. Thjnk und TBWASwitzerland folgen auf den Pl\u00e4tzen zwei und drei.","og_url":"https:\/\/www.organisator.ch\/it\/marketing\/2025-02-18\/team-farner-gewinnt-das-kreativranking-2024\/","og_site_name":"Organisator","article_publisher":"https:\/\/www.facebook.com\/OrganisatorFachmagazin","article_published_time":"2025-02-18T08:00:14+00:00","article_modified_time":"2025-02-18T09:20:50+00:00","author":"galledia","twitter_card":"summary_large_image","twitter_creator":"@admin","schema":{"@context":"https:\/\/schema.org","@graph":[{"@type":"Article","@id":"https:\/\/www.organisator.ch\/marketing\/2025-02-18\/team-farner-gewinnt-das-kreativranking-2024\/#article","isPartOf":{"@id":"https:\/\/www.organisator.ch\/marketing\/2025-02-18\/team-farner-gewinnt-das-kreativranking-2024\/"},"author":{"name":"galledia","@id":"https:\/\/www.organisator.ch\/#\/schema\/person\/4e51799071cd2dd1232ac003643ef5f0"},"headline":"Team Farner gewinnt das Kreativranking 2024","datePublished":"2025-02-18T08:00:14+00:00","dateModified":"2025-02-18T09:20:50+00:00","mainEntityOfPage":{"@id":"https:\/\/www.organisator.ch\/marketing\/2025-02-18\/team-farner-gewinnt-das-kreativranking-2024\/"},"wordCount":1621,"publisher":{"@id":"https:\/\/www.organisator.ch\/#organization"},"image":{"@id":"https:\/\/www.organisator.ch\/marketing\/2025-02-18\/team-farner-gewinnt-das-kreativranking-2024\/#primaryimage"},"thumbnailUrl":"https:\/\/www.markt-kom.com\/wp-content\/uploads\/2025\/02\/Farner-Header-Kreativranking-2024-Online.jpg","keywords":["Ausgabe 1-2\/2025","Awards","Kreativranking","TBWAZ\u00fcrich","Team Farner","Thjnk Z\u00fcrich"],"articleSection":["MARKETING"],"inLanguage":"it-IT"},{"@type":"WebPage","@id":"https:\/\/www.organisator.ch\/marketing\/2025-02-18\/team-farner-gewinnt-das-kreativranking-2024\/","url":"https:\/\/www.organisator.ch\/marketing\/2025-02-18\/team-farner-gewinnt-das-kreativranking-2024\/","name":"Il team Farner vince il ranking creativo 2024 - Organizzatore","isPartOf":{"@id":"https:\/\/www.organisator.ch\/#website"},"primaryImageOfPage":{"@id":"https:\/\/www.organisator.ch\/marketing\/2025-02-18\/team-farner-gewinnt-das-kreativranking-2024\/#primaryimage"},"image":{"@id":"https:\/\/www.organisator.ch\/marketing\/2025-02-18\/team-farner-gewinnt-das-kreativranking-2024\/#primaryimage"},"thumbnailUrl":"https:\/\/www.markt-kom.com\/wp-content\/uploads\/2025\/02\/Farner-Header-Kreativranking-2024-Online.jpg","datePublished":"2025-02-18T08:00:14+00:00","dateModified":"2025-02-18T09:20:50+00:00","description":"Il Team Farner conquista il trono creativo in Svizzera con 584 punti. Thjnk e TBWA-Switzerland seguono al secondo e terzo posto.","breadcrumb":{"@id":"https:\/\/www.organisator.ch\/marketing\/2025-02-18\/team-farner-gewinnt-das-kreativranking-2024\/#breadcrumb"},"inLanguage":"it-IT","potentialAction":[{"@type":"ReadAction","target":["https:\/\/www.organisator.ch\/marketing\/2025-02-18\/team-farner-gewinnt-das-kreativranking-2024\/"]}]},{"@type":"ImageObject","inLanguage":"it-IT","@id":"https:\/\/www.organisator.ch\/marketing\/2025-02-18\/team-farner-gewinnt-das-kreativranking-2024\/#primaryimage","url":"https:\/\/www.markt-kom.com\/wp-content\/uploads\/2025\/02\/Farner-Header-Kreativranking-2024-Online.jpg","contentUrl":"https:\/\/www.markt-kom.com\/wp-content\/uploads\/2025\/02\/Farner-Header-Kreativranking-2024-Online.jpg"},{"@type":"BreadcrumbList","@id":"https:\/\/www.organisator.ch\/marketing\/2025-02-18\/team-farner-gewinnt-das-kreativranking-2024\/#breadcrumb","itemListElement":[{"@type":"ListItem","position":1,"name":"Home","item":"https:\/\/www.organisator.ch\/"},{"@type":"ListItem","position":2,"name":"Team Farner gewinnt das Kreativranking 2024"}]},{"@type":"WebSite","@id":"https:\/\/www.organisator.ch\/#website","url":"https:\/\/www.organisator.ch\/","name":"Organizzatore","description":"Competente. Pratico. In 10 numeri all'anno, ORGANISATOR presenta i temi essenziali per i manager delle PMI.","publisher":{"@id":"https:\/\/www.organisator.ch\/#organization"},"potentialAction":[{"@type":"SearchAction","target":{"@type":"EntryPoint","urlTemplate":"https:\/\/www.organisator.ch\/?s={search_term_string}"},"query-input":{"@type":"PropertyValueSpecification","valueRequired":true,"valueName":"search_term_string"}}],"inLanguage":"it-IT"},{"@type":"Organization","@id":"https:\/\/www.organisator.ch\/#organization","name":"Organizzatore","url":"https:\/\/www.organisator.ch\/","logo":{"@type":"ImageObject","inLanguage":"it-IT","@id":"https:\/\/www.organisator.ch\/#\/schema\/logo\/image\/","url":"https:\/\/www.organisator.ch\/wp-content\/uploads\/2022\/01\/Logo_Organisator_Website.png","contentUrl":"https:\/\/www.organisator.ch\/wp-content\/uploads\/2022\/01\/Logo_Organisator_Website.png","width":800,"height":77,"caption":"Organisator"},"image":{"@id":"https:\/\/www.organisator.ch\/#\/schema\/logo\/image\/"},"sameAs":["https:\/\/www.facebook.com\/OrganisatorFachmagazin","https:\/\/www.linkedin.com\/showcase\/organisator-das-magazin-fr-kmu","https:\/\/www.xing.com\/news\/pages\/organisator-ch-695","https:\/\/www.youtube.com\/channel\/UCGP2Sq0iWaZwT3BdIAQFYpw"]},{"@type":"Person","@id":"https:\/\/www.organisator.ch\/#\/schema\/person\/4e51799071cd2dd1232ac003643ef5f0","name":"galledia","image":{"@type":"ImageObject","inLanguage":"it-IT","@id":"https:\/\/secure.gravatar.com\/avatar\/78a7f90c01fc2bfc875782a0d4922b37cde2cf184ce347b91316d23cd7f69a36?s=96&d=mm&r=g","url":"https:\/\/secure.gravatar.com\/avatar\/78a7f90c01fc2bfc875782a0d4922b37cde2cf184ce347b91316d23cd7f69a36?s=96&d=mm&r=g","contentUrl":"https:\/\/secure.gravatar.com\/avatar\/78a7f90c01fc2bfc875782a0d4922b37cde2cf184ce347b91316d23cd7f69a36?s=96&d=mm&r=g","caption":"galledia"},"sameAs":["https:\/\/x.com\/admin"],"url":"https:\/\/www.organisator.ch\/it\/author\/galledia\/"}]}},"_links":{"self":[{"href":"https:\/\/www.organisator.ch\/it\/wp-json\/wp\/v2\/posts\/36027","targetHints":{"allow":["GET"]}}],"collection":[{"href":"https:\/\/www.organisator.ch\/it\/wp-json\/wp\/v2\/posts"}],"about":[{"href":"https:\/\/www.organisator.ch\/it\/wp-json\/wp\/v2\/types\/post"}],"author":[{"embeddable":true,"href":"https:\/\/www.organisator.ch\/it\/wp-json\/wp\/v2\/users\/8"}],"replies":[{"embeddable":true,"href":"https:\/\/www.organisator.ch\/it\/wp-json\/wp\/v2\/comments?post=36027"}],"version-history":[{"count":5,"href":"https:\/\/www.organisator.ch\/it\/wp-json\/wp\/v2\/posts\/36027\/revisions"}],"predecessor-version":[{"id":36055,"href":"https:\/\/www.organisator.ch\/it\/wp-json\/wp\/v2\/posts\/36027\/revisions\/36055"}],"wp:attachment":[{"href":"https:\/\/www.organisator.ch\/it\/wp-json\/wp\/v2\/media?parent=36027"}],"wp:term":[{"taxonomy":"category","embeddable":true,"href":"https:\/\/www.organisator.ch\/it\/wp-json\/wp\/v2\/categories?post=36027"},{"taxonomy":"post_tag","embeddable":true,"href":"https:\/\/www.organisator.ch\/it\/wp-json\/wp\/v2\/tags?post=36027"}],"curies":[{"name":"wp","href":"https:\/\/api.w.org\/{rel}","templated":true}]}}