{"id":36075,"date":"2025-02-19T09:45:44","date_gmt":"2025-02-19T08:45:44","guid":{"rendered":"https:\/\/www.organisator.ch\/?p=36075"},"modified":"2025-02-19T09:18:09","modified_gmt":"2025-02-19T08:18:09","slug":"andreas-wyss-fuer-den-verwaltungsrat-der-abacus-research-ag-nominiert","status":"publish","type":"post","link":"https:\/\/www.organisator.ch\/it\/management\/2025-02-19\/andreas-wyss-fuer-den-verwaltungsrat-der-abacus-research-ag-nominiert\/","title":{"rendered":"Andreas Wyss nominato nel Consiglio di amministrazione di Abacus Research AG"},"content":{"rendered":"<figure id=\"attachment_36076\" aria-describedby=\"caption-attachment-36076\" style=\"width: 680px\" class=\"wp-caption alignnone\"><img loading=\"lazy\" decoding=\"async\" class=\"size-full wp-image-36076\" src=\"https:\/\/www.organisator.ch\/wp-content\/uploads\/2025\/02\/Abacus_Bild1_ps.jpg\" alt=\"\" width=\"680\" height=\"457\" srcset=\"https:\/\/www.organisator.ch\/wp-content\/uploads\/2025\/02\/Abacus_Bild1_ps.jpg 680w, https:\/\/www.organisator.ch\/wp-content\/uploads\/2025\/02\/Abacus_Bild1_ps-18x12.jpg 18w, https:\/\/www.organisator.ch\/wp-content\/uploads\/2025\/02\/Abacus_Bild1_ps-375x252.jpg 375w, https:\/\/www.organisator.ch\/wp-content\/uploads\/2025\/02\/Abacus_Bild1_ps-521x350.jpg 521w\" sizes=\"auto, (max-width: 680px) 100vw, 680px\" \/><figcaption id=\"caption-attachment-36076\" class=\"wp-caption-text\">Andreas Wyss, membro designato del Consiglio di amministrazione di Abacus Research AG. (Immagine: Abacus)<\/figcaption><\/figure>\n<p>Andreas Wyss sar\u00e0 proposto all'Assemblea generale annuale di Abacus Research AG come nuovo membro del Consiglio di amministrazione. \u00c8 un revisore contabile qualificato e da oltre 30 anni ricopre diverse posizioni dirigenziali presso BDO in Svizzera, Canada e Stati Uniti. In qualit\u00e0 di membro della Direzione generale, Andreas Wyss ha gestito la regione di Zurigo\/Svizzera orientale ed \u00e8 stato anche responsabile del reparto software Abacus di BDO. In questo ruolo ha mantenuto stretti rapporti con i clienti Abacus. Inoltre, in qualit\u00e0 di Head of International Clients &amp; Relationships e International Liaison Partner, era responsabile della rete di clienti internazionali di BDO.<\/p>\n<p>Oltre al suo futuro ruolo di membro del Consiglio di Amministrazione, Andreas Wyss sta gi\u00e0 contribuendo attivamente con la sua vasta esperienza e la sua rete ad Abacus. Daniel Senn, Presidente del Consiglio di Amministrazione di Abacus Research AG: \"La sua straordinaria conoscenza dell'ambiente ERP e la sua vasta rete di contatti lo rendono un valido aiuto per la nostra azienda. Non vediamo l'ora di lavorare con Andreas Wyss e gli auguriamo ogni successo nel suo nuovo ruolo\".<\/p>\n<p><em>Fonte: <a href=\"https:\/\/www.abacus.ch\/\">www.abacus.ch<\/a><\/em><\/p>","protected":false},"excerpt":{"rendered":"<p>Il Consiglio di amministrazione di Abacus Research AG rafforza la sua posizione strategica e propone l'elezione di Andreas Wyss al Consiglio di amministrazione in occasione dell'Assemblea generale annuale.<\/p>","protected":false},"author":80,"featured_media":0,"comment_status":"closed","ping_status":"closed","sticky":false,"template":"","format":"standard","meta":{"_acf_changed":false,"_yoast_wpseo_focuskw":"Andreas Wyss Abacus","_yoast_wpseo_metadesc":"Andreas Wyss wird f\u00fcr den Verwaltungsrat von Abacus vorgeschlagen. Er bringt 30 Jahre Erfahrung und umfassende ERP-Expertise mit.","articlekey":"","footnotes":""},"categories":[28],"tags":[4245,5094,424,2471,2576],"class_list":["post-36075","post","type-post","status-publish","format-standard","hentry","category-management","tag-abacus","tag-neuwahl","tag-schweiz","tag-verwaltungsrat","tag-wirtschaft"],"acf":[],"yoast_head":"<!-- This site is optimized with the Yoast SEO plugin v27.4 - https:\/\/yoast.com\/product\/yoast-seo-wordpress\/ -->\n<title>Andreas Wyss f\u00fcr den Verwaltungsrat der Abacus Research AG nominiert - Organisator<\/title>\n<meta name=\"description\" content=\"Andreas Wyss wird f\u00fcr den Verwaltungsrat von Abacus vorgeschlagen. Er bringt 30 Jahre Erfahrung und umfassende ERP-Expertise mit.\" \/>\n<meta name=\"robots\" content=\"index, follow, max-snippet:-1, max-image-preview:large, max-video-preview:-1\" \/>\n<link rel=\"canonical\" href=\"https:\/\/www.organisator.ch\/it\/gestione-2\/2025-02-19\/andreas-wyss-fuer-den-verwaltungsrat-der-abacus-research-ag-nominiert\/\" \/>\n<meta property=\"og:locale\" content=\"it_IT\" \/>\n<meta property=\"og:type\" content=\"article\" \/>\n<meta property=\"og:title\" content=\"Andreas Wyss f\u00fcr den Verwaltungsrat der Abacus Research AG nominiert\" \/>\n<meta property=\"og:description\" content=\"Andreas Wyss wird f\u00fcr den Verwaltungsrat von Abacus vorgeschlagen. Er bringt 30 Jahre Erfahrung und umfassende ERP-Expertise mit.\" \/>\n<meta property=\"og:url\" content=\"https:\/\/www.organisator.ch\/it\/gestione-2\/2025-02-19\/andreas-wyss-fuer-den-verwaltungsrat-der-abacus-research-ag-nominiert\/\" \/>\n<meta property=\"og:site_name\" content=\"Organisator\" \/>\n<meta property=\"article:publisher\" content=\"https:\/\/www.facebook.com\/OrganisatorFachmagazin\" \/>\n<meta property=\"article:published_time\" content=\"2025-02-19T08:45:44+00:00\" \/>\n<meta property=\"og:image\" content=\"https:\/\/www.organisator.ch\/wp-content\/uploads\/2025\/02\/Abacus_Bild1_ps.jpg\" \/>\n\t<meta property=\"og:image:width\" content=\"680\" \/>\n\t<meta property=\"og:image:height\" content=\"457\" \/>\n\t<meta property=\"og:image:type\" content=\"image\/jpeg\" \/>\n<meta name=\"author\" content=\"Dzana Muminovic\" \/>\n<meta name=\"twitter:card\" content=\"summary_large_image\" \/>\n<meta name=\"twitter:title\" content=\"Andreas Wyss f\u00fcr den Verwaltungsrat der Abacus Research AG nominiert\" \/>\n<meta name=\"twitter:description\" content=\"#Andreas #Wyss wird f\u00fcr den #Verwaltungsrat von #Abacus vorgeschlagen. Er bringt 30 Jahre Erfahrung und umfassende #ERP-#Expertise mit.\" \/>\n<meta name=\"twitter:image\" content=\"https:\/\/www.organisator.ch\/wp-content\/uploads\/2025\/02\/Abacus_Bild1_ps.jpg\" \/>\n<script type=\"application\/ld+json\" class=\"yoast-schema-graph\">{\"@context\":\"https:\\\/\\\/schema.org\",\"@graph\":[{\"@type\":\"Article\",\"@id\":\"https:\\\/\\\/www.organisator.ch\\\/management\\\/2025-02-19\\\/andreas-wyss-fuer-den-verwaltungsrat-der-abacus-research-ag-nominiert\\\/#article\",\"isPartOf\":{\"@id\":\"https:\\\/\\\/www.organisator.ch\\\/management\\\/2025-02-19\\\/andreas-wyss-fuer-den-verwaltungsrat-der-abacus-research-ag-nominiert\\\/\"},\"author\":{\"name\":\"Dzana Muminovic\",\"@id\":\"https:\\\/\\\/www.organisator.ch\\\/#\\\/schema\\\/person\\\/afccda3a71c06d4be2ed9100dd163db7\"},\"headline\":\"Andreas Wyss f\u00fcr den Verwaltungsrat der Abacus Research AG nominiert\",\"datePublished\":\"2025-02-19T08:45:44+00:00\",\"mainEntityOfPage\":{\"@id\":\"https:\\\/\\\/www.organisator.ch\\\/management\\\/2025-02-19\\\/andreas-wyss-fuer-den-verwaltungsrat-der-abacus-research-ag-nominiert\\\/\"},\"wordCount\":209,\"publisher\":{\"@id\":\"https:\\\/\\\/www.organisator.ch\\\/#organization\"},\"image\":{\"@id\":\"https:\\\/\\\/www.organisator.ch\\\/management\\\/2025-02-19\\\/andreas-wyss-fuer-den-verwaltungsrat-der-abacus-research-ag-nominiert\\\/#primaryimage\"},\"thumbnailUrl\":\"https:\\\/\\\/www.organisator.ch\\\/wp-content\\\/uploads\\\/2025\\\/02\\\/Abacus_Bild1_ps.jpg\",\"keywords\":[\"Abacus\",\"Neuwahl\",\"Schweiz\",\"Verwaltungsrat\",\"Wirtschaft\"],\"articleSection\":[\"MANAGEMENT\"],\"inLanguage\":\"it-IT\"},{\"@type\":\"WebPage\",\"@id\":\"https:\\\/\\\/www.organisator.ch\\\/management\\\/2025-02-19\\\/andreas-wyss-fuer-den-verwaltungsrat-der-abacus-research-ag-nominiert\\\/\",\"url\":\"https:\\\/\\\/www.organisator.ch\\\/management\\\/2025-02-19\\\/andreas-wyss-fuer-den-verwaltungsrat-der-abacus-research-ag-nominiert\\\/\",\"name\":\"Andreas Wyss f\u00fcr den Verwaltungsrat der Abacus Research AG nominiert - Organisator\",\"isPartOf\":{\"@id\":\"https:\\\/\\\/www.organisator.ch\\\/#website\"},\"primaryImageOfPage\":{\"@id\":\"https:\\\/\\\/www.organisator.ch\\\/management\\\/2025-02-19\\\/andreas-wyss-fuer-den-verwaltungsrat-der-abacus-research-ag-nominiert\\\/#primaryimage\"},\"image\":{\"@id\":\"https:\\\/\\\/www.organisator.ch\\\/management\\\/2025-02-19\\\/andreas-wyss-fuer-den-verwaltungsrat-der-abacus-research-ag-nominiert\\\/#primaryimage\"},\"thumbnailUrl\":\"https:\\\/\\\/www.organisator.ch\\\/wp-content\\\/uploads\\\/2025\\\/02\\\/Abacus_Bild1_ps.jpg\",\"datePublished\":\"2025-02-19T08:45:44+00:00\",\"description\":\"Andreas Wyss wird f\u00fcr den Verwaltungsrat von Abacus vorgeschlagen. Er bringt 30 Jahre Erfahrung und umfassende ERP-Expertise mit.\",\"breadcrumb\":{\"@id\":\"https:\\\/\\\/www.organisator.ch\\\/management\\\/2025-02-19\\\/andreas-wyss-fuer-den-verwaltungsrat-der-abacus-research-ag-nominiert\\\/#breadcrumb\"},\"inLanguage\":\"it-IT\",\"potentialAction\":[{\"@type\":\"ReadAction\",\"target\":[\"https:\\\/\\\/www.organisator.ch\\\/management\\\/2025-02-19\\\/andreas-wyss-fuer-den-verwaltungsrat-der-abacus-research-ag-nominiert\\\/\"]}]},{\"@type\":\"ImageObject\",\"inLanguage\":\"it-IT\",\"@id\":\"https:\\\/\\\/www.organisator.ch\\\/management\\\/2025-02-19\\\/andreas-wyss-fuer-den-verwaltungsrat-der-abacus-research-ag-nominiert\\\/#primaryimage\",\"url\":\"https:\\\/\\\/www.organisator.ch\\\/wp-content\\\/uploads\\\/2025\\\/02\\\/Abacus_Bild1_ps.jpg\",\"contentUrl\":\"https:\\\/\\\/www.organisator.ch\\\/wp-content\\\/uploads\\\/2025\\\/02\\\/Abacus_Bild1_ps.jpg\"},{\"@type\":\"BreadcrumbList\",\"@id\":\"https:\\\/\\\/www.organisator.ch\\\/management\\\/2025-02-19\\\/andreas-wyss-fuer-den-verwaltungsrat-der-abacus-research-ag-nominiert\\\/#breadcrumb\",\"itemListElement\":[{\"@type\":\"ListItem\",\"position\":1,\"name\":\"Home\",\"item\":\"https:\\\/\\\/www.organisator.ch\\\/\"},{\"@type\":\"ListItem\",\"position\":2,\"name\":\"Andreas Wyss f\u00fcr den Verwaltungsrat der Abacus Research AG nominiert\"}]},{\"@type\":\"WebSite\",\"@id\":\"https:\\\/\\\/www.organisator.ch\\\/#website\",\"url\":\"https:\\\/\\\/www.organisator.ch\\\/\",\"name\":\"Organisator\",\"description\":\"Kompetent. Praxisnah. Der ORGANISATOR bereitet in 10 Ausgaben pro Jahr die wesentlichen Themen f\u00fcr F\u00fchrungskr\u00e4fte von KMU auf.\",\"publisher\":{\"@id\":\"https:\\\/\\\/www.organisator.ch\\\/#organization\"},\"potentialAction\":[{\"@type\":\"SearchAction\",\"target\":{\"@type\":\"EntryPoint\",\"urlTemplate\":\"https:\\\/\\\/www.organisator.ch\\\/?s={search_term_string}\"},\"query-input\":{\"@type\":\"PropertyValueSpecification\",\"valueRequired\":true,\"valueName\":\"search_term_string\"}}],\"inLanguage\":\"it-IT\"},{\"@type\":\"Organization\",\"@id\":\"https:\\\/\\\/www.organisator.ch\\\/#organization\",\"name\":\"Organisator\",\"url\":\"https:\\\/\\\/www.organisator.ch\\\/\",\"logo\":{\"@type\":\"ImageObject\",\"inLanguage\":\"it-IT\",\"@id\":\"https:\\\/\\\/www.organisator.ch\\\/#\\\/schema\\\/logo\\\/image\\\/\",\"url\":\"https:\\\/\\\/www.organisator.ch\\\/wp-content\\\/uploads\\\/2022\\\/01\\\/Logo_Organisator_Website.png\",\"contentUrl\":\"https:\\\/\\\/www.organisator.ch\\\/wp-content\\\/uploads\\\/2022\\\/01\\\/Logo_Organisator_Website.png\",\"width\":800,\"height\":77,\"caption\":\"Organisator\"},\"image\":{\"@id\":\"https:\\\/\\\/www.organisator.ch\\\/#\\\/schema\\\/logo\\\/image\\\/\"},\"sameAs\":[\"https:\\\/\\\/www.facebook.com\\\/OrganisatorFachmagazin\",\"https:\\\/\\\/www.linkedin.com\\\/showcase\\\/organisator-das-magazin-fr-kmu\",\"https:\\\/\\\/www.xing.com\\\/news\\\/pages\\\/organisator-ch-695\",\"https:\\\/\\\/www.youtube.com\\\/channel\\\/UCGP2Sq0iWaZwT3BdIAQFYpw\"]},{\"@type\":\"Person\",\"@id\":\"https:\\\/\\\/www.organisator.ch\\\/#\\\/schema\\\/person\\\/afccda3a71c06d4be2ed9100dd163db7\",\"name\":\"Dzana Muminovic\",\"image\":{\"@type\":\"ImageObject\",\"inLanguage\":\"it-IT\",\"@id\":\"https:\\\/\\\/secure.gravatar.com\\\/avatar\\\/909c5c71aff4b38e88686f2ab2f1ba152571f394f41ed8bae431ea56ced93050?s=96&d=mm&r=g\",\"url\":\"https:\\\/\\\/secure.gravatar.com\\\/avatar\\\/909c5c71aff4b38e88686f2ab2f1ba152571f394f41ed8bae431ea56ced93050?s=96&d=mm&r=g\",\"contentUrl\":\"https:\\\/\\\/secure.gravatar.com\\\/avatar\\\/909c5c71aff4b38e88686f2ab2f1ba152571f394f41ed8bae431ea56ced93050?s=96&d=mm&r=g\",\"caption\":\"Dzana Muminovic\"},\"url\":\"https:\\\/\\\/www.organisator.ch\\\/it\\\/author\\\/dzana-muminovic\\\/\"}]}<\/script>\n<!-- \/ Yoast SEO plugin. -->","yoast_head_json":{"title":"Andreas Wyss nominato nel Consiglio di amministrazione di Abacus Research AG - Organizzatore","description":"Andreas Wyss \u00e8 stato proposto per il Consiglio di Amministrazione di Abacus. Egli porta con s\u00e9 30 anni di esperienza e una vasta competenza in materia di ERP.","robots":{"index":"index","follow":"follow","max-snippet":"max-snippet:-1","max-image-preview":"max-image-preview:large","max-video-preview":"max-video-preview:-1"},"canonical":"https:\/\/www.organisator.ch\/it\/gestione-2\/2025-02-19\/andreas-wyss-fuer-den-verwaltungsrat-der-abacus-research-ag-nominiert\/","og_locale":"it_IT","og_type":"article","og_title":"Andreas Wyss f\u00fcr den Verwaltungsrat der Abacus Research AG nominiert","og_description":"Andreas Wyss wird f\u00fcr den Verwaltungsrat von Abacus vorgeschlagen. Er bringt 30 Jahre Erfahrung und umfassende ERP-Expertise mit.","og_url":"https:\/\/www.organisator.ch\/it\/gestione-2\/2025-02-19\/andreas-wyss-fuer-den-verwaltungsrat-der-abacus-research-ag-nominiert\/","og_site_name":"Organisator","article_publisher":"https:\/\/www.facebook.com\/OrganisatorFachmagazin","article_published_time":"2025-02-19T08:45:44+00:00","og_image":[{"width":680,"height":457,"url":"https:\/\/www.organisator.ch\/wp-content\/uploads\/2025\/02\/Abacus_Bild1_ps.jpg","type":"image\/jpeg"}],"author":"Dzana Muminovic","twitter_card":"summary_large_image","twitter_title":"Andreas Wyss f\u00fcr den Verwaltungsrat der Abacus Research AG nominiert","twitter_description":"#Andreas #Wyss wird f\u00fcr den #Verwaltungsrat von #Abacus vorgeschlagen. Er bringt 30 Jahre Erfahrung und umfassende #ERP-#Expertise mit.","twitter_image":"https:\/\/www.organisator.ch\/wp-content\/uploads\/2025\/02\/Abacus_Bild1_ps.jpg","schema":{"@context":"https:\/\/schema.org","@graph":[{"@type":"Article","@id":"https:\/\/www.organisator.ch\/management\/2025-02-19\/andreas-wyss-fuer-den-verwaltungsrat-der-abacus-research-ag-nominiert\/#article","isPartOf":{"@id":"https:\/\/www.organisator.ch\/management\/2025-02-19\/andreas-wyss-fuer-den-verwaltungsrat-der-abacus-research-ag-nominiert\/"},"author":{"name":"Dzana Muminovic","@id":"https:\/\/www.organisator.ch\/#\/schema\/person\/afccda3a71c06d4be2ed9100dd163db7"},"headline":"Andreas Wyss f\u00fcr den Verwaltungsrat der Abacus Research AG nominiert","datePublished":"2025-02-19T08:45:44+00:00","mainEntityOfPage":{"@id":"https:\/\/www.organisator.ch\/management\/2025-02-19\/andreas-wyss-fuer-den-verwaltungsrat-der-abacus-research-ag-nominiert\/"},"wordCount":209,"publisher":{"@id":"https:\/\/www.organisator.ch\/#organization"},"image":{"@id":"https:\/\/www.organisator.ch\/management\/2025-02-19\/andreas-wyss-fuer-den-verwaltungsrat-der-abacus-research-ag-nominiert\/#primaryimage"},"thumbnailUrl":"https:\/\/www.organisator.ch\/wp-content\/uploads\/2025\/02\/Abacus_Bild1_ps.jpg","keywords":["Abacus","Neuwahl","Schweiz","Verwaltungsrat","Wirtschaft"],"articleSection":["MANAGEMENT"],"inLanguage":"it-IT"},{"@type":"WebPage","@id":"https:\/\/www.organisator.ch\/management\/2025-02-19\/andreas-wyss-fuer-den-verwaltungsrat-der-abacus-research-ag-nominiert\/","url":"https:\/\/www.organisator.ch\/management\/2025-02-19\/andreas-wyss-fuer-den-verwaltungsrat-der-abacus-research-ag-nominiert\/","name":"Andreas Wyss nominato nel Consiglio di amministrazione di Abacus Research AG - Organizzatore","isPartOf":{"@id":"https:\/\/www.organisator.ch\/#website"},"primaryImageOfPage":{"@id":"https:\/\/www.organisator.ch\/management\/2025-02-19\/andreas-wyss-fuer-den-verwaltungsrat-der-abacus-research-ag-nominiert\/#primaryimage"},"image":{"@id":"https:\/\/www.organisator.ch\/management\/2025-02-19\/andreas-wyss-fuer-den-verwaltungsrat-der-abacus-research-ag-nominiert\/#primaryimage"},"thumbnailUrl":"https:\/\/www.organisator.ch\/wp-content\/uploads\/2025\/02\/Abacus_Bild1_ps.jpg","datePublished":"2025-02-19T08:45:44+00:00","description":"Andreas Wyss \u00e8 stato proposto per il Consiglio di Amministrazione di Abacus. Egli porta con s\u00e9 30 anni di esperienza e una vasta competenza in materia di ERP.","breadcrumb":{"@id":"https:\/\/www.organisator.ch\/management\/2025-02-19\/andreas-wyss-fuer-den-verwaltungsrat-der-abacus-research-ag-nominiert\/#breadcrumb"},"inLanguage":"it-IT","potentialAction":[{"@type":"ReadAction","target":["https:\/\/www.organisator.ch\/management\/2025-02-19\/andreas-wyss-fuer-den-verwaltungsrat-der-abacus-research-ag-nominiert\/"]}]},{"@type":"ImageObject","inLanguage":"it-IT","@id":"https:\/\/www.organisator.ch\/management\/2025-02-19\/andreas-wyss-fuer-den-verwaltungsrat-der-abacus-research-ag-nominiert\/#primaryimage","url":"https:\/\/www.organisator.ch\/wp-content\/uploads\/2025\/02\/Abacus_Bild1_ps.jpg","contentUrl":"https:\/\/www.organisator.ch\/wp-content\/uploads\/2025\/02\/Abacus_Bild1_ps.jpg"},{"@type":"BreadcrumbList","@id":"https:\/\/www.organisator.ch\/management\/2025-02-19\/andreas-wyss-fuer-den-verwaltungsrat-der-abacus-research-ag-nominiert\/#breadcrumb","itemListElement":[{"@type":"ListItem","position":1,"name":"Home","item":"https:\/\/www.organisator.ch\/"},{"@type":"ListItem","position":2,"name":"Andreas Wyss f\u00fcr den Verwaltungsrat der Abacus Research AG nominiert"}]},{"@type":"WebSite","@id":"https:\/\/www.organisator.ch\/#website","url":"https:\/\/www.organisator.ch\/","name":"Organizzatore","description":"Competente. Pratico. In 10 numeri all'anno, ORGANISATOR presenta i temi essenziali per i manager delle PMI.","publisher":{"@id":"https:\/\/www.organisator.ch\/#organization"},"potentialAction":[{"@type":"SearchAction","target":{"@type":"EntryPoint","urlTemplate":"https:\/\/www.organisator.ch\/?s={search_term_string}"},"query-input":{"@type":"PropertyValueSpecification","valueRequired":true,"valueName":"search_term_string"}}],"inLanguage":"it-IT"},{"@type":"Organization","@id":"https:\/\/www.organisator.ch\/#organization","name":"Organizzatore","url":"https:\/\/www.organisator.ch\/","logo":{"@type":"ImageObject","inLanguage":"it-IT","@id":"https:\/\/www.organisator.ch\/#\/schema\/logo\/image\/","url":"https:\/\/www.organisator.ch\/wp-content\/uploads\/2022\/01\/Logo_Organisator_Website.png","contentUrl":"https:\/\/www.organisator.ch\/wp-content\/uploads\/2022\/01\/Logo_Organisator_Website.png","width":800,"height":77,"caption":"Organisator"},"image":{"@id":"https:\/\/www.organisator.ch\/#\/schema\/logo\/image\/"},"sameAs":["https:\/\/www.facebook.com\/OrganisatorFachmagazin","https:\/\/www.linkedin.com\/showcase\/organisator-das-magazin-fr-kmu","https:\/\/www.xing.com\/news\/pages\/organisator-ch-695","https:\/\/www.youtube.com\/channel\/UCGP2Sq0iWaZwT3BdIAQFYpw"]},{"@type":"Person","@id":"https:\/\/www.organisator.ch\/#\/schema\/person\/afccda3a71c06d4be2ed9100dd163db7","name":"Dzana Muminovic","image":{"@type":"ImageObject","inLanguage":"it-IT","@id":"https:\/\/secure.gravatar.com\/avatar\/909c5c71aff4b38e88686f2ab2f1ba152571f394f41ed8bae431ea56ced93050?s=96&d=mm&r=g","url":"https:\/\/secure.gravatar.com\/avatar\/909c5c71aff4b38e88686f2ab2f1ba152571f394f41ed8bae431ea56ced93050?s=96&d=mm&r=g","contentUrl":"https:\/\/secure.gravatar.com\/avatar\/909c5c71aff4b38e88686f2ab2f1ba152571f394f41ed8bae431ea56ced93050?s=96&d=mm&r=g","caption":"Dzana Muminovic"},"url":"https:\/\/www.organisator.ch\/it\/author\/dzana-muminovic\/"}]}},"_links":{"self":[{"href":"https:\/\/www.organisator.ch\/it\/wp-json\/wp\/v2\/posts\/36075","targetHints":{"allow":["GET"]}}],"collection":[{"href":"https:\/\/www.organisator.ch\/it\/wp-json\/wp\/v2\/posts"}],"about":[{"href":"https:\/\/www.organisator.ch\/it\/wp-json\/wp\/v2\/types\/post"}],"author":[{"embeddable":true,"href":"https:\/\/www.organisator.ch\/it\/wp-json\/wp\/v2\/users\/80"}],"replies":[{"embeddable":true,"href":"https:\/\/www.organisator.ch\/it\/wp-json\/wp\/v2\/comments?post=36075"}],"version-history":[{"count":4,"href":"https:\/\/www.organisator.ch\/it\/wp-json\/wp\/v2\/posts\/36075\/revisions"}],"predecessor-version":[{"id":36218,"href":"https:\/\/www.organisator.ch\/it\/wp-json\/wp\/v2\/posts\/36075\/revisions\/36218"}],"wp:attachment":[{"href":"https:\/\/www.organisator.ch\/it\/wp-json\/wp\/v2\/media?parent=36075"}],"wp:term":[{"taxonomy":"category","embeddable":true,"href":"https:\/\/www.organisator.ch\/it\/wp-json\/wp\/v2\/categories?post=36075"},{"taxonomy":"post_tag","embeddable":true,"href":"https:\/\/www.organisator.ch\/it\/wp-json\/wp\/v2\/tags?post=36075"}],"curies":[{"name":"wp","href":"https:\/\/api.w.org\/{rel}","templated":true}]}}