{"id":36084,"date":"2025-02-19T12:30:35","date_gmt":"2025-02-19T11:30:35","guid":{"rendered":"https:\/\/www.m-q.ch\/?p=21115"},"modified":"2025-02-19T13:11:43","modified_gmt":"2025-02-19T12:11:43","slug":"grosse-nachfrage-zur-gvz-tagung-brandschutz-2025","status":"publish","type":"post","link":"https:\/\/www.organisator.ch\/it\/operational-excellence\/2025-02-19\/grosse-nachfrage-zur-gvz-tagung-brandschutz-2025\/","title":{"rendered":"Grande richiesta per la conferenza GVZ Fire Protection 2025"},"content":{"rendered":"<figure id=\"attachment_21116\" class=\"wp-caption alignnone\" style=\"width: 680px;\" aria-describedby=\"caption-attachment-21116\"><img class=\"size-full wp-image-21116\" src=\"https:\/\/www.m-q.ch\/wp-content\/uploads\/2025\/02\/Brandschutz_Bild1_ps.jpg\" sizes=\"(max-width: 680px) 100vw, 680px\" srcset=\"https:\/\/www.m-q.ch\/wp-content\/uploads\/2025\/02\/Brandschutz_Bild1_ps.jpg 680w, https:\/\/www.m-q.ch\/wp-content\/uploads\/2025\/02\/Brandschutz_Bild1_ps-18x10.jpg 18w, https:\/\/www.m-q.ch\/wp-content\/uploads\/2025\/02\/Brandschutz_Bild1_ps-375x211.jpg 375w, https:\/\/www.m-q.ch\/wp-content\/uploads\/2025\/02\/Brandschutz_Bild1_ps-621x350.jpg 621w\" alt=\"\" width=\"680\" height=\"383\" \/>\r\n<figcaption id=\"caption-attachment-21116\" class=\"wp-caption-text\">La Conferenza GVZ 2025 fornisce informazioni sulle nuove norme antincendio BSV 2026. \u00c8 ancora possibile partecipare in livestream. (Immagine: GVZ)<\/figcaption>\r\n<\/figure>\r\n<p>Gli attori principali del progetto UFAS 2026 forniranno relazioni di prima mano sui temi centrali del regolamento e condivideranno nuove conoscenze. Lars M\u00fclli, responsabile dell'intero progetto, apre la conferenza con un'accurata panoramica. Il team del progetto, guidato dalla professoressa Isabel Engels, dall'esperto di rischi dottor Matthias Schubert e dall'esperto legale dottor Josua Raster, illustrer\u00e0 gli aspetti legali e il nuovo orientamento al rischio nella legislazione antincendio. Inoltre, l'esperto di protezione antincendio del GVZ Michael R\u00fcegg si concentrer\u00e0 sulle procedure di verifica basate sulle prestazioni.<\/p>\r\n<p>Come sono state recepite le preoccupazioni del settore edile svizzero nella BSV 2026? Quali risultati sono stati raggiunti e quali opportunit\u00e0 aprono le nuove norme antincendio? In che misura \u00e8 necessario un ripensamento da parte dei proprietari di edifici e di tutti i professionisti interessati alla protezione antincendio? Reinhard Wiederkehr e Thomas Wipfler, due rinomati esperti e membri del comitato direttivo del progetto, saranno sul podio per condividere le loro opinioni.<\/p>\r\n<h3><strong>Nuove normative - nuovi certificati di formazione<\/strong><\/h3>\r\n<p>L'introduzione del BSV 2026 comporter\u00e0 cambiamenti anche nel panorama della formazione e degli esami. Quali sono i piani dell'Associazione cantonale degli assicuratori antincendio (VKF) per quanto riguarda i concetti di riqualificazione e transizione e le competenze richieste in futuro? Dove e quando \u00e8 possibile frequentare i corsi di aggiornamento sulle nuove norme antincendio? Il responsabile della Divisione Formazione della VKF, Andr\u00e9 Grubauer, fornisce informazioni.<\/p>\r\n<p><em><a href=\"https:\/\/save.ch\/event\/gvz-tagung-brandschutz-2025\/\">Pi\u00f9 informazioni<\/a><\/em><\/p>\n<p class=\"syndicated-attribution\">Questo articolo \u00e8 apparso originariamente su m-q.ch - <a href=\"https:\/\/www.m-q.ch\/de\/grosse-nachfrage-zur-gvz-tagung-brandschutz-2025\/\" target=\"_blank\">https:\/\/www.m-q.ch\/de\/grosse-nachfrage-zur-gvz-tagung-brandschutz-2025\/<\/a><\/p>","protected":false},"excerpt":{"rendered":"<p>La protezione antincendio sta cambiando. A partire dall'autunno 2026, le nuove norme antincendio costituiranno la base giuridica per il prossimo decennio. La conferenza GVZ Fire Protection 2025 si concentrer\u00e0 quindi sulle nuove normative. I posti sono gi\u00e0 al completo, ma \u00e8 ancora possibile partecipare in livestream.<\/p>","protected":false},"author":80,"featured_media":0,"comment_status":"closed","ping_status":"closed","sticky":false,"template":"","format":"standard","meta":{"_acf_changed":false,"_yoast_wpseo_focuskw":"GVZ-Tagung 2025","_yoast_wpseo_metadesc":"Die GVZ-Tagung 2025 informiert \u00fcber die neuen Brandschutzvorschriften BSV 2026. Livestream-Teilnahme weiterhin m\u00f6glich.","articlekey":"","footnotes":""},"categories":[582],"tags":[871,5095,1340,418,468,2487],"class_list":["post-36084","post","type-post","status-publish","format-standard","hentry","category-operational-excellence","tag-brandschutz","tag-fachpersonen","tag-gvz","tag-risikomanagement","tag-tagung","tag-vorschriften"],"acf":[],"yoast_head":"<!-- This site is optimized with the Yoast SEO plugin v27.5 - https:\/\/yoast.com\/product\/yoast-seo-wordpress\/ -->\n<title>Grosse Nachfrage zur GVZ-Tagung Brandschutz 2025 - Organisator<\/title>\n<meta name=\"description\" content=\"Die GVZ-Tagung 2025 informiert \u00fcber die neuen Brandschutzvorschriften BSV 2026. Livestream-Teilnahme weiterhin m\u00f6glich.\" \/>\n<meta name=\"robots\" content=\"index, follow, max-snippet:-1, max-image-preview:large, max-video-preview:-1\" \/>\n<link rel=\"canonical\" href=\"https:\/\/www.organisator.ch\/it\/eccellenza-operativa\/2025-02-19\/grosse-nachfrage-zur-gvz-tagung-brandschutz-2025\/\" \/>\n<meta property=\"og:locale\" content=\"it_IT\" \/>\n<meta property=\"og:type\" content=\"article\" \/>\n<meta property=\"og:title\" content=\"Grosse Nachfrage zur GVZ-Tagung Brandschutz 2025 - Organisator\" \/>\n<meta property=\"og:description\" content=\"Die GVZ-Tagung 2025 informiert \u00fcber die neuen Brandschutzvorschriften BSV 2026. Livestream-Teilnahme weiterhin m\u00f6glich.\" \/>\n<meta property=\"og:url\" content=\"https:\/\/www.organisator.ch\/it\/eccellenza-operativa\/2025-02-19\/grosse-nachfrage-zur-gvz-tagung-brandschutz-2025\/\" \/>\n<meta property=\"og:site_name\" content=\"Organisator\" \/>\n<meta property=\"article:publisher\" content=\"https:\/\/www.facebook.com\/OrganisatorFachmagazin\" \/>\n<meta property=\"article:published_time\" content=\"2025-02-19T11:30:35+00:00\" \/>\n<meta property=\"article:modified_time\" content=\"2025-02-19T12:11:43+00:00\" \/>\n<meta name=\"author\" content=\"Dzana Muminovic\" \/>\n<meta name=\"twitter:card\" content=\"summary_large_image\" \/>\n<script type=\"application\/ld+json\" class=\"yoast-schema-graph\">{\"@context\":\"https:\\\/\\\/schema.org\",\"@graph\":[{\"@type\":\"Article\",\"@id\":\"https:\\\/\\\/www.organisator.ch\\\/operational-excellence\\\/2025-02-19\\\/grosse-nachfrage-zur-gvz-tagung-brandschutz-2025\\\/#article\",\"isPartOf\":{\"@id\":\"https:\\\/\\\/www.organisator.ch\\\/operational-excellence\\\/2025-02-19\\\/grosse-nachfrage-zur-gvz-tagung-brandschutz-2025\\\/\"},\"author\":{\"name\":\"Dzana Muminovic\",\"@id\":\"https:\\\/\\\/www.organisator.ch\\\/#\\\/schema\\\/person\\\/afccda3a71c06d4be2ed9100dd163db7\"},\"headline\":\"Grosse Nachfrage zur GVZ-Tagung Brandschutz 2025\",\"datePublished\":\"2025-02-19T11:30:35+00:00\",\"dateModified\":\"2025-02-19T12:11:43+00:00\",\"mainEntityOfPage\":{\"@id\":\"https:\\\/\\\/www.organisator.ch\\\/operational-excellence\\\/2025-02-19\\\/grosse-nachfrage-zur-gvz-tagung-brandschutz-2025\\\/\"},\"wordCount\":225,\"publisher\":{\"@id\":\"https:\\\/\\\/www.organisator.ch\\\/#organization\"},\"image\":{\"@id\":\"https:\\\/\\\/www.organisator.ch\\\/operational-excellence\\\/2025-02-19\\\/grosse-nachfrage-zur-gvz-tagung-brandschutz-2025\\\/#primaryimage\"},\"thumbnailUrl\":\"https:\\\/\\\/www.m-q.ch\\\/wp-content\\\/uploads\\\/2025\\\/02\\\/Brandschutz_Bild1_ps.jpg\",\"keywords\":[\"Brandschutz\",\"Fachpersonen\",\"GVZ\",\"Risikomanagement\",\"Tagung\",\"Vorschriften\"],\"articleSection\":[\"OPERATIONAL EXCELLENCE\"],\"inLanguage\":\"it-IT\"},{\"@type\":\"WebPage\",\"@id\":\"https:\\\/\\\/www.organisator.ch\\\/operational-excellence\\\/2025-02-19\\\/grosse-nachfrage-zur-gvz-tagung-brandschutz-2025\\\/\",\"url\":\"https:\\\/\\\/www.organisator.ch\\\/operational-excellence\\\/2025-02-19\\\/grosse-nachfrage-zur-gvz-tagung-brandschutz-2025\\\/\",\"name\":\"Grosse Nachfrage zur GVZ-Tagung Brandschutz 2025 - Organisator\",\"isPartOf\":{\"@id\":\"https:\\\/\\\/www.organisator.ch\\\/#website\"},\"primaryImageOfPage\":{\"@id\":\"https:\\\/\\\/www.organisator.ch\\\/operational-excellence\\\/2025-02-19\\\/grosse-nachfrage-zur-gvz-tagung-brandschutz-2025\\\/#primaryimage\"},\"image\":{\"@id\":\"https:\\\/\\\/www.organisator.ch\\\/operational-excellence\\\/2025-02-19\\\/grosse-nachfrage-zur-gvz-tagung-brandschutz-2025\\\/#primaryimage\"},\"thumbnailUrl\":\"https:\\\/\\\/www.m-q.ch\\\/wp-content\\\/uploads\\\/2025\\\/02\\\/Brandschutz_Bild1_ps.jpg\",\"datePublished\":\"2025-02-19T11:30:35+00:00\",\"dateModified\":\"2025-02-19T12:11:43+00:00\",\"description\":\"Die GVZ-Tagung 2025 informiert \u00fcber die neuen Brandschutzvorschriften BSV 2026. Livestream-Teilnahme weiterhin m\u00f6glich.\",\"breadcrumb\":{\"@id\":\"https:\\\/\\\/www.organisator.ch\\\/operational-excellence\\\/2025-02-19\\\/grosse-nachfrage-zur-gvz-tagung-brandschutz-2025\\\/#breadcrumb\"},\"inLanguage\":\"it-IT\",\"potentialAction\":[{\"@type\":\"ReadAction\",\"target\":[\"https:\\\/\\\/www.organisator.ch\\\/operational-excellence\\\/2025-02-19\\\/grosse-nachfrage-zur-gvz-tagung-brandschutz-2025\\\/\"]}]},{\"@type\":\"ImageObject\",\"inLanguage\":\"it-IT\",\"@id\":\"https:\\\/\\\/www.organisator.ch\\\/operational-excellence\\\/2025-02-19\\\/grosse-nachfrage-zur-gvz-tagung-brandschutz-2025\\\/#primaryimage\",\"url\":\"https:\\\/\\\/www.m-q.ch\\\/wp-content\\\/uploads\\\/2025\\\/02\\\/Brandschutz_Bild1_ps.jpg\",\"contentUrl\":\"https:\\\/\\\/www.m-q.ch\\\/wp-content\\\/uploads\\\/2025\\\/02\\\/Brandschutz_Bild1_ps.jpg\"},{\"@type\":\"BreadcrumbList\",\"@id\":\"https:\\\/\\\/www.organisator.ch\\\/operational-excellence\\\/2025-02-19\\\/grosse-nachfrage-zur-gvz-tagung-brandschutz-2025\\\/#breadcrumb\",\"itemListElement\":[{\"@type\":\"ListItem\",\"position\":1,\"name\":\"Home\",\"item\":\"https:\\\/\\\/www.organisator.ch\\\/\"},{\"@type\":\"ListItem\",\"position\":2,\"name\":\"Grosse Nachfrage zur GVZ-Tagung Brandschutz 2025\"}]},{\"@type\":\"WebSite\",\"@id\":\"https:\\\/\\\/www.organisator.ch\\\/#website\",\"url\":\"https:\\\/\\\/www.organisator.ch\\\/\",\"name\":\"Organisator\",\"description\":\"Kompetent. Praxisnah. Der ORGANISATOR bereitet in 10 Ausgaben pro Jahr die wesentlichen Themen f\u00fcr F\u00fchrungskr\u00e4fte von KMU auf.\",\"publisher\":{\"@id\":\"https:\\\/\\\/www.organisator.ch\\\/#organization\"},\"potentialAction\":[{\"@type\":\"SearchAction\",\"target\":{\"@type\":\"EntryPoint\",\"urlTemplate\":\"https:\\\/\\\/www.organisator.ch\\\/?s={search_term_string}\"},\"query-input\":{\"@type\":\"PropertyValueSpecification\",\"valueRequired\":true,\"valueName\":\"search_term_string\"}}],\"inLanguage\":\"it-IT\"},{\"@type\":\"Organization\",\"@id\":\"https:\\\/\\\/www.organisator.ch\\\/#organization\",\"name\":\"Organisator\",\"url\":\"https:\\\/\\\/www.organisator.ch\\\/\",\"logo\":{\"@type\":\"ImageObject\",\"inLanguage\":\"it-IT\",\"@id\":\"https:\\\/\\\/www.organisator.ch\\\/#\\\/schema\\\/logo\\\/image\\\/\",\"url\":\"https:\\\/\\\/www.organisator.ch\\\/wp-content\\\/uploads\\\/2022\\\/01\\\/Logo_Organisator_Website.png\",\"contentUrl\":\"https:\\\/\\\/www.organisator.ch\\\/wp-content\\\/uploads\\\/2022\\\/01\\\/Logo_Organisator_Website.png\",\"width\":800,\"height\":77,\"caption\":\"Organisator\"},\"image\":{\"@id\":\"https:\\\/\\\/www.organisator.ch\\\/#\\\/schema\\\/logo\\\/image\\\/\"},\"sameAs\":[\"https:\\\/\\\/www.facebook.com\\\/OrganisatorFachmagazin\",\"https:\\\/\\\/www.linkedin.com\\\/showcase\\\/organisator-das-magazin-fr-kmu\",\"https:\\\/\\\/www.xing.com\\\/news\\\/pages\\\/organisator-ch-695\",\"https:\\\/\\\/www.youtube.com\\\/channel\\\/UCGP2Sq0iWaZwT3BdIAQFYpw\"]},{\"@type\":\"Person\",\"@id\":\"https:\\\/\\\/www.organisator.ch\\\/#\\\/schema\\\/person\\\/afccda3a71c06d4be2ed9100dd163db7\",\"name\":\"Dzana Muminovic\",\"image\":{\"@type\":\"ImageObject\",\"inLanguage\":\"it-IT\",\"@id\":\"https:\\\/\\\/secure.gravatar.com\\\/avatar\\\/909c5c71aff4b38e88686f2ab2f1ba152571f394f41ed8bae431ea56ced93050?s=96&d=mm&r=g\",\"url\":\"https:\\\/\\\/secure.gravatar.com\\\/avatar\\\/909c5c71aff4b38e88686f2ab2f1ba152571f394f41ed8bae431ea56ced93050?s=96&d=mm&r=g\",\"contentUrl\":\"https:\\\/\\\/secure.gravatar.com\\\/avatar\\\/909c5c71aff4b38e88686f2ab2f1ba152571f394f41ed8bae431ea56ced93050?s=96&d=mm&r=g\",\"caption\":\"Dzana Muminovic\"},\"url\":\"https:\\\/\\\/www.organisator.ch\\\/it\\\/author\\\/dzana-muminovic\\\/\"}]}<\/script>\n<!-- \/ Yoast SEO plugin. -->","yoast_head_json":{"title":"Grande richiesta per la conferenza GVZ sulla protezione antincendio 2025 - L'organizzatore","description":"La Conferenza GVZ 2025 fornisce informazioni sulle nuove norme antincendio BSV 2026. \u00c8 ancora possibile la partecipazione in livestream.","robots":{"index":"index","follow":"follow","max-snippet":"max-snippet:-1","max-image-preview":"max-image-preview:large","max-video-preview":"max-video-preview:-1"},"canonical":"https:\/\/www.organisator.ch\/it\/eccellenza-operativa\/2025-02-19\/grosse-nachfrage-zur-gvz-tagung-brandschutz-2025\/","og_locale":"it_IT","og_type":"article","og_title":"Grosse Nachfrage zur GVZ-Tagung Brandschutz 2025 - Organisator","og_description":"Die GVZ-Tagung 2025 informiert \u00fcber die neuen Brandschutzvorschriften BSV 2026. Livestream-Teilnahme weiterhin m\u00f6glich.","og_url":"https:\/\/www.organisator.ch\/it\/eccellenza-operativa\/2025-02-19\/grosse-nachfrage-zur-gvz-tagung-brandschutz-2025\/","og_site_name":"Organisator","article_publisher":"https:\/\/www.facebook.com\/OrganisatorFachmagazin","article_published_time":"2025-02-19T11:30:35+00:00","article_modified_time":"2025-02-19T12:11:43+00:00","author":"Dzana Muminovic","twitter_card":"summary_large_image","schema":{"@context":"https:\/\/schema.org","@graph":[{"@type":"Article","@id":"https:\/\/www.organisator.ch\/operational-excellence\/2025-02-19\/grosse-nachfrage-zur-gvz-tagung-brandschutz-2025\/#article","isPartOf":{"@id":"https:\/\/www.organisator.ch\/operational-excellence\/2025-02-19\/grosse-nachfrage-zur-gvz-tagung-brandschutz-2025\/"},"author":{"name":"Dzana Muminovic","@id":"https:\/\/www.organisator.ch\/#\/schema\/person\/afccda3a71c06d4be2ed9100dd163db7"},"headline":"Grosse Nachfrage zur GVZ-Tagung Brandschutz 2025","datePublished":"2025-02-19T11:30:35+00:00","dateModified":"2025-02-19T12:11:43+00:00","mainEntityOfPage":{"@id":"https:\/\/www.organisator.ch\/operational-excellence\/2025-02-19\/grosse-nachfrage-zur-gvz-tagung-brandschutz-2025\/"},"wordCount":225,"publisher":{"@id":"https:\/\/www.organisator.ch\/#organization"},"image":{"@id":"https:\/\/www.organisator.ch\/operational-excellence\/2025-02-19\/grosse-nachfrage-zur-gvz-tagung-brandschutz-2025\/#primaryimage"},"thumbnailUrl":"https:\/\/www.m-q.ch\/wp-content\/uploads\/2025\/02\/Brandschutz_Bild1_ps.jpg","keywords":["Brandschutz","Fachpersonen","GVZ","Risikomanagement","Tagung","Vorschriften"],"articleSection":["OPERATIONAL EXCELLENCE"],"inLanguage":"it-IT"},{"@type":"WebPage","@id":"https:\/\/www.organisator.ch\/operational-excellence\/2025-02-19\/grosse-nachfrage-zur-gvz-tagung-brandschutz-2025\/","url":"https:\/\/www.organisator.ch\/operational-excellence\/2025-02-19\/grosse-nachfrage-zur-gvz-tagung-brandschutz-2025\/","name":"Grande richiesta per la conferenza GVZ sulla protezione antincendio 2025 - L'organizzatore","isPartOf":{"@id":"https:\/\/www.organisator.ch\/#website"},"primaryImageOfPage":{"@id":"https:\/\/www.organisator.ch\/operational-excellence\/2025-02-19\/grosse-nachfrage-zur-gvz-tagung-brandschutz-2025\/#primaryimage"},"image":{"@id":"https:\/\/www.organisator.ch\/operational-excellence\/2025-02-19\/grosse-nachfrage-zur-gvz-tagung-brandschutz-2025\/#primaryimage"},"thumbnailUrl":"https:\/\/www.m-q.ch\/wp-content\/uploads\/2025\/02\/Brandschutz_Bild1_ps.jpg","datePublished":"2025-02-19T11:30:35+00:00","dateModified":"2025-02-19T12:11:43+00:00","description":"La Conferenza GVZ 2025 fornisce informazioni sulle nuove norme antincendio BSV 2026. \u00c8 ancora possibile la partecipazione in livestream.","breadcrumb":{"@id":"https:\/\/www.organisator.ch\/operational-excellence\/2025-02-19\/grosse-nachfrage-zur-gvz-tagung-brandschutz-2025\/#breadcrumb"},"inLanguage":"it-IT","potentialAction":[{"@type":"ReadAction","target":["https:\/\/www.organisator.ch\/operational-excellence\/2025-02-19\/grosse-nachfrage-zur-gvz-tagung-brandschutz-2025\/"]}]},{"@type":"ImageObject","inLanguage":"it-IT","@id":"https:\/\/www.organisator.ch\/operational-excellence\/2025-02-19\/grosse-nachfrage-zur-gvz-tagung-brandschutz-2025\/#primaryimage","url":"https:\/\/www.m-q.ch\/wp-content\/uploads\/2025\/02\/Brandschutz_Bild1_ps.jpg","contentUrl":"https:\/\/www.m-q.ch\/wp-content\/uploads\/2025\/02\/Brandschutz_Bild1_ps.jpg"},{"@type":"BreadcrumbList","@id":"https:\/\/www.organisator.ch\/operational-excellence\/2025-02-19\/grosse-nachfrage-zur-gvz-tagung-brandschutz-2025\/#breadcrumb","itemListElement":[{"@type":"ListItem","position":1,"name":"Home","item":"https:\/\/www.organisator.ch\/"},{"@type":"ListItem","position":2,"name":"Grosse Nachfrage zur GVZ-Tagung Brandschutz 2025"}]},{"@type":"WebSite","@id":"https:\/\/www.organisator.ch\/#website","url":"https:\/\/www.organisator.ch\/","name":"Organizzatore","description":"Competente. Pratico. In 10 numeri all'anno, ORGANISATOR presenta i temi essenziali per i manager delle PMI.","publisher":{"@id":"https:\/\/www.organisator.ch\/#organization"},"potentialAction":[{"@type":"SearchAction","target":{"@type":"EntryPoint","urlTemplate":"https:\/\/www.organisator.ch\/?s={search_term_string}"},"query-input":{"@type":"PropertyValueSpecification","valueRequired":true,"valueName":"search_term_string"}}],"inLanguage":"it-IT"},{"@type":"Organization","@id":"https:\/\/www.organisator.ch\/#organization","name":"Organizzatore","url":"https:\/\/www.organisator.ch\/","logo":{"@type":"ImageObject","inLanguage":"it-IT","@id":"https:\/\/www.organisator.ch\/#\/schema\/logo\/image\/","url":"https:\/\/www.organisator.ch\/wp-content\/uploads\/2022\/01\/Logo_Organisator_Website.png","contentUrl":"https:\/\/www.organisator.ch\/wp-content\/uploads\/2022\/01\/Logo_Organisator_Website.png","width":800,"height":77,"caption":"Organisator"},"image":{"@id":"https:\/\/www.organisator.ch\/#\/schema\/logo\/image\/"},"sameAs":["https:\/\/www.facebook.com\/OrganisatorFachmagazin","https:\/\/www.linkedin.com\/showcase\/organisator-das-magazin-fr-kmu","https:\/\/www.xing.com\/news\/pages\/organisator-ch-695","https:\/\/www.youtube.com\/channel\/UCGP2Sq0iWaZwT3BdIAQFYpw"]},{"@type":"Person","@id":"https:\/\/www.organisator.ch\/#\/schema\/person\/afccda3a71c06d4be2ed9100dd163db7","name":"Dzana Muminovic","image":{"@type":"ImageObject","inLanguage":"it-IT","@id":"https:\/\/secure.gravatar.com\/avatar\/909c5c71aff4b38e88686f2ab2f1ba152571f394f41ed8bae431ea56ced93050?s=96&d=mm&r=g","url":"https:\/\/secure.gravatar.com\/avatar\/909c5c71aff4b38e88686f2ab2f1ba152571f394f41ed8bae431ea56ced93050?s=96&d=mm&r=g","contentUrl":"https:\/\/secure.gravatar.com\/avatar\/909c5c71aff4b38e88686f2ab2f1ba152571f394f41ed8bae431ea56ced93050?s=96&d=mm&r=g","caption":"Dzana Muminovic"},"url":"https:\/\/www.organisator.ch\/it\/author\/dzana-muminovic\/"}]}},"_links":{"self":[{"href":"https:\/\/www.organisator.ch\/it\/wp-json\/wp\/v2\/posts\/36084","targetHints":{"allow":["GET"]}}],"collection":[{"href":"https:\/\/www.organisator.ch\/it\/wp-json\/wp\/v2\/posts"}],"about":[{"href":"https:\/\/www.organisator.ch\/it\/wp-json\/wp\/v2\/types\/post"}],"author":[{"embeddable":true,"href":"https:\/\/www.organisator.ch\/it\/wp-json\/wp\/v2\/users\/80"}],"replies":[{"embeddable":true,"href":"https:\/\/www.organisator.ch\/it\/wp-json\/wp\/v2\/comments?post=36084"}],"version-history":[{"count":5,"href":"https:\/\/www.organisator.ch\/it\/wp-json\/wp\/v2\/posts\/36084\/revisions"}],"predecessor-version":[{"id":36088,"href":"https:\/\/www.organisator.ch\/it\/wp-json\/wp\/v2\/posts\/36084\/revisions\/36088"}],"wp:attachment":[{"href":"https:\/\/www.organisator.ch\/it\/wp-json\/wp\/v2\/media?parent=36084"}],"wp:term":[{"taxonomy":"category","embeddable":true,"href":"https:\/\/www.organisator.ch\/it\/wp-json\/wp\/v2\/categories?post=36084"},{"taxonomy":"post_tag","embeddable":true,"href":"https:\/\/www.organisator.ch\/it\/wp-json\/wp\/v2\/tags?post=36084"}],"curies":[{"name":"wp","href":"https:\/\/api.w.org\/{rel}","templated":true}]}}