{"id":36089,"date":"2025-02-19T15:34:25","date_gmt":"2025-02-19T14:34:25","guid":{"rendered":"https:\/\/www.organisator.ch\/?p=36089"},"modified":"2025-02-19T15:34:25","modified_gmt":"2025-02-19T14:34:25","slug":"nachhaltig-produzierte-stahltraeger-fuer-neues-recyclingcenter","status":"publish","type":"post","link":"https:\/\/www.organisator.ch\/it\/sustainability\/2025-02-19\/nachhaltig-produzierte-stahltraeger-fuer-neues-recyclingcenter\/","title":{"rendered":"Travi in acciaio prodotte in modo sostenibile per il nuovo centro di riciclaggio"},"content":{"rendered":"<figure id=\"attachment_36090\" aria-describedby=\"caption-attachment-36090\" style=\"width: 680px\" class=\"wp-caption alignnone\"><img loading=\"lazy\" decoding=\"async\" class=\"size-full wp-image-36090\" src=\"https:\/\/www.organisator.ch\/wp-content\/uploads\/2025\/02\/Recyclingcenter_Bild1_ps.jpg\" alt=\"\" width=\"680\" height=\"509\" srcset=\"https:\/\/www.organisator.ch\/wp-content\/uploads\/2025\/02\/Recyclingcenter_Bild1_ps.jpg 680w, https:\/\/www.organisator.ch\/wp-content\/uploads\/2025\/02\/Recyclingcenter_Bild1_ps-16x12.jpg 16w, https:\/\/www.organisator.ch\/wp-content\/uploads\/2025\/02\/Recyclingcenter_Bild1_ps-375x281.jpg 375w, https:\/\/www.organisator.ch\/wp-content\/uploads\/2025\/02\/Recyclingcenter_Bild1_ps-468x350.jpg 468w\" sizes=\"auto, (max-width: 680px) 100vw, 680px\" \/><figcaption id=\"caption-attachment-36090\" class=\"wp-caption-text\">R\u00f6mer AG sta costruendo un centro di riciclaggio orientato alla sostenibilit\u00e0 a Villmergen, nel cantone di Argovia. (Immagine: Severin Bigler)<\/figcaption><\/figure>\n<p>Lo specialista dello smaltimento dei rifiuti R\u00f6mer AG sta costruendo un nuovo centro di riciclaggio a Villmergen, nel cantone di Argovia. Al primo piano, i privati troveranno il moderno centro di raccolta \"Brings\", accessibile 24 ore al giorno. 17 scivoli convogliano i rifiuti nella sala al piano terra, dove i vari materiali vengono trattati e rimossi.<\/p>\n<h3><strong>Teleriscaldamento ecologico ed elettricit\u00e0 da moduli solari<\/strong><\/h3>\n<p>Il nuovo centro di riciclaggio \u00e8 all'insegna della sostenibilit\u00e0. Il teleriscaldamento ecologico riscalda l'edificio amministrativo. Un impianto fotovoltaico sul tetto del centro di riciclaggio garantir\u00e0 l'approvvigionamento elettrico dell'edificio. In futuro verranno utilizzate solo macchine alimentate a elettricit\u00e0, compresi carrelli elevatori e camion. Tuttavia, non sono solo il teleriscaldamento e l'elettricit\u00e0 verde dal tetto a simboleggiare la sostenibilit\u00e0, ma anche le travi in acciaio per la struttura del tetto.<\/p>\n<h3><strong>L'acciaio a ridotto contenuto di CO\u2082 riduce l'impronta ecologica<\/strong><\/h3>\n<p>Alcune delle travi in acciaio sono state fornite da Debrunner Acifer AG, che offre acciaio a riduzione di CO\u2082 con il marchio Nexigen\u00ae. Questo viene prodotto utilizzando energia idroelettrica, riducendo in modo significativo le emissioni di CO\u2082 rispetto all'acciaio convenzionale. \"L'acciaio Nexigen offre un'alternativa sostenibile all'acciaio prodotto in modo convenzionale\", afferma Marc Kreissig, responsabile del settore costruzioni in acciaio del Gruppo Wetter. L'azienda \u00e8 stata responsabile della pianificazione, della progettazione strutturale, della produzione e dell'assemblaggio della struttura in acciaio per il tetto del centro di riciclaggio.<\/p>\n<h3><strong>\"L'industria siderurgica, i committenti e i responsabili dei progetti devono ripensarci\".<\/strong><\/h3>\n<p>Mentre 170 tonnellate dell'acciaio utilizzato sono state prodotte con elettricit\u00e0 verde, altre 65 tonnellate provengono dalla produzione convenzionale. Marc Kreissig spiega: \"L'acciaio Nexigen non \u00e8 ancora disponibile al 100%\". Ci\u00f2 \u00e8 dovuto principalmente al fatto che il mercato non ha ancora abbracciato a sufficienza l'acciaio a riduzione di CO2. Si spera che questa situazione cambi, ma richiede un impegno comune. \"Da un lato, spetta all'industria siderurgica attivarsi e arricchire il mercato con soluzioni sostenibili in acciaio e metallo come Nexigen. Dall'altro, i responsabili dei progetti e i proprietari degli edifici in particolare devono ripensare e concentrarsi sulla costruzione sostenibile e sui prodotti sostenibili\".<\/p>\n<p>L'apertura del centro di riciclaggio \u00e8 prevista per aprile 2025.<\/p>\n<p><em><a href=\"https:\/\/www.d-a.ch\/da\/kunden-referenzen\/aktuelles\/blog\/recyclingcenter-roemer-ag-nexigen-stahltraeger.html\">Pi\u00f9 informazioni<\/a><\/em><\/p>","protected":false},"excerpt":{"rendered":"<p>A Villmergen AG si sta costruendo un nuovo centro di riciclaggio. Debrunner Acifer AG ha fornito 170 tonnellate di acciaio a riduzione di CO\u2082 per la costruzione del tetto.<\/p>","protected":false},"author":80,"featured_media":36090,"comment_status":"closed","ping_status":"closed","sticky":false,"template":"","format":"standard","meta":{"_acf_changed":false,"_yoast_wpseo_focuskw":"Recyclingcenter","_yoast_wpseo_metadesc":"In Villmergen entsteht ein nachhaltiges Recyclingcenter mit CO\u2082-reduziertem Stahl von Debrunner Acifer AG. Er\u00f6ffnung ist im April 2025.","articlekey":"","footnotes":""},"categories":[580],"tags":[3949,1787,5096,1987,424],"class_list":["post-36089","post","type-post","status-publish","format-standard","has-post-thumbnail","hentry","category-sustainability","tag-co2-reduzierung","tag-nachhaltigkeit","tag-oekologischer-fussabdruck","tag-recycling","tag-schweiz"],"acf":[],"yoast_head":"<!-- This site is optimized with the Yoast SEO plugin v27.4 - https:\/\/yoast.com\/product\/yoast-seo-wordpress\/ -->\n<title>Nachhaltig produzierte Stahltr\u00e4ger f\u00fcr neues Recyclingcenter - Organisator<\/title>\n<meta name=\"description\" content=\"In Villmergen entsteht ein nachhaltiges Recyclingcenter mit CO\u2082-reduziertem Stahl von Debrunner Acifer AG. Er\u00f6ffnung ist im April 2025.\" \/>\n<meta name=\"robots\" content=\"index, follow, max-snippet:-1, max-image-preview:large, max-video-preview:-1\" \/>\n<link rel=\"canonical\" href=\"https:\/\/www.organisator.ch\/it\/sostenibilita\/2025-02-19\/nachhaltig-produzierte-stahltraeger-fuer-neues-recyclingcenter\/\" \/>\n<meta property=\"og:locale\" content=\"it_IT\" \/>\n<meta property=\"og:type\" content=\"article\" \/>\n<meta property=\"og:title\" content=\"Nachhaltig produzierte Stahltr\u00e4ger f\u00fcr neues Recyclingcenter\" \/>\n<meta property=\"og:description\" content=\"In Villmergen entsteht ein nachhaltiges Recyclingcenter mit CO\u2082-reduziertem Stahl von Debrunner Acifer AG. Er\u00f6ffnung ist im April 2025.\" \/>\n<meta property=\"og:url\" content=\"https:\/\/www.organisator.ch\/it\/sostenibilita\/2025-02-19\/nachhaltig-produzierte-stahltraeger-fuer-neues-recyclingcenter\/\" \/>\n<meta property=\"og:site_name\" content=\"Organisator\" \/>\n<meta property=\"article:publisher\" content=\"https:\/\/www.facebook.com\/OrganisatorFachmagazin\" \/>\n<meta property=\"article:published_time\" content=\"2025-02-19T14:34:25+00:00\" \/>\n<meta property=\"og:image\" content=\"https:\/\/www.organisator.ch\/wp-content\/uploads\/2025\/02\/Recyclingcenter_Bild1_ps.jpg\" \/>\n\t<meta property=\"og:image:width\" content=\"680\" \/>\n\t<meta property=\"og:image:height\" content=\"509\" \/>\n\t<meta property=\"og:image:type\" content=\"image\/jpeg\" \/>\n<meta name=\"author\" content=\"Dzana Muminovic\" \/>\n<meta name=\"twitter:card\" content=\"summary_large_image\" \/>\n<meta name=\"twitter:title\" content=\"Nachhaltig produzierte Stahltr\u00e4ger f\u00fcr neues Recyclingcenter\" \/>\n<meta name=\"twitter:description\" content=\"In #Villmergen entsteht ein nachhaltiges #Recyclingcenter mit #CO\u2082-reduziertem Stahl von #Debrunner #Acifer AG. Er\u00f6ffnung ist im April 2025.\" \/>\n<meta name=\"twitter:image\" content=\"https:\/\/www.organisator.ch\/wp-content\/uploads\/2025\/02\/Recyclingcenter_Bild1_ps.jpg\" \/>\n<script type=\"application\/ld+json\" class=\"yoast-schema-graph\">{\"@context\":\"https:\\\/\\\/schema.org\",\"@graph\":[{\"@type\":\"Article\",\"@id\":\"https:\\\/\\\/www.organisator.ch\\\/sustainability\\\/2025-02-19\\\/nachhaltig-produzierte-stahltraeger-fuer-neues-recyclingcenter\\\/#article\",\"isPartOf\":{\"@id\":\"https:\\\/\\\/www.organisator.ch\\\/sustainability\\\/2025-02-19\\\/nachhaltig-produzierte-stahltraeger-fuer-neues-recyclingcenter\\\/\"},\"author\":{\"name\":\"Dzana Muminovic\",\"@id\":\"https:\\\/\\\/www.organisator.ch\\\/#\\\/schema\\\/person\\\/afccda3a71c06d4be2ed9100dd163db7\"},\"headline\":\"Nachhaltig produzierte Stahltr\u00e4ger f\u00fcr neues Recyclingcenter\",\"datePublished\":\"2025-02-19T14:34:25+00:00\",\"mainEntityOfPage\":{\"@id\":\"https:\\\/\\\/www.organisator.ch\\\/sustainability\\\/2025-02-19\\\/nachhaltig-produzierte-stahltraeger-fuer-neues-recyclingcenter\\\/\"},\"wordCount\":367,\"publisher\":{\"@id\":\"https:\\\/\\\/www.organisator.ch\\\/#organization\"},\"image\":{\"@id\":\"https:\\\/\\\/www.organisator.ch\\\/sustainability\\\/2025-02-19\\\/nachhaltig-produzierte-stahltraeger-fuer-neues-recyclingcenter\\\/#primaryimage\"},\"thumbnailUrl\":\"https:\\\/\\\/www.organisator.ch\\\/wp-content\\\/uploads\\\/2025\\\/02\\\/Recyclingcenter_Bild1_ps.jpg\",\"keywords\":[\"CO2-Reduzierung\",\"Nachhaltigkeit\",\"\u00d6kologischer Fussabdruck\",\"Recycling\",\"Schweiz\"],\"articleSection\":[\"SUSTAINABILITY\"],\"inLanguage\":\"it-IT\"},{\"@type\":\"WebPage\",\"@id\":\"https:\\\/\\\/www.organisator.ch\\\/sustainability\\\/2025-02-19\\\/nachhaltig-produzierte-stahltraeger-fuer-neues-recyclingcenter\\\/\",\"url\":\"https:\\\/\\\/www.organisator.ch\\\/sustainability\\\/2025-02-19\\\/nachhaltig-produzierte-stahltraeger-fuer-neues-recyclingcenter\\\/\",\"name\":\"Nachhaltig produzierte Stahltr\u00e4ger f\u00fcr neues Recyclingcenter - Organisator\",\"isPartOf\":{\"@id\":\"https:\\\/\\\/www.organisator.ch\\\/#website\"},\"primaryImageOfPage\":{\"@id\":\"https:\\\/\\\/www.organisator.ch\\\/sustainability\\\/2025-02-19\\\/nachhaltig-produzierte-stahltraeger-fuer-neues-recyclingcenter\\\/#primaryimage\"},\"image\":{\"@id\":\"https:\\\/\\\/www.organisator.ch\\\/sustainability\\\/2025-02-19\\\/nachhaltig-produzierte-stahltraeger-fuer-neues-recyclingcenter\\\/#primaryimage\"},\"thumbnailUrl\":\"https:\\\/\\\/www.organisator.ch\\\/wp-content\\\/uploads\\\/2025\\\/02\\\/Recyclingcenter_Bild1_ps.jpg\",\"datePublished\":\"2025-02-19T14:34:25+00:00\",\"description\":\"In Villmergen entsteht ein nachhaltiges Recyclingcenter mit CO\u2082-reduziertem Stahl von Debrunner Acifer AG. Er\u00f6ffnung ist im April 2025.\",\"breadcrumb\":{\"@id\":\"https:\\\/\\\/www.organisator.ch\\\/sustainability\\\/2025-02-19\\\/nachhaltig-produzierte-stahltraeger-fuer-neues-recyclingcenter\\\/#breadcrumb\"},\"inLanguage\":\"it-IT\",\"potentialAction\":[{\"@type\":\"ReadAction\",\"target\":[\"https:\\\/\\\/www.organisator.ch\\\/sustainability\\\/2025-02-19\\\/nachhaltig-produzierte-stahltraeger-fuer-neues-recyclingcenter\\\/\"]}]},{\"@type\":\"ImageObject\",\"inLanguage\":\"it-IT\",\"@id\":\"https:\\\/\\\/www.organisator.ch\\\/sustainability\\\/2025-02-19\\\/nachhaltig-produzierte-stahltraeger-fuer-neues-recyclingcenter\\\/#primaryimage\",\"url\":\"https:\\\/\\\/www.organisator.ch\\\/wp-content\\\/uploads\\\/2025\\\/02\\\/Recyclingcenter_Bild1_ps.jpg\",\"contentUrl\":\"https:\\\/\\\/www.organisator.ch\\\/wp-content\\\/uploads\\\/2025\\\/02\\\/Recyclingcenter_Bild1_ps.jpg\",\"width\":680,\"height\":509,\"caption\":\"Im aargauischen Villmergen baut die R\u00f6mer AG ein auf Nachhaltigkeit ausgerichtetes Recyclingcenter. (Bild: Severin Bigler)\"},{\"@type\":\"BreadcrumbList\",\"@id\":\"https:\\\/\\\/www.organisator.ch\\\/sustainability\\\/2025-02-19\\\/nachhaltig-produzierte-stahltraeger-fuer-neues-recyclingcenter\\\/#breadcrumb\",\"itemListElement\":[{\"@type\":\"ListItem\",\"position\":1,\"name\":\"Home\",\"item\":\"https:\\\/\\\/www.organisator.ch\\\/\"},{\"@type\":\"ListItem\",\"position\":2,\"name\":\"Nachhaltig produzierte Stahltr\u00e4ger f\u00fcr neues Recyclingcenter\"}]},{\"@type\":\"WebSite\",\"@id\":\"https:\\\/\\\/www.organisator.ch\\\/#website\",\"url\":\"https:\\\/\\\/www.organisator.ch\\\/\",\"name\":\"Organisator\",\"description\":\"Kompetent. Praxisnah. Der ORGANISATOR bereitet in 10 Ausgaben pro Jahr die wesentlichen Themen f\u00fcr F\u00fchrungskr\u00e4fte von KMU auf.\",\"publisher\":{\"@id\":\"https:\\\/\\\/www.organisator.ch\\\/#organization\"},\"potentialAction\":[{\"@type\":\"SearchAction\",\"target\":{\"@type\":\"EntryPoint\",\"urlTemplate\":\"https:\\\/\\\/www.organisator.ch\\\/?s={search_term_string}\"},\"query-input\":{\"@type\":\"PropertyValueSpecification\",\"valueRequired\":true,\"valueName\":\"search_term_string\"}}],\"inLanguage\":\"it-IT\"},{\"@type\":\"Organization\",\"@id\":\"https:\\\/\\\/www.organisator.ch\\\/#organization\",\"name\":\"Organisator\",\"url\":\"https:\\\/\\\/www.organisator.ch\\\/\",\"logo\":{\"@type\":\"ImageObject\",\"inLanguage\":\"it-IT\",\"@id\":\"https:\\\/\\\/www.organisator.ch\\\/#\\\/schema\\\/logo\\\/image\\\/\",\"url\":\"https:\\\/\\\/www.organisator.ch\\\/wp-content\\\/uploads\\\/2022\\\/01\\\/Logo_Organisator_Website.png\",\"contentUrl\":\"https:\\\/\\\/www.organisator.ch\\\/wp-content\\\/uploads\\\/2022\\\/01\\\/Logo_Organisator_Website.png\",\"width\":800,\"height\":77,\"caption\":\"Organisator\"},\"image\":{\"@id\":\"https:\\\/\\\/www.organisator.ch\\\/#\\\/schema\\\/logo\\\/image\\\/\"},\"sameAs\":[\"https:\\\/\\\/www.facebook.com\\\/OrganisatorFachmagazin\",\"https:\\\/\\\/www.linkedin.com\\\/showcase\\\/organisator-das-magazin-fr-kmu\",\"https:\\\/\\\/www.xing.com\\\/news\\\/pages\\\/organisator-ch-695\",\"https:\\\/\\\/www.youtube.com\\\/channel\\\/UCGP2Sq0iWaZwT3BdIAQFYpw\"]},{\"@type\":\"Person\",\"@id\":\"https:\\\/\\\/www.organisator.ch\\\/#\\\/schema\\\/person\\\/afccda3a71c06d4be2ed9100dd163db7\",\"name\":\"Dzana Muminovic\",\"image\":{\"@type\":\"ImageObject\",\"inLanguage\":\"it-IT\",\"@id\":\"https:\\\/\\\/secure.gravatar.com\\\/avatar\\\/909c5c71aff4b38e88686f2ab2f1ba152571f394f41ed8bae431ea56ced93050?s=96&d=mm&r=g\",\"url\":\"https:\\\/\\\/secure.gravatar.com\\\/avatar\\\/909c5c71aff4b38e88686f2ab2f1ba152571f394f41ed8bae431ea56ced93050?s=96&d=mm&r=g\",\"contentUrl\":\"https:\\\/\\\/secure.gravatar.com\\\/avatar\\\/909c5c71aff4b38e88686f2ab2f1ba152571f394f41ed8bae431ea56ced93050?s=96&d=mm&r=g\",\"caption\":\"Dzana Muminovic\"},\"url\":\"https:\\\/\\\/www.organisator.ch\\\/it\\\/author\\\/dzana-muminovic\\\/\"}]}<\/script>\n<!-- \/ Yoast SEO plugin. -->","yoast_head_json":{"title":"Travi in acciaio prodotte in modo sostenibile per il nuovo centro di riciclaggio - Organizzatore","description":"A Villmergen \u00e8 in costruzione un centro di riciclaggio sostenibile con acciaio a riduzione di CO\u2082 di Debrunner Acifer AG. L'apertura \u00e8 prevista per l'aprile 2025.","robots":{"index":"index","follow":"follow","max-snippet":"max-snippet:-1","max-image-preview":"max-image-preview:large","max-video-preview":"max-video-preview:-1"},"canonical":"https:\/\/www.organisator.ch\/it\/sostenibilita\/2025-02-19\/nachhaltig-produzierte-stahltraeger-fuer-neues-recyclingcenter\/","og_locale":"it_IT","og_type":"article","og_title":"Nachhaltig produzierte Stahltr\u00e4ger f\u00fcr neues Recyclingcenter","og_description":"In Villmergen entsteht ein nachhaltiges Recyclingcenter mit CO\u2082-reduziertem Stahl von Debrunner Acifer AG. Er\u00f6ffnung ist im April 2025.","og_url":"https:\/\/www.organisator.ch\/it\/sostenibilita\/2025-02-19\/nachhaltig-produzierte-stahltraeger-fuer-neues-recyclingcenter\/","og_site_name":"Organisator","article_publisher":"https:\/\/www.facebook.com\/OrganisatorFachmagazin","article_published_time":"2025-02-19T14:34:25+00:00","og_image":[{"width":680,"height":509,"url":"https:\/\/www.organisator.ch\/wp-content\/uploads\/2025\/02\/Recyclingcenter_Bild1_ps.jpg","type":"image\/jpeg"}],"author":"Dzana Muminovic","twitter_card":"summary_large_image","twitter_title":"Nachhaltig produzierte Stahltr\u00e4ger f\u00fcr neues Recyclingcenter","twitter_description":"In #Villmergen entsteht ein nachhaltiges #Recyclingcenter mit #CO\u2082-reduziertem Stahl von #Debrunner #Acifer AG. Er\u00f6ffnung ist im April 2025.","twitter_image":"https:\/\/www.organisator.ch\/wp-content\/uploads\/2025\/02\/Recyclingcenter_Bild1_ps.jpg","schema":{"@context":"https:\/\/schema.org","@graph":[{"@type":"Article","@id":"https:\/\/www.organisator.ch\/sustainability\/2025-02-19\/nachhaltig-produzierte-stahltraeger-fuer-neues-recyclingcenter\/#article","isPartOf":{"@id":"https:\/\/www.organisator.ch\/sustainability\/2025-02-19\/nachhaltig-produzierte-stahltraeger-fuer-neues-recyclingcenter\/"},"author":{"name":"Dzana Muminovic","@id":"https:\/\/www.organisator.ch\/#\/schema\/person\/afccda3a71c06d4be2ed9100dd163db7"},"headline":"Nachhaltig produzierte Stahltr\u00e4ger f\u00fcr neues Recyclingcenter","datePublished":"2025-02-19T14:34:25+00:00","mainEntityOfPage":{"@id":"https:\/\/www.organisator.ch\/sustainability\/2025-02-19\/nachhaltig-produzierte-stahltraeger-fuer-neues-recyclingcenter\/"},"wordCount":367,"publisher":{"@id":"https:\/\/www.organisator.ch\/#organization"},"image":{"@id":"https:\/\/www.organisator.ch\/sustainability\/2025-02-19\/nachhaltig-produzierte-stahltraeger-fuer-neues-recyclingcenter\/#primaryimage"},"thumbnailUrl":"https:\/\/www.organisator.ch\/wp-content\/uploads\/2025\/02\/Recyclingcenter_Bild1_ps.jpg","keywords":["CO2-Reduzierung","Nachhaltigkeit","\u00d6kologischer Fussabdruck","Recycling","Schweiz"],"articleSection":["SUSTAINABILITY"],"inLanguage":"it-IT"},{"@type":"WebPage","@id":"https:\/\/www.organisator.ch\/sustainability\/2025-02-19\/nachhaltig-produzierte-stahltraeger-fuer-neues-recyclingcenter\/","url":"https:\/\/www.organisator.ch\/sustainability\/2025-02-19\/nachhaltig-produzierte-stahltraeger-fuer-neues-recyclingcenter\/","name":"Travi in acciaio prodotte in modo sostenibile per il nuovo centro di riciclaggio - Organizzatore","isPartOf":{"@id":"https:\/\/www.organisator.ch\/#website"},"primaryImageOfPage":{"@id":"https:\/\/www.organisator.ch\/sustainability\/2025-02-19\/nachhaltig-produzierte-stahltraeger-fuer-neues-recyclingcenter\/#primaryimage"},"image":{"@id":"https:\/\/www.organisator.ch\/sustainability\/2025-02-19\/nachhaltig-produzierte-stahltraeger-fuer-neues-recyclingcenter\/#primaryimage"},"thumbnailUrl":"https:\/\/www.organisator.ch\/wp-content\/uploads\/2025\/02\/Recyclingcenter_Bild1_ps.jpg","datePublished":"2025-02-19T14:34:25+00:00","description":"A Villmergen \u00e8 in costruzione un centro di riciclaggio sostenibile con acciaio a riduzione di CO\u2082 di Debrunner Acifer AG. L'apertura \u00e8 prevista per l'aprile 2025.","breadcrumb":{"@id":"https:\/\/www.organisator.ch\/sustainability\/2025-02-19\/nachhaltig-produzierte-stahltraeger-fuer-neues-recyclingcenter\/#breadcrumb"},"inLanguage":"it-IT","potentialAction":[{"@type":"ReadAction","target":["https:\/\/www.organisator.ch\/sustainability\/2025-02-19\/nachhaltig-produzierte-stahltraeger-fuer-neues-recyclingcenter\/"]}]},{"@type":"ImageObject","inLanguage":"it-IT","@id":"https:\/\/www.organisator.ch\/sustainability\/2025-02-19\/nachhaltig-produzierte-stahltraeger-fuer-neues-recyclingcenter\/#primaryimage","url":"https:\/\/www.organisator.ch\/wp-content\/uploads\/2025\/02\/Recyclingcenter_Bild1_ps.jpg","contentUrl":"https:\/\/www.organisator.ch\/wp-content\/uploads\/2025\/02\/Recyclingcenter_Bild1_ps.jpg","width":680,"height":509,"caption":"Im aargauischen Villmergen baut die R\u00f6mer AG ein auf Nachhaltigkeit ausgerichtetes Recyclingcenter. (Bild: Severin Bigler)"},{"@type":"BreadcrumbList","@id":"https:\/\/www.organisator.ch\/sustainability\/2025-02-19\/nachhaltig-produzierte-stahltraeger-fuer-neues-recyclingcenter\/#breadcrumb","itemListElement":[{"@type":"ListItem","position":1,"name":"Home","item":"https:\/\/www.organisator.ch\/"},{"@type":"ListItem","position":2,"name":"Nachhaltig produzierte Stahltr\u00e4ger f\u00fcr neues Recyclingcenter"}]},{"@type":"WebSite","@id":"https:\/\/www.organisator.ch\/#website","url":"https:\/\/www.organisator.ch\/","name":"Organizzatore","description":"Competente. Pratico. In 10 numeri all'anno, ORGANISATOR presenta i temi essenziali per i manager delle PMI.","publisher":{"@id":"https:\/\/www.organisator.ch\/#organization"},"potentialAction":[{"@type":"SearchAction","target":{"@type":"EntryPoint","urlTemplate":"https:\/\/www.organisator.ch\/?s={search_term_string}"},"query-input":{"@type":"PropertyValueSpecification","valueRequired":true,"valueName":"search_term_string"}}],"inLanguage":"it-IT"},{"@type":"Organization","@id":"https:\/\/www.organisator.ch\/#organization","name":"Organizzatore","url":"https:\/\/www.organisator.ch\/","logo":{"@type":"ImageObject","inLanguage":"it-IT","@id":"https:\/\/www.organisator.ch\/#\/schema\/logo\/image\/","url":"https:\/\/www.organisator.ch\/wp-content\/uploads\/2022\/01\/Logo_Organisator_Website.png","contentUrl":"https:\/\/www.organisator.ch\/wp-content\/uploads\/2022\/01\/Logo_Organisator_Website.png","width":800,"height":77,"caption":"Organisator"},"image":{"@id":"https:\/\/www.organisator.ch\/#\/schema\/logo\/image\/"},"sameAs":["https:\/\/www.facebook.com\/OrganisatorFachmagazin","https:\/\/www.linkedin.com\/showcase\/organisator-das-magazin-fr-kmu","https:\/\/www.xing.com\/news\/pages\/organisator-ch-695","https:\/\/www.youtube.com\/channel\/UCGP2Sq0iWaZwT3BdIAQFYpw"]},{"@type":"Person","@id":"https:\/\/www.organisator.ch\/#\/schema\/person\/afccda3a71c06d4be2ed9100dd163db7","name":"Dzana Muminovic","image":{"@type":"ImageObject","inLanguage":"it-IT","@id":"https:\/\/secure.gravatar.com\/avatar\/909c5c71aff4b38e88686f2ab2f1ba152571f394f41ed8bae431ea56ced93050?s=96&d=mm&r=g","url":"https:\/\/secure.gravatar.com\/avatar\/909c5c71aff4b38e88686f2ab2f1ba152571f394f41ed8bae431ea56ced93050?s=96&d=mm&r=g","contentUrl":"https:\/\/secure.gravatar.com\/avatar\/909c5c71aff4b38e88686f2ab2f1ba152571f394f41ed8bae431ea56ced93050?s=96&d=mm&r=g","caption":"Dzana Muminovic"},"url":"https:\/\/www.organisator.ch\/it\/author\/dzana-muminovic\/"}]}},"_links":{"self":[{"href":"https:\/\/www.organisator.ch\/it\/wp-json\/wp\/v2\/posts\/36089","targetHints":{"allow":["GET"]}}],"collection":[{"href":"https:\/\/www.organisator.ch\/it\/wp-json\/wp\/v2\/posts"}],"about":[{"href":"https:\/\/www.organisator.ch\/it\/wp-json\/wp\/v2\/types\/post"}],"author":[{"embeddable":true,"href":"https:\/\/www.organisator.ch\/it\/wp-json\/wp\/v2\/users\/80"}],"replies":[{"embeddable":true,"href":"https:\/\/www.organisator.ch\/it\/wp-json\/wp\/v2\/comments?post=36089"}],"version-history":[{"count":3,"href":"https:\/\/www.organisator.ch\/it\/wp-json\/wp\/v2\/posts\/36089\/revisions"}],"predecessor-version":[{"id":36217,"href":"https:\/\/www.organisator.ch\/it\/wp-json\/wp\/v2\/posts\/36089\/revisions\/36217"}],"wp:featuredmedia":[{"embeddable":true,"href":"https:\/\/www.organisator.ch\/it\/wp-json\/wp\/v2\/media\/36090"}],"wp:attachment":[{"href":"https:\/\/www.organisator.ch\/it\/wp-json\/wp\/v2\/media?parent=36089"}],"wp:term":[{"taxonomy":"category","embeddable":true,"href":"https:\/\/www.organisator.ch\/it\/wp-json\/wp\/v2\/categories?post=36089"},{"taxonomy":"post_tag","embeddable":true,"href":"https:\/\/www.organisator.ch\/it\/wp-json\/wp\/v2\/tags?post=36089"}],"curies":[{"name":"wp","href":"https:\/\/api.w.org\/{rel}","templated":true}]}}