{"id":36100,"date":"2025-02-20T08:05:25","date_gmt":"2025-02-20T07:05:25","guid":{"rendered":"https:\/\/www.markt-kom.com\/?p=230759"},"modified":"2025-02-20T08:00:17","modified_gmt":"2025-02-20T07:00:17","slug":"xaver-award-wird-2025-erstmals-in-bern-ausgetragen","status":"publish","type":"post","link":"https:\/\/www.organisator.ch\/it\/marketing\/2025-02-20\/xaver-award-wird-2025-erstmals-in-bern-ausgetragen\/","title":{"rendered":"Il Premio Xaver si terr\u00e0 per la prima volta a Berna nel 2025"},"content":{"rendered":"<figure id=\"attachment_230760\" class=\"wp-caption aligncenter\" style=\"width: 1200px;\" aria-describedby=\"caption-attachment-230760\"><a href=\"https:\/\/www.markt-kom.com\/wp-content\/uploads\/2025\/02\/xaver-award-2024_0.jpg\"><img class=\"size-full wp-image-230760\" src=\"https:\/\/www.markt-kom.com\/wp-content\/uploads\/2025\/02\/xaver-award-2024_0.jpg\" sizes=\"(max-width: 1200px) 100vw, 1200px\" srcset=\"https:\/\/www.markt-kom.com\/wp-content\/uploads\/2025\/02\/xaver-award-2024_0.jpg 1200w, https:\/\/www.markt-kom.com\/wp-content\/uploads\/2025\/02\/xaver-award-2024_0-600x338.jpg 600w, https:\/\/www.markt-kom.com\/wp-content\/uploads\/2025\/02\/xaver-award-2024_0-1024x576.jpg 1024w, https:\/\/www.markt-kom.com\/wp-content\/uploads\/2025\/02\/xaver-award-2024_0-768x432.jpg 768w, https:\/\/www.markt-kom.com\/wp-content\/uploads\/2025\/02\/xaver-award-2024_0-18x10.jpg 18w, https:\/\/www.markt-kom.com\/wp-content\/uploads\/2025\/02\/xaver-award-2024_0-311x175.jpg 311w, https:\/\/www.markt-kom.com\/wp-content\/uploads\/2025\/02\/xaver-award-2024_0-622x350.jpg 622w, https:\/\/www.markt-kom.com\/wp-content\/uploads\/2025\/02\/xaver-award-2024_0-1000x563.jpg 1000w\" alt=\"\" width=\"1200\" height=\"675\" \/><\/a>\r\n<figcaption id=\"caption-attachment-230760\" class=\"wp-caption-text\">Impressioni sul Premio Xaver dell'anno scorso, allora ancora a Zurigo. (Immagine: zVg.)<\/figcaption>\r\n<\/figure>\r\n<p>Il 9 settembre 2025 saranno premiati i progetti pi\u00f9 innovativi ed eccellenti del settore LiveCom svizzero. L'obiettivo \u00e8 quello di far conoscere a un vasto pubblico le migliori misure di live communication dell'anno passato. I premi sono assegnati dall'associazione di settore Swiss LiveCom Association Expo Event, che da anni si impegna a promuovere gli interessi del settore. I progetti possono essere presentati da agenzie di eventi, societ\u00e0 fieristiche, agenzie di promozione, fornitori, centri espositivi, location e agenzie di sponsorizzazione. Le condizioni speciali Earlybird sono ancora disponibili fino al 17 marzo.<\/p>\r\n<p><strong>Categoria aggiuntiva e nuovi membri della giuria <\/strong><\/p>\r\n<p>In totale, i premi Xaver d'oro, d'argento o di bronzo saranno assegnati nelle otto categorie Miglior evento aziendale, Miglior evento consumer \/ POS, Miglior progetto di efficienza, Miglior progetto Expo, Miglior brandworlds &amp; installazioni temporanee e mostre, Miglior evento pubblico e Miglior stand espositivo.<\/p>\r\n<p>La nuova categoria \"Best Exhibition Stand\" si concentra sul singolo stand espositivo: premia le soluzioni creative e strategicamente ben studiate che massimizzano l'impatto di un marchio o di un prodotto in uno spazio ridotto. Inoltre, la comunit\u00e0 seleziona i vincitori del Public Xaver con una votazione online. Verr\u00e0 inoltre assegnato il premio Xaver alla carriera: il vincitore sar\u00e0 annunciato nel corso della cerimonia di premiazione.<\/p>\r\n<p>La giuria di quest'anno comprende il presidente Dany Waldner di Waldner Partner, Andrea Meier di Swisscom, Nadine Imboden e Maximilian Souchay di Live Lab. I nuovi membri sono C\u00e9dric Schlosser di MYI Entertainment e Iwan Funk di Bellprat Partner. \"C\u00e9dric Schlosser e Iwan Funk ci porteranno preziose intuizioni grazie alla loro esperienza nell'attivazione digitale e nella gamification\", spiega Dany Waldner. Mauro Testerini e Norbert Egli non partecipano pi\u00f9. La giuria si svolger\u00e0 il 3 e 4 giugno 2025 all'Hallenstadion.<\/p>\r\n<p><strong>Un grande palcoscenico per lo Xaver <\/strong><\/p>\r\n<p>Quest'anno, la cerimonia di premiazione si svolger\u00e0 per la prima volta nella nuova sala del festival sul sito di Bernexpo a Berna. L'inaugurazione avverr\u00e0 il 25 aprile 2025 nell'ambito della fiera di primavera BEA, inaugurando una nuova era di eventi nella citt\u00e0 federale. \"Dopo aver organizzato il Premio Xaver a Zurigo per circa due decenni, siamo molto lieti di trasferirci a Berna, che rafforzer\u00e0 anche la nostra vicinanza alla Svizzera francese. \u00c8 un onore per noi essere uno dei primi eventi ad essere ospitati nella nuova Festhalle. In fondo, non \u00e8 solo Berna a beneficiare dell'attrattiva di questa imponente piattaforma per eventi, ma l'intero settore degli eventi svizzero\", spiega il presidente di Expo Event Christian K\u00fcnzli.<\/p>","protected":false},"excerpt":{"rendered":"<p>Nuova sede, nuova categoria, nuovi membri della giuria: il Premio Xaver di quest'anno, il 9 settembre 2025, sar\u00e0 molto diverso. La cerimonia di premiazione si svolger\u00e0 per la prima volta a Berna, nella nuova Festhalle. Il termine ultimo per la presentazione delle candidature \u00e8 la fine di aprile 2025.<\/p>","protected":false},"author":8,"featured_media":0,"comment_status":"closed","ping_status":"closed","sticky":false,"template":"","format":"standard","meta":{"_acf_changed":false,"_yoast_wpseo_focuskw":"Xaver-Award 2025","_yoast_wpseo_metadesc":"Der Xaver-Award 2025 bringt Neuerungen: neue Location in Bern, neue Kategorie & Jury. Jetzt Projekte einreichen & Earlybird nutzen!","articlekey":"","footnotes":""},"categories":[29],"tags":[66,3357,4402],"class_list":["post-36100","post","type-post","status-publish","format-standard","hentry","category-marketing","tag-awards","tag-live-kommunikation","tag-xaver"],"acf":[],"yoast_head":"<!-- This site is optimized with the Yoast SEO plugin v27.5 - https:\/\/yoast.com\/product\/yoast-seo-wordpress\/ -->\n<title>Xaver-Award wird 2025 erstmals in Bern ausgetragen - Organisator<\/title>\n<meta name=\"description\" content=\"Der Xaver-Award 2025 bringt Neuerungen: neue Location in Bern, neue Kategorie &amp; Jury. Jetzt Projekte einreichen &amp; Earlybird nutzen!\" \/>\n<meta name=\"robots\" content=\"index, follow, max-snippet:-1, max-image-preview:large, max-video-preview:-1\" \/>\n<link rel=\"canonical\" href=\"https:\/\/www.organisator.ch\/it\/marketing\/2025-02-20\/xaver-award-wird-2025-erstmals-in-bern-ausgetragen\/\" \/>\n<meta property=\"og:locale\" content=\"it_IT\" \/>\n<meta property=\"og:type\" content=\"article\" \/>\n<meta property=\"og:title\" content=\"Xaver-Award wird 2025 erstmals in Bern ausgetragen - Organisator\" \/>\n<meta property=\"og:description\" content=\"Der Xaver-Award 2025 bringt Neuerungen: neue Location in Bern, neue Kategorie &amp; Jury. Jetzt Projekte einreichen &amp; Earlybird nutzen!\" \/>\n<meta property=\"og:url\" content=\"https:\/\/www.organisator.ch\/it\/marketing\/2025-02-20\/xaver-award-wird-2025-erstmals-in-bern-ausgetragen\/\" \/>\n<meta property=\"og:site_name\" content=\"Organisator\" \/>\n<meta property=\"article:publisher\" content=\"https:\/\/www.facebook.com\/OrganisatorFachmagazin\" \/>\n<meta property=\"article:published_time\" content=\"2025-02-20T07:05:25+00:00\" \/>\n<meta name=\"author\" content=\"galledia\" \/>\n<meta name=\"twitter:card\" content=\"summary_large_image\" \/>\n<meta name=\"twitter:creator\" content=\"@admin\" \/>\n<script type=\"application\/ld+json\" class=\"yoast-schema-graph\">{\"@context\":\"https:\\\/\\\/schema.org\",\"@graph\":[{\"@type\":\"Article\",\"@id\":\"https:\\\/\\\/www.organisator.ch\\\/marketing\\\/2025-02-20\\\/xaver-award-wird-2025-erstmals-in-bern-ausgetragen\\\/#article\",\"isPartOf\":{\"@id\":\"https:\\\/\\\/www.organisator.ch\\\/marketing\\\/2025-02-20\\\/xaver-award-wird-2025-erstmals-in-bern-ausgetragen\\\/\"},\"author\":{\"name\":\"galledia\",\"@id\":\"https:\\\/\\\/www.organisator.ch\\\/#\\\/schema\\\/person\\\/4e51799071cd2dd1232ac003643ef5f0\"},\"headline\":\"Xaver-Award wird 2025 erstmals in Bern ausgetragen\",\"datePublished\":\"2025-02-20T07:05:25+00:00\",\"mainEntityOfPage\":{\"@id\":\"https:\\\/\\\/www.organisator.ch\\\/marketing\\\/2025-02-20\\\/xaver-award-wird-2025-erstmals-in-bern-ausgetragen\\\/\"},\"wordCount\":411,\"publisher\":{\"@id\":\"https:\\\/\\\/www.organisator.ch\\\/#organization\"},\"image\":{\"@id\":\"https:\\\/\\\/www.organisator.ch\\\/marketing\\\/2025-02-20\\\/xaver-award-wird-2025-erstmals-in-bern-ausgetragen\\\/#primaryimage\"},\"thumbnailUrl\":\"https:\\\/\\\/www.markt-kom.com\\\/wp-content\\\/uploads\\\/2025\\\/02\\\/xaver-award-2024_0.jpg\",\"keywords\":[\"Awards\",\"Live-Kommunikation\",\"Xaver\"],\"articleSection\":[\"MARKETING\"],\"inLanguage\":\"it-IT\"},{\"@type\":\"WebPage\",\"@id\":\"https:\\\/\\\/www.organisator.ch\\\/marketing\\\/2025-02-20\\\/xaver-award-wird-2025-erstmals-in-bern-ausgetragen\\\/\",\"url\":\"https:\\\/\\\/www.organisator.ch\\\/marketing\\\/2025-02-20\\\/xaver-award-wird-2025-erstmals-in-bern-ausgetragen\\\/\",\"name\":\"Xaver-Award wird 2025 erstmals in Bern ausgetragen - Organisator\",\"isPartOf\":{\"@id\":\"https:\\\/\\\/www.organisator.ch\\\/#website\"},\"primaryImageOfPage\":{\"@id\":\"https:\\\/\\\/www.organisator.ch\\\/marketing\\\/2025-02-20\\\/xaver-award-wird-2025-erstmals-in-bern-ausgetragen\\\/#primaryimage\"},\"image\":{\"@id\":\"https:\\\/\\\/www.organisator.ch\\\/marketing\\\/2025-02-20\\\/xaver-award-wird-2025-erstmals-in-bern-ausgetragen\\\/#primaryimage\"},\"thumbnailUrl\":\"https:\\\/\\\/www.markt-kom.com\\\/wp-content\\\/uploads\\\/2025\\\/02\\\/xaver-award-2024_0.jpg\",\"datePublished\":\"2025-02-20T07:05:25+00:00\",\"description\":\"Der Xaver-Award 2025 bringt Neuerungen: neue Location in Bern, neue Kategorie & Jury. Jetzt Projekte einreichen & Earlybird nutzen!\",\"breadcrumb\":{\"@id\":\"https:\\\/\\\/www.organisator.ch\\\/marketing\\\/2025-02-20\\\/xaver-award-wird-2025-erstmals-in-bern-ausgetragen\\\/#breadcrumb\"},\"inLanguage\":\"it-IT\",\"potentialAction\":[{\"@type\":\"ReadAction\",\"target\":[\"https:\\\/\\\/www.organisator.ch\\\/marketing\\\/2025-02-20\\\/xaver-award-wird-2025-erstmals-in-bern-ausgetragen\\\/\"]}]},{\"@type\":\"ImageObject\",\"inLanguage\":\"it-IT\",\"@id\":\"https:\\\/\\\/www.organisator.ch\\\/marketing\\\/2025-02-20\\\/xaver-award-wird-2025-erstmals-in-bern-ausgetragen\\\/#primaryimage\",\"url\":\"https:\\\/\\\/www.markt-kom.com\\\/wp-content\\\/uploads\\\/2025\\\/02\\\/xaver-award-2024_0.jpg\",\"contentUrl\":\"https:\\\/\\\/www.markt-kom.com\\\/wp-content\\\/uploads\\\/2025\\\/02\\\/xaver-award-2024_0.jpg\"},{\"@type\":\"BreadcrumbList\",\"@id\":\"https:\\\/\\\/www.organisator.ch\\\/marketing\\\/2025-02-20\\\/xaver-award-wird-2025-erstmals-in-bern-ausgetragen\\\/#breadcrumb\",\"itemListElement\":[{\"@type\":\"ListItem\",\"position\":1,\"name\":\"Home\",\"item\":\"https:\\\/\\\/www.organisator.ch\\\/\"},{\"@type\":\"ListItem\",\"position\":2,\"name\":\"Xaver-Award wird 2025 erstmals in Bern ausgetragen\"}]},{\"@type\":\"WebSite\",\"@id\":\"https:\\\/\\\/www.organisator.ch\\\/#website\",\"url\":\"https:\\\/\\\/www.organisator.ch\\\/\",\"name\":\"Organisator\",\"description\":\"Kompetent. Praxisnah. Der ORGANISATOR bereitet in 10 Ausgaben pro Jahr die wesentlichen Themen f\u00fcr F\u00fchrungskr\u00e4fte von KMU auf.\",\"publisher\":{\"@id\":\"https:\\\/\\\/www.organisator.ch\\\/#organization\"},\"potentialAction\":[{\"@type\":\"SearchAction\",\"target\":{\"@type\":\"EntryPoint\",\"urlTemplate\":\"https:\\\/\\\/www.organisator.ch\\\/?s={search_term_string}\"},\"query-input\":{\"@type\":\"PropertyValueSpecification\",\"valueRequired\":true,\"valueName\":\"search_term_string\"}}],\"inLanguage\":\"it-IT\"},{\"@type\":\"Organization\",\"@id\":\"https:\\\/\\\/www.organisator.ch\\\/#organization\",\"name\":\"Organisator\",\"url\":\"https:\\\/\\\/www.organisator.ch\\\/\",\"logo\":{\"@type\":\"ImageObject\",\"inLanguage\":\"it-IT\",\"@id\":\"https:\\\/\\\/www.organisator.ch\\\/#\\\/schema\\\/logo\\\/image\\\/\",\"url\":\"https:\\\/\\\/www.organisator.ch\\\/wp-content\\\/uploads\\\/2022\\\/01\\\/Logo_Organisator_Website.png\",\"contentUrl\":\"https:\\\/\\\/www.organisator.ch\\\/wp-content\\\/uploads\\\/2022\\\/01\\\/Logo_Organisator_Website.png\",\"width\":800,\"height\":77,\"caption\":\"Organisator\"},\"image\":{\"@id\":\"https:\\\/\\\/www.organisator.ch\\\/#\\\/schema\\\/logo\\\/image\\\/\"},\"sameAs\":[\"https:\\\/\\\/www.facebook.com\\\/OrganisatorFachmagazin\",\"https:\\\/\\\/www.linkedin.com\\\/showcase\\\/organisator-das-magazin-fr-kmu\",\"https:\\\/\\\/www.xing.com\\\/news\\\/pages\\\/organisator-ch-695\",\"https:\\\/\\\/www.youtube.com\\\/channel\\\/UCGP2Sq0iWaZwT3BdIAQFYpw\"]},{\"@type\":\"Person\",\"@id\":\"https:\\\/\\\/www.organisator.ch\\\/#\\\/schema\\\/person\\\/4e51799071cd2dd1232ac003643ef5f0\",\"name\":\"galledia\",\"image\":{\"@type\":\"ImageObject\",\"inLanguage\":\"it-IT\",\"@id\":\"https:\\\/\\\/secure.gravatar.com\\\/avatar\\\/78a7f90c01fc2bfc875782a0d4922b37cde2cf184ce347b91316d23cd7f69a36?s=96&d=mm&r=g\",\"url\":\"https:\\\/\\\/secure.gravatar.com\\\/avatar\\\/78a7f90c01fc2bfc875782a0d4922b37cde2cf184ce347b91316d23cd7f69a36?s=96&d=mm&r=g\",\"contentUrl\":\"https:\\\/\\\/secure.gravatar.com\\\/avatar\\\/78a7f90c01fc2bfc875782a0d4922b37cde2cf184ce347b91316d23cd7f69a36?s=96&d=mm&r=g\",\"caption\":\"galledia\"},\"sameAs\":[\"https:\\\/\\\/x.com\\\/admin\"],\"url\":\"https:\\\/\\\/www.organisator.ch\\\/it\\\/author\\\/galledia\\\/\"}]}<\/script>\n<!-- \/ Yoast SEO plugin. -->","yoast_head_json":{"title":"Il Premio Xaver si terr\u00e0 per la prima volta a Berna nel 2025 - organizzatore","description":"Il Premio Xaver 2025 porta novit\u00e0: nuova sede a Berna, nuova categoria e giuria. Presentate subito i progetti e utilizzate l'Earlybird!","robots":{"index":"index","follow":"follow","max-snippet":"max-snippet:-1","max-image-preview":"max-image-preview:large","max-video-preview":"max-video-preview:-1"},"canonical":"https:\/\/www.organisator.ch\/it\/marketing\/2025-02-20\/xaver-award-wird-2025-erstmals-in-bern-ausgetragen\/","og_locale":"it_IT","og_type":"article","og_title":"Xaver-Award wird 2025 erstmals in Bern ausgetragen - Organisator","og_description":"Der Xaver-Award 2025 bringt Neuerungen: neue Location in Bern, neue Kategorie & Jury. Jetzt Projekte einreichen & Earlybird nutzen!","og_url":"https:\/\/www.organisator.ch\/it\/marketing\/2025-02-20\/xaver-award-wird-2025-erstmals-in-bern-ausgetragen\/","og_site_name":"Organisator","article_publisher":"https:\/\/www.facebook.com\/OrganisatorFachmagazin","article_published_time":"2025-02-20T07:05:25+00:00","author":"galledia","twitter_card":"summary_large_image","twitter_creator":"@admin","schema":{"@context":"https:\/\/schema.org","@graph":[{"@type":"Article","@id":"https:\/\/www.organisator.ch\/marketing\/2025-02-20\/xaver-award-wird-2025-erstmals-in-bern-ausgetragen\/#article","isPartOf":{"@id":"https:\/\/www.organisator.ch\/marketing\/2025-02-20\/xaver-award-wird-2025-erstmals-in-bern-ausgetragen\/"},"author":{"name":"galledia","@id":"https:\/\/www.organisator.ch\/#\/schema\/person\/4e51799071cd2dd1232ac003643ef5f0"},"headline":"Xaver-Award wird 2025 erstmals in Bern ausgetragen","datePublished":"2025-02-20T07:05:25+00:00","mainEntityOfPage":{"@id":"https:\/\/www.organisator.ch\/marketing\/2025-02-20\/xaver-award-wird-2025-erstmals-in-bern-ausgetragen\/"},"wordCount":411,"publisher":{"@id":"https:\/\/www.organisator.ch\/#organization"},"image":{"@id":"https:\/\/www.organisator.ch\/marketing\/2025-02-20\/xaver-award-wird-2025-erstmals-in-bern-ausgetragen\/#primaryimage"},"thumbnailUrl":"https:\/\/www.markt-kom.com\/wp-content\/uploads\/2025\/02\/xaver-award-2024_0.jpg","keywords":["Awards","Live-Kommunikation","Xaver"],"articleSection":["MARKETING"],"inLanguage":"it-IT"},{"@type":"WebPage","@id":"https:\/\/www.organisator.ch\/marketing\/2025-02-20\/xaver-award-wird-2025-erstmals-in-bern-ausgetragen\/","url":"https:\/\/www.organisator.ch\/marketing\/2025-02-20\/xaver-award-wird-2025-erstmals-in-bern-ausgetragen\/","name":"Il Premio Xaver si terr\u00e0 per la prima volta a Berna nel 2025 - organizzatore","isPartOf":{"@id":"https:\/\/www.organisator.ch\/#website"},"primaryImageOfPage":{"@id":"https:\/\/www.organisator.ch\/marketing\/2025-02-20\/xaver-award-wird-2025-erstmals-in-bern-ausgetragen\/#primaryimage"},"image":{"@id":"https:\/\/www.organisator.ch\/marketing\/2025-02-20\/xaver-award-wird-2025-erstmals-in-bern-ausgetragen\/#primaryimage"},"thumbnailUrl":"https:\/\/www.markt-kom.com\/wp-content\/uploads\/2025\/02\/xaver-award-2024_0.jpg","datePublished":"2025-02-20T07:05:25+00:00","description":"Il Premio Xaver 2025 porta novit\u00e0: nuova sede a Berna, nuova categoria e giuria. Presentate subito i progetti e utilizzate l'Earlybird!","breadcrumb":{"@id":"https:\/\/www.organisator.ch\/marketing\/2025-02-20\/xaver-award-wird-2025-erstmals-in-bern-ausgetragen\/#breadcrumb"},"inLanguage":"it-IT","potentialAction":[{"@type":"ReadAction","target":["https:\/\/www.organisator.ch\/marketing\/2025-02-20\/xaver-award-wird-2025-erstmals-in-bern-ausgetragen\/"]}]},{"@type":"ImageObject","inLanguage":"it-IT","@id":"https:\/\/www.organisator.ch\/marketing\/2025-02-20\/xaver-award-wird-2025-erstmals-in-bern-ausgetragen\/#primaryimage","url":"https:\/\/www.markt-kom.com\/wp-content\/uploads\/2025\/02\/xaver-award-2024_0.jpg","contentUrl":"https:\/\/www.markt-kom.com\/wp-content\/uploads\/2025\/02\/xaver-award-2024_0.jpg"},{"@type":"BreadcrumbList","@id":"https:\/\/www.organisator.ch\/marketing\/2025-02-20\/xaver-award-wird-2025-erstmals-in-bern-ausgetragen\/#breadcrumb","itemListElement":[{"@type":"ListItem","position":1,"name":"Home","item":"https:\/\/www.organisator.ch\/"},{"@type":"ListItem","position":2,"name":"Xaver-Award wird 2025 erstmals in Bern ausgetragen"}]},{"@type":"WebSite","@id":"https:\/\/www.organisator.ch\/#website","url":"https:\/\/www.organisator.ch\/","name":"Organizzatore","description":"Competente. Pratico. In 10 numeri all'anno, ORGANISATOR presenta i temi essenziali per i manager delle PMI.","publisher":{"@id":"https:\/\/www.organisator.ch\/#organization"},"potentialAction":[{"@type":"SearchAction","target":{"@type":"EntryPoint","urlTemplate":"https:\/\/www.organisator.ch\/?s={search_term_string}"},"query-input":{"@type":"PropertyValueSpecification","valueRequired":true,"valueName":"search_term_string"}}],"inLanguage":"it-IT"},{"@type":"Organization","@id":"https:\/\/www.organisator.ch\/#organization","name":"Organizzatore","url":"https:\/\/www.organisator.ch\/","logo":{"@type":"ImageObject","inLanguage":"it-IT","@id":"https:\/\/www.organisator.ch\/#\/schema\/logo\/image\/","url":"https:\/\/www.organisator.ch\/wp-content\/uploads\/2022\/01\/Logo_Organisator_Website.png","contentUrl":"https:\/\/www.organisator.ch\/wp-content\/uploads\/2022\/01\/Logo_Organisator_Website.png","width":800,"height":77,"caption":"Organisator"},"image":{"@id":"https:\/\/www.organisator.ch\/#\/schema\/logo\/image\/"},"sameAs":["https:\/\/www.facebook.com\/OrganisatorFachmagazin","https:\/\/www.linkedin.com\/showcase\/organisator-das-magazin-fr-kmu","https:\/\/www.xing.com\/news\/pages\/organisator-ch-695","https:\/\/www.youtube.com\/channel\/UCGP2Sq0iWaZwT3BdIAQFYpw"]},{"@type":"Person","@id":"https:\/\/www.organisator.ch\/#\/schema\/person\/4e51799071cd2dd1232ac003643ef5f0","name":"galledia","image":{"@type":"ImageObject","inLanguage":"it-IT","@id":"https:\/\/secure.gravatar.com\/avatar\/78a7f90c01fc2bfc875782a0d4922b37cde2cf184ce347b91316d23cd7f69a36?s=96&d=mm&r=g","url":"https:\/\/secure.gravatar.com\/avatar\/78a7f90c01fc2bfc875782a0d4922b37cde2cf184ce347b91316d23cd7f69a36?s=96&d=mm&r=g","contentUrl":"https:\/\/secure.gravatar.com\/avatar\/78a7f90c01fc2bfc875782a0d4922b37cde2cf184ce347b91316d23cd7f69a36?s=96&d=mm&r=g","caption":"galledia"},"sameAs":["https:\/\/x.com\/admin"],"url":"https:\/\/www.organisator.ch\/it\/author\/galledia\/"}]}},"_links":{"self":[{"href":"https:\/\/www.organisator.ch\/it\/wp-json\/wp\/v2\/posts\/36100","targetHints":{"allow":["GET"]}}],"collection":[{"href":"https:\/\/www.organisator.ch\/it\/wp-json\/wp\/v2\/posts"}],"about":[{"href":"https:\/\/www.organisator.ch\/it\/wp-json\/wp\/v2\/types\/post"}],"author":[{"embeddable":true,"href":"https:\/\/www.organisator.ch\/it\/wp-json\/wp\/v2\/users\/8"}],"replies":[{"embeddable":true,"href":"https:\/\/www.organisator.ch\/it\/wp-json\/wp\/v2\/comments?post=36100"}],"version-history":[{"count":3,"href":"https:\/\/www.organisator.ch\/it\/wp-json\/wp\/v2\/posts\/36100\/revisions"}],"predecessor-version":[{"id":36216,"href":"https:\/\/www.organisator.ch\/it\/wp-json\/wp\/v2\/posts\/36100\/revisions\/36216"}],"wp:attachment":[{"href":"https:\/\/www.organisator.ch\/it\/wp-json\/wp\/v2\/media?parent=36100"}],"wp:term":[{"taxonomy":"category","embeddable":true,"href":"https:\/\/www.organisator.ch\/it\/wp-json\/wp\/v2\/categories?post=36100"},{"taxonomy":"post_tag","embeddable":true,"href":"https:\/\/www.organisator.ch\/it\/wp-json\/wp\/v2\/tags?post=36100"}],"curies":[{"name":"wp","href":"https:\/\/api.w.org\/{rel}","templated":true}]}}