{"id":36109,"date":"2025-02-20T08:45:16","date_gmt":"2025-02-20T07:45:16","guid":{"rendered":"https:\/\/www.markt-kom.com\/?p=229573"},"modified":"2025-02-20T08:06:18","modified_gmt":"2025-02-20T07:06:18","slug":"werber-des-jahres-2025-das-sind-die-nominierten","status":"publish","type":"post","link":"https:\/\/www.organisator.ch\/it\/marketing\/2025-02-20\/werber-des-jahres-2025-das-sind-die-nominierten\/","title":{"rendered":"\"Inserzionista dell'anno\" 2025: ecco i candidati"},"content":{"rendered":"<figure id=\"attachment_229962\" class=\"wp-caption aligncenter\" style=\"width: 1200px;\" aria-describedby=\"caption-attachment-229962\"><a href=\"https:\/\/www.markt-kom.com\/wp-content\/uploads\/2025\/02\/Bild-WdJ-Nominierte-2025.png\"><img class=\"size-full wp-image-229962\" src=\"https:\/\/www.markt-kom.com\/wp-content\/uploads\/2025\/02\/Bild-WdJ-Nominierte-2025.png\" sizes=\"(max-width: 1200px) 100vw, 1200px\" srcset=\"https:\/\/www.markt-kom.com\/wp-content\/uploads\/2025\/02\/Bild-WdJ-Nominierte-2025.png 1200w, https:\/\/www.markt-kom.com\/wp-content\/uploads\/2025\/02\/Bild-WdJ-Nominierte-2025-600x450.png 600w, https:\/\/www.markt-kom.com\/wp-content\/uploads\/2025\/02\/Bild-WdJ-Nominierte-2025-1024x768.png 1024w, https:\/\/www.markt-kom.com\/wp-content\/uploads\/2025\/02\/Bild-WdJ-Nominierte-2025-768x576.png 768w, https:\/\/www.markt-kom.com\/wp-content\/uploads\/2025\/02\/Bild-WdJ-Nominierte-2025-16x12.png 16w, https:\/\/www.markt-kom.com\/wp-content\/uploads\/2025\/02\/Bild-WdJ-Nominierte-2025-233x175.png 233w, https:\/\/www.markt-kom.com\/wp-content\/uploads\/2025\/02\/Bild-WdJ-Nominierte-2025-467x350.png 467w, https:\/\/www.markt-kom.com\/wp-content\/uploads\/2025\/02\/Bild-WdJ-Nominierte-2025-1000x750.png 1000w\" alt=\"\" width=\"1200\" height=\"900\" \/><\/a>\r\n<figcaption id=\"caption-attachment-229962\" class=\"wp-caption-text\">Nominati per il titolo di \"Pubblicitario dell'anno\" 2025: Gordon Nemitz, Lorenz Clormann e Philipp Skrabal (da sinistra a destra).<\/figcaption>\r\n<\/figure>\r\n<p><strong>I fatti pi\u00f9 importanti in poche parole:<\/strong><\/p>\r\n<ul>\r\n\t<li>I candidati al titolo di \"Inserzionista dell'anno\" 2025 sono\r\n\r\n<ul>\r\n\t<li><a href=\"https:\/\/www.markt-kom.com\/markom\/awards\/nominiert-zum-werber-des-jahres-2025-gordon-nemitz\/\" rel=\"noopener\">Gordon Nemitz, responsabile della strategia di Thjnk Zurigo<\/a><\/li>\r\n\t<li><a href=\"https:\/\/www.markt-kom.com\/markom\/awards\/nominiert-zum-werber-des-jahres-2025-lorenz-clormann\/\" rel=\"noopener\">Lorenz Clormann, direttore creativo esecutivo di Wirz<\/a><\/li>\r\n\t<li><a href=\"https:\/\/www.markt-kom.com\/markom\/awards\/nominiert-zum-werber-des-jahres-2025-philipp-skrabal\/\" rel=\"noopener\">Philipp Skrabal, Chief Creative Officer, partner e membro del consiglio di amministrazione di Team Farner<\/a><\/li>\r\n<\/ul>\r\n<\/li>\r\n\t<li>I sottoscrittori del <em>m&amp;k<\/em>-La newsletter di Swiss e la giuria dell'\"Advertiser:in of the Year\" hanno ciascuna una quota del 50% nel determinare chi sar\u00e0 nominato \"Advertiser of the Year\" nel 2025.<\/li>\r\n\t<li>L'elezione online\u00a0<strong>inizia luned\u00ec 24 febbraio 2025 e termina il 28 febbraio 2025 alle 23:59.<\/strong>. Chiunque sia in possesso dei requisiti per partecipare al voto online dal 20 gennaio 2025 al pi\u00f9 tardi per il voto gratuito. <em>m&amp;k<\/em>-e riceve la newsletter durante questo periodo.<\/li>\r\n\t<li>Per ogni iscritto alla newsletter\u00a0<em>a<\/em>\u00a0voto viene contato. Anche l'inoltro della propria newsletter ad altre persone non funziona: ogni votante deve essersi iscritto alla newsletter con il proprio indirizzo e-mail.<\/li>\r\n\t<li>La serata di premiazione si terr\u00e0 il 20 marzo 2025 alla Razzia di Zurigo.<\/li>\r\n<\/ul>\r\n<p><img class=\"aligncenter size-full wp-image-193595\" src=\"https:\/\/www.markt-kom.com\/wp-content\/uploads\/2023\/02\/wdj-nominiert.jpg\" sizes=\"(max-width: 1200px) 100vw, 1200px\" srcset=\"https:\/\/www.markt-kom.com\/wp-content\/uploads\/2023\/02\/wdj-nominiert.jpg 1200w, https:\/\/www.markt-kom.com\/wp-content\/uploads\/2023\/02\/wdj-nominiert-600x305.jpg 600w, https:\/\/www.markt-kom.com\/wp-content\/uploads\/2023\/02\/wdj-nominiert-1024x521.jpg 1024w, https:\/\/www.markt-kom.com\/wp-content\/uploads\/2023\/02\/wdj-nominiert-768x390.jpg 768w, https:\/\/www.markt-kom.com\/wp-content\/uploads\/2023\/02\/wdj-nominiert-18x9.jpg 18w, https:\/\/www.markt-kom.com\/wp-content\/uploads\/2023\/02\/wdj-nominiert-344x175.jpg 344w, https:\/\/www.markt-kom.com\/wp-content\/uploads\/2023\/02\/wdj-nominiert-689x350.jpg 689w, https:\/\/www.markt-kom.com\/wp-content\/uploads\/2023\/02\/wdj-nominiert-1000x508.jpg 1000w\" alt=\"\" width=\"1200\" height=\"610\" \/><\/p>\r\n<p>Nel dicembre 2024, il <em>m&amp;k<\/em>-per nominare vari leader del settore per il premio \"Inserzionista dell'anno\" 2025. Sulla base di questo elenco, il <a href=\"https:\/\/www.markt-kom.com\/de\/markom\/awards\/werberin-des-jahres-2025-jury-waehlt-dreierticket\/\" rel=\"noopener\">giuria di esperti in un'appassionante discussione<\/a> tre personalit\u00e0 di alto livello: <strong>Gordon Nemitz<\/strong>, responsabile della strategia della Thjnk di Zurigo, <strong>Lorenz Clormann<\/strong>Direttore creativo esecutivo di Wirz e <strong>Philipp Skrabal<\/strong>Il Direttore Creativo, il Partner e il Consiglio di Amministrazione del Team Farner si candidano all'ambito titolo di \"Pubblicitario dell'anno\" per il 2025.<\/p>\r\n<p>Pensare ai problemi \u00e8 la sua forza. Dal 2018 <strong>Gordon Nemitz<\/strong> di Thjnk Zurigo. \u00c8 Managing Director Strategy e co-proprietario dell'agenzia. Il suo percorso professionale lo ha portato da Jung von Matt Amburgo a TBWA D\u00fcsseldorf, da Wirz\/BBDO Zurigo a Thjnk Zurigo. Dal 2023 \u00e8 anche Chief Strategy Officer di Thjnk Germania. La sua capacit\u00e0 di rendere comprensibili relazioni complesse, unita a un atteggiamento critico ma ottimista nei confronti del cambiamento, lo rende una delle voci pi\u00f9 importanti del settore.<\/p>\r\n<p><strong>Lorenz Clormann<\/strong> ama le grandi idee e sa come venderle in modo convincente, cosa che gli piacerebbe fare anche per una campagna di profumi opulenti. Con il suo talento per i concetti a 360 gradi, il suo impegno per il futuro del settore e un incrollabile senso dell'umorismo, porta una ventata di aria fresca nel mondo della pubblicit\u00e0. Clormann \u00e8 direttore creativo esecutivo e partner di Wirz Group Zurich dal 2020. Il suo percorso professionale lo ha portato da Weber, Hodel, Schmid Zurigo a Scholz&amp;Friends Berlino, Ruf Lanz Zurigo, Jung von Matt Svizzera, Publicis Zurigo, di nuovo a Jung von Matt Svizzera e al suo attuale posto di lavoro.<\/p>\r\n<p>Per oltre un decennio <strong>Philipp Skrabal<\/strong> Lavora per il Team Farner, dove \u00e8 responsabile come Partner e Chief Creative Officer. Vede la comunicazione come uno strumento potente e vuole dare al settore pi\u00f9 fiducia in se stesso. Prima di Farner, Skrabal ha lavorato presso Wirz, Advico Young &amp; Rubicam, Publicis e Matter &amp; Partner. \u00c8 vicepresidente di ADC, membro del consiglio di amministrazione di Ad School, membro di ADC Europe e membro del Creative Club Austria CCA. Nel 2025 \u00e8 stato nominato per la quarta volta \"Advertiser of the Year\".<\/p>\r\n<p><strong>In<\/strong>\u00a0<strong>In questa intervista approfondita, presentiamo i tre candidati in modo pi\u00f9 dettagliato:<\/strong><\/p>\r\n<ul>\r\n\t<li><a href=\"https:\/\/www.markt-kom.com\/markom\/awards\/nominiert-zum-werber-des-jahres-2025-gordon-nemitz\/\" rel=\"noopener\">Intervista con Gordon Nemitz<\/a><\/li>\r\n\t<li><a href=\"https:\/\/www.markt-kom.com\/markom\/awards\/nominiert-zum-werber-des-jahres-2025-lorenz-clormann\/\" rel=\"noopener\">Intervista con Lorenz Clormann<\/a><\/li>\r\n\t<li><a href=\"https:\/\/www.markt-kom.com\/markom\/awards\/nominiert-zum-werber-des-jahres-2025-philipp-skrabal\/\" rel=\"noopener\">Intervista con Philipp Skrabal<\/a><\/li>\r\n<\/ul>\r\n<h3>Le votazioni iniziano il 24 febbraio 2025<\/h3>\r\n<p>Il vincitore finale dell'\"Advertiser of the Year\" 2025 sar\u00e0 deciso dal voto come di consueto. La giuria ha il 50% dei diritti di voto, mentre il restante 50% sar\u00e0 determinato dalle votazioni della newsletter. <strong>Possono partecipare tutti coloro che <a href=\"https:\/\/www.markt-kom.com\/de\/newsletter\/\">gratuito <em>m&amp;k<\/em>-Notiziario della Svizzera<\/a> si \u00e8 iscritto con il proprio indirizzo e-mail e si \u00e8 registrato al pi\u00f9 tardi dal 20 gennaio 2025<\/strong>. Saranno conteggiati solo i voti che soddisfano questo requisito. Se si vota pi\u00f9 di una volta, verr\u00e0 conteggiato solo il voto pi\u00f9 recente. Le elezioni della newsletter si svolgeranno da luned\u00ec 24 febbraio a venerd\u00ec 28 febbraio 2025 a mezzanotte.<\/p>\r\n<h3>Serata di premiazione alla Razzia di Zurigo<\/h3>\r\n<p>Dal 2021, il premio \"Advertiser:in of the Year\" si svolge nuovamente come evento indipendente. Come l'anno precedente, il vincitore di quest'anno sar\u00e0 annunciato il 20 marzo 2025 durante una serata di premiazione presso il ristorante Razzia nel quartiere Seefeld di Zurigo.<\/p>","protected":false},"excerpt":{"rendered":"<p>Gordon Nemitz, Lorenz Clormann e Philipp Skrabal sono stati nominati dalla comunit\u00e0 e dalla giuria di esperti per il titolo di \"Pubblicitario dell'anno\" 2025. La votazione della newsletter inizia luned\u00ec 24 febbraio 2025.<\/p>","protected":false},"author":8,"featured_media":0,"comment_status":"closed","ping_status":"closed","sticky":false,"template":"","format":"standard","meta":{"_acf_changed":false,"_yoast_wpseo_focuskw":"Werber des Jahres 2025","_yoast_wpseo_metadesc":"Drei Top-Kreative sind f\u00fcr den Titel \u00abWerber des Jahres\u00bb 2025 nominiert. Das Voting startet am 24. Februar \u2013 jetzt Newsletter abonnieren!","articlekey":"","footnotes":""},"categories":[29],"tags":[66,4922],"class_list":["post-36109","post","type-post","status-publish","format-standard","hentry","category-marketing","tag-awards","tag-werberin-des-jahres"],"acf":[],"yoast_head":"<!-- This site is optimized with the Yoast SEO plugin v27.5 - https:\/\/yoast.com\/product\/yoast-seo-wordpress\/ -->\n<title>\u00abWerber des Jahres\u00bb 2025: Das sind die Nominierten - Organisator<\/title>\n<meta name=\"description\" content=\"Drei Top-Kreative sind f\u00fcr den Titel \u00abWerber des Jahres\u00bb 2025 nominiert. Das Voting startet am 24. Februar \u2013 jetzt Newsletter abonnieren!\" \/>\n<meta name=\"robots\" content=\"index, follow, max-snippet:-1, max-image-preview:large, max-video-preview:-1\" \/>\n<link rel=\"canonical\" href=\"https:\/\/www.organisator.ch\/it\/marketing\/2025-02-20\/werber-des-jahres-2025-das-sind-die-nominierten\/\" \/>\n<meta property=\"og:locale\" content=\"it_IT\" \/>\n<meta property=\"og:type\" content=\"article\" \/>\n<meta property=\"og:title\" content=\"\u00abWerber des Jahres\u00bb 2025: Das sind die Nominierten - Organisator\" \/>\n<meta property=\"og:description\" content=\"Drei Top-Kreative sind f\u00fcr den Titel \u00abWerber des Jahres\u00bb 2025 nominiert. Das Voting startet am 24. Februar \u2013 jetzt Newsletter abonnieren!\" \/>\n<meta property=\"og:url\" content=\"https:\/\/www.organisator.ch\/it\/marketing\/2025-02-20\/werber-des-jahres-2025-das-sind-die-nominierten\/\" \/>\n<meta property=\"og:site_name\" content=\"Organisator\" \/>\n<meta property=\"article:publisher\" content=\"https:\/\/www.facebook.com\/OrganisatorFachmagazin\" \/>\n<meta property=\"article:published_time\" content=\"2025-02-20T07:45:16+00:00\" \/>\n<meta name=\"author\" content=\"galledia\" \/>\n<meta name=\"twitter:card\" content=\"summary_large_image\" \/>\n<meta name=\"twitter:creator\" content=\"@admin\" \/>\n<script type=\"application\/ld+json\" class=\"yoast-schema-graph\">{\"@context\":\"https:\\\/\\\/schema.org\",\"@graph\":[{\"@type\":\"Article\",\"@id\":\"https:\\\/\\\/www.organisator.ch\\\/marketing\\\/2025-02-20\\\/werber-des-jahres-2025-das-sind-die-nominierten\\\/#article\",\"isPartOf\":{\"@id\":\"https:\\\/\\\/www.organisator.ch\\\/marketing\\\/2025-02-20\\\/werber-des-jahres-2025-das-sind-die-nominierten\\\/\"},\"author\":{\"name\":\"galledia\",\"@id\":\"https:\\\/\\\/www.organisator.ch\\\/#\\\/schema\\\/person\\\/4e51799071cd2dd1232ac003643ef5f0\"},\"headline\":\"\u00abWerber des Jahres\u00bb 2025: Das sind die Nominierten\",\"datePublished\":\"2025-02-20T07:45:16+00:00\",\"mainEntityOfPage\":{\"@id\":\"https:\\\/\\\/www.organisator.ch\\\/marketing\\\/2025-02-20\\\/werber-des-jahres-2025-das-sind-die-nominierten\\\/\"},\"wordCount\":695,\"publisher\":{\"@id\":\"https:\\\/\\\/www.organisator.ch\\\/#organization\"},\"image\":{\"@id\":\"https:\\\/\\\/www.organisator.ch\\\/marketing\\\/2025-02-20\\\/werber-des-jahres-2025-das-sind-die-nominierten\\\/#primaryimage\"},\"thumbnailUrl\":\"https:\\\/\\\/www.markt-kom.com\\\/wp-content\\\/uploads\\\/2025\\\/02\\\/Bild-WdJ-Nominierte-2025.png\",\"keywords\":[\"Awards\",\"Werber:in des Jahres\"],\"articleSection\":[\"MARKETING\"],\"inLanguage\":\"it-IT\"},{\"@type\":\"WebPage\",\"@id\":\"https:\\\/\\\/www.organisator.ch\\\/marketing\\\/2025-02-20\\\/werber-des-jahres-2025-das-sind-die-nominierten\\\/\",\"url\":\"https:\\\/\\\/www.organisator.ch\\\/marketing\\\/2025-02-20\\\/werber-des-jahres-2025-das-sind-die-nominierten\\\/\",\"name\":\"\u00abWerber des Jahres\u00bb 2025: Das sind die Nominierten - Organisator\",\"isPartOf\":{\"@id\":\"https:\\\/\\\/www.organisator.ch\\\/#website\"},\"primaryImageOfPage\":{\"@id\":\"https:\\\/\\\/www.organisator.ch\\\/marketing\\\/2025-02-20\\\/werber-des-jahres-2025-das-sind-die-nominierten\\\/#primaryimage\"},\"image\":{\"@id\":\"https:\\\/\\\/www.organisator.ch\\\/marketing\\\/2025-02-20\\\/werber-des-jahres-2025-das-sind-die-nominierten\\\/#primaryimage\"},\"thumbnailUrl\":\"https:\\\/\\\/www.markt-kom.com\\\/wp-content\\\/uploads\\\/2025\\\/02\\\/Bild-WdJ-Nominierte-2025.png\",\"datePublished\":\"2025-02-20T07:45:16+00:00\",\"description\":\"Drei Top-Kreative sind f\u00fcr den Titel \u00abWerber des Jahres\u00bb 2025 nominiert. Das Voting startet am 24. Februar \u2013 jetzt Newsletter abonnieren!\",\"breadcrumb\":{\"@id\":\"https:\\\/\\\/www.organisator.ch\\\/marketing\\\/2025-02-20\\\/werber-des-jahres-2025-das-sind-die-nominierten\\\/#breadcrumb\"},\"inLanguage\":\"it-IT\",\"potentialAction\":[{\"@type\":\"ReadAction\",\"target\":[\"https:\\\/\\\/www.organisator.ch\\\/marketing\\\/2025-02-20\\\/werber-des-jahres-2025-das-sind-die-nominierten\\\/\"]}]},{\"@type\":\"ImageObject\",\"inLanguage\":\"it-IT\",\"@id\":\"https:\\\/\\\/www.organisator.ch\\\/marketing\\\/2025-02-20\\\/werber-des-jahres-2025-das-sind-die-nominierten\\\/#primaryimage\",\"url\":\"https:\\\/\\\/www.markt-kom.com\\\/wp-content\\\/uploads\\\/2025\\\/02\\\/Bild-WdJ-Nominierte-2025.png\",\"contentUrl\":\"https:\\\/\\\/www.markt-kom.com\\\/wp-content\\\/uploads\\\/2025\\\/02\\\/Bild-WdJ-Nominierte-2025.png\"},{\"@type\":\"BreadcrumbList\",\"@id\":\"https:\\\/\\\/www.organisator.ch\\\/marketing\\\/2025-02-20\\\/werber-des-jahres-2025-das-sind-die-nominierten\\\/#breadcrumb\",\"itemListElement\":[{\"@type\":\"ListItem\",\"position\":1,\"name\":\"Home\",\"item\":\"https:\\\/\\\/www.organisator.ch\\\/\"},{\"@type\":\"ListItem\",\"position\":2,\"name\":\"\u00abWerber des Jahres\u00bb 2025: Das sind die Nominierten\"}]},{\"@type\":\"WebSite\",\"@id\":\"https:\\\/\\\/www.organisator.ch\\\/#website\",\"url\":\"https:\\\/\\\/www.organisator.ch\\\/\",\"name\":\"Organisator\",\"description\":\"Kompetent. Praxisnah. Der ORGANISATOR bereitet in 10 Ausgaben pro Jahr die wesentlichen Themen f\u00fcr F\u00fchrungskr\u00e4fte von KMU auf.\",\"publisher\":{\"@id\":\"https:\\\/\\\/www.organisator.ch\\\/#organization\"},\"potentialAction\":[{\"@type\":\"SearchAction\",\"target\":{\"@type\":\"EntryPoint\",\"urlTemplate\":\"https:\\\/\\\/www.organisator.ch\\\/?s={search_term_string}\"},\"query-input\":{\"@type\":\"PropertyValueSpecification\",\"valueRequired\":true,\"valueName\":\"search_term_string\"}}],\"inLanguage\":\"it-IT\"},{\"@type\":\"Organization\",\"@id\":\"https:\\\/\\\/www.organisator.ch\\\/#organization\",\"name\":\"Organisator\",\"url\":\"https:\\\/\\\/www.organisator.ch\\\/\",\"logo\":{\"@type\":\"ImageObject\",\"inLanguage\":\"it-IT\",\"@id\":\"https:\\\/\\\/www.organisator.ch\\\/#\\\/schema\\\/logo\\\/image\\\/\",\"url\":\"https:\\\/\\\/www.organisator.ch\\\/wp-content\\\/uploads\\\/2022\\\/01\\\/Logo_Organisator_Website.png\",\"contentUrl\":\"https:\\\/\\\/www.organisator.ch\\\/wp-content\\\/uploads\\\/2022\\\/01\\\/Logo_Organisator_Website.png\",\"width\":800,\"height\":77,\"caption\":\"Organisator\"},\"image\":{\"@id\":\"https:\\\/\\\/www.organisator.ch\\\/#\\\/schema\\\/logo\\\/image\\\/\"},\"sameAs\":[\"https:\\\/\\\/www.facebook.com\\\/OrganisatorFachmagazin\",\"https:\\\/\\\/www.linkedin.com\\\/showcase\\\/organisator-das-magazin-fr-kmu\",\"https:\\\/\\\/www.xing.com\\\/news\\\/pages\\\/organisator-ch-695\",\"https:\\\/\\\/www.youtube.com\\\/channel\\\/UCGP2Sq0iWaZwT3BdIAQFYpw\"]},{\"@type\":\"Person\",\"@id\":\"https:\\\/\\\/www.organisator.ch\\\/#\\\/schema\\\/person\\\/4e51799071cd2dd1232ac003643ef5f0\",\"name\":\"galledia\",\"image\":{\"@type\":\"ImageObject\",\"inLanguage\":\"it-IT\",\"@id\":\"https:\\\/\\\/secure.gravatar.com\\\/avatar\\\/78a7f90c01fc2bfc875782a0d4922b37cde2cf184ce347b91316d23cd7f69a36?s=96&d=mm&r=g\",\"url\":\"https:\\\/\\\/secure.gravatar.com\\\/avatar\\\/78a7f90c01fc2bfc875782a0d4922b37cde2cf184ce347b91316d23cd7f69a36?s=96&d=mm&r=g\",\"contentUrl\":\"https:\\\/\\\/secure.gravatar.com\\\/avatar\\\/78a7f90c01fc2bfc875782a0d4922b37cde2cf184ce347b91316d23cd7f69a36?s=96&d=mm&r=g\",\"caption\":\"galledia\"},\"sameAs\":[\"https:\\\/\\\/x.com\\\/admin\"],\"url\":\"https:\\\/\\\/www.organisator.ch\\\/it\\\/author\\\/galledia\\\/\"}]}<\/script>\n<!-- \/ Yoast SEO plugin. -->","yoast_head_json":{"title":"\"Inserzionista dell'anno\" 2025: ecco i candidati - Organizzatore","description":"Tre creativi di spicco sono stati nominati per il titolo di \"Pubblicitario dell'anno\" 2025. Le votazioni iniziano il 24 febbraio - iscrivetevi subito alla newsletter!","robots":{"index":"index","follow":"follow","max-snippet":"max-snippet:-1","max-image-preview":"max-image-preview:large","max-video-preview":"max-video-preview:-1"},"canonical":"https:\/\/www.organisator.ch\/it\/marketing\/2025-02-20\/werber-des-jahres-2025-das-sind-die-nominierten\/","og_locale":"it_IT","og_type":"article","og_title":"\u00abWerber des Jahres\u00bb 2025: Das sind die Nominierten - Organisator","og_description":"Drei Top-Kreative sind f\u00fcr den Titel \u00abWerber des Jahres\u00bb 2025 nominiert. Das Voting startet am 24. Februar \u2013 jetzt Newsletter abonnieren!","og_url":"https:\/\/www.organisator.ch\/it\/marketing\/2025-02-20\/werber-des-jahres-2025-das-sind-die-nominierten\/","og_site_name":"Organisator","article_publisher":"https:\/\/www.facebook.com\/OrganisatorFachmagazin","article_published_time":"2025-02-20T07:45:16+00:00","author":"galledia","twitter_card":"summary_large_image","twitter_creator":"@admin","schema":{"@context":"https:\/\/schema.org","@graph":[{"@type":"Article","@id":"https:\/\/www.organisator.ch\/marketing\/2025-02-20\/werber-des-jahres-2025-das-sind-die-nominierten\/#article","isPartOf":{"@id":"https:\/\/www.organisator.ch\/marketing\/2025-02-20\/werber-des-jahres-2025-das-sind-die-nominierten\/"},"author":{"name":"galledia","@id":"https:\/\/www.organisator.ch\/#\/schema\/person\/4e51799071cd2dd1232ac003643ef5f0"},"headline":"\u00abWerber des Jahres\u00bb 2025: Das sind die Nominierten","datePublished":"2025-02-20T07:45:16+00:00","mainEntityOfPage":{"@id":"https:\/\/www.organisator.ch\/marketing\/2025-02-20\/werber-des-jahres-2025-das-sind-die-nominierten\/"},"wordCount":695,"publisher":{"@id":"https:\/\/www.organisator.ch\/#organization"},"image":{"@id":"https:\/\/www.organisator.ch\/marketing\/2025-02-20\/werber-des-jahres-2025-das-sind-die-nominierten\/#primaryimage"},"thumbnailUrl":"https:\/\/www.markt-kom.com\/wp-content\/uploads\/2025\/02\/Bild-WdJ-Nominierte-2025.png","keywords":["Awards","Werber:in des Jahres"],"articleSection":["MARKETING"],"inLanguage":"it-IT"},{"@type":"WebPage","@id":"https:\/\/www.organisator.ch\/marketing\/2025-02-20\/werber-des-jahres-2025-das-sind-die-nominierten\/","url":"https:\/\/www.organisator.ch\/marketing\/2025-02-20\/werber-des-jahres-2025-das-sind-die-nominierten\/","name":"\"Inserzionista dell'anno\" 2025: ecco i candidati - Organizzatore","isPartOf":{"@id":"https:\/\/www.organisator.ch\/#website"},"primaryImageOfPage":{"@id":"https:\/\/www.organisator.ch\/marketing\/2025-02-20\/werber-des-jahres-2025-das-sind-die-nominierten\/#primaryimage"},"image":{"@id":"https:\/\/www.organisator.ch\/marketing\/2025-02-20\/werber-des-jahres-2025-das-sind-die-nominierten\/#primaryimage"},"thumbnailUrl":"https:\/\/www.markt-kom.com\/wp-content\/uploads\/2025\/02\/Bild-WdJ-Nominierte-2025.png","datePublished":"2025-02-20T07:45:16+00:00","description":"Tre creativi di spicco sono stati nominati per il titolo di \"Pubblicitario dell'anno\" 2025. Le votazioni iniziano il 24 febbraio - iscrivetevi subito alla newsletter!","breadcrumb":{"@id":"https:\/\/www.organisator.ch\/marketing\/2025-02-20\/werber-des-jahres-2025-das-sind-die-nominierten\/#breadcrumb"},"inLanguage":"it-IT","potentialAction":[{"@type":"ReadAction","target":["https:\/\/www.organisator.ch\/marketing\/2025-02-20\/werber-des-jahres-2025-das-sind-die-nominierten\/"]}]},{"@type":"ImageObject","inLanguage":"it-IT","@id":"https:\/\/www.organisator.ch\/marketing\/2025-02-20\/werber-des-jahres-2025-das-sind-die-nominierten\/#primaryimage","url":"https:\/\/www.markt-kom.com\/wp-content\/uploads\/2025\/02\/Bild-WdJ-Nominierte-2025.png","contentUrl":"https:\/\/www.markt-kom.com\/wp-content\/uploads\/2025\/02\/Bild-WdJ-Nominierte-2025.png"},{"@type":"BreadcrumbList","@id":"https:\/\/www.organisator.ch\/marketing\/2025-02-20\/werber-des-jahres-2025-das-sind-die-nominierten\/#breadcrumb","itemListElement":[{"@type":"ListItem","position":1,"name":"Home","item":"https:\/\/www.organisator.ch\/"},{"@type":"ListItem","position":2,"name":"\u00abWerber des Jahres\u00bb 2025: Das sind die Nominierten"}]},{"@type":"WebSite","@id":"https:\/\/www.organisator.ch\/#website","url":"https:\/\/www.organisator.ch\/","name":"Organizzatore","description":"Competente. Pratico. In 10 numeri all'anno, ORGANISATOR presenta i temi essenziali per i manager delle PMI.","publisher":{"@id":"https:\/\/www.organisator.ch\/#organization"},"potentialAction":[{"@type":"SearchAction","target":{"@type":"EntryPoint","urlTemplate":"https:\/\/www.organisator.ch\/?s={search_term_string}"},"query-input":{"@type":"PropertyValueSpecification","valueRequired":true,"valueName":"search_term_string"}}],"inLanguage":"it-IT"},{"@type":"Organization","@id":"https:\/\/www.organisator.ch\/#organization","name":"Organizzatore","url":"https:\/\/www.organisator.ch\/","logo":{"@type":"ImageObject","inLanguage":"it-IT","@id":"https:\/\/www.organisator.ch\/#\/schema\/logo\/image\/","url":"https:\/\/www.organisator.ch\/wp-content\/uploads\/2022\/01\/Logo_Organisator_Website.png","contentUrl":"https:\/\/www.organisator.ch\/wp-content\/uploads\/2022\/01\/Logo_Organisator_Website.png","width":800,"height":77,"caption":"Organisator"},"image":{"@id":"https:\/\/www.organisator.ch\/#\/schema\/logo\/image\/"},"sameAs":["https:\/\/www.facebook.com\/OrganisatorFachmagazin","https:\/\/www.linkedin.com\/showcase\/organisator-das-magazin-fr-kmu","https:\/\/www.xing.com\/news\/pages\/organisator-ch-695","https:\/\/www.youtube.com\/channel\/UCGP2Sq0iWaZwT3BdIAQFYpw"]},{"@type":"Person","@id":"https:\/\/www.organisator.ch\/#\/schema\/person\/4e51799071cd2dd1232ac003643ef5f0","name":"galledia","image":{"@type":"ImageObject","inLanguage":"it-IT","@id":"https:\/\/secure.gravatar.com\/avatar\/78a7f90c01fc2bfc875782a0d4922b37cde2cf184ce347b91316d23cd7f69a36?s=96&d=mm&r=g","url":"https:\/\/secure.gravatar.com\/avatar\/78a7f90c01fc2bfc875782a0d4922b37cde2cf184ce347b91316d23cd7f69a36?s=96&d=mm&r=g","contentUrl":"https:\/\/secure.gravatar.com\/avatar\/78a7f90c01fc2bfc875782a0d4922b37cde2cf184ce347b91316d23cd7f69a36?s=96&d=mm&r=g","caption":"galledia"},"sameAs":["https:\/\/x.com\/admin"],"url":"https:\/\/www.organisator.ch\/it\/author\/galledia\/"}]}},"_links":{"self":[{"href":"https:\/\/www.organisator.ch\/it\/wp-json\/wp\/v2\/posts\/36109","targetHints":{"allow":["GET"]}}],"collection":[{"href":"https:\/\/www.organisator.ch\/it\/wp-json\/wp\/v2\/posts"}],"about":[{"href":"https:\/\/www.organisator.ch\/it\/wp-json\/wp\/v2\/types\/post"}],"author":[{"embeddable":true,"href":"https:\/\/www.organisator.ch\/it\/wp-json\/wp\/v2\/users\/8"}],"replies":[{"embeddable":true,"href":"https:\/\/www.organisator.ch\/it\/wp-json\/wp\/v2\/comments?post=36109"}],"version-history":[{"count":4,"href":"https:\/\/www.organisator.ch\/it\/wp-json\/wp\/v2\/posts\/36109\/revisions"}],"predecessor-version":[{"id":36213,"href":"https:\/\/www.organisator.ch\/it\/wp-json\/wp\/v2\/posts\/36109\/revisions\/36213"}],"wp:attachment":[{"href":"https:\/\/www.organisator.ch\/it\/wp-json\/wp\/v2\/media?parent=36109"}],"wp:term":[{"taxonomy":"category","embeddable":true,"href":"https:\/\/www.organisator.ch\/it\/wp-json\/wp\/v2\/categories?post=36109"},{"taxonomy":"post_tag","embeddable":true,"href":"https:\/\/www.organisator.ch\/it\/wp-json\/wp\/v2\/tags?post=36109"}],"curies":[{"name":"wp","href":"https:\/\/api.w.org\/{rel}","templated":true}]}}