{"id":36138,"date":"2025-02-20T13:30:27","date_gmt":"2025-02-20T12:30:27","guid":{"rendered":"https:\/\/www.markt-kom.com\/?p=230741"},"modified":"2025-02-20T13:30:57","modified_gmt":"2025-02-20T12:30:57","slug":"sir-mary-lanciert-eigenstaendige-mediaagentur","status":"publish","type":"post","link":"https:\/\/www.organisator.ch\/it\/marketing\/2025-02-20\/sir-mary-lanciert-eigenstaendige-mediaagentur\/","title":{"rendered":"Sir Mary lancia un'agenzia di comunicazione indipendente"},"content":{"rendered":"<p><a href=\"https:\/\/www.markt-kom.com\/wp-content\/uploads\/2025\/02\/SiRMaRY-Media-PM-Preview.jpg\"><img class=\"aligncenter size-full wp-image-230742\" src=\"https:\/\/www.markt-kom.com\/wp-content\/uploads\/2025\/02\/SiRMaRY-Media-PM-Preview.jpg\" sizes=\"(max-width: 510px) 100vw, 510px\" srcset=\"https:\/\/www.markt-kom.com\/wp-content\/uploads\/2025\/02\/SiRMaRY-Media-PM-Preview.jpg 510w, https:\/\/www.markt-kom.com\/wp-content\/uploads\/2025\/02\/SiRMaRY-Media-PM-Preview-18x12.jpg 18w, https:\/\/www.markt-kom.com\/wp-content\/uploads\/2025\/02\/SiRMaRY-Media-PM-Preview-255x175.jpg 255w\" alt=\"\" width=\"510\" height=\"350\" \/><\/a><\/p>\r\n<p>Sir Mary Media \u00e8 stata lanciata all'inizio di gennaio con un team di 20 persone e una nuova struttura manageriale. Con questa espansione, l'agenzia sta guidando la sua crescita e mira a rafforzare la sua posizione nell'area della strategia, della pianificazione e dell'implementazione dei media.<\/p>\r\n<p>L'offerta di Sir Mary Media comprende soluzioni media specializzate a 360 gradi da un'unica fonte - per TV, digital, (D)OOH, social e audio. La nuova unit\u00e0 sar\u00e0 guidata da un trio di manager esperti provenienti dai ranghi dell'agenzia, che hanno gi\u00e0 lavorato con successo nell'agenzia per diversi anni e hanno una profonda esperienza nelle strategie media e nella gestione delle campagne: Vanessa Habisreutinger (Media Operations &amp; Data), Katharina G\u00fcnther (Planning &amp; Consulting) e Fabian Habisreutinger (Strategy &amp; Client) gestiranno congiuntamente la nuova agenzia. Tutti e tre sono leader di lunga data di Sir Mary e hanno contribuito a plasmare l'agenzia dalle fondamenta.<\/p>\r\n<p>\"Siamo la nuova generazione di agenzie media. Poich\u00e9 comprendiamo meglio la creazione, portiamo i marchi dove funzionano, non dove guadagniamo di pi\u00f9\", spiega Vanessa Habisreutinger, co-amministratore delegato di Sir Mary Media. \"Negli ultimi anni siamo riusciti ad aggiudicarci account media di alto livello e ad ampliare continuamente la nostra offerta. Vogliamo soddisfare la crescente domanda della nostra esperienza nel settore dei media con un'offerta indipendente: il lancio di Sir Mary Media \u00e8 il prossimo passo logico per noi\".<\/p>\r\n<p>L'approccio integrato \u00e8 gi\u00e0 utilizzato da clienti come Sunrise, Twint, Ovomaltine e Svizzera Turismo. I pitch vinti e i successi delle campagne illustrano i punti di forza di un approccio mediatico olistico: \"Sir Mary Media ci supporta nella creazione di una fedelt\u00e0 sostenibile al marchio e di un coinvolgimento efficace attraverso strategie mediatiche mirate. Le campagne realizzate congiuntamente hanno ottenuto un successo misurabile grazie a soluzioni mediatiche intelligenti e a una forte strategia di diffusione\", afferma Eva-Maria M\u00f6rtenhuber, responsabile marketing di Twint.<\/p>\r\n<p>Sir Mary intende rimanere fedele al suo approccio di stretta interconnessione tra creazione e media per realizzare campagne che si distinguano e abbiano un impatto misurabile. Il nuovo assetto dovrebbe consentire all'agenzia di operare con maggiore flessibilit\u00e0 sul mercato e di aggiudicarsi nuovi budget per i servizi media.<\/p>\r\n<hr \/>\r\n<p><a href=\"https:\/\/www.markt-kom.com\/markom\/business\/sir-mary-goes-media-es-hat-uns-schon-lange-unter-den-naegeln-gebrannt\/\" rel=\"noopener\"><em>Leggi qui il <strong>intervista esclusiva e approfondita<\/strong> con Vanessa Habisreutinger, Katharina G\u00fcnther e Fabian Habisreutinger sull'idea e la strategia alla base di Sir Mary Media.<\/em><\/a><\/p>","protected":false},"excerpt":{"rendered":"<p>Sir Mary inizia una nuova era: con effetto immediato, l'agenzia di Zurigo offre i suoi servizi media sul mercato come agenzia indipendente. La nuova agenzia media \u00e8 guidata da Vanessa Habisreutinger, Katharina G\u00fcnther e Fabian Habisreutinger. I nuovi clienti in portafoglio sono Twint e Ovomaltine.<\/p>","protected":false},"author":8,"featured_media":0,"comment_status":"closed","ping_status":"closed","sticky":false,"template":"","format":"standard","meta":{"_acf_changed":false,"_yoast_wpseo_focuskw":"Sir Mary Media","_yoast_wpseo_metadesc":"Sir Mary startet mit Sir Mary Media eine eigenst\u00e4ndige Mediaagentur und erweitert ihr Angebot in Mediastrategie, -planung und -umsetzung.","articlekey":"","footnotes":""},"categories":[29],"tags":[4345,2871,5100],"class_list":["post-36138","post","type-post","status-publish","format-standard","hentry","category-marketing","tag-business","tag-sir-mary","tag-sir-mary-media"],"acf":[],"yoast_head":"<!-- This site is optimized with the Yoast SEO plugin v27.4 - https:\/\/yoast.com\/product\/yoast-seo-wordpress\/ -->\n<title>Sir Mary lanciert eigenst\u00e4ndige Mediaagentur - Organisator<\/title>\n<meta name=\"description\" content=\"Sir Mary startet mit Sir Mary Media eine eigenst\u00e4ndige Mediaagentur und erweitert ihr Angebot in Mediastrategie, -planung und -umsetzung.\" \/>\n<meta name=\"robots\" content=\"index, follow, max-snippet:-1, max-image-preview:large, max-video-preview:-1\" \/>\n<link rel=\"canonical\" href=\"https:\/\/www.organisator.ch\/it\/marketing\/2025-02-20\/sir-mary-lanciert-eigenstaendige-mediaagentur\/\" \/>\n<meta property=\"og:locale\" content=\"it_IT\" \/>\n<meta property=\"og:type\" content=\"article\" \/>\n<meta property=\"og:title\" content=\"Sir Mary lanciert eigenst\u00e4ndige Mediaagentur - Organisator\" \/>\n<meta property=\"og:description\" content=\"Sir Mary startet mit Sir Mary Media eine eigenst\u00e4ndige Mediaagentur und erweitert ihr Angebot in Mediastrategie, -planung und -umsetzung.\" \/>\n<meta property=\"og:url\" content=\"https:\/\/www.organisator.ch\/it\/marketing\/2025-02-20\/sir-mary-lanciert-eigenstaendige-mediaagentur\/\" \/>\n<meta property=\"og:site_name\" content=\"Organisator\" \/>\n<meta property=\"article:publisher\" content=\"https:\/\/www.facebook.com\/OrganisatorFachmagazin\" \/>\n<meta property=\"article:published_time\" content=\"2025-02-20T12:30:27+00:00\" \/>\n<meta property=\"article:modified_time\" content=\"2025-02-20T12:30:57+00:00\" \/>\n<meta name=\"author\" content=\"galledia\" \/>\n<meta name=\"twitter:card\" content=\"summary_large_image\" \/>\n<meta name=\"twitter:creator\" content=\"@admin\" \/>\n<script type=\"application\/ld+json\" class=\"yoast-schema-graph\">{\"@context\":\"https:\\\/\\\/schema.org\",\"@graph\":[{\"@type\":\"Article\",\"@id\":\"https:\\\/\\\/www.organisator.ch\\\/marketing\\\/2025-02-20\\\/sir-mary-lanciert-eigenstaendige-mediaagentur\\\/#article\",\"isPartOf\":{\"@id\":\"https:\\\/\\\/www.organisator.ch\\\/marketing\\\/2025-02-20\\\/sir-mary-lanciert-eigenstaendige-mediaagentur\\\/\"},\"author\":{\"name\":\"galledia\",\"@id\":\"https:\\\/\\\/www.organisator.ch\\\/#\\\/schema\\\/person\\\/4e51799071cd2dd1232ac003643ef5f0\"},\"headline\":\"Sir Mary lanciert eigenst\u00e4ndige Mediaagentur\",\"datePublished\":\"2025-02-20T12:30:27+00:00\",\"dateModified\":\"2025-02-20T12:30:57+00:00\",\"mainEntityOfPage\":{\"@id\":\"https:\\\/\\\/www.organisator.ch\\\/marketing\\\/2025-02-20\\\/sir-mary-lanciert-eigenstaendige-mediaagentur\\\/\"},\"wordCount\":364,\"publisher\":{\"@id\":\"https:\\\/\\\/www.organisator.ch\\\/#organization\"},\"image\":{\"@id\":\"https:\\\/\\\/www.organisator.ch\\\/marketing\\\/2025-02-20\\\/sir-mary-lanciert-eigenstaendige-mediaagentur\\\/#primaryimage\"},\"thumbnailUrl\":\"https:\\\/\\\/www.markt-kom.com\\\/wp-content\\\/uploads\\\/2025\\\/02\\\/SiRMaRY-Media-PM-Preview.jpg\",\"keywords\":[\"Business\",\"Sir Mary\",\"Sir Mary Media\"],\"articleSection\":[\"MARKETING\"],\"inLanguage\":\"it-IT\"},{\"@type\":\"WebPage\",\"@id\":\"https:\\\/\\\/www.organisator.ch\\\/marketing\\\/2025-02-20\\\/sir-mary-lanciert-eigenstaendige-mediaagentur\\\/\",\"url\":\"https:\\\/\\\/www.organisator.ch\\\/marketing\\\/2025-02-20\\\/sir-mary-lanciert-eigenstaendige-mediaagentur\\\/\",\"name\":\"Sir Mary lanciert eigenst\u00e4ndige Mediaagentur - Organisator\",\"isPartOf\":{\"@id\":\"https:\\\/\\\/www.organisator.ch\\\/#website\"},\"primaryImageOfPage\":{\"@id\":\"https:\\\/\\\/www.organisator.ch\\\/marketing\\\/2025-02-20\\\/sir-mary-lanciert-eigenstaendige-mediaagentur\\\/#primaryimage\"},\"image\":{\"@id\":\"https:\\\/\\\/www.organisator.ch\\\/marketing\\\/2025-02-20\\\/sir-mary-lanciert-eigenstaendige-mediaagentur\\\/#primaryimage\"},\"thumbnailUrl\":\"https:\\\/\\\/www.markt-kom.com\\\/wp-content\\\/uploads\\\/2025\\\/02\\\/SiRMaRY-Media-PM-Preview.jpg\",\"datePublished\":\"2025-02-20T12:30:27+00:00\",\"dateModified\":\"2025-02-20T12:30:57+00:00\",\"description\":\"Sir Mary startet mit Sir Mary Media eine eigenst\u00e4ndige Mediaagentur und erweitert ihr Angebot in Mediastrategie, -planung und -umsetzung.\",\"breadcrumb\":{\"@id\":\"https:\\\/\\\/www.organisator.ch\\\/marketing\\\/2025-02-20\\\/sir-mary-lanciert-eigenstaendige-mediaagentur\\\/#breadcrumb\"},\"inLanguage\":\"it-IT\",\"potentialAction\":[{\"@type\":\"ReadAction\",\"target\":[\"https:\\\/\\\/www.organisator.ch\\\/marketing\\\/2025-02-20\\\/sir-mary-lanciert-eigenstaendige-mediaagentur\\\/\"]}]},{\"@type\":\"ImageObject\",\"inLanguage\":\"it-IT\",\"@id\":\"https:\\\/\\\/www.organisator.ch\\\/marketing\\\/2025-02-20\\\/sir-mary-lanciert-eigenstaendige-mediaagentur\\\/#primaryimage\",\"url\":\"https:\\\/\\\/www.markt-kom.com\\\/wp-content\\\/uploads\\\/2025\\\/02\\\/SiRMaRY-Media-PM-Preview.jpg\",\"contentUrl\":\"https:\\\/\\\/www.markt-kom.com\\\/wp-content\\\/uploads\\\/2025\\\/02\\\/SiRMaRY-Media-PM-Preview.jpg\"},{\"@type\":\"BreadcrumbList\",\"@id\":\"https:\\\/\\\/www.organisator.ch\\\/marketing\\\/2025-02-20\\\/sir-mary-lanciert-eigenstaendige-mediaagentur\\\/#breadcrumb\",\"itemListElement\":[{\"@type\":\"ListItem\",\"position\":1,\"name\":\"Home\",\"item\":\"https:\\\/\\\/www.organisator.ch\\\/\"},{\"@type\":\"ListItem\",\"position\":2,\"name\":\"Sir Mary lanciert eigenst\u00e4ndige Mediaagentur\"}]},{\"@type\":\"WebSite\",\"@id\":\"https:\\\/\\\/www.organisator.ch\\\/#website\",\"url\":\"https:\\\/\\\/www.organisator.ch\\\/\",\"name\":\"Organisator\",\"description\":\"Kompetent. Praxisnah. Der ORGANISATOR bereitet in 10 Ausgaben pro Jahr die wesentlichen Themen f\u00fcr F\u00fchrungskr\u00e4fte von KMU auf.\",\"publisher\":{\"@id\":\"https:\\\/\\\/www.organisator.ch\\\/#organization\"},\"potentialAction\":[{\"@type\":\"SearchAction\",\"target\":{\"@type\":\"EntryPoint\",\"urlTemplate\":\"https:\\\/\\\/www.organisator.ch\\\/?s={search_term_string}\"},\"query-input\":{\"@type\":\"PropertyValueSpecification\",\"valueRequired\":true,\"valueName\":\"search_term_string\"}}],\"inLanguage\":\"it-IT\"},{\"@type\":\"Organization\",\"@id\":\"https:\\\/\\\/www.organisator.ch\\\/#organization\",\"name\":\"Organisator\",\"url\":\"https:\\\/\\\/www.organisator.ch\\\/\",\"logo\":{\"@type\":\"ImageObject\",\"inLanguage\":\"it-IT\",\"@id\":\"https:\\\/\\\/www.organisator.ch\\\/#\\\/schema\\\/logo\\\/image\\\/\",\"url\":\"https:\\\/\\\/www.organisator.ch\\\/wp-content\\\/uploads\\\/2022\\\/01\\\/Logo_Organisator_Website.png\",\"contentUrl\":\"https:\\\/\\\/www.organisator.ch\\\/wp-content\\\/uploads\\\/2022\\\/01\\\/Logo_Organisator_Website.png\",\"width\":800,\"height\":77,\"caption\":\"Organisator\"},\"image\":{\"@id\":\"https:\\\/\\\/www.organisator.ch\\\/#\\\/schema\\\/logo\\\/image\\\/\"},\"sameAs\":[\"https:\\\/\\\/www.facebook.com\\\/OrganisatorFachmagazin\",\"https:\\\/\\\/www.linkedin.com\\\/showcase\\\/organisator-das-magazin-fr-kmu\",\"https:\\\/\\\/www.xing.com\\\/news\\\/pages\\\/organisator-ch-695\",\"https:\\\/\\\/www.youtube.com\\\/channel\\\/UCGP2Sq0iWaZwT3BdIAQFYpw\"]},{\"@type\":\"Person\",\"@id\":\"https:\\\/\\\/www.organisator.ch\\\/#\\\/schema\\\/person\\\/4e51799071cd2dd1232ac003643ef5f0\",\"name\":\"galledia\",\"image\":{\"@type\":\"ImageObject\",\"inLanguage\":\"it-IT\",\"@id\":\"https:\\\/\\\/secure.gravatar.com\\\/avatar\\\/78a7f90c01fc2bfc875782a0d4922b37cde2cf184ce347b91316d23cd7f69a36?s=96&d=mm&r=g\",\"url\":\"https:\\\/\\\/secure.gravatar.com\\\/avatar\\\/78a7f90c01fc2bfc875782a0d4922b37cde2cf184ce347b91316d23cd7f69a36?s=96&d=mm&r=g\",\"contentUrl\":\"https:\\\/\\\/secure.gravatar.com\\\/avatar\\\/78a7f90c01fc2bfc875782a0d4922b37cde2cf184ce347b91316d23cd7f69a36?s=96&d=mm&r=g\",\"caption\":\"galledia\"},\"sameAs\":[\"https:\\\/\\\/x.com\\\/admin\"],\"url\":\"https:\\\/\\\/www.organisator.ch\\\/it\\\/author\\\/galledia\\\/\"}]}<\/script>\n<!-- \/ Yoast SEO plugin. -->","yoast_head_json":{"title":"Sir Mary lancia un'agenzia di stampa indipendente - Organizzatore","description":"Sir Mary lancia un'agenzia media indipendente, Sir Mary Media, e amplia la sua gamma di servizi di strategia, pianificazione e implementazione dei media.","robots":{"index":"index","follow":"follow","max-snippet":"max-snippet:-1","max-image-preview":"max-image-preview:large","max-video-preview":"max-video-preview:-1"},"canonical":"https:\/\/www.organisator.ch\/it\/marketing\/2025-02-20\/sir-mary-lanciert-eigenstaendige-mediaagentur\/","og_locale":"it_IT","og_type":"article","og_title":"Sir Mary lanciert eigenst\u00e4ndige Mediaagentur - Organisator","og_description":"Sir Mary startet mit Sir Mary Media eine eigenst\u00e4ndige Mediaagentur und erweitert ihr Angebot in Mediastrategie, -planung und -umsetzung.","og_url":"https:\/\/www.organisator.ch\/it\/marketing\/2025-02-20\/sir-mary-lanciert-eigenstaendige-mediaagentur\/","og_site_name":"Organisator","article_publisher":"https:\/\/www.facebook.com\/OrganisatorFachmagazin","article_published_time":"2025-02-20T12:30:27+00:00","article_modified_time":"2025-02-20T12:30:57+00:00","author":"galledia","twitter_card":"summary_large_image","twitter_creator":"@admin","schema":{"@context":"https:\/\/schema.org","@graph":[{"@type":"Article","@id":"https:\/\/www.organisator.ch\/marketing\/2025-02-20\/sir-mary-lanciert-eigenstaendige-mediaagentur\/#article","isPartOf":{"@id":"https:\/\/www.organisator.ch\/marketing\/2025-02-20\/sir-mary-lanciert-eigenstaendige-mediaagentur\/"},"author":{"name":"galledia","@id":"https:\/\/www.organisator.ch\/#\/schema\/person\/4e51799071cd2dd1232ac003643ef5f0"},"headline":"Sir Mary lanciert eigenst\u00e4ndige Mediaagentur","datePublished":"2025-02-20T12:30:27+00:00","dateModified":"2025-02-20T12:30:57+00:00","mainEntityOfPage":{"@id":"https:\/\/www.organisator.ch\/marketing\/2025-02-20\/sir-mary-lanciert-eigenstaendige-mediaagentur\/"},"wordCount":364,"publisher":{"@id":"https:\/\/www.organisator.ch\/#organization"},"image":{"@id":"https:\/\/www.organisator.ch\/marketing\/2025-02-20\/sir-mary-lanciert-eigenstaendige-mediaagentur\/#primaryimage"},"thumbnailUrl":"https:\/\/www.markt-kom.com\/wp-content\/uploads\/2025\/02\/SiRMaRY-Media-PM-Preview.jpg","keywords":["Business","Sir Mary","Sir Mary Media"],"articleSection":["MARKETING"],"inLanguage":"it-IT"},{"@type":"WebPage","@id":"https:\/\/www.organisator.ch\/marketing\/2025-02-20\/sir-mary-lanciert-eigenstaendige-mediaagentur\/","url":"https:\/\/www.organisator.ch\/marketing\/2025-02-20\/sir-mary-lanciert-eigenstaendige-mediaagentur\/","name":"Sir Mary lancia un'agenzia di stampa indipendente - Organizzatore","isPartOf":{"@id":"https:\/\/www.organisator.ch\/#website"},"primaryImageOfPage":{"@id":"https:\/\/www.organisator.ch\/marketing\/2025-02-20\/sir-mary-lanciert-eigenstaendige-mediaagentur\/#primaryimage"},"image":{"@id":"https:\/\/www.organisator.ch\/marketing\/2025-02-20\/sir-mary-lanciert-eigenstaendige-mediaagentur\/#primaryimage"},"thumbnailUrl":"https:\/\/www.markt-kom.com\/wp-content\/uploads\/2025\/02\/SiRMaRY-Media-PM-Preview.jpg","datePublished":"2025-02-20T12:30:27+00:00","dateModified":"2025-02-20T12:30:57+00:00","description":"Sir Mary lancia un'agenzia media indipendente, Sir Mary Media, e amplia la sua gamma di servizi di strategia, pianificazione e implementazione dei media.","breadcrumb":{"@id":"https:\/\/www.organisator.ch\/marketing\/2025-02-20\/sir-mary-lanciert-eigenstaendige-mediaagentur\/#breadcrumb"},"inLanguage":"it-IT","potentialAction":[{"@type":"ReadAction","target":["https:\/\/www.organisator.ch\/marketing\/2025-02-20\/sir-mary-lanciert-eigenstaendige-mediaagentur\/"]}]},{"@type":"ImageObject","inLanguage":"it-IT","@id":"https:\/\/www.organisator.ch\/marketing\/2025-02-20\/sir-mary-lanciert-eigenstaendige-mediaagentur\/#primaryimage","url":"https:\/\/www.markt-kom.com\/wp-content\/uploads\/2025\/02\/SiRMaRY-Media-PM-Preview.jpg","contentUrl":"https:\/\/www.markt-kom.com\/wp-content\/uploads\/2025\/02\/SiRMaRY-Media-PM-Preview.jpg"},{"@type":"BreadcrumbList","@id":"https:\/\/www.organisator.ch\/marketing\/2025-02-20\/sir-mary-lanciert-eigenstaendige-mediaagentur\/#breadcrumb","itemListElement":[{"@type":"ListItem","position":1,"name":"Home","item":"https:\/\/www.organisator.ch\/"},{"@type":"ListItem","position":2,"name":"Sir Mary lanciert eigenst\u00e4ndige Mediaagentur"}]},{"@type":"WebSite","@id":"https:\/\/www.organisator.ch\/#website","url":"https:\/\/www.organisator.ch\/","name":"Organizzatore","description":"Competente. Pratico. In 10 numeri all'anno, ORGANISATOR presenta i temi essenziali per i manager delle PMI.","publisher":{"@id":"https:\/\/www.organisator.ch\/#organization"},"potentialAction":[{"@type":"SearchAction","target":{"@type":"EntryPoint","urlTemplate":"https:\/\/www.organisator.ch\/?s={search_term_string}"},"query-input":{"@type":"PropertyValueSpecification","valueRequired":true,"valueName":"search_term_string"}}],"inLanguage":"it-IT"},{"@type":"Organization","@id":"https:\/\/www.organisator.ch\/#organization","name":"Organizzatore","url":"https:\/\/www.organisator.ch\/","logo":{"@type":"ImageObject","inLanguage":"it-IT","@id":"https:\/\/www.organisator.ch\/#\/schema\/logo\/image\/","url":"https:\/\/www.organisator.ch\/wp-content\/uploads\/2022\/01\/Logo_Organisator_Website.png","contentUrl":"https:\/\/www.organisator.ch\/wp-content\/uploads\/2022\/01\/Logo_Organisator_Website.png","width":800,"height":77,"caption":"Organisator"},"image":{"@id":"https:\/\/www.organisator.ch\/#\/schema\/logo\/image\/"},"sameAs":["https:\/\/www.facebook.com\/OrganisatorFachmagazin","https:\/\/www.linkedin.com\/showcase\/organisator-das-magazin-fr-kmu","https:\/\/www.xing.com\/news\/pages\/organisator-ch-695","https:\/\/www.youtube.com\/channel\/UCGP2Sq0iWaZwT3BdIAQFYpw"]},{"@type":"Person","@id":"https:\/\/www.organisator.ch\/#\/schema\/person\/4e51799071cd2dd1232ac003643ef5f0","name":"galledia","image":{"@type":"ImageObject","inLanguage":"it-IT","@id":"https:\/\/secure.gravatar.com\/avatar\/78a7f90c01fc2bfc875782a0d4922b37cde2cf184ce347b91316d23cd7f69a36?s=96&d=mm&r=g","url":"https:\/\/secure.gravatar.com\/avatar\/78a7f90c01fc2bfc875782a0d4922b37cde2cf184ce347b91316d23cd7f69a36?s=96&d=mm&r=g","contentUrl":"https:\/\/secure.gravatar.com\/avatar\/78a7f90c01fc2bfc875782a0d4922b37cde2cf184ce347b91316d23cd7f69a36?s=96&d=mm&r=g","caption":"galledia"},"sameAs":["https:\/\/x.com\/admin"],"url":"https:\/\/www.organisator.ch\/it\/author\/galledia\/"}]}},"_links":{"self":[{"href":"https:\/\/www.organisator.ch\/it\/wp-json\/wp\/v2\/posts\/36138","targetHints":{"allow":["GET"]}}],"collection":[{"href":"https:\/\/www.organisator.ch\/it\/wp-json\/wp\/v2\/posts"}],"about":[{"href":"https:\/\/www.organisator.ch\/it\/wp-json\/wp\/v2\/types\/post"}],"author":[{"embeddable":true,"href":"https:\/\/www.organisator.ch\/it\/wp-json\/wp\/v2\/users\/8"}],"replies":[{"embeddable":true,"href":"https:\/\/www.organisator.ch\/it\/wp-json\/wp\/v2\/comments?post=36138"}],"version-history":[{"count":5,"href":"https:\/\/www.organisator.ch\/it\/wp-json\/wp\/v2\/posts\/36138\/revisions"}],"predecessor-version":[{"id":36142,"href":"https:\/\/www.organisator.ch\/it\/wp-json\/wp\/v2\/posts\/36138\/revisions\/36142"}],"wp:attachment":[{"href":"https:\/\/www.organisator.ch\/it\/wp-json\/wp\/v2\/media?parent=36138"}],"wp:term":[{"taxonomy":"category","embeddable":true,"href":"https:\/\/www.organisator.ch\/it\/wp-json\/wp\/v2\/categories?post=36138"},{"taxonomy":"post_tag","embeddable":true,"href":"https:\/\/www.organisator.ch\/it\/wp-json\/wp\/v2\/tags?post=36138"}],"curies":[{"name":"wp","href":"https:\/\/api.w.org\/{rel}","templated":true}]}}