{"id":3615,"date":"2020-12-24T06:25:54","date_gmt":"2020-12-24T05:25:54","guid":{"rendered":"https:\/\/www.umweltperspektiven.ch\/?p=3615"},"modified":"2022-02-09T11:05:32","modified_gmt":"2022-02-09T10:05:32","slug":"kanton-zuerich-hat-rohstoff-versorgungssicherheit-im-fokus","status":"publish","type":"post","link":"https:\/\/www.organisator.ch\/it\/sustainability\/2020-12-24\/kanton-zuerich-hat-rohstoff-versorgungssicherheit-im-fokus\/","title":{"rendered":"Il cantone di Zurigo si concentra sulla sicurezza dell'approvvigionamento delle materie prime"},"content":{"rendered":"<figure id=\"attachment_3616\" aria-describedby=\"caption-attachment-3616\" style=\"width: 680px\" class=\"wp-caption aligncenter\"><img loading=\"lazy\" decoding=\"async\" class=\"size-medium wp-image-3616\" src=\"\/\/www.umweltperspektiven.ch\/wp-content\/uploads\/2020\/12\/Kunststoff.jpg\" alt=\"\" width=\"680\" height=\"435\" srcset=\"https:\/\/www.organisator.ch\/wp-content\/uploads\/2020\/12\/Kunststoff.jpg 1258w, https:\/\/www.organisator.ch\/wp-content\/uploads\/2020\/12\/Kunststoff-680x435.jpg 680w, https:\/\/www.organisator.ch\/wp-content\/uploads\/2020\/12\/Kunststoff-1024x655.jpg 1024w, https:\/\/www.organisator.ch\/wp-content\/uploads\/2020\/12\/Kunststoff-768x491.jpg 768w, https:\/\/www.organisator.ch\/wp-content\/uploads\/2020\/12\/Kunststoff-18x12.jpg 18w, https:\/\/www.organisator.ch\/wp-content\/uploads\/2020\/12\/Kunststoff-273x175.jpg 273w, https:\/\/www.organisator.ch\/wp-content\/uploads\/2020\/12\/Kunststoff-547x350.jpg 547w, https:\/\/www.organisator.ch\/wp-content\/uploads\/2020\/12\/Kunststoff-1250x800.jpg 1250w, https:\/\/www.organisator.ch\/wp-content\/uploads\/2020\/12\/Kunststoff-920x589.jpg 920w, https:\/\/www.organisator.ch\/wp-content\/uploads\/2020\/12\/Kunststoff-300x192.jpg 300w\" sizes=\"auto, (max-width: 680px) 100vw, 680px\" \/><figcaption id=\"caption-attachment-3616\" class=\"wp-caption-text\">Fonte: Dipartimento delle costruzioni del Cantone di Zurigo<\/figcaption><\/figure>\n<p>Circa due terzi di tutti i rifiuti nel cantone di Zurigo vengono raccolti separatamente e riciclati. E quando le case vengono demolite, circa l'80% del contenuto minerale (cemento, mattoni, ecc.) rimane nel ciclo dei materiali, secondo il governo. Ciononostante, circa un milione di tonnellate di materiale viene ancora scaricato nelle discariche ogni anno, il che significa che risorse preziose vengono perse per sempre.<strong>\u00a0<\/strong><\/p>\n<p><strong>Chiudere i cicli dei materiali in modo pi\u00f9 coerente<\/strong><\/p>\n<p>Il cosiddetto <a href=\"\/\/www.kreislaufinitiative.ch\">Iniziativa per la circolazione<\/a> mira a rendere il consumo pi\u00f9 efficiente in termini di risorse e a ridurre la quantit\u00e0 ancora grande di rifiuti prodotti. Il cantone e i comuni dovrebbero creare condizioni quadro favorevoli e incentivi per questo. Dovrebbero fare in modo che \"i cicli dei materiali siano sempre pi\u00f9 chiusi e si ponga fine allo spreco di risorse\".<strong>\u00a0<\/strong><\/p>\n<p><strong>Iniziativa popolare troppo limitata<\/strong><strong>\u00a0<\/strong><\/p>\n<p>Per il consiglio di governo, la direzione dell'iniziativa \u00e8 fondamentalmente benvenuta, ma il testo dell'iniziativa ha delle debolezze ed \u00e8 troppo limitato. L'iniziativa si concentra sul consumo e quindi principalmente sui rifiuti prodotti dai consumatori. Tuttavia, questa \u00e8 solo una piccola parte della produzione totale di rifiuti. Un approccio olistico \u00e8 necessario per conservare efficacemente le risorse naturali. \u00c8 necessario iniziare dove il rapporto costi-benefici \u00e8 migliore. Per questo motivo, il governo cantonale propone al consiglio cantonale di respingere l'iniziativa popolare e di fare una <a href=\"\/\/www.zh.ch\/de\/politik-staat\/gesetze-beschluesse\/beschluesse-des-regierungsrates\/rrb\/regierungsratsbeschluss-1183-2020.html\">Controproposta<\/a> da risolvere.<\/p>\n<p><strong>La controproposta affronta tutte le aree del ciclo dei materiali\u00a0<\/strong><\/p>\n<p>La controproposta del consiglio governativo copre l'intera catena dell'offerta e del valore, dalla produzione al consumo ai rifiuti. Secondo lui, questo ha il vantaggio che si possono fare grandi passi verso il raggiungimento dell'obiettivo con misure economicamente compatibili e socialmente accettabili. Affrontando tutte le aree del ciclo dei materiali, la controproposta copre anche la produzione di beni e l'industria delle costruzioni.<\/p>\n<p><strong>Rafforzare la resilienza dell'economia<\/strong><\/p>\n<p>Il controprogetto del consiglio governativo incarica il cantone e i comuni di garantire sempre pi\u00f9 la chiusura dei cicli dei materiali e la gestione attenta delle materie prime, dei materiali e delle merci. Secondo il consiglio governativo, questo porter\u00e0 alla promozione di innovazioni e iniziative private, che a suo parere avranno anche effetti positivi sulla piazza economica del Cantone di Zurigo. Questo perch\u00e9 un'economia con una maggiore sicurezza di approvvigionamento di materie prime \u00e8 pi\u00f9 resistente alla fluttuazione dei prezzi delle materie prime e alle crisi internazionali. Allo stesso tempo, risulterebbe in una maggiore occupazione locale e nella creazione di valore, per esempio a causa dell'aumento dei servizi di riparazione in loco. Gli sviluppi privati di tecnologie ecologiche con possibile applicazione globale e gli incentivi governativi che promuovono il riciclaggio possono anche dare alle aziende locali vantaggi internazionali, scrive ancora l'esecutivo. Le aziende zurighesi beneficerebbero anche di processi efficienti dal punto di vista dei materiali con un migliore rapporto costi-benefici, il che rafforzerebbe la competitivit\u00e0 generale dell'economia zurighese. (rs)<\/p>\n<p>&nbsp;<\/p>\n<p>&nbsp;<\/p>","protected":false},"excerpt":{"rendered":"<p>Rund zwei Drittel aller Abf\u00e4lle im Kanton Z\u00fcrich werden separat gesammelt und rezykliert. Und beim Abbruch von H\u00e4usern bleiben rund 80 Prozent des mineralischen Anteils (Beton, Backsteine etc.) im stofflichen Kreislauf, wie es von regierungsr\u00e4tlicher Seite heisst. Trotzdem werden j\u00e4hrlich noch rund eine Million Tonnen Material auf Deponien abgelagert, womit wertvolle Ressourcen f\u00fcr immer verloren [&hellip;]<\/p>\n","protected":false},"author":6,"featured_media":3616,"comment_status":"closed","ping_status":"closed","sticky":false,"template":"","format":"standard","meta":{"_acf_changed":false,"_yoast_wpseo_focuskw":"Stoffkreislauf","_yoast_wpseo_metadesc":"Der Regierungsrat des Kantons Z\u00fcrich lehnt die Kreislauf-Initiative ab und unterbreitet einen Gegenvorschlag, der einen gesamtheitlichen Ansatz verfolgt.","articlekey":"","footnotes":""},"categories":[580],"tags":[1259,1410,1474,594,2207,2467],"class_list":["post-3615","post","type-post","status-publish","format-standard","has-post-thumbnail","hentry","category-sustainability","tag-gegenvorschlag","tag-initiative","tag-kanton-zuerich","tag-kreislaufwirtschaft","tag-stoffkreislauf","tag-versorgungs-und-wertschoepfungskette"],"acf":[],"yoast_head":"<!-- This site is optimized with the Yoast SEO plugin v27.4 - https:\/\/yoast.com\/product\/yoast-seo-wordpress\/ -->\n<title>Kanton Z\u00fcrich hat Rohstoff-Versorgungssicherheit im Fokus - Organisator<\/title>\n<meta name=\"description\" content=\"Der Regierungsrat des Kantons Z\u00fcrich lehnt die Kreislauf-Initiative ab und unterbreitet einen Gegenvorschlag, der einen gesamtheitlichen Ansatz verfolgt.\" \/>\n<meta name=\"robots\" content=\"index, follow, max-snippet:-1, max-image-preview:large, max-video-preview:-1\" \/>\n<link rel=\"canonical\" href=\"https:\/\/www.organisator.ch\/it\/sostenibilita\/2020-12-24\/kanton-zuerich-hat-rohstoff-versorgungssicherheit-im-fokus\/\" \/>\n<meta property=\"og:locale\" content=\"it_IT\" \/>\n<meta property=\"og:type\" content=\"article\" \/>\n<meta property=\"og:title\" content=\"Kanton Z\u00fcrich hat Rohstoff-Versorgungssicherheit im Fokus - Organisator\" \/>\n<meta property=\"og:description\" content=\"Der Regierungsrat des Kantons Z\u00fcrich lehnt die Kreislauf-Initiative ab und unterbreitet einen Gegenvorschlag, der einen gesamtheitlichen Ansatz verfolgt.\" \/>\n<meta property=\"og:url\" content=\"https:\/\/www.organisator.ch\/it\/sostenibilita\/2020-12-24\/kanton-zuerich-hat-rohstoff-versorgungssicherheit-im-fokus\/\" \/>\n<meta property=\"og:site_name\" content=\"Organisator\" \/>\n<meta property=\"article:publisher\" content=\"https:\/\/www.facebook.com\/OrganisatorFachmagazin\" \/>\n<meta property=\"article:published_time\" content=\"2020-12-24T05:25:54+00:00\" \/>\n<meta property=\"article:modified_time\" content=\"2022-02-09T10:05:32+00:00\" \/>\n<meta property=\"og:image\" content=\"https:\/\/www.organisator.ch\/wp-content\/uploads\/2020\/12\/Kunststoff.jpg\" \/>\n\t<meta property=\"og:image:width\" content=\"1258\" \/>\n\t<meta property=\"og:image:height\" content=\"805\" \/>\n\t<meta property=\"og:image:type\" content=\"image\/jpeg\" \/>\n<meta name=\"author\" content=\"roger.straessle\" \/>\n<meta name=\"twitter:card\" content=\"summary_large_image\" \/>\n<script type=\"application\/ld+json\" class=\"yoast-schema-graph\">{\"@context\":\"https:\\\/\\\/schema.org\",\"@graph\":[{\"@type\":\"Article\",\"@id\":\"https:\\\/\\\/www.organisator.ch\\\/sustainability\\\/2020-12-24\\\/kanton-zuerich-hat-rohstoff-versorgungssicherheit-im-fokus\\\/#article\",\"isPartOf\":{\"@id\":\"https:\\\/\\\/www.organisator.ch\\\/sustainability\\\/2020-12-24\\\/kanton-zuerich-hat-rohstoff-versorgungssicherheit-im-fokus\\\/\"},\"author\":{\"name\":\"roger.straessle\",\"@id\":\"https:\\\/\\\/www.organisator.ch\\\/#\\\/schema\\\/person\\\/a800b8c54e208b160517a7dcc323161d\"},\"headline\":\"Kanton Z\u00fcrich hat Rohstoff-Versorgungssicherheit im Fokus\",\"datePublished\":\"2020-12-24T05:25:54+00:00\",\"dateModified\":\"2022-02-09T10:05:32+00:00\",\"mainEntityOfPage\":{\"@id\":\"https:\\\/\\\/www.organisator.ch\\\/sustainability\\\/2020-12-24\\\/kanton-zuerich-hat-rohstoff-versorgungssicherheit-im-fokus\\\/\"},\"wordCount\":466,\"publisher\":{\"@id\":\"https:\\\/\\\/www.organisator.ch\\\/#organization\"},\"image\":{\"@id\":\"https:\\\/\\\/www.organisator.ch\\\/sustainability\\\/2020-12-24\\\/kanton-zuerich-hat-rohstoff-versorgungssicherheit-im-fokus\\\/#primaryimage\"},\"thumbnailUrl\":\"https:\\\/\\\/www.organisator.ch\\\/wp-content\\\/uploads\\\/2020\\\/12\\\/Kunststoff.jpg\",\"keywords\":[\"Gegenvorschlag\",\"Initiative\",\"Kanton Z\u00fcrich\",\"Kreislaufwirtschaft\",\"Stoffkreislauf\",\"Versorgungs- und Wertsch\u00f6pfungskette\"],\"articleSection\":[\"SUSTAINABILITY\"],\"inLanguage\":\"it-IT\"},{\"@type\":\"WebPage\",\"@id\":\"https:\\\/\\\/www.organisator.ch\\\/sustainability\\\/2020-12-24\\\/kanton-zuerich-hat-rohstoff-versorgungssicherheit-im-fokus\\\/\",\"url\":\"https:\\\/\\\/www.organisator.ch\\\/sustainability\\\/2020-12-24\\\/kanton-zuerich-hat-rohstoff-versorgungssicherheit-im-fokus\\\/\",\"name\":\"Kanton Z\u00fcrich hat Rohstoff-Versorgungssicherheit im Fokus - Organisator\",\"isPartOf\":{\"@id\":\"https:\\\/\\\/www.organisator.ch\\\/#website\"},\"primaryImageOfPage\":{\"@id\":\"https:\\\/\\\/www.organisator.ch\\\/sustainability\\\/2020-12-24\\\/kanton-zuerich-hat-rohstoff-versorgungssicherheit-im-fokus\\\/#primaryimage\"},\"image\":{\"@id\":\"https:\\\/\\\/www.organisator.ch\\\/sustainability\\\/2020-12-24\\\/kanton-zuerich-hat-rohstoff-versorgungssicherheit-im-fokus\\\/#primaryimage\"},\"thumbnailUrl\":\"https:\\\/\\\/www.organisator.ch\\\/wp-content\\\/uploads\\\/2020\\\/12\\\/Kunststoff.jpg\",\"datePublished\":\"2020-12-24T05:25:54+00:00\",\"dateModified\":\"2022-02-09T10:05:32+00:00\",\"description\":\"Der Regierungsrat des Kantons Z\u00fcrich lehnt die Kreislauf-Initiative ab und unterbreitet einen Gegenvorschlag, der einen gesamtheitlichen Ansatz verfolgt.\",\"breadcrumb\":{\"@id\":\"https:\\\/\\\/www.organisator.ch\\\/sustainability\\\/2020-12-24\\\/kanton-zuerich-hat-rohstoff-versorgungssicherheit-im-fokus\\\/#breadcrumb\"},\"inLanguage\":\"it-IT\",\"potentialAction\":[{\"@type\":\"ReadAction\",\"target\":[\"https:\\\/\\\/www.organisator.ch\\\/sustainability\\\/2020-12-24\\\/kanton-zuerich-hat-rohstoff-versorgungssicherheit-im-fokus\\\/\"]}]},{\"@type\":\"ImageObject\",\"inLanguage\":\"it-IT\",\"@id\":\"https:\\\/\\\/www.organisator.ch\\\/sustainability\\\/2020-12-24\\\/kanton-zuerich-hat-rohstoff-versorgungssicherheit-im-fokus\\\/#primaryimage\",\"url\":\"https:\\\/\\\/www.organisator.ch\\\/wp-content\\\/uploads\\\/2020\\\/12\\\/Kunststoff.jpg\",\"contentUrl\":\"https:\\\/\\\/www.organisator.ch\\\/wp-content\\\/uploads\\\/2020\\\/12\\\/Kunststoff.jpg\",\"width\":1258,\"height\":805,\"caption\":\"Quelle: Kanton Z\u00fcrich Baudirektion\"},{\"@type\":\"BreadcrumbList\",\"@id\":\"https:\\\/\\\/www.organisator.ch\\\/sustainability\\\/2020-12-24\\\/kanton-zuerich-hat-rohstoff-versorgungssicherheit-im-fokus\\\/#breadcrumb\",\"itemListElement\":[{\"@type\":\"ListItem\",\"position\":1,\"name\":\"Home\",\"item\":\"https:\\\/\\\/www.organisator.ch\\\/\"},{\"@type\":\"ListItem\",\"position\":2,\"name\":\"Kanton Z\u00fcrich hat Rohstoff-Versorgungssicherheit im Fokus\"}]},{\"@type\":\"WebSite\",\"@id\":\"https:\\\/\\\/www.organisator.ch\\\/#website\",\"url\":\"https:\\\/\\\/www.organisator.ch\\\/\",\"name\":\"Organisator\",\"description\":\"Kompetent. Praxisnah. Der ORGANISATOR bereitet in 10 Ausgaben pro Jahr die wesentlichen Themen f\u00fcr F\u00fchrungskr\u00e4fte von KMU auf.\",\"publisher\":{\"@id\":\"https:\\\/\\\/www.organisator.ch\\\/#organization\"},\"potentialAction\":[{\"@type\":\"SearchAction\",\"target\":{\"@type\":\"EntryPoint\",\"urlTemplate\":\"https:\\\/\\\/www.organisator.ch\\\/?s={search_term_string}\"},\"query-input\":{\"@type\":\"PropertyValueSpecification\",\"valueRequired\":true,\"valueName\":\"search_term_string\"}}],\"inLanguage\":\"it-IT\"},{\"@type\":\"Organization\",\"@id\":\"https:\\\/\\\/www.organisator.ch\\\/#organization\",\"name\":\"Organisator\",\"url\":\"https:\\\/\\\/www.organisator.ch\\\/\",\"logo\":{\"@type\":\"ImageObject\",\"inLanguage\":\"it-IT\",\"@id\":\"https:\\\/\\\/www.organisator.ch\\\/#\\\/schema\\\/logo\\\/image\\\/\",\"url\":\"https:\\\/\\\/www.organisator.ch\\\/wp-content\\\/uploads\\\/2022\\\/01\\\/Logo_Organisator_Website.png\",\"contentUrl\":\"https:\\\/\\\/www.organisator.ch\\\/wp-content\\\/uploads\\\/2022\\\/01\\\/Logo_Organisator_Website.png\",\"width\":800,\"height\":77,\"caption\":\"Organisator\"},\"image\":{\"@id\":\"https:\\\/\\\/www.organisator.ch\\\/#\\\/schema\\\/logo\\\/image\\\/\"},\"sameAs\":[\"https:\\\/\\\/www.facebook.com\\\/OrganisatorFachmagazin\",\"https:\\\/\\\/www.linkedin.com\\\/showcase\\\/organisator-das-magazin-fr-kmu\",\"https:\\\/\\\/www.xing.com\\\/news\\\/pages\\\/organisator-ch-695\",\"https:\\\/\\\/www.youtube.com\\\/channel\\\/UCGP2Sq0iWaZwT3BdIAQFYpw\"]},{\"@type\":\"Person\",\"@id\":\"https:\\\/\\\/www.organisator.ch\\\/#\\\/schema\\\/person\\\/a800b8c54e208b160517a7dcc323161d\",\"name\":\"roger.straessle\",\"image\":{\"@type\":\"ImageObject\",\"inLanguage\":\"it-IT\",\"@id\":\"https:\\\/\\\/secure.gravatar.com\\\/avatar\\\/?s=96&d=mm&r=g\",\"url\":\"https:\\\/\\\/secure.gravatar.com\\\/avatar\\\/?s=96&d=mm&r=g\",\"contentUrl\":\"https:\\\/\\\/secure.gravatar.com\\\/avatar\\\/?s=96&d=mm&r=g\",\"caption\":\"roger.straessle\"},\"url\":\"https:\\\/\\\/www.organisator.ch\\\/it\\\/author\\\/roger-straessle\\\/\"}]}<\/script>\n<!-- \/ Yoast SEO plugin. -->","yoast_head_json":{"title":"Il Cantone di Zurigo si concentra sulla sicurezza dell'approvvigionamento di materie prime - Organizzatore","description":"Il Consiglio di Governo del Cantone di Zurigo respinge l'iniziativa sul flusso circolare e presenta una controproposta che adotta un approccio olistico.","robots":{"index":"index","follow":"follow","max-snippet":"max-snippet:-1","max-image-preview":"max-image-preview:large","max-video-preview":"max-video-preview:-1"},"canonical":"https:\/\/www.organisator.ch\/it\/sostenibilita\/2020-12-24\/kanton-zuerich-hat-rohstoff-versorgungssicherheit-im-fokus\/","og_locale":"it_IT","og_type":"article","og_title":"Kanton Z\u00fcrich hat Rohstoff-Versorgungssicherheit im Fokus - Organisator","og_description":"Der Regierungsrat des Kantons Z\u00fcrich lehnt die Kreislauf-Initiative ab und unterbreitet einen Gegenvorschlag, der einen gesamtheitlichen Ansatz verfolgt.","og_url":"https:\/\/www.organisator.ch\/it\/sostenibilita\/2020-12-24\/kanton-zuerich-hat-rohstoff-versorgungssicherheit-im-fokus\/","og_site_name":"Organisator","article_publisher":"https:\/\/www.facebook.com\/OrganisatorFachmagazin","article_published_time":"2020-12-24T05:25:54+00:00","article_modified_time":"2022-02-09T10:05:32+00:00","og_image":[{"width":1258,"height":805,"url":"https:\/\/www.organisator.ch\/wp-content\/uploads\/2020\/12\/Kunststoff.jpg","type":"image\/jpeg"}],"author":"roger.straessle","twitter_card":"summary_large_image","schema":{"@context":"https:\/\/schema.org","@graph":[{"@type":"Article","@id":"https:\/\/www.organisator.ch\/sustainability\/2020-12-24\/kanton-zuerich-hat-rohstoff-versorgungssicherheit-im-fokus\/#article","isPartOf":{"@id":"https:\/\/www.organisator.ch\/sustainability\/2020-12-24\/kanton-zuerich-hat-rohstoff-versorgungssicherheit-im-fokus\/"},"author":{"name":"roger.straessle","@id":"https:\/\/www.organisator.ch\/#\/schema\/person\/a800b8c54e208b160517a7dcc323161d"},"headline":"Kanton Z\u00fcrich hat Rohstoff-Versorgungssicherheit im Fokus","datePublished":"2020-12-24T05:25:54+00:00","dateModified":"2022-02-09T10:05:32+00:00","mainEntityOfPage":{"@id":"https:\/\/www.organisator.ch\/sustainability\/2020-12-24\/kanton-zuerich-hat-rohstoff-versorgungssicherheit-im-fokus\/"},"wordCount":466,"publisher":{"@id":"https:\/\/www.organisator.ch\/#organization"},"image":{"@id":"https:\/\/www.organisator.ch\/sustainability\/2020-12-24\/kanton-zuerich-hat-rohstoff-versorgungssicherheit-im-fokus\/#primaryimage"},"thumbnailUrl":"https:\/\/www.organisator.ch\/wp-content\/uploads\/2020\/12\/Kunststoff.jpg","keywords":["Gegenvorschlag","Initiative","Kanton Z\u00fcrich","Kreislaufwirtschaft","Stoffkreislauf","Versorgungs- und Wertsch\u00f6pfungskette"],"articleSection":["SUSTAINABILITY"],"inLanguage":"it-IT"},{"@type":"WebPage","@id":"https:\/\/www.organisator.ch\/sustainability\/2020-12-24\/kanton-zuerich-hat-rohstoff-versorgungssicherheit-im-fokus\/","url":"https:\/\/www.organisator.ch\/sustainability\/2020-12-24\/kanton-zuerich-hat-rohstoff-versorgungssicherheit-im-fokus\/","name":"Il Cantone di Zurigo si concentra sulla sicurezza dell'approvvigionamento di materie prime - Organizzatore","isPartOf":{"@id":"https:\/\/www.organisator.ch\/#website"},"primaryImageOfPage":{"@id":"https:\/\/www.organisator.ch\/sustainability\/2020-12-24\/kanton-zuerich-hat-rohstoff-versorgungssicherheit-im-fokus\/#primaryimage"},"image":{"@id":"https:\/\/www.organisator.ch\/sustainability\/2020-12-24\/kanton-zuerich-hat-rohstoff-versorgungssicherheit-im-fokus\/#primaryimage"},"thumbnailUrl":"https:\/\/www.organisator.ch\/wp-content\/uploads\/2020\/12\/Kunststoff.jpg","datePublished":"2020-12-24T05:25:54+00:00","dateModified":"2022-02-09T10:05:32+00:00","description":"Il Consiglio di Governo del Cantone di Zurigo respinge l'iniziativa sul flusso circolare e presenta una controproposta che adotta un approccio olistico.","breadcrumb":{"@id":"https:\/\/www.organisator.ch\/sustainability\/2020-12-24\/kanton-zuerich-hat-rohstoff-versorgungssicherheit-im-fokus\/#breadcrumb"},"inLanguage":"it-IT","potentialAction":[{"@type":"ReadAction","target":["https:\/\/www.organisator.ch\/sustainability\/2020-12-24\/kanton-zuerich-hat-rohstoff-versorgungssicherheit-im-fokus\/"]}]},{"@type":"ImageObject","inLanguage":"it-IT","@id":"https:\/\/www.organisator.ch\/sustainability\/2020-12-24\/kanton-zuerich-hat-rohstoff-versorgungssicherheit-im-fokus\/#primaryimage","url":"https:\/\/www.organisator.ch\/wp-content\/uploads\/2020\/12\/Kunststoff.jpg","contentUrl":"https:\/\/www.organisator.ch\/wp-content\/uploads\/2020\/12\/Kunststoff.jpg","width":1258,"height":805,"caption":"Quelle: Kanton Z\u00fcrich Baudirektion"},{"@type":"BreadcrumbList","@id":"https:\/\/www.organisator.ch\/sustainability\/2020-12-24\/kanton-zuerich-hat-rohstoff-versorgungssicherheit-im-fokus\/#breadcrumb","itemListElement":[{"@type":"ListItem","position":1,"name":"Home","item":"https:\/\/www.organisator.ch\/"},{"@type":"ListItem","position":2,"name":"Kanton Z\u00fcrich hat Rohstoff-Versorgungssicherheit im Fokus"}]},{"@type":"WebSite","@id":"https:\/\/www.organisator.ch\/#website","url":"https:\/\/www.organisator.ch\/","name":"Organizzatore","description":"Competente. Pratico. In 10 numeri all'anno, ORGANISATOR presenta i temi essenziali per i manager delle PMI.","publisher":{"@id":"https:\/\/www.organisator.ch\/#organization"},"potentialAction":[{"@type":"SearchAction","target":{"@type":"EntryPoint","urlTemplate":"https:\/\/www.organisator.ch\/?s={search_term_string}"},"query-input":{"@type":"PropertyValueSpecification","valueRequired":true,"valueName":"search_term_string"}}],"inLanguage":"it-IT"},{"@type":"Organization","@id":"https:\/\/www.organisator.ch\/#organization","name":"Organizzatore","url":"https:\/\/www.organisator.ch\/","logo":{"@type":"ImageObject","inLanguage":"it-IT","@id":"https:\/\/www.organisator.ch\/#\/schema\/logo\/image\/","url":"https:\/\/www.organisator.ch\/wp-content\/uploads\/2022\/01\/Logo_Organisator_Website.png","contentUrl":"https:\/\/www.organisator.ch\/wp-content\/uploads\/2022\/01\/Logo_Organisator_Website.png","width":800,"height":77,"caption":"Organisator"},"image":{"@id":"https:\/\/www.organisator.ch\/#\/schema\/logo\/image\/"},"sameAs":["https:\/\/www.facebook.com\/OrganisatorFachmagazin","https:\/\/www.linkedin.com\/showcase\/organisator-das-magazin-fr-kmu","https:\/\/www.xing.com\/news\/pages\/organisator-ch-695","https:\/\/www.youtube.com\/channel\/UCGP2Sq0iWaZwT3BdIAQFYpw"]},{"@type":"Person","@id":"https:\/\/www.organisator.ch\/#\/schema\/person\/a800b8c54e208b160517a7dcc323161d","name":"roger.straessle","image":{"@type":"ImageObject","inLanguage":"it-IT","@id":"https:\/\/secure.gravatar.com\/avatar\/?s=96&d=mm&r=g","url":"https:\/\/secure.gravatar.com\/avatar\/?s=96&d=mm&r=g","contentUrl":"https:\/\/secure.gravatar.com\/avatar\/?s=96&d=mm&r=g","caption":"roger.straessle"},"url":"https:\/\/www.organisator.ch\/it\/author\/roger-straessle\/"}]}},"_links":{"self":[{"href":"https:\/\/www.organisator.ch\/it\/wp-json\/wp\/v2\/posts\/3615","targetHints":{"allow":["GET"]}}],"collection":[{"href":"https:\/\/www.organisator.ch\/it\/wp-json\/wp\/v2\/posts"}],"about":[{"href":"https:\/\/www.organisator.ch\/it\/wp-json\/wp\/v2\/types\/post"}],"author":[{"embeddable":true,"href":"https:\/\/www.organisator.ch\/it\/wp-json\/wp\/v2\/users\/6"}],"replies":[{"embeddable":true,"href":"https:\/\/www.organisator.ch\/it\/wp-json\/wp\/v2\/comments?post=3615"}],"version-history":[{"count":1,"href":"https:\/\/www.organisator.ch\/it\/wp-json\/wp\/v2\/posts\/3615\/revisions"}],"predecessor-version":[{"id":10381,"href":"https:\/\/www.organisator.ch\/it\/wp-json\/wp\/v2\/posts\/3615\/revisions\/10381"}],"wp:featuredmedia":[{"embeddable":true,"href":"https:\/\/www.organisator.ch\/it\/wp-json\/wp\/v2\/media\/3616"}],"wp:attachment":[{"href":"https:\/\/www.organisator.ch\/it\/wp-json\/wp\/v2\/media?parent=3615"}],"wp:term":[{"taxonomy":"category","embeddable":true,"href":"https:\/\/www.organisator.ch\/it\/wp-json\/wp\/v2\/categories?post=3615"},{"taxonomy":"post_tag","embeddable":true,"href":"https:\/\/www.organisator.ch\/it\/wp-json\/wp\/v2\/tags?post=3615"}],"curies":[{"name":"wp","href":"https:\/\/api.w.org\/{rel}","templated":true}]}}