{"id":36189,"date":"2025-02-26T22:56:04","date_gmt":"2025-02-26T21:56:04","guid":{"rendered":"https:\/\/www.organisator.ch\/de\/?p=36189"},"modified":"2025-02-24T13:23:24","modified_gmt":"2025-02-24T12:23:24","slug":"die-kunst-der-beidhaendigen-fuehrung","status":"publish","type":"post","link":"https:\/\/www.organisator.ch\/it\/abo\/2025-02-26\/die-kunst-der-beidhaendigen-fuehrung\/","title":{"rendered":"L'arte della guida ambidestra"},"content":{"rendered":"<div class=\"swpm-post-not-logged-in-msg\">Devi eseguire l&#039;accesso per visualizzare questo contenuto. Avrete bisogno di <a class=\"swpm-login-link\" href=\"https:\/\/www.organisator.ch\/login\/\">Accedi<\/a>. Non sei un membro? <a href=\"https:\/\/www.organisator.ch\/shop\/\">Registrati<\/a><\/div>","protected":false},"excerpt":{"rendered":"<p>Il rinnovamento \u00e8 diventato un compito costante per le aziende. \u00c8 una sfida per i manager, perch\u00e9 il rinnovamento deve essere introdotto parallelamente all'attivit\u00e0 quotidiana. Il concetto di leadership ambidestra mostra come sia possibile raggiungere questo equilibrio.<\/p>","protected":false},"author":1,"featured_media":36188,"comment_status":"closed","ping_status":"closed","sticky":false,"template":"","format":"standard","meta":{"_acf_changed":false,"_yoast_wpseo_focuskw":"Beidh\u00e4ndige F\u00fchrung","_yoast_wpseo_metadesc":"Beidh\u00e4ndige F\u00fchrung meistern: So gelingt der Spagat zwischen Tagesgesch\u00e4ft und Erneuerung. Strategien f\u00fcr Stabilit\u00e4t und Innovation.","articlekey":"140652","footnotes":""},"categories":[578,28],"tags":[1021,225,274,5106,4935,492],"class_list":["post-36189","post","type-post","status-publish","format-standard","has-post-thumbnail","hentry","category-abo","category-management","tag-effizienz","tag-fuehrung","tag-innovation","tag-stabilitaet","tag-strategien","tag-unternehmen"],"acf":[],"yoast_head":"<!-- This site is optimized with the Yoast SEO plugin v27.4 - https:\/\/yoast.com\/product\/yoast-seo-wordpress\/ -->\n<title>Die Kunst der beidh\u00e4ndigen F\u00fchrung - Organisator<\/title>\n<meta name=\"description\" content=\"Beidh\u00e4ndige F\u00fchrung meistern: So gelingt der Spagat zwischen Tagesgesch\u00e4ft und Erneuerung. Strategien f\u00fcr Stabilit\u00e4t und Innovation.\" \/>\n<meta name=\"robots\" content=\"index, follow, max-snippet:-1, max-image-preview:large, max-video-preview:-1\" \/>\n<link rel=\"canonical\" href=\"https:\/\/www.organisator.ch\/it\/abbonamento\/2025-02-26\/die-kunst-der-beidhaendigen-fuehrung\/\" \/>\n<meta property=\"og:locale\" content=\"it_IT\" \/>\n<meta property=\"og:type\" content=\"article\" \/>\n<meta property=\"og:title\" content=\"Die Kunst der beidh\u00e4ndigen F\u00fchrung\" \/>\n<meta property=\"og:description\" content=\"Beidh\u00e4ndige F\u00fchrung meistern: So gelingt der Spagat zwischen Tagesgesch\u00e4ft und Erneuerung. Strategien f\u00fcr Stabilit\u00e4t und Innovation.\" \/>\n<meta property=\"og:url\" content=\"https:\/\/www.organisator.ch\/it\/abbonamento\/2025-02-26\/die-kunst-der-beidhaendigen-fuehrung\/\" \/>\n<meta property=\"og:site_name\" content=\"Organisator\" \/>\n<meta property=\"article:publisher\" content=\"https:\/\/www.facebook.com\/OrganisatorFachmagazin\" \/>\n<meta property=\"article:published_time\" content=\"2025-02-26T21:56:04+00:00\" \/>\n<meta property=\"og:image\" content=\"https:\/\/www.organisator.ch\/wp-content\/uploads\/2025\/02\/Management_Marek_Bild1_organisator_142007.jpg\" \/>\n\t<meta property=\"og:image:width\" content=\"1384\" \/>\n\t<meta property=\"og:image:height\" content=\"779\" \/>\n\t<meta property=\"og:image:type\" content=\"image\/jpeg\" \/>\n<meta name=\"author\" content=\"admin\" \/>\n<meta name=\"twitter:card\" content=\"summary_large_image\" \/>\n<meta name=\"twitter:title\" content=\"Die Kunst der beidh\u00e4ndigen F\u00fchrung\" \/>\n<meta name=\"twitter:description\" content=\"#Beidh\u00e4ndige #F\u00fchrung meistern: So gelingt der #Spagat zwischen #Tagesgesch\u00e4ft und #Erneuerung. #Strategien f\u00fcr #Stabilit\u00e4t und #Innovation.\" \/>\n<meta name=\"twitter:image\" content=\"https:\/\/www.organisator.ch\/wp-content\/uploads\/2025\/02\/Management_Marek_Bild1_organisator_142007.jpg\" \/>\n<script type=\"application\/ld+json\" class=\"yoast-schema-graph\">{\"@context\":\"https:\\\/\\\/schema.org\",\"@graph\":[{\"@type\":\"Article\",\"@id\":\"https:\\\/\\\/www.organisator.ch\\\/abo\\\/2025-02-26\\\/die-kunst-der-beidhaendigen-fuehrung\\\/#article\",\"isPartOf\":{\"@id\":\"https:\\\/\\\/www.organisator.ch\\\/abo\\\/2025-02-26\\\/die-kunst-der-beidhaendigen-fuehrung\\\/\"},\"author\":{\"name\":\"admin\",\"@id\":\"https:\\\/\\\/www.organisator.ch\\\/#\\\/schema\\\/person\\\/aa2bace6c5c5aad60102004a50c4eb1c\"},\"headline\":\"Die Kunst der beidh\u00e4ndigen F\u00fchrung\",\"datePublished\":\"2025-02-26T21:56:04+00:00\",\"mainEntityOfPage\":{\"@id\":\"https:\\\/\\\/www.organisator.ch\\\/abo\\\/2025-02-26\\\/die-kunst-der-beidhaendigen-fuehrung\\\/\"},\"wordCount\":1084,\"publisher\":{\"@id\":\"https:\\\/\\\/www.organisator.ch\\\/#organization\"},\"image\":{\"@id\":\"https:\\\/\\\/www.organisator.ch\\\/abo\\\/2025-02-26\\\/die-kunst-der-beidhaendigen-fuehrung\\\/#primaryimage\"},\"thumbnailUrl\":\"https:\\\/\\\/www.organisator.ch\\\/wp-content\\\/uploads\\\/2025\\\/02\\\/Management_Marek_Bild1_organisator_142007.jpg\",\"keywords\":[\"Effizienz\",\"F\u00fchrung\",\"Innovation\",\"Stabilit\u00e4t\",\"Strategien\",\"Unternehmen\"],\"articleSection\":[\"ABO+\",\"MANAGEMENT\"],\"inLanguage\":\"it-IT\"},{\"@type\":\"WebPage\",\"@id\":\"https:\\\/\\\/www.organisator.ch\\\/abo\\\/2025-02-26\\\/die-kunst-der-beidhaendigen-fuehrung\\\/\",\"url\":\"https:\\\/\\\/www.organisator.ch\\\/abo\\\/2025-02-26\\\/die-kunst-der-beidhaendigen-fuehrung\\\/\",\"name\":\"Die Kunst der beidh\u00e4ndigen F\u00fchrung - Organisator\",\"isPartOf\":{\"@id\":\"https:\\\/\\\/www.organisator.ch\\\/#website\"},\"primaryImageOfPage\":{\"@id\":\"https:\\\/\\\/www.organisator.ch\\\/abo\\\/2025-02-26\\\/die-kunst-der-beidhaendigen-fuehrung\\\/#primaryimage\"},\"image\":{\"@id\":\"https:\\\/\\\/www.organisator.ch\\\/abo\\\/2025-02-26\\\/die-kunst-der-beidhaendigen-fuehrung\\\/#primaryimage\"},\"thumbnailUrl\":\"https:\\\/\\\/www.organisator.ch\\\/wp-content\\\/uploads\\\/2025\\\/02\\\/Management_Marek_Bild1_organisator_142007.jpg\",\"datePublished\":\"2025-02-26T21:56:04+00:00\",\"description\":\"Beidh\u00e4ndige F\u00fchrung meistern: So gelingt der Spagat zwischen Tagesgesch\u00e4ft und Erneuerung. Strategien f\u00fcr Stabilit\u00e4t und Innovation.\",\"breadcrumb\":{\"@id\":\"https:\\\/\\\/www.organisator.ch\\\/abo\\\/2025-02-26\\\/die-kunst-der-beidhaendigen-fuehrung\\\/#breadcrumb\"},\"inLanguage\":\"it-IT\",\"potentialAction\":[{\"@type\":\"ReadAction\",\"target\":[\"https:\\\/\\\/www.organisator.ch\\\/abo\\\/2025-02-26\\\/die-kunst-der-beidhaendigen-fuehrung\\\/\"]}]},{\"@type\":\"ImageObject\",\"inLanguage\":\"it-IT\",\"@id\":\"https:\\\/\\\/www.organisator.ch\\\/abo\\\/2025-02-26\\\/die-kunst-der-beidhaendigen-fuehrung\\\/#primaryimage\",\"url\":\"https:\\\/\\\/www.organisator.ch\\\/wp-content\\\/uploads\\\/2025\\\/02\\\/Management_Marek_Bild1_organisator_142007.jpg\",\"contentUrl\":\"https:\\\/\\\/www.organisator.ch\\\/wp-content\\\/uploads\\\/2025\\\/02\\\/Management_Marek_Bild1_organisator_142007.jpg\",\"width\":1384,\"height\":779,\"caption\":\"Mit zwei H\u00e4nden f\u00fchren \u2013 oder die Kunst, das Gesch\u00e4ft zu f\u00fchren und gleichzeitig zu erneuern. \u00a9 Depositphotos.com\"},{\"@type\":\"BreadcrumbList\",\"@id\":\"https:\\\/\\\/www.organisator.ch\\\/abo\\\/2025-02-26\\\/die-kunst-der-beidhaendigen-fuehrung\\\/#breadcrumb\",\"itemListElement\":[{\"@type\":\"ListItem\",\"position\":1,\"name\":\"Home\",\"item\":\"https:\\\/\\\/www.organisator.ch\\\/\"},{\"@type\":\"ListItem\",\"position\":2,\"name\":\"Die Kunst der beidh\u00e4ndigen F\u00fchrung\"}]},{\"@type\":\"WebSite\",\"@id\":\"https:\\\/\\\/www.organisator.ch\\\/#website\",\"url\":\"https:\\\/\\\/www.organisator.ch\\\/\",\"name\":\"Organisator\",\"description\":\"Kompetent. Praxisnah. Der ORGANISATOR bereitet in 10 Ausgaben pro Jahr die wesentlichen Themen f\u00fcr F\u00fchrungskr\u00e4fte von KMU auf.\",\"publisher\":{\"@id\":\"https:\\\/\\\/www.organisator.ch\\\/#organization\"},\"potentialAction\":[{\"@type\":\"SearchAction\",\"target\":{\"@type\":\"EntryPoint\",\"urlTemplate\":\"https:\\\/\\\/www.organisator.ch\\\/?s={search_term_string}\"},\"query-input\":{\"@type\":\"PropertyValueSpecification\",\"valueRequired\":true,\"valueName\":\"search_term_string\"}}],\"inLanguage\":\"it-IT\"},{\"@type\":\"Organization\",\"@id\":\"https:\\\/\\\/www.organisator.ch\\\/#organization\",\"name\":\"Organisator\",\"url\":\"https:\\\/\\\/www.organisator.ch\\\/\",\"logo\":{\"@type\":\"ImageObject\",\"inLanguage\":\"it-IT\",\"@id\":\"https:\\\/\\\/www.organisator.ch\\\/#\\\/schema\\\/logo\\\/image\\\/\",\"url\":\"https:\\\/\\\/www.organisator.ch\\\/wp-content\\\/uploads\\\/2022\\\/01\\\/Logo_Organisator_Website.png\",\"contentUrl\":\"https:\\\/\\\/www.organisator.ch\\\/wp-content\\\/uploads\\\/2022\\\/01\\\/Logo_Organisator_Website.png\",\"width\":800,\"height\":77,\"caption\":\"Organisator\"},\"image\":{\"@id\":\"https:\\\/\\\/www.organisator.ch\\\/#\\\/schema\\\/logo\\\/image\\\/\"},\"sameAs\":[\"https:\\\/\\\/www.facebook.com\\\/OrganisatorFachmagazin\",\"https:\\\/\\\/www.linkedin.com\\\/showcase\\\/organisator-das-magazin-fr-kmu\",\"https:\\\/\\\/www.xing.com\\\/news\\\/pages\\\/organisator-ch-695\",\"https:\\\/\\\/www.youtube.com\\\/channel\\\/UCGP2Sq0iWaZwT3BdIAQFYpw\"]},{\"@type\":\"Person\",\"@id\":\"https:\\\/\\\/www.organisator.ch\\\/#\\\/schema\\\/person\\\/aa2bace6c5c5aad60102004a50c4eb1c\",\"name\":\"admin\",\"image\":{\"@type\":\"ImageObject\",\"inLanguage\":\"it-IT\",\"@id\":\"https:\\\/\\\/secure.gravatar.com\\\/avatar\\\/ae2f4d718e6c49043e314ce431e7e645d646302a24a5ef5a8bc8e3f5a032e319?s=96&d=mm&r=g\",\"url\":\"https:\\\/\\\/secure.gravatar.com\\\/avatar\\\/ae2f4d718e6c49043e314ce431e7e645d646302a24a5ef5a8bc8e3f5a032e319?s=96&d=mm&r=g\",\"contentUrl\":\"https:\\\/\\\/secure.gravatar.com\\\/avatar\\\/ae2f4d718e6c49043e314ce431e7e645d646302a24a5ef5a8bc8e3f5a032e319?s=96&d=mm&r=g\",\"caption\":\"admin\"},\"sameAs\":[\"https:\\\/\\\/www.organisator.ch\"],\"url\":\"https:\\\/\\\/www.organisator.ch\\\/it\\\/author\\\/admin\\\/\"}]}<\/script>\n<!-- \/ Yoast SEO plugin. -->","yoast_head_json":{"title":"L'arte della leadership ambidestra - Organizzatore","description":"Padroneggiare una leadership ambidestra: come gestire l'equilibrio tra attivit\u00e0 quotidiana e rinnovamento. Strategie per la stabilit\u00e0 e l'innovazione.","robots":{"index":"index","follow":"follow","max-snippet":"max-snippet:-1","max-image-preview":"max-image-preview:large","max-video-preview":"max-video-preview:-1"},"canonical":"https:\/\/www.organisator.ch\/it\/abbonamento\/2025-02-26\/die-kunst-der-beidhaendigen-fuehrung\/","og_locale":"it_IT","og_type":"article","og_title":"Die Kunst der beidh\u00e4ndigen F\u00fchrung","og_description":"Beidh\u00e4ndige F\u00fchrung meistern: So gelingt der Spagat zwischen Tagesgesch\u00e4ft und Erneuerung. Strategien f\u00fcr Stabilit\u00e4t und Innovation.","og_url":"https:\/\/www.organisator.ch\/it\/abbonamento\/2025-02-26\/die-kunst-der-beidhaendigen-fuehrung\/","og_site_name":"Organisator","article_publisher":"https:\/\/www.facebook.com\/OrganisatorFachmagazin","article_published_time":"2025-02-26T21:56:04+00:00","og_image":[{"width":1384,"height":779,"url":"https:\/\/www.organisator.ch\/wp-content\/uploads\/2025\/02\/Management_Marek_Bild1_organisator_142007.jpg","type":"image\/jpeg"}],"author":"admin","twitter_card":"summary_large_image","twitter_title":"Die Kunst der beidh\u00e4ndigen F\u00fchrung","twitter_description":"#Beidh\u00e4ndige #F\u00fchrung meistern: So gelingt der #Spagat zwischen #Tagesgesch\u00e4ft und #Erneuerung. #Strategien f\u00fcr #Stabilit\u00e4t und #Innovation.","twitter_image":"https:\/\/www.organisator.ch\/wp-content\/uploads\/2025\/02\/Management_Marek_Bild1_organisator_142007.jpg","schema":{"@context":"https:\/\/schema.org","@graph":[{"@type":"Article","@id":"https:\/\/www.organisator.ch\/abo\/2025-02-26\/die-kunst-der-beidhaendigen-fuehrung\/#article","isPartOf":{"@id":"https:\/\/www.organisator.ch\/abo\/2025-02-26\/die-kunst-der-beidhaendigen-fuehrung\/"},"author":{"name":"admin","@id":"https:\/\/www.organisator.ch\/#\/schema\/person\/aa2bace6c5c5aad60102004a50c4eb1c"},"headline":"Die Kunst der beidh\u00e4ndigen F\u00fchrung","datePublished":"2025-02-26T21:56:04+00:00","mainEntityOfPage":{"@id":"https:\/\/www.organisator.ch\/abo\/2025-02-26\/die-kunst-der-beidhaendigen-fuehrung\/"},"wordCount":1084,"publisher":{"@id":"https:\/\/www.organisator.ch\/#organization"},"image":{"@id":"https:\/\/www.organisator.ch\/abo\/2025-02-26\/die-kunst-der-beidhaendigen-fuehrung\/#primaryimage"},"thumbnailUrl":"https:\/\/www.organisator.ch\/wp-content\/uploads\/2025\/02\/Management_Marek_Bild1_organisator_142007.jpg","keywords":["Effizienz","F\u00fchrung","Innovation","Stabilit\u00e4t","Strategien","Unternehmen"],"articleSection":["ABO+","MANAGEMENT"],"inLanguage":"it-IT"},{"@type":"WebPage","@id":"https:\/\/www.organisator.ch\/abo\/2025-02-26\/die-kunst-der-beidhaendigen-fuehrung\/","url":"https:\/\/www.organisator.ch\/abo\/2025-02-26\/die-kunst-der-beidhaendigen-fuehrung\/","name":"L'arte della leadership ambidestra - Organizzatore","isPartOf":{"@id":"https:\/\/www.organisator.ch\/#website"},"primaryImageOfPage":{"@id":"https:\/\/www.organisator.ch\/abo\/2025-02-26\/die-kunst-der-beidhaendigen-fuehrung\/#primaryimage"},"image":{"@id":"https:\/\/www.organisator.ch\/abo\/2025-02-26\/die-kunst-der-beidhaendigen-fuehrung\/#primaryimage"},"thumbnailUrl":"https:\/\/www.organisator.ch\/wp-content\/uploads\/2025\/02\/Management_Marek_Bild1_organisator_142007.jpg","datePublished":"2025-02-26T21:56:04+00:00","description":"Padroneggiare una leadership ambidestra: come gestire l'equilibrio tra attivit\u00e0 quotidiana e rinnovamento. Strategie per la stabilit\u00e0 e l'innovazione.","breadcrumb":{"@id":"https:\/\/www.organisator.ch\/abo\/2025-02-26\/die-kunst-der-beidhaendigen-fuehrung\/#breadcrumb"},"inLanguage":"it-IT","potentialAction":[{"@type":"ReadAction","target":["https:\/\/www.organisator.ch\/abo\/2025-02-26\/die-kunst-der-beidhaendigen-fuehrung\/"]}]},{"@type":"ImageObject","inLanguage":"it-IT","@id":"https:\/\/www.organisator.ch\/abo\/2025-02-26\/die-kunst-der-beidhaendigen-fuehrung\/#primaryimage","url":"https:\/\/www.organisator.ch\/wp-content\/uploads\/2025\/02\/Management_Marek_Bild1_organisator_142007.jpg","contentUrl":"https:\/\/www.organisator.ch\/wp-content\/uploads\/2025\/02\/Management_Marek_Bild1_organisator_142007.jpg","width":1384,"height":779,"caption":"Mit zwei H\u00e4nden f\u00fchren \u2013 oder die Kunst, das Gesch\u00e4ft zu f\u00fchren und gleichzeitig zu erneuern. \u00a9 Depositphotos.com"},{"@type":"BreadcrumbList","@id":"https:\/\/www.organisator.ch\/abo\/2025-02-26\/die-kunst-der-beidhaendigen-fuehrung\/#breadcrumb","itemListElement":[{"@type":"ListItem","position":1,"name":"Home","item":"https:\/\/www.organisator.ch\/"},{"@type":"ListItem","position":2,"name":"Die Kunst der beidh\u00e4ndigen F\u00fchrung"}]},{"@type":"WebSite","@id":"https:\/\/www.organisator.ch\/#website","url":"https:\/\/www.organisator.ch\/","name":"Organizzatore","description":"Competente. Pratico. In 10 numeri all'anno, ORGANISATOR presenta i temi essenziali per i manager delle PMI.","publisher":{"@id":"https:\/\/www.organisator.ch\/#organization"},"potentialAction":[{"@type":"SearchAction","target":{"@type":"EntryPoint","urlTemplate":"https:\/\/www.organisator.ch\/?s={search_term_string}"},"query-input":{"@type":"PropertyValueSpecification","valueRequired":true,"valueName":"search_term_string"}}],"inLanguage":"it-IT"},{"@type":"Organization","@id":"https:\/\/www.organisator.ch\/#organization","name":"Organizzatore","url":"https:\/\/www.organisator.ch\/","logo":{"@type":"ImageObject","inLanguage":"it-IT","@id":"https:\/\/www.organisator.ch\/#\/schema\/logo\/image\/","url":"https:\/\/www.organisator.ch\/wp-content\/uploads\/2022\/01\/Logo_Organisator_Website.png","contentUrl":"https:\/\/www.organisator.ch\/wp-content\/uploads\/2022\/01\/Logo_Organisator_Website.png","width":800,"height":77,"caption":"Organisator"},"image":{"@id":"https:\/\/www.organisator.ch\/#\/schema\/logo\/image\/"},"sameAs":["https:\/\/www.facebook.com\/OrganisatorFachmagazin","https:\/\/www.linkedin.com\/showcase\/organisator-das-magazin-fr-kmu","https:\/\/www.xing.com\/news\/pages\/organisator-ch-695","https:\/\/www.youtube.com\/channel\/UCGP2Sq0iWaZwT3BdIAQFYpw"]},{"@type":"Person","@id":"https:\/\/www.organisator.ch\/#\/schema\/person\/aa2bace6c5c5aad60102004a50c4eb1c","name":"amministratore","image":{"@type":"ImageObject","inLanguage":"it-IT","@id":"https:\/\/secure.gravatar.com\/avatar\/ae2f4d718e6c49043e314ce431e7e645d646302a24a5ef5a8bc8e3f5a032e319?s=96&d=mm&r=g","url":"https:\/\/secure.gravatar.com\/avatar\/ae2f4d718e6c49043e314ce431e7e645d646302a24a5ef5a8bc8e3f5a032e319?s=96&d=mm&r=g","contentUrl":"https:\/\/secure.gravatar.com\/avatar\/ae2f4d718e6c49043e314ce431e7e645d646302a24a5ef5a8bc8e3f5a032e319?s=96&d=mm&r=g","caption":"admin"},"sameAs":["https:\/\/www.organisator.ch"],"url":"https:\/\/www.organisator.ch\/it\/author\/admin\/"}]}},"_links":{"self":[{"href":"https:\/\/www.organisator.ch\/it\/wp-json\/wp\/v2\/posts\/36189","targetHints":{"allow":["GET"]}}],"collection":[{"href":"https:\/\/www.organisator.ch\/it\/wp-json\/wp\/v2\/posts"}],"about":[{"href":"https:\/\/www.organisator.ch\/it\/wp-json\/wp\/v2\/types\/post"}],"author":[{"embeddable":true,"href":"https:\/\/www.organisator.ch\/it\/wp-json\/wp\/v2\/users\/1"}],"replies":[{"embeddable":true,"href":"https:\/\/www.organisator.ch\/it\/wp-json\/wp\/v2\/comments?post=36189"}],"version-history":[{"count":2,"href":"https:\/\/www.organisator.ch\/it\/wp-json\/wp\/v2\/posts\/36189\/revisions"}],"predecessor-version":[{"id":36251,"href":"https:\/\/www.organisator.ch\/it\/wp-json\/wp\/v2\/posts\/36189\/revisions\/36251"}],"wp:featuredmedia":[{"embeddable":true,"href":"https:\/\/www.organisator.ch\/it\/wp-json\/wp\/v2\/media\/36188"}],"wp:attachment":[{"href":"https:\/\/www.organisator.ch\/it\/wp-json\/wp\/v2\/media?parent=36189"}],"wp:term":[{"taxonomy":"category","embeddable":true,"href":"https:\/\/www.organisator.ch\/it\/wp-json\/wp\/v2\/categories?post=36189"},{"taxonomy":"post_tag","embeddable":true,"href":"https:\/\/www.organisator.ch\/it\/wp-json\/wp\/v2\/tags?post=36189"}],"curies":[{"name":"wp","href":"https:\/\/api.w.org\/{rel}","templated":true}]}}