{"id":363,"date":"2016-11-22T14:38:29","date_gmt":"2016-11-22T13:38:29","guid":{"rendered":"http:\/\/dev.organisator.ch\/?p=363"},"modified":"2016-11-22T14:38:29","modified_gmt":"2016-11-22T13:38:29","slug":"bilaterale-vertraege-wichtig-fuer-eine-offene-schweiz","status":"publish","type":"post","link":"https:\/\/www.organisator.ch\/it\/allgemein\/2016-11-22\/bilaterale-vertraege-wichtig-fuer-eine-offene-schweiz\/","title":{"rendered":"Trattati bilaterali importanti per una Svizzera aperta"},"content":{"rendered":"<figure id=\"attachment_364\" aria-describedby=\"caption-attachment-364\" style=\"width: 500px\" class=\"wp-caption alignnone\"><img loading=\"lazy\" decoding=\"async\" class=\"size-full wp-image-364\" src=\"https:\/\/www.organisator.ch\/wp-content\/uploads\/2016\/12\/Bilaterale-Vertraege-wichtig-fuer-eine-offene-Schweiz-organisator.jpg\" alt=\"\" width=\"500\" height=\"333\" srcset=\"https:\/\/www.organisator.ch\/wp-content\/uploads\/2016\/12\/Bilaterale-Vertraege-wichtig-fuer-eine-offene-Schweiz-organisator.jpg 500w, https:\/\/www.organisator.ch\/wp-content\/uploads\/2016\/12\/Bilaterale-Vertraege-wichtig-fuer-eine-offene-Schweiz-organisator-16x12.jpg 16w, https:\/\/www.organisator.ch\/wp-content\/uploads\/2016\/12\/Bilaterale-Vertraege-wichtig-fuer-eine-offene-Schweiz-organisator-263x175.jpg 263w, https:\/\/www.organisator.ch\/wp-content\/uploads\/2016\/12\/Bilaterale-Vertraege-wichtig-fuer-eine-offene-Schweiz-organisator-300x200.jpg 300w\" sizes=\"auto, (max-width: 500px) 100vw, 500px\" \/><figcaption id=\"caption-attachment-364\" class=\"wp-caption-text\">Secondo la Camera di Commercio di Zurigo, Zurigo rappresenta il cosmopolitismo e l'efficienza economica di tutta la Svizzera. (Immagine: depositphotos_lightpoet)<\/figcaption><\/figure>\n<blockquote><p>Google Svizzera, ma anche la PMI di scienze della vita InSphero AG di Schlieren, hanno sottolineato l'importanza di universit\u00e0 eccellenti e con una rete internazionale e la possibilit\u00e0 di reclutare specialisti.<\/p><\/blockquote>\n<p>Oggi la Svizzera \u00e8 economicamente, politicamente e culturalmente interconnessa in tutto il mondo, ma soprattutto in Europa. Numerose imprese nazionali guidano l'innovazione e creano posti di lavoro sicuri perch\u00e9 beneficiano di questa apertura. Gli accordi bilaterali con l'UE sono una parte centrale di questo tessuto.<\/p>\n<p>Non sono solo cruciali per l'industria dell'esportazione, ma anche per la Svizzera come luogo di ricerca. Grazie a questi accordi, la Svizzera \u00e8 collegata alla rete di ricerca europea, unica al mondo. \"Tuttavia\", sottolinea la Camera di Commercio di Zurigo, \"questo collegamento \u00e8 stato sotto pressione dopo l'adozione dell'iniziativa sull'immigrazione nel febbraio 2014.<\/p>\n<p><strong>Relazioni con la Svizzera \u00a0<\/strong><\/p>\n<p>Rappresentanti del mondo scientifico ed economico hanno discusso oggi l'importanza di questi accordi per l'economia e la ricerca in occasione della serata \"Apertura economica - Svizzera quo vadis?\" organizzata dalla Camera di commercio di Zurigo in collaborazione con Interpharma, swissuniversities e stark+vernetzt (economiesuisse).<\/p>\n<p>Tutti hanno sottolineato l'importanza degli accordi bilaterali con l'UE: il presidente nazionale di Novartis Andr\u00e9 Wyss ha spiegato nel suo discorso introduttivo perch\u00e9 l'industria farmaceutica svizzera, che realizza pi\u00f9 della met\u00e0 delle sue vendite all'estero in Europa, dipende dalle relazioni aperte con l'UE: \"Perdere l'accesso senza burocrazia al mercato europeo e agli specialisti europei sarebbe estremamente doloroso per tutti noi, anche perch\u00e9 l'economia \u00e8 sotto pressione anche in altri settori\".<\/p>\n<p>Christoph Franz, presidente del consiglio d'amministrazione di Roche, ha sottolineato che gli accordi bilaterali danno alla Svizzera \"il nichel e la monetina\": Vale a dire, sia una solida base per buone relazioni commerciali con i 28 stati dell'UE che l'indipendenza politica dall'UE.  Il Prof. Dr. Michael O. Hengartner, rettore dell'Universit\u00e0 di Zurigo, ha sottolineato l'importanza della cooperazione nella ricerca con l'UE per il panorama universitario svizzero.<\/p>\n<p><strong>Significativo per la scienza<\/strong><\/p>\n<p>Prof. Dr. Michael O. Hengartner: \"Per continuare a giocare nella Champions League della ricerca, abbiamo bisogno di collegamenti con i programmi di ricerca europei\". Patrick Warnking, direttore nazionale di Google Svizzera, e Jan Lichtenberg, cofondatore e CEO della PMI di scienze della vita InSphero AG a Schlieren, hanno sottolineato l'importanza di universit\u00e0 eccellenti e collegate in rete a livello internazionale, nonch\u00e9 la possibilit\u00e0 di reclutare specialisti, anche all'estero, per le loro aziende.<\/p>\n<p>La direttrice della Camera di Commercio di Zurigo, Regine Sauter, ha illustrato come Zurigo esemplifica l'internazionalit\u00e0 dell'economia svizzera: \"Questa apertura \u00e8 un fattore importante per l'attrattiva di Zurigo come business location\".<\/p>\n<p>Le imprese e il mondo accademico continueranno ad essere motivati a comunicare ai cittadini svizzeri il valore e l'importanza delle relazioni commerciali aperte per la Svizzera.<\/p>\n<p><a href=\"http:\/\/www.zhk.ch\" target=\"_blank\" rel=\"noreferrer noopener\" data-cke-saved-href=\"http:\/\/www.zhk.ch\">www.zhk.ch<\/a><\/p>","protected":false},"excerpt":{"rendered":"<p>Google Schweiz, aber auch die Life Science-KMU InSphero AG in Schlieren betonten die Wichtigkeit herausragender und international vernetzter Universit\u00e4ten sowie die M\u00f6glichkeit zur Rekrutierung von Spezialistinnen und Spezialisten. Die Schweiz ist heute wirtschaftlich, politisch und kulturell rund um den Globus, aber besonders in Europa vernetzt. Zahlreiche heimische Unternehmen treiben die Innovation voran und schaffen sichere [&hellip;]<\/p>\n","protected":false},"author":1,"featured_media":364,"comment_status":"open","ping_status":"open","sticky":false,"template":"","format":"standard","meta":{"_acf_changed":false,"_yoast_wpseo_focuskw":"Bilaterale Vertr\u00e4ge","_yoast_wpseo_metadesc":"Vertreter aus Wissenschaft und Wirtschaft haben \u00fcber die Bedeutung internationaler Vernetztheit und der bilateralen Vertr\u00e4ge mit der EU diskutiert.","articlekey":"","footnotes":""},"categories":[1],"tags":[218,533],"class_list":["post-363","post","type-post","status-publish","format-standard","has-post-thumbnail","hentry","category-allgemein","tag-forschung","tag-wissenschaft"],"acf":[],"yoast_head":"<!-- This site is optimized with the Yoast SEO plugin v27.5 - https:\/\/yoast.com\/product\/yoast-seo-wordpress\/ -->\n<title>Bilaterale Vertr\u00e4ge wichtig f\u00fcr eine offene Schweiz - Organisator<\/title>\n<meta name=\"description\" content=\"Vertreter aus Wissenschaft und Wirtschaft haben \u00fcber die Bedeutung internationaler Vernetztheit und der bilateralen Vertr\u00e4ge mit der EU diskutiert.\" \/>\n<meta name=\"robots\" content=\"index, follow, max-snippet:-1, max-image-preview:large, max-video-preview:-1\" \/>\n<link rel=\"canonical\" href=\"https:\/\/www.organisator.ch\/it\/generale\/2016-11-22\/bilaterale-vertraege-wichtig-fuer-eine-offene-schweiz\/\" \/>\n<meta property=\"og:locale\" content=\"it_IT\" \/>\n<meta property=\"og:type\" content=\"article\" \/>\n<meta property=\"og:title\" content=\"Bilaterale Vertr\u00e4ge wichtig f\u00fcr eine offene Schweiz - Organisator\" \/>\n<meta property=\"og:description\" content=\"Vertreter aus Wissenschaft und Wirtschaft haben \u00fcber die Bedeutung internationaler Vernetztheit und der bilateralen Vertr\u00e4ge mit der EU diskutiert.\" \/>\n<meta property=\"og:url\" content=\"https:\/\/www.organisator.ch\/it\/generale\/2016-11-22\/bilaterale-vertraege-wichtig-fuer-eine-offene-schweiz\/\" \/>\n<meta property=\"og:site_name\" content=\"Organisator\" \/>\n<meta property=\"article:publisher\" content=\"https:\/\/www.facebook.com\/OrganisatorFachmagazin\" \/>\n<meta property=\"article:published_time\" content=\"2016-11-22T13:38:29+00:00\" \/>\n<meta property=\"og:image\" content=\"https:\/\/www.organisator.ch\/wp-content\/uploads\/2016\/12\/Bilaterale-Vertraege-wichtig-fuer-eine-offene-Schweiz-organisator.jpg\" \/>\n\t<meta property=\"og:image:width\" content=\"500\" \/>\n\t<meta property=\"og:image:height\" content=\"333\" \/>\n\t<meta property=\"og:image:type\" content=\"image\/jpeg\" \/>\n<meta name=\"author\" content=\"admin\" \/>\n<meta name=\"twitter:card\" content=\"summary_large_image\" \/>\n<script type=\"application\/ld+json\" class=\"yoast-schema-graph\">{\"@context\":\"https:\\\/\\\/schema.org\",\"@graph\":[{\"@type\":\"Article\",\"@id\":\"https:\\\/\\\/www.organisator.ch\\\/it\\\/generale\\\/2016-11-22\\\/bilaterale-vertraege-wichtig-fuer-eine-offene-schweiz\\\/#article\",\"isPartOf\":{\"@id\":\"https:\\\/\\\/www.organisator.ch\\\/it\\\/generale\\\/2016-11-22\\\/bilaterale-vertraege-wichtig-fuer-eine-offene-schweiz\\\/\"},\"author\":{\"name\":\"admin\",\"@id\":\"https:\\\/\\\/www.organisator.ch\\\/#\\\/schema\\\/person\\\/aa2bace6c5c5aad60102004a50c4eb1c\"},\"headline\":\"Bilaterale Vertr\u00e4ge wichtig f\u00fcr eine offene Schweiz\",\"datePublished\":\"2016-11-22T13:38:29+00:00\",\"mainEntityOfPage\":{\"@id\":\"https:\\\/\\\/www.organisator.ch\\\/it\\\/generale\\\/2016-11-22\\\/bilaterale-vertraege-wichtig-fuer-eine-offene-schweiz\\\/\"},\"wordCount\":507,\"commentCount\":0,\"publisher\":{\"@id\":\"https:\\\/\\\/www.organisator.ch\\\/#organization\"},\"image\":{\"@id\":\"https:\\\/\\\/www.organisator.ch\\\/it\\\/generale\\\/2016-11-22\\\/bilaterale-vertraege-wichtig-fuer-eine-offene-schweiz\\\/#primaryimage\"},\"thumbnailUrl\":\"https:\\\/\\\/www.organisator.ch\\\/wp-content\\\/uploads\\\/2016\\\/12\\\/Bilaterale-Vertraege-wichtig-fuer-eine-offene-Schweiz-organisator.jpg\",\"keywords\":[\"Forschung\",\"Wissenschaft\"],\"articleSection\":[\"Allgemein\"],\"inLanguage\":\"it-IT\"},{\"@type\":\"WebPage\",\"@id\":\"https:\\\/\\\/www.organisator.ch\\\/it\\\/generale\\\/2016-11-22\\\/bilaterale-vertraege-wichtig-fuer-eine-offene-schweiz\\\/\",\"url\":\"https:\\\/\\\/www.organisator.ch\\\/it\\\/generale\\\/2016-11-22\\\/bilaterale-vertraege-wichtig-fuer-eine-offene-schweiz\\\/\",\"name\":\"Bilaterale Vertr\u00e4ge wichtig f\u00fcr eine offene Schweiz - Organisator\",\"isPartOf\":{\"@id\":\"https:\\\/\\\/www.organisator.ch\\\/#website\"},\"primaryImageOfPage\":{\"@id\":\"https:\\\/\\\/www.organisator.ch\\\/it\\\/generale\\\/2016-11-22\\\/bilaterale-vertraege-wichtig-fuer-eine-offene-schweiz\\\/#primaryimage\"},\"image\":{\"@id\":\"https:\\\/\\\/www.organisator.ch\\\/it\\\/generale\\\/2016-11-22\\\/bilaterale-vertraege-wichtig-fuer-eine-offene-schweiz\\\/#primaryimage\"},\"thumbnailUrl\":\"https:\\\/\\\/www.organisator.ch\\\/wp-content\\\/uploads\\\/2016\\\/12\\\/Bilaterale-Vertraege-wichtig-fuer-eine-offene-Schweiz-organisator.jpg\",\"datePublished\":\"2016-11-22T13:38:29+00:00\",\"description\":\"Vertreter aus Wissenschaft und Wirtschaft haben \u00fcber die Bedeutung internationaler Vernetztheit und der bilateralen Vertr\u00e4ge mit der EU diskutiert.\",\"breadcrumb\":{\"@id\":\"https:\\\/\\\/www.organisator.ch\\\/it\\\/generale\\\/2016-11-22\\\/bilaterale-vertraege-wichtig-fuer-eine-offene-schweiz\\\/#breadcrumb\"},\"inLanguage\":\"it-IT\",\"potentialAction\":[{\"@type\":\"ReadAction\",\"target\":[\"https:\\\/\\\/www.organisator.ch\\\/it\\\/generale\\\/2016-11-22\\\/bilaterale-vertraege-wichtig-fuer-eine-offene-schweiz\\\/\"]}]},{\"@type\":\"ImageObject\",\"inLanguage\":\"it-IT\",\"@id\":\"https:\\\/\\\/www.organisator.ch\\\/it\\\/generale\\\/2016-11-22\\\/bilaterale-vertraege-wichtig-fuer-eine-offene-schweiz\\\/#primaryimage\",\"url\":\"https:\\\/\\\/www.organisator.ch\\\/wp-content\\\/uploads\\\/2016\\\/12\\\/Bilaterale-Vertraege-wichtig-fuer-eine-offene-Schweiz-organisator.jpg\",\"contentUrl\":\"https:\\\/\\\/www.organisator.ch\\\/wp-content\\\/uploads\\\/2016\\\/12\\\/Bilaterale-Vertraege-wichtig-fuer-eine-offene-Schweiz-organisator.jpg\",\"width\":500,\"height\":333,\"caption\":\"Laut der Z\u00fcrcher Handelskammer repr\u00e4sentiert Z\u00fcrich die Weltoffenheit und Wirtschaftlichkeit der gesamten Schweiz. (Bild: depositphotos_lightpoet)\"},{\"@type\":\"BreadcrumbList\",\"@id\":\"https:\\\/\\\/www.organisator.ch\\\/it\\\/generale\\\/2016-11-22\\\/bilaterale-vertraege-wichtig-fuer-eine-offene-schweiz\\\/#breadcrumb\",\"itemListElement\":[{\"@type\":\"ListItem\",\"position\":1,\"name\":\"Home\",\"item\":\"https:\\\/\\\/www.organisator.ch\\\/\"},{\"@type\":\"ListItem\",\"position\":2,\"name\":\"Bilaterale Vertr\u00e4ge wichtig f\u00fcr eine offene Schweiz\"}]},{\"@type\":\"WebSite\",\"@id\":\"https:\\\/\\\/www.organisator.ch\\\/#website\",\"url\":\"https:\\\/\\\/www.organisator.ch\\\/\",\"name\":\"Organisator\",\"description\":\"Kompetent. Praxisnah. Der ORGANISATOR bereitet in 10 Ausgaben pro Jahr die wesentlichen Themen f\u00fcr F\u00fchrungskr\u00e4fte von KMU auf.\",\"publisher\":{\"@id\":\"https:\\\/\\\/www.organisator.ch\\\/#organization\"},\"potentialAction\":[{\"@type\":\"SearchAction\",\"target\":{\"@type\":\"EntryPoint\",\"urlTemplate\":\"https:\\\/\\\/www.organisator.ch\\\/?s={search_term_string}\"},\"query-input\":{\"@type\":\"PropertyValueSpecification\",\"valueRequired\":true,\"valueName\":\"search_term_string\"}}],\"inLanguage\":\"it-IT\"},{\"@type\":\"Organization\",\"@id\":\"https:\\\/\\\/www.organisator.ch\\\/#organization\",\"name\":\"Organisator\",\"url\":\"https:\\\/\\\/www.organisator.ch\\\/\",\"logo\":{\"@type\":\"ImageObject\",\"inLanguage\":\"it-IT\",\"@id\":\"https:\\\/\\\/www.organisator.ch\\\/#\\\/schema\\\/logo\\\/image\\\/\",\"url\":\"https:\\\/\\\/www.organisator.ch\\\/wp-content\\\/uploads\\\/2022\\\/01\\\/Logo_Organisator_Website.png\",\"contentUrl\":\"https:\\\/\\\/www.organisator.ch\\\/wp-content\\\/uploads\\\/2022\\\/01\\\/Logo_Organisator_Website.png\",\"width\":800,\"height\":77,\"caption\":\"Organisator\"},\"image\":{\"@id\":\"https:\\\/\\\/www.organisator.ch\\\/#\\\/schema\\\/logo\\\/image\\\/\"},\"sameAs\":[\"https:\\\/\\\/www.facebook.com\\\/OrganisatorFachmagazin\",\"https:\\\/\\\/www.linkedin.com\\\/showcase\\\/organisator-das-magazin-fr-kmu\",\"https:\\\/\\\/www.xing.com\\\/news\\\/pages\\\/organisator-ch-695\",\"https:\\\/\\\/www.youtube.com\\\/channel\\\/UCGP2Sq0iWaZwT3BdIAQFYpw\"]},{\"@type\":\"Person\",\"@id\":\"https:\\\/\\\/www.organisator.ch\\\/#\\\/schema\\\/person\\\/aa2bace6c5c5aad60102004a50c4eb1c\",\"name\":\"admin\",\"image\":{\"@type\":\"ImageObject\",\"inLanguage\":\"it-IT\",\"@id\":\"https:\\\/\\\/secure.gravatar.com\\\/avatar\\\/ae2f4d718e6c49043e314ce431e7e645d646302a24a5ef5a8bc8e3f5a032e319?s=96&d=mm&r=g\",\"url\":\"https:\\\/\\\/secure.gravatar.com\\\/avatar\\\/ae2f4d718e6c49043e314ce431e7e645d646302a24a5ef5a8bc8e3f5a032e319?s=96&d=mm&r=g\",\"contentUrl\":\"https:\\\/\\\/secure.gravatar.com\\\/avatar\\\/ae2f4d718e6c49043e314ce431e7e645d646302a24a5ef5a8bc8e3f5a032e319?s=96&d=mm&r=g\",\"caption\":\"admin\"},\"sameAs\":[\"https:\\\/\\\/www.organisator.ch\"],\"url\":\"https:\\\/\\\/www.organisator.ch\\\/it\\\/author\\\/admin\\\/\"}]}<\/script>\n<!-- \/ Yoast SEO plugin. -->","yoast_head_json":{"title":"I trattati bilaterali sono importanti per una Svizzera aperta - Organizzatore","description":"I rappresentanti del mondo scientifico ed economico hanno discusso dell'importanza del networking internazionale e dei trattati bilaterali con l'UE.","robots":{"index":"index","follow":"follow","max-snippet":"max-snippet:-1","max-image-preview":"max-image-preview:large","max-video-preview":"max-video-preview:-1"},"canonical":"https:\/\/www.organisator.ch\/it\/generale\/2016-11-22\/bilaterale-vertraege-wichtig-fuer-eine-offene-schweiz\/","og_locale":"it_IT","og_type":"article","og_title":"Bilaterale Vertr\u00e4ge wichtig f\u00fcr eine offene Schweiz - Organisator","og_description":"Vertreter aus Wissenschaft und Wirtschaft haben \u00fcber die Bedeutung internationaler Vernetztheit und der bilateralen Vertr\u00e4ge mit der EU diskutiert.","og_url":"https:\/\/www.organisator.ch\/it\/generale\/2016-11-22\/bilaterale-vertraege-wichtig-fuer-eine-offene-schweiz\/","og_site_name":"Organisator","article_publisher":"https:\/\/www.facebook.com\/OrganisatorFachmagazin","article_published_time":"2016-11-22T13:38:29+00:00","og_image":[{"width":500,"height":333,"url":"https:\/\/www.organisator.ch\/wp-content\/uploads\/2016\/12\/Bilaterale-Vertraege-wichtig-fuer-eine-offene-Schweiz-organisator.jpg","type":"image\/jpeg"}],"author":"admin","twitter_card":"summary_large_image","schema":{"@context":"https:\/\/schema.org","@graph":[{"@type":"Article","@id":"https:\/\/www.organisator.ch\/it\/generale\/2016-11-22\/bilaterale-vertraege-wichtig-fuer-eine-offene-schweiz\/#article","isPartOf":{"@id":"https:\/\/www.organisator.ch\/it\/generale\/2016-11-22\/bilaterale-vertraege-wichtig-fuer-eine-offene-schweiz\/"},"author":{"name":"admin","@id":"https:\/\/www.organisator.ch\/#\/schema\/person\/aa2bace6c5c5aad60102004a50c4eb1c"},"headline":"Bilaterale Vertr\u00e4ge wichtig f\u00fcr eine offene Schweiz","datePublished":"2016-11-22T13:38:29+00:00","mainEntityOfPage":{"@id":"https:\/\/www.organisator.ch\/it\/generale\/2016-11-22\/bilaterale-vertraege-wichtig-fuer-eine-offene-schweiz\/"},"wordCount":507,"commentCount":0,"publisher":{"@id":"https:\/\/www.organisator.ch\/#organization"},"image":{"@id":"https:\/\/www.organisator.ch\/it\/generale\/2016-11-22\/bilaterale-vertraege-wichtig-fuer-eine-offene-schweiz\/#primaryimage"},"thumbnailUrl":"https:\/\/www.organisator.ch\/wp-content\/uploads\/2016\/12\/Bilaterale-Vertraege-wichtig-fuer-eine-offene-Schweiz-organisator.jpg","keywords":["Forschung","Wissenschaft"],"articleSection":["Allgemein"],"inLanguage":"it-IT"},{"@type":"WebPage","@id":"https:\/\/www.organisator.ch\/it\/generale\/2016-11-22\/bilaterale-vertraege-wichtig-fuer-eine-offene-schweiz\/","url":"https:\/\/www.organisator.ch\/it\/generale\/2016-11-22\/bilaterale-vertraege-wichtig-fuer-eine-offene-schweiz\/","name":"I trattati bilaterali sono importanti per una Svizzera aperta - Organizzatore","isPartOf":{"@id":"https:\/\/www.organisator.ch\/#website"},"primaryImageOfPage":{"@id":"https:\/\/www.organisator.ch\/it\/generale\/2016-11-22\/bilaterale-vertraege-wichtig-fuer-eine-offene-schweiz\/#primaryimage"},"image":{"@id":"https:\/\/www.organisator.ch\/it\/generale\/2016-11-22\/bilaterale-vertraege-wichtig-fuer-eine-offene-schweiz\/#primaryimage"},"thumbnailUrl":"https:\/\/www.organisator.ch\/wp-content\/uploads\/2016\/12\/Bilaterale-Vertraege-wichtig-fuer-eine-offene-Schweiz-organisator.jpg","datePublished":"2016-11-22T13:38:29+00:00","description":"I rappresentanti del mondo scientifico ed economico hanno discusso dell'importanza del networking internazionale e dei trattati bilaterali con l'UE.","breadcrumb":{"@id":"https:\/\/www.organisator.ch\/it\/generale\/2016-11-22\/bilaterale-vertraege-wichtig-fuer-eine-offene-schweiz\/#breadcrumb"},"inLanguage":"it-IT","potentialAction":[{"@type":"ReadAction","target":["https:\/\/www.organisator.ch\/it\/generale\/2016-11-22\/bilaterale-vertraege-wichtig-fuer-eine-offene-schweiz\/"]}]},{"@type":"ImageObject","inLanguage":"it-IT","@id":"https:\/\/www.organisator.ch\/it\/generale\/2016-11-22\/bilaterale-vertraege-wichtig-fuer-eine-offene-schweiz\/#primaryimage","url":"https:\/\/www.organisator.ch\/wp-content\/uploads\/2016\/12\/Bilaterale-Vertraege-wichtig-fuer-eine-offene-Schweiz-organisator.jpg","contentUrl":"https:\/\/www.organisator.ch\/wp-content\/uploads\/2016\/12\/Bilaterale-Vertraege-wichtig-fuer-eine-offene-Schweiz-organisator.jpg","width":500,"height":333,"caption":"Laut der Z\u00fcrcher Handelskammer repr\u00e4sentiert Z\u00fcrich die Weltoffenheit und Wirtschaftlichkeit der gesamten Schweiz. (Bild: depositphotos_lightpoet)"},{"@type":"BreadcrumbList","@id":"https:\/\/www.organisator.ch\/it\/generale\/2016-11-22\/bilaterale-vertraege-wichtig-fuer-eine-offene-schweiz\/#breadcrumb","itemListElement":[{"@type":"ListItem","position":1,"name":"Home","item":"https:\/\/www.organisator.ch\/"},{"@type":"ListItem","position":2,"name":"Bilaterale Vertr\u00e4ge wichtig f\u00fcr eine offene Schweiz"}]},{"@type":"WebSite","@id":"https:\/\/www.organisator.ch\/#website","url":"https:\/\/www.organisator.ch\/","name":"Organizzatore","description":"Competente. Pratico. In 10 numeri all'anno, ORGANISATOR presenta i temi essenziali per i manager delle PMI.","publisher":{"@id":"https:\/\/www.organisator.ch\/#organization"},"potentialAction":[{"@type":"SearchAction","target":{"@type":"EntryPoint","urlTemplate":"https:\/\/www.organisator.ch\/?s={search_term_string}"},"query-input":{"@type":"PropertyValueSpecification","valueRequired":true,"valueName":"search_term_string"}}],"inLanguage":"it-IT"},{"@type":"Organization","@id":"https:\/\/www.organisator.ch\/#organization","name":"Organizzatore","url":"https:\/\/www.organisator.ch\/","logo":{"@type":"ImageObject","inLanguage":"it-IT","@id":"https:\/\/www.organisator.ch\/#\/schema\/logo\/image\/","url":"https:\/\/www.organisator.ch\/wp-content\/uploads\/2022\/01\/Logo_Organisator_Website.png","contentUrl":"https:\/\/www.organisator.ch\/wp-content\/uploads\/2022\/01\/Logo_Organisator_Website.png","width":800,"height":77,"caption":"Organisator"},"image":{"@id":"https:\/\/www.organisator.ch\/#\/schema\/logo\/image\/"},"sameAs":["https:\/\/www.facebook.com\/OrganisatorFachmagazin","https:\/\/www.linkedin.com\/showcase\/organisator-das-magazin-fr-kmu","https:\/\/www.xing.com\/news\/pages\/organisator-ch-695","https:\/\/www.youtube.com\/channel\/UCGP2Sq0iWaZwT3BdIAQFYpw"]},{"@type":"Person","@id":"https:\/\/www.organisator.ch\/#\/schema\/person\/aa2bace6c5c5aad60102004a50c4eb1c","name":"amministratore","image":{"@type":"ImageObject","inLanguage":"it-IT","@id":"https:\/\/secure.gravatar.com\/avatar\/ae2f4d718e6c49043e314ce431e7e645d646302a24a5ef5a8bc8e3f5a032e319?s=96&d=mm&r=g","url":"https:\/\/secure.gravatar.com\/avatar\/ae2f4d718e6c49043e314ce431e7e645d646302a24a5ef5a8bc8e3f5a032e319?s=96&d=mm&r=g","contentUrl":"https:\/\/secure.gravatar.com\/avatar\/ae2f4d718e6c49043e314ce431e7e645d646302a24a5ef5a8bc8e3f5a032e319?s=96&d=mm&r=g","caption":"admin"},"sameAs":["https:\/\/www.organisator.ch"],"url":"https:\/\/www.organisator.ch\/it\/author\/admin\/"}]}},"_links":{"self":[{"href":"https:\/\/www.organisator.ch\/it\/wp-json\/wp\/v2\/posts\/363","targetHints":{"allow":["GET"]}}],"collection":[{"href":"https:\/\/www.organisator.ch\/it\/wp-json\/wp\/v2\/posts"}],"about":[{"href":"https:\/\/www.organisator.ch\/it\/wp-json\/wp\/v2\/types\/post"}],"author":[{"embeddable":true,"href":"https:\/\/www.organisator.ch\/it\/wp-json\/wp\/v2\/users\/1"}],"replies":[{"embeddable":true,"href":"https:\/\/www.organisator.ch\/it\/wp-json\/wp\/v2\/comments?post=363"}],"version-history":[{"count":0,"href":"https:\/\/www.organisator.ch\/it\/wp-json\/wp\/v2\/posts\/363\/revisions"}],"wp:featuredmedia":[{"embeddable":true,"href":"https:\/\/www.organisator.ch\/it\/wp-json\/wp\/v2\/media\/364"}],"wp:attachment":[{"href":"https:\/\/www.organisator.ch\/it\/wp-json\/wp\/v2\/media?parent=363"}],"wp:term":[{"taxonomy":"category","embeddable":true,"href":"https:\/\/www.organisator.ch\/it\/wp-json\/wp\/v2\/categories?post=363"},{"taxonomy":"post_tag","embeddable":true,"href":"https:\/\/www.organisator.ch\/it\/wp-json\/wp\/v2\/tags?post=363"}],"curies":[{"name":"wp","href":"https:\/\/api.w.org\/{rel}","templated":true}]}}