{"id":36380,"date":"2025-02-25T14:36:04","date_gmt":"2025-02-25T13:36:04","guid":{"rendered":"https:\/\/www.markt-kom.com\/?p=231033"},"modified":"2025-02-25T14:37:05","modified_gmt":"2025-02-25T13:37:05","slug":"digital-ad-trust-ad-fraud-und-brand-safety-stabil-sichtbarkeit-ruecklaeufig","status":"publish","type":"post","link":"https:\/\/www.organisator.ch\/it\/marketing\/2025-02-25\/digital-ad-trust-ad-fraud-und-brand-safety-stabil-sichtbarkeit-ruecklaeufig\/","title":{"rendered":"Digital Ad Trust: Ad fraud e brand safety stabili, visibilit\u00e0 in calo"},"content":{"rendered":"<p><a href=\"https:\/\/www.markt-kom.com\/wp-content\/uploads\/2025\/02\/DAT_Infografik_Visibility_Q4_2025_de.jpg\"><img class=\"attachment-full size-full\" src=\"https:\/\/www.markt-kom.com\/wp-content\/uploads\/2025\/02\/DAT_Infografik_Visibility_Q4_2025_de.jpg\" sizes=\"(max-width: 1250px) 100vw, 1250px\" srcset=\"https:\/\/www.markt-kom.com\/wp-content\/uploads\/2025\/02\/DAT_Infografik_Visibility_Q4_2025_de.jpg 1250w, https:\/\/www.markt-kom.com\/wp-content\/uploads\/2025\/02\/DAT_Infografik_Visibility_Q4_2025_de-600x480.jpg 600w, https:\/\/www.markt-kom.com\/wp-content\/uploads\/2025\/02\/DAT_Infografik_Visibility_Q4_2025_de-1024x819.jpg 1024w, https:\/\/www.markt-kom.com\/wp-content\/uploads\/2025\/02\/DAT_Infografik_Visibility_Q4_2025_de-768x614.jpg 768w, https:\/\/www.markt-kom.com\/wp-content\/uploads\/2025\/02\/DAT_Infografik_Visibility_Q4_2025_de-15x12.jpg 15w, https:\/\/www.markt-kom.com\/wp-content\/uploads\/2025\/02\/DAT_Infografik_Visibility_Q4_2025_de-219x175.jpg 219w, https:\/\/www.markt-kom.com\/wp-content\/uploads\/2025\/02\/DAT_Infografik_Visibility_Q4_2025_de-438x350.jpg 438w, https:\/\/www.markt-kom.com\/wp-content\/uploads\/2025\/02\/DAT_Infografik_Visibility_Q4_2025_de-1000x800.jpg 1000w\" alt=\"\" width=\"1250\" height=\"1000\" \/><\/a> <a href=\"https:\/\/www.markt-kom.com\/wp-content\/uploads\/2025\/02\/DAT_Infografik_Visibility_Formate_Video_Q4_2025_de.jpg\"><img class=\"attachment-full size-full\" src=\"https:\/\/www.markt-kom.com\/wp-content\/uploads\/2025\/02\/DAT_Infografik_Visibility_Formate_Video_Q4_2025_de.jpg\" sizes=\"(max-width: 1250px) 100vw, 1250px\" srcset=\"https:\/\/www.markt-kom.com\/wp-content\/uploads\/2025\/02\/DAT_Infografik_Visibility_Formate_Video_Q4_2025_de.jpg 1250w, https:\/\/www.markt-kom.com\/wp-content\/uploads\/2025\/02\/DAT_Infografik_Visibility_Formate_Video_Q4_2025_de-600x480.jpg 600w, https:\/\/www.markt-kom.com\/wp-content\/uploads\/2025\/02\/DAT_Infografik_Visibility_Formate_Video_Q4_2025_de-1024x819.jpg 1024w, https:\/\/www.markt-kom.com\/wp-content\/uploads\/2025\/02\/DAT_Infografik_Visibility_Formate_Video_Q4_2025_de-768x614.jpg 768w, https:\/\/www.markt-kom.com\/wp-content\/uploads\/2025\/02\/DAT_Infografik_Visibility_Formate_Video_Q4_2025_de-15x12.jpg 15w, https:\/\/www.markt-kom.com\/wp-content\/uploads\/2025\/02\/DAT_Infografik_Visibility_Formate_Video_Q4_2025_de-219x175.jpg 219w, https:\/\/www.markt-kom.com\/wp-content\/uploads\/2025\/02\/DAT_Infografik_Visibility_Formate_Video_Q4_2025_de-438x350.jpg 438w, https:\/\/www.markt-kom.com\/wp-content\/uploads\/2025\/02\/DAT_Infografik_Visibility_Formate_Video_Q4_2025_de-1000x800.jpg 1000w\" alt=\"\" width=\"1250\" height=\"1000\" \/><\/a> <a href=\"https:\/\/www.markt-kom.com\/wp-content\/uploads\/2025\/02\/DAT_Infografik_Visibility_Video_Q4_2025_de.jpg\"><img class=\"attachment-full size-full\" src=\"https:\/\/www.markt-kom.com\/wp-content\/uploads\/2025\/02\/DAT_Infografik_Visibility_Video_Q4_2025_de.jpg\" sizes=\"(max-width: 1250px) 100vw, 1250px\" srcset=\"https:\/\/www.markt-kom.com\/wp-content\/uploads\/2025\/02\/DAT_Infografik_Visibility_Video_Q4_2025_de.jpg 1250w, https:\/\/www.markt-kom.com\/wp-content\/uploads\/2025\/02\/DAT_Infografik_Visibility_Video_Q4_2025_de-600x480.jpg 600w, https:\/\/www.markt-kom.com\/wp-content\/uploads\/2025\/02\/DAT_Infografik_Visibility_Video_Q4_2025_de-1024x819.jpg 1024w, https:\/\/www.markt-kom.com\/wp-content\/uploads\/2025\/02\/DAT_Infografik_Visibility_Video_Q4_2025_de-768x614.jpg 768w, https:\/\/www.markt-kom.com\/wp-content\/uploads\/2025\/02\/DAT_Infografik_Visibility_Video_Q4_2025_de-15x12.jpg 15w, https:\/\/www.markt-kom.com\/wp-content\/uploads\/2025\/02\/DAT_Infografik_Visibility_Video_Q4_2025_de-219x175.jpg 219w, https:\/\/www.markt-kom.com\/wp-content\/uploads\/2025\/02\/DAT_Infografik_Visibility_Video_Q4_2025_de-438x350.jpg 438w, https:\/\/www.markt-kom.com\/wp-content\/uploads\/2025\/02\/DAT_Infografik_Visibility_Video_Q4_2025_de-1000x800.jpg 1000w\" alt=\"\" width=\"1250\" height=\"1000\" \/><\/a><\/p>\r\n<p>Il tasso di viewability per la pubblicit\u00e0 display \u00e8 stato del 71,6%, 0,4 punti percentuali in meno rispetto al trimestre precedente. I formati desktop si sono mantenuti a un livello elevato dell'80,0%, con singoli formati come il 994\u00d7250 in leggero aumento. I formati pubblicitari per dispositivi mobili hanno raggiunto una visibilit\u00e0 del 68,0%, anche se il formato 300\u00d7250, molto utilizzato, ha registrato un calo di 2,9 punti percentuali.<\/p>\r\n<figure id=\"attachment_231037\" class=\"wp-caption aligncenter\" style=\"width: 1350px;\" aria-describedby=\"caption-attachment-231037\"><a href=\"https:\/\/www.markt-kom.com\/wp-content\/uploads\/2025\/02\/DAT_Infografik_Visibility_Formate_Q4_2025_de.jpg\"><img class=\"wp-image-231037 size-full\" src=\"https:\/\/www.markt-kom.com\/wp-content\/uploads\/2025\/02\/DAT_Infografik_Visibility_Formate_Q4_2025_de.jpg\" sizes=\"(max-width: 1350px) 100vw, 1350px\" srcset=\"https:\/\/www.markt-kom.com\/wp-content\/uploads\/2025\/02\/DAT_Infografik_Visibility_Formate_Q4_2025_de.jpg 1250w, https:\/\/www.markt-kom.com\/wp-content\/uploads\/2025\/02\/DAT_Infografik_Visibility_Formate_Q4_2025_de-600x480.jpg 600w, https:\/\/www.markt-kom.com\/wp-content\/uploads\/2025\/02\/DAT_Infografik_Visibility_Formate_Q4_2025_de-1024x819.jpg 1024w, https:\/\/www.markt-kom.com\/wp-content\/uploads\/2025\/02\/DAT_Infografik_Visibility_Formate_Q4_2025_de-768x614.jpg 768w, https:\/\/www.markt-kom.com\/wp-content\/uploads\/2025\/02\/DAT_Infografik_Visibility_Formate_Q4_2025_de-15x12.jpg 15w, https:\/\/www.markt-kom.com\/wp-content\/uploads\/2025\/02\/DAT_Infografik_Visibility_Formate_Q4_2025_de-219x175.jpg 219w, https:\/\/www.markt-kom.com\/wp-content\/uploads\/2025\/02\/DAT_Infografik_Visibility_Formate_Q4_2025_de-438x350.jpg 438w, https:\/\/www.markt-kom.com\/wp-content\/uploads\/2025\/02\/DAT_Infografik_Visibility_Formate_Q4_2025_de-1000x800.jpg 1000w\" alt=\"\" width=\"1350\" height=\"1080\" \/><\/a>\r\n<figcaption id=\"caption-attachment-231037\" class=\"wp-caption-text\">(Grafica: Digital Ad Trust Svizzera)<\/figcaption>\r\n<\/figure>\r\n<p>Il tasso di frode pubblicitaria si \u00e8 mantenuto a un livello costantemente basso, pari allo 0,48%. Su desktop \u00e8 stato dello 0,96%, mentre i formati mobili non hanno subito variazioni, attestandosi allo 0,34%. Il formato 300\u00d7250 ha registrato un leggero aumento, ma \u00e8 rimasto nella fascia non critica dello 0,45%.<\/p>\r\n<p><a href=\"https:\/\/www.markt-kom.com\/wp-content\/uploads\/2025\/02\/DAT_Infografik_AdFraud_Q4_2025_de.jpg\"><img class=\"aligncenter size-full wp-image-231034\" src=\"https:\/\/www.markt-kom.com\/wp-content\/uploads\/2025\/02\/DAT_Infografik_AdFraud_Q4_2025_de.jpg\" sizes=\"(max-width: 1350px) 100vw, 1350px\" srcset=\"https:\/\/www.markt-kom.com\/wp-content\/uploads\/2025\/02\/DAT_Infografik_AdFraud_Q4_2025_de.jpg 1250w, https:\/\/www.markt-kom.com\/wp-content\/uploads\/2025\/02\/DAT_Infografik_AdFraud_Q4_2025_de-600x480.jpg 600w, https:\/\/www.markt-kom.com\/wp-content\/uploads\/2025\/02\/DAT_Infografik_AdFraud_Q4_2025_de-1024x819.jpg 1024w, https:\/\/www.markt-kom.com\/wp-content\/uploads\/2025\/02\/DAT_Infografik_AdFraud_Q4_2025_de-768x614.jpg 768w, https:\/\/www.markt-kom.com\/wp-content\/uploads\/2025\/02\/DAT_Infografik_AdFraud_Q4_2025_de-15x12.jpg 15w, https:\/\/www.markt-kom.com\/wp-content\/uploads\/2025\/02\/DAT_Infografik_AdFraud_Q4_2025_de-219x175.jpg 219w, https:\/\/www.markt-kom.com\/wp-content\/uploads\/2025\/02\/DAT_Infografik_AdFraud_Q4_2025_de-438x350.jpg 438w, https:\/\/www.markt-kom.com\/wp-content\/uploads\/2025\/02\/DAT_Infografik_AdFraud_Q4_2025_de-1000x800.jpg 1000w\" alt=\"\" width=\"1350\" height=\"1080\" \/><\/a><\/p>\r\n<p>Il tasso di sicurezza dei marchi si \u00e8 mantenuto allo 0,02% e quindi al minimo storico precedente. Il rischio per i marchi \u00e8 quindi rimasto estremamente basso, anche nel trimestre natalizio, caratterizzato da un alto livello di prenotazioni.<\/p>\r\n<p><a href=\"https:\/\/www.markt-kom.com\/wp-content\/uploads\/2025\/02\/DAT_Infografik_Brand-Safety_Q4_2025_de.jpg\"><img class=\"aligncenter size-full wp-image-231035\" src=\"https:\/\/www.markt-kom.com\/wp-content\/uploads\/2025\/02\/DAT_Infografik_Brand-Safety_Q4_2025_de.jpg\" sizes=\"(max-width: 1350px) 100vw, 1350px\" srcset=\"https:\/\/www.markt-kom.com\/wp-content\/uploads\/2025\/02\/DAT_Infografik_Brand-Safety_Q4_2025_de.jpg 1300w, https:\/\/www.markt-kom.com\/wp-content\/uploads\/2025\/02\/DAT_Infografik_Brand-Safety_Q4_2025_de-600x172.jpg 600w, https:\/\/www.markt-kom.com\/wp-content\/uploads\/2025\/02\/DAT_Infografik_Brand-Safety_Q4_2025_de-1024x294.jpg 1024w, https:\/\/www.markt-kom.com\/wp-content\/uploads\/2025\/02\/DAT_Infografik_Brand-Safety_Q4_2025_de-768x221.jpg 768w, https:\/\/www.markt-kom.com\/wp-content\/uploads\/2025\/02\/DAT_Infografik_Brand-Safety_Q4_2025_de-18x5.jpg 18w, https:\/\/www.markt-kom.com\/wp-content\/uploads\/2025\/02\/DAT_Infografik_Brand-Safety_Q4_2025_de-375x108.jpg 375w, https:\/\/www.markt-kom.com\/wp-content\/uploads\/2025\/02\/DAT_Infografik_Brand-Safety_Q4_2025_de-760x218.jpg 760w, https:\/\/www.markt-kom.com\/wp-content\/uploads\/2025\/02\/DAT_Infografik_Brand-Safety_Q4_2025_de-1000x287.jpg 1000w\" alt=\"\" width=\"1350\" height=\"388\" \/><\/a><\/p>\r\n<p>\"I valori stabili di ad fraud e brand safety dimostrano che la trasparenza e la qualit\u00e0 della pubblicit\u00e0 digitale rimangono ad un livello elevato\", afferma Roland Ehrler, presidente di Digital Ad Trust Svizzera. \"Nonostante il leggero calo della visibilit\u00e0, la fiducia nei formati pubblicitari digitali rimane alta\". Un segnale positivo per inserzionisti ed editori, conclude Ehrler.<\/p>\r\n<p><a href=\"https:\/\/www.markt-kom.com\/wp-content\/uploads\/2025\/02\/DAT_Infografik_Overall_Q4_2025_de-scaled.jpg\"><img class=\"aligncenter size-full wp-image-231036\" src=\"https:\/\/www.markt-kom.com\/wp-content\/uploads\/2025\/02\/DAT_Infografik_Overall_Q4_2025_de-scaled.jpg\" sizes=\"(max-width: 1040px) 100vw, 1040px\" srcset=\"https:\/\/www.markt-kom.com\/wp-content\/uploads\/2025\/02\/DAT_Infografik_Overall_Q4_2025_de-scaled.jpg 743w, https:\/\/www.markt-kom.com\/wp-content\/uploads\/2025\/02\/DAT_Infografik_Overall_Q4_2025_de-446x600.jpg 446w, https:\/\/www.markt-kom.com\/wp-content\/uploads\/2025\/02\/DAT_Infografik_Overall_Q4_2025_de-1141x1536.jpg 1141w, https:\/\/www.markt-kom.com\/wp-content\/uploads\/2025\/02\/DAT_Infografik_Overall_Q4_2025_de-9x12.jpg 9w, https:\/\/www.markt-kom.com\/wp-content\/uploads\/2025\/02\/DAT_Infografik_Overall_Q4_2025_de-130x175.jpg 130w, https:\/\/www.markt-kom.com\/wp-content\/uploads\/2025\/02\/DAT_Infografik_Overall_Q4_2025_de-260x350.jpg 260w, https:\/\/www.markt-kom.com\/wp-content\/uploads\/2025\/02\/DAT_Infografik_Overall_Q4_2025_de-594x800.jpg 594w\" alt=\"\" width=\"1040\" height=\"1400\" \/><\/a><\/p>","protected":false},"excerpt":{"rendered":"<p>L'iniziativa \"Digital Ad Trust Switzerland\" ha pubblicato il suo ultimo rapporto. Mentre il tasso di frode pubblicitaria rimane a un livello molto basso e la sicurezza dei marchi rimane stabile, la visibilit\u00e0 della pubblicit\u00e0 digitale ha registrato un leggero calo nel quarto trimestre del 2024.<\/p>","protected":false},"author":8,"featured_media":0,"comment_status":"closed","ping_status":"closed","sticky":false,"template":"","format":"standard","meta":{"_acf_changed":false,"_yoast_wpseo_focuskw":"Digital Ad Trust","_yoast_wpseo_metadesc":"Der Bericht von Digital Ad Trust Switzerland zeigt stabile Ad-Fraud- und Brand-Safety-Werte, jedoch eine leicht sinkende Werbesichtbarkeit.","articlekey":"","footnotes":""},"categories":[29],"tags":[5125,4343],"class_list":["post-36380","post","type-post","status-publish","format-standard","hentry","category-marketing","tag-digital-ad-trust-switzerland","tag-markom"],"acf":[],"yoast_head":"<!-- This site is optimized with the Yoast SEO plugin v27.5 - https:\/\/yoast.com\/product\/yoast-seo-wordpress\/ -->\n<title>Digital Ad Trust: Ad Fraud und Brand Safety stabil, Sichtbarkeit r\u00fcckl\u00e4ufig - Organisator<\/title>\n<meta name=\"description\" content=\"Der Bericht von Digital Ad Trust Switzerland zeigt stabile Ad-Fraud- und Brand-Safety-Werte, jedoch eine leicht sinkende Werbesichtbarkeit.\" \/>\n<meta name=\"robots\" content=\"index, follow, max-snippet:-1, max-image-preview:large, max-video-preview:-1\" \/>\n<link rel=\"canonical\" href=\"https:\/\/www.organisator.ch\/it\/marketing\/2025-02-25\/digital-ad-trust-ad-fraud-und-brand-safety-stabil-sichtbarkeit-ruecklaeufig\/\" \/>\n<meta property=\"og:locale\" content=\"it_IT\" \/>\n<meta property=\"og:type\" content=\"article\" \/>\n<meta property=\"og:title\" content=\"Digital Ad Trust: Ad Fraud und Brand Safety stabil, Sichtbarkeit r\u00fcckl\u00e4ufig - Organisator\" \/>\n<meta property=\"og:description\" content=\"Der Bericht von Digital Ad Trust Switzerland zeigt stabile Ad-Fraud- und Brand-Safety-Werte, jedoch eine leicht sinkende Werbesichtbarkeit.\" \/>\n<meta property=\"og:url\" content=\"https:\/\/www.organisator.ch\/it\/marketing\/2025-02-25\/digital-ad-trust-ad-fraud-und-brand-safety-stabil-sichtbarkeit-ruecklaeufig\/\" \/>\n<meta property=\"og:site_name\" content=\"Organisator\" \/>\n<meta property=\"article:publisher\" content=\"https:\/\/www.facebook.com\/OrganisatorFachmagazin\" \/>\n<meta property=\"article:published_time\" content=\"2025-02-25T13:36:04+00:00\" \/>\n<meta property=\"article:modified_time\" content=\"2025-02-25T13:37:05+00:00\" \/>\n<meta property=\"og:image\" content=\"https:\/\/www.markt-kom.com\/wp-content\/uploads\/2025\/02\/DAT_Infografik_Visibility_Q4_2025_de.jpg\" \/>\n<meta name=\"author\" content=\"galledia\" \/>\n<meta name=\"twitter:card\" content=\"summary_large_image\" \/>\n<meta name=\"twitter:creator\" content=\"@admin\" \/>\n<script type=\"application\/ld+json\" class=\"yoast-schema-graph\">{\"@context\":\"https:\\\/\\\/schema.org\",\"@graph\":[{\"@type\":\"Article\",\"@id\":\"https:\\\/\\\/www.organisator.ch\\\/marketing\\\/2025-02-25\\\/digital-ad-trust-ad-fraud-und-brand-safety-stabil-sichtbarkeit-ruecklaeufig\\\/#article\",\"isPartOf\":{\"@id\":\"https:\\\/\\\/www.organisator.ch\\\/marketing\\\/2025-02-25\\\/digital-ad-trust-ad-fraud-und-brand-safety-stabil-sichtbarkeit-ruecklaeufig\\\/\"},\"author\":{\"name\":\"galledia\",\"@id\":\"https:\\\/\\\/www.organisator.ch\\\/#\\\/schema\\\/person\\\/4e51799071cd2dd1232ac003643ef5f0\"},\"headline\":\"Digital Ad Trust: Ad Fraud und Brand Safety stabil, Sichtbarkeit r\u00fcckl\u00e4ufig\",\"datePublished\":\"2025-02-25T13:36:04+00:00\",\"dateModified\":\"2025-02-25T13:37:05+00:00\",\"mainEntityOfPage\":{\"@id\":\"https:\\\/\\\/www.organisator.ch\\\/marketing\\\/2025-02-25\\\/digital-ad-trust-ad-fraud-und-brand-safety-stabil-sichtbarkeit-ruecklaeufig\\\/\"},\"wordCount\":190,\"publisher\":{\"@id\":\"https:\\\/\\\/www.organisator.ch\\\/#organization\"},\"image\":{\"@id\":\"https:\\\/\\\/www.organisator.ch\\\/marketing\\\/2025-02-25\\\/digital-ad-trust-ad-fraud-und-brand-safety-stabil-sichtbarkeit-ruecklaeufig\\\/#primaryimage\"},\"thumbnailUrl\":\"https:\\\/\\\/www.markt-kom.com\\\/wp-content\\\/uploads\\\/2025\\\/02\\\/DAT_Infografik_Visibility_Q4_2025_de.jpg\",\"keywords\":[\"Digital Ad Trust Switzerland\",\"MarKom\"],\"articleSection\":[\"MARKETING\"],\"inLanguage\":\"it-IT\"},{\"@type\":\"WebPage\",\"@id\":\"https:\\\/\\\/www.organisator.ch\\\/marketing\\\/2025-02-25\\\/digital-ad-trust-ad-fraud-und-brand-safety-stabil-sichtbarkeit-ruecklaeufig\\\/\",\"url\":\"https:\\\/\\\/www.organisator.ch\\\/marketing\\\/2025-02-25\\\/digital-ad-trust-ad-fraud-und-brand-safety-stabil-sichtbarkeit-ruecklaeufig\\\/\",\"name\":\"Digital Ad Trust: Ad Fraud und Brand Safety stabil, Sichtbarkeit r\u00fcckl\u00e4ufig - Organisator\",\"isPartOf\":{\"@id\":\"https:\\\/\\\/www.organisator.ch\\\/#website\"},\"primaryImageOfPage\":{\"@id\":\"https:\\\/\\\/www.organisator.ch\\\/marketing\\\/2025-02-25\\\/digital-ad-trust-ad-fraud-und-brand-safety-stabil-sichtbarkeit-ruecklaeufig\\\/#primaryimage\"},\"image\":{\"@id\":\"https:\\\/\\\/www.organisator.ch\\\/marketing\\\/2025-02-25\\\/digital-ad-trust-ad-fraud-und-brand-safety-stabil-sichtbarkeit-ruecklaeufig\\\/#primaryimage\"},\"thumbnailUrl\":\"https:\\\/\\\/www.markt-kom.com\\\/wp-content\\\/uploads\\\/2025\\\/02\\\/DAT_Infografik_Visibility_Q4_2025_de.jpg\",\"datePublished\":\"2025-02-25T13:36:04+00:00\",\"dateModified\":\"2025-02-25T13:37:05+00:00\",\"description\":\"Der Bericht von Digital Ad Trust Switzerland zeigt stabile Ad-Fraud- und Brand-Safety-Werte, jedoch eine leicht sinkende Werbesichtbarkeit.\",\"breadcrumb\":{\"@id\":\"https:\\\/\\\/www.organisator.ch\\\/marketing\\\/2025-02-25\\\/digital-ad-trust-ad-fraud-und-brand-safety-stabil-sichtbarkeit-ruecklaeufig\\\/#breadcrumb\"},\"inLanguage\":\"it-IT\",\"potentialAction\":[{\"@type\":\"ReadAction\",\"target\":[\"https:\\\/\\\/www.organisator.ch\\\/marketing\\\/2025-02-25\\\/digital-ad-trust-ad-fraud-und-brand-safety-stabil-sichtbarkeit-ruecklaeufig\\\/\"]}]},{\"@type\":\"ImageObject\",\"inLanguage\":\"it-IT\",\"@id\":\"https:\\\/\\\/www.organisator.ch\\\/marketing\\\/2025-02-25\\\/digital-ad-trust-ad-fraud-und-brand-safety-stabil-sichtbarkeit-ruecklaeufig\\\/#primaryimage\",\"url\":\"https:\\\/\\\/www.markt-kom.com\\\/wp-content\\\/uploads\\\/2025\\\/02\\\/DAT_Infografik_Visibility_Q4_2025_de.jpg\",\"contentUrl\":\"https:\\\/\\\/www.markt-kom.com\\\/wp-content\\\/uploads\\\/2025\\\/02\\\/DAT_Infografik_Visibility_Q4_2025_de.jpg\"},{\"@type\":\"BreadcrumbList\",\"@id\":\"https:\\\/\\\/www.organisator.ch\\\/marketing\\\/2025-02-25\\\/digital-ad-trust-ad-fraud-und-brand-safety-stabil-sichtbarkeit-ruecklaeufig\\\/#breadcrumb\",\"itemListElement\":[{\"@type\":\"ListItem\",\"position\":1,\"name\":\"Home\",\"item\":\"https:\\\/\\\/www.organisator.ch\\\/\"},{\"@type\":\"ListItem\",\"position\":2,\"name\":\"Digital Ad Trust: Ad Fraud und Brand Safety stabil, Sichtbarkeit r\u00fcckl\u00e4ufig\"}]},{\"@type\":\"WebSite\",\"@id\":\"https:\\\/\\\/www.organisator.ch\\\/#website\",\"url\":\"https:\\\/\\\/www.organisator.ch\\\/\",\"name\":\"Organisator\",\"description\":\"Kompetent. Praxisnah. Der ORGANISATOR bereitet in 10 Ausgaben pro Jahr die wesentlichen Themen f\u00fcr F\u00fchrungskr\u00e4fte von KMU auf.\",\"publisher\":{\"@id\":\"https:\\\/\\\/www.organisator.ch\\\/#organization\"},\"potentialAction\":[{\"@type\":\"SearchAction\",\"target\":{\"@type\":\"EntryPoint\",\"urlTemplate\":\"https:\\\/\\\/www.organisator.ch\\\/?s={search_term_string}\"},\"query-input\":{\"@type\":\"PropertyValueSpecification\",\"valueRequired\":true,\"valueName\":\"search_term_string\"}}],\"inLanguage\":\"it-IT\"},{\"@type\":\"Organization\",\"@id\":\"https:\\\/\\\/www.organisator.ch\\\/#organization\",\"name\":\"Organisator\",\"url\":\"https:\\\/\\\/www.organisator.ch\\\/\",\"logo\":{\"@type\":\"ImageObject\",\"inLanguage\":\"it-IT\",\"@id\":\"https:\\\/\\\/www.organisator.ch\\\/#\\\/schema\\\/logo\\\/image\\\/\",\"url\":\"https:\\\/\\\/www.organisator.ch\\\/wp-content\\\/uploads\\\/2022\\\/01\\\/Logo_Organisator_Website.png\",\"contentUrl\":\"https:\\\/\\\/www.organisator.ch\\\/wp-content\\\/uploads\\\/2022\\\/01\\\/Logo_Organisator_Website.png\",\"width\":800,\"height\":77,\"caption\":\"Organisator\"},\"image\":{\"@id\":\"https:\\\/\\\/www.organisator.ch\\\/#\\\/schema\\\/logo\\\/image\\\/\"},\"sameAs\":[\"https:\\\/\\\/www.facebook.com\\\/OrganisatorFachmagazin\",\"https:\\\/\\\/www.linkedin.com\\\/showcase\\\/organisator-das-magazin-fr-kmu\",\"https:\\\/\\\/www.xing.com\\\/news\\\/pages\\\/organisator-ch-695\",\"https:\\\/\\\/www.youtube.com\\\/channel\\\/UCGP2Sq0iWaZwT3BdIAQFYpw\"]},{\"@type\":\"Person\",\"@id\":\"https:\\\/\\\/www.organisator.ch\\\/#\\\/schema\\\/person\\\/4e51799071cd2dd1232ac003643ef5f0\",\"name\":\"galledia\",\"image\":{\"@type\":\"ImageObject\",\"inLanguage\":\"it-IT\",\"@id\":\"https:\\\/\\\/secure.gravatar.com\\\/avatar\\\/78a7f90c01fc2bfc875782a0d4922b37cde2cf184ce347b91316d23cd7f69a36?s=96&d=mm&r=g\",\"url\":\"https:\\\/\\\/secure.gravatar.com\\\/avatar\\\/78a7f90c01fc2bfc875782a0d4922b37cde2cf184ce347b91316d23cd7f69a36?s=96&d=mm&r=g\",\"contentUrl\":\"https:\\\/\\\/secure.gravatar.com\\\/avatar\\\/78a7f90c01fc2bfc875782a0d4922b37cde2cf184ce347b91316d23cd7f69a36?s=96&d=mm&r=g\",\"caption\":\"galledia\"},\"sameAs\":[\"https:\\\/\\\/x.com\\\/admin\"],\"url\":\"https:\\\/\\\/www.organisator.ch\\\/it\\\/author\\\/galledia\\\/\"}]}<\/script>\n<!-- \/ Yoast SEO plugin. -->","yoast_head_json":{"title":"Digital Ad Trust: Ad fraud e brand safety stabili, visibilit\u00e0 in calo - Organizzatore","description":"Il rapporto di Digital Ad Trust Svizzera mostra valori stabili di ad fraud e brand safety, ma un leggero calo della visibilit\u00e0 pubblicitaria.","robots":{"index":"index","follow":"follow","max-snippet":"max-snippet:-1","max-image-preview":"max-image-preview:large","max-video-preview":"max-video-preview:-1"},"canonical":"https:\/\/www.organisator.ch\/it\/marketing\/2025-02-25\/digital-ad-trust-ad-fraud-und-brand-safety-stabil-sichtbarkeit-ruecklaeufig\/","og_locale":"it_IT","og_type":"article","og_title":"Digital Ad Trust: Ad Fraud und Brand Safety stabil, Sichtbarkeit r\u00fcckl\u00e4ufig - Organisator","og_description":"Der Bericht von Digital Ad Trust Switzerland zeigt stabile Ad-Fraud- und Brand-Safety-Werte, jedoch eine leicht sinkende Werbesichtbarkeit.","og_url":"https:\/\/www.organisator.ch\/it\/marketing\/2025-02-25\/digital-ad-trust-ad-fraud-und-brand-safety-stabil-sichtbarkeit-ruecklaeufig\/","og_site_name":"Organisator","article_publisher":"https:\/\/www.facebook.com\/OrganisatorFachmagazin","article_published_time":"2025-02-25T13:36:04+00:00","article_modified_time":"2025-02-25T13:37:05+00:00","og_image":[{"url":"https:\/\/www.markt-kom.com\/wp-content\/uploads\/2025\/02\/DAT_Infografik_Visibility_Q4_2025_de.jpg","type":"","width":"","height":""}],"author":"galledia","twitter_card":"summary_large_image","twitter_creator":"@admin","schema":{"@context":"https:\/\/schema.org","@graph":[{"@type":"Article","@id":"https:\/\/www.organisator.ch\/marketing\/2025-02-25\/digital-ad-trust-ad-fraud-und-brand-safety-stabil-sichtbarkeit-ruecklaeufig\/#article","isPartOf":{"@id":"https:\/\/www.organisator.ch\/marketing\/2025-02-25\/digital-ad-trust-ad-fraud-und-brand-safety-stabil-sichtbarkeit-ruecklaeufig\/"},"author":{"name":"galledia","@id":"https:\/\/www.organisator.ch\/#\/schema\/person\/4e51799071cd2dd1232ac003643ef5f0"},"headline":"Digital Ad Trust: Ad Fraud und Brand Safety stabil, Sichtbarkeit r\u00fcckl\u00e4ufig","datePublished":"2025-02-25T13:36:04+00:00","dateModified":"2025-02-25T13:37:05+00:00","mainEntityOfPage":{"@id":"https:\/\/www.organisator.ch\/marketing\/2025-02-25\/digital-ad-trust-ad-fraud-und-brand-safety-stabil-sichtbarkeit-ruecklaeufig\/"},"wordCount":190,"publisher":{"@id":"https:\/\/www.organisator.ch\/#organization"},"image":{"@id":"https:\/\/www.organisator.ch\/marketing\/2025-02-25\/digital-ad-trust-ad-fraud-und-brand-safety-stabil-sichtbarkeit-ruecklaeufig\/#primaryimage"},"thumbnailUrl":"https:\/\/www.markt-kom.com\/wp-content\/uploads\/2025\/02\/DAT_Infografik_Visibility_Q4_2025_de.jpg","keywords":["Digital Ad Trust Switzerland","MarKom"],"articleSection":["MARKETING"],"inLanguage":"it-IT"},{"@type":"WebPage","@id":"https:\/\/www.organisator.ch\/marketing\/2025-02-25\/digital-ad-trust-ad-fraud-und-brand-safety-stabil-sichtbarkeit-ruecklaeufig\/","url":"https:\/\/www.organisator.ch\/marketing\/2025-02-25\/digital-ad-trust-ad-fraud-und-brand-safety-stabil-sichtbarkeit-ruecklaeufig\/","name":"Digital Ad Trust: Ad fraud e brand safety stabili, visibilit\u00e0 in calo - Organizzatore","isPartOf":{"@id":"https:\/\/www.organisator.ch\/#website"},"primaryImageOfPage":{"@id":"https:\/\/www.organisator.ch\/marketing\/2025-02-25\/digital-ad-trust-ad-fraud-und-brand-safety-stabil-sichtbarkeit-ruecklaeufig\/#primaryimage"},"image":{"@id":"https:\/\/www.organisator.ch\/marketing\/2025-02-25\/digital-ad-trust-ad-fraud-und-brand-safety-stabil-sichtbarkeit-ruecklaeufig\/#primaryimage"},"thumbnailUrl":"https:\/\/www.markt-kom.com\/wp-content\/uploads\/2025\/02\/DAT_Infografik_Visibility_Q4_2025_de.jpg","datePublished":"2025-02-25T13:36:04+00:00","dateModified":"2025-02-25T13:37:05+00:00","description":"Il rapporto di Digital Ad Trust Svizzera mostra valori stabili di ad fraud e brand safety, ma un leggero calo della visibilit\u00e0 pubblicitaria.","breadcrumb":{"@id":"https:\/\/www.organisator.ch\/marketing\/2025-02-25\/digital-ad-trust-ad-fraud-und-brand-safety-stabil-sichtbarkeit-ruecklaeufig\/#breadcrumb"},"inLanguage":"it-IT","potentialAction":[{"@type":"ReadAction","target":["https:\/\/www.organisator.ch\/marketing\/2025-02-25\/digital-ad-trust-ad-fraud-und-brand-safety-stabil-sichtbarkeit-ruecklaeufig\/"]}]},{"@type":"ImageObject","inLanguage":"it-IT","@id":"https:\/\/www.organisator.ch\/marketing\/2025-02-25\/digital-ad-trust-ad-fraud-und-brand-safety-stabil-sichtbarkeit-ruecklaeufig\/#primaryimage","url":"https:\/\/www.markt-kom.com\/wp-content\/uploads\/2025\/02\/DAT_Infografik_Visibility_Q4_2025_de.jpg","contentUrl":"https:\/\/www.markt-kom.com\/wp-content\/uploads\/2025\/02\/DAT_Infografik_Visibility_Q4_2025_de.jpg"},{"@type":"BreadcrumbList","@id":"https:\/\/www.organisator.ch\/marketing\/2025-02-25\/digital-ad-trust-ad-fraud-und-brand-safety-stabil-sichtbarkeit-ruecklaeufig\/#breadcrumb","itemListElement":[{"@type":"ListItem","position":1,"name":"Home","item":"https:\/\/www.organisator.ch\/"},{"@type":"ListItem","position":2,"name":"Digital Ad Trust: Ad Fraud und Brand Safety stabil, Sichtbarkeit r\u00fcckl\u00e4ufig"}]},{"@type":"WebSite","@id":"https:\/\/www.organisator.ch\/#website","url":"https:\/\/www.organisator.ch\/","name":"Organizzatore","description":"Competente. Pratico. In 10 numeri all'anno, ORGANISATOR presenta i temi essenziali per i manager delle PMI.","publisher":{"@id":"https:\/\/www.organisator.ch\/#organization"},"potentialAction":[{"@type":"SearchAction","target":{"@type":"EntryPoint","urlTemplate":"https:\/\/www.organisator.ch\/?s={search_term_string}"},"query-input":{"@type":"PropertyValueSpecification","valueRequired":true,"valueName":"search_term_string"}}],"inLanguage":"it-IT"},{"@type":"Organization","@id":"https:\/\/www.organisator.ch\/#organization","name":"Organizzatore","url":"https:\/\/www.organisator.ch\/","logo":{"@type":"ImageObject","inLanguage":"it-IT","@id":"https:\/\/www.organisator.ch\/#\/schema\/logo\/image\/","url":"https:\/\/www.organisator.ch\/wp-content\/uploads\/2022\/01\/Logo_Organisator_Website.png","contentUrl":"https:\/\/www.organisator.ch\/wp-content\/uploads\/2022\/01\/Logo_Organisator_Website.png","width":800,"height":77,"caption":"Organisator"},"image":{"@id":"https:\/\/www.organisator.ch\/#\/schema\/logo\/image\/"},"sameAs":["https:\/\/www.facebook.com\/OrganisatorFachmagazin","https:\/\/www.linkedin.com\/showcase\/organisator-das-magazin-fr-kmu","https:\/\/www.xing.com\/news\/pages\/organisator-ch-695","https:\/\/www.youtube.com\/channel\/UCGP2Sq0iWaZwT3BdIAQFYpw"]},{"@type":"Person","@id":"https:\/\/www.organisator.ch\/#\/schema\/person\/4e51799071cd2dd1232ac003643ef5f0","name":"galledia","image":{"@type":"ImageObject","inLanguage":"it-IT","@id":"https:\/\/secure.gravatar.com\/avatar\/78a7f90c01fc2bfc875782a0d4922b37cde2cf184ce347b91316d23cd7f69a36?s=96&d=mm&r=g","url":"https:\/\/secure.gravatar.com\/avatar\/78a7f90c01fc2bfc875782a0d4922b37cde2cf184ce347b91316d23cd7f69a36?s=96&d=mm&r=g","contentUrl":"https:\/\/secure.gravatar.com\/avatar\/78a7f90c01fc2bfc875782a0d4922b37cde2cf184ce347b91316d23cd7f69a36?s=96&d=mm&r=g","caption":"galledia"},"sameAs":["https:\/\/x.com\/admin"],"url":"https:\/\/www.organisator.ch\/it\/author\/galledia\/"}]}},"_links":{"self":[{"href":"https:\/\/www.organisator.ch\/it\/wp-json\/wp\/v2\/posts\/36380","targetHints":{"allow":["GET"]}}],"collection":[{"href":"https:\/\/www.organisator.ch\/it\/wp-json\/wp\/v2\/posts"}],"about":[{"href":"https:\/\/www.organisator.ch\/it\/wp-json\/wp\/v2\/types\/post"}],"author":[{"embeddable":true,"href":"https:\/\/www.organisator.ch\/it\/wp-json\/wp\/v2\/users\/8"}],"replies":[{"embeddable":true,"href":"https:\/\/www.organisator.ch\/it\/wp-json\/wp\/v2\/comments?post=36380"}],"version-history":[{"count":4,"href":"https:\/\/www.organisator.ch\/it\/wp-json\/wp\/v2\/posts\/36380\/revisions"}],"predecessor-version":[{"id":36388,"href":"https:\/\/www.organisator.ch\/it\/wp-json\/wp\/v2\/posts\/36380\/revisions\/36388"}],"wp:attachment":[{"href":"https:\/\/www.organisator.ch\/it\/wp-json\/wp\/v2\/media?parent=36380"}],"wp:term":[{"taxonomy":"category","embeddable":true,"href":"https:\/\/www.organisator.ch\/it\/wp-json\/wp\/v2\/categories?post=36380"},{"taxonomy":"post_tag","embeddable":true,"href":"https:\/\/www.organisator.ch\/it\/wp-json\/wp\/v2\/tags?post=36380"}],"curies":[{"name":"wp","href":"https:\/\/api.w.org\/{rel}","templated":true}]}}