{"id":36393,"date":"2025-02-26T07:54:41","date_gmt":"2025-02-26T06:54:41","guid":{"rendered":"https:\/\/www.markt-kom.com\/?p=231055"},"modified":"2025-02-26T07:31:47","modified_gmt":"2025-02-26T06:31:47","slug":"crk-erweitert-geschaeftsleitung-und-kreativteam","status":"publish","type":"post","link":"https:\/\/www.organisator.ch\/it\/marketing\/2025-02-26\/crk-erweitert-geschaeftsleitung-und-kreativteam\/","title":{"rendered":"CRK amplia il team manageriale e creativo"},"content":{"rendered":"<figure id=\"attachment_231057\" class=\"wp-caption aligncenter\" style=\"width: 1200px;\" aria-describedby=\"caption-attachment-231057\"><a href=\"https:\/\/www.markt-kom.com\/wp-content\/uploads\/2025\/02\/CRK_vlnr_Marco-Boeni_Sascha-Fanetti_Silvan-Gisler-1.jpg\"><img class=\"size-full wp-image-231057\" src=\"https:\/\/www.markt-kom.com\/wp-content\/uploads\/2025\/02\/CRK_vlnr_Marco-Boeni_Sascha-Fanetti_Silvan-Gisler-1.jpg\" sizes=\"(max-width: 1200px) 100vw, 1200px\" srcset=\"https:\/\/www.markt-kom.com\/wp-content\/uploads\/2025\/02\/CRK_vlnr_Marco-Boeni_Sascha-Fanetti_Silvan-Gisler-1.jpg 1200w, https:\/\/www.markt-kom.com\/wp-content\/uploads\/2025\/02\/CRK_vlnr_Marco-Boeni_Sascha-Fanetti_Silvan-Gisler-1-600x450.jpg 600w, https:\/\/www.markt-kom.com\/wp-content\/uploads\/2025\/02\/CRK_vlnr_Marco-Boeni_Sascha-Fanetti_Silvan-Gisler-1-1024x768.jpg 1024w, https:\/\/www.markt-kom.com\/wp-content\/uploads\/2025\/02\/CRK_vlnr_Marco-Boeni_Sascha-Fanetti_Silvan-Gisler-1-768x576.jpg 768w, https:\/\/www.markt-kom.com\/wp-content\/uploads\/2025\/02\/CRK_vlnr_Marco-Boeni_Sascha-Fanetti_Silvan-Gisler-1-16x12.jpg 16w, https:\/\/www.markt-kom.com\/wp-content\/uploads\/2025\/02\/CRK_vlnr_Marco-Boeni_Sascha-Fanetti_Silvan-Gisler-1-233x175.jpg 233w, https:\/\/www.markt-kom.com\/wp-content\/uploads\/2025\/02\/CRK_vlnr_Marco-Boeni_Sascha-Fanetti_Silvan-Gisler-1-467x350.jpg 467w, https:\/\/www.markt-kom.com\/wp-content\/uploads\/2025\/02\/CRK_vlnr_Marco-Boeni_Sascha-Fanetti_Silvan-Gisler-1-1000x750.jpg 1000w\" alt=\"\" width=\"1200\" height=\"900\" \/><\/a>\r\n<figcaption id=\"caption-attachment-231057\" class=\"wp-caption-text\">Triplo rinforzo per CRK: il COO Marco B\u00f6ni e i direttori creativi Sascha Fanetti e Silvan Gisler (da sinistra a destra). (Immagine: zVg.)<\/figcaption>\r\n<\/figure>\r\n<p>Il nuovo CCO Marco B\u00f6ni porta con s\u00e9 un'esperienza nel settore digitale e delle comunicazioni. Recentemente \u00e8 stato Chief Digital Officer e Head of E-Commerce di Zubi, prima di lavorare per diversi anni presso Farner Consulting. Nel suo nuovo ruolo in CRK, svilupper\u00e0 ulteriormente le competenze digitali dell'agenzia e ottimizzer\u00e0 i processi interni.<\/p>\r\n<p>In campo creativo, CRK si affida a un duo interdisciplinare composto da Sascha Fanetti e Silvan Gisler. Gisler \u00e8 stato in precedenza direttore creativo della Schauspielhaus di Zurigo, cofondatore e responsabile della comunicazione di Operation Libero e ha lavorato come giornalista. La sua esperienza nel campo delle campagne politiche e del copywriting \u00e8 complementare a quella di Fanetti, che negli ultimi 15 anni ha lavorato in posizioni di responsabilit\u00e0 presso agenzie come Publicis Communications Switzerland e Notch Interactive.<\/p>\r\n<p>\"Con Sascha, Silvan e Marco, stiamo facendo investimenti mirati nei nostri processi di creazione e consulenza. Allo stesso tempo, stiamo rafforzando le nostre capacit\u00e0 di campagna e digitali\", afferma Patrick Marty, CEO di CRK. I tre nuovi ingressi dovrebbero dare nuovo impulso all'agenzia e ai suoi clienti.<\/p>","protected":false},"excerpt":{"rendered":"<p>L'agenzia CRK rafforza il suo team di gestione: Marco B\u00f6ni assume la posizione di Chief Operating Officer (COO) ed entra a far parte del team di gestione. Allo stesso tempo, l'agenzia sta rafforzando la sua divisione creativa con i direttori creativi Sascha Fanetti e Silvan Gisler.<\/p>","protected":false},"author":8,"featured_media":0,"comment_status":"closed","ping_status":"closed","sticky":false,"template":"","format":"standard","meta":{"_acf_changed":false,"_yoast_wpseo_focuskw":"CRK neue F\u00fchrungskr\u00e4fte","_yoast_wpseo_metadesc":"CRK verst\u00e4rkt die F\u00fchrung mit COO Marco B\u00f6ni und den Creative Directors Sascha Fanetti und Silvan Gisler. Fokus auf Digitales und Kreation.","articlekey":"","footnotes":""},"categories":[29],"tags":[4345,3008,2853],"class_list":["post-36393","post","type-post","status-publish","format-standard","hentry","category-marketing","tag-business","tag-crk","tag-jobchange"],"acf":[],"yoast_head":"<!-- This site is optimized with the Yoast SEO plugin v27.5 - https:\/\/yoast.com\/product\/yoast-seo-wordpress\/ -->\n<title>CRK erweitert Gesch\u00e4ftsleitung und Kreativteam - Organisator<\/title>\n<meta name=\"description\" content=\"CRK verst\u00e4rkt die F\u00fchrung mit COO Marco B\u00f6ni und den Creative Directors Sascha Fanetti und Silvan Gisler. Fokus auf Digitales und Kreation.\" \/>\n<meta name=\"robots\" content=\"index, follow, max-snippet:-1, max-image-preview:large, max-video-preview:-1\" \/>\n<link rel=\"canonical\" href=\"https:\/\/www.organisator.ch\/it\/marketing\/2025-02-26\/crk-erweitert-geschaeftsleitung-und-kreativteam\/\" \/>\n<meta property=\"og:locale\" content=\"it_IT\" \/>\n<meta property=\"og:type\" content=\"article\" \/>\n<meta property=\"og:title\" content=\"CRK erweitert Gesch\u00e4ftsleitung und Kreativteam - Organisator\" \/>\n<meta property=\"og:description\" content=\"CRK verst\u00e4rkt die F\u00fchrung mit COO Marco B\u00f6ni und den Creative Directors Sascha Fanetti und Silvan Gisler. Fokus auf Digitales und Kreation.\" \/>\n<meta property=\"og:url\" content=\"https:\/\/www.organisator.ch\/it\/marketing\/2025-02-26\/crk-erweitert-geschaeftsleitung-und-kreativteam\/\" \/>\n<meta property=\"og:site_name\" content=\"Organisator\" \/>\n<meta property=\"article:publisher\" content=\"https:\/\/www.facebook.com\/OrganisatorFachmagazin\" \/>\n<meta property=\"article:published_time\" content=\"2025-02-26T06:54:41+00:00\" \/>\n<meta name=\"author\" content=\"galledia\" \/>\n<meta name=\"twitter:card\" content=\"summary_large_image\" \/>\n<meta name=\"twitter:creator\" content=\"@admin\" \/>\n<script type=\"application\/ld+json\" class=\"yoast-schema-graph\">{\"@context\":\"https:\\\/\\\/schema.org\",\"@graph\":[{\"@type\":\"Article\",\"@id\":\"https:\\\/\\\/www.organisator.ch\\\/marketing\\\/2025-02-26\\\/crk-erweitert-geschaeftsleitung-und-kreativteam\\\/#article\",\"isPartOf\":{\"@id\":\"https:\\\/\\\/www.organisator.ch\\\/marketing\\\/2025-02-26\\\/crk-erweitert-geschaeftsleitung-und-kreativteam\\\/\"},\"author\":{\"name\":\"galledia\",\"@id\":\"https:\\\/\\\/www.organisator.ch\\\/#\\\/schema\\\/person\\\/4e51799071cd2dd1232ac003643ef5f0\"},\"headline\":\"CRK erweitert Gesch\u00e4ftsleitung und Kreativteam\",\"datePublished\":\"2025-02-26T06:54:41+00:00\",\"mainEntityOfPage\":{\"@id\":\"https:\\\/\\\/www.organisator.ch\\\/marketing\\\/2025-02-26\\\/crk-erweitert-geschaeftsleitung-und-kreativteam\\\/\"},\"wordCount\":199,\"publisher\":{\"@id\":\"https:\\\/\\\/www.organisator.ch\\\/#organization\"},\"image\":{\"@id\":\"https:\\\/\\\/www.organisator.ch\\\/marketing\\\/2025-02-26\\\/crk-erweitert-geschaeftsleitung-und-kreativteam\\\/#primaryimage\"},\"thumbnailUrl\":\"https:\\\/\\\/www.markt-kom.com\\\/wp-content\\\/uploads\\\/2025\\\/02\\\/CRK_vlnr_Marco-Boeni_Sascha-Fanetti_Silvan-Gisler-1.jpg\",\"keywords\":[\"Business\",\"CRK\",\"Jobchange\"],\"articleSection\":[\"MARKETING\"],\"inLanguage\":\"it-IT\"},{\"@type\":\"WebPage\",\"@id\":\"https:\\\/\\\/www.organisator.ch\\\/marketing\\\/2025-02-26\\\/crk-erweitert-geschaeftsleitung-und-kreativteam\\\/\",\"url\":\"https:\\\/\\\/www.organisator.ch\\\/marketing\\\/2025-02-26\\\/crk-erweitert-geschaeftsleitung-und-kreativteam\\\/\",\"name\":\"CRK erweitert Gesch\u00e4ftsleitung und Kreativteam - Organisator\",\"isPartOf\":{\"@id\":\"https:\\\/\\\/www.organisator.ch\\\/#website\"},\"primaryImageOfPage\":{\"@id\":\"https:\\\/\\\/www.organisator.ch\\\/marketing\\\/2025-02-26\\\/crk-erweitert-geschaeftsleitung-und-kreativteam\\\/#primaryimage\"},\"image\":{\"@id\":\"https:\\\/\\\/www.organisator.ch\\\/marketing\\\/2025-02-26\\\/crk-erweitert-geschaeftsleitung-und-kreativteam\\\/#primaryimage\"},\"thumbnailUrl\":\"https:\\\/\\\/www.markt-kom.com\\\/wp-content\\\/uploads\\\/2025\\\/02\\\/CRK_vlnr_Marco-Boeni_Sascha-Fanetti_Silvan-Gisler-1.jpg\",\"datePublished\":\"2025-02-26T06:54:41+00:00\",\"description\":\"CRK verst\u00e4rkt die F\u00fchrung mit COO Marco B\u00f6ni und den Creative Directors Sascha Fanetti und Silvan Gisler. Fokus auf Digitales und Kreation.\",\"breadcrumb\":{\"@id\":\"https:\\\/\\\/www.organisator.ch\\\/marketing\\\/2025-02-26\\\/crk-erweitert-geschaeftsleitung-und-kreativteam\\\/#breadcrumb\"},\"inLanguage\":\"it-IT\",\"potentialAction\":[{\"@type\":\"ReadAction\",\"target\":[\"https:\\\/\\\/www.organisator.ch\\\/marketing\\\/2025-02-26\\\/crk-erweitert-geschaeftsleitung-und-kreativteam\\\/\"]}]},{\"@type\":\"ImageObject\",\"inLanguage\":\"it-IT\",\"@id\":\"https:\\\/\\\/www.organisator.ch\\\/marketing\\\/2025-02-26\\\/crk-erweitert-geschaeftsleitung-und-kreativteam\\\/#primaryimage\",\"url\":\"https:\\\/\\\/www.markt-kom.com\\\/wp-content\\\/uploads\\\/2025\\\/02\\\/CRK_vlnr_Marco-Boeni_Sascha-Fanetti_Silvan-Gisler-1.jpg\",\"contentUrl\":\"https:\\\/\\\/www.markt-kom.com\\\/wp-content\\\/uploads\\\/2025\\\/02\\\/CRK_vlnr_Marco-Boeni_Sascha-Fanetti_Silvan-Gisler-1.jpg\"},{\"@type\":\"BreadcrumbList\",\"@id\":\"https:\\\/\\\/www.organisator.ch\\\/marketing\\\/2025-02-26\\\/crk-erweitert-geschaeftsleitung-und-kreativteam\\\/#breadcrumb\",\"itemListElement\":[{\"@type\":\"ListItem\",\"position\":1,\"name\":\"Home\",\"item\":\"https:\\\/\\\/www.organisator.ch\\\/\"},{\"@type\":\"ListItem\",\"position\":2,\"name\":\"CRK erweitert Gesch\u00e4ftsleitung und Kreativteam\"}]},{\"@type\":\"WebSite\",\"@id\":\"https:\\\/\\\/www.organisator.ch\\\/#website\",\"url\":\"https:\\\/\\\/www.organisator.ch\\\/\",\"name\":\"Organisator\",\"description\":\"Kompetent. Praxisnah. Der ORGANISATOR bereitet in 10 Ausgaben pro Jahr die wesentlichen Themen f\u00fcr F\u00fchrungskr\u00e4fte von KMU auf.\",\"publisher\":{\"@id\":\"https:\\\/\\\/www.organisator.ch\\\/#organization\"},\"potentialAction\":[{\"@type\":\"SearchAction\",\"target\":{\"@type\":\"EntryPoint\",\"urlTemplate\":\"https:\\\/\\\/www.organisator.ch\\\/?s={search_term_string}\"},\"query-input\":{\"@type\":\"PropertyValueSpecification\",\"valueRequired\":true,\"valueName\":\"search_term_string\"}}],\"inLanguage\":\"it-IT\"},{\"@type\":\"Organization\",\"@id\":\"https:\\\/\\\/www.organisator.ch\\\/#organization\",\"name\":\"Organisator\",\"url\":\"https:\\\/\\\/www.organisator.ch\\\/\",\"logo\":{\"@type\":\"ImageObject\",\"inLanguage\":\"it-IT\",\"@id\":\"https:\\\/\\\/www.organisator.ch\\\/#\\\/schema\\\/logo\\\/image\\\/\",\"url\":\"https:\\\/\\\/www.organisator.ch\\\/wp-content\\\/uploads\\\/2022\\\/01\\\/Logo_Organisator_Website.png\",\"contentUrl\":\"https:\\\/\\\/www.organisator.ch\\\/wp-content\\\/uploads\\\/2022\\\/01\\\/Logo_Organisator_Website.png\",\"width\":800,\"height\":77,\"caption\":\"Organisator\"},\"image\":{\"@id\":\"https:\\\/\\\/www.organisator.ch\\\/#\\\/schema\\\/logo\\\/image\\\/\"},\"sameAs\":[\"https:\\\/\\\/www.facebook.com\\\/OrganisatorFachmagazin\",\"https:\\\/\\\/www.linkedin.com\\\/showcase\\\/organisator-das-magazin-fr-kmu\",\"https:\\\/\\\/www.xing.com\\\/news\\\/pages\\\/organisator-ch-695\",\"https:\\\/\\\/www.youtube.com\\\/channel\\\/UCGP2Sq0iWaZwT3BdIAQFYpw\"]},{\"@type\":\"Person\",\"@id\":\"https:\\\/\\\/www.organisator.ch\\\/#\\\/schema\\\/person\\\/4e51799071cd2dd1232ac003643ef5f0\",\"name\":\"galledia\",\"image\":{\"@type\":\"ImageObject\",\"inLanguage\":\"it-IT\",\"@id\":\"https:\\\/\\\/secure.gravatar.com\\\/avatar\\\/78a7f90c01fc2bfc875782a0d4922b37cde2cf184ce347b91316d23cd7f69a36?s=96&d=mm&r=g\",\"url\":\"https:\\\/\\\/secure.gravatar.com\\\/avatar\\\/78a7f90c01fc2bfc875782a0d4922b37cde2cf184ce347b91316d23cd7f69a36?s=96&d=mm&r=g\",\"contentUrl\":\"https:\\\/\\\/secure.gravatar.com\\\/avatar\\\/78a7f90c01fc2bfc875782a0d4922b37cde2cf184ce347b91316d23cd7f69a36?s=96&d=mm&r=g\",\"caption\":\"galledia\"},\"sameAs\":[\"https:\\\/\\\/x.com\\\/admin\"],\"url\":\"https:\\\/\\\/www.organisator.ch\\\/it\\\/author\\\/galledia\\\/\"}]}<\/script>\n<!-- \/ Yoast SEO plugin. -->","yoast_head_json":{"title":"CRK amplia il team manageriale e creativo - Organizzatore","description":"CRK rafforza il suo team di gestione con il COO Marco B\u00f6ni e i direttori creativi Sascha Fanetti e Silvan Gisler. Focus su digitale e creazione.","robots":{"index":"index","follow":"follow","max-snippet":"max-snippet:-1","max-image-preview":"max-image-preview:large","max-video-preview":"max-video-preview:-1"},"canonical":"https:\/\/www.organisator.ch\/it\/marketing\/2025-02-26\/crk-erweitert-geschaeftsleitung-und-kreativteam\/","og_locale":"it_IT","og_type":"article","og_title":"CRK erweitert Gesch\u00e4ftsleitung und Kreativteam - Organisator","og_description":"CRK verst\u00e4rkt die F\u00fchrung mit COO Marco B\u00f6ni und den Creative Directors Sascha Fanetti und Silvan Gisler. Fokus auf Digitales und Kreation.","og_url":"https:\/\/www.organisator.ch\/it\/marketing\/2025-02-26\/crk-erweitert-geschaeftsleitung-und-kreativteam\/","og_site_name":"Organisator","article_publisher":"https:\/\/www.facebook.com\/OrganisatorFachmagazin","article_published_time":"2025-02-26T06:54:41+00:00","author":"galledia","twitter_card":"summary_large_image","twitter_creator":"@admin","schema":{"@context":"https:\/\/schema.org","@graph":[{"@type":"Article","@id":"https:\/\/www.organisator.ch\/marketing\/2025-02-26\/crk-erweitert-geschaeftsleitung-und-kreativteam\/#article","isPartOf":{"@id":"https:\/\/www.organisator.ch\/marketing\/2025-02-26\/crk-erweitert-geschaeftsleitung-und-kreativteam\/"},"author":{"name":"galledia","@id":"https:\/\/www.organisator.ch\/#\/schema\/person\/4e51799071cd2dd1232ac003643ef5f0"},"headline":"CRK erweitert Gesch\u00e4ftsleitung und Kreativteam","datePublished":"2025-02-26T06:54:41+00:00","mainEntityOfPage":{"@id":"https:\/\/www.organisator.ch\/marketing\/2025-02-26\/crk-erweitert-geschaeftsleitung-und-kreativteam\/"},"wordCount":199,"publisher":{"@id":"https:\/\/www.organisator.ch\/#organization"},"image":{"@id":"https:\/\/www.organisator.ch\/marketing\/2025-02-26\/crk-erweitert-geschaeftsleitung-und-kreativteam\/#primaryimage"},"thumbnailUrl":"https:\/\/www.markt-kom.com\/wp-content\/uploads\/2025\/02\/CRK_vlnr_Marco-Boeni_Sascha-Fanetti_Silvan-Gisler-1.jpg","keywords":["Business","CRK","Jobchange"],"articleSection":["MARKETING"],"inLanguage":"it-IT"},{"@type":"WebPage","@id":"https:\/\/www.organisator.ch\/marketing\/2025-02-26\/crk-erweitert-geschaeftsleitung-und-kreativteam\/","url":"https:\/\/www.organisator.ch\/marketing\/2025-02-26\/crk-erweitert-geschaeftsleitung-und-kreativteam\/","name":"CRK amplia il team manageriale e creativo - Organizzatore","isPartOf":{"@id":"https:\/\/www.organisator.ch\/#website"},"primaryImageOfPage":{"@id":"https:\/\/www.organisator.ch\/marketing\/2025-02-26\/crk-erweitert-geschaeftsleitung-und-kreativteam\/#primaryimage"},"image":{"@id":"https:\/\/www.organisator.ch\/marketing\/2025-02-26\/crk-erweitert-geschaeftsleitung-und-kreativteam\/#primaryimage"},"thumbnailUrl":"https:\/\/www.markt-kom.com\/wp-content\/uploads\/2025\/02\/CRK_vlnr_Marco-Boeni_Sascha-Fanetti_Silvan-Gisler-1.jpg","datePublished":"2025-02-26T06:54:41+00:00","description":"CRK rafforza il suo team di gestione con il COO Marco B\u00f6ni e i direttori creativi Sascha Fanetti e Silvan Gisler. Focus su digitale e creazione.","breadcrumb":{"@id":"https:\/\/www.organisator.ch\/marketing\/2025-02-26\/crk-erweitert-geschaeftsleitung-und-kreativteam\/#breadcrumb"},"inLanguage":"it-IT","potentialAction":[{"@type":"ReadAction","target":["https:\/\/www.organisator.ch\/marketing\/2025-02-26\/crk-erweitert-geschaeftsleitung-und-kreativteam\/"]}]},{"@type":"ImageObject","inLanguage":"it-IT","@id":"https:\/\/www.organisator.ch\/marketing\/2025-02-26\/crk-erweitert-geschaeftsleitung-und-kreativteam\/#primaryimage","url":"https:\/\/www.markt-kom.com\/wp-content\/uploads\/2025\/02\/CRK_vlnr_Marco-Boeni_Sascha-Fanetti_Silvan-Gisler-1.jpg","contentUrl":"https:\/\/www.markt-kom.com\/wp-content\/uploads\/2025\/02\/CRK_vlnr_Marco-Boeni_Sascha-Fanetti_Silvan-Gisler-1.jpg"},{"@type":"BreadcrumbList","@id":"https:\/\/www.organisator.ch\/marketing\/2025-02-26\/crk-erweitert-geschaeftsleitung-und-kreativteam\/#breadcrumb","itemListElement":[{"@type":"ListItem","position":1,"name":"Home","item":"https:\/\/www.organisator.ch\/"},{"@type":"ListItem","position":2,"name":"CRK erweitert Gesch\u00e4ftsleitung und Kreativteam"}]},{"@type":"WebSite","@id":"https:\/\/www.organisator.ch\/#website","url":"https:\/\/www.organisator.ch\/","name":"Organizzatore","description":"Competente. Pratico. In 10 numeri all'anno, ORGANISATOR presenta i temi essenziali per i manager delle PMI.","publisher":{"@id":"https:\/\/www.organisator.ch\/#organization"},"potentialAction":[{"@type":"SearchAction","target":{"@type":"EntryPoint","urlTemplate":"https:\/\/www.organisator.ch\/?s={search_term_string}"},"query-input":{"@type":"PropertyValueSpecification","valueRequired":true,"valueName":"search_term_string"}}],"inLanguage":"it-IT"},{"@type":"Organization","@id":"https:\/\/www.organisator.ch\/#organization","name":"Organizzatore","url":"https:\/\/www.organisator.ch\/","logo":{"@type":"ImageObject","inLanguage":"it-IT","@id":"https:\/\/www.organisator.ch\/#\/schema\/logo\/image\/","url":"https:\/\/www.organisator.ch\/wp-content\/uploads\/2022\/01\/Logo_Organisator_Website.png","contentUrl":"https:\/\/www.organisator.ch\/wp-content\/uploads\/2022\/01\/Logo_Organisator_Website.png","width":800,"height":77,"caption":"Organisator"},"image":{"@id":"https:\/\/www.organisator.ch\/#\/schema\/logo\/image\/"},"sameAs":["https:\/\/www.facebook.com\/OrganisatorFachmagazin","https:\/\/www.linkedin.com\/showcase\/organisator-das-magazin-fr-kmu","https:\/\/www.xing.com\/news\/pages\/organisator-ch-695","https:\/\/www.youtube.com\/channel\/UCGP2Sq0iWaZwT3BdIAQFYpw"]},{"@type":"Person","@id":"https:\/\/www.organisator.ch\/#\/schema\/person\/4e51799071cd2dd1232ac003643ef5f0","name":"galledia","image":{"@type":"ImageObject","inLanguage":"it-IT","@id":"https:\/\/secure.gravatar.com\/avatar\/78a7f90c01fc2bfc875782a0d4922b37cde2cf184ce347b91316d23cd7f69a36?s=96&d=mm&r=g","url":"https:\/\/secure.gravatar.com\/avatar\/78a7f90c01fc2bfc875782a0d4922b37cde2cf184ce347b91316d23cd7f69a36?s=96&d=mm&r=g","contentUrl":"https:\/\/secure.gravatar.com\/avatar\/78a7f90c01fc2bfc875782a0d4922b37cde2cf184ce347b91316d23cd7f69a36?s=96&d=mm&r=g","caption":"galledia"},"sameAs":["https:\/\/x.com\/admin"],"url":"https:\/\/www.organisator.ch\/it\/author\/galledia\/"}]}},"_links":{"self":[{"href":"https:\/\/www.organisator.ch\/it\/wp-json\/wp\/v2\/posts\/36393","targetHints":{"allow":["GET"]}}],"collection":[{"href":"https:\/\/www.organisator.ch\/it\/wp-json\/wp\/v2\/posts"}],"about":[{"href":"https:\/\/www.organisator.ch\/it\/wp-json\/wp\/v2\/types\/post"}],"author":[{"embeddable":true,"href":"https:\/\/www.organisator.ch\/it\/wp-json\/wp\/v2\/users\/8"}],"replies":[{"embeddable":true,"href":"https:\/\/www.organisator.ch\/it\/wp-json\/wp\/v2\/comments?post=36393"}],"version-history":[{"count":6,"href":"https:\/\/www.organisator.ch\/it\/wp-json\/wp\/v2\/posts\/36393\/revisions"}],"predecessor-version":[{"id":36448,"href":"https:\/\/www.organisator.ch\/it\/wp-json\/wp\/v2\/posts\/36393\/revisions\/36448"}],"wp:attachment":[{"href":"https:\/\/www.organisator.ch\/it\/wp-json\/wp\/v2\/media?parent=36393"}],"wp:term":[{"taxonomy":"category","embeddable":true,"href":"https:\/\/www.organisator.ch\/it\/wp-json\/wp\/v2\/categories?post=36393"},{"taxonomy":"post_tag","embeddable":true,"href":"https:\/\/www.organisator.ch\/it\/wp-json\/wp\/v2\/tags?post=36393"}],"curies":[{"name":"wp","href":"https:\/\/api.w.org\/{rel}","templated":true}]}}