{"id":36403,"date":"2025-02-26T10:20:23","date_gmt":"2025-02-26T09:20:23","guid":{"rendered":"https:\/\/www.organisator.ch\/?p=36403"},"modified":"2025-02-26T09:54:58","modified_gmt":"2025-02-26T08:54:58","slug":"schwere-zeiten-fuer-die-mem-branche-halten-an","status":"publish","type":"post","link":"https:\/\/www.organisator.ch\/it\/management\/2025-02-26\/schwere-zeiten-fuer-die-mem-branche-halten-an\/","title":{"rendered":"Continuano i tempi difficili per le industrie MEM"},"content":{"rendered":"<figure id=\"attachment_36405\" aria-describedby=\"caption-attachment-36405\" style=\"width: 680px\" class=\"wp-caption alignnone\"><img loading=\"lazy\" decoding=\"async\" class=\"size-full wp-image-36405\" src=\"https:\/\/www.organisator.ch\/wp-content\/uploads\/2025\/02\/Swissmechanic_Bild1_ps.jpg\" alt=\"\" width=\"680\" height=\"454\" srcset=\"https:\/\/www.organisator.ch\/wp-content\/uploads\/2025\/02\/Swissmechanic_Bild1_ps.jpg 680w, https:\/\/www.organisator.ch\/wp-content\/uploads\/2025\/02\/Swissmechanic_Bild1_ps-18x12.jpg 18w, https:\/\/www.organisator.ch\/wp-content\/uploads\/2025\/02\/Swissmechanic_Bild1_ps-375x250.jpg 375w, https:\/\/www.organisator.ch\/wp-content\/uploads\/2025\/02\/Swissmechanic_Bild1_ps-524x350.jpg 524w\" sizes=\"auto, (max-width: 680px) 100vw, 680px\" \/><figcaption id=\"caption-attachment-36405\" class=\"wp-caption-text\">L'indice del clima aziendale di Swissmechanic PMI-MEM mostra una situazione tesa nel settore MEM. Gli investimenti rimangono difficili. (Immagine: www.depositphotos.com)<\/figcaption><\/figure>\n<p>Quasi il 60 % delle aziende intervistate ha segnalato un calo degli ordini. Solo il 18 % delle aziende ha segnalato un aumento del fatturato. La maggior parte delle aziende non ritiene che la situazione migliorer\u00e0 a breve. Oltre 500 aziende hanno partecipato all'indagine trimestrale, un numero decisamente elevato.<\/p>\n<p>Il problema dei margini rimane particolarmente gravoso: il 51 % delle aziende dichiara margini stagnanti o negativi. I costi di produzione rimangono elevati, mentre i prezzi di vendita spesso non riescono ad aumentare nella stessa misura. Un altro problema fondamentale \u00e8 la volont\u00e0 fortemente limitata di investire: il 27 % delle aziende dichiara che le restrizioni finanziarie impediscono gli investimenti (nel novembre 2024, la cifra era di 25 %).<\/p>\n<h3><strong>Gli investimenti restano difficili<\/strong><\/h3>\n<p>L'incertezza dei mercati si riflette anche sulla disponibilit\u00e0 a investire. La situazione \u00e8 particolarmente critica per le aziende pi\u00f9 piccole, che hanno difficolt\u00e0 a mobilitare i propri fondi e a garantirsi una solida base di finanziamento a causa dell'erosione dei margini. Solo il 26 % delle aziende prevede di aumentare la propria capacit\u00e0 produttiva nel prossimo anno, il che ha un impatto negativo sullo sviluppo a lungo termine del settore.<\/p>\n<figure id=\"attachment_36406\" aria-describedby=\"caption-attachment-36406\" style=\"width: 680px\" class=\"wp-caption alignnone\"><img loading=\"lazy\" decoding=\"async\" class=\"size-full wp-image-36406\" src=\"https:\/\/www.organisator.ch\/wp-content\/uploads\/2025\/02\/Swissmechanic_Bild2_ps.jpg\" alt=\"\" width=\"680\" height=\"458\" srcset=\"https:\/\/www.organisator.ch\/wp-content\/uploads\/2025\/02\/Swissmechanic_Bild2_ps.jpg 680w, https:\/\/www.organisator.ch\/wp-content\/uploads\/2025\/02\/Swissmechanic_Bild2_ps-18x12.jpg 18w, https:\/\/www.organisator.ch\/wp-content\/uploads\/2025\/02\/Swissmechanic_Bild2_ps-375x253.jpg 375w, https:\/\/www.organisator.ch\/wp-content\/uploads\/2025\/02\/Swissmechanic_Bild2_ps-520x350.jpg 520w\" sizes=\"auto, (max-width: 680px) 100vw, 680px\" \/><figcaption id=\"caption-attachment-36406\" class=\"wp-caption-text\">Fonte: BAK Economics, sondaggio trimestrale Swissmechanic<\/figcaption><\/figure>\n<h3><strong>Prospettive: Nessuna ripresa rapida in vista<\/strong><\/h3>\n<p>Nonostante una leggera stabilizzazione del clima aziendale, solo poche aziende prevedono un rapido miglioramento. Solo il 14 % delle aziende prevede un miglioramento significativo della situazione nei prossimi tre mesi. L'elevato livello di incertezza dell'economia globale, unito alle sfide strutturali che il settore deve affrontare, lasciano presagire un'evoluzione ancora difficile.<\/p>\n<p>Swissmechanic invita i politici e le organizzazioni economiche a migliorare le condizioni quadro per le industrie MEM e a sostenere le PMI per garantire la loro competitivit\u00e0 e rafforzare il loro potere di investimento, ad esempio semplificando le normative.<\/p>\n<p><em><a href=\"https:\/\/www.swissmechanic.ch\/home\/gad_source\/1\/gclid\/cjwkcaialpu9bhajeiwa5ndsa3xj3brdhhdyzgxgee3sx21qwktnu0fdgdzropvi0bsr_ryi8jc1kbocuraqavd_bwe\">Ulteriori informazioni<\/a><\/em><\/p>","protected":false},"excerpt":{"rendered":"<p>L'indice del clima imprenditoriale di Swissmechanic PMI MEM del febbraio 2025 continua a mostrare una situazione di tensione nell'industria meccanica ed elettrotecnica (MEM). Il clima aziendale \u00e8 in territorio negativo da oltre 18 mesi, aggravato dalla debolezza della domanda estera, dal franco forte e dall'aumento dei costi di produzione.<\/p>","protected":false},"author":80,"featured_media":36405,"comment_status":"closed","ping_status":"closed","sticky":false,"template":"","format":"standard","meta":{"_acf_changed":false,"_yoast_wpseo_focuskw":"Gesch\u00e4ftsklimaindex","_yoast_wpseo_metadesc":"Der Swissmechanic KMU-MEM-Gesch\u00e4ftsklimaindex zeigt eine angespannte Lage in der MEM-Branche. Investitionen bleiben schwierig.","articlekey":"","footnotes":""},"categories":[28],"tags":[4627,301,4406,2712,424],"class_list":["post-36403","post","type-post","status-publish","format-standard","has-post-thumbnail","hentry","category-management","tag-geschaeftsklima","tag-kmu","tag-kmu-mem","tag-mem-branche","tag-schweiz"],"acf":[],"yoast_head":"<!-- This site is optimized with the Yoast SEO plugin v27.5 - https:\/\/yoast.com\/product\/yoast-seo-wordpress\/ -->\n<title>Schwere Zeiten f\u00fcr die MEM-Branche halten an - Organisator<\/title>\n<meta name=\"description\" content=\"Der Swissmechanic KMU-MEM-Gesch\u00e4ftsklimaindex zeigt eine angespannte Lage in der MEM-Branche. Investitionen bleiben schwierig.\" \/>\n<meta name=\"robots\" content=\"index, follow, max-snippet:-1, max-image-preview:large, max-video-preview:-1\" \/>\n<link rel=\"canonical\" href=\"https:\/\/www.organisator.ch\/it\/gestione-2\/2025-02-26\/schwere-zeiten-fuer-die-mem-branche-halten-an\/\" \/>\n<meta property=\"og:locale\" content=\"it_IT\" \/>\n<meta property=\"og:type\" content=\"article\" \/>\n<meta property=\"og:title\" content=\"Schwere Zeiten f\u00fcr die MEM-Branche halten an\" \/>\n<meta property=\"og:description\" content=\"Der Swissmechanic KMU-MEM-Gesch\u00e4ftsklimaindex zeigt eine angespannte Lage in der MEM-Branche. Investitionen bleiben schwierig.\" \/>\n<meta property=\"og:url\" content=\"https:\/\/www.organisator.ch\/it\/gestione-2\/2025-02-26\/schwere-zeiten-fuer-die-mem-branche-halten-an\/\" \/>\n<meta property=\"og:site_name\" content=\"Organisator\" \/>\n<meta property=\"article:publisher\" content=\"https:\/\/www.facebook.com\/OrganisatorFachmagazin\" \/>\n<meta property=\"article:published_time\" content=\"2025-02-26T09:20:23+00:00\" \/>\n<meta property=\"og:image\" content=\"https:\/\/www.organisator.ch\/wp-content\/uploads\/2025\/02\/Swissmechanic_Bild1_ps.jpg\" \/>\n\t<meta property=\"og:image:width\" content=\"680\" \/>\n\t<meta property=\"og:image:height\" content=\"454\" \/>\n\t<meta property=\"og:image:type\" content=\"image\/jpeg\" \/>\n<meta name=\"author\" content=\"Dzana Muminovic\" \/>\n<meta name=\"twitter:card\" content=\"summary_large_image\" \/>\n<meta name=\"twitter:title\" content=\"Schwere Zeiten f\u00fcr die MEM-Branche halten an\" \/>\n<meta name=\"twitter:description\" content=\"Der #Swissmechanic #KMU-#MEM-#Gesch\u00e4ftsklimaindex zeigt eine angespannte Lage in der MEM-Branche. #Investitionen bleiben schwierig.\" \/>\n<meta name=\"twitter:image\" content=\"https:\/\/www.organisator.ch\/wp-content\/uploads\/2025\/02\/Swissmechanic_Bild1_ps.jpg\" \/>\n<script type=\"application\/ld+json\" class=\"yoast-schema-graph\">{\"@context\":\"https:\\\/\\\/schema.org\",\"@graph\":[{\"@type\":\"Article\",\"@id\":\"https:\\\/\\\/www.organisator.ch\\\/management\\\/2025-02-26\\\/schwere-zeiten-fuer-die-mem-branche-halten-an\\\/#article\",\"isPartOf\":{\"@id\":\"https:\\\/\\\/www.organisator.ch\\\/management\\\/2025-02-26\\\/schwere-zeiten-fuer-die-mem-branche-halten-an\\\/\"},\"author\":{\"name\":\"Dzana Muminovic\",\"@id\":\"https:\\\/\\\/www.organisator.ch\\\/#\\\/schema\\\/person\\\/afccda3a71c06d4be2ed9100dd163db7\"},\"headline\":\"Schwere Zeiten f\u00fcr die MEM-Branche halten an\",\"datePublished\":\"2025-02-26T09:20:23+00:00\",\"mainEntityOfPage\":{\"@id\":\"https:\\\/\\\/www.organisator.ch\\\/management\\\/2025-02-26\\\/schwere-zeiten-fuer-die-mem-branche-halten-an\\\/\"},\"wordCount\":298,\"publisher\":{\"@id\":\"https:\\\/\\\/www.organisator.ch\\\/#organization\"},\"image\":{\"@id\":\"https:\\\/\\\/www.organisator.ch\\\/management\\\/2025-02-26\\\/schwere-zeiten-fuer-die-mem-branche-halten-an\\\/#primaryimage\"},\"thumbnailUrl\":\"https:\\\/\\\/www.organisator.ch\\\/wp-content\\\/uploads\\\/2025\\\/02\\\/Swissmechanic_Bild1_ps.jpg\",\"keywords\":[\"Gesch\u00e4ftsklima\",\"KMU\",\"KMU-MEM\",\"MEM-Branche\",\"Schweiz\"],\"articleSection\":[\"MANAGEMENT\"],\"inLanguage\":\"it-IT\"},{\"@type\":\"WebPage\",\"@id\":\"https:\\\/\\\/www.organisator.ch\\\/management\\\/2025-02-26\\\/schwere-zeiten-fuer-die-mem-branche-halten-an\\\/\",\"url\":\"https:\\\/\\\/www.organisator.ch\\\/management\\\/2025-02-26\\\/schwere-zeiten-fuer-die-mem-branche-halten-an\\\/\",\"name\":\"Schwere Zeiten f\u00fcr die MEM-Branche halten an - Organisator\",\"isPartOf\":{\"@id\":\"https:\\\/\\\/www.organisator.ch\\\/#website\"},\"primaryImageOfPage\":{\"@id\":\"https:\\\/\\\/www.organisator.ch\\\/management\\\/2025-02-26\\\/schwere-zeiten-fuer-die-mem-branche-halten-an\\\/#primaryimage\"},\"image\":{\"@id\":\"https:\\\/\\\/www.organisator.ch\\\/management\\\/2025-02-26\\\/schwere-zeiten-fuer-die-mem-branche-halten-an\\\/#primaryimage\"},\"thumbnailUrl\":\"https:\\\/\\\/www.organisator.ch\\\/wp-content\\\/uploads\\\/2025\\\/02\\\/Swissmechanic_Bild1_ps.jpg\",\"datePublished\":\"2025-02-26T09:20:23+00:00\",\"description\":\"Der Swissmechanic KMU-MEM-Gesch\u00e4ftsklimaindex zeigt eine angespannte Lage in der MEM-Branche. Investitionen bleiben schwierig.\",\"breadcrumb\":{\"@id\":\"https:\\\/\\\/www.organisator.ch\\\/management\\\/2025-02-26\\\/schwere-zeiten-fuer-die-mem-branche-halten-an\\\/#breadcrumb\"},\"inLanguage\":\"it-IT\",\"potentialAction\":[{\"@type\":\"ReadAction\",\"target\":[\"https:\\\/\\\/www.organisator.ch\\\/management\\\/2025-02-26\\\/schwere-zeiten-fuer-die-mem-branche-halten-an\\\/\"]}]},{\"@type\":\"ImageObject\",\"inLanguage\":\"it-IT\",\"@id\":\"https:\\\/\\\/www.organisator.ch\\\/management\\\/2025-02-26\\\/schwere-zeiten-fuer-die-mem-branche-halten-an\\\/#primaryimage\",\"url\":\"https:\\\/\\\/www.organisator.ch\\\/wp-content\\\/uploads\\\/2025\\\/02\\\/Swissmechanic_Bild1_ps.jpg\",\"contentUrl\":\"https:\\\/\\\/www.organisator.ch\\\/wp-content\\\/uploads\\\/2025\\\/02\\\/Swissmechanic_Bild1_ps.jpg\",\"width\":680,\"height\":454,\"caption\":\"Der Swissmechanic KMU-MEM-Gesch\u00e4ftsklimaindex zeigt eine angespannte Lage in der MEM-Branche. Investitionen bleiben schwierig. (Bild: www.depositphotos.com)\"},{\"@type\":\"BreadcrumbList\",\"@id\":\"https:\\\/\\\/www.organisator.ch\\\/management\\\/2025-02-26\\\/schwere-zeiten-fuer-die-mem-branche-halten-an\\\/#breadcrumb\",\"itemListElement\":[{\"@type\":\"ListItem\",\"position\":1,\"name\":\"Home\",\"item\":\"https:\\\/\\\/www.organisator.ch\\\/\"},{\"@type\":\"ListItem\",\"position\":2,\"name\":\"Schwere Zeiten f\u00fcr die MEM-Branche halten an\"}]},{\"@type\":\"WebSite\",\"@id\":\"https:\\\/\\\/www.organisator.ch\\\/#website\",\"url\":\"https:\\\/\\\/www.organisator.ch\\\/\",\"name\":\"Organisator\",\"description\":\"Kompetent. Praxisnah. Der ORGANISATOR bereitet in 10 Ausgaben pro Jahr die wesentlichen Themen f\u00fcr F\u00fchrungskr\u00e4fte von KMU auf.\",\"publisher\":{\"@id\":\"https:\\\/\\\/www.organisator.ch\\\/#organization\"},\"potentialAction\":[{\"@type\":\"SearchAction\",\"target\":{\"@type\":\"EntryPoint\",\"urlTemplate\":\"https:\\\/\\\/www.organisator.ch\\\/?s={search_term_string}\"},\"query-input\":{\"@type\":\"PropertyValueSpecification\",\"valueRequired\":true,\"valueName\":\"search_term_string\"}}],\"inLanguage\":\"it-IT\"},{\"@type\":\"Organization\",\"@id\":\"https:\\\/\\\/www.organisator.ch\\\/#organization\",\"name\":\"Organisator\",\"url\":\"https:\\\/\\\/www.organisator.ch\\\/\",\"logo\":{\"@type\":\"ImageObject\",\"inLanguage\":\"it-IT\",\"@id\":\"https:\\\/\\\/www.organisator.ch\\\/#\\\/schema\\\/logo\\\/image\\\/\",\"url\":\"https:\\\/\\\/www.organisator.ch\\\/wp-content\\\/uploads\\\/2022\\\/01\\\/Logo_Organisator_Website.png\",\"contentUrl\":\"https:\\\/\\\/www.organisator.ch\\\/wp-content\\\/uploads\\\/2022\\\/01\\\/Logo_Organisator_Website.png\",\"width\":800,\"height\":77,\"caption\":\"Organisator\"},\"image\":{\"@id\":\"https:\\\/\\\/www.organisator.ch\\\/#\\\/schema\\\/logo\\\/image\\\/\"},\"sameAs\":[\"https:\\\/\\\/www.facebook.com\\\/OrganisatorFachmagazin\",\"https:\\\/\\\/www.linkedin.com\\\/showcase\\\/organisator-das-magazin-fr-kmu\",\"https:\\\/\\\/www.xing.com\\\/news\\\/pages\\\/organisator-ch-695\",\"https:\\\/\\\/www.youtube.com\\\/channel\\\/UCGP2Sq0iWaZwT3BdIAQFYpw\"]},{\"@type\":\"Person\",\"@id\":\"https:\\\/\\\/www.organisator.ch\\\/#\\\/schema\\\/person\\\/afccda3a71c06d4be2ed9100dd163db7\",\"name\":\"Dzana Muminovic\",\"image\":{\"@type\":\"ImageObject\",\"inLanguage\":\"it-IT\",\"@id\":\"https:\\\/\\\/secure.gravatar.com\\\/avatar\\\/909c5c71aff4b38e88686f2ab2f1ba152571f394f41ed8bae431ea56ced93050?s=96&d=mm&r=g\",\"url\":\"https:\\\/\\\/secure.gravatar.com\\\/avatar\\\/909c5c71aff4b38e88686f2ab2f1ba152571f394f41ed8bae431ea56ced93050?s=96&d=mm&r=g\",\"contentUrl\":\"https:\\\/\\\/secure.gravatar.com\\\/avatar\\\/909c5c71aff4b38e88686f2ab2f1ba152571f394f41ed8bae431ea56ced93050?s=96&d=mm&r=g\",\"caption\":\"Dzana Muminovic\"},\"url\":\"https:\\\/\\\/www.organisator.ch\\\/it\\\/author\\\/dzana-muminovic\\\/\"}]}<\/script>\n<!-- \/ Yoast SEO plugin. -->","yoast_head_json":{"title":"Continuano i momenti difficili per le industrie MEM - Organizzatore","description":"L'indice del clima aziendale di Swissmechanic PMI-MEM mostra una situazione tesa nel settore MEM. Gli investimenti rimangono difficili.","robots":{"index":"index","follow":"follow","max-snippet":"max-snippet:-1","max-image-preview":"max-image-preview:large","max-video-preview":"max-video-preview:-1"},"canonical":"https:\/\/www.organisator.ch\/it\/gestione-2\/2025-02-26\/schwere-zeiten-fuer-die-mem-branche-halten-an\/","og_locale":"it_IT","og_type":"article","og_title":"Schwere Zeiten f\u00fcr die MEM-Branche halten an","og_description":"Der Swissmechanic KMU-MEM-Gesch\u00e4ftsklimaindex zeigt eine angespannte Lage in der MEM-Branche. Investitionen bleiben schwierig.","og_url":"https:\/\/www.organisator.ch\/it\/gestione-2\/2025-02-26\/schwere-zeiten-fuer-die-mem-branche-halten-an\/","og_site_name":"Organisator","article_publisher":"https:\/\/www.facebook.com\/OrganisatorFachmagazin","article_published_time":"2025-02-26T09:20:23+00:00","og_image":[{"width":680,"height":454,"url":"https:\/\/www.organisator.ch\/wp-content\/uploads\/2025\/02\/Swissmechanic_Bild1_ps.jpg","type":"image\/jpeg"}],"author":"Dzana Muminovic","twitter_card":"summary_large_image","twitter_title":"Schwere Zeiten f\u00fcr die MEM-Branche halten an","twitter_description":"Der #Swissmechanic #KMU-#MEM-#Gesch\u00e4ftsklimaindex zeigt eine angespannte Lage in der MEM-Branche. #Investitionen bleiben schwierig.","twitter_image":"https:\/\/www.organisator.ch\/wp-content\/uploads\/2025\/02\/Swissmechanic_Bild1_ps.jpg","schema":{"@context":"https:\/\/schema.org","@graph":[{"@type":"Article","@id":"https:\/\/www.organisator.ch\/management\/2025-02-26\/schwere-zeiten-fuer-die-mem-branche-halten-an\/#article","isPartOf":{"@id":"https:\/\/www.organisator.ch\/management\/2025-02-26\/schwere-zeiten-fuer-die-mem-branche-halten-an\/"},"author":{"name":"Dzana Muminovic","@id":"https:\/\/www.organisator.ch\/#\/schema\/person\/afccda3a71c06d4be2ed9100dd163db7"},"headline":"Schwere Zeiten f\u00fcr die MEM-Branche halten an","datePublished":"2025-02-26T09:20:23+00:00","mainEntityOfPage":{"@id":"https:\/\/www.organisator.ch\/management\/2025-02-26\/schwere-zeiten-fuer-die-mem-branche-halten-an\/"},"wordCount":298,"publisher":{"@id":"https:\/\/www.organisator.ch\/#organization"},"image":{"@id":"https:\/\/www.organisator.ch\/management\/2025-02-26\/schwere-zeiten-fuer-die-mem-branche-halten-an\/#primaryimage"},"thumbnailUrl":"https:\/\/www.organisator.ch\/wp-content\/uploads\/2025\/02\/Swissmechanic_Bild1_ps.jpg","keywords":["Gesch\u00e4ftsklima","KMU","KMU-MEM","MEM-Branche","Schweiz"],"articleSection":["MANAGEMENT"],"inLanguage":"it-IT"},{"@type":"WebPage","@id":"https:\/\/www.organisator.ch\/management\/2025-02-26\/schwere-zeiten-fuer-die-mem-branche-halten-an\/","url":"https:\/\/www.organisator.ch\/management\/2025-02-26\/schwere-zeiten-fuer-die-mem-branche-halten-an\/","name":"Continuano i momenti difficili per le industrie MEM - Organizzatore","isPartOf":{"@id":"https:\/\/www.organisator.ch\/#website"},"primaryImageOfPage":{"@id":"https:\/\/www.organisator.ch\/management\/2025-02-26\/schwere-zeiten-fuer-die-mem-branche-halten-an\/#primaryimage"},"image":{"@id":"https:\/\/www.organisator.ch\/management\/2025-02-26\/schwere-zeiten-fuer-die-mem-branche-halten-an\/#primaryimage"},"thumbnailUrl":"https:\/\/www.organisator.ch\/wp-content\/uploads\/2025\/02\/Swissmechanic_Bild1_ps.jpg","datePublished":"2025-02-26T09:20:23+00:00","description":"L'indice del clima aziendale di Swissmechanic PMI-MEM mostra una situazione tesa nel settore MEM. Gli investimenti rimangono difficili.","breadcrumb":{"@id":"https:\/\/www.organisator.ch\/management\/2025-02-26\/schwere-zeiten-fuer-die-mem-branche-halten-an\/#breadcrumb"},"inLanguage":"it-IT","potentialAction":[{"@type":"ReadAction","target":["https:\/\/www.organisator.ch\/management\/2025-02-26\/schwere-zeiten-fuer-die-mem-branche-halten-an\/"]}]},{"@type":"ImageObject","inLanguage":"it-IT","@id":"https:\/\/www.organisator.ch\/management\/2025-02-26\/schwere-zeiten-fuer-die-mem-branche-halten-an\/#primaryimage","url":"https:\/\/www.organisator.ch\/wp-content\/uploads\/2025\/02\/Swissmechanic_Bild1_ps.jpg","contentUrl":"https:\/\/www.organisator.ch\/wp-content\/uploads\/2025\/02\/Swissmechanic_Bild1_ps.jpg","width":680,"height":454,"caption":"Der Swissmechanic KMU-MEM-Gesch\u00e4ftsklimaindex zeigt eine angespannte Lage in der MEM-Branche. Investitionen bleiben schwierig. (Bild: www.depositphotos.com)"},{"@type":"BreadcrumbList","@id":"https:\/\/www.organisator.ch\/management\/2025-02-26\/schwere-zeiten-fuer-die-mem-branche-halten-an\/#breadcrumb","itemListElement":[{"@type":"ListItem","position":1,"name":"Home","item":"https:\/\/www.organisator.ch\/"},{"@type":"ListItem","position":2,"name":"Schwere Zeiten f\u00fcr die MEM-Branche halten an"}]},{"@type":"WebSite","@id":"https:\/\/www.organisator.ch\/#website","url":"https:\/\/www.organisator.ch\/","name":"Organizzatore","description":"Competente. Pratico. In 10 numeri all'anno, ORGANISATOR presenta i temi essenziali per i manager delle PMI.","publisher":{"@id":"https:\/\/www.organisator.ch\/#organization"},"potentialAction":[{"@type":"SearchAction","target":{"@type":"EntryPoint","urlTemplate":"https:\/\/www.organisator.ch\/?s={search_term_string}"},"query-input":{"@type":"PropertyValueSpecification","valueRequired":true,"valueName":"search_term_string"}}],"inLanguage":"it-IT"},{"@type":"Organization","@id":"https:\/\/www.organisator.ch\/#organization","name":"Organizzatore","url":"https:\/\/www.organisator.ch\/","logo":{"@type":"ImageObject","inLanguage":"it-IT","@id":"https:\/\/www.organisator.ch\/#\/schema\/logo\/image\/","url":"https:\/\/www.organisator.ch\/wp-content\/uploads\/2022\/01\/Logo_Organisator_Website.png","contentUrl":"https:\/\/www.organisator.ch\/wp-content\/uploads\/2022\/01\/Logo_Organisator_Website.png","width":800,"height":77,"caption":"Organisator"},"image":{"@id":"https:\/\/www.organisator.ch\/#\/schema\/logo\/image\/"},"sameAs":["https:\/\/www.facebook.com\/OrganisatorFachmagazin","https:\/\/www.linkedin.com\/showcase\/organisator-das-magazin-fr-kmu","https:\/\/www.xing.com\/news\/pages\/organisator-ch-695","https:\/\/www.youtube.com\/channel\/UCGP2Sq0iWaZwT3BdIAQFYpw"]},{"@type":"Person","@id":"https:\/\/www.organisator.ch\/#\/schema\/person\/afccda3a71c06d4be2ed9100dd163db7","name":"Dzana Muminovic","image":{"@type":"ImageObject","inLanguage":"it-IT","@id":"https:\/\/secure.gravatar.com\/avatar\/909c5c71aff4b38e88686f2ab2f1ba152571f394f41ed8bae431ea56ced93050?s=96&d=mm&r=g","url":"https:\/\/secure.gravatar.com\/avatar\/909c5c71aff4b38e88686f2ab2f1ba152571f394f41ed8bae431ea56ced93050?s=96&d=mm&r=g","contentUrl":"https:\/\/secure.gravatar.com\/avatar\/909c5c71aff4b38e88686f2ab2f1ba152571f394f41ed8bae431ea56ced93050?s=96&d=mm&r=g","caption":"Dzana Muminovic"},"url":"https:\/\/www.organisator.ch\/it\/author\/dzana-muminovic\/"}]}},"_links":{"self":[{"href":"https:\/\/www.organisator.ch\/it\/wp-json\/wp\/v2\/posts\/36403","targetHints":{"allow":["GET"]}}],"collection":[{"href":"https:\/\/www.organisator.ch\/it\/wp-json\/wp\/v2\/posts"}],"about":[{"href":"https:\/\/www.organisator.ch\/it\/wp-json\/wp\/v2\/types\/post"}],"author":[{"embeddable":true,"href":"https:\/\/www.organisator.ch\/it\/wp-json\/wp\/v2\/users\/80"}],"replies":[{"embeddable":true,"href":"https:\/\/www.organisator.ch\/it\/wp-json\/wp\/v2\/comments?post=36403"}],"version-history":[{"count":3,"href":"https:\/\/www.organisator.ch\/it\/wp-json\/wp\/v2\/posts\/36403\/revisions"}],"predecessor-version":[{"id":36446,"href":"https:\/\/www.organisator.ch\/it\/wp-json\/wp\/v2\/posts\/36403\/revisions\/36446"}],"wp:featuredmedia":[{"embeddable":true,"href":"https:\/\/www.organisator.ch\/it\/wp-json\/wp\/v2\/media\/36405"}],"wp:attachment":[{"href":"https:\/\/www.organisator.ch\/it\/wp-json\/wp\/v2\/media?parent=36403"}],"wp:term":[{"taxonomy":"category","embeddable":true,"href":"https:\/\/www.organisator.ch\/it\/wp-json\/wp\/v2\/categories?post=36403"},{"taxonomy":"post_tag","embeddable":true,"href":"https:\/\/www.organisator.ch\/it\/wp-json\/wp\/v2\/tags?post=36403"}],"curies":[{"name":"wp","href":"https:\/\/api.w.org\/{rel}","templated":true}]}}