{"id":36431,"date":"2025-02-27T07:30:09","date_gmt":"2025-02-27T06:30:09","guid":{"rendered":"https:\/\/www.markt-kom.com\/?p=231084"},"modified":"2025-02-27T07:20:15","modified_gmt":"2025-02-27T06:20:15","slug":"andre-caradonna-wird-neuer-leiter-marketing-am-maz-in-luzern","status":"publish","type":"post","link":"https:\/\/www.organisator.ch\/it\/marketing\/2025-02-27\/andre-caradonna-wird-neuer-leiter-marketing-am-maz-in-luzern\/","title":{"rendered":"Andr\u00e9 Caradonna diventa il nuovo responsabile marketing di Maz a Lucerna"},"content":{"rendered":"<figure id=\"attachment_231085\" class=\"wp-caption aligncenter\" style=\"width: 1200px;\" aria-describedby=\"caption-attachment-231085\"><a href=\"https:\/\/www.markt-kom.com\/wp-content\/uploads\/2025\/02\/Andre-Caradonna.jpg\"><img class=\"size-full wp-image-231085\" src=\"https:\/\/www.markt-kom.com\/wp-content\/uploads\/2025\/02\/Andre-Caradonna.jpg\" sizes=\"(max-width: 1200px) 100vw, 1200px\" srcset=\"https:\/\/www.markt-kom.com\/wp-content\/uploads\/2025\/02\/Andre-Caradonna.jpg 1200w, https:\/\/www.markt-kom.com\/wp-content\/uploads\/2025\/02\/Andre-Caradonna-600x450.jpg 600w, https:\/\/www.markt-kom.com\/wp-content\/uploads\/2025\/02\/Andre-Caradonna-1024x768.jpg 1024w, https:\/\/www.markt-kom.com\/wp-content\/uploads\/2025\/02\/Andre-Caradonna-768x576.jpg 768w, https:\/\/www.markt-kom.com\/wp-content\/uploads\/2025\/02\/Andre-Caradonna-16x12.jpg 16w, https:\/\/www.markt-kom.com\/wp-content\/uploads\/2025\/02\/Andre-Caradonna-233x175.jpg 233w, https:\/\/www.markt-kom.com\/wp-content\/uploads\/2025\/02\/Andre-Caradonna-467x350.jpg 467w, https:\/\/www.markt-kom.com\/wp-content\/uploads\/2025\/02\/Andre-Caradonna-1000x750.jpg 1000w\" alt=\"\" width=\"1200\" height=\"900\" \/><\/a>\r\n<figcaption id=\"caption-attachment-231085\" class=\"wp-caption-text\">(Immagine: zVg.)<\/figcaption>\r\n<\/figure>\r\n<p>Nel suo ruolo, Andr\u00e9 Caradonna \u00e8 responsabile dello sviluppo strategico e operativo delle attivit\u00e0 di marketing di Maz. Il suo obiettivo \u00e8 quello di rafforzare ulteriormente la posizione dell'istituzione come centro di formazione leader nel settore del giornalismo e della comunicazione.<\/p>\r\n<p>\"Non vediamo l'ora di dare il benvenuto ad Andr\u00e9 Caradonna, con la sua vasta competenza ed esperienza di marketing. Ci stiamo concentrando su un marketing moderno e mirato per aumentare ulteriormente la nostra portata e il nostro impatto nel settore dell'istruzione\", ha dichiarato Martina Fehr, CEO di Maz, in un comunicato stampa.<\/p>\r\n<p>Caradonna ha studiato scienze dei media e della comunicazione, giornalismo e sociologia all'Universit\u00e0 di Friburgo. Ha poi lavorato per diversi anni in varie agenzie prima di passare al settore aziendale. In qualit\u00e0 di responsabile PR\/Sponsoring presso Swisscom, ha promosso la divisione clienti commerciali, mentre presso Bernexpo Groupe \u00e8 stato responsabile della comunicazione aziendale e di prodotto. Ha lavorato anche per il Gruppo Insel e per Ender Diagnostics, in ogni caso come responsabile della comunicazione e del marketing.<\/p>\r\n<p>Andr\u00e9 Caradonna assumer\u00e0 il suo nuovo ruolo presso Maz con un carico di lavoro dell'80%. Rimarr\u00e0 inoltre attivo come \"KreativAgent Caradonna\" e supporter\u00e0 le aziende con concetti e progetti di marketing.<\/p>","protected":false},"excerpt":{"rendered":"<p>Il Centro di competenza per il giornalismo e la comunicazione Maz d\u00e0 il benvenuto ad Andr\u00e9 Caradonna come nuovo responsabile del marketing dall'inizio di marzo 2025. Succede a Victoria Arnold.<\/p>","protected":false},"author":8,"featured_media":0,"comment_status":"closed","ping_status":"closed","sticky":false,"template":"","format":"standard","meta":{"_acf_changed":false,"_yoast_wpseo_focuskw":"Andr\u00e9 Caradonna","_yoast_wpseo_metadesc":"Andr\u00e9 Caradonna wird neuer Leiter Marketing am Maz. Er verantwortet die strategische Weiterentwicklung der Marketingaktivit\u00e4ten.","articlekey":"","footnotes":""},"categories":[29],"tags":[4345,2853,4008],"class_list":["post-36431","post","type-post","status-publish","format-standard","hentry","category-marketing","tag-business","tag-jobchange","tag-maz"],"acf":[],"yoast_head":"<!-- This site is optimized with the Yoast SEO plugin v27.5 - https:\/\/yoast.com\/product\/yoast-seo-wordpress\/ -->\n<title>Andr\u00e9 Caradonna wird neuer Leiter Marketing am Maz in Luzern - Organisator<\/title>\n<meta name=\"description\" content=\"Andr\u00e9 Caradonna wird neuer Leiter Marketing am Maz. Er verantwortet die strategische Weiterentwicklung der Marketingaktivit\u00e4ten.\" \/>\n<meta name=\"robots\" content=\"index, follow, max-snippet:-1, max-image-preview:large, max-video-preview:-1\" \/>\n<link rel=\"canonical\" href=\"https:\/\/www.organisator.ch\/it\/marketing\/2025-02-27\/andre-caradonna-wird-neuer-leiter-marketing-am-maz-in-luzern\/\" \/>\n<meta property=\"og:locale\" content=\"it_IT\" \/>\n<meta property=\"og:type\" content=\"article\" \/>\n<meta property=\"og:title\" content=\"Andr\u00e9 Caradonna wird neuer Leiter Marketing am Maz in Luzern - Organisator\" \/>\n<meta property=\"og:description\" content=\"Andr\u00e9 Caradonna wird neuer Leiter Marketing am Maz. Er verantwortet die strategische Weiterentwicklung der Marketingaktivit\u00e4ten.\" \/>\n<meta property=\"og:url\" content=\"https:\/\/www.organisator.ch\/it\/marketing\/2025-02-27\/andre-caradonna-wird-neuer-leiter-marketing-am-maz-in-luzern\/\" \/>\n<meta property=\"og:site_name\" content=\"Organisator\" \/>\n<meta property=\"article:publisher\" content=\"https:\/\/www.facebook.com\/OrganisatorFachmagazin\" \/>\n<meta property=\"article:published_time\" content=\"2025-02-27T06:30:09+00:00\" \/>\n<meta name=\"author\" content=\"galledia\" \/>\n<meta name=\"twitter:card\" content=\"summary_large_image\" \/>\n<meta name=\"twitter:creator\" content=\"@admin\" \/>\n<script type=\"application\/ld+json\" class=\"yoast-schema-graph\">{\"@context\":\"https:\\\/\\\/schema.org\",\"@graph\":[{\"@type\":\"Article\",\"@id\":\"https:\\\/\\\/www.organisator.ch\\\/marketing\\\/2025-02-27\\\/andre-caradonna-wird-neuer-leiter-marketing-am-maz-in-luzern\\\/#article\",\"isPartOf\":{\"@id\":\"https:\\\/\\\/www.organisator.ch\\\/marketing\\\/2025-02-27\\\/andre-caradonna-wird-neuer-leiter-marketing-am-maz-in-luzern\\\/\"},\"author\":{\"name\":\"galledia\",\"@id\":\"https:\\\/\\\/www.organisator.ch\\\/#\\\/schema\\\/person\\\/4e51799071cd2dd1232ac003643ef5f0\"},\"headline\":\"Andr\u00e9 Caradonna wird neuer Leiter Marketing am Maz in Luzern\",\"datePublished\":\"2025-02-27T06:30:09+00:00\",\"mainEntityOfPage\":{\"@id\":\"https:\\\/\\\/www.organisator.ch\\\/marketing\\\/2025-02-27\\\/andre-caradonna-wird-neuer-leiter-marketing-am-maz-in-luzern\\\/\"},\"wordCount\":187,\"publisher\":{\"@id\":\"https:\\\/\\\/www.organisator.ch\\\/#organization\"},\"image\":{\"@id\":\"https:\\\/\\\/www.organisator.ch\\\/marketing\\\/2025-02-27\\\/andre-caradonna-wird-neuer-leiter-marketing-am-maz-in-luzern\\\/#primaryimage\"},\"thumbnailUrl\":\"https:\\\/\\\/www.markt-kom.com\\\/wp-content\\\/uploads\\\/2025\\\/02\\\/Andre-Caradonna.jpg\",\"keywords\":[\"Business\",\"Jobchange\",\"Maz\"],\"articleSection\":[\"MARKETING\"],\"inLanguage\":\"it-IT\"},{\"@type\":\"WebPage\",\"@id\":\"https:\\\/\\\/www.organisator.ch\\\/marketing\\\/2025-02-27\\\/andre-caradonna-wird-neuer-leiter-marketing-am-maz-in-luzern\\\/\",\"url\":\"https:\\\/\\\/www.organisator.ch\\\/marketing\\\/2025-02-27\\\/andre-caradonna-wird-neuer-leiter-marketing-am-maz-in-luzern\\\/\",\"name\":\"Andr\u00e9 Caradonna wird neuer Leiter Marketing am Maz in Luzern - Organisator\",\"isPartOf\":{\"@id\":\"https:\\\/\\\/www.organisator.ch\\\/#website\"},\"primaryImageOfPage\":{\"@id\":\"https:\\\/\\\/www.organisator.ch\\\/marketing\\\/2025-02-27\\\/andre-caradonna-wird-neuer-leiter-marketing-am-maz-in-luzern\\\/#primaryimage\"},\"image\":{\"@id\":\"https:\\\/\\\/www.organisator.ch\\\/marketing\\\/2025-02-27\\\/andre-caradonna-wird-neuer-leiter-marketing-am-maz-in-luzern\\\/#primaryimage\"},\"thumbnailUrl\":\"https:\\\/\\\/www.markt-kom.com\\\/wp-content\\\/uploads\\\/2025\\\/02\\\/Andre-Caradonna.jpg\",\"datePublished\":\"2025-02-27T06:30:09+00:00\",\"description\":\"Andr\u00e9 Caradonna wird neuer Leiter Marketing am Maz. Er verantwortet die strategische Weiterentwicklung der Marketingaktivit\u00e4ten.\",\"breadcrumb\":{\"@id\":\"https:\\\/\\\/www.organisator.ch\\\/marketing\\\/2025-02-27\\\/andre-caradonna-wird-neuer-leiter-marketing-am-maz-in-luzern\\\/#breadcrumb\"},\"inLanguage\":\"it-IT\",\"potentialAction\":[{\"@type\":\"ReadAction\",\"target\":[\"https:\\\/\\\/www.organisator.ch\\\/marketing\\\/2025-02-27\\\/andre-caradonna-wird-neuer-leiter-marketing-am-maz-in-luzern\\\/\"]}]},{\"@type\":\"ImageObject\",\"inLanguage\":\"it-IT\",\"@id\":\"https:\\\/\\\/www.organisator.ch\\\/marketing\\\/2025-02-27\\\/andre-caradonna-wird-neuer-leiter-marketing-am-maz-in-luzern\\\/#primaryimage\",\"url\":\"https:\\\/\\\/www.markt-kom.com\\\/wp-content\\\/uploads\\\/2025\\\/02\\\/Andre-Caradonna.jpg\",\"contentUrl\":\"https:\\\/\\\/www.markt-kom.com\\\/wp-content\\\/uploads\\\/2025\\\/02\\\/Andre-Caradonna.jpg\"},{\"@type\":\"BreadcrumbList\",\"@id\":\"https:\\\/\\\/www.organisator.ch\\\/marketing\\\/2025-02-27\\\/andre-caradonna-wird-neuer-leiter-marketing-am-maz-in-luzern\\\/#breadcrumb\",\"itemListElement\":[{\"@type\":\"ListItem\",\"position\":1,\"name\":\"Home\",\"item\":\"https:\\\/\\\/www.organisator.ch\\\/\"},{\"@type\":\"ListItem\",\"position\":2,\"name\":\"Andr\u00e9 Caradonna wird neuer Leiter Marketing am Maz in Luzern\"}]},{\"@type\":\"WebSite\",\"@id\":\"https:\\\/\\\/www.organisator.ch\\\/#website\",\"url\":\"https:\\\/\\\/www.organisator.ch\\\/\",\"name\":\"Organisator\",\"description\":\"Kompetent. Praxisnah. Der ORGANISATOR bereitet in 10 Ausgaben pro Jahr die wesentlichen Themen f\u00fcr F\u00fchrungskr\u00e4fte von KMU auf.\",\"publisher\":{\"@id\":\"https:\\\/\\\/www.organisator.ch\\\/#organization\"},\"potentialAction\":[{\"@type\":\"SearchAction\",\"target\":{\"@type\":\"EntryPoint\",\"urlTemplate\":\"https:\\\/\\\/www.organisator.ch\\\/?s={search_term_string}\"},\"query-input\":{\"@type\":\"PropertyValueSpecification\",\"valueRequired\":true,\"valueName\":\"search_term_string\"}}],\"inLanguage\":\"it-IT\"},{\"@type\":\"Organization\",\"@id\":\"https:\\\/\\\/www.organisator.ch\\\/#organization\",\"name\":\"Organisator\",\"url\":\"https:\\\/\\\/www.organisator.ch\\\/\",\"logo\":{\"@type\":\"ImageObject\",\"inLanguage\":\"it-IT\",\"@id\":\"https:\\\/\\\/www.organisator.ch\\\/#\\\/schema\\\/logo\\\/image\\\/\",\"url\":\"https:\\\/\\\/www.organisator.ch\\\/wp-content\\\/uploads\\\/2022\\\/01\\\/Logo_Organisator_Website.png\",\"contentUrl\":\"https:\\\/\\\/www.organisator.ch\\\/wp-content\\\/uploads\\\/2022\\\/01\\\/Logo_Organisator_Website.png\",\"width\":800,\"height\":77,\"caption\":\"Organisator\"},\"image\":{\"@id\":\"https:\\\/\\\/www.organisator.ch\\\/#\\\/schema\\\/logo\\\/image\\\/\"},\"sameAs\":[\"https:\\\/\\\/www.facebook.com\\\/OrganisatorFachmagazin\",\"https:\\\/\\\/www.linkedin.com\\\/showcase\\\/organisator-das-magazin-fr-kmu\",\"https:\\\/\\\/www.xing.com\\\/news\\\/pages\\\/organisator-ch-695\",\"https:\\\/\\\/www.youtube.com\\\/channel\\\/UCGP2Sq0iWaZwT3BdIAQFYpw\"]},{\"@type\":\"Person\",\"@id\":\"https:\\\/\\\/www.organisator.ch\\\/#\\\/schema\\\/person\\\/4e51799071cd2dd1232ac003643ef5f0\",\"name\":\"galledia\",\"image\":{\"@type\":\"ImageObject\",\"inLanguage\":\"it-IT\",\"@id\":\"https:\\\/\\\/secure.gravatar.com\\\/avatar\\\/78a7f90c01fc2bfc875782a0d4922b37cde2cf184ce347b91316d23cd7f69a36?s=96&d=mm&r=g\",\"url\":\"https:\\\/\\\/secure.gravatar.com\\\/avatar\\\/78a7f90c01fc2bfc875782a0d4922b37cde2cf184ce347b91316d23cd7f69a36?s=96&d=mm&r=g\",\"contentUrl\":\"https:\\\/\\\/secure.gravatar.com\\\/avatar\\\/78a7f90c01fc2bfc875782a0d4922b37cde2cf184ce347b91316d23cd7f69a36?s=96&d=mm&r=g\",\"caption\":\"galledia\"},\"sameAs\":[\"https:\\\/\\\/x.com\\\/admin\"],\"url\":\"https:\\\/\\\/www.organisator.ch\\\/it\\\/author\\\/galledia\\\/\"}]}<\/script>\n<!-- \/ Yoast SEO plugin. -->","yoast_head_json":{"title":"Andr\u00e9 Caradonna diventa il nuovo responsabile marketing del Maz di Lucerna - Organizzatore","description":"Andr\u00e9 Caradonna \u00e8 il nuovo responsabile marketing di Maz. \u00c8 responsabile dello sviluppo strategico delle attivit\u00e0 di marketing.","robots":{"index":"index","follow":"follow","max-snippet":"max-snippet:-1","max-image-preview":"max-image-preview:large","max-video-preview":"max-video-preview:-1"},"canonical":"https:\/\/www.organisator.ch\/it\/marketing\/2025-02-27\/andre-caradonna-wird-neuer-leiter-marketing-am-maz-in-luzern\/","og_locale":"it_IT","og_type":"article","og_title":"Andr\u00e9 Caradonna wird neuer Leiter Marketing am Maz in Luzern - Organisator","og_description":"Andr\u00e9 Caradonna wird neuer Leiter Marketing am Maz. Er verantwortet die strategische Weiterentwicklung der Marketingaktivit\u00e4ten.","og_url":"https:\/\/www.organisator.ch\/it\/marketing\/2025-02-27\/andre-caradonna-wird-neuer-leiter-marketing-am-maz-in-luzern\/","og_site_name":"Organisator","article_publisher":"https:\/\/www.facebook.com\/OrganisatorFachmagazin","article_published_time":"2025-02-27T06:30:09+00:00","author":"galledia","twitter_card":"summary_large_image","twitter_creator":"@admin","schema":{"@context":"https:\/\/schema.org","@graph":[{"@type":"Article","@id":"https:\/\/www.organisator.ch\/marketing\/2025-02-27\/andre-caradonna-wird-neuer-leiter-marketing-am-maz-in-luzern\/#article","isPartOf":{"@id":"https:\/\/www.organisator.ch\/marketing\/2025-02-27\/andre-caradonna-wird-neuer-leiter-marketing-am-maz-in-luzern\/"},"author":{"name":"galledia","@id":"https:\/\/www.organisator.ch\/#\/schema\/person\/4e51799071cd2dd1232ac003643ef5f0"},"headline":"Andr\u00e9 Caradonna wird neuer Leiter Marketing am Maz in Luzern","datePublished":"2025-02-27T06:30:09+00:00","mainEntityOfPage":{"@id":"https:\/\/www.organisator.ch\/marketing\/2025-02-27\/andre-caradonna-wird-neuer-leiter-marketing-am-maz-in-luzern\/"},"wordCount":187,"publisher":{"@id":"https:\/\/www.organisator.ch\/#organization"},"image":{"@id":"https:\/\/www.organisator.ch\/marketing\/2025-02-27\/andre-caradonna-wird-neuer-leiter-marketing-am-maz-in-luzern\/#primaryimage"},"thumbnailUrl":"https:\/\/www.markt-kom.com\/wp-content\/uploads\/2025\/02\/Andre-Caradonna.jpg","keywords":["Business","Jobchange","Maz"],"articleSection":["MARKETING"],"inLanguage":"it-IT"},{"@type":"WebPage","@id":"https:\/\/www.organisator.ch\/marketing\/2025-02-27\/andre-caradonna-wird-neuer-leiter-marketing-am-maz-in-luzern\/","url":"https:\/\/www.organisator.ch\/marketing\/2025-02-27\/andre-caradonna-wird-neuer-leiter-marketing-am-maz-in-luzern\/","name":"Andr\u00e9 Caradonna diventa il nuovo responsabile marketing del Maz di Lucerna - Organizzatore","isPartOf":{"@id":"https:\/\/www.organisator.ch\/#website"},"primaryImageOfPage":{"@id":"https:\/\/www.organisator.ch\/marketing\/2025-02-27\/andre-caradonna-wird-neuer-leiter-marketing-am-maz-in-luzern\/#primaryimage"},"image":{"@id":"https:\/\/www.organisator.ch\/marketing\/2025-02-27\/andre-caradonna-wird-neuer-leiter-marketing-am-maz-in-luzern\/#primaryimage"},"thumbnailUrl":"https:\/\/www.markt-kom.com\/wp-content\/uploads\/2025\/02\/Andre-Caradonna.jpg","datePublished":"2025-02-27T06:30:09+00:00","description":"Andr\u00e9 Caradonna \u00e8 il nuovo responsabile marketing di Maz. \u00c8 responsabile dello sviluppo strategico delle attivit\u00e0 di marketing.","breadcrumb":{"@id":"https:\/\/www.organisator.ch\/marketing\/2025-02-27\/andre-caradonna-wird-neuer-leiter-marketing-am-maz-in-luzern\/#breadcrumb"},"inLanguage":"it-IT","potentialAction":[{"@type":"ReadAction","target":["https:\/\/www.organisator.ch\/marketing\/2025-02-27\/andre-caradonna-wird-neuer-leiter-marketing-am-maz-in-luzern\/"]}]},{"@type":"ImageObject","inLanguage":"it-IT","@id":"https:\/\/www.organisator.ch\/marketing\/2025-02-27\/andre-caradonna-wird-neuer-leiter-marketing-am-maz-in-luzern\/#primaryimage","url":"https:\/\/www.markt-kom.com\/wp-content\/uploads\/2025\/02\/Andre-Caradonna.jpg","contentUrl":"https:\/\/www.markt-kom.com\/wp-content\/uploads\/2025\/02\/Andre-Caradonna.jpg"},{"@type":"BreadcrumbList","@id":"https:\/\/www.organisator.ch\/marketing\/2025-02-27\/andre-caradonna-wird-neuer-leiter-marketing-am-maz-in-luzern\/#breadcrumb","itemListElement":[{"@type":"ListItem","position":1,"name":"Home","item":"https:\/\/www.organisator.ch\/"},{"@type":"ListItem","position":2,"name":"Andr\u00e9 Caradonna wird neuer Leiter Marketing am Maz in Luzern"}]},{"@type":"WebSite","@id":"https:\/\/www.organisator.ch\/#website","url":"https:\/\/www.organisator.ch\/","name":"Organizzatore","description":"Competente. Pratico. In 10 numeri all'anno, ORGANISATOR presenta i temi essenziali per i manager delle PMI.","publisher":{"@id":"https:\/\/www.organisator.ch\/#organization"},"potentialAction":[{"@type":"SearchAction","target":{"@type":"EntryPoint","urlTemplate":"https:\/\/www.organisator.ch\/?s={search_term_string}"},"query-input":{"@type":"PropertyValueSpecification","valueRequired":true,"valueName":"search_term_string"}}],"inLanguage":"it-IT"},{"@type":"Organization","@id":"https:\/\/www.organisator.ch\/#organization","name":"Organizzatore","url":"https:\/\/www.organisator.ch\/","logo":{"@type":"ImageObject","inLanguage":"it-IT","@id":"https:\/\/www.organisator.ch\/#\/schema\/logo\/image\/","url":"https:\/\/www.organisator.ch\/wp-content\/uploads\/2022\/01\/Logo_Organisator_Website.png","contentUrl":"https:\/\/www.organisator.ch\/wp-content\/uploads\/2022\/01\/Logo_Organisator_Website.png","width":800,"height":77,"caption":"Organisator"},"image":{"@id":"https:\/\/www.organisator.ch\/#\/schema\/logo\/image\/"},"sameAs":["https:\/\/www.facebook.com\/OrganisatorFachmagazin","https:\/\/www.linkedin.com\/showcase\/organisator-das-magazin-fr-kmu","https:\/\/www.xing.com\/news\/pages\/organisator-ch-695","https:\/\/www.youtube.com\/channel\/UCGP2Sq0iWaZwT3BdIAQFYpw"]},{"@type":"Person","@id":"https:\/\/www.organisator.ch\/#\/schema\/person\/4e51799071cd2dd1232ac003643ef5f0","name":"galledia","image":{"@type":"ImageObject","inLanguage":"it-IT","@id":"https:\/\/secure.gravatar.com\/avatar\/78a7f90c01fc2bfc875782a0d4922b37cde2cf184ce347b91316d23cd7f69a36?s=96&d=mm&r=g","url":"https:\/\/secure.gravatar.com\/avatar\/78a7f90c01fc2bfc875782a0d4922b37cde2cf184ce347b91316d23cd7f69a36?s=96&d=mm&r=g","contentUrl":"https:\/\/secure.gravatar.com\/avatar\/78a7f90c01fc2bfc875782a0d4922b37cde2cf184ce347b91316d23cd7f69a36?s=96&d=mm&r=g","caption":"galledia"},"sameAs":["https:\/\/x.com\/admin"],"url":"https:\/\/www.organisator.ch\/it\/author\/galledia\/"}]}},"_links":{"self":[{"href":"https:\/\/www.organisator.ch\/it\/wp-json\/wp\/v2\/posts\/36431","targetHints":{"allow":["GET"]}}],"collection":[{"href":"https:\/\/www.organisator.ch\/it\/wp-json\/wp\/v2\/posts"}],"about":[{"href":"https:\/\/www.organisator.ch\/it\/wp-json\/wp\/v2\/types\/post"}],"author":[{"embeddable":true,"href":"https:\/\/www.organisator.ch\/it\/wp-json\/wp\/v2\/users\/8"}],"replies":[{"embeddable":true,"href":"https:\/\/www.organisator.ch\/it\/wp-json\/wp\/v2\/comments?post=36431"}],"version-history":[{"count":4,"href":"https:\/\/www.organisator.ch\/it\/wp-json\/wp\/v2\/posts\/36431\/revisions"}],"predecessor-version":[{"id":36491,"href":"https:\/\/www.organisator.ch\/it\/wp-json\/wp\/v2\/posts\/36431\/revisions\/36491"}],"wp:attachment":[{"href":"https:\/\/www.organisator.ch\/it\/wp-json\/wp\/v2\/media?parent=36431"}],"wp:term":[{"taxonomy":"category","embeddable":true,"href":"https:\/\/www.organisator.ch\/it\/wp-json\/wp\/v2\/categories?post=36431"},{"taxonomy":"post_tag","embeddable":true,"href":"https:\/\/www.organisator.ch\/it\/wp-json\/wp\/v2\/tags?post=36431"}],"curies":[{"name":"wp","href":"https:\/\/api.w.org\/{rel}","templated":true}]}}