{"id":36482,"date":"2025-02-28T10:28:48","date_gmt":"2025-02-28T09:28:48","guid":{"rendered":"https:\/\/www.organisator.ch\/?p=36482"},"modified":"2025-02-28T09:28:55","modified_gmt":"2025-02-28T08:28:55","slug":"prix-svc-espace-mittelland-gasser-ceramic-ziegelei-rapperswil-louis-gasser-ag","status":"publish","type":"post","link":"https:\/\/www.organisator.ch\/it\/management\/2025-02-28\/prix-svc-espace-mittelland-gasser-ceramic-ziegelei-rapperswil-louis-gasser-ag\/","title":{"rendered":"Premio SVC Espace Mittelland: Gasser Ceramic - Ziegelei Rapperswil Louis Gasser AG"},"content":{"rendered":"<figure id=\"attachment_36487\" aria-describedby=\"caption-attachment-36487\" style=\"width: 680px\" class=\"wp-caption alignnone\"><img loading=\"lazy\" decoding=\"async\" class=\"size-full wp-image-36487\" src=\"https:\/\/www.organisator.ch\/wp-content\/uploads\/2025\/02\/Gasser-Ceramic_Bild_ps.jpg\" alt=\"\" width=\"680\" height=\"680\" srcset=\"https:\/\/www.organisator.ch\/wp-content\/uploads\/2025\/02\/Gasser-Ceramic_Bild_ps.jpg 680w, https:\/\/www.organisator.ch\/wp-content\/uploads\/2025\/02\/Gasser-Ceramic_Bild_ps-150x150.jpg 150w, https:\/\/www.organisator.ch\/wp-content\/uploads\/2025\/02\/Gasser-Ceramic_Bild_ps-12x12.jpg 12w, https:\/\/www.organisator.ch\/wp-content\/uploads\/2025\/02\/Gasser-Ceramic_Bild_ps-300x300.jpg 300w, https:\/\/www.organisator.ch\/wp-content\/uploads\/2025\/02\/Gasser-Ceramic_Bild_ps-350x350.jpg 350w, https:\/\/www.organisator.ch\/wp-content\/uploads\/2025\/02\/Gasser-Ceramic_Bild_ps-250x250.jpg 250w\" sizes=\"auto, (max-width: 680px) 100vw, 680px\" \/><figcaption id=\"caption-attachment-36487\" class=\"wp-caption-text\">Gasser Ceramic combina l'artigianato tradizionale con la tecnologia pi\u00f9 avanzata, dalle tegole in argilla alle soluzioni fotovoltaiche integrate. (Immagine: Gasser Ceramic \/ www.gasserceramic.ch)<\/figcaption><\/figure>\n<p>Gasser Ceramic \u00e8 un'azienda familiare svizzera con oltre 100 anni di esperienza nella produzione di prodotti in argilla. Dai classici mattoni e tegole alle innovative soluzioni fotovoltaiche, l'azienda combina la tradizione artigianale con la tecnologia pi\u00f9 avanzata. Con circa 200 dipendenti, sei forni e quattro siti produttivi, Gasser Ceramic \u00e8 uno dei produttori leader del settore. L'azienda punta costantemente su qualit\u00e0, sostenibilit\u00e0 e innovazione.<\/p>\n<h3><strong>Da una fabbrica manuale di mattoni a una moderna PMI<\/strong><\/h3>\n<p>La storia di Gasser Ceramic inizia nel 1918, quando Louis Gasser rileva una piccola fabbrica manuale di mattoni e getta le basi dell'azienda odierna. Oggi l'azienda \u00e8 gestita dalla terza generazione, Rudolf e Hans Gasser, mentre la quarta generazione, Julienne Gasser e Lukas Schl\u00e4ppi, \u00e8 gi\u00e0 attivamente coinvolta nell'azienda. Dal 2010, Gasser Ceramic ha formato un gruppo di aziende con diverse sedi, tra cui le fornaci Morandi Fr\u00e8res SA, Tuileries &amp; Briqueteries Bardonnex SA, Ziegelei Sch\u00fcpfen AG, Samof France e Panotron AG. Grazie a questo ampio posizionamento, Gasser Ceramic si \u00e8 sviluppata in un'azienda moderna che combina la tradizione con le pi\u00f9 recenti tecnologie e soddisfa i pi\u00f9 elevati standard di qualit\u00e0.<\/p>\n<h3><strong>Qualit\u00e0 dalla tradizione e dal progresso<\/strong><\/h3>\n<p>Gasser Ceramic sviluppa e produce prodotti in argilla di alta qualit\u00e0, dalle classiche tegole e mattoni in argilla all'innovativo sistema fotovoltaico Panotron. Da generazioni, l'azienda punta al progresso rimanendo fedele ai suoi valori di onest\u00e0 e flessibilit\u00e0. La qualit\u00e0 dei prodotti si basa su un sistema completo di garanzia della qualit\u00e0: dall'analisi accurata delle materie prime ai test finali nei laboratori dell'azienda, ogni fase viene monitorata per garantire gli standard pi\u00f9 elevati. Inoltre, istituti di ricerca e test indipendenti garantiscono una qualit\u00e0 costante.<\/p>\n<h3><strong>La sostenibilit\u00e0 come principio aziendale<\/strong><\/h3>\n<p>Il comportamento sostenibile \u00e8 profondamente radicato nella cultura aziendale di Gasser Ceramic. L'azienda punta su materie prime regionali, percorsi di trasporto brevi e una produzione attenta alle risorse. Dal 2015 riduce costantemente la propria impronta di carbonio, ad esempio utilizzando tecnologie di cottura ad alta efficienza energetica e acquistando certificati di emissione. Un esempio \u00e8 il mattone da forno ad alte prestazioni Capo, prodotto in modo quasi neutrale dal punto di vista climatico. Grazie a materiali di riempimento naturali come la lana minerale o di pecora, contribuisce all'efficienza energetica degli edifici. Gasser Ceramic punta sulla sostenibilit\u00e0 e sull'estetica anche per quanto riguarda il fotovoltaico. Le tegole solari PAN e il modulo solare FIT possono essere integrati in modo discreto nelle superfici dei tetti e offrono una soluzione efficiente per la produzione di energia sostenibile.<\/p>\n<p>L'azienda \u00e8 inoltre impegnata a livello mondiale nella protezione del clima. Acquistando certificati di emissione, Gasser Ceramic sta aiutando una fabbrica di mattoni in Brasile a passare alla biomassa rinnovabile, contribuendo cos\u00ec a ridurre le emissioni e a preservare la biodiversit\u00e0 nella regione.<\/p>\n<p>Con questa costante attenzione alla qualit\u00e0, all'innovazione e alla sostenibilit\u00e0, Gasser Ceramic rimane un partner forte per l'edilizia sostenibile, oggi e in futuro.<\/p>\n<p><em>Ulteriori informazioni: <a href=\"https:\/\/gasserceramic.ch\/\">www.gasserceramic.ch<\/a> \/ <a href=\"https:\/\/svc.swiss\/de\/event\/prix-svc-espace-mittelland-2025\">www.svc.swiss<\/a><\/em><\/p>\n<blockquote>\n<h3>Premio SVC Espace Mittelland 2025<\/h3>\n<p>La cerimonia di premiazione si terr\u00e0 mercoled\u00ec 12 marzo 2025 al Kursaal di Berna. Sono attesi circa 1.300 ospiti provenienti dal mondo dell'economia, della scienza, della politica e della cultura. Il Prix SVC Espace Mittelland \u00e8 stato assegnato per la prima volta nel 2003 e il 2025 sar\u00e0 la quindicesima edizione. <a href=\"https:\/\/svc.swiss\/sites\/default\/files\/2025-01\/online_svc_leporello_a5_espacemittelland.pdf\">Ulteriori informazioni.<\/a><\/p>\n<\/blockquote>","protected":false},"excerpt":{"rendered":"<p>Il 12 marzo 2025 verr\u00e0 assegnato per la quindicesima volta il Prix SVC Espace Mittelland. Uno dei finalisti \u00e8 Gasser Ceramic, con sede a Rapperswil BE. Un breve ritratto di questa tradizionale azienda familiare, che sviluppa e produce prodotti in argilla di alta qualit\u00e0 per l'edilizia sostenibile.<\/p>","protected":false},"author":80,"featured_media":36487,"comment_status":"closed","ping_status":"closed","sticky":false,"template":"","format":"standard","meta":{"_acf_changed":false,"_yoast_wpseo_focuskw":"Gasser Ceramic","_yoast_wpseo_metadesc":"Gasser Ceramic ist Finalist beim Prix SVC 2025. Das Familienunternehmen kombiniert Tradition mit Innovation f\u00fcr nachhaltiges Bauen.","articlekey":"","footnotes":""},"categories":[28],"tags":[66,1787,391,492,5136],"class_list":["post-36482","post","type-post","status-publish","format-standard","has-post-thumbnail","hentry","category-management","tag-awards","tag-nachhaltigkeit","tag-prix-svc-espace-mittelland","tag-unternehmen","tag-ziegelei"],"acf":[],"yoast_head":"<!-- This site is optimized with the Yoast SEO plugin v27.5 - https:\/\/yoast.com\/product\/yoast-seo-wordpress\/ -->\n<title>Prix SVC Espace Mittelland: Gasser Ceramic - Ziegelei Rapperswil Louis Gasser AG - Organisator<\/title>\n<meta name=\"description\" content=\"Gasser Ceramic ist Finalist beim Prix SVC 2025. Das Familienunternehmen kombiniert Tradition mit Innovation f\u00fcr nachhaltiges Bauen.\" \/>\n<meta name=\"robots\" content=\"index, follow, max-snippet:-1, max-image-preview:large, max-video-preview:-1\" \/>\n<link rel=\"canonical\" href=\"https:\/\/www.organisator.ch\/it\/gestione-2\/2025-02-28\/prix-svc-espace-mittelland-gasser-ceramic-ziegelei-rapperswil-louis-gasser-ag\/\" \/>\n<meta property=\"og:locale\" content=\"it_IT\" \/>\n<meta property=\"og:type\" content=\"article\" \/>\n<meta property=\"og:title\" content=\"Gasser Ceramic ist Prix SVC 2025 Finalist\" \/>\n<meta property=\"og:description\" content=\"Gasser Ceramic ist Finalist beim Prix SVC 2025. Das Familienunternehmen kombiniert Tradition mit Innovation f\u00fcr nachhaltiges Bauen.\" \/>\n<meta property=\"og:url\" content=\"https:\/\/www.organisator.ch\/it\/gestione-2\/2025-02-28\/prix-svc-espace-mittelland-gasser-ceramic-ziegelei-rapperswil-louis-gasser-ag\/\" \/>\n<meta property=\"og:site_name\" content=\"Organisator\" \/>\n<meta property=\"article:publisher\" content=\"https:\/\/www.facebook.com\/OrganisatorFachmagazin\" \/>\n<meta property=\"article:published_time\" content=\"2025-02-28T09:28:48+00:00\" \/>\n<meta property=\"og:image\" content=\"https:\/\/www.organisator.ch\/wp-content\/uploads\/2025\/02\/Gasser-Ceramic_Bild_ps.jpg\" \/>\n\t<meta property=\"og:image:width\" content=\"680\" \/>\n\t<meta property=\"og:image:height\" content=\"680\" \/>\n\t<meta property=\"og:image:type\" content=\"image\/jpeg\" \/>\n<meta name=\"author\" content=\"Dzana Muminovic\" \/>\n<meta name=\"twitter:card\" content=\"summary_large_image\" \/>\n<meta name=\"twitter:title\" content=\"Gasser Ceramic ist Prix SVC 2025 Finalist\" \/>\n<meta name=\"twitter:description\" content=\"#Gasser #Ceramic ist #Finalist beim #Prix #SVC 2025. Das #Familienunternehmen kombiniert #Tradition mit #Innovation f\u00fcr nachhaltiges #Bauen.\" \/>\n<meta name=\"twitter:image\" content=\"https:\/\/www.organisator.ch\/wp-content\/uploads\/2025\/02\/Gasser-Ceramic_Bild_ps.jpg\" \/>\n<script type=\"application\/ld+json\" class=\"yoast-schema-graph\">{\"@context\":\"https:\\\/\\\/schema.org\",\"@graph\":[{\"@type\":\"Article\",\"@id\":\"https:\\\/\\\/www.organisator.ch\\\/management\\\/2025-02-28\\\/prix-svc-espace-mittelland-gasser-ceramic-ziegelei-rapperswil-louis-gasser-ag\\\/#article\",\"isPartOf\":{\"@id\":\"https:\\\/\\\/www.organisator.ch\\\/management\\\/2025-02-28\\\/prix-svc-espace-mittelland-gasser-ceramic-ziegelei-rapperswil-louis-gasser-ag\\\/\"},\"author\":{\"name\":\"Dzana Muminovic\",\"@id\":\"https:\\\/\\\/www.organisator.ch\\\/#\\\/schema\\\/person\\\/afccda3a71c06d4be2ed9100dd163db7\"},\"headline\":\"Prix SVC Espace Mittelland: Gasser Ceramic &#8211; Ziegelei Rapperswil Louis Gasser AG\",\"datePublished\":\"2025-02-28T09:28:48+00:00\",\"mainEntityOfPage\":{\"@id\":\"https:\\\/\\\/www.organisator.ch\\\/management\\\/2025-02-28\\\/prix-svc-espace-mittelland-gasser-ceramic-ziegelei-rapperswil-louis-gasser-ag\\\/\"},\"wordCount\":559,\"publisher\":{\"@id\":\"https:\\\/\\\/www.organisator.ch\\\/#organization\"},\"image\":{\"@id\":\"https:\\\/\\\/www.organisator.ch\\\/management\\\/2025-02-28\\\/prix-svc-espace-mittelland-gasser-ceramic-ziegelei-rapperswil-louis-gasser-ag\\\/#primaryimage\"},\"thumbnailUrl\":\"https:\\\/\\\/www.organisator.ch\\\/wp-content\\\/uploads\\\/2025\\\/02\\\/Gasser-Ceramic_Bild_ps.jpg\",\"keywords\":[\"Awards\",\"Nachhaltigkeit\",\"Prix SVC Espace Mittelland\",\"Unternehmen\",\"Ziegelei\"],\"articleSection\":[\"MANAGEMENT\"],\"inLanguage\":\"it-IT\"},{\"@type\":\"WebPage\",\"@id\":\"https:\\\/\\\/www.organisator.ch\\\/management\\\/2025-02-28\\\/prix-svc-espace-mittelland-gasser-ceramic-ziegelei-rapperswil-louis-gasser-ag\\\/\",\"url\":\"https:\\\/\\\/www.organisator.ch\\\/management\\\/2025-02-28\\\/prix-svc-espace-mittelland-gasser-ceramic-ziegelei-rapperswil-louis-gasser-ag\\\/\",\"name\":\"Prix SVC Espace Mittelland: Gasser Ceramic - Ziegelei Rapperswil Louis Gasser AG - Organisator\",\"isPartOf\":{\"@id\":\"https:\\\/\\\/www.organisator.ch\\\/#website\"},\"primaryImageOfPage\":{\"@id\":\"https:\\\/\\\/www.organisator.ch\\\/management\\\/2025-02-28\\\/prix-svc-espace-mittelland-gasser-ceramic-ziegelei-rapperswil-louis-gasser-ag\\\/#primaryimage\"},\"image\":{\"@id\":\"https:\\\/\\\/www.organisator.ch\\\/management\\\/2025-02-28\\\/prix-svc-espace-mittelland-gasser-ceramic-ziegelei-rapperswil-louis-gasser-ag\\\/#primaryimage\"},\"thumbnailUrl\":\"https:\\\/\\\/www.organisator.ch\\\/wp-content\\\/uploads\\\/2025\\\/02\\\/Gasser-Ceramic_Bild_ps.jpg\",\"datePublished\":\"2025-02-28T09:28:48+00:00\",\"description\":\"Gasser Ceramic ist Finalist beim Prix SVC 2025. Das Familienunternehmen kombiniert Tradition mit Innovation f\u00fcr nachhaltiges Bauen.\",\"breadcrumb\":{\"@id\":\"https:\\\/\\\/www.organisator.ch\\\/management\\\/2025-02-28\\\/prix-svc-espace-mittelland-gasser-ceramic-ziegelei-rapperswil-louis-gasser-ag\\\/#breadcrumb\"},\"inLanguage\":\"it-IT\",\"potentialAction\":[{\"@type\":\"ReadAction\",\"target\":[\"https:\\\/\\\/www.organisator.ch\\\/management\\\/2025-02-28\\\/prix-svc-espace-mittelland-gasser-ceramic-ziegelei-rapperswil-louis-gasser-ag\\\/\"]}]},{\"@type\":\"ImageObject\",\"inLanguage\":\"it-IT\",\"@id\":\"https:\\\/\\\/www.organisator.ch\\\/management\\\/2025-02-28\\\/prix-svc-espace-mittelland-gasser-ceramic-ziegelei-rapperswil-louis-gasser-ag\\\/#primaryimage\",\"url\":\"https:\\\/\\\/www.organisator.ch\\\/wp-content\\\/uploads\\\/2025\\\/02\\\/Gasser-Ceramic_Bild_ps.jpg\",\"contentUrl\":\"https:\\\/\\\/www.organisator.ch\\\/wp-content\\\/uploads\\\/2025\\\/02\\\/Gasser-Ceramic_Bild_ps.jpg\",\"width\":680,\"height\":680,\"caption\":\"Gasser Ceramic kombiniert traditionelles Handwerk mit modernster Technologie \u2013 von Tondachziegeln bis zu integrierten Photovoltaik-L\u00f6sungen. (Bild: Gasser Ceramic \\\/ www.gasserceramic.ch)\"},{\"@type\":\"BreadcrumbList\",\"@id\":\"https:\\\/\\\/www.organisator.ch\\\/management\\\/2025-02-28\\\/prix-svc-espace-mittelland-gasser-ceramic-ziegelei-rapperswil-louis-gasser-ag\\\/#breadcrumb\",\"itemListElement\":[{\"@type\":\"ListItem\",\"position\":1,\"name\":\"Home\",\"item\":\"https:\\\/\\\/www.organisator.ch\\\/\"},{\"@type\":\"ListItem\",\"position\":2,\"name\":\"Prix SVC Espace Mittelland: Gasser Ceramic &#8211; Ziegelei Rapperswil Louis Gasser AG\"}]},{\"@type\":\"WebSite\",\"@id\":\"https:\\\/\\\/www.organisator.ch\\\/#website\",\"url\":\"https:\\\/\\\/www.organisator.ch\\\/\",\"name\":\"Organisator\",\"description\":\"Kompetent. Praxisnah. Der ORGANISATOR bereitet in 10 Ausgaben pro Jahr die wesentlichen Themen f\u00fcr F\u00fchrungskr\u00e4fte von KMU auf.\",\"publisher\":{\"@id\":\"https:\\\/\\\/www.organisator.ch\\\/#organization\"},\"potentialAction\":[{\"@type\":\"SearchAction\",\"target\":{\"@type\":\"EntryPoint\",\"urlTemplate\":\"https:\\\/\\\/www.organisator.ch\\\/?s={search_term_string}\"},\"query-input\":{\"@type\":\"PropertyValueSpecification\",\"valueRequired\":true,\"valueName\":\"search_term_string\"}}],\"inLanguage\":\"it-IT\"},{\"@type\":\"Organization\",\"@id\":\"https:\\\/\\\/www.organisator.ch\\\/#organization\",\"name\":\"Organisator\",\"url\":\"https:\\\/\\\/www.organisator.ch\\\/\",\"logo\":{\"@type\":\"ImageObject\",\"inLanguage\":\"it-IT\",\"@id\":\"https:\\\/\\\/www.organisator.ch\\\/#\\\/schema\\\/logo\\\/image\\\/\",\"url\":\"https:\\\/\\\/www.organisator.ch\\\/wp-content\\\/uploads\\\/2022\\\/01\\\/Logo_Organisator_Website.png\",\"contentUrl\":\"https:\\\/\\\/www.organisator.ch\\\/wp-content\\\/uploads\\\/2022\\\/01\\\/Logo_Organisator_Website.png\",\"width\":800,\"height\":77,\"caption\":\"Organisator\"},\"image\":{\"@id\":\"https:\\\/\\\/www.organisator.ch\\\/#\\\/schema\\\/logo\\\/image\\\/\"},\"sameAs\":[\"https:\\\/\\\/www.facebook.com\\\/OrganisatorFachmagazin\",\"https:\\\/\\\/www.linkedin.com\\\/showcase\\\/organisator-das-magazin-fr-kmu\",\"https:\\\/\\\/www.xing.com\\\/news\\\/pages\\\/organisator-ch-695\",\"https:\\\/\\\/www.youtube.com\\\/channel\\\/UCGP2Sq0iWaZwT3BdIAQFYpw\"]},{\"@type\":\"Person\",\"@id\":\"https:\\\/\\\/www.organisator.ch\\\/#\\\/schema\\\/person\\\/afccda3a71c06d4be2ed9100dd163db7\",\"name\":\"Dzana Muminovic\",\"image\":{\"@type\":\"ImageObject\",\"inLanguage\":\"it-IT\",\"@id\":\"https:\\\/\\\/secure.gravatar.com\\\/avatar\\\/909c5c71aff4b38e88686f2ab2f1ba152571f394f41ed8bae431ea56ced93050?s=96&d=mm&r=g\",\"url\":\"https:\\\/\\\/secure.gravatar.com\\\/avatar\\\/909c5c71aff4b38e88686f2ab2f1ba152571f394f41ed8bae431ea56ced93050?s=96&d=mm&r=g\",\"contentUrl\":\"https:\\\/\\\/secure.gravatar.com\\\/avatar\\\/909c5c71aff4b38e88686f2ab2f1ba152571f394f41ed8bae431ea56ced93050?s=96&d=mm&r=g\",\"caption\":\"Dzana Muminovic\"},\"url\":\"https:\\\/\\\/www.organisator.ch\\\/it\\\/author\\\/dzana-muminovic\\\/\"}]}<\/script>\n<!-- \/ Yoast SEO plugin. -->","yoast_head_json":{"title":"Premio SVC Espace Mittelland: Gasser Ceramic - Brickworks Rapperswil Louis Gasser AG - Organizzatore","description":"Gasser Ceramic \u00e8 finalista del Prix SVC 2025. L'azienda a conduzione familiare unisce tradizione e innovazione per un'edilizia sostenibile.","robots":{"index":"index","follow":"follow","max-snippet":"max-snippet:-1","max-image-preview":"max-image-preview:large","max-video-preview":"max-video-preview:-1"},"canonical":"https:\/\/www.organisator.ch\/it\/gestione-2\/2025-02-28\/prix-svc-espace-mittelland-gasser-ceramic-ziegelei-rapperswil-louis-gasser-ag\/","og_locale":"it_IT","og_type":"article","og_title":"Gasser Ceramic ist Prix SVC 2025 Finalist","og_description":"Gasser Ceramic ist Finalist beim Prix SVC 2025. Das Familienunternehmen kombiniert Tradition mit Innovation f\u00fcr nachhaltiges Bauen.","og_url":"https:\/\/www.organisator.ch\/it\/gestione-2\/2025-02-28\/prix-svc-espace-mittelland-gasser-ceramic-ziegelei-rapperswil-louis-gasser-ag\/","og_site_name":"Organisator","article_publisher":"https:\/\/www.facebook.com\/OrganisatorFachmagazin","article_published_time":"2025-02-28T09:28:48+00:00","og_image":[{"width":680,"height":680,"url":"https:\/\/www.organisator.ch\/wp-content\/uploads\/2025\/02\/Gasser-Ceramic_Bild_ps.jpg","type":"image\/jpeg"}],"author":"Dzana Muminovic","twitter_card":"summary_large_image","twitter_title":"Gasser Ceramic ist Prix SVC 2025 Finalist","twitter_description":"#Gasser #Ceramic ist #Finalist beim #Prix #SVC 2025. Das #Familienunternehmen kombiniert #Tradition mit #Innovation f\u00fcr nachhaltiges #Bauen.","twitter_image":"https:\/\/www.organisator.ch\/wp-content\/uploads\/2025\/02\/Gasser-Ceramic_Bild_ps.jpg","schema":{"@context":"https:\/\/schema.org","@graph":[{"@type":"Article","@id":"https:\/\/www.organisator.ch\/management\/2025-02-28\/prix-svc-espace-mittelland-gasser-ceramic-ziegelei-rapperswil-louis-gasser-ag\/#article","isPartOf":{"@id":"https:\/\/www.organisator.ch\/management\/2025-02-28\/prix-svc-espace-mittelland-gasser-ceramic-ziegelei-rapperswil-louis-gasser-ag\/"},"author":{"name":"Dzana Muminovic","@id":"https:\/\/www.organisator.ch\/#\/schema\/person\/afccda3a71c06d4be2ed9100dd163db7"},"headline":"Prix SVC Espace Mittelland: Gasser Ceramic &#8211; Ziegelei Rapperswil Louis Gasser AG","datePublished":"2025-02-28T09:28:48+00:00","mainEntityOfPage":{"@id":"https:\/\/www.organisator.ch\/management\/2025-02-28\/prix-svc-espace-mittelland-gasser-ceramic-ziegelei-rapperswil-louis-gasser-ag\/"},"wordCount":559,"publisher":{"@id":"https:\/\/www.organisator.ch\/#organization"},"image":{"@id":"https:\/\/www.organisator.ch\/management\/2025-02-28\/prix-svc-espace-mittelland-gasser-ceramic-ziegelei-rapperswil-louis-gasser-ag\/#primaryimage"},"thumbnailUrl":"https:\/\/www.organisator.ch\/wp-content\/uploads\/2025\/02\/Gasser-Ceramic_Bild_ps.jpg","keywords":["Awards","Nachhaltigkeit","Prix SVC Espace Mittelland","Unternehmen","Ziegelei"],"articleSection":["MANAGEMENT"],"inLanguage":"it-IT"},{"@type":"WebPage","@id":"https:\/\/www.organisator.ch\/management\/2025-02-28\/prix-svc-espace-mittelland-gasser-ceramic-ziegelei-rapperswil-louis-gasser-ag\/","url":"https:\/\/www.organisator.ch\/management\/2025-02-28\/prix-svc-espace-mittelland-gasser-ceramic-ziegelei-rapperswil-louis-gasser-ag\/","name":"Premio SVC Espace Mittelland: Gasser Ceramic - Brickworks Rapperswil Louis Gasser AG - Organizzatore","isPartOf":{"@id":"https:\/\/www.organisator.ch\/#website"},"primaryImageOfPage":{"@id":"https:\/\/www.organisator.ch\/management\/2025-02-28\/prix-svc-espace-mittelland-gasser-ceramic-ziegelei-rapperswil-louis-gasser-ag\/#primaryimage"},"image":{"@id":"https:\/\/www.organisator.ch\/management\/2025-02-28\/prix-svc-espace-mittelland-gasser-ceramic-ziegelei-rapperswil-louis-gasser-ag\/#primaryimage"},"thumbnailUrl":"https:\/\/www.organisator.ch\/wp-content\/uploads\/2025\/02\/Gasser-Ceramic_Bild_ps.jpg","datePublished":"2025-02-28T09:28:48+00:00","description":"Gasser Ceramic \u00e8 finalista del Prix SVC 2025. L'azienda a conduzione familiare unisce tradizione e innovazione per un'edilizia sostenibile.","breadcrumb":{"@id":"https:\/\/www.organisator.ch\/management\/2025-02-28\/prix-svc-espace-mittelland-gasser-ceramic-ziegelei-rapperswil-louis-gasser-ag\/#breadcrumb"},"inLanguage":"it-IT","potentialAction":[{"@type":"ReadAction","target":["https:\/\/www.organisator.ch\/management\/2025-02-28\/prix-svc-espace-mittelland-gasser-ceramic-ziegelei-rapperswil-louis-gasser-ag\/"]}]},{"@type":"ImageObject","inLanguage":"it-IT","@id":"https:\/\/www.organisator.ch\/management\/2025-02-28\/prix-svc-espace-mittelland-gasser-ceramic-ziegelei-rapperswil-louis-gasser-ag\/#primaryimage","url":"https:\/\/www.organisator.ch\/wp-content\/uploads\/2025\/02\/Gasser-Ceramic_Bild_ps.jpg","contentUrl":"https:\/\/www.organisator.ch\/wp-content\/uploads\/2025\/02\/Gasser-Ceramic_Bild_ps.jpg","width":680,"height":680,"caption":"Gasser Ceramic kombiniert traditionelles Handwerk mit modernster Technologie \u2013 von Tondachziegeln bis zu integrierten Photovoltaik-L\u00f6sungen. (Bild: Gasser Ceramic \/ www.gasserceramic.ch)"},{"@type":"BreadcrumbList","@id":"https:\/\/www.organisator.ch\/management\/2025-02-28\/prix-svc-espace-mittelland-gasser-ceramic-ziegelei-rapperswil-louis-gasser-ag\/#breadcrumb","itemListElement":[{"@type":"ListItem","position":1,"name":"Home","item":"https:\/\/www.organisator.ch\/"},{"@type":"ListItem","position":2,"name":"Prix SVC Espace Mittelland: Gasser Ceramic &#8211; Ziegelei Rapperswil Louis Gasser AG"}]},{"@type":"WebSite","@id":"https:\/\/www.organisator.ch\/#website","url":"https:\/\/www.organisator.ch\/","name":"Organizzatore","description":"Competente. Pratico. In 10 numeri all'anno, ORGANISATOR presenta i temi essenziali per i manager delle PMI.","publisher":{"@id":"https:\/\/www.organisator.ch\/#organization"},"potentialAction":[{"@type":"SearchAction","target":{"@type":"EntryPoint","urlTemplate":"https:\/\/www.organisator.ch\/?s={search_term_string}"},"query-input":{"@type":"PropertyValueSpecification","valueRequired":true,"valueName":"search_term_string"}}],"inLanguage":"it-IT"},{"@type":"Organization","@id":"https:\/\/www.organisator.ch\/#organization","name":"Organizzatore","url":"https:\/\/www.organisator.ch\/","logo":{"@type":"ImageObject","inLanguage":"it-IT","@id":"https:\/\/www.organisator.ch\/#\/schema\/logo\/image\/","url":"https:\/\/www.organisator.ch\/wp-content\/uploads\/2022\/01\/Logo_Organisator_Website.png","contentUrl":"https:\/\/www.organisator.ch\/wp-content\/uploads\/2022\/01\/Logo_Organisator_Website.png","width":800,"height":77,"caption":"Organisator"},"image":{"@id":"https:\/\/www.organisator.ch\/#\/schema\/logo\/image\/"},"sameAs":["https:\/\/www.facebook.com\/OrganisatorFachmagazin","https:\/\/www.linkedin.com\/showcase\/organisator-das-magazin-fr-kmu","https:\/\/www.xing.com\/news\/pages\/organisator-ch-695","https:\/\/www.youtube.com\/channel\/UCGP2Sq0iWaZwT3BdIAQFYpw"]},{"@type":"Person","@id":"https:\/\/www.organisator.ch\/#\/schema\/person\/afccda3a71c06d4be2ed9100dd163db7","name":"Dzana Muminovic","image":{"@type":"ImageObject","inLanguage":"it-IT","@id":"https:\/\/secure.gravatar.com\/avatar\/909c5c71aff4b38e88686f2ab2f1ba152571f394f41ed8bae431ea56ced93050?s=96&d=mm&r=g","url":"https:\/\/secure.gravatar.com\/avatar\/909c5c71aff4b38e88686f2ab2f1ba152571f394f41ed8bae431ea56ced93050?s=96&d=mm&r=g","contentUrl":"https:\/\/secure.gravatar.com\/avatar\/909c5c71aff4b38e88686f2ab2f1ba152571f394f41ed8bae431ea56ced93050?s=96&d=mm&r=g","caption":"Dzana Muminovic"},"url":"https:\/\/www.organisator.ch\/it\/author\/dzana-muminovic\/"}]}},"_links":{"self":[{"href":"https:\/\/www.organisator.ch\/it\/wp-json\/wp\/v2\/posts\/36482","targetHints":{"allow":["GET"]}}],"collection":[{"href":"https:\/\/www.organisator.ch\/it\/wp-json\/wp\/v2\/posts"}],"about":[{"href":"https:\/\/www.organisator.ch\/it\/wp-json\/wp\/v2\/types\/post"}],"author":[{"embeddable":true,"href":"https:\/\/www.organisator.ch\/it\/wp-json\/wp\/v2\/users\/80"}],"replies":[{"embeddable":true,"href":"https:\/\/www.organisator.ch\/it\/wp-json\/wp\/v2\/comments?post=36482"}],"version-history":[{"count":5,"href":"https:\/\/www.organisator.ch\/it\/wp-json\/wp\/v2\/posts\/36482\/revisions"}],"predecessor-version":[{"id":36553,"href":"https:\/\/www.organisator.ch\/it\/wp-json\/wp\/v2\/posts\/36482\/revisions\/36553"}],"wp:featuredmedia":[{"embeddable":true,"href":"https:\/\/www.organisator.ch\/it\/wp-json\/wp\/v2\/media\/36487"}],"wp:attachment":[{"href":"https:\/\/www.organisator.ch\/it\/wp-json\/wp\/v2\/media?parent=36482"}],"wp:term":[{"taxonomy":"category","embeddable":true,"href":"https:\/\/www.organisator.ch\/it\/wp-json\/wp\/v2\/categories?post=36482"},{"taxonomy":"post_tag","embeddable":true,"href":"https:\/\/www.organisator.ch\/it\/wp-json\/wp\/v2\/tags?post=36482"}],"curies":[{"name":"wp","href":"https:\/\/api.w.org\/{rel}","templated":true}]}}